{"id":80159,"date":"2025-03-11T10:19:07","date_gmt":"2025-03-11T09:19:07","guid":{"rendered":"https:\/\/lightweb.dev\/l\/svm-temp\/?p=80159"},"modified":"2025-03-11T10:21:34","modified_gmt":"2025-03-11T09:21:34","slug":"regionregeringen-subventionerar-nyproduktion-av-hyresratter","status":"publish","type":"post","link":"https:\/\/lightweb.dev\/l\/svm-temp\/nyheter\/regionregeringen-subventionerar-nyproduktion-av-hyresratter\/","title":{"rendered":"Regionregeringen subventionerar nyproduktion av hyresr\u00e4tter"},"content":{"rendered":"<p><strong>Den andalusiska regeringen har inf\u00f6rt en omarbetad bostadslag d\u00e4r offentliga och privata byggherrar f\u00e5r subventioner f\u00f6r nyproduktion av skyddade hyresbost\u00e4der till ett \u00f6verkomligt pris.<\/strong><\/p>\n<p>Ans\u00f6kningstiden f\u00f6r detta st\u00f6d som \u00e4r en del av bostadsprogrammet \u00e4r fr\u00e5n nu \u00f6ppen.<\/p>\n<p>Initiativet fr\u00e5n regionregeringen beror p\u00e5 att det r\u00e5der brist p\u00e5 bost\u00e4der f\u00f6r ett \u00f6verkomligt pris. Bostadsbest\u00e5ndet m\u00e5ste \u00f6ka och nybyggnationen ta fart varf\u00f6r dekretet \u201dLag om br\u00e5dskande \u00e5tg\u00e4rder\u201d ska \u00f6ka utbudet av bost\u00e4der till rimliga priser under en 20-\u00e5rsperiod.<\/p>\n<p>Utvecklingsr\u00e5det Roc\u00edo D\u00edaz \u00e4r detta en f\u00f6rsta \u00e5tg\u00e4rd som ska stimulera nyproduktion av hyresbost\u00e4der och fungera som en h\u00e4vst\u00e5ng f\u00f6r att ut\u00f6ka utbudet av skyddade bost\u00e4der i Andalusien till fr\u00e4mst \u00e4ldre och funktionshindrade.<\/p>\n<p>Regionpresidenten Juanma Moreno uppmanar byggherrar och kommuner att p\u00e5skynda utvecklingen av stadsplanen och godk\u00e4nna mark f\u00f6r att bygga.<\/p>\n<p>Den regionala andalusiska regeringen har tidigare beviljat subventioner p\u00e5 311 miljoner euro till offentliga och privata byggherrar vilket har medf\u00f6rt att 7.000 skyddade hyresbost\u00e4der har byggts.<\/p>\n","protected":false},"excerpt":{"rendered":"<p>Den andalusiska regeringen har inf\u00f6rt en omarbetad bostadslag d\u00e4r offentliga och privata byggherrar f\u00e5r subventioner f\u00f6r nyproduktion av skyddade hyresbost\u00e4der till ett \u00f6verkomligt pris&#8230;<\/p>\n","protected":false},"author":7,"featured_media":80158,"comment_status":"closed","ping_status":"closed","sticky":false,"template":"","format":"standard","meta":{"_et_pb_use_builder":"","_et_pb_old_content":"","_et_gb_content_width":"","footnotes":""},"categories":[395,3],"tags":[],"class_list":["post-80159","post","type-post","status-publish","format-standard","has-post-thumbnail","hentry","category-arkiv-nyheter","category-nyheter"],"yoast_head":"<!-- This site is optimized with the Yoast SEO Premium plugin v26.2 (Yoast SEO v27.4) - https:\/\/yoast.com\/product\/yoast-seo-premium-wordpress\/ -->\n<title>Regionregeringen subventionerar nyproduktion av hyresr\u00e4tter - Svenska Magasinet<\/title>\n<meta name=\"robots\" content=\"noindex, follow, max-snippet:-1, max-image-preview:large, max-video-preview:-1\" \/>\n<meta property=\"og:locale\" content=\"sv_SE\" \/>\n<meta property=\"og:type\" content=\"article\" \/>\n<meta property=\"og:title\" content=\"Regionregeringen subventionerar nyproduktion av hyresr\u00e4tter\" \/>\n<meta property=\"og:description\" content=\"Den andalusiska regeringen har inf\u00f6rt en omarbetad bostadslag d\u00e4r offentliga och privata byggherrar f\u00e5r subventioner f\u00f6r nyproduktion av skyddade hyresbost\u00e4der till ett \u00f6verkomligt pris...\" \/>\n<meta property=\"og:url\" content=\"https:\/\/lightweb.dev\/l\/svm-temp\/nyheter\/naringsliv\/regionregeringen-subventionerar-nyproduktion-av-hyresratter\/\" \/>\n<meta property=\"og:site_name\" content=\"Svenska Magasinet\" \/>\n<meta property=\"article:publisher\" content=\"https:\/\/www.facebook.com\/svenskamagasinet\" \/>\n<meta property=\"article:published_time\" content=\"2025-03-11T09:19:07+00:00\" \/>\n<meta property=\"article:modified_time\" content=\"2025-03-11T09:21:34+00:00\" \/>\n<meta property=\"og:image\" content=\"https:\/\/lightweb.dev\/l\/svm-temp\/wp-content\/uploads\/2025\/03\/svm20250311091639.webp\" \/>\n\t<meta property=\"og:image:width\" content=\"900\" \/>\n\t<meta property=\"og:image:height\" content=\"400\" \/>\n\t<meta property=\"og:image:type\" content=\"image\/webp\" \/>\n<meta name=\"author\" content=\"Ola Josefsson\" \/>\n<meta name=\"twitter:card\" content=\"summary_large_image\" \/>\n<meta name=\"twitter:creator\" content=\"@SvenskaMagasine\" \/>\n<meta name=\"twitter:site\" content=\"@SvenskaMagasine\" \/>\n<script type=\"application\/ld+json\" class=\"yoast-schema-graph\">{\"@context\":\"https:\\\/\\\/schema.org\",\"@graph\":[{\"@type\":\"Article\",\"@id\":\"https:\\\/\\\/lightweb.dev\\\/l\\\/svm-temp\\\/nyheter\\\/naringsliv\\\/regionregeringen-subventionerar-nyproduktion-av-hyresratter\\\/#article\",\"isPartOf\":{\"@id\":\"https:\\\/\\\/lightweb.dev\\\/l\\\/svm-temp\\\/nyheter\\\/naringsliv\\\/regionregeringen-subventionerar-nyproduktion-av-hyresratter\\\/\"},\"author\":{\"name\":\"Ola Josefsson\",\"@id\":\"https:\\\/\\\/lightweb.dev\\\/l\\\/svm-temp\\\/#\\\/schema\\\/person\\\/7a82b8a73d171d32360a564b6d03508e\"},\"headline\":\"Regionregeringen subventionerar nyproduktion av hyresr\u00e4tter\",\"datePublished\":\"2025-03-11T09:19:07+00:00\",\"dateModified\":\"2025-03-11T09:21:34+00:00\",\"mainEntityOfPage\":{\"@id\":\"https:\\\/\\\/lightweb.dev\\\/l\\\/svm-temp\\\/nyheter\\\/naringsliv\\\/regionregeringen-subventionerar-nyproduktion-av-hyresratter\\\/\"},\"wordCount\":195,\"publisher\":{\"@id\":\"https:\\\/\\\/lightweb.dev\\\/l\\\/svm-temp\\\/#organization\"},\"image\":{\"@id\":\"https:\\\/\\\/lightweb.dev\\\/l\\\/svm-temp\\\/nyheter\\\/naringsliv\\\/regionregeringen-subventionerar-nyproduktion-av-hyresratter\\\/#primaryimage\"},\"thumbnailUrl\":\"https:\\\/\\\/lightweb.dev\\\/l\\\/svm-temp\\\/wp-content\\\/uploads\\\/2025\\\/03\\\/svm20250311091639.webp\",\"articleSection\":[\"Arkiv\",\"Nyheter\"],\"inLanguage\":\"sv-SE\"},{\"@type\":\"WebPage\",\"@id\":\"https:\\\/\\\/lightweb.dev\\\/l\\\/svm-temp\\\/nyheter\\\/naringsliv\\\/regionregeringen-subventionerar-nyproduktion-av-hyresratter\\\/\",\"url\":\"https:\\\/\\\/lightweb.dev\\\/l\\\/svm-temp\\\/nyheter\\\/naringsliv\\\/regionregeringen-subventionerar-nyproduktion-av-hyresratter\\\/\",\"name\":\"Regionregeringen subventionerar nyproduktion av hyresr\u00e4tter - Svenska Magasinet\",\"isPartOf\":{\"@id\":\"https:\\\/\\\/lightweb.dev\\\/l\\\/svm-temp\\\/#website\"},\"primaryImageOfPage\":{\"@id\":\"https:\\\/\\\/lightweb.dev\\\/l\\\/svm-temp\\\/nyheter\\\/naringsliv\\\/regionregeringen-subventionerar-nyproduktion-av-hyresratter\\\/#primaryimage\"},\"image\":{\"@id\":\"https:\\\/\\\/lightweb.dev\\\/l\\\/svm-temp\\\/nyheter\\\/naringsliv\\\/regionregeringen-subventionerar-nyproduktion-av-hyresratter\\\/#primaryimage\"},\"thumbnailUrl\":\"https:\\\/\\\/lightweb.dev\\\/l\\\/svm-temp\\\/wp-content\\\/uploads\\\/2025\\\/03\\\/svm20250311091639.webp\",\"datePublished\":\"2025-03-11T09:19:07+00:00\",\"dateModified\":\"2025-03-11T09:21:34+00:00\",\"breadcrumb\":{\"@id\":\"https:\\\/\\\/lightweb.dev\\\/l\\\/svm-temp\\\/nyheter\\\/naringsliv\\\/regionregeringen-subventionerar-nyproduktion-av-hyresratter\\\/#breadcrumb\"},\"inLanguage\":\"sv-SE\",\"potentialAction\":[{\"@type\":\"ReadAction\",\"target\":[\"https:\\\/\\\/lightweb.dev\\\/l\\\/svm-temp\\\/nyheter\\\/naringsliv\\\/regionregeringen-subventionerar-nyproduktion-av-hyresratter\\\/\"]}]},{\"@type\":\"ImageObject\",\"inLanguage\":\"sv-SE\",\"@id\":\"https:\\\/\\\/lightweb.dev\\\/l\\\/svm-temp\\\/nyheter\\\/naringsliv\\\/regionregeringen-subventionerar-nyproduktion-av-hyresratter\\\/#primaryimage\",\"url\":\"https:\\\/\\\/lightweb.dev\\\/l\\\/svm-temp\\\/wp-content\\\/uploads\\\/2025\\\/03\\\/svm20250311091639.webp\",\"contentUrl\":\"https:\\\/\\\/lightweb.dev\\\/l\\\/svm-temp\\\/wp-content\\\/uploads\\\/2025\\\/03\\\/svm20250311091639.webp\",\"width\":900,\"height\":400,\"caption\":\"(Foto: Junta de Andalucia)\"},{\"@type\":\"BreadcrumbList\",\"@id\":\"https:\\\/\\\/lightweb.dev\\\/l\\\/svm-temp\\\/nyheter\\\/naringsliv\\\/regionregeringen-subventionerar-nyproduktion-av-hyresratter\\\/#breadcrumb\",\"itemListElement\":[{\"@type\":\"ListItem\",\"position\":1,\"name\":\"Hem\",\"item\":\"https:\\\/\\\/lightweb.dev\\\/l\\\/svm-temp\\\/\"},{\"@type\":\"ListItem\",\"position\":2,\"name\":\"Regionregeringen subventionerar nyproduktion av hyresr\u00e4tter\"}]},{\"@type\":\"WebSite\",\"@id\":\"https:\\\/\\\/lightweb.dev\\\/l\\\/svm-temp\\\/#website\",\"url\":\"https:\\\/\\\/lightweb.dev\\\/l\\\/svm-temp\\\/\",\"name\":\"Svenska Magasinet\",\"description\":\"Dina Spanska nyheter p&aring; Svenska\",\"publisher\":{\"@id\":\"https:\\\/\\\/lightweb.dev\\\/l\\\/svm-temp\\\/#organization\"},\"potentialAction\":[{\"@type\":\"SearchAction\",\"target\":{\"@type\":\"EntryPoint\",\"urlTemplate\":\"https:\\\/\\\/lightweb.dev\\\/l\\\/svm-temp\\\/?s={search_term_string}\"},\"query-input\":{\"@type\":\"PropertyValueSpecification\",\"valueRequired\":true,\"valueName\":\"search_term_string\"}}],\"inLanguage\":\"sv-SE\"},{\"@type\":\"Organization\",\"@id\":\"https:\\\/\\\/lightweb.dev\\\/l\\\/svm-temp\\\/#organization\",\"name\":\"Melkerson y Nott SL\",\"alternateName\":\"Svenska Magasinet\",\"url\":\"https:\\\/\\\/lightweb.dev\\\/l\\\/svm-temp\\\/\",\"logo\":{\"@type\":\"ImageObject\",\"inLanguage\":\"sv-SE\",\"@id\":\"https:\\\/\\\/lightweb.dev\\\/l\\\/svm-temp\\\/#\\\/schema\\\/logo\\\/image\\\/\",\"url\":\"https:\\\/\\\/lightweb.dev\\\/l\\\/svm-temp\\\/wp-content\\\/uploads\\\/2025\\\/02\\\/SvM-logo-Xtra-Centrerad-SVART.png\",\"contentUrl\":\"https:\\\/\\\/lightweb.dev\\\/l\\\/svm-temp\\\/wp-content\\\/uploads\\\/2025\\\/02\\\/SvM-logo-Xtra-Centrerad-SVART.png\",\"width\":300,\"height\":99,\"caption\":\"Melkerson y Nott SL\"},\"image\":{\"@id\":\"https:\\\/\\\/lightweb.dev\\\/l\\\/svm-temp\\\/#\\\/schema\\\/logo\\\/image\\\/\"},\"sameAs\":[\"https:\\\/\\\/www.facebook.com\\\/svenskamagasinet\",\"https:\\\/\\\/x.com\\\/SvenskaMagasine\"]},{\"@type\":\"Person\",\"@id\":\"https:\\\/\\\/lightweb.dev\\\/l\\\/svm-temp\\\/#\\\/schema\\\/person\\\/7a82b8a73d171d32360a564b6d03508e\",\"name\":\"Ola Josefsson\",\"description\":\"Bevakar Solkusten och Spanien sedan 1994.\",\"sameAs\":[\"https:\\\/\\\/lightweb.dev\\\/l\\\/svm-temp\"],\"url\":\"https:\\\/\\\/lightweb.dev\\\/l\\\/svm-temp\\\/reporter\\\/ola-josefsson\\\/\"}]}<\/script>\n<!-- \/ Yoast SEO Premium plugin. -->","yoast_head_json":{"title":"Regionregeringen subventionerar nyproduktion av hyresr\u00e4tter - Svenska Magasinet","robots":{"index":"noindex","follow":"follow","max-snippet":"max-snippet:-1","max-image-preview":"max-image-preview:large","max-video-preview":"max-video-preview:-1"},"og_locale":"sv_SE","og_type":"article","og_title":"Regionregeringen subventionerar nyproduktion av hyresr\u00e4tter","og_description":"Den andalusiska regeringen har inf\u00f6rt en omarbetad bostadslag d\u00e4r offentliga och privata byggherrar f\u00e5r subventioner f\u00f6r nyproduktion av skyddade hyresbost\u00e4der till ett \u00f6verkomligt pris...","og_url":"https:\/\/lightweb.dev\/l\/svm-temp\/nyheter\/naringsliv\/regionregeringen-subventionerar-nyproduktion-av-hyresratter\/","og_site_name":"Svenska Magasinet","article_publisher":"https:\/\/www.facebook.com\/svenskamagasinet","article_published_time":"2025-03-11T09:19:07+00:00","article_modified_time":"2025-03-11T09:21:34+00:00","og_image":[{"width":900,"height":400,"url":"https:\/\/lightweb.dev\/l\/svm-temp\/wp-content\/uploads\/2025\/03\/svm20250311091639.webp","type":"image\/webp"}],"author":"Ola Josefsson","twitter_card":"summary_large_image","twitter_creator":"@SvenskaMagasine","twitter_site":"@SvenskaMagasine","schema":{"@context":"https:\/\/schema.org","@graph":[{"@type":"Article","@id":"https:\/\/lightweb.dev\/l\/svm-temp\/nyheter\/naringsliv\/regionregeringen-subventionerar-nyproduktion-av-hyresratter\/#article","isPartOf":{"@id":"https:\/\/lightweb.dev\/l\/svm-temp\/nyheter\/naringsliv\/regionregeringen-subventionerar-nyproduktion-av-hyresratter\/"},"author":{"name":"Ola Josefsson","@id":"https:\/\/lightweb.dev\/l\/svm-temp\/#\/schema\/person\/7a82b8a73d171d32360a564b6d03508e"},"headline":"Regionregeringen subventionerar nyproduktion av hyresr\u00e4tter","datePublished":"2025-03-11T09:19:07+00:00","dateModified":"2025-03-11T09:21:34+00:00","mainEntityOfPage":{"@id":"https:\/\/lightweb.dev\/l\/svm-temp\/nyheter\/naringsliv\/regionregeringen-subventionerar-nyproduktion-av-hyresratter\/"},"wordCount":195,"publisher":{"@id":"https:\/\/lightweb.dev\/l\/svm-temp\/#organization"},"image":{"@id":"https:\/\/lightweb.dev\/l\/svm-temp\/nyheter\/naringsliv\/regionregeringen-subventionerar-nyproduktion-av-hyresratter\/#primaryimage"},"thumbnailUrl":"https:\/\/lightweb.dev\/l\/svm-temp\/wp-content\/uploads\/2025\/03\/svm20250311091639.webp","articleSection":["Arkiv","Nyheter"],"inLanguage":"sv-SE"},{"@type":"WebPage","@id":"https:\/\/lightweb.dev\/l\/svm-temp\/nyheter\/naringsliv\/regionregeringen-subventionerar-nyproduktion-av-hyresratter\/","url":"https:\/\/lightweb.dev\/l\/svm-temp\/nyheter\/naringsliv\/regionregeringen-subventionerar-nyproduktion-av-hyresratter\/","name":"Regionregeringen subventionerar nyproduktion av hyresr\u00e4tter - Svenska Magasinet","isPartOf":{"@id":"https:\/\/lightweb.dev\/l\/svm-temp\/#website"},"primaryImageOfPage":{"@id":"https:\/\/lightweb.dev\/l\/svm-temp\/nyheter\/naringsliv\/regionregeringen-subventionerar-nyproduktion-av-hyresratter\/#primaryimage"},"image":{"@id":"https:\/\/lightweb.dev\/l\/svm-temp\/nyheter\/naringsliv\/regionregeringen-subventionerar-nyproduktion-av-hyresratter\/#primaryimage"},"thumbnailUrl":"https:\/\/lightweb.dev\/l\/svm-temp\/wp-content\/uploads\/2025\/03\/svm20250311091639.webp","datePublished":"2025-03-11T09:19:07+00:00","dateModified":"2025-03-11T09:21:34+00:00","breadcrumb":{"@id":"https:\/\/lightweb.dev\/l\/svm-temp\/nyheter\/naringsliv\/regionregeringen-subventionerar-nyproduktion-av-hyresratter\/#breadcrumb"},"inLanguage":"sv-SE","potentialAction":[{"@type":"ReadAction","target":["https:\/\/lightweb.dev\/l\/svm-temp\/nyheter\/naringsliv\/regionregeringen-subventionerar-nyproduktion-av-hyresratter\/"]}]},{"@type":"ImageObject","inLanguage":"sv-SE","@id":"https:\/\/lightweb.dev\/l\/svm-temp\/nyheter\/naringsliv\/regionregeringen-subventionerar-nyproduktion-av-hyresratter\/#primaryimage","url":"https:\/\/lightweb.dev\/l\/svm-temp\/wp-content\/uploads\/2025\/03\/svm20250311091639.webp","contentUrl":"https:\/\/lightweb.dev\/l\/svm-temp\/wp-content\/uploads\/2025\/03\/svm20250311091639.webp","width":900,"height":400,"caption":"(Foto: Junta de Andalucia)"},{"@type":"BreadcrumbList","@id":"https:\/\/lightweb.dev\/l\/svm-temp\/nyheter\/naringsliv\/regionregeringen-subventionerar-nyproduktion-av-hyresratter\/#breadcrumb","itemListElement":[{"@type":"ListItem","position":1,"name":"Hem","item":"https:\/\/lightweb.dev\/l\/svm-temp\/"},{"@type":"ListItem","position":2,"name":"Regionregeringen subventionerar nyproduktion av hyresr\u00e4tter"}]},{"@type":"WebSite","@id":"https:\/\/lightweb.dev\/l\/svm-temp\/#website","url":"https:\/\/lightweb.dev\/l\/svm-temp\/","name":"Svenska Magasinet","description":"Dina Spanska nyheter p&aring; Svenska","publisher":{"@id":"https:\/\/lightweb.dev\/l\/svm-temp\/#organization"},"potentialAction":[{"@type":"SearchAction","target":{"@type":"EntryPoint","urlTemplate":"https:\/\/lightweb.dev\/l\/svm-temp\/?s={search_term_string}"},"query-input":{"@type":"PropertyValueSpecification","valueRequired":true,"valueName":"search_term_string"}}],"inLanguage":"sv-SE"},{"@type":"Organization","@id":"https:\/\/lightweb.dev\/l\/svm-temp\/#organization","name":"Melkerson y Nott SL","alternateName":"Svenska Magasinet","url":"https:\/\/lightweb.dev\/l\/svm-temp\/","logo":{"@type":"ImageObject","inLanguage":"sv-SE","@id":"https:\/\/lightweb.dev\/l\/svm-temp\/#\/schema\/logo\/image\/","url":"https:\/\/lightweb.dev\/l\/svm-temp\/wp-content\/uploads\/2025\/02\/SvM-logo-Xtra-Centrerad-SVART.png","contentUrl":"https:\/\/lightweb.dev\/l\/svm-temp\/wp-content\/uploads\/2025\/02\/SvM-logo-Xtra-Centrerad-SVART.png","width":300,"height":99,"caption":"Melkerson y Nott SL"},"image":{"@id":"https:\/\/lightweb.dev\/l\/svm-temp\/#\/schema\/logo\/image\/"},"sameAs":["https:\/\/www.facebook.com\/svenskamagasinet","https:\/\/x.com\/SvenskaMagasine"]},{"@type":"Person","@id":"https:\/\/lightweb.dev\/l\/svm-temp\/#\/schema\/person\/7a82b8a73d171d32360a564b6d03508e","name":"Ola Josefsson","description":"Bevakar Solkusten och Spanien sedan 1994.","sameAs":["https:\/\/lightweb.dev\/l\/svm-temp"],"url":"https:\/\/lightweb.dev\/l\/svm-temp\/reporter\/ola-josefsson\/"}]}},"_links":{"self":[{"href":"https:\/\/lightweb.dev\/l\/svm-temp\/wp-json\/wp\/v2\/posts\/80159","targetHints":{"allow":["GET"]}}],"collection":[{"href":"https:\/\/lightweb.dev\/l\/svm-temp\/wp-json\/wp\/v2\/posts"}],"about":[{"href":"https:\/\/lightweb.dev\/l\/svm-temp\/wp-json\/wp\/v2\/types\/post"}],"author":[{"embeddable":true,"href":"https:\/\/lightweb.dev\/l\/svm-temp\/wp-json\/wp\/v2\/users\/7"}],"replies":[{"embeddable":true,"href":"https:\/\/lightweb.dev\/l\/svm-temp\/wp-json\/wp\/v2\/comments?post=80159"}],"version-history":[{"count":0,"href":"https:\/\/lightweb.dev\/l\/svm-temp\/wp-json\/wp\/v2\/posts\/80159\/revisions"}],"wp:featuredmedia":[{"embeddable":true,"href":"https:\/\/lightweb.dev\/l\/svm-temp\/wp-json\/wp\/v2\/media\/80158"}],"wp:attachment":[{"href":"https:\/\/lightweb.dev\/l\/svm-temp\/wp-json\/wp\/v2\/media?parent=80159"}],"wp:term":[{"taxonomy":"category","embeddable":true,"href":"https:\/\/lightweb.dev\/l\/svm-temp\/wp-json\/wp\/v2\/categories?post=80159"},{"taxonomy":"post_tag","embeddable":true,"href":"https:\/\/lightweb.dev\/l\/svm-temp\/wp-json\/wp\/v2\/tags?post=80159"}],"curies":[{"name":"wp","href":"https:\/\/api.w.org\/{rel}","templated":true}]}}