{"id":80165,"date":"2025-03-11T10:53:37","date_gmt":"2025-03-11T09:53:37","guid":{"rendered":"https:\/\/lightweb.dev\/l\/svm-temp\/?p=80165"},"modified":"2025-03-11T10:53:37","modified_gmt":"2025-03-11T09:53:37","slug":"fortsatt-stora-brister-vid-aldreboende","status":"publish","type":"post","link":"https:\/\/lightweb.dev\/l\/svm-temp\/nyheter\/inrikes\/fortsatt-stora-brister-vid-aldreboende\/","title":{"rendered":"Fortsatt stora brister vid \u00e4ldreboende"},"content":{"rendered":"<p><strong>Arbetsgivarf\u00f6reningen f\u00f6r Spaniens \u00e4ldre- och seniorboenden s\u00e4ger att fem \u00e5r efter Covid-19-pandemin \u00e4r det samma strukturella brister som avsl\u00f6jades i samband med pandemin.<\/strong><\/p>\n<p>Brist p\u00e5 finansiering och yrkesverksamma, oj\u00e4mlikhet mellan regionerna och framf\u00f6r allt att det saknas samordning inom social- och h\u00e4lsov\u00e5rd f\u00f6r att ge kvalitetsv\u00e5rd.<\/p>\n<p>Vissa brister i systemet har inte r\u00e4ttats till under denna fem\u00e5rsperiod.<\/p>\n<p>Till 2030 beh\u00f6ver \u00e4ldreomsorgen i Spanien anst\u00e4lla 100.000 v\u00e5rdgivare.<\/p>\n<p>&#8211; V\u00e5rden som ing\u00e5r i grundlagen m\u00e5ste s\u00e4kerst\u00e4llas. Vi har alla r\u00e4tt till sjukv\u00e5rd var vi \u00e4n bor. Under Covid-19 blev m\u00e4nniskor som bodde hemma b\u00e4ttre omh\u00e4ndertagna \u00e4n de som var p\u00e5 \u00e4ldreboende, s\u00e4ger ordf\u00f6rande vid C\u00edrculo Empresarial de Atenci\u00f3n a la Dependencia (CEAPs), Rafael S\u00e1nchez-Ostiz.<\/p>\n<p>Fem \u00e5r efter pandemin brottas \u00e4ldreomsorgen i Spanien med samma problem som n\u00e4r Covid-19 slog till.<\/p>\n<p>Av 150.000 m\u00e4nniskor som dog i Spanien av Covid-19 var 30.000 (en av fem) p\u00e5 v\u00e5rdhem.<\/p>\n<p>Risken finns att detta upprepas vid n\u00e4sta pandemi varnar v\u00e5rdgivare vid \u00e4ldreomsorgen.<\/p>\n<p>Arbetsgivarf\u00f6reningen betonar att Spanien bara l\u00e4gger 0,7 procent av BNP p\u00e5 v\u00e5rd av beroende v\u00e5rdtagare n\u00e4r OECD-genomsnittet \u00e4r 1,4 procent. Det borde ligga p\u00e5 tv\u00e5 procent.<\/p>\n<p>Spanien har f\u00f6r n\u00e4rvarande 395.065 v\u00e5rdplatser p\u00e5 \u00e4ldreboende men det kommer att beh\u00f6vas 89.900 fler f\u00f6r att n\u00e5 V\u00e4rldsh\u00e4lsoorganisationen, WHO:s kvot med en rekommendation p\u00e5 fem platser per 100 personer \u00f6ver 65 \u00e5r.<\/p>\n<p>Cinta Pascual var ordf\u00f6rande f\u00f6r CEAPs vid pandemin.<\/p>\n<p>&#8211; Covid-19 l\u00e4rde oss att hantera en kris och utrusta oss med munskydd och personlig skyddsutrustning. Men vi vet inte hur n\u00e4sta pandemi kommer att se ut och n\u00e4r den intr\u00e4ffar. Alla har r\u00e4tt till sjukv\u00e5rd.<\/p>\n","protected":false},"excerpt":{"rendered":"<p>Arbetsgivarf\u00f6reningen f\u00f6r Spaniens \u00e4ldre- och seniorboenden s\u00e4ger att fem \u00e5r efter Covid-19-pandemin \u00e4r det samma strukturella brister som avsl\u00f6jades i samband med pandemin&#8230;<\/p>\n","protected":false},"author":7,"featured_media":80164,"comment_status":"closed","ping_status":"closed","sticky":false,"template":"","format":"standard","meta":{"_et_pb_use_builder":"","_et_pb_old_content":"","_et_gb_content_width":"","footnotes":""},"categories":[284,3],"tags":[],"class_list":["post-80165","post","type-post","status-publish","format-standard","has-post-thumbnail","hentry","category-inrikes","category-nyheter"],"yoast_head":"<!-- This site is optimized with the Yoast SEO Premium plugin v26.2 (Yoast SEO v27.4) - https:\/\/yoast.com\/product\/yoast-seo-premium-wordpress\/ -->\n<title>Fortsatt stora brister vid \u00e4ldreboende - Svenska Magasinet<\/title>\n<meta name=\"robots\" content=\"noindex, follow, max-snippet:-1, max-image-preview:large, max-video-preview:-1\" \/>\n<meta property=\"og:locale\" content=\"sv_SE\" \/>\n<meta property=\"og:type\" content=\"article\" \/>\n<meta property=\"og:title\" content=\"Fortsatt stora brister vid \u00e4ldreboende\" \/>\n<meta property=\"og:description\" content=\"Arbetsgivarf\u00f6reningen f\u00f6r Spaniens \u00e4ldre- och seniorboenden s\u00e4ger att fem \u00e5r efter Covid-19-pandemin \u00e4r det samma strukturella brister som avsl\u00f6jades i samband med pandemin...\" \/>\n<meta property=\"og:url\" content=\"https:\/\/lightweb.dev\/l\/svm-temp\/nyheter\/inrikes\/fortsatt-stora-brister-vid-aldreboende\/\" \/>\n<meta property=\"og:site_name\" content=\"Svenska Magasinet\" \/>\n<meta property=\"article:publisher\" content=\"https:\/\/www.facebook.com\/svenskamagasinet\" \/>\n<meta property=\"article:published_time\" content=\"2025-03-11T09:53:37+00:00\" \/>\n<meta property=\"og:image\" content=\"https:\/\/lightweb.dev\/l\/svm-temp\/wp-content\/uploads\/2025\/03\/svm20250311095028.webp\" \/>\n\t<meta property=\"og:image:width\" content=\"900\" \/>\n\t<meta property=\"og:image:height\" content=\"400\" \/>\n\t<meta property=\"og:image:type\" content=\"image\/webp\" \/>\n<meta name=\"author\" content=\"Ola Josefsson\" \/>\n<meta name=\"twitter:card\" content=\"summary_large_image\" \/>\n<meta name=\"twitter:creator\" content=\"@SvenskaMagasine\" \/>\n<meta name=\"twitter:site\" content=\"@SvenskaMagasine\" \/>\n<script type=\"application\/ld+json\" class=\"yoast-schema-graph\">{\"@context\":\"https:\\\/\\\/schema.org\",\"@graph\":[{\"@type\":\"Article\",\"@id\":\"https:\\\/\\\/lightweb.dev\\\/l\\\/svm-temp\\\/nyheter\\\/inrikes\\\/fortsatt-stora-brister-vid-aldreboende\\\/#article\",\"isPartOf\":{\"@id\":\"https:\\\/\\\/lightweb.dev\\\/l\\\/svm-temp\\\/nyheter\\\/inrikes\\\/fortsatt-stora-brister-vid-aldreboende\\\/\"},\"author\":{\"name\":\"Ola Josefsson\",\"@id\":\"https:\\\/\\\/lightweb.dev\\\/l\\\/svm-temp\\\/#\\\/schema\\\/person\\\/7a82b8a73d171d32360a564b6d03508e\"},\"headline\":\"Fortsatt stora brister vid \u00e4ldreboende\",\"datePublished\":\"2025-03-11T09:53:37+00:00\",\"mainEntityOfPage\":{\"@id\":\"https:\\\/\\\/lightweb.dev\\\/l\\\/svm-temp\\\/nyheter\\\/inrikes\\\/fortsatt-stora-brister-vid-aldreboende\\\/\"},\"wordCount\":311,\"publisher\":{\"@id\":\"https:\\\/\\\/lightweb.dev\\\/l\\\/svm-temp\\\/#organization\"},\"image\":{\"@id\":\"https:\\\/\\\/lightweb.dev\\\/l\\\/svm-temp\\\/nyheter\\\/inrikes\\\/fortsatt-stora-brister-vid-aldreboende\\\/#primaryimage\"},\"thumbnailUrl\":\"https:\\\/\\\/lightweb.dev\\\/l\\\/svm-temp\\\/wp-content\\\/uploads\\\/2025\\\/03\\\/svm20250311095028.webp\",\"articleSection\":[\"Inrikes\",\"Nyheter\"],\"inLanguage\":\"sv-SE\"},{\"@type\":\"WebPage\",\"@id\":\"https:\\\/\\\/lightweb.dev\\\/l\\\/svm-temp\\\/nyheter\\\/inrikes\\\/fortsatt-stora-brister-vid-aldreboende\\\/\",\"url\":\"https:\\\/\\\/lightweb.dev\\\/l\\\/svm-temp\\\/nyheter\\\/inrikes\\\/fortsatt-stora-brister-vid-aldreboende\\\/\",\"name\":\"Fortsatt stora brister vid \u00e4ldreboende - Svenska Magasinet\",\"isPartOf\":{\"@id\":\"https:\\\/\\\/lightweb.dev\\\/l\\\/svm-temp\\\/#website\"},\"primaryImageOfPage\":{\"@id\":\"https:\\\/\\\/lightweb.dev\\\/l\\\/svm-temp\\\/nyheter\\\/inrikes\\\/fortsatt-stora-brister-vid-aldreboende\\\/#primaryimage\"},\"image\":{\"@id\":\"https:\\\/\\\/lightweb.dev\\\/l\\\/svm-temp\\\/nyheter\\\/inrikes\\\/fortsatt-stora-brister-vid-aldreboende\\\/#primaryimage\"},\"thumbnailUrl\":\"https:\\\/\\\/lightweb.dev\\\/l\\\/svm-temp\\\/wp-content\\\/uploads\\\/2025\\\/03\\\/svm20250311095028.webp\",\"datePublished\":\"2025-03-11T09:53:37+00:00\",\"breadcrumb\":{\"@id\":\"https:\\\/\\\/lightweb.dev\\\/l\\\/svm-temp\\\/nyheter\\\/inrikes\\\/fortsatt-stora-brister-vid-aldreboende\\\/#breadcrumb\"},\"inLanguage\":\"sv-SE\",\"potentialAction\":[{\"@type\":\"ReadAction\",\"target\":[\"https:\\\/\\\/lightweb.dev\\\/l\\\/svm-temp\\\/nyheter\\\/inrikes\\\/fortsatt-stora-brister-vid-aldreboende\\\/\"]}]},{\"@type\":\"ImageObject\",\"inLanguage\":\"sv-SE\",\"@id\":\"https:\\\/\\\/lightweb.dev\\\/l\\\/svm-temp\\\/nyheter\\\/inrikes\\\/fortsatt-stora-brister-vid-aldreboende\\\/#primaryimage\",\"url\":\"https:\\\/\\\/lightweb.dev\\\/l\\\/svm-temp\\\/wp-content\\\/uploads\\\/2025\\\/03\\\/svm20250311095028.webp\",\"contentUrl\":\"https:\\\/\\\/lightweb.dev\\\/l\\\/svm-temp\\\/wp-content\\\/uploads\\\/2025\\\/03\\\/svm20250311095028.webp\",\"width\":900,\"height\":400,\"caption\":\"(Foto: X@cea_ps)\"},{\"@type\":\"BreadcrumbList\",\"@id\":\"https:\\\/\\\/lightweb.dev\\\/l\\\/svm-temp\\\/nyheter\\\/inrikes\\\/fortsatt-stora-brister-vid-aldreboende\\\/#breadcrumb\",\"itemListElement\":[{\"@type\":\"ListItem\",\"position\":1,\"name\":\"Hem\",\"item\":\"https:\\\/\\\/lightweb.dev\\\/l\\\/svm-temp\\\/\"},{\"@type\":\"ListItem\",\"position\":2,\"name\":\"Fortsatt stora brister vid \u00e4ldreboende\"}]},{\"@type\":\"WebSite\",\"@id\":\"https:\\\/\\\/lightweb.dev\\\/l\\\/svm-temp\\\/#website\",\"url\":\"https:\\\/\\\/lightweb.dev\\\/l\\\/svm-temp\\\/\",\"name\":\"Svenska Magasinet\",\"description\":\"Dina Spanska nyheter p&aring; Svenska\",\"publisher\":{\"@id\":\"https:\\\/\\\/lightweb.dev\\\/l\\\/svm-temp\\\/#organization\"},\"potentialAction\":[{\"@type\":\"SearchAction\",\"target\":{\"@type\":\"EntryPoint\",\"urlTemplate\":\"https:\\\/\\\/lightweb.dev\\\/l\\\/svm-temp\\\/?s={search_term_string}\"},\"query-input\":{\"@type\":\"PropertyValueSpecification\",\"valueRequired\":true,\"valueName\":\"search_term_string\"}}],\"inLanguage\":\"sv-SE\"},{\"@type\":\"Organization\",\"@id\":\"https:\\\/\\\/lightweb.dev\\\/l\\\/svm-temp\\\/#organization\",\"name\":\"Melkerson y Nott SL\",\"alternateName\":\"Svenska Magasinet\",\"url\":\"https:\\\/\\\/lightweb.dev\\\/l\\\/svm-temp\\\/\",\"logo\":{\"@type\":\"ImageObject\",\"inLanguage\":\"sv-SE\",\"@id\":\"https:\\\/\\\/lightweb.dev\\\/l\\\/svm-temp\\\/#\\\/schema\\\/logo\\\/image\\\/\",\"url\":\"https:\\\/\\\/lightweb.dev\\\/l\\\/svm-temp\\\/wp-content\\\/uploads\\\/2025\\\/02\\\/SvM-logo-Xtra-Centrerad-SVART.png\",\"contentUrl\":\"https:\\\/\\\/lightweb.dev\\\/l\\\/svm-temp\\\/wp-content\\\/uploads\\\/2025\\\/02\\\/SvM-logo-Xtra-Centrerad-SVART.png\",\"width\":300,\"height\":99,\"caption\":\"Melkerson y Nott SL\"},\"image\":{\"@id\":\"https:\\\/\\\/lightweb.dev\\\/l\\\/svm-temp\\\/#\\\/schema\\\/logo\\\/image\\\/\"},\"sameAs\":[\"https:\\\/\\\/www.facebook.com\\\/svenskamagasinet\",\"https:\\\/\\\/x.com\\\/SvenskaMagasine\"]},{\"@type\":\"Person\",\"@id\":\"https:\\\/\\\/lightweb.dev\\\/l\\\/svm-temp\\\/#\\\/schema\\\/person\\\/7a82b8a73d171d32360a564b6d03508e\",\"name\":\"Ola Josefsson\",\"description\":\"Bevakar Solkusten och Spanien sedan 1994.\",\"sameAs\":[\"https:\\\/\\\/lightweb.dev\\\/l\\\/svm-temp\"],\"url\":\"https:\\\/\\\/lightweb.dev\\\/l\\\/svm-temp\\\/reporter\\\/ola-josefsson\\\/\"}]}<\/script>\n<!-- \/ Yoast SEO Premium plugin. -->","yoast_head_json":{"title":"Fortsatt stora brister vid \u00e4ldreboende - Svenska Magasinet","robots":{"index":"noindex","follow":"follow","max-snippet":"max-snippet:-1","max-image-preview":"max-image-preview:large","max-video-preview":"max-video-preview:-1"},"og_locale":"sv_SE","og_type":"article","og_title":"Fortsatt stora brister vid \u00e4ldreboende","og_description":"Arbetsgivarf\u00f6reningen f\u00f6r Spaniens \u00e4ldre- och seniorboenden s\u00e4ger att fem \u00e5r efter Covid-19-pandemin \u00e4r det samma strukturella brister som avsl\u00f6jades i samband med pandemin...","og_url":"https:\/\/lightweb.dev\/l\/svm-temp\/nyheter\/inrikes\/fortsatt-stora-brister-vid-aldreboende\/","og_site_name":"Svenska Magasinet","article_publisher":"https:\/\/www.facebook.com\/svenskamagasinet","article_published_time":"2025-03-11T09:53:37+00:00","og_image":[{"width":900,"height":400,"url":"https:\/\/lightweb.dev\/l\/svm-temp\/wp-content\/uploads\/2025\/03\/svm20250311095028.webp","type":"image\/webp"}],"author":"Ola Josefsson","twitter_card":"summary_large_image","twitter_creator":"@SvenskaMagasine","twitter_site":"@SvenskaMagasine","schema":{"@context":"https:\/\/schema.org","@graph":[{"@type":"Article","@id":"https:\/\/lightweb.dev\/l\/svm-temp\/nyheter\/inrikes\/fortsatt-stora-brister-vid-aldreboende\/#article","isPartOf":{"@id":"https:\/\/lightweb.dev\/l\/svm-temp\/nyheter\/inrikes\/fortsatt-stora-brister-vid-aldreboende\/"},"author":{"name":"Ola Josefsson","@id":"https:\/\/lightweb.dev\/l\/svm-temp\/#\/schema\/person\/7a82b8a73d171d32360a564b6d03508e"},"headline":"Fortsatt stora brister vid \u00e4ldreboende","datePublished":"2025-03-11T09:53:37+00:00","mainEntityOfPage":{"@id":"https:\/\/lightweb.dev\/l\/svm-temp\/nyheter\/inrikes\/fortsatt-stora-brister-vid-aldreboende\/"},"wordCount":311,"publisher":{"@id":"https:\/\/lightweb.dev\/l\/svm-temp\/#organization"},"image":{"@id":"https:\/\/lightweb.dev\/l\/svm-temp\/nyheter\/inrikes\/fortsatt-stora-brister-vid-aldreboende\/#primaryimage"},"thumbnailUrl":"https:\/\/lightweb.dev\/l\/svm-temp\/wp-content\/uploads\/2025\/03\/svm20250311095028.webp","articleSection":["Inrikes","Nyheter"],"inLanguage":"sv-SE"},{"@type":"WebPage","@id":"https:\/\/lightweb.dev\/l\/svm-temp\/nyheter\/inrikes\/fortsatt-stora-brister-vid-aldreboende\/","url":"https:\/\/lightweb.dev\/l\/svm-temp\/nyheter\/inrikes\/fortsatt-stora-brister-vid-aldreboende\/","name":"Fortsatt stora brister vid \u00e4ldreboende - Svenska Magasinet","isPartOf":{"@id":"https:\/\/lightweb.dev\/l\/svm-temp\/#website"},"primaryImageOfPage":{"@id":"https:\/\/lightweb.dev\/l\/svm-temp\/nyheter\/inrikes\/fortsatt-stora-brister-vid-aldreboende\/#primaryimage"},"image":{"@id":"https:\/\/lightweb.dev\/l\/svm-temp\/nyheter\/inrikes\/fortsatt-stora-brister-vid-aldreboende\/#primaryimage"},"thumbnailUrl":"https:\/\/lightweb.dev\/l\/svm-temp\/wp-content\/uploads\/2025\/03\/svm20250311095028.webp","datePublished":"2025-03-11T09:53:37+00:00","breadcrumb":{"@id":"https:\/\/lightweb.dev\/l\/svm-temp\/nyheter\/inrikes\/fortsatt-stora-brister-vid-aldreboende\/#breadcrumb"},"inLanguage":"sv-SE","potentialAction":[{"@type":"ReadAction","target":["https:\/\/lightweb.dev\/l\/svm-temp\/nyheter\/inrikes\/fortsatt-stora-brister-vid-aldreboende\/"]}]},{"@type":"ImageObject","inLanguage":"sv-SE","@id":"https:\/\/lightweb.dev\/l\/svm-temp\/nyheter\/inrikes\/fortsatt-stora-brister-vid-aldreboende\/#primaryimage","url":"https:\/\/lightweb.dev\/l\/svm-temp\/wp-content\/uploads\/2025\/03\/svm20250311095028.webp","contentUrl":"https:\/\/lightweb.dev\/l\/svm-temp\/wp-content\/uploads\/2025\/03\/svm20250311095028.webp","width":900,"height":400,"caption":"(Foto: X@cea_ps)"},{"@type":"BreadcrumbList","@id":"https:\/\/lightweb.dev\/l\/svm-temp\/nyheter\/inrikes\/fortsatt-stora-brister-vid-aldreboende\/#breadcrumb","itemListElement":[{"@type":"ListItem","position":1,"name":"Hem","item":"https:\/\/lightweb.dev\/l\/svm-temp\/"},{"@type":"ListItem","position":2,"name":"Fortsatt stora brister vid \u00e4ldreboende"}]},{"@type":"WebSite","@id":"https:\/\/lightweb.dev\/l\/svm-temp\/#website","url":"https:\/\/lightweb.dev\/l\/svm-temp\/","name":"Svenska Magasinet","description":"Dina Spanska nyheter p&aring; Svenska","publisher":{"@id":"https:\/\/lightweb.dev\/l\/svm-temp\/#organization"},"potentialAction":[{"@type":"SearchAction","target":{"@type":"EntryPoint","urlTemplate":"https:\/\/lightweb.dev\/l\/svm-temp\/?s={search_term_string}"},"query-input":{"@type":"PropertyValueSpecification","valueRequired":true,"valueName":"search_term_string"}}],"inLanguage":"sv-SE"},{"@type":"Organization","@id":"https:\/\/lightweb.dev\/l\/svm-temp\/#organization","name":"Melkerson y Nott SL","alternateName":"Svenska Magasinet","url":"https:\/\/lightweb.dev\/l\/svm-temp\/","logo":{"@type":"ImageObject","inLanguage":"sv-SE","@id":"https:\/\/lightweb.dev\/l\/svm-temp\/#\/schema\/logo\/image\/","url":"https:\/\/lightweb.dev\/l\/svm-temp\/wp-content\/uploads\/2025\/02\/SvM-logo-Xtra-Centrerad-SVART.png","contentUrl":"https:\/\/lightweb.dev\/l\/svm-temp\/wp-content\/uploads\/2025\/02\/SvM-logo-Xtra-Centrerad-SVART.png","width":300,"height":99,"caption":"Melkerson y Nott SL"},"image":{"@id":"https:\/\/lightweb.dev\/l\/svm-temp\/#\/schema\/logo\/image\/"},"sameAs":["https:\/\/www.facebook.com\/svenskamagasinet","https:\/\/x.com\/SvenskaMagasine"]},{"@type":"Person","@id":"https:\/\/lightweb.dev\/l\/svm-temp\/#\/schema\/person\/7a82b8a73d171d32360a564b6d03508e","name":"Ola Josefsson","description":"Bevakar Solkusten och Spanien sedan 1994.","sameAs":["https:\/\/lightweb.dev\/l\/svm-temp"],"url":"https:\/\/lightweb.dev\/l\/svm-temp\/reporter\/ola-josefsson\/"}]}},"_links":{"self":[{"href":"https:\/\/lightweb.dev\/l\/svm-temp\/wp-json\/wp\/v2\/posts\/80165","targetHints":{"allow":["GET"]}}],"collection":[{"href":"https:\/\/lightweb.dev\/l\/svm-temp\/wp-json\/wp\/v2\/posts"}],"about":[{"href":"https:\/\/lightweb.dev\/l\/svm-temp\/wp-json\/wp\/v2\/types\/post"}],"author":[{"embeddable":true,"href":"https:\/\/lightweb.dev\/l\/svm-temp\/wp-json\/wp\/v2\/users\/7"}],"replies":[{"embeddable":true,"href":"https:\/\/lightweb.dev\/l\/svm-temp\/wp-json\/wp\/v2\/comments?post=80165"}],"version-history":[{"count":0,"href":"https:\/\/lightweb.dev\/l\/svm-temp\/wp-json\/wp\/v2\/posts\/80165\/revisions"}],"wp:featuredmedia":[{"embeddable":true,"href":"https:\/\/lightweb.dev\/l\/svm-temp\/wp-json\/wp\/v2\/media\/80164"}],"wp:attachment":[{"href":"https:\/\/lightweb.dev\/l\/svm-temp\/wp-json\/wp\/v2\/media?parent=80165"}],"wp:term":[{"taxonomy":"category","embeddable":true,"href":"https:\/\/lightweb.dev\/l\/svm-temp\/wp-json\/wp\/v2\/categories?post=80165"},{"taxonomy":"post_tag","embeddable":true,"href":"https:\/\/lightweb.dev\/l\/svm-temp\/wp-json\/wp\/v2\/tags?post=80165"}],"curies":[{"name":"wp","href":"https:\/\/api.w.org\/{rel}","templated":true}]}}