{"id":80184,"date":"2025-03-26T17:20:13","date_gmt":"2025-03-26T16:20:13","guid":{"rendered":"https:\/\/lightweb.dev\/l\/svm-temp\/?p=80184"},"modified":"2025-03-26T17:56:55","modified_gmt":"2025-03-26T16:56:55","slug":"varldsarvsstaden-avila","status":"publish","type":"post","link":"https:\/\/lightweb.dev\/l\/svm-temp\/nyheter\/varldsarvsstaden-avila\/","title":{"rendered":"V\u00e4rldsarvsstaden \u00c1vila"},"content":{"rendered":"<p><strong>Fr\u00e5n det religi\u00f6sa monumentet Los Cuatro Postes vid \u00c1vilas utkant, \u00e4r <\/strong><strong>panoramautsikten \u00f6ver den medeltida staden makal\u00f6s. Inte minst vid skymningen.<\/strong><\/p>\n<p><strong>Bege dig sedan in bland de tr\u00e5nga gatorna f\u00f6r att bes\u00f6ka den stora marknaden och \u00e4ta goda tapas.<\/strong><\/p>\n<p>Ett tydligt k\u00e4nnetecken f\u00f6r \u00c1vila \u2013 den av Spaniens provinshuvudorter som ligger h\u00f6gst upp \u2013 \u00e4r den medeltida muren, en av de b\u00e4st bevarade i Europa. Den har fyra portar; El Puente \u00e4r anpassad f\u00f6r bes\u00f6kare med funktionsneds\u00e4ttning. P\u00e5 andra sidan v\u00e4ntar en historisk stadsk\u00e4rna str\u00f6sslad med kyrkor, kloster och ren\u00e4ssanspalats som i m\u00e5nga fall h\u00e4rstammar fr\u00e5n 1500-talet d\u00e5 textilindustrin fick \u00c1vila att blomstra.<\/p>\n<div id=\"attachment_80181\" style=\"width: 910px\" class=\"wp-caption alignnone\"><img loading=\"lazy\" decoding=\"async\" aria-describedby=\"caption-attachment-80181\" class=\"wp-image-80181 size-full\" src=\"https:\/\/lightweb.dev\/l\/svm-temp\/wp-content\/uploads\/2025\/03\/svm20250311111318.webp\" alt=\"\" width=\"900\" height=\"400\" srcset=\"https:\/\/lightweb.dev\/l\/svm-temp\/wp-content\/uploads\/2025\/03\/svm20250311111318.webp 900w, https:\/\/lightweb.dev\/l\/svm-temp\/wp-content\/uploads\/2025\/03\/svm20250311111318-480x213.webp 480w\" sizes=\"(min-width: 0px) and (max-width: 480px) 480px, (min-width: 481px) 900px, 100vw\" \/><p id=\"caption-attachment-80181\" class=\"wp-caption-text\">\u00c1VILA K\u00c4NNTECKNAS AV SIN MEDELTIDA MUR.<\/p><\/div>\n<p>Har du d\u00e4remot kommit in genom Los Leales \u00e4r du genast vid Catedral de Cristo Salvador, som s\u00e4gs vara Spaniens f\u00f6rsta katedral byggd i gotisk stil. Den liknar ett fort och rymmer ett katedralmuseum med gott om religi\u00f6s konst. \u00c1vila \u00e4r brokigt, l\u00e4gg till exempel m\u00e4rke hur det medeltida torget Plaza de Pedro D\u00e1vila varvas med ren\u00e4ssansegendomar som nobla familjer en g\u00e5ng bodde i. Stadens hela namn \u00e4r f\u00f6rresten \u00c1vila de los Caballeros, som betyder ungef\u00e4r \u201dknektarnas stad\u201d \u2013 och exempel p\u00e5 deras tidigare hemvist syns i form av Palacio de Los Velada, Palacio de Valderr\u00e1banos, Palacio de Blasco N\u00fa\u00f1ez Vela och Palacio de los D\u00e1vila.<\/p>\n<p>Det \u00e4r n\u00e4ra till det bef\u00e4sta tornet Torre\u00f3n de los Guzmanes, i dag de lokala myndigheternas kontor. Forts\u00e4tt sedan till Plaza del Mercado Chico d\u00e4r det romerska forumet l\u00e5g. B\u00e5de stadshuset och Iglesia de San Juan Bautista \u00e4r arkitektoniskt vackra, och det h\u00e4r \u00e4r en perfekt plats att smaka lokala specialiteter. S\u00e5 som t-bensteken el chulet\u00f3n de \u00c1vila, grytor, vita b\u00f6nor fr\u00e5n El Barco och yemas de \u00c1vila, lokala bakverk. V\u00e4rldsber\u00f6mda tapas med en kall \u00f6l eller ett glas vin \u00e4r ett annat m\u00e5ste.<\/p>\n<p><img loading=\"lazy\" decoding=\"async\" class=\"alignnone wp-image-80183 size-full\" src=\"https:\/\/lightweb.dev\/l\/svm-temp\/wp-content\/uploads\/2025\/03\/svm20250311111414.webp\" alt=\"\" width=\"900\" height=\"400\" srcset=\"https:\/\/lightweb.dev\/l\/svm-temp\/wp-content\/uploads\/2025\/03\/svm20250311111414.webp 900w, https:\/\/lightweb.dev\/l\/svm-temp\/wp-content\/uploads\/2025\/03\/svm20250311111414-480x213.webp 480w\" sizes=\"(min-width: 0px) and (max-width: 480px) 480px, (min-width: 481px) 900px, 100vw\" \/><\/p>\n<p>Flera k\u00e4nda spanska mystiker f\u00f6ddes i \u00c1vila, bland annat Johannes av Korset och Teresa av \u00c1vila. Klostret Real Monasterio de la Encarnaci\u00f3n, d\u00e4r Teresa tillbringade st\u00f6rre delen av sitt liv, \u00e4r en bra k\u00e4lla till mer information.<\/p>\n<p>\u00c4ven utanf\u00f6r muren finns intressanta uppt\u00e4ckter. Missa inte ren\u00e4ssanshemmet Casa de los Deanes, museet Museo de \u00c1vila och Jard\u00edn de Sefarad, en minnestr\u00e4dg\u00e5rd d\u00e4r judiska kyrkog\u00e5rden en g\u00e5ng l\u00e5g. Vi rekommenderar \u00e4ven klostret Real Monasterio de Santo Tom\u00e1s som rymmer museet Museo de Arte Oriental. Utsiktspunkten Los Cuatro Postes \u00e4r sedan det b\u00e4sta s\u00e4ttet att avrunda dagen p\u00e5.<\/p>\n<div id=\"attachment_73260\" style=\"width: 292px\" class=\"wp-caption alignnone\"><img loading=\"lazy\" decoding=\"async\" aria-describedby=\"caption-attachment-73260\" class=\"size-medium wp-image-73260\" src=\"https:\/\/lightweb.dev\/l\/svm-temp\/wp-content\/uploads\/2024\/07\/TURESPANA-LOGO-stor-282x300.jpeg\" alt=\"\" width=\"282\" height=\"300\" srcset=\"https:\/\/lightweb.dev\/l\/svm-temp\/wp-content\/uploads\/2024\/07\/TURESPANA-LOGO-stor-282x300.jpeg 282w, https:\/\/lightweb.dev\/l\/svm-temp\/wp-content\/uploads\/2024\/07\/TURESPANA-LOGO-stor.jpeg 352w\" sizes=\"(max-width: 282px) 100vw, 282px\" \/><p id=\"caption-attachment-73260\" class=\"wp-caption-text\">Dessa texterna har publicerats i samarbete med Spanska Turistbyr\u00e5n och \u00e4r en version av broschyren \u201cWorld Heritage Cities\u201d.F\u00f6r mer information: <a href=\"http:\/\/www.avilaturismo.com\">www.avilaturismo.com<\/a><\/p><\/div>\n<p>&nbsp;<\/p>\n<p>&nbsp;<\/p>\n","protected":false},"excerpt":{"rendered":"<p>Fr\u00e5n det religi\u00f6sa monumentet Los Cuatro Postes vid \u00c1vilas utkant, \u00e4r panoramautsikten \u00f6ver den medeltida staden makal\u00f6s. Inte minst vid skymningen. Bege dig sedan in bland de tr\u00e5nga gatorna f\u00f6r att bes\u00f6ka den stora marknaden och \u00e4ta goda tapas&#8230;<\/p>\n","protected":false},"author":8,"featured_media":80182,"comment_status":"closed","ping_status":"closed","sticky":false,"template":"","format":"standard","meta":{"_et_pb_use_builder":"","_et_pb_old_content":"","_et_gb_content_width":"","footnotes":""},"categories":[395,3],"tags":[],"class_list":["post-80184","post","type-post","status-publish","format-standard","has-post-thumbnail","hentry","category-arkiv-nyheter","category-nyheter"],"yoast_head":"<!-- This site is optimized with the Yoast SEO Premium plugin v26.2 (Yoast SEO v27.5) - https:\/\/yoast.com\/product\/yoast-seo-premium-wordpress\/ -->\n<title>V\u00e4rldsarvsstaden \u00c1vila - Svenska Magasinet<\/title>\n<meta name=\"robots\" content=\"noindex, follow, max-snippet:-1, max-image-preview:large, max-video-preview:-1\" \/>\n<meta property=\"og:locale\" content=\"sv_SE\" \/>\n<meta property=\"og:type\" content=\"article\" \/>\n<meta property=\"og:title\" content=\"V\u00e4rldsarvsstaden \u00c1vila\" \/>\n<meta property=\"og:description\" content=\"Fr\u00e5n det religi\u00f6sa monumentet Los Cuatro Postes vid \u00c1vilas utkant, \u00e4r panoramautsikten \u00f6ver den medeltida staden makal\u00f6s. Inte minst vid skymningen. Bege dig sedan in bland de tr\u00e5nga gatorna f\u00f6r att bes\u00f6ka den stora marknaden och \u00e4ta goda tapas...\" \/>\n<meta property=\"og:url\" content=\"https:\/\/lightweb.dev\/l\/svm-temp\/nyheter\/kultur-nyheter\/varldsarvsstaden-avila\/\" \/>\n<meta property=\"og:site_name\" content=\"Svenska Magasinet\" \/>\n<meta property=\"article:publisher\" content=\"https:\/\/www.facebook.com\/svenskamagasinet\" \/>\n<meta property=\"article:published_time\" content=\"2025-03-26T16:20:13+00:00\" \/>\n<meta property=\"article:modified_time\" content=\"2025-03-26T16:56:55+00:00\" \/>\n<meta property=\"og:image\" content=\"https:\/\/lightweb.dev\/l\/svm-temp\/wp-content\/uploads\/2025\/03\/svm20250311111342.webp\" \/>\n\t<meta property=\"og:image:width\" content=\"900\" \/>\n\t<meta property=\"og:image:height\" content=\"400\" \/>\n\t<meta property=\"og:image:type\" content=\"image\/webp\" \/>\n<meta name=\"author\" content=\"Redaktionen SvM\" \/>\n<meta name=\"twitter:card\" content=\"summary_large_image\" \/>\n<meta name=\"twitter:creator\" content=\"@SvenskaMagasine\" \/>\n<meta name=\"twitter:site\" content=\"@SvenskaMagasine\" \/>\n<script type=\"application\/ld+json\" class=\"yoast-schema-graph\">{\"@context\":\"https:\\\/\\\/schema.org\",\"@graph\":[{\"@type\":\"Article\",\"@id\":\"https:\\\/\\\/lightweb.dev\\\/l\\\/svm-temp\\\/nyheter\\\/kultur-nyheter\\\/varldsarvsstaden-avila\\\/#article\",\"isPartOf\":{\"@id\":\"https:\\\/\\\/lightweb.dev\\\/l\\\/svm-temp\\\/nyheter\\\/kultur-nyheter\\\/varldsarvsstaden-avila\\\/\"},\"author\":{\"name\":\"Redaktionen SvM\",\"@id\":\"https:\\\/\\\/lightweb.dev\\\/l\\\/svm-temp\\\/#\\\/schema\\\/person\\\/206a3bda5b607b0c25e1749191e4d837\"},\"headline\":\"V\u00e4rldsarvsstaden \u00c1vila\",\"datePublished\":\"2025-03-26T16:20:13+00:00\",\"dateModified\":\"2025-03-26T16:56:55+00:00\",\"mainEntityOfPage\":{\"@id\":\"https:\\\/\\\/lightweb.dev\\\/l\\\/svm-temp\\\/nyheter\\\/kultur-nyheter\\\/varldsarvsstaden-avila\\\/\"},\"wordCount\":504,\"publisher\":{\"@id\":\"https:\\\/\\\/lightweb.dev\\\/l\\\/svm-temp\\\/#organization\"},\"image\":{\"@id\":\"https:\\\/\\\/lightweb.dev\\\/l\\\/svm-temp\\\/nyheter\\\/kultur-nyheter\\\/varldsarvsstaden-avila\\\/#primaryimage\"},\"thumbnailUrl\":\"https:\\\/\\\/lightweb.dev\\\/l\\\/svm-temp\\\/wp-content\\\/uploads\\\/2025\\\/03\\\/svm20250311111342.webp\",\"articleSection\":[\"Arkiv\",\"Nyheter\"],\"inLanguage\":\"sv-SE\"},{\"@type\":\"WebPage\",\"@id\":\"https:\\\/\\\/lightweb.dev\\\/l\\\/svm-temp\\\/nyheter\\\/kultur-nyheter\\\/varldsarvsstaden-avila\\\/\",\"url\":\"https:\\\/\\\/lightweb.dev\\\/l\\\/svm-temp\\\/nyheter\\\/kultur-nyheter\\\/varldsarvsstaden-avila\\\/\",\"name\":\"V\u00e4rldsarvsstaden \u00c1vila - Svenska Magasinet\",\"isPartOf\":{\"@id\":\"https:\\\/\\\/lightweb.dev\\\/l\\\/svm-temp\\\/#website\"},\"primaryImageOfPage\":{\"@id\":\"https:\\\/\\\/lightweb.dev\\\/l\\\/svm-temp\\\/nyheter\\\/kultur-nyheter\\\/varldsarvsstaden-avila\\\/#primaryimage\"},\"image\":{\"@id\":\"https:\\\/\\\/lightweb.dev\\\/l\\\/svm-temp\\\/nyheter\\\/kultur-nyheter\\\/varldsarvsstaden-avila\\\/#primaryimage\"},\"thumbnailUrl\":\"https:\\\/\\\/lightweb.dev\\\/l\\\/svm-temp\\\/wp-content\\\/uploads\\\/2025\\\/03\\\/svm20250311111342.webp\",\"datePublished\":\"2025-03-26T16:20:13+00:00\",\"dateModified\":\"2025-03-26T16:56:55+00:00\",\"breadcrumb\":{\"@id\":\"https:\\\/\\\/lightweb.dev\\\/l\\\/svm-temp\\\/nyheter\\\/kultur-nyheter\\\/varldsarvsstaden-avila\\\/#breadcrumb\"},\"inLanguage\":\"sv-SE\",\"potentialAction\":[{\"@type\":\"ReadAction\",\"target\":[\"https:\\\/\\\/lightweb.dev\\\/l\\\/svm-temp\\\/nyheter\\\/kultur-nyheter\\\/varldsarvsstaden-avila\\\/\"]}]},{\"@type\":\"ImageObject\",\"inLanguage\":\"sv-SE\",\"@id\":\"https:\\\/\\\/lightweb.dev\\\/l\\\/svm-temp\\\/nyheter\\\/kultur-nyheter\\\/varldsarvsstaden-avila\\\/#primaryimage\",\"url\":\"https:\\\/\\\/lightweb.dev\\\/l\\\/svm-temp\\\/wp-content\\\/uploads\\\/2025\\\/03\\\/svm20250311111342.webp\",\"contentUrl\":\"https:\\\/\\\/lightweb.dev\\\/l\\\/svm-temp\\\/wp-content\\\/uploads\\\/2025\\\/03\\\/svm20250311111342.webp\",\"width\":900,\"height\":400,\"caption\":\"H\u00f6gl\u00e4nta \u00c1vila\"},{\"@type\":\"BreadcrumbList\",\"@id\":\"https:\\\/\\\/lightweb.dev\\\/l\\\/svm-temp\\\/nyheter\\\/kultur-nyheter\\\/varldsarvsstaden-avila\\\/#breadcrumb\",\"itemListElement\":[{\"@type\":\"ListItem\",\"position\":1,\"name\":\"Hem\",\"item\":\"https:\\\/\\\/lightweb.dev\\\/l\\\/svm-temp\\\/\"},{\"@type\":\"ListItem\",\"position\":2,\"name\":\"V\u00e4rldsarvsstaden \u00c1vila\"}]},{\"@type\":\"WebSite\",\"@id\":\"https:\\\/\\\/lightweb.dev\\\/l\\\/svm-temp\\\/#website\",\"url\":\"https:\\\/\\\/lightweb.dev\\\/l\\\/svm-temp\\\/\",\"name\":\"Svenska Magasinet\",\"description\":\"Dina Spanska nyheter p&aring; Svenska\",\"publisher\":{\"@id\":\"https:\\\/\\\/lightweb.dev\\\/l\\\/svm-temp\\\/#organization\"},\"potentialAction\":[{\"@type\":\"SearchAction\",\"target\":{\"@type\":\"EntryPoint\",\"urlTemplate\":\"https:\\\/\\\/lightweb.dev\\\/l\\\/svm-temp\\\/?s={search_term_string}\"},\"query-input\":{\"@type\":\"PropertyValueSpecification\",\"valueRequired\":true,\"valueName\":\"search_term_string\"}}],\"inLanguage\":\"sv-SE\"},{\"@type\":\"Organization\",\"@id\":\"https:\\\/\\\/lightweb.dev\\\/l\\\/svm-temp\\\/#organization\",\"name\":\"Melkerson y Nott SL\",\"alternateName\":\"Svenska Magasinet\",\"url\":\"https:\\\/\\\/lightweb.dev\\\/l\\\/svm-temp\\\/\",\"logo\":{\"@type\":\"ImageObject\",\"inLanguage\":\"sv-SE\",\"@id\":\"https:\\\/\\\/lightweb.dev\\\/l\\\/svm-temp\\\/#\\\/schema\\\/logo\\\/image\\\/\",\"url\":\"https:\\\/\\\/lightweb.dev\\\/l\\\/svm-temp\\\/wp-content\\\/uploads\\\/2025\\\/02\\\/SvM-logo-Xtra-Centrerad-SVART.png\",\"contentUrl\":\"https:\\\/\\\/lightweb.dev\\\/l\\\/svm-temp\\\/wp-content\\\/uploads\\\/2025\\\/02\\\/SvM-logo-Xtra-Centrerad-SVART.png\",\"width\":300,\"height\":99,\"caption\":\"Melkerson y Nott SL\"},\"image\":{\"@id\":\"https:\\\/\\\/lightweb.dev\\\/l\\\/svm-temp\\\/#\\\/schema\\\/logo\\\/image\\\/\"},\"sameAs\":[\"https:\\\/\\\/www.facebook.com\\\/svenskamagasinet\",\"https:\\\/\\\/x.com\\\/SvenskaMagasine\"]},{\"@type\":\"Person\",\"@id\":\"https:\\\/\\\/lightweb.dev\\\/l\\\/svm-temp\\\/#\\\/schema\\\/person\\\/206a3bda5b607b0c25e1749191e4d837\",\"name\":\"Redaktionen SvM\",\"description\":\"Redaktionen\",\"sameAs\":[\"https:\\\/\\\/lightweb.dev\\\/l\\\/svm-temp\"],\"url\":\"https:\\\/\\\/lightweb.dev\\\/l\\\/svm-temp\\\/reporter\\\/redaktionen\\\/\"}]}<\/script>\n<!-- \/ Yoast SEO Premium plugin. -->","yoast_head_json":{"title":"V\u00e4rldsarvsstaden \u00c1vila - Svenska Magasinet","robots":{"index":"noindex","follow":"follow","max-snippet":"max-snippet:-1","max-image-preview":"max-image-preview:large","max-video-preview":"max-video-preview:-1"},"og_locale":"sv_SE","og_type":"article","og_title":"V\u00e4rldsarvsstaden \u00c1vila","og_description":"Fr\u00e5n det religi\u00f6sa monumentet Los Cuatro Postes vid \u00c1vilas utkant, \u00e4r panoramautsikten \u00f6ver den medeltida staden makal\u00f6s. Inte minst vid skymningen. Bege dig sedan in bland de tr\u00e5nga gatorna f\u00f6r att bes\u00f6ka den stora marknaden och \u00e4ta goda tapas...","og_url":"https:\/\/lightweb.dev\/l\/svm-temp\/nyheter\/kultur-nyheter\/varldsarvsstaden-avila\/","og_site_name":"Svenska Magasinet","article_publisher":"https:\/\/www.facebook.com\/svenskamagasinet","article_published_time":"2025-03-26T16:20:13+00:00","article_modified_time":"2025-03-26T16:56:55+00:00","og_image":[{"width":900,"height":400,"url":"https:\/\/lightweb.dev\/l\/svm-temp\/wp-content\/uploads\/2025\/03\/svm20250311111342.webp","type":"image\/webp"}],"author":"Redaktionen SvM","twitter_card":"summary_large_image","twitter_creator":"@SvenskaMagasine","twitter_site":"@SvenskaMagasine","schema":{"@context":"https:\/\/schema.org","@graph":[{"@type":"Article","@id":"https:\/\/lightweb.dev\/l\/svm-temp\/nyheter\/kultur-nyheter\/varldsarvsstaden-avila\/#article","isPartOf":{"@id":"https:\/\/lightweb.dev\/l\/svm-temp\/nyheter\/kultur-nyheter\/varldsarvsstaden-avila\/"},"author":{"name":"Redaktionen SvM","@id":"https:\/\/lightweb.dev\/l\/svm-temp\/#\/schema\/person\/206a3bda5b607b0c25e1749191e4d837"},"headline":"V\u00e4rldsarvsstaden \u00c1vila","datePublished":"2025-03-26T16:20:13+00:00","dateModified":"2025-03-26T16:56:55+00:00","mainEntityOfPage":{"@id":"https:\/\/lightweb.dev\/l\/svm-temp\/nyheter\/kultur-nyheter\/varldsarvsstaden-avila\/"},"wordCount":504,"publisher":{"@id":"https:\/\/lightweb.dev\/l\/svm-temp\/#organization"},"image":{"@id":"https:\/\/lightweb.dev\/l\/svm-temp\/nyheter\/kultur-nyheter\/varldsarvsstaden-avila\/#primaryimage"},"thumbnailUrl":"https:\/\/lightweb.dev\/l\/svm-temp\/wp-content\/uploads\/2025\/03\/svm20250311111342.webp","articleSection":["Arkiv","Nyheter"],"inLanguage":"sv-SE"},{"@type":"WebPage","@id":"https:\/\/lightweb.dev\/l\/svm-temp\/nyheter\/kultur-nyheter\/varldsarvsstaden-avila\/","url":"https:\/\/lightweb.dev\/l\/svm-temp\/nyheter\/kultur-nyheter\/varldsarvsstaden-avila\/","name":"V\u00e4rldsarvsstaden \u00c1vila - Svenska Magasinet","isPartOf":{"@id":"https:\/\/lightweb.dev\/l\/svm-temp\/#website"},"primaryImageOfPage":{"@id":"https:\/\/lightweb.dev\/l\/svm-temp\/nyheter\/kultur-nyheter\/varldsarvsstaden-avila\/#primaryimage"},"image":{"@id":"https:\/\/lightweb.dev\/l\/svm-temp\/nyheter\/kultur-nyheter\/varldsarvsstaden-avila\/#primaryimage"},"thumbnailUrl":"https:\/\/lightweb.dev\/l\/svm-temp\/wp-content\/uploads\/2025\/03\/svm20250311111342.webp","datePublished":"2025-03-26T16:20:13+00:00","dateModified":"2025-03-26T16:56:55+00:00","breadcrumb":{"@id":"https:\/\/lightweb.dev\/l\/svm-temp\/nyheter\/kultur-nyheter\/varldsarvsstaden-avila\/#breadcrumb"},"inLanguage":"sv-SE","potentialAction":[{"@type":"ReadAction","target":["https:\/\/lightweb.dev\/l\/svm-temp\/nyheter\/kultur-nyheter\/varldsarvsstaden-avila\/"]}]},{"@type":"ImageObject","inLanguage":"sv-SE","@id":"https:\/\/lightweb.dev\/l\/svm-temp\/nyheter\/kultur-nyheter\/varldsarvsstaden-avila\/#primaryimage","url":"https:\/\/lightweb.dev\/l\/svm-temp\/wp-content\/uploads\/2025\/03\/svm20250311111342.webp","contentUrl":"https:\/\/lightweb.dev\/l\/svm-temp\/wp-content\/uploads\/2025\/03\/svm20250311111342.webp","width":900,"height":400,"caption":"H\u00f6gl\u00e4nta \u00c1vila"},{"@type":"BreadcrumbList","@id":"https:\/\/lightweb.dev\/l\/svm-temp\/nyheter\/kultur-nyheter\/varldsarvsstaden-avila\/#breadcrumb","itemListElement":[{"@type":"ListItem","position":1,"name":"Hem","item":"https:\/\/lightweb.dev\/l\/svm-temp\/"},{"@type":"ListItem","position":2,"name":"V\u00e4rldsarvsstaden \u00c1vila"}]},{"@type":"WebSite","@id":"https:\/\/lightweb.dev\/l\/svm-temp\/#website","url":"https:\/\/lightweb.dev\/l\/svm-temp\/","name":"Svenska Magasinet","description":"Dina Spanska nyheter p&aring; Svenska","publisher":{"@id":"https:\/\/lightweb.dev\/l\/svm-temp\/#organization"},"potentialAction":[{"@type":"SearchAction","target":{"@type":"EntryPoint","urlTemplate":"https:\/\/lightweb.dev\/l\/svm-temp\/?s={search_term_string}"},"query-input":{"@type":"PropertyValueSpecification","valueRequired":true,"valueName":"search_term_string"}}],"inLanguage":"sv-SE"},{"@type":"Organization","@id":"https:\/\/lightweb.dev\/l\/svm-temp\/#organization","name":"Melkerson y Nott SL","alternateName":"Svenska Magasinet","url":"https:\/\/lightweb.dev\/l\/svm-temp\/","logo":{"@type":"ImageObject","inLanguage":"sv-SE","@id":"https:\/\/lightweb.dev\/l\/svm-temp\/#\/schema\/logo\/image\/","url":"https:\/\/lightweb.dev\/l\/svm-temp\/wp-content\/uploads\/2025\/02\/SvM-logo-Xtra-Centrerad-SVART.png","contentUrl":"https:\/\/lightweb.dev\/l\/svm-temp\/wp-content\/uploads\/2025\/02\/SvM-logo-Xtra-Centrerad-SVART.png","width":300,"height":99,"caption":"Melkerson y Nott SL"},"image":{"@id":"https:\/\/lightweb.dev\/l\/svm-temp\/#\/schema\/logo\/image\/"},"sameAs":["https:\/\/www.facebook.com\/svenskamagasinet","https:\/\/x.com\/SvenskaMagasine"]},{"@type":"Person","@id":"https:\/\/lightweb.dev\/l\/svm-temp\/#\/schema\/person\/206a3bda5b607b0c25e1749191e4d837","name":"Redaktionen SvM","description":"Redaktionen","sameAs":["https:\/\/lightweb.dev\/l\/svm-temp"],"url":"https:\/\/lightweb.dev\/l\/svm-temp\/reporter\/redaktionen\/"}]}},"_links":{"self":[{"href":"https:\/\/lightweb.dev\/l\/svm-temp\/wp-json\/wp\/v2\/posts\/80184","targetHints":{"allow":["GET"]}}],"collection":[{"href":"https:\/\/lightweb.dev\/l\/svm-temp\/wp-json\/wp\/v2\/posts"}],"about":[{"href":"https:\/\/lightweb.dev\/l\/svm-temp\/wp-json\/wp\/v2\/types\/post"}],"author":[{"embeddable":true,"href":"https:\/\/lightweb.dev\/l\/svm-temp\/wp-json\/wp\/v2\/users\/8"}],"replies":[{"embeddable":true,"href":"https:\/\/lightweb.dev\/l\/svm-temp\/wp-json\/wp\/v2\/comments?post=80184"}],"version-history":[{"count":0,"href":"https:\/\/lightweb.dev\/l\/svm-temp\/wp-json\/wp\/v2\/posts\/80184\/revisions"}],"wp:featuredmedia":[{"embeddable":true,"href":"https:\/\/lightweb.dev\/l\/svm-temp\/wp-json\/wp\/v2\/media\/80182"}],"wp:attachment":[{"href":"https:\/\/lightweb.dev\/l\/svm-temp\/wp-json\/wp\/v2\/media?parent=80184"}],"wp:term":[{"taxonomy":"category","embeddable":true,"href":"https:\/\/lightweb.dev\/l\/svm-temp\/wp-json\/wp\/v2\/categories?post=80184"},{"taxonomy":"post_tag","embeddable":true,"href":"https:\/\/lightweb.dev\/l\/svm-temp\/wp-json\/wp\/v2\/tags?post=80184"}],"curies":[{"name":"wp","href":"https:\/\/api.w.org\/{rel}","templated":true}]}}