{"id":80192,"date":"2025-03-27T17:30:18","date_gmt":"2025-03-27T16:30:18","guid":{"rendered":"https:\/\/lightweb.dev\/l\/svm-temp\/?p=80192"},"modified":"2025-03-27T14:41:19","modified_gmt":"2025-03-27T13:41:19","slug":"varldsarvsstaden-santiago-de-compostela","status":"publish","type":"post","link":"https:\/\/lightweb.dev\/l\/svm-temp\/nyheter\/varldsarvsstaden-santiago-de-compostela\/","title":{"rendered":"V\u00e4rldsarvsstaden Santiago de Compostela"},"content":{"rendered":"<p><strong>Enligt legenden \u00e4r det uppt\u00e4ckten av aposteln Jakobs grav p\u00e5 tidigt 800-tal som ledde till grundandet av Galiciens huvudstad, Santiago de Compostela. Ihop med Jerusalem och Rom blev staden snabbt helig, och en viktig vallfartsort f\u00f6r pilgrimer.<\/strong><\/p>\n<p><strong>Med tiden banade det v\u00e4g f\u00f6r den europeiska pilgrimsleden Jakobsleden.<\/strong><\/p>\n<p>Varje \u00e5r str\u00f6mmar tusentals pilgrimer hit, b\u00e5de fr\u00e5n Spanien och resten av v\u00e4rlden, med den otroliga katedralen som slutm\u00e5l.<\/p>\n<p><img loading=\"lazy\" decoding=\"async\" class=\"alignnone wp-image-80188 size-full\" src=\"https:\/\/lightweb.dev\/l\/svm-temp\/wp-content\/uploads\/2025\/03\/svm20250311112202.webp\" alt=\"\" width=\"900\" height=\"400\" srcset=\"https:\/\/lightweb.dev\/l\/svm-temp\/wp-content\/uploads\/2025\/03\/svm20250311112202.webp 900w, https:\/\/lightweb.dev\/l\/svm-temp\/wp-content\/uploads\/2025\/03\/svm20250311112202-480x213.webp 480w\" sizes=\"(min-width: 0px) and (max-width: 480px) 480px, (min-width: 481px) 900px, 100vw\" \/><\/p>\n<p>Inled dagen i Santiago de Compostela med att strosa omkring i den historiska stadsk\u00e4rnan. Bland smala gator, torg och granitbyggnader d\u00f6ljer sig \u00e5rhundraden av historia. Vid torget Plaza del Obradoiro tornar katedralens majest\u00e4tiska fasad. P\u00e5 andra sidan v\u00e4ntar den extraordin\u00e4ra portiken P\u00f3rtico da Gloria och apostelgraven, och det finns m\u00f6jlighet att uppleva en pilgrimsm\u00e4ssa n\u00e4r en gigantisk r\u00f6kelseh\u00e5llare, en s\u00e5-kallad botafumeiro, sv\u00e4nger \u00f6ver mittg\u00e5ngen. \u00c4ven katedralens bibliotek och arkiv \u00e4r ett m\u00e5ste, fullt av oers\u00e4ttliga verk som manuskriptet Codex Calixtinus.<\/p>\n<p><img loading=\"lazy\" decoding=\"async\" class=\"alignnone wp-image-80191 size-full\" src=\"https:\/\/lightweb.dev\/l\/svm-temp\/wp-content\/uploads\/2025\/03\/svm20250311112311.webp\" alt=\"\" width=\"900\" height=\"400\" srcset=\"https:\/\/lightweb.dev\/l\/svm-temp\/wp-content\/uploads\/2025\/03\/svm20250311112311.webp 900w, https:\/\/lightweb.dev\/l\/svm-temp\/wp-content\/uploads\/2025\/03\/svm20250311112311-480x213.webp 480w\" sizes=\"(min-width: 0px) and (max-width: 480px) 480px, (min-width: 481px) 900px, 100vw\" \/><\/p>\n<p>De tre \u00f6vriga torgen som ramar in katedralen \u2013 Quintana, Inmaculada och Prater\u00edas \u2013 vittnar om en stad som lever och andas historia och universitetsstudier. I omr\u00e5det finns m\u00e5nga barer och restauranger. Prova s\u00e4rskilt den kryddiga bl\u00e4ckfiskr\u00e4tten pulpo \u00e1 feira, piementos de padr\u00f3n och lokala bakverk som en skiva av t\u00e5rtan Tarta de Santiago. Tillbringa eftermiddagen i n\u00e5gon av de vackra parkerna eller tr\u00e4dg\u00e5rdarna. Alameda \u00e4r mest central och har underbar utsikt \u00f6ver de historiska stadsdelarna.<\/p>\n<div id=\"attachment_80189\" style=\"width: 910px\" class=\"wp-caption alignnone\"><img loading=\"lazy\" decoding=\"async\" aria-describedby=\"caption-attachment-80189\" class=\"wp-image-80189 size-full\" src=\"https:\/\/lightweb.dev\/l\/svm-temp\/wp-content\/uploads\/2025\/03\/svm20250311112224.webp\" alt=\"\" width=\"900\" height=\"400\" srcset=\"https:\/\/lightweb.dev\/l\/svm-temp\/wp-content\/uploads\/2025\/03\/svm20250311112224.webp 900w, https:\/\/lightweb.dev\/l\/svm-temp\/wp-content\/uploads\/2025\/03\/svm20250311112224-480x213.webp 480w\" sizes=\"(min-width: 0px) and (max-width: 480px) 480px, (min-width: 481px) 900px, 100vw\" \/><p id=\"caption-attachment-80189\" class=\"wp-caption-text\">PUTTRIGT GATULIV.<\/p><\/div>\n<p>I de norra delarna av Santiago de Compostela rekommenderas Plaza Cervantes. H\u00e4r ligger den mycket popul\u00e4ra marknaden Mercado de Abastos d\u00e4r det g\u00e5r att k\u00f6pa f\u00e4rska r\u00e5varor att ta med sig till marknadsbaren, d\u00e4r de tillagas att \u00e4ta p\u00e5 en g\u00e5ng. N\u00e4rliggande Museo do Pobo Galego, med sp\u00e4nnande etnografiska utst\u00e4llningar, \u00e4r perfekt n\u00e4r skymningen s\u00e4nker sig. Smit d\u00e4refter in p\u00e5 moderna konstmuseet Centro Galego de Arte Contempor\u00e1nea, ritat av den portugisiske arkitekten \u00c1lvaro Siza.<\/p>\n<h2><strong>P\u00e5 plats mer \u00e4n en dag?<\/strong><\/h2>\n<p>Missa inte att ta bussen till Cidade da Cultura de Galicia, designat av New York-baserade arkitekten Peter Eisenman. H\u00e4r finns museum, bibliotek, en operascen, forskningscenter och ett intressant utbud av kulturella aktiviteter \u00e5ret runt. Parador, som ligger p\u00e5 Plaza del Obradoiro, \u00e4r ett av de \u00e4ldsta hotellen i v\u00e4rlden. Byggnaden var p\u00e5 1400-talet ett kungligt sjukhus och d\u00e4refter logi f\u00f6r pilgrimer p\u00e5 v\u00e4g till Santiago.<\/p>\n<p>F\u00f6r mer information: <a href=\"http:\/\/www.santiagoturismo.com\">www.santiagoturismo.com<\/a><\/p>\n<div id=\"attachment_73260\" style=\"width: 292px\" class=\"wp-caption alignnone\"><img loading=\"lazy\" decoding=\"async\" aria-describedby=\"caption-attachment-73260\" class=\"size-medium wp-image-73260\" src=\"https:\/\/lightweb.dev\/l\/svm-temp\/wp-content\/uploads\/2024\/07\/TURESPANA-LOGO-stor-282x300.jpeg\" alt=\"\" width=\"282\" height=\"300\" srcset=\"https:\/\/lightweb.dev\/l\/svm-temp\/wp-content\/uploads\/2024\/07\/TURESPANA-LOGO-stor-282x300.jpeg 282w, https:\/\/lightweb.dev\/l\/svm-temp\/wp-content\/uploads\/2024\/07\/TURESPANA-LOGO-stor.jpeg 352w\" sizes=\"(max-width: 282px) 100vw, 282px\" \/><p id=\"caption-attachment-73260\" class=\"wp-caption-text\">Dessa texterna har publicerats i samarbete med Spanska Turistbyr\u00e5n och \u00e4r en version av broschyren \u201cWorld Heritage Cities\u201d.<\/p><\/div>\n","protected":false},"excerpt":{"rendered":"<p>Enligt legenden \u00e4r det uppt\u00e4ckten av aposteln Jakobs grav p\u00e5 tidigt 800-tal som ledde till grundandet av Galiciens huvudstad, Santiago de Compostela. Ihop med Jerusalem och Rom blev staden snabbt helig, och en viktig vallfartsort f\u00f6r pilgrimer&#8230;<\/p>\n","protected":false},"author":8,"featured_media":80190,"comment_status":"closed","ping_status":"closed","sticky":false,"template":"","format":"standard","meta":{"_et_pb_use_builder":"","_et_pb_old_content":"","_et_gb_content_width":"","footnotes":""},"categories":[395,3],"tags":[],"class_list":["post-80192","post","type-post","status-publish","format-standard","has-post-thumbnail","hentry","category-arkiv-nyheter","category-nyheter"],"yoast_head":"<!-- This site is optimized with the Yoast SEO Premium plugin v26.2 (Yoast SEO v27.5) - https:\/\/yoast.com\/product\/yoast-seo-premium-wordpress\/ -->\n<title>V\u00e4rldsarvsstaden Santiago de Compostela - Svenska Magasinet<\/title>\n<meta name=\"robots\" content=\"noindex, follow, max-snippet:-1, max-image-preview:large, max-video-preview:-1\" \/>\n<meta property=\"og:locale\" content=\"sv_SE\" \/>\n<meta property=\"og:type\" content=\"article\" \/>\n<meta property=\"og:title\" content=\"V\u00e4rldsarvsstaden Santiago de Compostela\" \/>\n<meta property=\"og:description\" content=\"Enligt legenden \u00e4r det uppt\u00e4ckten av aposteln Jakobs grav p\u00e5 tidigt 800-tal som ledde till grundandet av Galiciens huvudstad, Santiago de Compostela. Ihop med Jerusalem och Rom blev staden snabbt helig, och en viktig vallfartsort f\u00f6r pilgrimer...\" \/>\n<meta property=\"og:url\" content=\"https:\/\/lightweb.dev\/l\/svm-temp\/nyheter\/kultur-nyheter\/varldsarvsstaden-santiago-de-compostela\/\" \/>\n<meta property=\"og:site_name\" content=\"Svenska Magasinet\" \/>\n<meta property=\"article:publisher\" content=\"https:\/\/www.facebook.com\/svenskamagasinet\" \/>\n<meta property=\"article:published_time\" content=\"2025-03-27T16:30:18+00:00\" \/>\n<meta property=\"og:image\" content=\"https:\/\/lightweb.dev\/l\/svm-temp\/wp-content\/uploads\/2025\/03\/svm20250311112251.webp\" \/>\n\t<meta property=\"og:image:width\" content=\"900\" \/>\n\t<meta property=\"og:image:height\" content=\"400\" \/>\n\t<meta property=\"og:image:type\" content=\"image\/webp\" \/>\n<meta name=\"author\" content=\"Redaktionen SvM\" \/>\n<meta name=\"twitter:card\" content=\"summary_large_image\" \/>\n<meta name=\"twitter:creator\" content=\"@SvenskaMagasine\" \/>\n<meta name=\"twitter:site\" content=\"@SvenskaMagasine\" \/>\n<script type=\"application\/ld+json\" class=\"yoast-schema-graph\">{\"@context\":\"https:\\\/\\\/schema.org\",\"@graph\":[{\"@type\":\"Article\",\"@id\":\"https:\\\/\\\/lightweb.dev\\\/l\\\/svm-temp\\\/nyheter\\\/kultur-nyheter\\\/varldsarvsstaden-santiago-de-compostela\\\/#article\",\"isPartOf\":{\"@id\":\"https:\\\/\\\/lightweb.dev\\\/l\\\/svm-temp\\\/nyheter\\\/kultur-nyheter\\\/varldsarvsstaden-santiago-de-compostela\\\/\"},\"author\":{\"name\":\"Redaktionen SvM\",\"@id\":\"https:\\\/\\\/lightweb.dev\\\/l\\\/svm-temp\\\/#\\\/schema\\\/person\\\/206a3bda5b607b0c25e1749191e4d837\"},\"headline\":\"V\u00e4rldsarvsstaden Santiago de Compostela\",\"datePublished\":\"2025-03-27T16:30:18+00:00\",\"mainEntityOfPage\":{\"@id\":\"https:\\\/\\\/lightweb.dev\\\/l\\\/svm-temp\\\/nyheter\\\/kultur-nyheter\\\/varldsarvsstaden-santiago-de-compostela\\\/\"},\"wordCount\":468,\"publisher\":{\"@id\":\"https:\\\/\\\/lightweb.dev\\\/l\\\/svm-temp\\\/#organization\"},\"image\":{\"@id\":\"https:\\\/\\\/lightweb.dev\\\/l\\\/svm-temp\\\/nyheter\\\/kultur-nyheter\\\/varldsarvsstaden-santiago-de-compostela\\\/#primaryimage\"},\"thumbnailUrl\":\"https:\\\/\\\/lightweb.dev\\\/l\\\/svm-temp\\\/wp-content\\\/uploads\\\/2025\\\/03\\\/svm20250311112251.webp\",\"articleSection\":[\"Arkiv\",\"Nyheter\"],\"inLanguage\":\"sv-SE\"},{\"@type\":\"WebPage\",\"@id\":\"https:\\\/\\\/lightweb.dev\\\/l\\\/svm-temp\\\/nyheter\\\/kultur-nyheter\\\/varldsarvsstaden-santiago-de-compostela\\\/\",\"url\":\"https:\\\/\\\/lightweb.dev\\\/l\\\/svm-temp\\\/nyheter\\\/kultur-nyheter\\\/varldsarvsstaden-santiago-de-compostela\\\/\",\"name\":\"V\u00e4rldsarvsstaden Santiago de Compostela - Svenska Magasinet\",\"isPartOf\":{\"@id\":\"https:\\\/\\\/lightweb.dev\\\/l\\\/svm-temp\\\/#website\"},\"primaryImageOfPage\":{\"@id\":\"https:\\\/\\\/lightweb.dev\\\/l\\\/svm-temp\\\/nyheter\\\/kultur-nyheter\\\/varldsarvsstaden-santiago-de-compostela\\\/#primaryimage\"},\"image\":{\"@id\":\"https:\\\/\\\/lightweb.dev\\\/l\\\/svm-temp\\\/nyheter\\\/kultur-nyheter\\\/varldsarvsstaden-santiago-de-compostela\\\/#primaryimage\"},\"thumbnailUrl\":\"https:\\\/\\\/lightweb.dev\\\/l\\\/svm-temp\\\/wp-content\\\/uploads\\\/2025\\\/03\\\/svm20250311112251.webp\",\"datePublished\":\"2025-03-27T16:30:18+00:00\",\"breadcrumb\":{\"@id\":\"https:\\\/\\\/lightweb.dev\\\/l\\\/svm-temp\\\/nyheter\\\/kultur-nyheter\\\/varldsarvsstaden-santiago-de-compostela\\\/#breadcrumb\"},\"inLanguage\":\"sv-SE\",\"potentialAction\":[{\"@type\":\"ReadAction\",\"target\":[\"https:\\\/\\\/lightweb.dev\\\/l\\\/svm-temp\\\/nyheter\\\/kultur-nyheter\\\/varldsarvsstaden-santiago-de-compostela\\\/\"]}]},{\"@type\":\"ImageObject\",\"inLanguage\":\"sv-SE\",\"@id\":\"https:\\\/\\\/lightweb.dev\\\/l\\\/svm-temp\\\/nyheter\\\/kultur-nyheter\\\/varldsarvsstaden-santiago-de-compostela\\\/#primaryimage\",\"url\":\"https:\\\/\\\/lightweb.dev\\\/l\\\/svm-temp\\\/wp-content\\\/uploads\\\/2025\\\/03\\\/svm20250311112251.webp\",\"contentUrl\":\"https:\\\/\\\/lightweb.dev\\\/l\\\/svm-temp\\\/wp-content\\\/uploads\\\/2025\\\/03\\\/svm20250311112251.webp\",\"width\":900,\"height\":400,\"caption\":\"DEN OTROLIGA KATEDRALEN \u00c4R SLUTM\u00c5L F\u00d6R PILGRIMER SOM G\u00c5R JAKOBSLEDEN.\"},{\"@type\":\"BreadcrumbList\",\"@id\":\"https:\\\/\\\/lightweb.dev\\\/l\\\/svm-temp\\\/nyheter\\\/kultur-nyheter\\\/varldsarvsstaden-santiago-de-compostela\\\/#breadcrumb\",\"itemListElement\":[{\"@type\":\"ListItem\",\"position\":1,\"name\":\"Hem\",\"item\":\"https:\\\/\\\/lightweb.dev\\\/l\\\/svm-temp\\\/\"},{\"@type\":\"ListItem\",\"position\":2,\"name\":\"V\u00e4rldsarvsstaden Santiago de Compostela\"}]},{\"@type\":\"WebSite\",\"@id\":\"https:\\\/\\\/lightweb.dev\\\/l\\\/svm-temp\\\/#website\",\"url\":\"https:\\\/\\\/lightweb.dev\\\/l\\\/svm-temp\\\/\",\"name\":\"Svenska Magasinet\",\"description\":\"Dina Spanska nyheter p&aring; Svenska\",\"publisher\":{\"@id\":\"https:\\\/\\\/lightweb.dev\\\/l\\\/svm-temp\\\/#organization\"},\"potentialAction\":[{\"@type\":\"SearchAction\",\"target\":{\"@type\":\"EntryPoint\",\"urlTemplate\":\"https:\\\/\\\/lightweb.dev\\\/l\\\/svm-temp\\\/?s={search_term_string}\"},\"query-input\":{\"@type\":\"PropertyValueSpecification\",\"valueRequired\":true,\"valueName\":\"search_term_string\"}}],\"inLanguage\":\"sv-SE\"},{\"@type\":\"Organization\",\"@id\":\"https:\\\/\\\/lightweb.dev\\\/l\\\/svm-temp\\\/#organization\",\"name\":\"Melkerson y Nott SL\",\"alternateName\":\"Svenska Magasinet\",\"url\":\"https:\\\/\\\/lightweb.dev\\\/l\\\/svm-temp\\\/\",\"logo\":{\"@type\":\"ImageObject\",\"inLanguage\":\"sv-SE\",\"@id\":\"https:\\\/\\\/lightweb.dev\\\/l\\\/svm-temp\\\/#\\\/schema\\\/logo\\\/image\\\/\",\"url\":\"https:\\\/\\\/lightweb.dev\\\/l\\\/svm-temp\\\/wp-content\\\/uploads\\\/2025\\\/02\\\/SvM-logo-Xtra-Centrerad-SVART.png\",\"contentUrl\":\"https:\\\/\\\/lightweb.dev\\\/l\\\/svm-temp\\\/wp-content\\\/uploads\\\/2025\\\/02\\\/SvM-logo-Xtra-Centrerad-SVART.png\",\"width\":300,\"height\":99,\"caption\":\"Melkerson y Nott SL\"},\"image\":{\"@id\":\"https:\\\/\\\/lightweb.dev\\\/l\\\/svm-temp\\\/#\\\/schema\\\/logo\\\/image\\\/\"},\"sameAs\":[\"https:\\\/\\\/www.facebook.com\\\/svenskamagasinet\",\"https:\\\/\\\/x.com\\\/SvenskaMagasine\"]},{\"@type\":\"Person\",\"@id\":\"https:\\\/\\\/lightweb.dev\\\/l\\\/svm-temp\\\/#\\\/schema\\\/person\\\/206a3bda5b607b0c25e1749191e4d837\",\"name\":\"Redaktionen SvM\",\"description\":\"Redaktionen\",\"sameAs\":[\"https:\\\/\\\/lightweb.dev\\\/l\\\/svm-temp\"],\"url\":\"https:\\\/\\\/lightweb.dev\\\/l\\\/svm-temp\\\/reporter\\\/redaktionen\\\/\"}]}<\/script>\n<!-- \/ Yoast SEO Premium plugin. -->","yoast_head_json":{"title":"V\u00e4rldsarvsstaden Santiago de Compostela - Svenska Magasinet","robots":{"index":"noindex","follow":"follow","max-snippet":"max-snippet:-1","max-image-preview":"max-image-preview:large","max-video-preview":"max-video-preview:-1"},"og_locale":"sv_SE","og_type":"article","og_title":"V\u00e4rldsarvsstaden Santiago de Compostela","og_description":"Enligt legenden \u00e4r det uppt\u00e4ckten av aposteln Jakobs grav p\u00e5 tidigt 800-tal som ledde till grundandet av Galiciens huvudstad, Santiago de Compostela. Ihop med Jerusalem och Rom blev staden snabbt helig, och en viktig vallfartsort f\u00f6r pilgrimer...","og_url":"https:\/\/lightweb.dev\/l\/svm-temp\/nyheter\/kultur-nyheter\/varldsarvsstaden-santiago-de-compostela\/","og_site_name":"Svenska Magasinet","article_publisher":"https:\/\/www.facebook.com\/svenskamagasinet","article_published_time":"2025-03-27T16:30:18+00:00","og_image":[{"width":900,"height":400,"url":"https:\/\/lightweb.dev\/l\/svm-temp\/wp-content\/uploads\/2025\/03\/svm20250311112251.webp","type":"image\/webp"}],"author":"Redaktionen SvM","twitter_card":"summary_large_image","twitter_creator":"@SvenskaMagasine","twitter_site":"@SvenskaMagasine","schema":{"@context":"https:\/\/schema.org","@graph":[{"@type":"Article","@id":"https:\/\/lightweb.dev\/l\/svm-temp\/nyheter\/kultur-nyheter\/varldsarvsstaden-santiago-de-compostela\/#article","isPartOf":{"@id":"https:\/\/lightweb.dev\/l\/svm-temp\/nyheter\/kultur-nyheter\/varldsarvsstaden-santiago-de-compostela\/"},"author":{"name":"Redaktionen SvM","@id":"https:\/\/lightweb.dev\/l\/svm-temp\/#\/schema\/person\/206a3bda5b607b0c25e1749191e4d837"},"headline":"V\u00e4rldsarvsstaden Santiago de Compostela","datePublished":"2025-03-27T16:30:18+00:00","mainEntityOfPage":{"@id":"https:\/\/lightweb.dev\/l\/svm-temp\/nyheter\/kultur-nyheter\/varldsarvsstaden-santiago-de-compostela\/"},"wordCount":468,"publisher":{"@id":"https:\/\/lightweb.dev\/l\/svm-temp\/#organization"},"image":{"@id":"https:\/\/lightweb.dev\/l\/svm-temp\/nyheter\/kultur-nyheter\/varldsarvsstaden-santiago-de-compostela\/#primaryimage"},"thumbnailUrl":"https:\/\/lightweb.dev\/l\/svm-temp\/wp-content\/uploads\/2025\/03\/svm20250311112251.webp","articleSection":["Arkiv","Nyheter"],"inLanguage":"sv-SE"},{"@type":"WebPage","@id":"https:\/\/lightweb.dev\/l\/svm-temp\/nyheter\/kultur-nyheter\/varldsarvsstaden-santiago-de-compostela\/","url":"https:\/\/lightweb.dev\/l\/svm-temp\/nyheter\/kultur-nyheter\/varldsarvsstaden-santiago-de-compostela\/","name":"V\u00e4rldsarvsstaden Santiago de Compostela - Svenska Magasinet","isPartOf":{"@id":"https:\/\/lightweb.dev\/l\/svm-temp\/#website"},"primaryImageOfPage":{"@id":"https:\/\/lightweb.dev\/l\/svm-temp\/nyheter\/kultur-nyheter\/varldsarvsstaden-santiago-de-compostela\/#primaryimage"},"image":{"@id":"https:\/\/lightweb.dev\/l\/svm-temp\/nyheter\/kultur-nyheter\/varldsarvsstaden-santiago-de-compostela\/#primaryimage"},"thumbnailUrl":"https:\/\/lightweb.dev\/l\/svm-temp\/wp-content\/uploads\/2025\/03\/svm20250311112251.webp","datePublished":"2025-03-27T16:30:18+00:00","breadcrumb":{"@id":"https:\/\/lightweb.dev\/l\/svm-temp\/nyheter\/kultur-nyheter\/varldsarvsstaden-santiago-de-compostela\/#breadcrumb"},"inLanguage":"sv-SE","potentialAction":[{"@type":"ReadAction","target":["https:\/\/lightweb.dev\/l\/svm-temp\/nyheter\/kultur-nyheter\/varldsarvsstaden-santiago-de-compostela\/"]}]},{"@type":"ImageObject","inLanguage":"sv-SE","@id":"https:\/\/lightweb.dev\/l\/svm-temp\/nyheter\/kultur-nyheter\/varldsarvsstaden-santiago-de-compostela\/#primaryimage","url":"https:\/\/lightweb.dev\/l\/svm-temp\/wp-content\/uploads\/2025\/03\/svm20250311112251.webp","contentUrl":"https:\/\/lightweb.dev\/l\/svm-temp\/wp-content\/uploads\/2025\/03\/svm20250311112251.webp","width":900,"height":400,"caption":"DEN OTROLIGA KATEDRALEN \u00c4R SLUTM\u00c5L F\u00d6R PILGRIMER SOM G\u00c5R JAKOBSLEDEN."},{"@type":"BreadcrumbList","@id":"https:\/\/lightweb.dev\/l\/svm-temp\/nyheter\/kultur-nyheter\/varldsarvsstaden-santiago-de-compostela\/#breadcrumb","itemListElement":[{"@type":"ListItem","position":1,"name":"Hem","item":"https:\/\/lightweb.dev\/l\/svm-temp\/"},{"@type":"ListItem","position":2,"name":"V\u00e4rldsarvsstaden Santiago de Compostela"}]},{"@type":"WebSite","@id":"https:\/\/lightweb.dev\/l\/svm-temp\/#website","url":"https:\/\/lightweb.dev\/l\/svm-temp\/","name":"Svenska Magasinet","description":"Dina Spanska nyheter p&aring; Svenska","publisher":{"@id":"https:\/\/lightweb.dev\/l\/svm-temp\/#organization"},"potentialAction":[{"@type":"SearchAction","target":{"@type":"EntryPoint","urlTemplate":"https:\/\/lightweb.dev\/l\/svm-temp\/?s={search_term_string}"},"query-input":{"@type":"PropertyValueSpecification","valueRequired":true,"valueName":"search_term_string"}}],"inLanguage":"sv-SE"},{"@type":"Organization","@id":"https:\/\/lightweb.dev\/l\/svm-temp\/#organization","name":"Melkerson y Nott SL","alternateName":"Svenska Magasinet","url":"https:\/\/lightweb.dev\/l\/svm-temp\/","logo":{"@type":"ImageObject","inLanguage":"sv-SE","@id":"https:\/\/lightweb.dev\/l\/svm-temp\/#\/schema\/logo\/image\/","url":"https:\/\/lightweb.dev\/l\/svm-temp\/wp-content\/uploads\/2025\/02\/SvM-logo-Xtra-Centrerad-SVART.png","contentUrl":"https:\/\/lightweb.dev\/l\/svm-temp\/wp-content\/uploads\/2025\/02\/SvM-logo-Xtra-Centrerad-SVART.png","width":300,"height":99,"caption":"Melkerson y Nott SL"},"image":{"@id":"https:\/\/lightweb.dev\/l\/svm-temp\/#\/schema\/logo\/image\/"},"sameAs":["https:\/\/www.facebook.com\/svenskamagasinet","https:\/\/x.com\/SvenskaMagasine"]},{"@type":"Person","@id":"https:\/\/lightweb.dev\/l\/svm-temp\/#\/schema\/person\/206a3bda5b607b0c25e1749191e4d837","name":"Redaktionen SvM","description":"Redaktionen","sameAs":["https:\/\/lightweb.dev\/l\/svm-temp"],"url":"https:\/\/lightweb.dev\/l\/svm-temp\/reporter\/redaktionen\/"}]}},"_links":{"self":[{"href":"https:\/\/lightweb.dev\/l\/svm-temp\/wp-json\/wp\/v2\/posts\/80192","targetHints":{"allow":["GET"]}}],"collection":[{"href":"https:\/\/lightweb.dev\/l\/svm-temp\/wp-json\/wp\/v2\/posts"}],"about":[{"href":"https:\/\/lightweb.dev\/l\/svm-temp\/wp-json\/wp\/v2\/types\/post"}],"author":[{"embeddable":true,"href":"https:\/\/lightweb.dev\/l\/svm-temp\/wp-json\/wp\/v2\/users\/8"}],"replies":[{"embeddable":true,"href":"https:\/\/lightweb.dev\/l\/svm-temp\/wp-json\/wp\/v2\/comments?post=80192"}],"version-history":[{"count":0,"href":"https:\/\/lightweb.dev\/l\/svm-temp\/wp-json\/wp\/v2\/posts\/80192\/revisions"}],"wp:featuredmedia":[{"embeddable":true,"href":"https:\/\/lightweb.dev\/l\/svm-temp\/wp-json\/wp\/v2\/media\/80190"}],"wp:attachment":[{"href":"https:\/\/lightweb.dev\/l\/svm-temp\/wp-json\/wp\/v2\/media?parent=80192"}],"wp:term":[{"taxonomy":"category","embeddable":true,"href":"https:\/\/lightweb.dev\/l\/svm-temp\/wp-json\/wp\/v2\/categories?post=80192"},{"taxonomy":"post_tag","embeddable":true,"href":"https:\/\/lightweb.dev\/l\/svm-temp\/wp-json\/wp\/v2\/tags?post=80192"}],"curies":[{"name":"wp","href":"https:\/\/api.w.org\/{rel}","templated":true}]}}