{"id":80196,"date":"2025-03-17T17:30:22","date_gmt":"2025-03-17T16:30:22","guid":{"rendered":"https:\/\/lightweb.dev\/l\/svm-temp\/?p=80196"},"modified":"2025-03-17T17:52:54","modified_gmt":"2025-03-17T16:52:54","slug":"jag-har-inspirerats-av-skandalen-i-svenska-kyrkan-i-fuengirola","status":"publish","type":"post","link":"https:\/\/lightweb.dev\/l\/svm-temp\/nyheter\/jag-har-inspirerats-av-skandalen-i-svenska-kyrkan-i-fuengirola\/","title":{"rendered":"\u201dJag har inspirerats av skandalen i Svenska kyrkan i Fuengirola\u201d"},"content":{"rendered":"<p><strong>Efter en framg\u00e5ngsrik karri\u00e4r som journalist och redaktionschef p\u00e5 Aftonbladet g\u00f6r<\/strong><strong> Sigge Ennart debut som kriminalf<\/strong><strong>\u00f6rfattare med \u201dPr\u00e4stdj\u00e4vulen\u201d.<\/strong><\/p>\n<p><strong>Liza Marklund, Mari Jungstedt, Dag <\/strong><strong>\u00d6<\/strong><strong>hrlund, <\/strong><strong>\u00c5ke Edwardson och s\u00e4kert n\u00e5gra till. Nu \u00e4<\/strong><strong>r det dags f<\/strong><strong>\u00f6r Sigge Ennart. Vad g\u00f6r att Spanien och Solkusten \u00e4r s\u00e5 popul\u00e4ra i kriminalromaner?<\/strong><\/p>\n<p>&#8211; Oj! Det var ett fint s\u00e4llskap. Milj\u00f6n med sol, str\u00e4nder, hav och palmer \u00e4r lockande f\u00f6r m\u00e5nga l\u00e4sare i m\u00f6rka och kalla Sverige.<\/p>\n<p>&#8211; Solkusten \u00e4r ocks\u00e5 fullpackad av sp\u00e4nnande karakt\u00e4rer som g\u00f6r en romanf\u00f6rfattare glad. H\u00e4r m\u00f6ts alla ytterligheter. Knarksmugglare, torpeder, oligarker, shejker, prostituerade och vanliga nordbor som spelar golf eller boule och lever sin dr\u00f6m. L\u00e4saren kan k\u00e4nna sp\u00e4nning och dr\u00f6mma sig bort p\u00e5 samma g\u00e5ng.<\/p>\n<p><strong>Du bes<\/strong><strong>\u00f6ker Solkusten och svenskkolonin regelbundet, hur vill du beskriva platsen?<\/strong><\/p>\n<p>&#8211; V\u00e5r familj bodde h\u00e4r p\u00e5 heltid fram till pandemin. Vi har kvar huset i Mijas och \u00e4r h\u00e4r ofta. Jag sitter och skriver och kan g\u00e5 ut p\u00e5 terrassen och ta en kaffe i solen n\u00e4r jag vill utan att ta p\u00e5 mig t\u00e4ckjacka. Det \u00e4r ju m\u00e5ngas \u00f6nskedr\u00f6m. Jag k\u00e4nner mig lyckligt lottad.<\/p>\n<p>&#8211; Dock kr\u00e4ver det en viss disciplin att jobba h\u00e4r. N\u00e4r andra g\u00e5r ner till strandpromenaden och lapar sol och sveper en pinta s\u00e5 sitter jag kvar i skuggan i vardagsrummet och knackar p\u00e5 n\u00e4sta kapitel.<\/p>\n<p><img loading=\"lazy\" decoding=\"async\" class=\"alignnone wp-image-80194 size-full\" src=\"https:\/\/lightweb.dev\/l\/svm-temp\/wp-content\/uploads\/2025\/03\/svm20250311113112.webp\" alt=\"\" width=\"900\" height=\"400\" srcset=\"https:\/\/lightweb.dev\/l\/svm-temp\/wp-content\/uploads\/2025\/03\/svm20250311113112.webp 900w, https:\/\/lightweb.dev\/l\/svm-temp\/wp-content\/uploads\/2025\/03\/svm20250311113112-480x213.webp 480w\" sizes=\"(min-width: 0px) and (max-width: 480px) 480px, (min-width: 481px) 900px, 100vw\" \/><\/p>\n<p><strong>Debut som kriminalf<\/strong><strong>\u00f6rfattare med \u201dPr\u00e4stdj\u00e4vulen\u201d. Hur mycket \u00e4r verklighet och fiktion?<\/strong><\/p>\n<p>&#8211; Utan tvekan har jag inspirerats av skandalen i Svenska kyrkan i Fuengirola d\u00e4r det f\u00f6rsvann en bil, ett hus och miljonbelopp ur kassan under obehagliga omst\u00e4ndigheter. M\u00e5nga m\u00e5dde d\u00e5ligt och Svenska Kyrkan betalade till slut 5,4 miljoner f\u00f6r att bli av med de ytterst ansvariga och l\u00e5ta historien falla i gl\u00f6mska.<\/p>\n<p>&#8211; Men min ber\u00e4ttelse och personerna i boken \u00e4r p\u00e5hittade fr\u00e5n b\u00f6rjan till slut. Jag hoppas verkligen att ingen k\u00e4nner igen sig i n\u00e5gon av de ondsinta karakt\u00e4rerna. Det vore f\u00f6rf\u00e4rligt.<\/p>\n<p>&#8211; \u201dPr\u00e4stdj\u00e4vulen\u201d \u00e4r inte en redog\u00f6relse f\u00f6r vad som h\u00e4nde d\u00e5. D\u00e4remot l\u00e4rde jag mig mycket av att med egna \u00f6gon se vad som h\u00e4nder med m\u00e4nniskor i en manipulativ milj\u00f6. Men jag har ocks\u00e5 h\u00e4mtat id\u00e9er och karakt\u00e4rer fr\u00e5n alla m\u00f6jliga skrymslen och vr\u00e5r och minnen ur mitt liv.<\/p>\n<p><strong>Kan du ber<\/strong><strong>\u00e4tta n\u00e5got om handlingen?<\/strong><\/p>\n<p>&#8211; Journalisten Maria Larsson reser till spanska Solkusten f\u00f6r att ta ett sista farv\u00e4l av sin syster Sara, som hittats drunknad efter ett ov\u00e4der. Hon inser snart att Saras d\u00f6d inte var n\u00e5gon olycka. Misstankarna leder henne i riktning mot den svenska frikyrkan Solkyrkan, d\u00e4r den karismatiske M\u00e5rten Pr\u00e4st styr sin f\u00f6rsamling med j\u00e4rnhand. I Marias jakt p\u00e5 sanningen uppt\u00e4cker hon att systern levt ett helt annat liv \u00e4n hon trott och snart har Maria dragits in i en h\u00e4rva av svek, bestraffningar, bedr\u00e4gerier, prostitution, v\u00e5ld och utpressning.<\/p>\n<p>&#8211; L\u00e5ter v\u00e4l sp\u00e4nnande!<\/p>\n<p><strong>Blir det en forts\u00e4ttning?<\/strong><\/p>\n<p>&#8211; Min f\u00f6rl\u00e4ggare tycker det.<\/p>\n<p>Fotnot. Sigge Ennart medverkar med sin nya bok vid AHN Fuengirola den 20 mars klockan 18. <a href=\"https:\/\/www.adlibris.com\/se\/bok\/prastdjavulen-9789189828506\">Pr\u00e4stdj\u00e4vulen<\/a> g\u00e5r ocks\u00e5 att ladda ner som ljudbok eller e-bok.<\/p>\n<h2>Artikelarkiv: <a href=\"https:\/\/lightweb.dev\/l\/svm-temp\/?s=Svenska+kyrkan\">Svenska kyrkan<\/a><\/h2>\n","protected":false},"excerpt":{"rendered":"<p>Efter en framg\u00e5ngsrik karri\u00e4r som journalist och redaktionschef p\u00e5 Aftonbladet g\u00f6r Sigge Ennart debut som kriminalf\u00f6rfattare med \u201dPr\u00e4stdj\u00e4vulen\u201d&#8230;<\/p>\n","protected":false},"author":7,"featured_media":80195,"comment_status":"closed","ping_status":"closed","sticky":false,"template":"","format":"standard","meta":{"_et_pb_use_builder":"","_et_pb_old_content":"","_et_gb_content_width":"","footnotes":""},"categories":[395,3],"tags":[],"class_list":["post-80196","post","type-post","status-publish","format-standard","has-post-thumbnail","hentry","category-arkiv-nyheter","category-nyheter"],"yoast_head":"<!-- This site is optimized with the Yoast SEO Premium plugin v26.2 (Yoast SEO v27.4) - https:\/\/yoast.com\/product\/yoast-seo-premium-wordpress\/ -->\n<title>\u201dJag har inspirerats av skandalen i Svenska kyrkan i Fuengirola\u201d - Svenska Magasinet<\/title>\n<meta name=\"robots\" content=\"noindex, follow, max-snippet:-1, max-image-preview:large, max-video-preview:-1\" \/>\n<meta property=\"og:locale\" content=\"sv_SE\" \/>\n<meta property=\"og:type\" content=\"article\" \/>\n<meta property=\"og:title\" content=\"\u201dJag har inspirerats av skandalen i Svenska kyrkan i Fuengirola\u201d\" \/>\n<meta property=\"og:description\" content=\"Efter en framg\u00e5ngsrik karri\u00e4r som journalist och redaktionschef p\u00e5 Aftonbladet g\u00f6r Sigge Ennart debut som kriminalf\u00f6rfattare med \u201dPr\u00e4stdj\u00e4vulen\u201d...\" \/>\n<meta property=\"og:url\" content=\"https:\/\/lightweb.dev\/l\/svm-temp\/nyheter\/kultur-nyheter\/jag-har-inspirerats-av-skandalen-i-svenska-kyrkan-i-fuengirola\/\" \/>\n<meta property=\"og:site_name\" content=\"Svenska Magasinet\" \/>\n<meta property=\"article:publisher\" content=\"https:\/\/www.facebook.com\/svenskamagasinet\" \/>\n<meta property=\"article:published_time\" content=\"2025-03-17T16:30:22+00:00\" \/>\n<meta property=\"article:modified_time\" content=\"2025-03-17T16:52:54+00:00\" \/>\n<meta property=\"og:image\" content=\"https:\/\/lightweb.dev\/l\/svm-temp\/wp-content\/uploads\/2025\/03\/svm20250311113147.webp\" \/>\n\t<meta property=\"og:image:width\" content=\"900\" \/>\n\t<meta property=\"og:image:height\" content=\"400\" \/>\n\t<meta property=\"og:image:type\" content=\"image\/webp\" \/>\n<meta name=\"author\" content=\"Ola Josefsson\" \/>\n<meta name=\"twitter:card\" content=\"summary_large_image\" \/>\n<meta name=\"twitter:creator\" content=\"@SvenskaMagasine\" \/>\n<meta name=\"twitter:site\" content=\"@SvenskaMagasine\" \/>\n<script type=\"application\/ld+json\" class=\"yoast-schema-graph\">{\"@context\":\"https:\\\/\\\/schema.org\",\"@graph\":[{\"@type\":\"Article\",\"@id\":\"https:\\\/\\\/lightweb.dev\\\/l\\\/svm-temp\\\/nyheter\\\/kultur-nyheter\\\/jag-har-inspirerats-av-skandalen-i-svenska-kyrkan-i-fuengirola\\\/#article\",\"isPartOf\":{\"@id\":\"https:\\\/\\\/lightweb.dev\\\/l\\\/svm-temp\\\/nyheter\\\/kultur-nyheter\\\/jag-har-inspirerats-av-skandalen-i-svenska-kyrkan-i-fuengirola\\\/\"},\"author\":{\"name\":\"Ola Josefsson\",\"@id\":\"https:\\\/\\\/lightweb.dev\\\/l\\\/svm-temp\\\/#\\\/schema\\\/person\\\/7a82b8a73d171d32360a564b6d03508e\"},\"headline\":\"\u201dJag har inspirerats av skandalen i Svenska kyrkan i Fuengirola\u201d\",\"datePublished\":\"2025-03-17T16:30:22+00:00\",\"dateModified\":\"2025-03-17T16:52:54+00:00\",\"mainEntityOfPage\":{\"@id\":\"https:\\\/\\\/lightweb.dev\\\/l\\\/svm-temp\\\/nyheter\\\/kultur-nyheter\\\/jag-har-inspirerats-av-skandalen-i-svenska-kyrkan-i-fuengirola\\\/\"},\"wordCount\":611,\"publisher\":{\"@id\":\"https:\\\/\\\/lightweb.dev\\\/l\\\/svm-temp\\\/#organization\"},\"image\":{\"@id\":\"https:\\\/\\\/lightweb.dev\\\/l\\\/svm-temp\\\/nyheter\\\/kultur-nyheter\\\/jag-har-inspirerats-av-skandalen-i-svenska-kyrkan-i-fuengirola\\\/#primaryimage\"},\"thumbnailUrl\":\"https:\\\/\\\/lightweb.dev\\\/l\\\/svm-temp\\\/wp-content\\\/uploads\\\/2025\\\/03\\\/svm20250311113147.webp\",\"articleSection\":[\"Arkiv\",\"Nyheter\"],\"inLanguage\":\"sv-SE\"},{\"@type\":\"WebPage\",\"@id\":\"https:\\\/\\\/lightweb.dev\\\/l\\\/svm-temp\\\/nyheter\\\/kultur-nyheter\\\/jag-har-inspirerats-av-skandalen-i-svenska-kyrkan-i-fuengirola\\\/\",\"url\":\"https:\\\/\\\/lightweb.dev\\\/l\\\/svm-temp\\\/nyheter\\\/kultur-nyheter\\\/jag-har-inspirerats-av-skandalen-i-svenska-kyrkan-i-fuengirola\\\/\",\"name\":\"\u201dJag har inspirerats av skandalen i Svenska kyrkan i Fuengirola\u201d - Svenska Magasinet\",\"isPartOf\":{\"@id\":\"https:\\\/\\\/lightweb.dev\\\/l\\\/svm-temp\\\/#website\"},\"primaryImageOfPage\":{\"@id\":\"https:\\\/\\\/lightweb.dev\\\/l\\\/svm-temp\\\/nyheter\\\/kultur-nyheter\\\/jag-har-inspirerats-av-skandalen-i-svenska-kyrkan-i-fuengirola\\\/#primaryimage\"},\"image\":{\"@id\":\"https:\\\/\\\/lightweb.dev\\\/l\\\/svm-temp\\\/nyheter\\\/kultur-nyheter\\\/jag-har-inspirerats-av-skandalen-i-svenska-kyrkan-i-fuengirola\\\/#primaryimage\"},\"thumbnailUrl\":\"https:\\\/\\\/lightweb.dev\\\/l\\\/svm-temp\\\/wp-content\\\/uploads\\\/2025\\\/03\\\/svm20250311113147.webp\",\"datePublished\":\"2025-03-17T16:30:22+00:00\",\"dateModified\":\"2025-03-17T16:52:54+00:00\",\"breadcrumb\":{\"@id\":\"https:\\\/\\\/lightweb.dev\\\/l\\\/svm-temp\\\/nyheter\\\/kultur-nyheter\\\/jag-har-inspirerats-av-skandalen-i-svenska-kyrkan-i-fuengirola\\\/#breadcrumb\"},\"inLanguage\":\"sv-SE\",\"potentialAction\":[{\"@type\":\"ReadAction\",\"target\":[\"https:\\\/\\\/lightweb.dev\\\/l\\\/svm-temp\\\/nyheter\\\/kultur-nyheter\\\/jag-har-inspirerats-av-skandalen-i-svenska-kyrkan-i-fuengirola\\\/\"]}]},{\"@type\":\"ImageObject\",\"inLanguage\":\"sv-SE\",\"@id\":\"https:\\\/\\\/lightweb.dev\\\/l\\\/svm-temp\\\/nyheter\\\/kultur-nyheter\\\/jag-har-inspirerats-av-skandalen-i-svenska-kyrkan-i-fuengirola\\\/#primaryimage\",\"url\":\"https:\\\/\\\/lightweb.dev\\\/l\\\/svm-temp\\\/wp-content\\\/uploads\\\/2025\\\/03\\\/svm20250311113147.webp\",\"contentUrl\":\"https:\\\/\\\/lightweb.dev\\\/l\\\/svm-temp\\\/wp-content\\\/uploads\\\/2025\\\/03\\\/svm20250311113147.webp\",\"width\":900,\"height\":400},{\"@type\":\"BreadcrumbList\",\"@id\":\"https:\\\/\\\/lightweb.dev\\\/l\\\/svm-temp\\\/nyheter\\\/kultur-nyheter\\\/jag-har-inspirerats-av-skandalen-i-svenska-kyrkan-i-fuengirola\\\/#breadcrumb\",\"itemListElement\":[{\"@type\":\"ListItem\",\"position\":1,\"name\":\"Hem\",\"item\":\"https:\\\/\\\/lightweb.dev\\\/l\\\/svm-temp\\\/\"},{\"@type\":\"ListItem\",\"position\":2,\"name\":\"\u201dJag har inspirerats av skandalen i Svenska kyrkan i Fuengirola\u201d\"}]},{\"@type\":\"WebSite\",\"@id\":\"https:\\\/\\\/lightweb.dev\\\/l\\\/svm-temp\\\/#website\",\"url\":\"https:\\\/\\\/lightweb.dev\\\/l\\\/svm-temp\\\/\",\"name\":\"Svenska Magasinet\",\"description\":\"Dina Spanska nyheter p&aring; Svenska\",\"publisher\":{\"@id\":\"https:\\\/\\\/lightweb.dev\\\/l\\\/svm-temp\\\/#organization\"},\"potentialAction\":[{\"@type\":\"SearchAction\",\"target\":{\"@type\":\"EntryPoint\",\"urlTemplate\":\"https:\\\/\\\/lightweb.dev\\\/l\\\/svm-temp\\\/?s={search_term_string}\"},\"query-input\":{\"@type\":\"PropertyValueSpecification\",\"valueRequired\":true,\"valueName\":\"search_term_string\"}}],\"inLanguage\":\"sv-SE\"},{\"@type\":\"Organization\",\"@id\":\"https:\\\/\\\/lightweb.dev\\\/l\\\/svm-temp\\\/#organization\",\"name\":\"Melkerson y Nott SL\",\"alternateName\":\"Svenska Magasinet\",\"url\":\"https:\\\/\\\/lightweb.dev\\\/l\\\/svm-temp\\\/\",\"logo\":{\"@type\":\"ImageObject\",\"inLanguage\":\"sv-SE\",\"@id\":\"https:\\\/\\\/lightweb.dev\\\/l\\\/svm-temp\\\/#\\\/schema\\\/logo\\\/image\\\/\",\"url\":\"https:\\\/\\\/lightweb.dev\\\/l\\\/svm-temp\\\/wp-content\\\/uploads\\\/2025\\\/02\\\/SvM-logo-Xtra-Centrerad-SVART.png\",\"contentUrl\":\"https:\\\/\\\/lightweb.dev\\\/l\\\/svm-temp\\\/wp-content\\\/uploads\\\/2025\\\/02\\\/SvM-logo-Xtra-Centrerad-SVART.png\",\"width\":300,\"height\":99,\"caption\":\"Melkerson y Nott SL\"},\"image\":{\"@id\":\"https:\\\/\\\/lightweb.dev\\\/l\\\/svm-temp\\\/#\\\/schema\\\/logo\\\/image\\\/\"},\"sameAs\":[\"https:\\\/\\\/www.facebook.com\\\/svenskamagasinet\",\"https:\\\/\\\/x.com\\\/SvenskaMagasine\"]},{\"@type\":\"Person\",\"@id\":\"https:\\\/\\\/lightweb.dev\\\/l\\\/svm-temp\\\/#\\\/schema\\\/person\\\/7a82b8a73d171d32360a564b6d03508e\",\"name\":\"Ola Josefsson\",\"description\":\"Bevakar Solkusten och Spanien sedan 1994.\",\"sameAs\":[\"https:\\\/\\\/lightweb.dev\\\/l\\\/svm-temp\"],\"url\":\"https:\\\/\\\/lightweb.dev\\\/l\\\/svm-temp\\\/reporter\\\/ola-josefsson\\\/\"}]}<\/script>\n<!-- \/ Yoast SEO Premium plugin. -->","yoast_head_json":{"title":"\u201dJag har inspirerats av skandalen i Svenska kyrkan i Fuengirola\u201d - Svenska Magasinet","robots":{"index":"noindex","follow":"follow","max-snippet":"max-snippet:-1","max-image-preview":"max-image-preview:large","max-video-preview":"max-video-preview:-1"},"og_locale":"sv_SE","og_type":"article","og_title":"\u201dJag har inspirerats av skandalen i Svenska kyrkan i Fuengirola\u201d","og_description":"Efter en framg\u00e5ngsrik karri\u00e4r som journalist och redaktionschef p\u00e5 Aftonbladet g\u00f6r Sigge Ennart debut som kriminalf\u00f6rfattare med \u201dPr\u00e4stdj\u00e4vulen\u201d...","og_url":"https:\/\/lightweb.dev\/l\/svm-temp\/nyheter\/kultur-nyheter\/jag-har-inspirerats-av-skandalen-i-svenska-kyrkan-i-fuengirola\/","og_site_name":"Svenska Magasinet","article_publisher":"https:\/\/www.facebook.com\/svenskamagasinet","article_published_time":"2025-03-17T16:30:22+00:00","article_modified_time":"2025-03-17T16:52:54+00:00","og_image":[{"width":900,"height":400,"url":"https:\/\/lightweb.dev\/l\/svm-temp\/wp-content\/uploads\/2025\/03\/svm20250311113147.webp","type":"image\/webp"}],"author":"Ola Josefsson","twitter_card":"summary_large_image","twitter_creator":"@SvenskaMagasine","twitter_site":"@SvenskaMagasine","schema":{"@context":"https:\/\/schema.org","@graph":[{"@type":"Article","@id":"https:\/\/lightweb.dev\/l\/svm-temp\/nyheter\/kultur-nyheter\/jag-har-inspirerats-av-skandalen-i-svenska-kyrkan-i-fuengirola\/#article","isPartOf":{"@id":"https:\/\/lightweb.dev\/l\/svm-temp\/nyheter\/kultur-nyheter\/jag-har-inspirerats-av-skandalen-i-svenska-kyrkan-i-fuengirola\/"},"author":{"name":"Ola Josefsson","@id":"https:\/\/lightweb.dev\/l\/svm-temp\/#\/schema\/person\/7a82b8a73d171d32360a564b6d03508e"},"headline":"\u201dJag har inspirerats av skandalen i Svenska kyrkan i Fuengirola\u201d","datePublished":"2025-03-17T16:30:22+00:00","dateModified":"2025-03-17T16:52:54+00:00","mainEntityOfPage":{"@id":"https:\/\/lightweb.dev\/l\/svm-temp\/nyheter\/kultur-nyheter\/jag-har-inspirerats-av-skandalen-i-svenska-kyrkan-i-fuengirola\/"},"wordCount":611,"publisher":{"@id":"https:\/\/lightweb.dev\/l\/svm-temp\/#organization"},"image":{"@id":"https:\/\/lightweb.dev\/l\/svm-temp\/nyheter\/kultur-nyheter\/jag-har-inspirerats-av-skandalen-i-svenska-kyrkan-i-fuengirola\/#primaryimage"},"thumbnailUrl":"https:\/\/lightweb.dev\/l\/svm-temp\/wp-content\/uploads\/2025\/03\/svm20250311113147.webp","articleSection":["Arkiv","Nyheter"],"inLanguage":"sv-SE"},{"@type":"WebPage","@id":"https:\/\/lightweb.dev\/l\/svm-temp\/nyheter\/kultur-nyheter\/jag-har-inspirerats-av-skandalen-i-svenska-kyrkan-i-fuengirola\/","url":"https:\/\/lightweb.dev\/l\/svm-temp\/nyheter\/kultur-nyheter\/jag-har-inspirerats-av-skandalen-i-svenska-kyrkan-i-fuengirola\/","name":"\u201dJag har inspirerats av skandalen i Svenska kyrkan i Fuengirola\u201d - Svenska Magasinet","isPartOf":{"@id":"https:\/\/lightweb.dev\/l\/svm-temp\/#website"},"primaryImageOfPage":{"@id":"https:\/\/lightweb.dev\/l\/svm-temp\/nyheter\/kultur-nyheter\/jag-har-inspirerats-av-skandalen-i-svenska-kyrkan-i-fuengirola\/#primaryimage"},"image":{"@id":"https:\/\/lightweb.dev\/l\/svm-temp\/nyheter\/kultur-nyheter\/jag-har-inspirerats-av-skandalen-i-svenska-kyrkan-i-fuengirola\/#primaryimage"},"thumbnailUrl":"https:\/\/lightweb.dev\/l\/svm-temp\/wp-content\/uploads\/2025\/03\/svm20250311113147.webp","datePublished":"2025-03-17T16:30:22+00:00","dateModified":"2025-03-17T16:52:54+00:00","breadcrumb":{"@id":"https:\/\/lightweb.dev\/l\/svm-temp\/nyheter\/kultur-nyheter\/jag-har-inspirerats-av-skandalen-i-svenska-kyrkan-i-fuengirola\/#breadcrumb"},"inLanguage":"sv-SE","potentialAction":[{"@type":"ReadAction","target":["https:\/\/lightweb.dev\/l\/svm-temp\/nyheter\/kultur-nyheter\/jag-har-inspirerats-av-skandalen-i-svenska-kyrkan-i-fuengirola\/"]}]},{"@type":"ImageObject","inLanguage":"sv-SE","@id":"https:\/\/lightweb.dev\/l\/svm-temp\/nyheter\/kultur-nyheter\/jag-har-inspirerats-av-skandalen-i-svenska-kyrkan-i-fuengirola\/#primaryimage","url":"https:\/\/lightweb.dev\/l\/svm-temp\/wp-content\/uploads\/2025\/03\/svm20250311113147.webp","contentUrl":"https:\/\/lightweb.dev\/l\/svm-temp\/wp-content\/uploads\/2025\/03\/svm20250311113147.webp","width":900,"height":400},{"@type":"BreadcrumbList","@id":"https:\/\/lightweb.dev\/l\/svm-temp\/nyheter\/kultur-nyheter\/jag-har-inspirerats-av-skandalen-i-svenska-kyrkan-i-fuengirola\/#breadcrumb","itemListElement":[{"@type":"ListItem","position":1,"name":"Hem","item":"https:\/\/lightweb.dev\/l\/svm-temp\/"},{"@type":"ListItem","position":2,"name":"\u201dJag har inspirerats av skandalen i Svenska kyrkan i Fuengirola\u201d"}]},{"@type":"WebSite","@id":"https:\/\/lightweb.dev\/l\/svm-temp\/#website","url":"https:\/\/lightweb.dev\/l\/svm-temp\/","name":"Svenska Magasinet","description":"Dina Spanska nyheter p&aring; Svenska","publisher":{"@id":"https:\/\/lightweb.dev\/l\/svm-temp\/#organization"},"potentialAction":[{"@type":"SearchAction","target":{"@type":"EntryPoint","urlTemplate":"https:\/\/lightweb.dev\/l\/svm-temp\/?s={search_term_string}"},"query-input":{"@type":"PropertyValueSpecification","valueRequired":true,"valueName":"search_term_string"}}],"inLanguage":"sv-SE"},{"@type":"Organization","@id":"https:\/\/lightweb.dev\/l\/svm-temp\/#organization","name":"Melkerson y Nott SL","alternateName":"Svenska Magasinet","url":"https:\/\/lightweb.dev\/l\/svm-temp\/","logo":{"@type":"ImageObject","inLanguage":"sv-SE","@id":"https:\/\/lightweb.dev\/l\/svm-temp\/#\/schema\/logo\/image\/","url":"https:\/\/lightweb.dev\/l\/svm-temp\/wp-content\/uploads\/2025\/02\/SvM-logo-Xtra-Centrerad-SVART.png","contentUrl":"https:\/\/lightweb.dev\/l\/svm-temp\/wp-content\/uploads\/2025\/02\/SvM-logo-Xtra-Centrerad-SVART.png","width":300,"height":99,"caption":"Melkerson y Nott SL"},"image":{"@id":"https:\/\/lightweb.dev\/l\/svm-temp\/#\/schema\/logo\/image\/"},"sameAs":["https:\/\/www.facebook.com\/svenskamagasinet","https:\/\/x.com\/SvenskaMagasine"]},{"@type":"Person","@id":"https:\/\/lightweb.dev\/l\/svm-temp\/#\/schema\/person\/7a82b8a73d171d32360a564b6d03508e","name":"Ola Josefsson","description":"Bevakar Solkusten och Spanien sedan 1994.","sameAs":["https:\/\/lightweb.dev\/l\/svm-temp"],"url":"https:\/\/lightweb.dev\/l\/svm-temp\/reporter\/ola-josefsson\/"}]}},"_links":{"self":[{"href":"https:\/\/lightweb.dev\/l\/svm-temp\/wp-json\/wp\/v2\/posts\/80196","targetHints":{"allow":["GET"]}}],"collection":[{"href":"https:\/\/lightweb.dev\/l\/svm-temp\/wp-json\/wp\/v2\/posts"}],"about":[{"href":"https:\/\/lightweb.dev\/l\/svm-temp\/wp-json\/wp\/v2\/types\/post"}],"author":[{"embeddable":true,"href":"https:\/\/lightweb.dev\/l\/svm-temp\/wp-json\/wp\/v2\/users\/7"}],"replies":[{"embeddable":true,"href":"https:\/\/lightweb.dev\/l\/svm-temp\/wp-json\/wp\/v2\/comments?post=80196"}],"version-history":[{"count":0,"href":"https:\/\/lightweb.dev\/l\/svm-temp\/wp-json\/wp\/v2\/posts\/80196\/revisions"}],"wp:featuredmedia":[{"embeddable":true,"href":"https:\/\/lightweb.dev\/l\/svm-temp\/wp-json\/wp\/v2\/media\/80195"}],"wp:attachment":[{"href":"https:\/\/lightweb.dev\/l\/svm-temp\/wp-json\/wp\/v2\/media?parent=80196"}],"wp:term":[{"taxonomy":"category","embeddable":true,"href":"https:\/\/lightweb.dev\/l\/svm-temp\/wp-json\/wp\/v2\/categories?post=80196"},{"taxonomy":"post_tag","embeddable":true,"href":"https:\/\/lightweb.dev\/l\/svm-temp\/wp-json\/wp\/v2\/tags?post=80196"}],"curies":[{"name":"wp","href":"https:\/\/api.w.org\/{rel}","templated":true}]}}