{"id":80201,"date":"2025-03-22T19:30:27","date_gmt":"2025-03-22T18:30:27","guid":{"rendered":"https:\/\/lightweb.dev\/l\/svm-temp\/?p=80201"},"modified":"2025-03-22T20:22:26","modified_gmt":"2025-03-22T19:22:26","slug":"spanien-just-nu-sverigebilden","status":"publish","type":"post","link":"https:\/\/lightweb.dev\/l\/svm-temp\/artiklar\/spanien-just-nu-sverigebilden\/","title":{"rendered":"Spanien just nu &#8211; Sverigebilden"},"content":{"rendered":"<p><strong>Runt fikaborden i Sverige eller p\u00e5 lunchbaren i Spanien. H\u00e4r diskuteras verkligheten och det ger en inblick i vad som oroar och engagerar m\u00e4nniskor.<\/strong><\/p>\n<p><img loading=\"lazy\" decoding=\"async\" class=\"size-medium wp-image-71898 alignleft\" src=\"https:\/\/lightweb.dev\/l\/svm-temp\/wp-content\/uploads\/2024\/05\/Ola-ny-2024-stor-300x121.jpeg\" alt=\"\" width=\"300\" height=\"121\" srcset=\"https:\/\/lightweb.dev\/l\/svm-temp\/wp-content\/uploads\/2024\/05\/Ola-ny-2024-stor-300x121.jpeg 300w, https:\/\/lightweb.dev\/l\/svm-temp\/wp-content\/uploads\/2024\/05\/Ola-ny-2024-stor.jpeg 589w\" sizes=\"(max-width: 300px) 100vw, 300px\" \/><\/p>\n<p>Sitta och \u201dtjuvlyssna\u201d men framf\u00f6r allt att delta i samtalet f\u00f6rgyller tillvaron. Som reporter \u00e4r lunchbaren i Spanien ett utm\u00e4rkt st\u00e4lle att inh\u00e4mta tips och id\u00e9er till reportage och nyheter.<\/p>\n<p>F\u00f6r n\u00e5gra \u00e5r sedan inleddes en v\u00e5ldsspiral p\u00e5 Solkusten d\u00e4r g\u00e4ngkriminella med kopplingar till Stockholm, G\u00f6teborg och Malm\u00f6 var inblandade. Svenskligan \u201dlos suecos\u201d, \u201dTortyrmordet\u201d i Mijas, mordbr\u00e4nder och rena avr\u00e4ttningar som den vid kyrkan i San Pedro blev hett stoff inte bara i svensk media. Den ena h\u00e4rvan efter den andra med kopplingar till Sverige har skakat Solkusten.<\/p>\n<p>P\u00e5 min lunchbar visas den lokala och regionala nyhetss\u00e4ndningen p\u00e5 tv-kanalen Canal Sur fr\u00e5n klockan 14.15. Lunchg\u00e4ster ser g\u00e4ngkriminella med kopplingar till Sverige leva r\u00f6vare.<\/p>\n<p>N\u00e4r jag var ung och var ute och dansade s\u00e5 m\u00f6tte jag vackra blonda tjejer fr\u00e5n Sverige, s\u00e4ger en \u00e4ldre herre p\u00e5 v\u00e4g mot 80 \u00e5r. Han skakar p\u00e5 huvudet n\u00e4r han ser tv-bilder p\u00e5 spr\u00e4ngningar och mordbr\u00e4nder utf\u00f6rda av svenska ligor.<\/p>\n<p>&#8211; Vart har de tagit v\u00e4gen, tjejerna allts\u00e5, s\u00e4ger han medan han pekar p\u00e5 tv-sk\u00e4rmen och till\u00e4gger:<\/p>\n<p>&#8211; Det var inte detta jag v\u00e4xte upp med och som k\u00e4nnetecknade svenskar\u2026<\/p>\n<p>De, tjejerna, har kommit upp i \u00e5ren precis som du, f\u00f6rs\u00f6ker jag, och alla skrattar\u2026<\/p>\n<p>\u201dAntonios\u201d j\u00e4mf\u00f6relse inneh\u00e5ller en del humor. Men hans r\u00f6st \u00e4r en av flera som jag f\u00e5ngat in som beskriver hur \u201dSverigebilden\u201d p\u00e5 Solkusten och i Spanien har f\u00f6r\u00e4ndrats.<\/p>\n<p>L\u00e5ngt \u00f6ver hundra svenska medborgare med kopplingar till kriminalitet har lokaliserats och gripits p\u00e5 Solkusten de senaste \u00e5ren. 2023 framkom uppgifter p\u00e5 att omkring tusen kriminella med kopplingar till Sverige befann sig p\u00e5 Solkusten. Den d\u00e5varande ambassad\u00f6ren sa: Vi vet att det finns kriminella svenskar p\u00e5 kusten.<\/p>\n<p>F\u00f6r att nu f\u00f6rtydliga: Det handlar b\u00e5de om svenskf\u00f6dda och utrikesf\u00f6dda svenska medborgare. Med utl\u00e4ndskt klingande namn men ocks\u00e5 sonnamn.<\/p>\n<p>Efter lyck\u00f6nskningar p\u00e5 Skansen om Ett Gott Nytt \u00c5r f\u00f6ljde 33 detonationer och spr\u00e4ngningar runt om i Sverige p\u00e5 f\u00e4rre antal dagar. En k\u00e4nd koranbr\u00e4nnare d\u00f6das. Skolmassaker i \u00d6rebro med elva d\u00f6da.<\/p>\n<p>Till f\u00f6rsommaren startar en stor r\u00e4tteg\u00e5ng vid nationaldomstolen i Madrid med ett trettiotal \u00e5talade varav flera Marbellasvenskar. \u00c5talet g\u00e4ller narkotika och penningtv\u00e4tt.<\/p>\n<p>Samtidigt som f\u00f6retagare och kr\u00f6gare som utsatts f\u00f6r hot eller utpressning v\u00e4ljer att l\u00e4mna Sverige och flytta till Spanien.<\/p>\n<p>Sverigebilden? Om det tidigare var snygga blonda tjejer, Bj\u00f6rn Borg och ABBA s\u00e5 \u00e4r det numera n\u00e5got helt annat.<\/p>\n<p>Numera \u00e4r Spanien ett av de l\u00e4nder som Sverige samarbetar mest med inom polisi\u00e4ra \u00e4renden. G\u00e4ngkriminaliteten \u00e4r mer gr\u00e4ns\u00f6verskridande \u00e4n n\u00e5gonsin.<\/p>\n<p>I februari var Sveriges justitieminister Gunnar Str\u00f6mmer i C\u00e1diz d\u00e4r Spanien och Sverige tillsammans med fem andra l\u00e4nder hade toppm\u00f6te med m\u00e5let att ut\u00f6ka samarbetet i kampen mot den gr\u00e4ns\u00f6verskridande grova organiserade brottsligheten och narkotikahandeln.<\/p>\n<p>Som att st\u00e4rka samarbetet med Latinamerika, V\u00e4stindien, V\u00e4stra Balkan och Afrika, s\u00e5 kallade \u201dtransitl\u00e4nder\u201d f\u00f6r den organiserade brottsligheten n\u00e4r det g\u00e4ller narkotika.<\/p>\n<p>\u00c4ven f\u00f6rebyggande \u00e5tg\u00e4rder som bek\u00e4mpning av penningtv\u00e4tt, inom logistik som hamnar och informationsutbyte mellan l\u00e4ndernas s\u00e4kerhetsstyrkor och polis. Men ocks\u00e5 b\u00e4ttre samordning och kontroll mellan olika myndigheter f\u00f6r att f\u00f6rhindra kriminella fr\u00e5n statliga kontrakt, subventioner och tillst\u00e5nd att engagera sig i kommersiell verksamhet f\u00f6r att p\u00e5 s\u00e5 vis \u201dd\u00f6lja eller tv\u00e4tta olagliga vinster\u201d.<\/p>\n<p>\u00c4ven att strama \u00e5t regleringen p\u00e5 EU-niv\u00e5 n\u00e4r det g\u00e4ller pyroteknik d\u00e5 bomber tillverkats av kraftfull pyroteknik som importerats fr\u00e5n andra EU-l\u00e4nder.<\/p>\n<p>Hur l\u00e5ngt detta r\u00e4cker \u00e5terst\u00e5r att se. En del menar att de kriminella redan tagit \u00f6ver och att den organiserade brottsligheten f\u00e5r mer inflytande och makt i offentliga institutioner.<\/p>\n<p>Vi kan alla visa var vi st\u00e5r. Genom hur vi lever eller vilka vi umg\u00e5s med. Till syvende och sist \u00e4r det k\u00f6p av hasch, kokain eller andra droger som g\u00f6der de kriminella g\u00e4ngen.<\/p>\n","protected":false},"excerpt":{"rendered":"<p>Runt fikaborden i Sverige eller p\u00e5 lunchbaren i Spanien. H\u00e4r diskuteras verkligheten och det ger en inblick i vad som oroar och engagerar m\u00e4nniskor&#8230;<\/p>\n","protected":false},"author":7,"featured_media":80200,"comment_status":"closed","ping_status":"closed","sticky":false,"template":"","format":"standard","meta":{"_et_pb_use_builder":"","_et_pb_old_content":"","_et_gb_content_width":"","footnotes":""},"categories":[396,4],"tags":[],"class_list":["post-80201","post","type-post","status-publish","format-standard","has-post-thumbnail","hentry","category-arkiv-artiklar","category-artiklar"],"yoast_head":"<!-- This site is optimized with the Yoast SEO Premium plugin v26.2 (Yoast SEO v28.2) - https:\/\/yoast.com\/product\/yoast-seo-premium-wordpress\/ -->\n<title>Spanien just nu - Sverigebilden - Svenska Magasinet<\/title>\n<meta name=\"robots\" content=\"noindex, follow, max-snippet:-1, max-image-preview:large, max-video-preview:-1\" \/>\n<meta property=\"og:locale\" content=\"sv_SE\" \/>\n<meta property=\"og:type\" content=\"article\" \/>\n<meta property=\"og:title\" content=\"Spanien just nu - Sverigebilden\" \/>\n<meta property=\"og:description\" content=\"Runt fikaborden i Sverige eller p\u00e5 lunchbaren i Spanien. H\u00e4r diskuteras verkligheten och det ger en inblick i vad som oroar och engagerar m\u00e4nniskor...\" \/>\n<meta property=\"og:url\" content=\"https:\/\/lightweb.dev\/l\/svm-temp\/artiklar\/spanien-just-nu\/spanien-just-nu-sverigebilden\/\" \/>\n<meta property=\"og:site_name\" content=\"Svenska Magasinet\" \/>\n<meta property=\"article:publisher\" content=\"https:\/\/www.facebook.com\/svenskamagasinet\" \/>\n<meta property=\"article:published_time\" content=\"2025-03-22T18:30:27+00:00\" \/>\n<meta property=\"article:modified_time\" content=\"2025-03-22T19:22:26+00:00\" \/>\n<meta property=\"og:image\" content=\"https:\/\/lightweb.dev\/l\/svm-temp\/wp-content\/uploads\/2025\/03\/svm20250311114118.webp\" \/>\n\t<meta property=\"og:image:width\" content=\"900\" \/>\n\t<meta property=\"og:image:height\" content=\"400\" \/>\n\t<meta property=\"og:image:type\" content=\"image\/webp\" \/>\n<meta name=\"author\" content=\"Ola Josefsson\" \/>\n<meta name=\"twitter:card\" content=\"summary_large_image\" \/>\n<meta name=\"twitter:creator\" content=\"@SvenskaMagasine\" \/>\n<meta name=\"twitter:site\" content=\"@SvenskaMagasine\" \/>\n<script type=\"application\/ld+json\" class=\"yoast-schema-graph\">{\"@context\":\"https:\\\/\\\/schema.org\",\"@graph\":[{\"@type\":\"Article\",\"@id\":\"https:\\\/\\\/lightweb.dev\\\/l\\\/svm-temp\\\/artiklar\\\/spanien-just-nu\\\/spanien-just-nu-sverigebilden\\\/#article\",\"isPartOf\":{\"@id\":\"https:\\\/\\\/lightweb.dev\\\/l\\\/svm-temp\\\/artiklar\\\/spanien-just-nu\\\/spanien-just-nu-sverigebilden\\\/\"},\"author\":{\"name\":\"Ola Josefsson\",\"@id\":\"https:\\\/\\\/lightweb.dev\\\/l\\\/svm-temp\\\/#\\\/schema\\\/person\\\/7a82b8a73d171d32360a564b6d03508e\"},\"headline\":\"Spanien just nu &#8211; Sverigebilden\",\"datePublished\":\"2025-03-22T18:30:27+00:00\",\"dateModified\":\"2025-03-22T19:22:26+00:00\",\"mainEntityOfPage\":{\"@id\":\"https:\\\/\\\/lightweb.dev\\\/l\\\/svm-temp\\\/artiklar\\\/spanien-just-nu\\\/spanien-just-nu-sverigebilden\\\/\"},\"wordCount\":752,\"publisher\":{\"@id\":\"https:\\\/\\\/lightweb.dev\\\/l\\\/svm-temp\\\/#organization\"},\"image\":{\"@id\":\"https:\\\/\\\/lightweb.dev\\\/l\\\/svm-temp\\\/artiklar\\\/spanien-just-nu\\\/spanien-just-nu-sverigebilden\\\/#primaryimage\"},\"thumbnailUrl\":\"https:\\\/\\\/lightweb.dev\\\/l\\\/svm-temp\\\/wp-content\\\/uploads\\\/2025\\\/03\\\/svm20250311114118.webp\",\"articleSection\":[\"Arkiv\",\"Artiklar\"],\"inLanguage\":\"sv-SE\"},{\"@type\":\"WebPage\",\"@id\":\"https:\\\/\\\/lightweb.dev\\\/l\\\/svm-temp\\\/artiklar\\\/spanien-just-nu\\\/spanien-just-nu-sverigebilden\\\/\",\"url\":\"https:\\\/\\\/lightweb.dev\\\/l\\\/svm-temp\\\/artiklar\\\/spanien-just-nu\\\/spanien-just-nu-sverigebilden\\\/\",\"name\":\"Spanien just nu - Sverigebilden - Svenska Magasinet\",\"isPartOf\":{\"@id\":\"https:\\\/\\\/lightweb.dev\\\/l\\\/svm-temp\\\/#website\"},\"primaryImageOfPage\":{\"@id\":\"https:\\\/\\\/lightweb.dev\\\/l\\\/svm-temp\\\/artiklar\\\/spanien-just-nu\\\/spanien-just-nu-sverigebilden\\\/#primaryimage\"},\"image\":{\"@id\":\"https:\\\/\\\/lightweb.dev\\\/l\\\/svm-temp\\\/artiklar\\\/spanien-just-nu\\\/spanien-just-nu-sverigebilden\\\/#primaryimage\"},\"thumbnailUrl\":\"https:\\\/\\\/lightweb.dev\\\/l\\\/svm-temp\\\/wp-content\\\/uploads\\\/2025\\\/03\\\/svm20250311114118.webp\",\"datePublished\":\"2025-03-22T18:30:27+00:00\",\"dateModified\":\"2025-03-22T19:22:26+00:00\",\"breadcrumb\":{\"@id\":\"https:\\\/\\\/lightweb.dev\\\/l\\\/svm-temp\\\/artiklar\\\/spanien-just-nu\\\/spanien-just-nu-sverigebilden\\\/#breadcrumb\"},\"inLanguage\":\"sv-SE\",\"potentialAction\":[{\"@type\":\"ReadAction\",\"target\":[\"https:\\\/\\\/lightweb.dev\\\/l\\\/svm-temp\\\/artiklar\\\/spanien-just-nu\\\/spanien-just-nu-sverigebilden\\\/\"]}]},{\"@type\":\"ImageObject\",\"inLanguage\":\"sv-SE\",\"@id\":\"https:\\\/\\\/lightweb.dev\\\/l\\\/svm-temp\\\/artiklar\\\/spanien-just-nu\\\/spanien-just-nu-sverigebilden\\\/#primaryimage\",\"url\":\"https:\\\/\\\/lightweb.dev\\\/l\\\/svm-temp\\\/wp-content\\\/uploads\\\/2025\\\/03\\\/svm20250311114118.webp\",\"contentUrl\":\"https:\\\/\\\/lightweb.dev\\\/l\\\/svm-temp\\\/wp-content\\\/uploads\\\/2025\\\/03\\\/svm20250311114118.webp\",\"width\":900,\"height\":400},{\"@type\":\"BreadcrumbList\",\"@id\":\"https:\\\/\\\/lightweb.dev\\\/l\\\/svm-temp\\\/artiklar\\\/spanien-just-nu\\\/spanien-just-nu-sverigebilden\\\/#breadcrumb\",\"itemListElement\":[{\"@type\":\"ListItem\",\"position\":1,\"name\":\"Hem\",\"item\":\"https:\\\/\\\/lightweb.dev\\\/l\\\/svm-temp\\\/\"},{\"@type\":\"ListItem\",\"position\":2,\"name\":\"Spanien just nu &#8211; Sverigebilden\"}]},{\"@type\":\"WebSite\",\"@id\":\"https:\\\/\\\/lightweb.dev\\\/l\\\/svm-temp\\\/#website\",\"url\":\"https:\\\/\\\/lightweb.dev\\\/l\\\/svm-temp\\\/\",\"name\":\"Svenska Magasinet\",\"description\":\"Dina Spanska nyheter p&aring; Svenska\",\"publisher\":{\"@id\":\"https:\\\/\\\/lightweb.dev\\\/l\\\/svm-temp\\\/#organization\"},\"potentialAction\":[{\"@type\":\"SearchAction\",\"target\":{\"@type\":\"EntryPoint\",\"urlTemplate\":\"https:\\\/\\\/lightweb.dev\\\/l\\\/svm-temp\\\/?s={search_term_string}\"},\"query-input\":{\"@type\":\"PropertyValueSpecification\",\"valueRequired\":true,\"valueName\":\"search_term_string\"}}],\"inLanguage\":\"sv-SE\"},{\"@type\":\"Organization\",\"@id\":\"https:\\\/\\\/lightweb.dev\\\/l\\\/svm-temp\\\/#organization\",\"name\":\"Melkerson y Nott SL\",\"alternateName\":\"Svenska Magasinet\",\"url\":\"https:\\\/\\\/lightweb.dev\\\/l\\\/svm-temp\\\/\",\"logo\":{\"@type\":\"ImageObject\",\"inLanguage\":\"sv-SE\",\"@id\":\"https:\\\/\\\/lightweb.dev\\\/l\\\/svm-temp\\\/#\\\/schema\\\/logo\\\/image\\\/\",\"url\":\"https:\\\/\\\/lightweb.dev\\\/l\\\/svm-temp\\\/wp-content\\\/uploads\\\/2025\\\/02\\\/SvM-logo-Xtra-Centrerad-SVART.png\",\"contentUrl\":\"https:\\\/\\\/lightweb.dev\\\/l\\\/svm-temp\\\/wp-content\\\/uploads\\\/2025\\\/02\\\/SvM-logo-Xtra-Centrerad-SVART.png\",\"width\":300,\"height\":99,\"caption\":\"Melkerson y Nott SL\"},\"image\":{\"@id\":\"https:\\\/\\\/lightweb.dev\\\/l\\\/svm-temp\\\/#\\\/schema\\\/logo\\\/image\\\/\"},\"sameAs\":[\"https:\\\/\\\/www.facebook.com\\\/svenskamagasinet\",\"https:\\\/\\\/x.com\\\/SvenskaMagasine\"]},{\"@type\":\"Person\",\"@id\":\"https:\\\/\\\/lightweb.dev\\\/l\\\/svm-temp\\\/#\\\/schema\\\/person\\\/7a82b8a73d171d32360a564b6d03508e\",\"name\":\"Ola Josefsson\",\"description\":\"Bevakar Solkusten och Spanien sedan 1994.\",\"sameAs\":[\"https:\\\/\\\/lightweb.dev\\\/l\\\/svm-temp\"],\"url\":\"https:\\\/\\\/lightweb.dev\\\/l\\\/svm-temp\\\/reporter\\\/ola-josefsson\\\/\"}]}<\/script>\n<!-- \/ Yoast SEO Premium plugin. -->","yoast_head_json":{"title":"Spanien just nu - Sverigebilden - Svenska Magasinet","robots":{"index":"noindex","follow":"follow","max-snippet":"max-snippet:-1","max-image-preview":"max-image-preview:large","max-video-preview":"max-video-preview:-1"},"og_locale":"sv_SE","og_type":"article","og_title":"Spanien just nu - Sverigebilden","og_description":"Runt fikaborden i Sverige eller p\u00e5 lunchbaren i Spanien. H\u00e4r diskuteras verkligheten och det ger en inblick i vad som oroar och engagerar m\u00e4nniskor...","og_url":"https:\/\/lightweb.dev\/l\/svm-temp\/artiklar\/spanien-just-nu\/spanien-just-nu-sverigebilden\/","og_site_name":"Svenska Magasinet","article_publisher":"https:\/\/www.facebook.com\/svenskamagasinet","article_published_time":"2025-03-22T18:30:27+00:00","article_modified_time":"2025-03-22T19:22:26+00:00","og_image":[{"width":900,"height":400,"url":"https:\/\/lightweb.dev\/l\/svm-temp\/wp-content\/uploads\/2025\/03\/svm20250311114118.webp","type":"image\/webp"}],"author":"Ola Josefsson","twitter_card":"summary_large_image","twitter_creator":"@SvenskaMagasine","twitter_site":"@SvenskaMagasine","schema":{"@context":"https:\/\/schema.org","@graph":[{"@type":"Article","@id":"https:\/\/lightweb.dev\/l\/svm-temp\/artiklar\/spanien-just-nu\/spanien-just-nu-sverigebilden\/#article","isPartOf":{"@id":"https:\/\/lightweb.dev\/l\/svm-temp\/artiklar\/spanien-just-nu\/spanien-just-nu-sverigebilden\/"},"author":{"name":"Ola Josefsson","@id":"https:\/\/lightweb.dev\/l\/svm-temp\/#\/schema\/person\/7a82b8a73d171d32360a564b6d03508e"},"headline":"Spanien just nu &#8211; Sverigebilden","datePublished":"2025-03-22T18:30:27+00:00","dateModified":"2025-03-22T19:22:26+00:00","mainEntityOfPage":{"@id":"https:\/\/lightweb.dev\/l\/svm-temp\/artiklar\/spanien-just-nu\/spanien-just-nu-sverigebilden\/"},"wordCount":752,"publisher":{"@id":"https:\/\/lightweb.dev\/l\/svm-temp\/#organization"},"image":{"@id":"https:\/\/lightweb.dev\/l\/svm-temp\/artiklar\/spanien-just-nu\/spanien-just-nu-sverigebilden\/#primaryimage"},"thumbnailUrl":"https:\/\/lightweb.dev\/l\/svm-temp\/wp-content\/uploads\/2025\/03\/svm20250311114118.webp","articleSection":["Arkiv","Artiklar"],"inLanguage":"sv-SE"},{"@type":"WebPage","@id":"https:\/\/lightweb.dev\/l\/svm-temp\/artiklar\/spanien-just-nu\/spanien-just-nu-sverigebilden\/","url":"https:\/\/lightweb.dev\/l\/svm-temp\/artiklar\/spanien-just-nu\/spanien-just-nu-sverigebilden\/","name":"Spanien just nu - Sverigebilden - Svenska Magasinet","isPartOf":{"@id":"https:\/\/lightweb.dev\/l\/svm-temp\/#website"},"primaryImageOfPage":{"@id":"https:\/\/lightweb.dev\/l\/svm-temp\/artiklar\/spanien-just-nu\/spanien-just-nu-sverigebilden\/#primaryimage"},"image":{"@id":"https:\/\/lightweb.dev\/l\/svm-temp\/artiklar\/spanien-just-nu\/spanien-just-nu-sverigebilden\/#primaryimage"},"thumbnailUrl":"https:\/\/lightweb.dev\/l\/svm-temp\/wp-content\/uploads\/2025\/03\/svm20250311114118.webp","datePublished":"2025-03-22T18:30:27+00:00","dateModified":"2025-03-22T19:22:26+00:00","breadcrumb":{"@id":"https:\/\/lightweb.dev\/l\/svm-temp\/artiklar\/spanien-just-nu\/spanien-just-nu-sverigebilden\/#breadcrumb"},"inLanguage":"sv-SE","potentialAction":[{"@type":"ReadAction","target":["https:\/\/lightweb.dev\/l\/svm-temp\/artiklar\/spanien-just-nu\/spanien-just-nu-sverigebilden\/"]}]},{"@type":"ImageObject","inLanguage":"sv-SE","@id":"https:\/\/lightweb.dev\/l\/svm-temp\/artiklar\/spanien-just-nu\/spanien-just-nu-sverigebilden\/#primaryimage","url":"https:\/\/lightweb.dev\/l\/svm-temp\/wp-content\/uploads\/2025\/03\/svm20250311114118.webp","contentUrl":"https:\/\/lightweb.dev\/l\/svm-temp\/wp-content\/uploads\/2025\/03\/svm20250311114118.webp","width":900,"height":400},{"@type":"BreadcrumbList","@id":"https:\/\/lightweb.dev\/l\/svm-temp\/artiklar\/spanien-just-nu\/spanien-just-nu-sverigebilden\/#breadcrumb","itemListElement":[{"@type":"ListItem","position":1,"name":"Hem","item":"https:\/\/lightweb.dev\/l\/svm-temp\/"},{"@type":"ListItem","position":2,"name":"Spanien just nu &#8211; Sverigebilden"}]},{"@type":"WebSite","@id":"https:\/\/lightweb.dev\/l\/svm-temp\/#website","url":"https:\/\/lightweb.dev\/l\/svm-temp\/","name":"Svenska Magasinet","description":"Dina Spanska nyheter p&aring; Svenska","publisher":{"@id":"https:\/\/lightweb.dev\/l\/svm-temp\/#organization"},"potentialAction":[{"@type":"SearchAction","target":{"@type":"EntryPoint","urlTemplate":"https:\/\/lightweb.dev\/l\/svm-temp\/?s={search_term_string}"},"query-input":{"@type":"PropertyValueSpecification","valueRequired":true,"valueName":"search_term_string"}}],"inLanguage":"sv-SE"},{"@type":"Organization","@id":"https:\/\/lightweb.dev\/l\/svm-temp\/#organization","name":"Melkerson y Nott SL","alternateName":"Svenska Magasinet","url":"https:\/\/lightweb.dev\/l\/svm-temp\/","logo":{"@type":"ImageObject","inLanguage":"sv-SE","@id":"https:\/\/lightweb.dev\/l\/svm-temp\/#\/schema\/logo\/image\/","url":"https:\/\/lightweb.dev\/l\/svm-temp\/wp-content\/uploads\/2025\/02\/SvM-logo-Xtra-Centrerad-SVART.png","contentUrl":"https:\/\/lightweb.dev\/l\/svm-temp\/wp-content\/uploads\/2025\/02\/SvM-logo-Xtra-Centrerad-SVART.png","width":300,"height":99,"caption":"Melkerson y Nott SL"},"image":{"@id":"https:\/\/lightweb.dev\/l\/svm-temp\/#\/schema\/logo\/image\/"},"sameAs":["https:\/\/www.facebook.com\/svenskamagasinet","https:\/\/x.com\/SvenskaMagasine"]},{"@type":"Person","@id":"https:\/\/lightweb.dev\/l\/svm-temp\/#\/schema\/person\/7a82b8a73d171d32360a564b6d03508e","name":"Ola Josefsson","description":"Bevakar Solkusten och Spanien sedan 1994.","sameAs":["https:\/\/lightweb.dev\/l\/svm-temp"],"url":"https:\/\/lightweb.dev\/l\/svm-temp\/reporter\/ola-josefsson\/"}]}},"_links":{"self":[{"href":"https:\/\/lightweb.dev\/l\/svm-temp\/wp-json\/wp\/v2\/posts\/80201","targetHints":{"allow":["GET"]}}],"collection":[{"href":"https:\/\/lightweb.dev\/l\/svm-temp\/wp-json\/wp\/v2\/posts"}],"about":[{"href":"https:\/\/lightweb.dev\/l\/svm-temp\/wp-json\/wp\/v2\/types\/post"}],"author":[{"embeddable":true,"href":"https:\/\/lightweb.dev\/l\/svm-temp\/wp-json\/wp\/v2\/users\/7"}],"replies":[{"embeddable":true,"href":"https:\/\/lightweb.dev\/l\/svm-temp\/wp-json\/wp\/v2\/comments?post=80201"}],"version-history":[{"count":0,"href":"https:\/\/lightweb.dev\/l\/svm-temp\/wp-json\/wp\/v2\/posts\/80201\/revisions"}],"wp:featuredmedia":[{"embeddable":true,"href":"https:\/\/lightweb.dev\/l\/svm-temp\/wp-json\/wp\/v2\/media\/80200"}],"wp:attachment":[{"href":"https:\/\/lightweb.dev\/l\/svm-temp\/wp-json\/wp\/v2\/media?parent=80201"}],"wp:term":[{"taxonomy":"category","embeddable":true,"href":"https:\/\/lightweb.dev\/l\/svm-temp\/wp-json\/wp\/v2\/categories?post=80201"},{"taxonomy":"post_tag","embeddable":true,"href":"https:\/\/lightweb.dev\/l\/svm-temp\/wp-json\/wp\/v2\/tags?post=80201"}],"curies":[{"name":"wp","href":"https:\/\/api.w.org\/{rel}","templated":true}]}}