{"id":80222,"date":"2025-03-11T16:48:48","date_gmt":"2025-03-11T15:48:48","guid":{"rendered":"https:\/\/lightweb.dev\/l\/svm-temp\/?p=80222"},"modified":"2025-03-11T21:18:47","modified_gmt":"2025-03-11T20:18:47","slug":"byggbranschen-ar-enda-sektorn-dar-kvinnor-tjanar-mer-an-man","status":"publish","type":"post","link":"https:\/\/lightweb.dev\/l\/svm-temp\/nyheter\/byggbranschen-ar-enda-sektorn-dar-kvinnor-tjanar-mer-an-man\/","title":{"rendered":"Byggbranschen \u00e4r enda sektorn d\u00e4r kvinnor tj\u00e4nar mer \u00e4n m\u00e4n"},"content":{"rendered":"<p><strong>L\u00f6negapet mellan k\u00f6nen har minskat men inom flera branscher \u00e4r det fortfarande stort.\u00a0<\/strong><\/p>\n<p><span style=\"font-weight: 400;\">Byggbranschen har alltid, och \u00e4r fortfarande, kraftigt dominerad av m\u00e4n. Trots detta \u00e4r det den enda sektorn i Spanien d\u00e4r kvinnorna tj\u00e4nar mer. Endast 12 procent av alla som arbetar inom den \u00e4r kvinnor men de tj\u00e4nar i genomsnitt 15 procent mer \u00e4n sina manliga kollegor. Detta enligt uppgifter fr\u00e5n en unders\u00f6kning om skillnader i l\u00f6n mellan k\u00f6nen som genomf\u00f6rts av Esade &#8211; en privat tankesmedja som jobbar n\u00e4ra n\u00e4ringslivet, industrin och handeln.\u00a0<\/span><\/p>\n<p><span style=\"font-weight: 400;\">F\u00f6rklaringen \u00e4r att kvinnor inom sektorn i regel har h\u00f6gre kvalifikationer och d\u00e4rmed innehar h\u00f6gre positioner p\u00e5 byggf\u00f6retagen. Samtidigt utg\u00f6rs n\u00e4stan alla positioner som inte kr\u00e4ver lika mycket utbildning &#8211; som murare eller byggarbetare &#8211; av m\u00e4n.\u00a0<\/span><\/p>\n<p><span style=\"font-weight: 400;\">Den bransch d\u00e4r kvinnor tj\u00e4nar mindre men ligger n\u00e4rmast m\u00e4nnen \u00e4r transport och magasinering. D\u00e4r tj\u00e4nar de endast 1 procent mindre.\u00a0<\/span><\/p>\n<p><span style=\"font-weight: 400;\">Inom andra sektorer \u00e4r gapen dock fortfarande betydligt h\u00f6gre. N\u00e4r det g\u00e4ller sjukv\u00e5rd och sociala tj\u00e4nster tj\u00e4nar m\u00e4n hela 21 procent mer. Samma siffra g\u00e4ller f\u00f6r forskare och de som arbetar med teknik.\u00a0<\/span><\/p>\n<p><span style=\"font-weight: 400;\">Enligt Esade f\u00f6rklaras en stor del av att kvinnor i regel innehar l\u00e4gre positioner inom de flesta f\u00f6retag men det \u00e4r l\u00e5ngt ifr\u00e5n hela anledningen. Till exempel s\u00e5 menar de att finanssektorns gap p\u00e5 17 procent i 42 procent av de enskilda fallen kan f\u00f6rklaras av att kvinnorna har tj\u00e4nster med l\u00e4gre l\u00f6n. Vad resten beror p\u00e5 \u00e4r sv\u00e5rare att fastsl\u00e5.\u00a0<\/span><\/p>\n<p><span style=\"font-weight: 400;\">P\u00e5 den positiva sidan ska det till\u00e4ggas att gapet mellan en genomsnittlig arbetad timme har minskat fr\u00e5n 15 till 9 procent mellan 2010 och 2022.\u00a0\u00a0<\/span><\/p>\n","protected":false},"excerpt":{"rendered":"<p>L\u00f6negapet mellan k\u00f6nen har minskat men inom flera branscher \u00e4r det fortfarande stort.\u00a0<\/p>\n","protected":false},"author":14,"featured_media":80219,"comment_status":"closed","ping_status":"closed","sticky":false,"template":"","format":"standard","meta":{"_et_pb_use_builder":"","_et_pb_old_content":"","_et_gb_content_width":"","footnotes":""},"categories":[351,3],"tags":[],"class_list":["post-80222","post","type-post","status-publish","format-standard","has-post-thumbnail","hentry","category-ekonomi-nyheter","category-nyheter"],"yoast_head":"<!-- This site is optimized with the Yoast SEO Premium plugin v26.2 (Yoast SEO v27.4) - https:\/\/yoast.com\/product\/yoast-seo-premium-wordpress\/ -->\n<title>Byggbranschen \u00e4r enda sektorn d\u00e4r kvinnor tj\u00e4nar mer \u00e4n m\u00e4n - Svenska Magasinet<\/title>\n<meta name=\"description\" content=\"Trots f\u00e5 kvinnor i byggbranschen \u00e4r l\u00f6nerna h\u00f6gre f\u00f6r dem. Denna artikel f\u00f6rklarar varf\u00f6r kvinnor tj\u00e4nar mer \u00e4n m\u00e4n.\" \/>\n<meta name=\"robots\" content=\"noindex, follow, max-snippet:-1, max-image-preview:large, max-video-preview:-1\" \/>\n<meta property=\"og:locale\" content=\"sv_SE\" \/>\n<meta property=\"og:type\" content=\"article\" \/>\n<meta property=\"og:title\" content=\"Byggbranschen \u00e4r enda sektorn d\u00e4r kvinnor tj\u00e4nar mer \u00e4n m\u00e4n\" \/>\n<meta property=\"og:description\" content=\"Trots f\u00e5 kvinnor i byggbranschen \u00e4r l\u00f6nerna h\u00f6gre f\u00f6r dem. Denna artikel f\u00f6rklarar varf\u00f6r kvinnor tj\u00e4nar mer \u00e4n m\u00e4n.\" \/>\n<meta property=\"og:url\" content=\"https:\/\/lightweb.dev\/l\/svm-temp\/artiklar\/ekonomi\/byggbranschen-ar-enda-sektorn-dar-kvinnor-tjanar-mer-an-man\/\" \/>\n<meta property=\"og:site_name\" content=\"Svenska Magasinet\" \/>\n<meta property=\"article:publisher\" content=\"https:\/\/www.facebook.com\/svenskamagasinet\" \/>\n<meta property=\"article:published_time\" content=\"2025-03-11T15:48:48+00:00\" \/>\n<meta property=\"article:modified_time\" content=\"2025-03-11T20:18:47+00:00\" \/>\n<meta property=\"og:image\" content=\"https:\/\/lightweb.dev\/l\/svm-temp\/wp-content\/uploads\/2025\/03\/svm20250311153702.webp\" \/>\n\t<meta property=\"og:image:width\" content=\"900\" \/>\n\t<meta property=\"og:image:height\" content=\"400\" \/>\n\t<meta property=\"og:image:type\" content=\"image\/webp\" \/>\n<meta name=\"author\" content=\"Robbie Eriksson\" \/>\n<meta name=\"twitter:card\" content=\"summary_large_image\" \/>\n<meta name=\"twitter:creator\" content=\"@SvenskaMagasine\" \/>\n<meta name=\"twitter:site\" content=\"@SvenskaMagasine\" \/>\n<script type=\"application\/ld+json\" class=\"yoast-schema-graph\">{\"@context\":\"https:\\\/\\\/schema.org\",\"@graph\":[{\"@type\":\"Article\",\"@id\":\"https:\\\/\\\/lightweb.dev\\\/l\\\/svm-temp\\\/artiklar\\\/ekonomi\\\/byggbranschen-ar-enda-sektorn-dar-kvinnor-tjanar-mer-an-man\\\/#article\",\"isPartOf\":{\"@id\":\"https:\\\/\\\/lightweb.dev\\\/l\\\/svm-temp\\\/artiklar\\\/ekonomi\\\/byggbranschen-ar-enda-sektorn-dar-kvinnor-tjanar-mer-an-man\\\/\"},\"author\":{\"name\":\"Robbie Eriksson\",\"@id\":\"https:\\\/\\\/lightweb.dev\\\/l\\\/svm-temp\\\/#\\\/schema\\\/person\\\/caffe038990d25722f5a04a03c906a2b\"},\"headline\":\"Byggbranschen \u00e4r enda sektorn d\u00e4r kvinnor tj\u00e4nar mer \u00e4n m\u00e4n\",\"datePublished\":\"2025-03-11T15:48:48+00:00\",\"dateModified\":\"2025-03-11T20:18:47+00:00\",\"mainEntityOfPage\":{\"@id\":\"https:\\\/\\\/lightweb.dev\\\/l\\\/svm-temp\\\/artiklar\\\/ekonomi\\\/byggbranschen-ar-enda-sektorn-dar-kvinnor-tjanar-mer-an-man\\\/\"},\"wordCount\":315,\"publisher\":{\"@id\":\"https:\\\/\\\/lightweb.dev\\\/l\\\/svm-temp\\\/#organization\"},\"image\":{\"@id\":\"https:\\\/\\\/lightweb.dev\\\/l\\\/svm-temp\\\/artiklar\\\/ekonomi\\\/byggbranschen-ar-enda-sektorn-dar-kvinnor-tjanar-mer-an-man\\\/#primaryimage\"},\"thumbnailUrl\":\"https:\\\/\\\/lightweb.dev\\\/l\\\/svm-temp\\\/wp-content\\\/uploads\\\/2025\\\/03\\\/svm20250311153702.webp\",\"articleSection\":[\"Ekonomi\",\"Nyheter\"],\"inLanguage\":\"sv-SE\"},{\"@type\":\"WebPage\",\"@id\":\"https:\\\/\\\/lightweb.dev\\\/l\\\/svm-temp\\\/artiklar\\\/ekonomi\\\/byggbranschen-ar-enda-sektorn-dar-kvinnor-tjanar-mer-an-man\\\/\",\"url\":\"https:\\\/\\\/lightweb.dev\\\/l\\\/svm-temp\\\/artiklar\\\/ekonomi\\\/byggbranschen-ar-enda-sektorn-dar-kvinnor-tjanar-mer-an-man\\\/\",\"name\":\"Byggbranschen \u00e4r enda sektorn d\u00e4r kvinnor tj\u00e4nar mer \u00e4n m\u00e4n - Svenska Magasinet\",\"isPartOf\":{\"@id\":\"https:\\\/\\\/lightweb.dev\\\/l\\\/svm-temp\\\/#website\"},\"primaryImageOfPage\":{\"@id\":\"https:\\\/\\\/lightweb.dev\\\/l\\\/svm-temp\\\/artiklar\\\/ekonomi\\\/byggbranschen-ar-enda-sektorn-dar-kvinnor-tjanar-mer-an-man\\\/#primaryimage\"},\"image\":{\"@id\":\"https:\\\/\\\/lightweb.dev\\\/l\\\/svm-temp\\\/artiklar\\\/ekonomi\\\/byggbranschen-ar-enda-sektorn-dar-kvinnor-tjanar-mer-an-man\\\/#primaryimage\"},\"thumbnailUrl\":\"https:\\\/\\\/lightweb.dev\\\/l\\\/svm-temp\\\/wp-content\\\/uploads\\\/2025\\\/03\\\/svm20250311153702.webp\",\"datePublished\":\"2025-03-11T15:48:48+00:00\",\"dateModified\":\"2025-03-11T20:18:47+00:00\",\"description\":\"Trots f\u00e5 kvinnor i byggbranschen \u00e4r l\u00f6nerna h\u00f6gre f\u00f6r dem. Denna artikel f\u00f6rklarar varf\u00f6r kvinnor tj\u00e4nar mer \u00e4n m\u00e4n.\",\"breadcrumb\":{\"@id\":\"https:\\\/\\\/lightweb.dev\\\/l\\\/svm-temp\\\/artiklar\\\/ekonomi\\\/byggbranschen-ar-enda-sektorn-dar-kvinnor-tjanar-mer-an-man\\\/#breadcrumb\"},\"inLanguage\":\"sv-SE\",\"potentialAction\":[{\"@type\":\"ReadAction\",\"target\":[\"https:\\\/\\\/lightweb.dev\\\/l\\\/svm-temp\\\/artiklar\\\/ekonomi\\\/byggbranschen-ar-enda-sektorn-dar-kvinnor-tjanar-mer-an-man\\\/\"]}]},{\"@type\":\"ImageObject\",\"inLanguage\":\"sv-SE\",\"@id\":\"https:\\\/\\\/lightweb.dev\\\/l\\\/svm-temp\\\/artiklar\\\/ekonomi\\\/byggbranschen-ar-enda-sektorn-dar-kvinnor-tjanar-mer-an-man\\\/#primaryimage\",\"url\":\"https:\\\/\\\/lightweb.dev\\\/l\\\/svm-temp\\\/wp-content\\\/uploads\\\/2025\\\/03\\\/svm20250311153702.webp\",\"contentUrl\":\"https:\\\/\\\/lightweb.dev\\\/l\\\/svm-temp\\\/wp-content\\\/uploads\\\/2025\\\/03\\\/svm20250311153702.webp\",\"width\":900,\"height\":400},{\"@type\":\"BreadcrumbList\",\"@id\":\"https:\\\/\\\/lightweb.dev\\\/l\\\/svm-temp\\\/artiklar\\\/ekonomi\\\/byggbranschen-ar-enda-sektorn-dar-kvinnor-tjanar-mer-an-man\\\/#breadcrumb\",\"itemListElement\":[{\"@type\":\"ListItem\",\"position\":1,\"name\":\"Hem\",\"item\":\"https:\\\/\\\/lightweb.dev\\\/l\\\/svm-temp\\\/\"},{\"@type\":\"ListItem\",\"position\":2,\"name\":\"Byggbranschen \u00e4r enda sektorn d\u00e4r kvinnor tj\u00e4nar mer \u00e4n m\u00e4n\"}]},{\"@type\":\"WebSite\",\"@id\":\"https:\\\/\\\/lightweb.dev\\\/l\\\/svm-temp\\\/#website\",\"url\":\"https:\\\/\\\/lightweb.dev\\\/l\\\/svm-temp\\\/\",\"name\":\"Svenska Magasinet\",\"description\":\"Dina Spanska nyheter p&aring; Svenska\",\"publisher\":{\"@id\":\"https:\\\/\\\/lightweb.dev\\\/l\\\/svm-temp\\\/#organization\"},\"potentialAction\":[{\"@type\":\"SearchAction\",\"target\":{\"@type\":\"EntryPoint\",\"urlTemplate\":\"https:\\\/\\\/lightweb.dev\\\/l\\\/svm-temp\\\/?s={search_term_string}\"},\"query-input\":{\"@type\":\"PropertyValueSpecification\",\"valueRequired\":true,\"valueName\":\"search_term_string\"}}],\"inLanguage\":\"sv-SE\"},{\"@type\":\"Organization\",\"@id\":\"https:\\\/\\\/lightweb.dev\\\/l\\\/svm-temp\\\/#organization\",\"name\":\"Melkerson y Nott SL\",\"alternateName\":\"Svenska Magasinet\",\"url\":\"https:\\\/\\\/lightweb.dev\\\/l\\\/svm-temp\\\/\",\"logo\":{\"@type\":\"ImageObject\",\"inLanguage\":\"sv-SE\",\"@id\":\"https:\\\/\\\/lightweb.dev\\\/l\\\/svm-temp\\\/#\\\/schema\\\/logo\\\/image\\\/\",\"url\":\"https:\\\/\\\/lightweb.dev\\\/l\\\/svm-temp\\\/wp-content\\\/uploads\\\/2025\\\/02\\\/SvM-logo-Xtra-Centrerad-SVART.png\",\"contentUrl\":\"https:\\\/\\\/lightweb.dev\\\/l\\\/svm-temp\\\/wp-content\\\/uploads\\\/2025\\\/02\\\/SvM-logo-Xtra-Centrerad-SVART.png\",\"width\":300,\"height\":99,\"caption\":\"Melkerson y Nott SL\"},\"image\":{\"@id\":\"https:\\\/\\\/lightweb.dev\\\/l\\\/svm-temp\\\/#\\\/schema\\\/logo\\\/image\\\/\"},\"sameAs\":[\"https:\\\/\\\/www.facebook.com\\\/svenskamagasinet\",\"https:\\\/\\\/x.com\\\/SvenskaMagasine\"]},{\"@type\":\"Person\",\"@id\":\"https:\\\/\\\/lightweb.dev\\\/l\\\/svm-temp\\\/#\\\/schema\\\/person\\\/caffe038990d25722f5a04a03c906a2b\",\"name\":\"Robbie Eriksson\",\"sameAs\":[\"https:\\\/\\\/lightweb.dev\\\/l\\\/svm-temp\"],\"url\":\"https:\\\/\\\/lightweb.dev\\\/l\\\/svm-temp\\\/reporter\\\/robbie-eriksson\\\/\"}]}<\/script>\n<!-- \/ Yoast SEO Premium plugin. -->","yoast_head_json":{"title":"Byggbranschen \u00e4r enda sektorn d\u00e4r kvinnor tj\u00e4nar mer \u00e4n m\u00e4n - Svenska Magasinet","description":"Trots f\u00e5 kvinnor i byggbranschen \u00e4r l\u00f6nerna h\u00f6gre f\u00f6r dem. Denna artikel f\u00f6rklarar varf\u00f6r kvinnor tj\u00e4nar mer \u00e4n m\u00e4n.","robots":{"index":"noindex","follow":"follow","max-snippet":"max-snippet:-1","max-image-preview":"max-image-preview:large","max-video-preview":"max-video-preview:-1"},"og_locale":"sv_SE","og_type":"article","og_title":"Byggbranschen \u00e4r enda sektorn d\u00e4r kvinnor tj\u00e4nar mer \u00e4n m\u00e4n","og_description":"Trots f\u00e5 kvinnor i byggbranschen \u00e4r l\u00f6nerna h\u00f6gre f\u00f6r dem. Denna artikel f\u00f6rklarar varf\u00f6r kvinnor tj\u00e4nar mer \u00e4n m\u00e4n.","og_url":"https:\/\/lightweb.dev\/l\/svm-temp\/artiklar\/ekonomi\/byggbranschen-ar-enda-sektorn-dar-kvinnor-tjanar-mer-an-man\/","og_site_name":"Svenska Magasinet","article_publisher":"https:\/\/www.facebook.com\/svenskamagasinet","article_published_time":"2025-03-11T15:48:48+00:00","article_modified_time":"2025-03-11T20:18:47+00:00","og_image":[{"width":900,"height":400,"url":"https:\/\/lightweb.dev\/l\/svm-temp\/wp-content\/uploads\/2025\/03\/svm20250311153702.webp","type":"image\/webp"}],"author":"Robbie Eriksson","twitter_card":"summary_large_image","twitter_creator":"@SvenskaMagasine","twitter_site":"@SvenskaMagasine","schema":{"@context":"https:\/\/schema.org","@graph":[{"@type":"Article","@id":"https:\/\/lightweb.dev\/l\/svm-temp\/artiklar\/ekonomi\/byggbranschen-ar-enda-sektorn-dar-kvinnor-tjanar-mer-an-man\/#article","isPartOf":{"@id":"https:\/\/lightweb.dev\/l\/svm-temp\/artiklar\/ekonomi\/byggbranschen-ar-enda-sektorn-dar-kvinnor-tjanar-mer-an-man\/"},"author":{"name":"Robbie Eriksson","@id":"https:\/\/lightweb.dev\/l\/svm-temp\/#\/schema\/person\/caffe038990d25722f5a04a03c906a2b"},"headline":"Byggbranschen \u00e4r enda sektorn d\u00e4r kvinnor tj\u00e4nar mer \u00e4n m\u00e4n","datePublished":"2025-03-11T15:48:48+00:00","dateModified":"2025-03-11T20:18:47+00:00","mainEntityOfPage":{"@id":"https:\/\/lightweb.dev\/l\/svm-temp\/artiklar\/ekonomi\/byggbranschen-ar-enda-sektorn-dar-kvinnor-tjanar-mer-an-man\/"},"wordCount":315,"publisher":{"@id":"https:\/\/lightweb.dev\/l\/svm-temp\/#organization"},"image":{"@id":"https:\/\/lightweb.dev\/l\/svm-temp\/artiklar\/ekonomi\/byggbranschen-ar-enda-sektorn-dar-kvinnor-tjanar-mer-an-man\/#primaryimage"},"thumbnailUrl":"https:\/\/lightweb.dev\/l\/svm-temp\/wp-content\/uploads\/2025\/03\/svm20250311153702.webp","articleSection":["Ekonomi","Nyheter"],"inLanguage":"sv-SE"},{"@type":"WebPage","@id":"https:\/\/lightweb.dev\/l\/svm-temp\/artiklar\/ekonomi\/byggbranschen-ar-enda-sektorn-dar-kvinnor-tjanar-mer-an-man\/","url":"https:\/\/lightweb.dev\/l\/svm-temp\/artiklar\/ekonomi\/byggbranschen-ar-enda-sektorn-dar-kvinnor-tjanar-mer-an-man\/","name":"Byggbranschen \u00e4r enda sektorn d\u00e4r kvinnor tj\u00e4nar mer \u00e4n m\u00e4n - Svenska Magasinet","isPartOf":{"@id":"https:\/\/lightweb.dev\/l\/svm-temp\/#website"},"primaryImageOfPage":{"@id":"https:\/\/lightweb.dev\/l\/svm-temp\/artiklar\/ekonomi\/byggbranschen-ar-enda-sektorn-dar-kvinnor-tjanar-mer-an-man\/#primaryimage"},"image":{"@id":"https:\/\/lightweb.dev\/l\/svm-temp\/artiklar\/ekonomi\/byggbranschen-ar-enda-sektorn-dar-kvinnor-tjanar-mer-an-man\/#primaryimage"},"thumbnailUrl":"https:\/\/lightweb.dev\/l\/svm-temp\/wp-content\/uploads\/2025\/03\/svm20250311153702.webp","datePublished":"2025-03-11T15:48:48+00:00","dateModified":"2025-03-11T20:18:47+00:00","description":"Trots f\u00e5 kvinnor i byggbranschen \u00e4r l\u00f6nerna h\u00f6gre f\u00f6r dem. Denna artikel f\u00f6rklarar varf\u00f6r kvinnor tj\u00e4nar mer \u00e4n m\u00e4n.","breadcrumb":{"@id":"https:\/\/lightweb.dev\/l\/svm-temp\/artiklar\/ekonomi\/byggbranschen-ar-enda-sektorn-dar-kvinnor-tjanar-mer-an-man\/#breadcrumb"},"inLanguage":"sv-SE","potentialAction":[{"@type":"ReadAction","target":["https:\/\/lightweb.dev\/l\/svm-temp\/artiklar\/ekonomi\/byggbranschen-ar-enda-sektorn-dar-kvinnor-tjanar-mer-an-man\/"]}]},{"@type":"ImageObject","inLanguage":"sv-SE","@id":"https:\/\/lightweb.dev\/l\/svm-temp\/artiklar\/ekonomi\/byggbranschen-ar-enda-sektorn-dar-kvinnor-tjanar-mer-an-man\/#primaryimage","url":"https:\/\/lightweb.dev\/l\/svm-temp\/wp-content\/uploads\/2025\/03\/svm20250311153702.webp","contentUrl":"https:\/\/lightweb.dev\/l\/svm-temp\/wp-content\/uploads\/2025\/03\/svm20250311153702.webp","width":900,"height":400},{"@type":"BreadcrumbList","@id":"https:\/\/lightweb.dev\/l\/svm-temp\/artiklar\/ekonomi\/byggbranschen-ar-enda-sektorn-dar-kvinnor-tjanar-mer-an-man\/#breadcrumb","itemListElement":[{"@type":"ListItem","position":1,"name":"Hem","item":"https:\/\/lightweb.dev\/l\/svm-temp\/"},{"@type":"ListItem","position":2,"name":"Byggbranschen \u00e4r enda sektorn d\u00e4r kvinnor tj\u00e4nar mer \u00e4n m\u00e4n"}]},{"@type":"WebSite","@id":"https:\/\/lightweb.dev\/l\/svm-temp\/#website","url":"https:\/\/lightweb.dev\/l\/svm-temp\/","name":"Svenska Magasinet","description":"Dina Spanska nyheter p&aring; Svenska","publisher":{"@id":"https:\/\/lightweb.dev\/l\/svm-temp\/#organization"},"potentialAction":[{"@type":"SearchAction","target":{"@type":"EntryPoint","urlTemplate":"https:\/\/lightweb.dev\/l\/svm-temp\/?s={search_term_string}"},"query-input":{"@type":"PropertyValueSpecification","valueRequired":true,"valueName":"search_term_string"}}],"inLanguage":"sv-SE"},{"@type":"Organization","@id":"https:\/\/lightweb.dev\/l\/svm-temp\/#organization","name":"Melkerson y Nott SL","alternateName":"Svenska Magasinet","url":"https:\/\/lightweb.dev\/l\/svm-temp\/","logo":{"@type":"ImageObject","inLanguage":"sv-SE","@id":"https:\/\/lightweb.dev\/l\/svm-temp\/#\/schema\/logo\/image\/","url":"https:\/\/lightweb.dev\/l\/svm-temp\/wp-content\/uploads\/2025\/02\/SvM-logo-Xtra-Centrerad-SVART.png","contentUrl":"https:\/\/lightweb.dev\/l\/svm-temp\/wp-content\/uploads\/2025\/02\/SvM-logo-Xtra-Centrerad-SVART.png","width":300,"height":99,"caption":"Melkerson y Nott SL"},"image":{"@id":"https:\/\/lightweb.dev\/l\/svm-temp\/#\/schema\/logo\/image\/"},"sameAs":["https:\/\/www.facebook.com\/svenskamagasinet","https:\/\/x.com\/SvenskaMagasine"]},{"@type":"Person","@id":"https:\/\/lightweb.dev\/l\/svm-temp\/#\/schema\/person\/caffe038990d25722f5a04a03c906a2b","name":"Robbie Eriksson","sameAs":["https:\/\/lightweb.dev\/l\/svm-temp"],"url":"https:\/\/lightweb.dev\/l\/svm-temp\/reporter\/robbie-eriksson\/"}]}},"_links":{"self":[{"href":"https:\/\/lightweb.dev\/l\/svm-temp\/wp-json\/wp\/v2\/posts\/80222","targetHints":{"allow":["GET"]}}],"collection":[{"href":"https:\/\/lightweb.dev\/l\/svm-temp\/wp-json\/wp\/v2\/posts"}],"about":[{"href":"https:\/\/lightweb.dev\/l\/svm-temp\/wp-json\/wp\/v2\/types\/post"}],"author":[{"embeddable":true,"href":"https:\/\/lightweb.dev\/l\/svm-temp\/wp-json\/wp\/v2\/users\/14"}],"replies":[{"embeddable":true,"href":"https:\/\/lightweb.dev\/l\/svm-temp\/wp-json\/wp\/v2\/comments?post=80222"}],"version-history":[{"count":0,"href":"https:\/\/lightweb.dev\/l\/svm-temp\/wp-json\/wp\/v2\/posts\/80222\/revisions"}],"wp:featuredmedia":[{"embeddable":true,"href":"https:\/\/lightweb.dev\/l\/svm-temp\/wp-json\/wp\/v2\/media\/80219"}],"wp:attachment":[{"href":"https:\/\/lightweb.dev\/l\/svm-temp\/wp-json\/wp\/v2\/media?parent=80222"}],"wp:term":[{"taxonomy":"category","embeddable":true,"href":"https:\/\/lightweb.dev\/l\/svm-temp\/wp-json\/wp\/v2\/categories?post=80222"},{"taxonomy":"post_tag","embeddable":true,"href":"https:\/\/lightweb.dev\/l\/svm-temp\/wp-json\/wp\/v2\/tags?post=80222"}],"curies":[{"name":"wp","href":"https:\/\/api.w.org\/{rel}","templated":true}]}}