{"id":80232,"date":"2025-03-11T20:34:15","date_gmt":"2025-03-11T19:34:15","guid":{"rendered":"https:\/\/lightweb.dev\/l\/svm-temp\/?p=80232"},"modified":"2025-03-11T20:36:55","modified_gmt":"2025-03-11T19:36:55","slug":"andalusiska-delikatesser-presenterades-i-ostermalms-saluhall","status":"publish","type":"post","link":"https:\/\/lightweb.dev\/l\/svm-temp\/nyheter\/andalusiska-delikatesser-presenterades-i-ostermalms-saluhall\/","title":{"rendered":"Andalusiska delikatesser presenterades i \u00d6stermalms Saluhall"},"content":{"rendered":"<p><strong>R\u00e4kna med fler andalusiska produkter i svensk handel i framtiden. \u00c5tta andalusiska f\u00f6retag inom gourm\u00e9sektorn har visat upp sina produkter i \u00d6stermalms Saluhall.<\/strong><\/p>\n<p>Den svenska regeringen har som m\u00e5l att 60 procent av maten som serveras i offentliga k\u00f6k \u00e4r ekologisk \u00e5r 2030, j\u00e4mf\u00f6rt med 35 procent i dag.<\/p>\n<p>Sverige \u00e4r fortfarande beroende av import f\u00f6r att m\u00f6ta efterfr\u00e5gan. N\u00e4ra h\u00e4lften av ekoprodukterna som s\u00e4ljs i stormarknader kommer fr\u00e5n utlandet.<\/p>\n<p>Denna sektor f\u00f6rv\u00e4ntas v\u00e4xa med 3,1 procent fram till 2026.<\/p>\n<h2>265 miljoner euro<\/h2>\n<p>Det \u00e4r Andaluc\u00eda TRADE som har tagit initiativet att visa upp andalusiska delikatesser i Sverige och Danmark f\u00f6r att s\u00f6ka synergier med lokala import\u00f6rer.<\/p>\n<p>Under 2024 exporterades det andalusiska produkter till Danmark och Sverige f\u00f6r 265 miljoner euro.<\/p>\n<p><img loading=\"lazy\" decoding=\"async\" class=\"alignnone wp-image-80231 size-full\" src=\"https:\/\/lightweb.dev\/l\/svm-temp\/wp-content\/uploads\/2025\/03\/svm20250311193023.webp\" alt=\"\" width=\"900\" height=\"400\" srcset=\"https:\/\/lightweb.dev\/l\/svm-temp\/wp-content\/uploads\/2025\/03\/svm20250311193023.webp 900w, https:\/\/lightweb.dev\/l\/svm-temp\/wp-content\/uploads\/2025\/03\/svm20250311193023-480x213.webp 480w\" sizes=\"(min-width: 0px) and (max-width: 480px) 480px, (min-width: 481px) 900px, 100vw\" \/><\/p>\n<p>Handelsm\u00f6ten med ansvariga lokala import\u00f6rer i Sverige ska utmynna i att andalusiska f\u00f6retag kan \u00f6ka exporten.<\/p>\n<p>Enligt uppgifter fr\u00e5n Andaluc\u00eda TRADE har Sverige och Danmark 16,4 miljoner potentiella konsumenter med h\u00f6g k\u00f6pkraft. Intresse f\u00f6r det andalusiska k\u00f6ket \u00f6kar och det g\u00e4ller inte minst produkter med ekologiskt certifikat.<\/p>\n<h2>Plats 18<\/h2>\n<p>Sverige, som ligger p\u00e5 plats 18 av l\u00e4nder d\u00e4r Andalusien exporterar mest livsmedel, \u00e4r en mycket intressant marknad f\u00f6r andalusiska livsmedelsf\u00f6retag.<\/p>\n<p>Svenska konsumenter, med en BNP p\u00e5 53.640 euro per capita, s\u00f6ker i allt h\u00f6gre grad efter produkter av h\u00f6g kvalitet, inte minst olivolja.<\/p>\n<p>Ekologisk olivolja, skinka, korv, kryddor, s\u00e5ser, bakverk, bageriprodukter, bordsoliver, mejeriprodukter och \u00e4gg bland annat \u00e4r n\u00e5gra av de livsmedel som lokala import\u00f6rer i Sverige s\u00f6ker.<\/p>\n<p>N\u00e5gra av de andalusiska livsmedelsf\u00f6retagen som medverkade i Stockholm var Dama Blanca-Sal och Franjuba Pan fr\u00e5n C\u00e1diz, Oleoestepa och Palacio Oliaxi fr\u00e5n Sevilla, Jam\u00f3n de Ser\u00f3n fr\u00e5n Almer\u00eda, Luque Ecol\u00f3gico och Aceites Renacer fr\u00e5n C\u00f3rdoba och The Green Gold Oil Co fr\u00e5n Ja\u00e9n.<\/p>\n","protected":false},"excerpt":{"rendered":"<p>R\u00e4kna med fler andalusiska produkter i svensk handel i framtiden. \u00c5tta andalusiska f\u00f6retag inom gourm\u00e9sektorn har visat upp sina produkter i \u00d6stermalms Saluhall&#8230;<\/p>\n","protected":false},"author":7,"featured_media":80230,"comment_status":"closed","ping_status":"closed","sticky":false,"template":"","format":"standard","meta":{"_et_pb_use_builder":"","_et_pb_old_content":"","_et_gb_content_width":"","footnotes":""},"categories":[395,3],"tags":[],"class_list":["post-80232","post","type-post","status-publish","format-standard","has-post-thumbnail","hentry","category-arkiv-nyheter","category-nyheter"],"yoast_head":"<!-- This site is optimized with the Yoast SEO Premium plugin v26.2 (Yoast SEO v27.4) - https:\/\/yoast.com\/product\/yoast-seo-premium-wordpress\/ -->\n<title>Andalusiska delikatesser presenterades i \u00d6stermalms Saluhall - Svenska Magasinet<\/title>\n<meta name=\"description\" content=\"R\u00e4kna med fler andalusiska produkter i svensk handel i framtiden. \u00c5tta andalusiska f\u00f6retag inom gourm\u00e9sektorn har visat upp sina produkter i \u00d6stermalms Saluhall.\" \/>\n<meta name=\"robots\" content=\"noindex, follow, max-snippet:-1, max-image-preview:large, max-video-preview:-1\" \/>\n<meta property=\"og:locale\" content=\"sv_SE\" \/>\n<meta property=\"og:type\" content=\"article\" \/>\n<meta property=\"og:title\" content=\"Andalusiska delikatesser presenterades i \u00d6stermalms Saluhall\" \/>\n<meta property=\"og:description\" content=\"R\u00e4kna med fler andalusiska produkter i svensk handel i framtiden. \u00c5tta andalusiska f\u00f6retag inom gourm\u00e9sektorn har visat upp sina produkter i \u00d6stermalms Saluhall.\" \/>\n<meta property=\"og:url\" content=\"https:\/\/lightweb.dev\/l\/svm-temp\/nyheter\/naringsliv\/andalusiska-delikatesser-presenterades-i-ostermalms-saluhall\/\" \/>\n<meta property=\"og:site_name\" content=\"Svenska Magasinet\" \/>\n<meta property=\"article:publisher\" content=\"https:\/\/www.facebook.com\/svenskamagasinet\" \/>\n<meta property=\"article:published_time\" content=\"2025-03-11T19:34:15+00:00\" \/>\n<meta property=\"article:modified_time\" content=\"2025-03-11T19:36:55+00:00\" \/>\n<meta property=\"og:image\" content=\"https:\/\/lightweb.dev\/l\/svm-temp\/wp-content\/uploads\/2025\/03\/svm20250311193005.webp\" \/>\n\t<meta property=\"og:image:width\" content=\"900\" \/>\n\t<meta property=\"og:image:height\" content=\"400\" \/>\n\t<meta property=\"og:image:type\" content=\"image\/webp\" \/>\n<meta name=\"author\" content=\"Ola Josefsson\" \/>\n<meta name=\"twitter:card\" content=\"summary_large_image\" \/>\n<meta name=\"twitter:creator\" content=\"@SvenskaMagasine\" \/>\n<meta name=\"twitter:site\" content=\"@SvenskaMagasine\" \/>\n<script type=\"application\/ld+json\" class=\"yoast-schema-graph\">{\"@context\":\"https:\\\/\\\/schema.org\",\"@graph\":[{\"@type\":\"Article\",\"@id\":\"https:\\\/\\\/lightweb.dev\\\/l\\\/svm-temp\\\/nyheter\\\/naringsliv\\\/andalusiska-delikatesser-presenterades-i-ostermalms-saluhall\\\/#article\",\"isPartOf\":{\"@id\":\"https:\\\/\\\/lightweb.dev\\\/l\\\/svm-temp\\\/nyheter\\\/naringsliv\\\/andalusiska-delikatesser-presenterades-i-ostermalms-saluhall\\\/\"},\"author\":{\"name\":\"Ola Josefsson\",\"@id\":\"https:\\\/\\\/lightweb.dev\\\/l\\\/svm-temp\\\/#\\\/schema\\\/person\\\/7a82b8a73d171d32360a564b6d03508e\"},\"headline\":\"Andalusiska delikatesser presenterades i \u00d6stermalms Saluhall\",\"datePublished\":\"2025-03-11T19:34:15+00:00\",\"dateModified\":\"2025-03-11T19:36:55+00:00\",\"mainEntityOfPage\":{\"@id\":\"https:\\\/\\\/lightweb.dev\\\/l\\\/svm-temp\\\/nyheter\\\/naringsliv\\\/andalusiska-delikatesser-presenterades-i-ostermalms-saluhall\\\/\"},\"wordCount\":333,\"publisher\":{\"@id\":\"https:\\\/\\\/lightweb.dev\\\/l\\\/svm-temp\\\/#organization\"},\"image\":{\"@id\":\"https:\\\/\\\/lightweb.dev\\\/l\\\/svm-temp\\\/nyheter\\\/naringsliv\\\/andalusiska-delikatesser-presenterades-i-ostermalms-saluhall\\\/#primaryimage\"},\"thumbnailUrl\":\"https:\\\/\\\/lightweb.dev\\\/l\\\/svm-temp\\\/wp-content\\\/uploads\\\/2025\\\/03\\\/svm20250311193005.webp\",\"articleSection\":[\"Arkiv\",\"Nyheter\"],\"inLanguage\":\"sv-SE\"},{\"@type\":\"WebPage\",\"@id\":\"https:\\\/\\\/lightweb.dev\\\/l\\\/svm-temp\\\/nyheter\\\/naringsliv\\\/andalusiska-delikatesser-presenterades-i-ostermalms-saluhall\\\/\",\"url\":\"https:\\\/\\\/lightweb.dev\\\/l\\\/svm-temp\\\/nyheter\\\/naringsliv\\\/andalusiska-delikatesser-presenterades-i-ostermalms-saluhall\\\/\",\"name\":\"Andalusiska delikatesser presenterades i \u00d6stermalms Saluhall - Svenska Magasinet\",\"isPartOf\":{\"@id\":\"https:\\\/\\\/lightweb.dev\\\/l\\\/svm-temp\\\/#website\"},\"primaryImageOfPage\":{\"@id\":\"https:\\\/\\\/lightweb.dev\\\/l\\\/svm-temp\\\/nyheter\\\/naringsliv\\\/andalusiska-delikatesser-presenterades-i-ostermalms-saluhall\\\/#primaryimage\"},\"image\":{\"@id\":\"https:\\\/\\\/lightweb.dev\\\/l\\\/svm-temp\\\/nyheter\\\/naringsliv\\\/andalusiska-delikatesser-presenterades-i-ostermalms-saluhall\\\/#primaryimage\"},\"thumbnailUrl\":\"https:\\\/\\\/lightweb.dev\\\/l\\\/svm-temp\\\/wp-content\\\/uploads\\\/2025\\\/03\\\/svm20250311193005.webp\",\"datePublished\":\"2025-03-11T19:34:15+00:00\",\"dateModified\":\"2025-03-11T19:36:55+00:00\",\"description\":\"R\u00e4kna med fler andalusiska produkter i svensk handel i framtiden. \u00c5tta andalusiska f\u00f6retag inom gourm\u00e9sektorn har visat upp sina produkter i \u00d6stermalms Saluhall.\",\"breadcrumb\":{\"@id\":\"https:\\\/\\\/lightweb.dev\\\/l\\\/svm-temp\\\/nyheter\\\/naringsliv\\\/andalusiska-delikatesser-presenterades-i-ostermalms-saluhall\\\/#breadcrumb\"},\"inLanguage\":\"sv-SE\",\"potentialAction\":[{\"@type\":\"ReadAction\",\"target\":[\"https:\\\/\\\/lightweb.dev\\\/l\\\/svm-temp\\\/nyheter\\\/naringsliv\\\/andalusiska-delikatesser-presenterades-i-ostermalms-saluhall\\\/\"]}]},{\"@type\":\"ImageObject\",\"inLanguage\":\"sv-SE\",\"@id\":\"https:\\\/\\\/lightweb.dev\\\/l\\\/svm-temp\\\/nyheter\\\/naringsliv\\\/andalusiska-delikatesser-presenterades-i-ostermalms-saluhall\\\/#primaryimage\",\"url\":\"https:\\\/\\\/lightweb.dev\\\/l\\\/svm-temp\\\/wp-content\\\/uploads\\\/2025\\\/03\\\/svm20250311193005.webp\",\"contentUrl\":\"https:\\\/\\\/lightweb.dev\\\/l\\\/svm-temp\\\/wp-content\\\/uploads\\\/2025\\\/03\\\/svm20250311193005.webp\",\"width\":900,\"height\":400},{\"@type\":\"BreadcrumbList\",\"@id\":\"https:\\\/\\\/lightweb.dev\\\/l\\\/svm-temp\\\/nyheter\\\/naringsliv\\\/andalusiska-delikatesser-presenterades-i-ostermalms-saluhall\\\/#breadcrumb\",\"itemListElement\":[{\"@type\":\"ListItem\",\"position\":1,\"name\":\"Hem\",\"item\":\"https:\\\/\\\/lightweb.dev\\\/l\\\/svm-temp\\\/\"},{\"@type\":\"ListItem\",\"position\":2,\"name\":\"Andalusiska delikatesser presenterades i \u00d6stermalms Saluhall\"}]},{\"@type\":\"WebSite\",\"@id\":\"https:\\\/\\\/lightweb.dev\\\/l\\\/svm-temp\\\/#website\",\"url\":\"https:\\\/\\\/lightweb.dev\\\/l\\\/svm-temp\\\/\",\"name\":\"Svenska Magasinet\",\"description\":\"Dina Spanska nyheter p&aring; Svenska\",\"publisher\":{\"@id\":\"https:\\\/\\\/lightweb.dev\\\/l\\\/svm-temp\\\/#organization\"},\"potentialAction\":[{\"@type\":\"SearchAction\",\"target\":{\"@type\":\"EntryPoint\",\"urlTemplate\":\"https:\\\/\\\/lightweb.dev\\\/l\\\/svm-temp\\\/?s={search_term_string}\"},\"query-input\":{\"@type\":\"PropertyValueSpecification\",\"valueRequired\":true,\"valueName\":\"search_term_string\"}}],\"inLanguage\":\"sv-SE\"},{\"@type\":\"Organization\",\"@id\":\"https:\\\/\\\/lightweb.dev\\\/l\\\/svm-temp\\\/#organization\",\"name\":\"Melkerson y Nott SL\",\"alternateName\":\"Svenska Magasinet\",\"url\":\"https:\\\/\\\/lightweb.dev\\\/l\\\/svm-temp\\\/\",\"logo\":{\"@type\":\"ImageObject\",\"inLanguage\":\"sv-SE\",\"@id\":\"https:\\\/\\\/lightweb.dev\\\/l\\\/svm-temp\\\/#\\\/schema\\\/logo\\\/image\\\/\",\"url\":\"https:\\\/\\\/lightweb.dev\\\/l\\\/svm-temp\\\/wp-content\\\/uploads\\\/2025\\\/02\\\/SvM-logo-Xtra-Centrerad-SVART.png\",\"contentUrl\":\"https:\\\/\\\/lightweb.dev\\\/l\\\/svm-temp\\\/wp-content\\\/uploads\\\/2025\\\/02\\\/SvM-logo-Xtra-Centrerad-SVART.png\",\"width\":300,\"height\":99,\"caption\":\"Melkerson y Nott SL\"},\"image\":{\"@id\":\"https:\\\/\\\/lightweb.dev\\\/l\\\/svm-temp\\\/#\\\/schema\\\/logo\\\/image\\\/\"},\"sameAs\":[\"https:\\\/\\\/www.facebook.com\\\/svenskamagasinet\",\"https:\\\/\\\/x.com\\\/SvenskaMagasine\"]},{\"@type\":\"Person\",\"@id\":\"https:\\\/\\\/lightweb.dev\\\/l\\\/svm-temp\\\/#\\\/schema\\\/person\\\/7a82b8a73d171d32360a564b6d03508e\",\"name\":\"Ola Josefsson\",\"description\":\"Bevakar Solkusten och Spanien sedan 1994.\",\"sameAs\":[\"https:\\\/\\\/lightweb.dev\\\/l\\\/svm-temp\"],\"url\":\"https:\\\/\\\/lightweb.dev\\\/l\\\/svm-temp\\\/reporter\\\/ola-josefsson\\\/\"}]}<\/script>\n<!-- \/ Yoast SEO Premium plugin. -->","yoast_head_json":{"title":"Andalusiska delikatesser presenterades i \u00d6stermalms Saluhall - Svenska Magasinet","description":"R\u00e4kna med fler andalusiska produkter i svensk handel i framtiden. \u00c5tta andalusiska f\u00f6retag inom gourm\u00e9sektorn har visat upp sina produkter i \u00d6stermalms Saluhall.","robots":{"index":"noindex","follow":"follow","max-snippet":"max-snippet:-1","max-image-preview":"max-image-preview:large","max-video-preview":"max-video-preview:-1"},"og_locale":"sv_SE","og_type":"article","og_title":"Andalusiska delikatesser presenterades i \u00d6stermalms Saluhall","og_description":"R\u00e4kna med fler andalusiska produkter i svensk handel i framtiden. \u00c5tta andalusiska f\u00f6retag inom gourm\u00e9sektorn har visat upp sina produkter i \u00d6stermalms Saluhall.","og_url":"https:\/\/lightweb.dev\/l\/svm-temp\/nyheter\/naringsliv\/andalusiska-delikatesser-presenterades-i-ostermalms-saluhall\/","og_site_name":"Svenska Magasinet","article_publisher":"https:\/\/www.facebook.com\/svenskamagasinet","article_published_time":"2025-03-11T19:34:15+00:00","article_modified_time":"2025-03-11T19:36:55+00:00","og_image":[{"width":900,"height":400,"url":"https:\/\/lightweb.dev\/l\/svm-temp\/wp-content\/uploads\/2025\/03\/svm20250311193005.webp","type":"image\/webp"}],"author":"Ola Josefsson","twitter_card":"summary_large_image","twitter_creator":"@SvenskaMagasine","twitter_site":"@SvenskaMagasine","schema":{"@context":"https:\/\/schema.org","@graph":[{"@type":"Article","@id":"https:\/\/lightweb.dev\/l\/svm-temp\/nyheter\/naringsliv\/andalusiska-delikatesser-presenterades-i-ostermalms-saluhall\/#article","isPartOf":{"@id":"https:\/\/lightweb.dev\/l\/svm-temp\/nyheter\/naringsliv\/andalusiska-delikatesser-presenterades-i-ostermalms-saluhall\/"},"author":{"name":"Ola Josefsson","@id":"https:\/\/lightweb.dev\/l\/svm-temp\/#\/schema\/person\/7a82b8a73d171d32360a564b6d03508e"},"headline":"Andalusiska delikatesser presenterades i \u00d6stermalms Saluhall","datePublished":"2025-03-11T19:34:15+00:00","dateModified":"2025-03-11T19:36:55+00:00","mainEntityOfPage":{"@id":"https:\/\/lightweb.dev\/l\/svm-temp\/nyheter\/naringsliv\/andalusiska-delikatesser-presenterades-i-ostermalms-saluhall\/"},"wordCount":333,"publisher":{"@id":"https:\/\/lightweb.dev\/l\/svm-temp\/#organization"},"image":{"@id":"https:\/\/lightweb.dev\/l\/svm-temp\/nyheter\/naringsliv\/andalusiska-delikatesser-presenterades-i-ostermalms-saluhall\/#primaryimage"},"thumbnailUrl":"https:\/\/lightweb.dev\/l\/svm-temp\/wp-content\/uploads\/2025\/03\/svm20250311193005.webp","articleSection":["Arkiv","Nyheter"],"inLanguage":"sv-SE"},{"@type":"WebPage","@id":"https:\/\/lightweb.dev\/l\/svm-temp\/nyheter\/naringsliv\/andalusiska-delikatesser-presenterades-i-ostermalms-saluhall\/","url":"https:\/\/lightweb.dev\/l\/svm-temp\/nyheter\/naringsliv\/andalusiska-delikatesser-presenterades-i-ostermalms-saluhall\/","name":"Andalusiska delikatesser presenterades i \u00d6stermalms Saluhall - Svenska Magasinet","isPartOf":{"@id":"https:\/\/lightweb.dev\/l\/svm-temp\/#website"},"primaryImageOfPage":{"@id":"https:\/\/lightweb.dev\/l\/svm-temp\/nyheter\/naringsliv\/andalusiska-delikatesser-presenterades-i-ostermalms-saluhall\/#primaryimage"},"image":{"@id":"https:\/\/lightweb.dev\/l\/svm-temp\/nyheter\/naringsliv\/andalusiska-delikatesser-presenterades-i-ostermalms-saluhall\/#primaryimage"},"thumbnailUrl":"https:\/\/lightweb.dev\/l\/svm-temp\/wp-content\/uploads\/2025\/03\/svm20250311193005.webp","datePublished":"2025-03-11T19:34:15+00:00","dateModified":"2025-03-11T19:36:55+00:00","description":"R\u00e4kna med fler andalusiska produkter i svensk handel i framtiden. \u00c5tta andalusiska f\u00f6retag inom gourm\u00e9sektorn har visat upp sina produkter i \u00d6stermalms Saluhall.","breadcrumb":{"@id":"https:\/\/lightweb.dev\/l\/svm-temp\/nyheter\/naringsliv\/andalusiska-delikatesser-presenterades-i-ostermalms-saluhall\/#breadcrumb"},"inLanguage":"sv-SE","potentialAction":[{"@type":"ReadAction","target":["https:\/\/lightweb.dev\/l\/svm-temp\/nyheter\/naringsliv\/andalusiska-delikatesser-presenterades-i-ostermalms-saluhall\/"]}]},{"@type":"ImageObject","inLanguage":"sv-SE","@id":"https:\/\/lightweb.dev\/l\/svm-temp\/nyheter\/naringsliv\/andalusiska-delikatesser-presenterades-i-ostermalms-saluhall\/#primaryimage","url":"https:\/\/lightweb.dev\/l\/svm-temp\/wp-content\/uploads\/2025\/03\/svm20250311193005.webp","contentUrl":"https:\/\/lightweb.dev\/l\/svm-temp\/wp-content\/uploads\/2025\/03\/svm20250311193005.webp","width":900,"height":400},{"@type":"BreadcrumbList","@id":"https:\/\/lightweb.dev\/l\/svm-temp\/nyheter\/naringsliv\/andalusiska-delikatesser-presenterades-i-ostermalms-saluhall\/#breadcrumb","itemListElement":[{"@type":"ListItem","position":1,"name":"Hem","item":"https:\/\/lightweb.dev\/l\/svm-temp\/"},{"@type":"ListItem","position":2,"name":"Andalusiska delikatesser presenterades i \u00d6stermalms Saluhall"}]},{"@type":"WebSite","@id":"https:\/\/lightweb.dev\/l\/svm-temp\/#website","url":"https:\/\/lightweb.dev\/l\/svm-temp\/","name":"Svenska Magasinet","description":"Dina Spanska nyheter p&aring; Svenska","publisher":{"@id":"https:\/\/lightweb.dev\/l\/svm-temp\/#organization"},"potentialAction":[{"@type":"SearchAction","target":{"@type":"EntryPoint","urlTemplate":"https:\/\/lightweb.dev\/l\/svm-temp\/?s={search_term_string}"},"query-input":{"@type":"PropertyValueSpecification","valueRequired":true,"valueName":"search_term_string"}}],"inLanguage":"sv-SE"},{"@type":"Organization","@id":"https:\/\/lightweb.dev\/l\/svm-temp\/#organization","name":"Melkerson y Nott SL","alternateName":"Svenska Magasinet","url":"https:\/\/lightweb.dev\/l\/svm-temp\/","logo":{"@type":"ImageObject","inLanguage":"sv-SE","@id":"https:\/\/lightweb.dev\/l\/svm-temp\/#\/schema\/logo\/image\/","url":"https:\/\/lightweb.dev\/l\/svm-temp\/wp-content\/uploads\/2025\/02\/SvM-logo-Xtra-Centrerad-SVART.png","contentUrl":"https:\/\/lightweb.dev\/l\/svm-temp\/wp-content\/uploads\/2025\/02\/SvM-logo-Xtra-Centrerad-SVART.png","width":300,"height":99,"caption":"Melkerson y Nott SL"},"image":{"@id":"https:\/\/lightweb.dev\/l\/svm-temp\/#\/schema\/logo\/image\/"},"sameAs":["https:\/\/www.facebook.com\/svenskamagasinet","https:\/\/x.com\/SvenskaMagasine"]},{"@type":"Person","@id":"https:\/\/lightweb.dev\/l\/svm-temp\/#\/schema\/person\/7a82b8a73d171d32360a564b6d03508e","name":"Ola Josefsson","description":"Bevakar Solkusten och Spanien sedan 1994.","sameAs":["https:\/\/lightweb.dev\/l\/svm-temp"],"url":"https:\/\/lightweb.dev\/l\/svm-temp\/reporter\/ola-josefsson\/"}]}},"_links":{"self":[{"href":"https:\/\/lightweb.dev\/l\/svm-temp\/wp-json\/wp\/v2\/posts\/80232","targetHints":{"allow":["GET"]}}],"collection":[{"href":"https:\/\/lightweb.dev\/l\/svm-temp\/wp-json\/wp\/v2\/posts"}],"about":[{"href":"https:\/\/lightweb.dev\/l\/svm-temp\/wp-json\/wp\/v2\/types\/post"}],"author":[{"embeddable":true,"href":"https:\/\/lightweb.dev\/l\/svm-temp\/wp-json\/wp\/v2\/users\/7"}],"replies":[{"embeddable":true,"href":"https:\/\/lightweb.dev\/l\/svm-temp\/wp-json\/wp\/v2\/comments?post=80232"}],"version-history":[{"count":0,"href":"https:\/\/lightweb.dev\/l\/svm-temp\/wp-json\/wp\/v2\/posts\/80232\/revisions"}],"wp:featuredmedia":[{"embeddable":true,"href":"https:\/\/lightweb.dev\/l\/svm-temp\/wp-json\/wp\/v2\/media\/80230"}],"wp:attachment":[{"href":"https:\/\/lightweb.dev\/l\/svm-temp\/wp-json\/wp\/v2\/media?parent=80232"}],"wp:term":[{"taxonomy":"category","embeddable":true,"href":"https:\/\/lightweb.dev\/l\/svm-temp\/wp-json\/wp\/v2\/categories?post=80232"},{"taxonomy":"post_tag","embeddable":true,"href":"https:\/\/lightweb.dev\/l\/svm-temp\/wp-json\/wp\/v2\/tags?post=80232"}],"curies":[{"name":"wp","href":"https:\/\/api.w.org\/{rel}","templated":true}]}}