{"id":80240,"date":"2025-03-14T10:03:22","date_gmt":"2025-03-14T09:03:22","guid":{"rendered":"https:\/\/lightweb.dev\/l\/svm-temp\/?p=80240"},"modified":"2025-03-16T10:35:59","modified_gmt":"2025-03-16T09:35:59","slug":"ronda-vagen-avstangd-tills-vidare","status":"publish","type":"post","link":"https:\/\/lightweb.dev\/l\/svm-temp\/nyheter\/ronda-vagen-avstangd-tills-vidare\/","title":{"rendered":"Ronda-v\u00e4gen till Marbella \u00f6ppnar helt f\u00f6rst i augusti"},"content":{"rendered":"<p><strong>F\u00f6rst efter fyra och en halv m\u00e5nad v\u00e4ntas ett k\u00f6rf\u00e4lt \u00f6ppna l\u00e4ngs A-397:an mellan Marbella (San Pedro Alc\u00e1ntara) och Ronda efter det stora ras som intr\u00e4ffade i samband med regnov\u00e4dret i f\u00f6rra veckan. I augusti f\u00f6rv\u00e4ntas hela v\u00e4gavsnittet st\u00e5 klart.<\/strong><\/p>\n<p><strong> Den andalusiska regionregeringen har aktiverat akutl\u00e4ge vilket g\u00f6r att de inte \u00e4r tvungna att ta in anbud d\u00e5 det g\u00e4ller ett offentligt arbete vilket g\u00f6r att arbetet kan g\u00e5 ig\u00e5ng snabbare, n\u00e4r det v\u00e4l slutar regna. Arbetet ber\u00e4knas kosta 3,5 miljoner euro.<\/strong><\/p>\n<p>Det var vid lunchtid i l\u00f6rdags (8\/3) som ett st\u00f6rre ras intr\u00e4ffade l\u00e4ngs A-397:an. En 90 meter h\u00f6g sluttning som t\u00e4cker 3.000 kvadratmeter gav vika. V\u00e4gen st\u00e4ngdes f\u00f6r trafik genast.<\/p>\n<div id=\"attachment_80239\" style=\"width: 910px\" class=\"wp-caption alignnone\"><img loading=\"lazy\" decoding=\"async\" aria-describedby=\"caption-attachment-80239\" class=\"wp-image-80239 size-full\" src=\"https:\/\/lightweb.dev\/l\/svm-temp\/wp-content\/uploads\/2025\/03\/svm20250312090058.webp\" alt=\"\" width=\"900\" height=\"400\" srcset=\"https:\/\/lightweb.dev\/l\/svm-temp\/wp-content\/uploads\/2025\/03\/svm20250312090058.webp 900w, https:\/\/lightweb.dev\/l\/svm-temp\/wp-content\/uploads\/2025\/03\/svm20250312090058-480x213.webp 480w\" sizes=\"(min-width: 0px) and (max-width: 480px) 480px, (min-width: 481px) 900px, 100vw\" \/><p id=\"caption-attachment-80239\" class=\"wp-caption-text\">(Foto: Junta de Andalucia)<\/p><\/div>\n<p>Raset intr\u00e4ffade i ett mycket komplicerat och kuperat omr\u00e5de. Det finns inte n\u00e5gon m\u00f6jlighet att bygga en alternativ v\u00e4g.<\/p>\n<p>&#8211; Det \u00e4r inte enkelt eller ett arbete som g\u00e5r snabbt med att \u00e5terst\u00e4lla den del av v\u00e4gen som skadats. Till att b\u00f6rja med m\u00e5ste v\u00e4dret stabiliseras. Redan i morgon torsdag v\u00e4ntas mer regn. Stenarna m\u00e5ste sedan tas bort, marken stabiliseras och den skadade bron byggas om, s\u00e4ger regionregeringens talesperson i M\u00e1lagaprovinsen, Patricia Navarro.<\/p>\n<div id=\"attachment_80242\" style=\"width: 910px\" class=\"wp-caption alignnone\"><img loading=\"lazy\" decoding=\"async\" aria-describedby=\"caption-attachment-80242\" class=\"wp-image-80242 size-full\" src=\"https:\/\/lightweb.dev\/l\/svm-temp\/wp-content\/uploads\/2025\/03\/svm20250312090536.webp\" alt=\"\" width=\"900\" height=\"400\" srcset=\"https:\/\/lightweb.dev\/l\/svm-temp\/wp-content\/uploads\/2025\/03\/svm20250312090536.webp 900w, https:\/\/lightweb.dev\/l\/svm-temp\/wp-content\/uploads\/2025\/03\/svm20250312090536-480x213.webp 480w\" sizes=\"(min-width: 0px) and (max-width: 480px) 480px, (min-width: 481px) 900px, 100vw\" \/><p id=\"caption-attachment-80242\" class=\"wp-caption-text\">(Foto: Junta de Andalucia)<\/p><\/div>\n<p>Tekniker har inspekterat omr\u00e5det med hj\u00e4lp av dr\u00f6nare. En grupp tekniker b\u00f6rjade p\u00e5 tisdagen att installera rep l\u00e4ngs den branta sluttningen f\u00f6r att manuellt r\u00f6ja l\u00f6sa stenar. Ett f\u00f6retag som \u00e4r specialiserade p\u00e5 arbete i branta sluttningar fr\u00e5n Sierra Nevada har tagits in.<\/p>\n<p>&#8211; Sex m\u00e5naders v\u00e4ntar innan v\u00e4gen blir helt \u00e5terst\u00e4lld. Det blir tuffa m\u00e5nader f\u00f6r m\u00e5nga i Ronda, sa borgm\u00e4staren Maripaz Fern\u00e1ndez n\u00e4r hon g\u00e4stade tv-programmet La Alameda p\u00e5 den lokala M\u00e1laga-kanalen 101TV.<\/p>\n<h2><strong>Alternativa v\u00e4gar<\/strong><\/h2>\n<p>Alternativa v\u00e4gar \u00e4r via A-367 till Ardales och d\u00e4rifr\u00e5n via A-357 till M\u00e1laga f\u00f6r att senare forts\u00e4tta p\u00e5 A-7:an. Det g\u00e5r ocks\u00e5 att ta A-355:an fr\u00e5n Co\u00edn till Marbella eller A-369:an vidare till Gauc\u00edn mot Manilva.<\/p>\n<blockquote class=\"twitter-tweet\" data-media-max-width=\"560\">\n<p dir=\"ltr\" lang=\"es\">\ud83d\udce2\u26ab\ufe0fPermanece cortada la A-397 en M\u00e1laga, entre Ronda y Marbella. Encontrar\u00e1n los desv\u00edos debidamente se\u00f1alizados.<\/p>\n<p>\u27a1\ufe0fDe Marbella a Ronda: A-355 hasta C\u00e1rtama, y A-357 y A-367.<br \/>\n\u27a1\ufe0fDe Ronda a Manilva: A-369 y A-377.<\/p>\n<p>\u2139\ufe0fM\u00e1s informaci\u00f3n en <a href=\"https:\/\/twitter.com\/InformacionDGT?ref_src=twsrc%5Etfw\">@InformacionDGT<\/a>. <a href=\"https:\/\/t.co\/qM2puUTFv3\">pic.twitter.com\/qM2puUTFv3<\/a><\/p>\n<p>\u2014 Dir. Gral. Tr\u00e1fico (@DGTes) <a href=\"https:\/\/twitter.com\/DGTes\/status\/1900433965120709093?ref_src=twsrc%5Etfw\">March 14, 2025<\/a><\/p><\/blockquote>\n<p><script async src=\"https:\/\/platform.twitter.com\/widgets.js\" charset=\"utf-8\"><\/script><\/p>\n<p>De senaste \u00e5ren har A-397:an f\u00e5tt upp till tre miljoner euro som g\u00e5tt till stabiliseringsprojekt av sluttningar och annat underh\u00e5ll. Regionregeringen s\u00e4ger ocks\u00e5 att det finns projekt med att flera str\u00e4ckor ska f\u00e5 ett tredje k\u00f6rf\u00e4lt och att de skarpaste kurvorna ska r\u00e4tas ut, skriver <a href=\"https:\/\/www.diariosur.es\/malaga\/obra-reabrir-carretera-destrozada-lluvia-ronda-san-20250311152125-nt.html\">Diario Sur<\/a> p\u00e5 onsdagen.<\/p>\n<p>F\u00f6r Ronda-omr\u00e5det och n\u00e4ringslivet orsakar den st\u00e4ngda v\u00e4gen stora bekymmer. Ronda \u00e4r ett k\u00e4nt turistm\u00e5l med bes\u00f6k av turistbussar dagligen.<\/p>\n<p>Omkring 50.000 inv\u00e5nare lever i 23 kommuner i Ronda-omr\u00e5det.<\/p>\n<p>Mer \u00e4n 9.000 fordon passerar h\u00e4r dagligen varav 4.500 fr\u00e5n Ronda. M\u00e5nga som \u00e4r bosatta i Ronda-omr\u00e5det arbetar p\u00e5 Solkusten.<\/p>\n<p>Ett tjugotal borgm\u00e4stare fr\u00e5n Ronda-omr\u00e5det har undertecknat ett manifest som uppmanar regionregeringen att prioritera projektet och komma med \u00e5tg\u00e4rder f\u00f6r att mildra skadorna.<\/p>\n<p class=\"v-a-t\">Regionpresidenten Juanma Moreno s\u00e4ger att &#8221;vi lovar att l\u00e4gga all kapacitet p\u00e5 att l\u00f6sa v\u00e4gproblemet mellan Ronda och San Pedro s\u00e5 snart som m\u00f6jligt&#8221;.<\/p>\n<p>Moreno s\u00e4ger att regnet \u00e4r en l\u00e4ttnad s\u00e5 att vattenf\u00f6rs\u00f6rjningen kan s\u00e4kerst\u00e4llas f\u00f6r sommaren som \u00e4r h\u00f6gs\u00e4song f\u00f6r turister. Men jordskredet l\u00e4ngs Ronda-v\u00e4gen var baksidan av myntet.<\/p>\n<p>Flera byar i Ronda-omr\u00e5det brottas med avfolkning. Med jordskredet har ett gammalt krav kommit upp till ytan igen med att bygga en 40 kilometer l\u00e5ng motorv\u00e4g mellan M\u00e1laga och Ronda.<\/p>\n<p>Det finns sedan tidigare \u00e5tta inl\u00e4mnade anbud. Kostnaden f\u00f6r projekt ligger p\u00e5 400 miljoner euro. En stor siffra men ett v\u00e4gprojekt som skulle f\u00f6rb\u00e4ttra infrastrukturen i provinsen avsev\u00e4rt och inte minst f\u00f6r de 50.000 inv\u00e5narna i det nu drabbade omr\u00e5det.<\/p>\n","protected":false},"excerpt":{"rendered":"<p>F\u00f6rst efter fyra och en halv m\u00e5nad v\u00e4ntas ett k\u00f6rf\u00e4lt \u00f6ppna l\u00e4ngs A-397:an mellan Marbella (San Pedro Alc\u00e1ntara) och Ronda efter det stora ras som intr\u00e4ffade i samband med regnov\u00e4dret i f\u00f6rra veckan. I augusti f\u00f6rv\u00e4ntas hela v\u00e4gavsnittet st\u00e5 klart&#8230;<\/p>\n","protected":false},"author":7,"featured_media":80238,"comment_status":"closed","ping_status":"closed","sticky":false,"template":"","format":"standard","meta":{"_et_pb_use_builder":"","_et_pb_old_content":"","_et_gb_content_width":"","footnotes":""},"categories":[284,3],"tags":[],"class_list":["post-80240","post","type-post","status-publish","format-standard","has-post-thumbnail","hentry","category-inrikes","category-nyheter"],"yoast_head":"<!-- This site is optimized with the Yoast SEO Premium plugin v26.2 (Yoast SEO v27.4) - https:\/\/yoast.com\/product\/yoast-seo-premium-wordpress\/ -->\n<title>Ronda-v\u00e4gen till Marbella \u00f6ppnar helt f\u00f6rst i augusti - Svenska Magasinet<\/title>\n<meta name=\"robots\" content=\"noindex, follow, max-snippet:-1, max-image-preview:large, max-video-preview:-1\" \/>\n<meta property=\"og:locale\" content=\"sv_SE\" \/>\n<meta property=\"og:type\" content=\"article\" \/>\n<meta property=\"og:title\" content=\"Ronda-v\u00e4gen till Marbella \u00f6ppnar helt f\u00f6rst i augusti\" \/>\n<meta property=\"og:description\" content=\"F\u00f6rst efter fyra och en halv m\u00e5nad v\u00e4ntas ett k\u00f6rf\u00e4lt \u00f6ppna l\u00e4ngs A-397:an mellan Marbella (San Pedro Alc\u00e1ntara) och Ronda efter det stora ras som intr\u00e4ffade i samband med regnov\u00e4dret i f\u00f6rra veckan. I augusti f\u00f6rv\u00e4ntas hela v\u00e4gavsnittet st\u00e5 klart...\" \/>\n<meta property=\"og:url\" content=\"https:\/\/lightweb.dev\/l\/svm-temp\/nyheter\/lokalt\/ronda-vagen-avstangd-tills-vidare\/\" \/>\n<meta property=\"og:site_name\" content=\"Svenska Magasinet\" \/>\n<meta property=\"article:publisher\" content=\"https:\/\/www.facebook.com\/svenskamagasinet\" \/>\n<meta property=\"article:published_time\" content=\"2025-03-14T09:03:22+00:00\" \/>\n<meta property=\"article:modified_time\" content=\"2025-03-16T09:35:59+00:00\" \/>\n<meta property=\"og:image\" content=\"https:\/\/lightweb.dev\/l\/svm-temp\/wp-content\/uploads\/2025\/03\/svm20250312090036.webp\" \/>\n\t<meta property=\"og:image:width\" content=\"900\" \/>\n\t<meta property=\"og:image:height\" content=\"400\" \/>\n\t<meta property=\"og:image:type\" content=\"image\/webp\" \/>\n<meta name=\"author\" content=\"Ola Josefsson\" \/>\n<meta name=\"twitter:card\" content=\"summary_large_image\" \/>\n<meta name=\"twitter:creator\" content=\"@SvenskaMagasine\" \/>\n<meta name=\"twitter:site\" content=\"@SvenskaMagasine\" \/>\n<script type=\"application\/ld+json\" class=\"yoast-schema-graph\">{\"@context\":\"https:\\\/\\\/schema.org\",\"@graph\":[{\"@type\":\"Article\",\"@id\":\"https:\\\/\\\/lightweb.dev\\\/l\\\/svm-temp\\\/nyheter\\\/lokalt\\\/ronda-vagen-avstangd-tills-vidare\\\/#article\",\"isPartOf\":{\"@id\":\"https:\\\/\\\/lightweb.dev\\\/l\\\/svm-temp\\\/nyheter\\\/lokalt\\\/ronda-vagen-avstangd-tills-vidare\\\/\"},\"author\":{\"name\":\"Ola Josefsson\",\"@id\":\"https:\\\/\\\/lightweb.dev\\\/l\\\/svm-temp\\\/#\\\/schema\\\/person\\\/7a82b8a73d171d32360a564b6d03508e\"},\"headline\":\"Ronda-v\u00e4gen till Marbella \u00f6ppnar helt f\u00f6rst i augusti\",\"datePublished\":\"2025-03-14T09:03:22+00:00\",\"dateModified\":\"2025-03-16T09:35:59+00:00\",\"mainEntityOfPage\":{\"@id\":\"https:\\\/\\\/lightweb.dev\\\/l\\\/svm-temp\\\/nyheter\\\/lokalt\\\/ronda-vagen-avstangd-tills-vidare\\\/\"},\"wordCount\":757,\"publisher\":{\"@id\":\"https:\\\/\\\/lightweb.dev\\\/l\\\/svm-temp\\\/#organization\"},\"image\":{\"@id\":\"https:\\\/\\\/lightweb.dev\\\/l\\\/svm-temp\\\/nyheter\\\/lokalt\\\/ronda-vagen-avstangd-tills-vidare\\\/#primaryimage\"},\"thumbnailUrl\":\"https:\\\/\\\/lightweb.dev\\\/l\\\/svm-temp\\\/wp-content\\\/uploads\\\/2025\\\/03\\\/svm20250312090036.webp\",\"articleSection\":[\"Inrikes\",\"Nyheter\"],\"inLanguage\":\"sv-SE\"},{\"@type\":\"WebPage\",\"@id\":\"https:\\\/\\\/lightweb.dev\\\/l\\\/svm-temp\\\/nyheter\\\/lokalt\\\/ronda-vagen-avstangd-tills-vidare\\\/\",\"url\":\"https:\\\/\\\/lightweb.dev\\\/l\\\/svm-temp\\\/nyheter\\\/lokalt\\\/ronda-vagen-avstangd-tills-vidare\\\/\",\"name\":\"Ronda-v\u00e4gen till Marbella \u00f6ppnar helt f\u00f6rst i augusti - Svenska Magasinet\",\"isPartOf\":{\"@id\":\"https:\\\/\\\/lightweb.dev\\\/l\\\/svm-temp\\\/#website\"},\"primaryImageOfPage\":{\"@id\":\"https:\\\/\\\/lightweb.dev\\\/l\\\/svm-temp\\\/nyheter\\\/lokalt\\\/ronda-vagen-avstangd-tills-vidare\\\/#primaryimage\"},\"image\":{\"@id\":\"https:\\\/\\\/lightweb.dev\\\/l\\\/svm-temp\\\/nyheter\\\/lokalt\\\/ronda-vagen-avstangd-tills-vidare\\\/#primaryimage\"},\"thumbnailUrl\":\"https:\\\/\\\/lightweb.dev\\\/l\\\/svm-temp\\\/wp-content\\\/uploads\\\/2025\\\/03\\\/svm20250312090036.webp\",\"datePublished\":\"2025-03-14T09:03:22+00:00\",\"dateModified\":\"2025-03-16T09:35:59+00:00\",\"breadcrumb\":{\"@id\":\"https:\\\/\\\/lightweb.dev\\\/l\\\/svm-temp\\\/nyheter\\\/lokalt\\\/ronda-vagen-avstangd-tills-vidare\\\/#breadcrumb\"},\"inLanguage\":\"sv-SE\",\"potentialAction\":[{\"@type\":\"ReadAction\",\"target\":[\"https:\\\/\\\/lightweb.dev\\\/l\\\/svm-temp\\\/nyheter\\\/lokalt\\\/ronda-vagen-avstangd-tills-vidare\\\/\"]}]},{\"@type\":\"ImageObject\",\"inLanguage\":\"sv-SE\",\"@id\":\"https:\\\/\\\/lightweb.dev\\\/l\\\/svm-temp\\\/nyheter\\\/lokalt\\\/ronda-vagen-avstangd-tills-vidare\\\/#primaryimage\",\"url\":\"https:\\\/\\\/lightweb.dev\\\/l\\\/svm-temp\\\/wp-content\\\/uploads\\\/2025\\\/03\\\/svm20250312090036.webp\",\"contentUrl\":\"https:\\\/\\\/lightweb.dev\\\/l\\\/svm-temp\\\/wp-content\\\/uploads\\\/2025\\\/03\\\/svm20250312090036.webp\",\"width\":900,\"height\":400},{\"@type\":\"BreadcrumbList\",\"@id\":\"https:\\\/\\\/lightweb.dev\\\/l\\\/svm-temp\\\/nyheter\\\/lokalt\\\/ronda-vagen-avstangd-tills-vidare\\\/#breadcrumb\",\"itemListElement\":[{\"@type\":\"ListItem\",\"position\":1,\"name\":\"Hem\",\"item\":\"https:\\\/\\\/lightweb.dev\\\/l\\\/svm-temp\\\/\"},{\"@type\":\"ListItem\",\"position\":2,\"name\":\"Ronda-v\u00e4gen till Marbella \u00f6ppnar helt f\u00f6rst i augusti\"}]},{\"@type\":\"WebSite\",\"@id\":\"https:\\\/\\\/lightweb.dev\\\/l\\\/svm-temp\\\/#website\",\"url\":\"https:\\\/\\\/lightweb.dev\\\/l\\\/svm-temp\\\/\",\"name\":\"Svenska Magasinet\",\"description\":\"Dina Spanska nyheter p&aring; Svenska\",\"publisher\":{\"@id\":\"https:\\\/\\\/lightweb.dev\\\/l\\\/svm-temp\\\/#organization\"},\"potentialAction\":[{\"@type\":\"SearchAction\",\"target\":{\"@type\":\"EntryPoint\",\"urlTemplate\":\"https:\\\/\\\/lightweb.dev\\\/l\\\/svm-temp\\\/?s={search_term_string}\"},\"query-input\":{\"@type\":\"PropertyValueSpecification\",\"valueRequired\":true,\"valueName\":\"search_term_string\"}}],\"inLanguage\":\"sv-SE\"},{\"@type\":\"Organization\",\"@id\":\"https:\\\/\\\/lightweb.dev\\\/l\\\/svm-temp\\\/#organization\",\"name\":\"Melkerson y Nott SL\",\"alternateName\":\"Svenska Magasinet\",\"url\":\"https:\\\/\\\/lightweb.dev\\\/l\\\/svm-temp\\\/\",\"logo\":{\"@type\":\"ImageObject\",\"inLanguage\":\"sv-SE\",\"@id\":\"https:\\\/\\\/lightweb.dev\\\/l\\\/svm-temp\\\/#\\\/schema\\\/logo\\\/image\\\/\",\"url\":\"https:\\\/\\\/lightweb.dev\\\/l\\\/svm-temp\\\/wp-content\\\/uploads\\\/2025\\\/02\\\/SvM-logo-Xtra-Centrerad-SVART.png\",\"contentUrl\":\"https:\\\/\\\/lightweb.dev\\\/l\\\/svm-temp\\\/wp-content\\\/uploads\\\/2025\\\/02\\\/SvM-logo-Xtra-Centrerad-SVART.png\",\"width\":300,\"height\":99,\"caption\":\"Melkerson y Nott SL\"},\"image\":{\"@id\":\"https:\\\/\\\/lightweb.dev\\\/l\\\/svm-temp\\\/#\\\/schema\\\/logo\\\/image\\\/\"},\"sameAs\":[\"https:\\\/\\\/www.facebook.com\\\/svenskamagasinet\",\"https:\\\/\\\/x.com\\\/SvenskaMagasine\"]},{\"@type\":\"Person\",\"@id\":\"https:\\\/\\\/lightweb.dev\\\/l\\\/svm-temp\\\/#\\\/schema\\\/person\\\/7a82b8a73d171d32360a564b6d03508e\",\"name\":\"Ola Josefsson\",\"description\":\"Bevakar Solkusten och Spanien sedan 1994.\",\"sameAs\":[\"https:\\\/\\\/lightweb.dev\\\/l\\\/svm-temp\"],\"url\":\"https:\\\/\\\/lightweb.dev\\\/l\\\/svm-temp\\\/reporter\\\/ola-josefsson\\\/\"}]}<\/script>\n<!-- \/ Yoast SEO Premium plugin. -->","yoast_head_json":{"title":"Ronda-v\u00e4gen till Marbella \u00f6ppnar helt f\u00f6rst i augusti - Svenska Magasinet","robots":{"index":"noindex","follow":"follow","max-snippet":"max-snippet:-1","max-image-preview":"max-image-preview:large","max-video-preview":"max-video-preview:-1"},"og_locale":"sv_SE","og_type":"article","og_title":"Ronda-v\u00e4gen till Marbella \u00f6ppnar helt f\u00f6rst i augusti","og_description":"F\u00f6rst efter fyra och en halv m\u00e5nad v\u00e4ntas ett k\u00f6rf\u00e4lt \u00f6ppna l\u00e4ngs A-397:an mellan Marbella (San Pedro Alc\u00e1ntara) och Ronda efter det stora ras som intr\u00e4ffade i samband med regnov\u00e4dret i f\u00f6rra veckan. I augusti f\u00f6rv\u00e4ntas hela v\u00e4gavsnittet st\u00e5 klart...","og_url":"https:\/\/lightweb.dev\/l\/svm-temp\/nyheter\/lokalt\/ronda-vagen-avstangd-tills-vidare\/","og_site_name":"Svenska Magasinet","article_publisher":"https:\/\/www.facebook.com\/svenskamagasinet","article_published_time":"2025-03-14T09:03:22+00:00","article_modified_time":"2025-03-16T09:35:59+00:00","og_image":[{"width":900,"height":400,"url":"https:\/\/lightweb.dev\/l\/svm-temp\/wp-content\/uploads\/2025\/03\/svm20250312090036.webp","type":"image\/webp"}],"author":"Ola Josefsson","twitter_card":"summary_large_image","twitter_creator":"@SvenskaMagasine","twitter_site":"@SvenskaMagasine","schema":{"@context":"https:\/\/schema.org","@graph":[{"@type":"Article","@id":"https:\/\/lightweb.dev\/l\/svm-temp\/nyheter\/lokalt\/ronda-vagen-avstangd-tills-vidare\/#article","isPartOf":{"@id":"https:\/\/lightweb.dev\/l\/svm-temp\/nyheter\/lokalt\/ronda-vagen-avstangd-tills-vidare\/"},"author":{"name":"Ola Josefsson","@id":"https:\/\/lightweb.dev\/l\/svm-temp\/#\/schema\/person\/7a82b8a73d171d32360a564b6d03508e"},"headline":"Ronda-v\u00e4gen till Marbella \u00f6ppnar helt f\u00f6rst i augusti","datePublished":"2025-03-14T09:03:22+00:00","dateModified":"2025-03-16T09:35:59+00:00","mainEntityOfPage":{"@id":"https:\/\/lightweb.dev\/l\/svm-temp\/nyheter\/lokalt\/ronda-vagen-avstangd-tills-vidare\/"},"wordCount":757,"publisher":{"@id":"https:\/\/lightweb.dev\/l\/svm-temp\/#organization"},"image":{"@id":"https:\/\/lightweb.dev\/l\/svm-temp\/nyheter\/lokalt\/ronda-vagen-avstangd-tills-vidare\/#primaryimage"},"thumbnailUrl":"https:\/\/lightweb.dev\/l\/svm-temp\/wp-content\/uploads\/2025\/03\/svm20250312090036.webp","articleSection":["Inrikes","Nyheter"],"inLanguage":"sv-SE"},{"@type":"WebPage","@id":"https:\/\/lightweb.dev\/l\/svm-temp\/nyheter\/lokalt\/ronda-vagen-avstangd-tills-vidare\/","url":"https:\/\/lightweb.dev\/l\/svm-temp\/nyheter\/lokalt\/ronda-vagen-avstangd-tills-vidare\/","name":"Ronda-v\u00e4gen till Marbella \u00f6ppnar helt f\u00f6rst i augusti - Svenska Magasinet","isPartOf":{"@id":"https:\/\/lightweb.dev\/l\/svm-temp\/#website"},"primaryImageOfPage":{"@id":"https:\/\/lightweb.dev\/l\/svm-temp\/nyheter\/lokalt\/ronda-vagen-avstangd-tills-vidare\/#primaryimage"},"image":{"@id":"https:\/\/lightweb.dev\/l\/svm-temp\/nyheter\/lokalt\/ronda-vagen-avstangd-tills-vidare\/#primaryimage"},"thumbnailUrl":"https:\/\/lightweb.dev\/l\/svm-temp\/wp-content\/uploads\/2025\/03\/svm20250312090036.webp","datePublished":"2025-03-14T09:03:22+00:00","dateModified":"2025-03-16T09:35:59+00:00","breadcrumb":{"@id":"https:\/\/lightweb.dev\/l\/svm-temp\/nyheter\/lokalt\/ronda-vagen-avstangd-tills-vidare\/#breadcrumb"},"inLanguage":"sv-SE","potentialAction":[{"@type":"ReadAction","target":["https:\/\/lightweb.dev\/l\/svm-temp\/nyheter\/lokalt\/ronda-vagen-avstangd-tills-vidare\/"]}]},{"@type":"ImageObject","inLanguage":"sv-SE","@id":"https:\/\/lightweb.dev\/l\/svm-temp\/nyheter\/lokalt\/ronda-vagen-avstangd-tills-vidare\/#primaryimage","url":"https:\/\/lightweb.dev\/l\/svm-temp\/wp-content\/uploads\/2025\/03\/svm20250312090036.webp","contentUrl":"https:\/\/lightweb.dev\/l\/svm-temp\/wp-content\/uploads\/2025\/03\/svm20250312090036.webp","width":900,"height":400},{"@type":"BreadcrumbList","@id":"https:\/\/lightweb.dev\/l\/svm-temp\/nyheter\/lokalt\/ronda-vagen-avstangd-tills-vidare\/#breadcrumb","itemListElement":[{"@type":"ListItem","position":1,"name":"Hem","item":"https:\/\/lightweb.dev\/l\/svm-temp\/"},{"@type":"ListItem","position":2,"name":"Ronda-v\u00e4gen till Marbella \u00f6ppnar helt f\u00f6rst i augusti"}]},{"@type":"WebSite","@id":"https:\/\/lightweb.dev\/l\/svm-temp\/#website","url":"https:\/\/lightweb.dev\/l\/svm-temp\/","name":"Svenska Magasinet","description":"Dina Spanska nyheter p&aring; Svenska","publisher":{"@id":"https:\/\/lightweb.dev\/l\/svm-temp\/#organization"},"potentialAction":[{"@type":"SearchAction","target":{"@type":"EntryPoint","urlTemplate":"https:\/\/lightweb.dev\/l\/svm-temp\/?s={search_term_string}"},"query-input":{"@type":"PropertyValueSpecification","valueRequired":true,"valueName":"search_term_string"}}],"inLanguage":"sv-SE"},{"@type":"Organization","@id":"https:\/\/lightweb.dev\/l\/svm-temp\/#organization","name":"Melkerson y Nott SL","alternateName":"Svenska Magasinet","url":"https:\/\/lightweb.dev\/l\/svm-temp\/","logo":{"@type":"ImageObject","inLanguage":"sv-SE","@id":"https:\/\/lightweb.dev\/l\/svm-temp\/#\/schema\/logo\/image\/","url":"https:\/\/lightweb.dev\/l\/svm-temp\/wp-content\/uploads\/2025\/02\/SvM-logo-Xtra-Centrerad-SVART.png","contentUrl":"https:\/\/lightweb.dev\/l\/svm-temp\/wp-content\/uploads\/2025\/02\/SvM-logo-Xtra-Centrerad-SVART.png","width":300,"height":99,"caption":"Melkerson y Nott SL"},"image":{"@id":"https:\/\/lightweb.dev\/l\/svm-temp\/#\/schema\/logo\/image\/"},"sameAs":["https:\/\/www.facebook.com\/svenskamagasinet","https:\/\/x.com\/SvenskaMagasine"]},{"@type":"Person","@id":"https:\/\/lightweb.dev\/l\/svm-temp\/#\/schema\/person\/7a82b8a73d171d32360a564b6d03508e","name":"Ola Josefsson","description":"Bevakar Solkusten och Spanien sedan 1994.","sameAs":["https:\/\/lightweb.dev\/l\/svm-temp"],"url":"https:\/\/lightweb.dev\/l\/svm-temp\/reporter\/ola-josefsson\/"}]}},"_links":{"self":[{"href":"https:\/\/lightweb.dev\/l\/svm-temp\/wp-json\/wp\/v2\/posts\/80240","targetHints":{"allow":["GET"]}}],"collection":[{"href":"https:\/\/lightweb.dev\/l\/svm-temp\/wp-json\/wp\/v2\/posts"}],"about":[{"href":"https:\/\/lightweb.dev\/l\/svm-temp\/wp-json\/wp\/v2\/types\/post"}],"author":[{"embeddable":true,"href":"https:\/\/lightweb.dev\/l\/svm-temp\/wp-json\/wp\/v2\/users\/7"}],"replies":[{"embeddable":true,"href":"https:\/\/lightweb.dev\/l\/svm-temp\/wp-json\/wp\/v2\/comments?post=80240"}],"version-history":[{"count":0,"href":"https:\/\/lightweb.dev\/l\/svm-temp\/wp-json\/wp\/v2\/posts\/80240\/revisions"}],"wp:featuredmedia":[{"embeddable":true,"href":"https:\/\/lightweb.dev\/l\/svm-temp\/wp-json\/wp\/v2\/media\/80238"}],"wp:attachment":[{"href":"https:\/\/lightweb.dev\/l\/svm-temp\/wp-json\/wp\/v2\/media?parent=80240"}],"wp:term":[{"taxonomy":"category","embeddable":true,"href":"https:\/\/lightweb.dev\/l\/svm-temp\/wp-json\/wp\/v2\/categories?post=80240"},{"taxonomy":"post_tag","embeddable":true,"href":"https:\/\/lightweb.dev\/l\/svm-temp\/wp-json\/wp\/v2\/tags?post=80240"}],"curies":[{"name":"wp","href":"https:\/\/api.w.org\/{rel}","templated":true}]}}