{"id":80262,"date":"2025-03-12T16:26:02","date_gmt":"2025-03-12T15:26:02","guid":{"rendered":"https:\/\/lightweb.dev\/l\/svm-temp\/?p=80262"},"modified":"2025-03-12T16:26:02","modified_gmt":"2025-03-12T15:26:02","slug":"vetenskapliga-dagar-i-benejuzar","status":"publish","type":"post","link":"https:\/\/lightweb.dev\/l\/svm-temp\/nyheter\/vetenskapliga-dagar-i-benejuzar\/","title":{"rendered":"Vetenskapliga dagar i Benej\u00fazar"},"content":{"rendered":"<p><strong>I b\u00f6rjan av n\u00e4sta m\u00e5nad f\u00e5r skolelever fr\u00e5n runt om i Valencia chansen att visa sina forskningsprojekt p\u00e5 stadens gator.\u00a0<\/strong><\/p>\n<p><span style=\"font-weight: 400;\">De med intresse f\u00f6r forskning och vetenskap kan bes\u00f6ka Benej\u00fazar, nordv\u00e4st om Torrevieja, i b\u00f6rjan av april. D\u00e5 arrangeras n\u00e4mligen den tionde upplagan av vetenskapst\u00e4vlingen Vega Baja del Segura, d\u00e4r elever fr\u00e5n olika skolor deltar, p\u00e5 Plaza de Espa\u00f1a.\u00a0<\/span><\/p>\n<p><span style=\"font-weight: 400;\">Benej\u00fazars borgm\u00e4stare, Vicente Cases, ber\u00e4ttar att t\u00e4vlingen \u201cefter ett decennium blivit ett riktm\u00e4rke f\u00f6r att fr\u00e4mja kunskap bland ungdomar i regionen.\u201d\u00a0<\/span><\/p>\n<p><span style=\"font-weight: 400;\">Isabela Cutillas, som \u00e4r direkt\u00f6r p\u00e5 IES Benej\u00fazar, s\u00e4ger att \u201cmed denna uppmaning siktar vi p\u00e5 att sprida vetenskap och uppvisa den som n\u00e5got som \u00e4r n\u00e4rst\u00e5ende, f\u00f6rst\u00e5eligt och motiverande\u201d. Hon kallar arrangemanget f\u00f6r en &#8221;vetenskapsfestival&#8221; som ska f\u00e5 ut kunskap p\u00e5 gatorna f\u00f6r att visa arbete, projekt eller mindre unders\u00f6kningar som regionens elever har utf\u00f6rt i skolan.\u00a0<\/span><\/p>\n<p><span style=\"font-weight: 400;\">Hon f\u00f6rklarar att n\u00e4stan 20 skolor fr\u00e5n Valencia kommer att vara representerade i \u00e5r och d\u00e4rmed f\u00f6rv\u00e4ntas fler \u00e4n 200 barn och ungdomar att delta. Det \u00e4r eleverna sj\u00e4lva som f\u00e5r f\u00f6rklara f\u00f6r \u00e5sk\u00e5darna vad de har unders\u00f6kt och vad de f\u00e5tt f\u00f6r resultat. Det blir \u00e4mnen som teknik, konst och matematik. Dessutom kommer det finnas chanser att tr\u00e4ffa och inspireras av unga forskare i samband med b\u00e5de \u00f6ppnings- och avslutningsceremonin.\u00a0<\/span><\/p>\n<p><span style=\"font-weight: 400;\">Mari Carmen Perea \u00e4r direkt\u00f6r p\u00e5 <\/span><span style=\"font-weight: 400;\">Jes\u00fas Carnicers interaktiva utbildningsmuseum (Mudic), som medverkar i t\u00e4vlingen. Med evenemanget s\u00e4ger hon att \u201cvi uppfyller m\u00e5let f\u00f6r Mudic att vara l\u00e4nken mellan olika sektorer och vetenskapen\u201d. Hon l\u00e4gger stor vikt vid att eleverna f\u00e5r m\u00f6jlighet att ta med sina projekt utanf\u00f6r klassrummet och f\u00e5 chansen att visa upp dem f\u00f6r v\u00e4rlden.\u00a0<\/span><\/p>\n<p><span style=\"font-weight: 400;\">T\u00e4vlingen h\u00e5lls den 4 och 5 april.\u00a0<\/span><\/p>\n","protected":false},"excerpt":{"rendered":"<p>I b\u00f6rjan av n\u00e4sta m\u00e5nad f\u00e5r skolelever fr\u00e5n runt om i Valencia chansen att visa sina forskningsprojekt p\u00e5 stadens gator.\u00a0<\/p>\n","protected":false},"author":14,"featured_media":78042,"comment_status":"closed","ping_status":"closed","sticky":false,"template":"","format":"standard","meta":{"_et_pb_use_builder":"","_et_pb_old_content":"","_et_gb_content_width":"","footnotes":""},"categories":[395,3],"tags":[],"class_list":["post-80262","post","type-post","status-publish","format-standard","has-post-thumbnail","hentry","category-arkiv-nyheter","category-nyheter"],"yoast_head":"<!-- This site is optimized with the Yoast SEO Premium plugin v26.2 (Yoast SEO v27.4) - https:\/\/yoast.com\/product\/yoast-seo-premium-wordpress\/ -->\n<title>Vetenskapliga dagar i Benej\u00fazar - Svenska Magasinet<\/title>\n<meta name=\"robots\" content=\"noindex, follow, max-snippet:-1, max-image-preview:large, max-video-preview:-1\" \/>\n<meta property=\"og:locale\" content=\"sv_SE\" \/>\n<meta property=\"og:type\" content=\"article\" \/>\n<meta property=\"og:title\" content=\"Vetenskapliga dagar i Benej\u00fazar\" \/>\n<meta property=\"og:description\" content=\"I b\u00f6rjan av n\u00e4sta m\u00e5nad f\u00e5r skolelever fr\u00e5n runt om i Valencia chansen att visa sina forskningsprojekt p\u00e5 stadens gator.\u00a0\" \/>\n<meta property=\"og:url\" content=\"https:\/\/lightweb.dev\/l\/svm-temp\/nyheter\/vetenskapliga-dagar-i-benejuzar\/\" \/>\n<meta property=\"og:site_name\" content=\"Svenska Magasinet\" \/>\n<meta property=\"article:publisher\" content=\"https:\/\/www.facebook.com\/svenskamagasinet\" \/>\n<meta property=\"article:published_time\" content=\"2025-03-12T15:26:02+00:00\" \/>\n<meta property=\"og:image\" content=\"https:\/\/lightweb.dev\/l\/svm-temp\/wp-content\/uploads\/2025\/02\/svm20250206132341.webp\" \/>\n\t<meta property=\"og:image:width\" content=\"900\" \/>\n\t<meta property=\"og:image:height\" content=\"400\" \/>\n\t<meta property=\"og:image:type\" content=\"image\/webp\" \/>\n<meta name=\"author\" content=\"Robbie Eriksson\" \/>\n<meta name=\"twitter:card\" content=\"summary_large_image\" \/>\n<meta name=\"twitter:creator\" content=\"@SvenskaMagasine\" \/>\n<meta name=\"twitter:site\" content=\"@SvenskaMagasine\" \/>\n<script type=\"application\/ld+json\" class=\"yoast-schema-graph\">{\"@context\":\"https:\\\/\\\/schema.org\",\"@graph\":[{\"@type\":\"Article\",\"@id\":\"https:\\\/\\\/lightweb.dev\\\/l\\\/svm-temp\\\/nyheter\\\/vetenskapliga-dagar-i-benejuzar\\\/#article\",\"isPartOf\":{\"@id\":\"https:\\\/\\\/lightweb.dev\\\/l\\\/svm-temp\\\/nyheter\\\/vetenskapliga-dagar-i-benejuzar\\\/\"},\"author\":{\"name\":\"Robbie Eriksson\",\"@id\":\"https:\\\/\\\/lightweb.dev\\\/l\\\/svm-temp\\\/#\\\/schema\\\/person\\\/caffe038990d25722f5a04a03c906a2b\"},\"headline\":\"Vetenskapliga dagar i Benej\u00fazar\",\"datePublished\":\"2025-03-12T15:26:02+00:00\",\"mainEntityOfPage\":{\"@id\":\"https:\\\/\\\/lightweb.dev\\\/l\\\/svm-temp\\\/nyheter\\\/vetenskapliga-dagar-i-benejuzar\\\/\"},\"wordCount\":340,\"publisher\":{\"@id\":\"https:\\\/\\\/lightweb.dev\\\/l\\\/svm-temp\\\/#organization\"},\"image\":{\"@id\":\"https:\\\/\\\/lightweb.dev\\\/l\\\/svm-temp\\\/nyheter\\\/vetenskapliga-dagar-i-benejuzar\\\/#primaryimage\"},\"thumbnailUrl\":\"https:\\\/\\\/lightweb.dev\\\/l\\\/svm-temp\\\/wp-content\\\/uploads\\\/2025\\\/02\\\/svm20250206132341.webp\",\"articleSection\":[\"Arkiv\",\"Nyheter\"],\"inLanguage\":\"sv-SE\"},{\"@type\":\"WebPage\",\"@id\":\"https:\\\/\\\/lightweb.dev\\\/l\\\/svm-temp\\\/nyheter\\\/vetenskapliga-dagar-i-benejuzar\\\/\",\"url\":\"https:\\\/\\\/lightweb.dev\\\/l\\\/svm-temp\\\/nyheter\\\/vetenskapliga-dagar-i-benejuzar\\\/\",\"name\":\"Vetenskapliga dagar i Benej\u00fazar - Svenska Magasinet\",\"isPartOf\":{\"@id\":\"https:\\\/\\\/lightweb.dev\\\/l\\\/svm-temp\\\/#website\"},\"primaryImageOfPage\":{\"@id\":\"https:\\\/\\\/lightweb.dev\\\/l\\\/svm-temp\\\/nyheter\\\/vetenskapliga-dagar-i-benejuzar\\\/#primaryimage\"},\"image\":{\"@id\":\"https:\\\/\\\/lightweb.dev\\\/l\\\/svm-temp\\\/nyheter\\\/vetenskapliga-dagar-i-benejuzar\\\/#primaryimage\"},\"thumbnailUrl\":\"https:\\\/\\\/lightweb.dev\\\/l\\\/svm-temp\\\/wp-content\\\/uploads\\\/2025\\\/02\\\/svm20250206132341.webp\",\"datePublished\":\"2025-03-12T15:26:02+00:00\",\"breadcrumb\":{\"@id\":\"https:\\\/\\\/lightweb.dev\\\/l\\\/svm-temp\\\/nyheter\\\/vetenskapliga-dagar-i-benejuzar\\\/#breadcrumb\"},\"inLanguage\":\"sv-SE\",\"potentialAction\":[{\"@type\":\"ReadAction\",\"target\":[\"https:\\\/\\\/lightweb.dev\\\/l\\\/svm-temp\\\/nyheter\\\/vetenskapliga-dagar-i-benejuzar\\\/\"]}]},{\"@type\":\"ImageObject\",\"inLanguage\":\"sv-SE\",\"@id\":\"https:\\\/\\\/lightweb.dev\\\/l\\\/svm-temp\\\/nyheter\\\/vetenskapliga-dagar-i-benejuzar\\\/#primaryimage\",\"url\":\"https:\\\/\\\/lightweb.dev\\\/l\\\/svm-temp\\\/wp-content\\\/uploads\\\/2025\\\/02\\\/svm20250206132341.webp\",\"contentUrl\":\"https:\\\/\\\/lightweb.dev\\\/l\\\/svm-temp\\\/wp-content\\\/uploads\\\/2025\\\/02\\\/svm20250206132341.webp\",\"width\":900,\"height\":400,\"caption\":\"(Bild: Freepik.com)\"},{\"@type\":\"BreadcrumbList\",\"@id\":\"https:\\\/\\\/lightweb.dev\\\/l\\\/svm-temp\\\/nyheter\\\/vetenskapliga-dagar-i-benejuzar\\\/#breadcrumb\",\"itemListElement\":[{\"@type\":\"ListItem\",\"position\":1,\"name\":\"Hem\",\"item\":\"https:\\\/\\\/lightweb.dev\\\/l\\\/svm-temp\\\/\"},{\"@type\":\"ListItem\",\"position\":2,\"name\":\"Vetenskapliga dagar i Benej\u00fazar\"}]},{\"@type\":\"WebSite\",\"@id\":\"https:\\\/\\\/lightweb.dev\\\/l\\\/svm-temp\\\/#website\",\"url\":\"https:\\\/\\\/lightweb.dev\\\/l\\\/svm-temp\\\/\",\"name\":\"Svenska Magasinet\",\"description\":\"Dina Spanska nyheter p&aring; Svenska\",\"publisher\":{\"@id\":\"https:\\\/\\\/lightweb.dev\\\/l\\\/svm-temp\\\/#organization\"},\"potentialAction\":[{\"@type\":\"SearchAction\",\"target\":{\"@type\":\"EntryPoint\",\"urlTemplate\":\"https:\\\/\\\/lightweb.dev\\\/l\\\/svm-temp\\\/?s={search_term_string}\"},\"query-input\":{\"@type\":\"PropertyValueSpecification\",\"valueRequired\":true,\"valueName\":\"search_term_string\"}}],\"inLanguage\":\"sv-SE\"},{\"@type\":\"Organization\",\"@id\":\"https:\\\/\\\/lightweb.dev\\\/l\\\/svm-temp\\\/#organization\",\"name\":\"Melkerson y Nott SL\",\"alternateName\":\"Svenska Magasinet\",\"url\":\"https:\\\/\\\/lightweb.dev\\\/l\\\/svm-temp\\\/\",\"logo\":{\"@type\":\"ImageObject\",\"inLanguage\":\"sv-SE\",\"@id\":\"https:\\\/\\\/lightweb.dev\\\/l\\\/svm-temp\\\/#\\\/schema\\\/logo\\\/image\\\/\",\"url\":\"https:\\\/\\\/lightweb.dev\\\/l\\\/svm-temp\\\/wp-content\\\/uploads\\\/2025\\\/02\\\/SvM-logo-Xtra-Centrerad-SVART.png\",\"contentUrl\":\"https:\\\/\\\/lightweb.dev\\\/l\\\/svm-temp\\\/wp-content\\\/uploads\\\/2025\\\/02\\\/SvM-logo-Xtra-Centrerad-SVART.png\",\"width\":300,\"height\":99,\"caption\":\"Melkerson y Nott SL\"},\"image\":{\"@id\":\"https:\\\/\\\/lightweb.dev\\\/l\\\/svm-temp\\\/#\\\/schema\\\/logo\\\/image\\\/\"},\"sameAs\":[\"https:\\\/\\\/www.facebook.com\\\/svenskamagasinet\",\"https:\\\/\\\/x.com\\\/SvenskaMagasine\"]},{\"@type\":\"Person\",\"@id\":\"https:\\\/\\\/lightweb.dev\\\/l\\\/svm-temp\\\/#\\\/schema\\\/person\\\/caffe038990d25722f5a04a03c906a2b\",\"name\":\"Robbie Eriksson\",\"sameAs\":[\"https:\\\/\\\/lightweb.dev\\\/l\\\/svm-temp\"],\"url\":\"https:\\\/\\\/lightweb.dev\\\/l\\\/svm-temp\\\/reporter\\\/robbie-eriksson\\\/\"}]}<\/script>\n<!-- \/ Yoast SEO Premium plugin. -->","yoast_head_json":{"title":"Vetenskapliga dagar i Benej\u00fazar - Svenska Magasinet","robots":{"index":"noindex","follow":"follow","max-snippet":"max-snippet:-1","max-image-preview":"max-image-preview:large","max-video-preview":"max-video-preview:-1"},"og_locale":"sv_SE","og_type":"article","og_title":"Vetenskapliga dagar i Benej\u00fazar","og_description":"I b\u00f6rjan av n\u00e4sta m\u00e5nad f\u00e5r skolelever fr\u00e5n runt om i Valencia chansen att visa sina forskningsprojekt p\u00e5 stadens gator.\u00a0","og_url":"https:\/\/lightweb.dev\/l\/svm-temp\/nyheter\/vetenskapliga-dagar-i-benejuzar\/","og_site_name":"Svenska Magasinet","article_publisher":"https:\/\/www.facebook.com\/svenskamagasinet","article_published_time":"2025-03-12T15:26:02+00:00","og_image":[{"width":900,"height":400,"url":"https:\/\/lightweb.dev\/l\/svm-temp\/wp-content\/uploads\/2025\/02\/svm20250206132341.webp","type":"image\/webp"}],"author":"Robbie Eriksson","twitter_card":"summary_large_image","twitter_creator":"@SvenskaMagasine","twitter_site":"@SvenskaMagasine","schema":{"@context":"https:\/\/schema.org","@graph":[{"@type":"Article","@id":"https:\/\/lightweb.dev\/l\/svm-temp\/nyheter\/vetenskapliga-dagar-i-benejuzar\/#article","isPartOf":{"@id":"https:\/\/lightweb.dev\/l\/svm-temp\/nyheter\/vetenskapliga-dagar-i-benejuzar\/"},"author":{"name":"Robbie Eriksson","@id":"https:\/\/lightweb.dev\/l\/svm-temp\/#\/schema\/person\/caffe038990d25722f5a04a03c906a2b"},"headline":"Vetenskapliga dagar i Benej\u00fazar","datePublished":"2025-03-12T15:26:02+00:00","mainEntityOfPage":{"@id":"https:\/\/lightweb.dev\/l\/svm-temp\/nyheter\/vetenskapliga-dagar-i-benejuzar\/"},"wordCount":340,"publisher":{"@id":"https:\/\/lightweb.dev\/l\/svm-temp\/#organization"},"image":{"@id":"https:\/\/lightweb.dev\/l\/svm-temp\/nyheter\/vetenskapliga-dagar-i-benejuzar\/#primaryimage"},"thumbnailUrl":"https:\/\/lightweb.dev\/l\/svm-temp\/wp-content\/uploads\/2025\/02\/svm20250206132341.webp","articleSection":["Arkiv","Nyheter"],"inLanguage":"sv-SE"},{"@type":"WebPage","@id":"https:\/\/lightweb.dev\/l\/svm-temp\/nyheter\/vetenskapliga-dagar-i-benejuzar\/","url":"https:\/\/lightweb.dev\/l\/svm-temp\/nyheter\/vetenskapliga-dagar-i-benejuzar\/","name":"Vetenskapliga dagar i Benej\u00fazar - Svenska Magasinet","isPartOf":{"@id":"https:\/\/lightweb.dev\/l\/svm-temp\/#website"},"primaryImageOfPage":{"@id":"https:\/\/lightweb.dev\/l\/svm-temp\/nyheter\/vetenskapliga-dagar-i-benejuzar\/#primaryimage"},"image":{"@id":"https:\/\/lightweb.dev\/l\/svm-temp\/nyheter\/vetenskapliga-dagar-i-benejuzar\/#primaryimage"},"thumbnailUrl":"https:\/\/lightweb.dev\/l\/svm-temp\/wp-content\/uploads\/2025\/02\/svm20250206132341.webp","datePublished":"2025-03-12T15:26:02+00:00","breadcrumb":{"@id":"https:\/\/lightweb.dev\/l\/svm-temp\/nyheter\/vetenskapliga-dagar-i-benejuzar\/#breadcrumb"},"inLanguage":"sv-SE","potentialAction":[{"@type":"ReadAction","target":["https:\/\/lightweb.dev\/l\/svm-temp\/nyheter\/vetenskapliga-dagar-i-benejuzar\/"]}]},{"@type":"ImageObject","inLanguage":"sv-SE","@id":"https:\/\/lightweb.dev\/l\/svm-temp\/nyheter\/vetenskapliga-dagar-i-benejuzar\/#primaryimage","url":"https:\/\/lightweb.dev\/l\/svm-temp\/wp-content\/uploads\/2025\/02\/svm20250206132341.webp","contentUrl":"https:\/\/lightweb.dev\/l\/svm-temp\/wp-content\/uploads\/2025\/02\/svm20250206132341.webp","width":900,"height":400,"caption":"(Bild: Freepik.com)"},{"@type":"BreadcrumbList","@id":"https:\/\/lightweb.dev\/l\/svm-temp\/nyheter\/vetenskapliga-dagar-i-benejuzar\/#breadcrumb","itemListElement":[{"@type":"ListItem","position":1,"name":"Hem","item":"https:\/\/lightweb.dev\/l\/svm-temp\/"},{"@type":"ListItem","position":2,"name":"Vetenskapliga dagar i Benej\u00fazar"}]},{"@type":"WebSite","@id":"https:\/\/lightweb.dev\/l\/svm-temp\/#website","url":"https:\/\/lightweb.dev\/l\/svm-temp\/","name":"Svenska Magasinet","description":"Dina Spanska nyheter p&aring; Svenska","publisher":{"@id":"https:\/\/lightweb.dev\/l\/svm-temp\/#organization"},"potentialAction":[{"@type":"SearchAction","target":{"@type":"EntryPoint","urlTemplate":"https:\/\/lightweb.dev\/l\/svm-temp\/?s={search_term_string}"},"query-input":{"@type":"PropertyValueSpecification","valueRequired":true,"valueName":"search_term_string"}}],"inLanguage":"sv-SE"},{"@type":"Organization","@id":"https:\/\/lightweb.dev\/l\/svm-temp\/#organization","name":"Melkerson y Nott SL","alternateName":"Svenska Magasinet","url":"https:\/\/lightweb.dev\/l\/svm-temp\/","logo":{"@type":"ImageObject","inLanguage":"sv-SE","@id":"https:\/\/lightweb.dev\/l\/svm-temp\/#\/schema\/logo\/image\/","url":"https:\/\/lightweb.dev\/l\/svm-temp\/wp-content\/uploads\/2025\/02\/SvM-logo-Xtra-Centrerad-SVART.png","contentUrl":"https:\/\/lightweb.dev\/l\/svm-temp\/wp-content\/uploads\/2025\/02\/SvM-logo-Xtra-Centrerad-SVART.png","width":300,"height":99,"caption":"Melkerson y Nott SL"},"image":{"@id":"https:\/\/lightweb.dev\/l\/svm-temp\/#\/schema\/logo\/image\/"},"sameAs":["https:\/\/www.facebook.com\/svenskamagasinet","https:\/\/x.com\/SvenskaMagasine"]},{"@type":"Person","@id":"https:\/\/lightweb.dev\/l\/svm-temp\/#\/schema\/person\/caffe038990d25722f5a04a03c906a2b","name":"Robbie Eriksson","sameAs":["https:\/\/lightweb.dev\/l\/svm-temp"],"url":"https:\/\/lightweb.dev\/l\/svm-temp\/reporter\/robbie-eriksson\/"}]}},"_links":{"self":[{"href":"https:\/\/lightweb.dev\/l\/svm-temp\/wp-json\/wp\/v2\/posts\/80262","targetHints":{"allow":["GET"]}}],"collection":[{"href":"https:\/\/lightweb.dev\/l\/svm-temp\/wp-json\/wp\/v2\/posts"}],"about":[{"href":"https:\/\/lightweb.dev\/l\/svm-temp\/wp-json\/wp\/v2\/types\/post"}],"author":[{"embeddable":true,"href":"https:\/\/lightweb.dev\/l\/svm-temp\/wp-json\/wp\/v2\/users\/14"}],"replies":[{"embeddable":true,"href":"https:\/\/lightweb.dev\/l\/svm-temp\/wp-json\/wp\/v2\/comments?post=80262"}],"version-history":[{"count":0,"href":"https:\/\/lightweb.dev\/l\/svm-temp\/wp-json\/wp\/v2\/posts\/80262\/revisions"}],"wp:featuredmedia":[{"embeddable":true,"href":"https:\/\/lightweb.dev\/l\/svm-temp\/wp-json\/wp\/v2\/media\/78042"}],"wp:attachment":[{"href":"https:\/\/lightweb.dev\/l\/svm-temp\/wp-json\/wp\/v2\/media?parent=80262"}],"wp:term":[{"taxonomy":"category","embeddable":true,"href":"https:\/\/lightweb.dev\/l\/svm-temp\/wp-json\/wp\/v2\/categories?post=80262"},{"taxonomy":"post_tag","embeddable":true,"href":"https:\/\/lightweb.dev\/l\/svm-temp\/wp-json\/wp\/v2\/tags?post=80262"}],"curies":[{"name":"wp","href":"https:\/\/api.w.org\/{rel}","templated":true}]}}