{"id":80274,"date":"2025-03-13T10:55:40","date_gmt":"2025-03-13T09:55:40","guid":{"rendered":"https:\/\/lightweb.dev\/l\/svm-temp\/?p=80274"},"modified":"2025-03-13T10:55:40","modified_gmt":"2025-03-13T09:55:40","slug":"humus-fargar-havet-brunt","status":"publish","type":"post","link":"https:\/\/lightweb.dev\/l\/svm-temp\/nyheter\/humus-fargar-havet-brunt\/","title":{"rendered":"Humus f\u00e4rgar havet brunt"},"content":{"rendered":"<p><strong>Det \u00e4r ett fenomen som \u00e5terkommer. Som n\u00e4r den i vanliga fall uttorkade floden r\u00edo Seco (!) i Almu\u00f1\u00e9car p\u00e5 Costa Tropical f\u00e4rgar havsvattnet brunt vid Pe\u00f1\u00f3n de San Crist\u00f3bal.<\/strong><\/p>\n<p>Det \u00e4r helt ofarligt och beror p\u00e5 ett naturligt fenomen.<\/p>\n<p>Den bruna f\u00e4rgen p\u00e5 vattnet kommer sig av stora m\u00e4ngder regn som har dragit med sig sediment och organiskt material ut till havet. Det som g\u00f6r att det \u00e4r brunt, n\u00e4r det ses \u00f6ver havsytan \u00e4r humus\u00e4mnen s\u00e5dant som lakar ur jordarna.<\/p>\n<blockquote class=\"twitter-tweet\" data-media-max-width=\"560\">\n<p dir=\"ltr\" lang=\"es\">\u25b6 <a href=\"https:\/\/twitter.com\/hashtag\/Granada?src=hash&amp;ref_src=twsrc%5Etfw\">#Granada<\/a> La explicaci\u00f3n a la gran mancha marr\u00f3n el Pe\u00f1\u00f3n de San Crist\u00f3bal de Almu\u00f1\u00e9car<br \/>\n\u270d Informa <a href=\"https:\/\/twitter.com\/mjat711000?ref_src=twsrc%5Etfw\">@mjat711000<\/a><br \/>\n<a href=\"https:\/\/t.co\/kRkCVjeQj6\">https:\/\/t.co\/kRkCVjeQj6<\/a><\/p>\n<p>\u2014 ideal_granada (@ideal_granada) <a href=\"https:\/\/twitter.com\/ideal_granada\/status\/1899488340203753800?ref_src=twsrc%5Etfw\">March 11, 2025<\/a><\/p><\/blockquote>\n<p><script async src=\"https:\/\/platform.twitter.com\/widgets.js\" charset=\"utf-8\"><\/script><\/p>\n<p>Dagstidningen Ideal uppm\u00e4rksammade nyligen fenomenet efter att fotografen Gandonniere Francois (Fgando) hade filmat det bruna havsvattnet med sin dr\u00f6nare.<\/p>\n<p>Almu\u00f1\u00e9car kommunfullm\u00e4ktige s\u00e4ger i en kommentar att det \u00e4r helt normalt och f\u00f6rekommer vid andra platser d\u00e4r floder rinner ut i havet.<\/p>\n<p>Dessutom \u00e4r det inget milj\u00f6problem d\u00e5 fl\u00f6de av s\u00f6tvatten och organiskt material \u00e4r mycket f\u00f6rdelaktigt f\u00f6r den marina floran och faunan eftersom det berikar ekosystemet med viktiga mineralsalter och n\u00e4rings\u00e4mnen fr\u00e5n floden.<\/p>\n<div id=\"attachment_80273\" style=\"width: 910px\" class=\"wp-caption alignnone\"><img loading=\"lazy\" decoding=\"async\" aria-describedby=\"caption-attachment-80273\" class=\"wp-image-80273 size-full\" src=\"https:\/\/lightweb.dev\/l\/svm-temp\/wp-content\/uploads\/2025\/03\/svm20250313095159.webp\" alt=\"\" width=\"900\" height=\"400\" srcset=\"https:\/\/lightweb.dev\/l\/svm-temp\/wp-content\/uploads\/2025\/03\/svm20250313095159.webp 900w, https:\/\/lightweb.dev\/l\/svm-temp\/wp-content\/uploads\/2025\/03\/svm20250313095159-480x213.webp 480w\" sizes=\"(min-width: 0px) and (max-width: 480px) 480px, (min-width: 481px) 900px, 100vw\" \/><p id=\"caption-attachment-80273\" class=\"wp-caption-text\">R\u00edo Seco rinner ut i havet. (Foto: Gandonniere Francois, Fgando)<\/p><\/div>\n<p>&#8211; Jag vill visa fr\u00e5n ett annat perspektiv att naturen har sin g\u00e5ng i Almu\u00f1\u00e9car. Regnet g\u00f6r att floden \u00e5terf\u00f6renas med havet. Det \u00e4r fascinerande att se hur vattenstr\u00f6mmen str\u00e4cker sig ut \u00f6ver det salta havsvattnet, s\u00e4ger Francois till tidningen.<\/p>\n<p>Efter n\u00e5gra dagar utan regn \u00e5terf\u00e5r havet sin bl\u00e5a nyans.<\/p>\n","protected":false},"excerpt":{"rendered":"<p>Det \u00e4r ett fenomen som \u00e5terkommer. Som n\u00e4r den i vanliga fall uttorkade floden r\u00edo Seco (!) i Almu\u00f1\u00e9car p\u00e5 Costa Tropical f\u00e4rgar havsvattnet brunt vid Pe\u00f1\u00f3n de San Crist\u00f3bal.<\/p>\n","protected":false},"author":7,"featured_media":80272,"comment_status":"closed","ping_status":"closed","sticky":false,"template":"","format":"standard","meta":{"_et_pb_use_builder":"","_et_pb_old_content":"","_et_gb_content_width":"","footnotes":""},"categories":[284,3],"tags":[],"class_list":["post-80274","post","type-post","status-publish","format-standard","has-post-thumbnail","hentry","category-inrikes","category-nyheter"],"yoast_head":"<!-- This site is optimized with the Yoast SEO Premium plugin v26.2 (Yoast SEO v27.4) - https:\/\/yoast.com\/product\/yoast-seo-premium-wordpress\/ -->\n<title>Humus f\u00e4rgar havet brunt - Svenska Magasinet<\/title>\n<meta name=\"description\" content=\"Det \u00e4r ett fenomen som \u00e5terkommer i Spanien. Som n\u00e4r den i vanliga fall uttorkade floden r\u00edo Seco (!) i Almu\u00f1\u00e9car p\u00e5 Costa Tropical f\u00e4rgar havsvattnet brunt vid Pe\u00f1\u00f3n de San Crist\u00f3bal.\" \/>\n<meta name=\"robots\" content=\"noindex, follow, max-snippet:-1, max-image-preview:large, max-video-preview:-1\" \/>\n<meta property=\"og:locale\" content=\"sv_SE\" \/>\n<meta property=\"og:type\" content=\"article\" \/>\n<meta property=\"og:title\" content=\"Humus f\u00e4rgar havet brunt\" \/>\n<meta property=\"og:description\" content=\"Det \u00e4r ett fenomen som \u00e5terkommer i Spanien. Som n\u00e4r den i vanliga fall uttorkade floden r\u00edo Seco (!) i Almu\u00f1\u00e9car p\u00e5 Costa Tropical f\u00e4rgar havsvattnet brunt vid Pe\u00f1\u00f3n de San Crist\u00f3bal.\" \/>\n<meta property=\"og:url\" content=\"https:\/\/lightweb.dev\/l\/svm-temp\/nyheter\/lokalt\/humus-fargar-havet-brunt\/\" \/>\n<meta property=\"og:site_name\" content=\"Svenska Magasinet\" \/>\n<meta property=\"article:publisher\" content=\"https:\/\/www.facebook.com\/svenskamagasinet\" \/>\n<meta property=\"article:published_time\" content=\"2025-03-13T09:55:40+00:00\" \/>\n<meta property=\"og:image\" content=\"https:\/\/lightweb.dev\/l\/svm-temp\/wp-content\/uploads\/2025\/03\/svm20250313095146.webp\" \/>\n\t<meta property=\"og:image:width\" content=\"900\" \/>\n\t<meta property=\"og:image:height\" content=\"400\" \/>\n\t<meta property=\"og:image:type\" content=\"image\/webp\" \/>\n<meta name=\"author\" content=\"Ola Josefsson\" \/>\n<meta name=\"twitter:card\" content=\"summary_large_image\" \/>\n<meta name=\"twitter:creator\" content=\"@SvenskaMagasine\" \/>\n<meta name=\"twitter:site\" content=\"@SvenskaMagasine\" \/>\n<script type=\"application\/ld+json\" class=\"yoast-schema-graph\">{\"@context\":\"https:\\\/\\\/schema.org\",\"@graph\":[{\"@type\":\"Article\",\"@id\":\"https:\\\/\\\/lightweb.dev\\\/l\\\/svm-temp\\\/nyheter\\\/lokalt\\\/humus-fargar-havet-brunt\\\/#article\",\"isPartOf\":{\"@id\":\"https:\\\/\\\/lightweb.dev\\\/l\\\/svm-temp\\\/nyheter\\\/lokalt\\\/humus-fargar-havet-brunt\\\/\"},\"author\":{\"name\":\"Ola Josefsson\",\"@id\":\"https:\\\/\\\/lightweb.dev\\\/l\\\/svm-temp\\\/#\\\/schema\\\/person\\\/7a82b8a73d171d32360a564b6d03508e\"},\"headline\":\"Humus f\u00e4rgar havet brunt\",\"datePublished\":\"2025-03-13T09:55:40+00:00\",\"mainEntityOfPage\":{\"@id\":\"https:\\\/\\\/lightweb.dev\\\/l\\\/svm-temp\\\/nyheter\\\/lokalt\\\/humus-fargar-havet-brunt\\\/\"},\"wordCount\":296,\"publisher\":{\"@id\":\"https:\\\/\\\/lightweb.dev\\\/l\\\/svm-temp\\\/#organization\"},\"image\":{\"@id\":\"https:\\\/\\\/lightweb.dev\\\/l\\\/svm-temp\\\/nyheter\\\/lokalt\\\/humus-fargar-havet-brunt\\\/#primaryimage\"},\"thumbnailUrl\":\"https:\\\/\\\/lightweb.dev\\\/l\\\/svm-temp\\\/wp-content\\\/uploads\\\/2025\\\/03\\\/svm20250313095146.webp\",\"articleSection\":[\"Inrikes\",\"Nyheter\"],\"inLanguage\":\"sv-SE\"},{\"@type\":\"WebPage\",\"@id\":\"https:\\\/\\\/lightweb.dev\\\/l\\\/svm-temp\\\/nyheter\\\/lokalt\\\/humus-fargar-havet-brunt\\\/\",\"url\":\"https:\\\/\\\/lightweb.dev\\\/l\\\/svm-temp\\\/nyheter\\\/lokalt\\\/humus-fargar-havet-brunt\\\/\",\"name\":\"Humus f\u00e4rgar havet brunt - Svenska Magasinet\",\"isPartOf\":{\"@id\":\"https:\\\/\\\/lightweb.dev\\\/l\\\/svm-temp\\\/#website\"},\"primaryImageOfPage\":{\"@id\":\"https:\\\/\\\/lightweb.dev\\\/l\\\/svm-temp\\\/nyheter\\\/lokalt\\\/humus-fargar-havet-brunt\\\/#primaryimage\"},\"image\":{\"@id\":\"https:\\\/\\\/lightweb.dev\\\/l\\\/svm-temp\\\/nyheter\\\/lokalt\\\/humus-fargar-havet-brunt\\\/#primaryimage\"},\"thumbnailUrl\":\"https:\\\/\\\/lightweb.dev\\\/l\\\/svm-temp\\\/wp-content\\\/uploads\\\/2025\\\/03\\\/svm20250313095146.webp\",\"datePublished\":\"2025-03-13T09:55:40+00:00\",\"description\":\"Det \u00e4r ett fenomen som \u00e5terkommer i Spanien. Som n\u00e4r den i vanliga fall uttorkade floden r\u00edo Seco (!) i Almu\u00f1\u00e9car p\u00e5 Costa Tropical f\u00e4rgar havsvattnet brunt vid Pe\u00f1\u00f3n de San Crist\u00f3bal.\",\"breadcrumb\":{\"@id\":\"https:\\\/\\\/lightweb.dev\\\/l\\\/svm-temp\\\/nyheter\\\/lokalt\\\/humus-fargar-havet-brunt\\\/#breadcrumb\"},\"inLanguage\":\"sv-SE\",\"potentialAction\":[{\"@type\":\"ReadAction\",\"target\":[\"https:\\\/\\\/lightweb.dev\\\/l\\\/svm-temp\\\/nyheter\\\/lokalt\\\/humus-fargar-havet-brunt\\\/\"]}]},{\"@type\":\"ImageObject\",\"inLanguage\":\"sv-SE\",\"@id\":\"https:\\\/\\\/lightweb.dev\\\/l\\\/svm-temp\\\/nyheter\\\/lokalt\\\/humus-fargar-havet-brunt\\\/#primaryimage\",\"url\":\"https:\\\/\\\/lightweb.dev\\\/l\\\/svm-temp\\\/wp-content\\\/uploads\\\/2025\\\/03\\\/svm20250313095146.webp\",\"contentUrl\":\"https:\\\/\\\/lightweb.dev\\\/l\\\/svm-temp\\\/wp-content\\\/uploads\\\/2025\\\/03\\\/svm20250313095146.webp\",\"width\":900,\"height\":400,\"caption\":\"(Foto: Gandonniere Francois, Fgando)\"},{\"@type\":\"BreadcrumbList\",\"@id\":\"https:\\\/\\\/lightweb.dev\\\/l\\\/svm-temp\\\/nyheter\\\/lokalt\\\/humus-fargar-havet-brunt\\\/#breadcrumb\",\"itemListElement\":[{\"@type\":\"ListItem\",\"position\":1,\"name\":\"Hem\",\"item\":\"https:\\\/\\\/lightweb.dev\\\/l\\\/svm-temp\\\/\"},{\"@type\":\"ListItem\",\"position\":2,\"name\":\"Humus f\u00e4rgar havet brunt\"}]},{\"@type\":\"WebSite\",\"@id\":\"https:\\\/\\\/lightweb.dev\\\/l\\\/svm-temp\\\/#website\",\"url\":\"https:\\\/\\\/lightweb.dev\\\/l\\\/svm-temp\\\/\",\"name\":\"Svenska Magasinet\",\"description\":\"Dina Spanska nyheter p&aring; Svenska\",\"publisher\":{\"@id\":\"https:\\\/\\\/lightweb.dev\\\/l\\\/svm-temp\\\/#organization\"},\"potentialAction\":[{\"@type\":\"SearchAction\",\"target\":{\"@type\":\"EntryPoint\",\"urlTemplate\":\"https:\\\/\\\/lightweb.dev\\\/l\\\/svm-temp\\\/?s={search_term_string}\"},\"query-input\":{\"@type\":\"PropertyValueSpecification\",\"valueRequired\":true,\"valueName\":\"search_term_string\"}}],\"inLanguage\":\"sv-SE\"},{\"@type\":\"Organization\",\"@id\":\"https:\\\/\\\/lightweb.dev\\\/l\\\/svm-temp\\\/#organization\",\"name\":\"Melkerson y Nott SL\",\"alternateName\":\"Svenska Magasinet\",\"url\":\"https:\\\/\\\/lightweb.dev\\\/l\\\/svm-temp\\\/\",\"logo\":{\"@type\":\"ImageObject\",\"inLanguage\":\"sv-SE\",\"@id\":\"https:\\\/\\\/lightweb.dev\\\/l\\\/svm-temp\\\/#\\\/schema\\\/logo\\\/image\\\/\",\"url\":\"https:\\\/\\\/lightweb.dev\\\/l\\\/svm-temp\\\/wp-content\\\/uploads\\\/2025\\\/02\\\/SvM-logo-Xtra-Centrerad-SVART.png\",\"contentUrl\":\"https:\\\/\\\/lightweb.dev\\\/l\\\/svm-temp\\\/wp-content\\\/uploads\\\/2025\\\/02\\\/SvM-logo-Xtra-Centrerad-SVART.png\",\"width\":300,\"height\":99,\"caption\":\"Melkerson y Nott SL\"},\"image\":{\"@id\":\"https:\\\/\\\/lightweb.dev\\\/l\\\/svm-temp\\\/#\\\/schema\\\/logo\\\/image\\\/\"},\"sameAs\":[\"https:\\\/\\\/www.facebook.com\\\/svenskamagasinet\",\"https:\\\/\\\/x.com\\\/SvenskaMagasine\"]},{\"@type\":\"Person\",\"@id\":\"https:\\\/\\\/lightweb.dev\\\/l\\\/svm-temp\\\/#\\\/schema\\\/person\\\/7a82b8a73d171d32360a564b6d03508e\",\"name\":\"Ola Josefsson\",\"description\":\"Bevakar Solkusten och Spanien sedan 1994.\",\"sameAs\":[\"https:\\\/\\\/lightweb.dev\\\/l\\\/svm-temp\"],\"url\":\"https:\\\/\\\/lightweb.dev\\\/l\\\/svm-temp\\\/reporter\\\/ola-josefsson\\\/\"}]}<\/script>\n<!-- \/ Yoast SEO Premium plugin. -->","yoast_head_json":{"title":"Humus f\u00e4rgar havet brunt - Svenska Magasinet","description":"Det \u00e4r ett fenomen som \u00e5terkommer i Spanien. Som n\u00e4r den i vanliga fall uttorkade floden r\u00edo Seco (!) i Almu\u00f1\u00e9car p\u00e5 Costa Tropical f\u00e4rgar havsvattnet brunt vid Pe\u00f1\u00f3n de San Crist\u00f3bal.","robots":{"index":"noindex","follow":"follow","max-snippet":"max-snippet:-1","max-image-preview":"max-image-preview:large","max-video-preview":"max-video-preview:-1"},"og_locale":"sv_SE","og_type":"article","og_title":"Humus f\u00e4rgar havet brunt","og_description":"Det \u00e4r ett fenomen som \u00e5terkommer i Spanien. Som n\u00e4r den i vanliga fall uttorkade floden r\u00edo Seco (!) i Almu\u00f1\u00e9car p\u00e5 Costa Tropical f\u00e4rgar havsvattnet brunt vid Pe\u00f1\u00f3n de San Crist\u00f3bal.","og_url":"https:\/\/lightweb.dev\/l\/svm-temp\/nyheter\/lokalt\/humus-fargar-havet-brunt\/","og_site_name":"Svenska Magasinet","article_publisher":"https:\/\/www.facebook.com\/svenskamagasinet","article_published_time":"2025-03-13T09:55:40+00:00","og_image":[{"width":900,"height":400,"url":"https:\/\/lightweb.dev\/l\/svm-temp\/wp-content\/uploads\/2025\/03\/svm20250313095146.webp","type":"image\/webp"}],"author":"Ola Josefsson","twitter_card":"summary_large_image","twitter_creator":"@SvenskaMagasine","twitter_site":"@SvenskaMagasine","schema":{"@context":"https:\/\/schema.org","@graph":[{"@type":"Article","@id":"https:\/\/lightweb.dev\/l\/svm-temp\/nyheter\/lokalt\/humus-fargar-havet-brunt\/#article","isPartOf":{"@id":"https:\/\/lightweb.dev\/l\/svm-temp\/nyheter\/lokalt\/humus-fargar-havet-brunt\/"},"author":{"name":"Ola Josefsson","@id":"https:\/\/lightweb.dev\/l\/svm-temp\/#\/schema\/person\/7a82b8a73d171d32360a564b6d03508e"},"headline":"Humus f\u00e4rgar havet brunt","datePublished":"2025-03-13T09:55:40+00:00","mainEntityOfPage":{"@id":"https:\/\/lightweb.dev\/l\/svm-temp\/nyheter\/lokalt\/humus-fargar-havet-brunt\/"},"wordCount":296,"publisher":{"@id":"https:\/\/lightweb.dev\/l\/svm-temp\/#organization"},"image":{"@id":"https:\/\/lightweb.dev\/l\/svm-temp\/nyheter\/lokalt\/humus-fargar-havet-brunt\/#primaryimage"},"thumbnailUrl":"https:\/\/lightweb.dev\/l\/svm-temp\/wp-content\/uploads\/2025\/03\/svm20250313095146.webp","articleSection":["Inrikes","Nyheter"],"inLanguage":"sv-SE"},{"@type":"WebPage","@id":"https:\/\/lightweb.dev\/l\/svm-temp\/nyheter\/lokalt\/humus-fargar-havet-brunt\/","url":"https:\/\/lightweb.dev\/l\/svm-temp\/nyheter\/lokalt\/humus-fargar-havet-brunt\/","name":"Humus f\u00e4rgar havet brunt - Svenska Magasinet","isPartOf":{"@id":"https:\/\/lightweb.dev\/l\/svm-temp\/#website"},"primaryImageOfPage":{"@id":"https:\/\/lightweb.dev\/l\/svm-temp\/nyheter\/lokalt\/humus-fargar-havet-brunt\/#primaryimage"},"image":{"@id":"https:\/\/lightweb.dev\/l\/svm-temp\/nyheter\/lokalt\/humus-fargar-havet-brunt\/#primaryimage"},"thumbnailUrl":"https:\/\/lightweb.dev\/l\/svm-temp\/wp-content\/uploads\/2025\/03\/svm20250313095146.webp","datePublished":"2025-03-13T09:55:40+00:00","description":"Det \u00e4r ett fenomen som \u00e5terkommer i Spanien. Som n\u00e4r den i vanliga fall uttorkade floden r\u00edo Seco (!) i Almu\u00f1\u00e9car p\u00e5 Costa Tropical f\u00e4rgar havsvattnet brunt vid Pe\u00f1\u00f3n de San Crist\u00f3bal.","breadcrumb":{"@id":"https:\/\/lightweb.dev\/l\/svm-temp\/nyheter\/lokalt\/humus-fargar-havet-brunt\/#breadcrumb"},"inLanguage":"sv-SE","potentialAction":[{"@type":"ReadAction","target":["https:\/\/lightweb.dev\/l\/svm-temp\/nyheter\/lokalt\/humus-fargar-havet-brunt\/"]}]},{"@type":"ImageObject","inLanguage":"sv-SE","@id":"https:\/\/lightweb.dev\/l\/svm-temp\/nyheter\/lokalt\/humus-fargar-havet-brunt\/#primaryimage","url":"https:\/\/lightweb.dev\/l\/svm-temp\/wp-content\/uploads\/2025\/03\/svm20250313095146.webp","contentUrl":"https:\/\/lightweb.dev\/l\/svm-temp\/wp-content\/uploads\/2025\/03\/svm20250313095146.webp","width":900,"height":400,"caption":"(Foto: Gandonniere Francois, Fgando)"},{"@type":"BreadcrumbList","@id":"https:\/\/lightweb.dev\/l\/svm-temp\/nyheter\/lokalt\/humus-fargar-havet-brunt\/#breadcrumb","itemListElement":[{"@type":"ListItem","position":1,"name":"Hem","item":"https:\/\/lightweb.dev\/l\/svm-temp\/"},{"@type":"ListItem","position":2,"name":"Humus f\u00e4rgar havet brunt"}]},{"@type":"WebSite","@id":"https:\/\/lightweb.dev\/l\/svm-temp\/#website","url":"https:\/\/lightweb.dev\/l\/svm-temp\/","name":"Svenska Magasinet","description":"Dina Spanska nyheter p&aring; Svenska","publisher":{"@id":"https:\/\/lightweb.dev\/l\/svm-temp\/#organization"},"potentialAction":[{"@type":"SearchAction","target":{"@type":"EntryPoint","urlTemplate":"https:\/\/lightweb.dev\/l\/svm-temp\/?s={search_term_string}"},"query-input":{"@type":"PropertyValueSpecification","valueRequired":true,"valueName":"search_term_string"}}],"inLanguage":"sv-SE"},{"@type":"Organization","@id":"https:\/\/lightweb.dev\/l\/svm-temp\/#organization","name":"Melkerson y Nott SL","alternateName":"Svenska Magasinet","url":"https:\/\/lightweb.dev\/l\/svm-temp\/","logo":{"@type":"ImageObject","inLanguage":"sv-SE","@id":"https:\/\/lightweb.dev\/l\/svm-temp\/#\/schema\/logo\/image\/","url":"https:\/\/lightweb.dev\/l\/svm-temp\/wp-content\/uploads\/2025\/02\/SvM-logo-Xtra-Centrerad-SVART.png","contentUrl":"https:\/\/lightweb.dev\/l\/svm-temp\/wp-content\/uploads\/2025\/02\/SvM-logo-Xtra-Centrerad-SVART.png","width":300,"height":99,"caption":"Melkerson y Nott SL"},"image":{"@id":"https:\/\/lightweb.dev\/l\/svm-temp\/#\/schema\/logo\/image\/"},"sameAs":["https:\/\/www.facebook.com\/svenskamagasinet","https:\/\/x.com\/SvenskaMagasine"]},{"@type":"Person","@id":"https:\/\/lightweb.dev\/l\/svm-temp\/#\/schema\/person\/7a82b8a73d171d32360a564b6d03508e","name":"Ola Josefsson","description":"Bevakar Solkusten och Spanien sedan 1994.","sameAs":["https:\/\/lightweb.dev\/l\/svm-temp"],"url":"https:\/\/lightweb.dev\/l\/svm-temp\/reporter\/ola-josefsson\/"}]}},"_links":{"self":[{"href":"https:\/\/lightweb.dev\/l\/svm-temp\/wp-json\/wp\/v2\/posts\/80274","targetHints":{"allow":["GET"]}}],"collection":[{"href":"https:\/\/lightweb.dev\/l\/svm-temp\/wp-json\/wp\/v2\/posts"}],"about":[{"href":"https:\/\/lightweb.dev\/l\/svm-temp\/wp-json\/wp\/v2\/types\/post"}],"author":[{"embeddable":true,"href":"https:\/\/lightweb.dev\/l\/svm-temp\/wp-json\/wp\/v2\/users\/7"}],"replies":[{"embeddable":true,"href":"https:\/\/lightweb.dev\/l\/svm-temp\/wp-json\/wp\/v2\/comments?post=80274"}],"version-history":[{"count":0,"href":"https:\/\/lightweb.dev\/l\/svm-temp\/wp-json\/wp\/v2\/posts\/80274\/revisions"}],"wp:featuredmedia":[{"embeddable":true,"href":"https:\/\/lightweb.dev\/l\/svm-temp\/wp-json\/wp\/v2\/media\/80272"}],"wp:attachment":[{"href":"https:\/\/lightweb.dev\/l\/svm-temp\/wp-json\/wp\/v2\/media?parent=80274"}],"wp:term":[{"taxonomy":"category","embeddable":true,"href":"https:\/\/lightweb.dev\/l\/svm-temp\/wp-json\/wp\/v2\/categories?post=80274"},{"taxonomy":"post_tag","embeddable":true,"href":"https:\/\/lightweb.dev\/l\/svm-temp\/wp-json\/wp\/v2\/tags?post=80274"}],"curies":[{"name":"wp","href":"https:\/\/api.w.org\/{rel}","templated":true}]}}