{"id":80282,"date":"2025-03-13T15:08:53","date_gmt":"2025-03-13T14:08:53","guid":{"rendered":"https:\/\/lightweb.dev\/l\/svm-temp\/?p=80282"},"modified":"2025-03-18T15:59:49","modified_gmt":"2025-03-18T14:59:49","slug":"varfor-firar-man-fars-dag-i-spanien-den-19-mars","status":"publish","type":"post","link":"https:\/\/lightweb.dev\/l\/svm-temp\/nyheter\/varfor-firar-man-fars-dag-i-spanien-den-19-mars\/","title":{"rendered":"Varf\u00f6r firar man Fars Dag i Spanien den 19 mars?"},"content":{"rendered":"<p><strong>I Spanien sammanfaller Fars Dag med namnsdagen den 19 mars f\u00f6r Josef, Jesus styvfar. P\u00e5 latin Pater Putativus, som f\u00f6rkortas med initialerna P.P. och uttalas Pepe.<\/strong><\/p>\n<div id=\"attachment_58281\" style=\"width: 310px\" class=\"wp-caption alignleft\"><img loading=\"lazy\" decoding=\"async\" aria-describedby=\"caption-attachment-58281\" class=\"size-medium wp-image-58281\" src=\"https:\/\/lightweb.dev\/l\/svm-temp\/wp-content\/uploads\/2022\/10\/0affb785-73f7-4e09-bb2e-1c203029a1d2-Stor-300x225.jpeg\" alt=\"\" width=\"300\" height=\"225\" srcset=\"https:\/\/lightweb.dev\/l\/svm-temp\/wp-content\/uploads\/2022\/10\/0affb785-73f7-4e09-bb2e-1c203029a1d2-Stor-300x225.jpeg 300w, https:\/\/lightweb.dev\/l\/svm-temp\/wp-content\/uploads\/2022\/10\/0affb785-73f7-4e09-bb2e-1c203029a1d2-Stor-600x450.jpeg 600w, https:\/\/lightweb.dev\/l\/svm-temp\/wp-content\/uploads\/2022\/10\/0affb785-73f7-4e09-bb2e-1c203029a1d2-Stor-900x675.jpeg 900w, https:\/\/lightweb.dev\/l\/svm-temp\/wp-content\/uploads\/2022\/10\/0affb785-73f7-4e09-bb2e-1c203029a1d2-Stor-768x576.jpeg 768w, https:\/\/lightweb.dev\/l\/svm-temp\/wp-content\/uploads\/2022\/10\/0affb785-73f7-4e09-bb2e-1c203029a1d2-Stor-610x458.jpeg 610w, https:\/\/lightweb.dev\/l\/svm-temp\/wp-content\/uploads\/2022\/10\/0affb785-73f7-4e09-bb2e-1c203029a1d2-Stor-1080x810.jpeg 1080w, https:\/\/lightweb.dev\/l\/svm-temp\/wp-content\/uploads\/2022\/10\/0affb785-73f7-4e09-bb2e-1c203029a1d2-Stor.jpeg 1280w\" sizes=\"(max-width: 300px) 100vw, 300px\" \/><p id=\"caption-attachment-58281\" class=\"wp-caption-text\">Av Elvira Herrador Quero (\u00d6vers\u00e4ttning Mona Lidman Valdemarsson)<br \/>E-post: elvira.herrador@gmail.com<\/p><\/div>\n<p>Fars Dag hade uppst\u00e5tt i flera l\u00e4nder, innan man \u00e5r 1948 b\u00f6rjade fira den i Spanien. D\u00e5 var d\u00e4r en l\u00e4rarinna, Manuela Vicente Ferrero, som f\u00f6reslog att man en dag p\u00e5 \u00e5ret skulle \u00e4ra och fira papporna p\u00e5 liknande s\u00e4tt som man firade mammorna p\u00e5 Mors Dag, f\u00f6rsta s\u00f6ndagen i maj.<\/p>\n<p>L\u00e4rarinnan hade f\u00e5tt en beg\u00e4ran fr\u00e5n elevernas pappor, i vilken de kr\u00e4vde att p\u00e5 samma s\u00e4tt som skolan hade aktiviteter inf\u00f6r Mors Dag, f\u00f6rtj\u00e4nade ocks\u00e5 de uppm\u00e4rksamhet och erk\u00e4nsla. Manuela, k\u00e4nd som Nely, godtog beg\u00e4ran och f\u00f6reslog att fira Fars Dag den 19:e mars, som sammanfaller med festen f\u00f6r Josef.<\/p>\n<div id=\"attachment_80284\" style=\"width: 910px\" class=\"wp-caption alignnone\"><img loading=\"lazy\" decoding=\"async\" aria-describedby=\"caption-attachment-80284\" class=\"wp-image-80284 size-full\" src=\"https:\/\/lightweb.dev\/l\/svm-temp\/wp-content\/uploads\/2025\/03\/svm20250313140928.webp\" alt=\"\" width=\"900\" height=\"400\" srcset=\"https:\/\/lightweb.dev\/l\/svm-temp\/wp-content\/uploads\/2025\/03\/svm20250313140928.webp 900w, https:\/\/lightweb.dev\/l\/svm-temp\/wp-content\/uploads\/2025\/03\/svm20250313140928-480x213.webp 480w\" sizes=\"(min-width: 0px) and (max-width: 480px) 480px, (min-width: 481px) 900px, 100vw\" \/><p id=\"caption-attachment-80284\" class=\"wp-caption-text\">Las Fallas i Valencia. (Foto: Visit Valencia)<\/p><\/div>\n<p>I Valencia firas Josefs dag ordentligt. Ursprunget till &#8221;<em>las Fallas<\/em>&#8221; g\u00e5r tillbaka till 1700-talet, n\u00e4r snickarna i staden i samband med firandet av helgonet Josef, som \u00e4r snickarnas skyddshelgon, travade h\u00f6gar p\u00e5 gator och torg med rester av virke fr\u00e5n sina verkst\u00e4der och sedan eldade upp skr\u00e4pet.<\/p>\n<p>Sedan kom man p\u00e5 att man kunde bygga figurer, en slags statyer av matrialet och fylla p\u00e5 med papier mach\u00e9 f\u00f6r att forma dem till karikatyrer.<\/p>\n<p>Med \u00e5ren har &#8221;las Fallas&#8221; utvecklats och f\u00e5tt ett mer kritiskt och ironiskt inneh\u00e5ll, ofta politiskt. Figurerna har blivit st\u00f6rre, riktiga monument, och visar aktuella scener fr\u00e5n samh\u00e4llet. Riktigt alla eldas inte upp, f\u00f6r varje \u00e5r \u00e4r det en t\u00e4vling om vilken grupp som \u00e4r b\u00e4st och den finaste sparas p\u00e5 ett museum.<\/p>\n<p>&#8221;Las Fallas&#8221; anses som en av de mest popul\u00e4ra festerna i Spanien, utn\u00e4mnt till Immatriellt Kulturarv av Unesco.<\/p>\n<p>Den 19 mars GRATULERAR vi alla engagerade och hoppfulla pappor samt dem som heter Pepe, Pepa, Jos\u00e9 och Josefa.<\/p>\n","protected":false},"excerpt":{"rendered":"<p>I Spanien sammanfaller Fars Dag med namnsdagen den 19 mars f\u00f6r Josef, Jesus styvfar. P\u00e5 latin Pater Putativus, som f\u00f6rkortas med initialerna P.P. och uttalas Pepe&#8230;<\/p>\n","protected":false},"author":8,"featured_media":80281,"comment_status":"closed","ping_status":"closed","sticky":false,"template":"","format":"standard","meta":{"_et_pb_use_builder":"","_et_pb_old_content":"","_et_gb_content_width":"","footnotes":""},"categories":[395,3],"tags":[],"class_list":["post-80282","post","type-post","status-publish","format-standard","has-post-thumbnail","hentry","category-arkiv-nyheter","category-nyheter"],"yoast_head":"<!-- This site is optimized with the Yoast SEO Premium plugin v26.2 (Yoast SEO v27.4) - https:\/\/yoast.com\/product\/yoast-seo-premium-wordpress\/ -->\n<title>Varf\u00f6r firar man Fars Dag i Spanien den 19 mars? - Svenska Magasinet<\/title>\n<meta name=\"description\" content=\"I Spanien sammanfaller Fars Dag med namnsdagen den 19 mars f\u00f6r Josef, Jesus styvfar. P\u00e5 latin Pater Putativus, som f\u00f6rkortas med initialerna P.P. och uttalas Pepe.\" \/>\n<meta name=\"robots\" content=\"noindex, follow, max-snippet:-1, max-image-preview:large, max-video-preview:-1\" \/>\n<meta property=\"og:locale\" content=\"sv_SE\" \/>\n<meta property=\"og:type\" content=\"article\" \/>\n<meta property=\"og:title\" content=\"Varf\u00f6r firar man Fars Dag i Spanien den 19 mars?\" \/>\n<meta property=\"og:description\" content=\"I Spanien sammanfaller Fars Dag med namnsdagen den 19 mars f\u00f6r Josef, Jesus styvfar. P\u00e5 latin Pater Putativus, som f\u00f6rkortas med initialerna P.P. och uttalas Pepe.\" \/>\n<meta property=\"og:url\" content=\"https:\/\/lightweb.dev\/l\/svm-temp\/nyheter\/kultur-nyheter\/varfor-firar-man-fars-dag-i-spanien-den-19-mars\/\" \/>\n<meta property=\"og:site_name\" content=\"Svenska Magasinet\" \/>\n<meta property=\"article:publisher\" content=\"https:\/\/www.facebook.com\/svenskamagasinet\" \/>\n<meta property=\"article:published_time\" content=\"2025-03-13T14:08:53+00:00\" \/>\n<meta property=\"article:modified_time\" content=\"2025-03-18T14:59:49+00:00\" \/>\n<meta property=\"og:image\" content=\"https:\/\/lightweb.dev\/l\/svm-temp\/wp-content\/uploads\/2025\/03\/svm20250313140312.webp\" \/>\n\t<meta property=\"og:image:width\" content=\"900\" \/>\n\t<meta property=\"og:image:height\" content=\"400\" \/>\n\t<meta property=\"og:image:type\" content=\"image\/webp\" \/>\n<meta name=\"author\" content=\"Redaktionen SvM\" \/>\n<meta name=\"twitter:card\" content=\"summary_large_image\" \/>\n<meta name=\"twitter:creator\" content=\"@SvenskaMagasine\" \/>\n<meta name=\"twitter:site\" content=\"@SvenskaMagasine\" \/>\n<script type=\"application\/ld+json\" class=\"yoast-schema-graph\">{\"@context\":\"https:\\\/\\\/schema.org\",\"@graph\":[{\"@type\":\"Article\",\"@id\":\"https:\\\/\\\/lightweb.dev\\\/l\\\/svm-temp\\\/nyheter\\\/kultur-nyheter\\\/varfor-firar-man-fars-dag-i-spanien-den-19-mars\\\/#article\",\"isPartOf\":{\"@id\":\"https:\\\/\\\/lightweb.dev\\\/l\\\/svm-temp\\\/nyheter\\\/kultur-nyheter\\\/varfor-firar-man-fars-dag-i-spanien-den-19-mars\\\/\"},\"author\":{\"name\":\"Redaktionen SvM\",\"@id\":\"https:\\\/\\\/lightweb.dev\\\/l\\\/svm-temp\\\/#\\\/schema\\\/person\\\/206a3bda5b607b0c25e1749191e4d837\"},\"headline\":\"Varf\u00f6r firar man Fars Dag i Spanien den 19 mars?\",\"datePublished\":\"2025-03-13T14:08:53+00:00\",\"dateModified\":\"2025-03-18T14:59:49+00:00\",\"mainEntityOfPage\":{\"@id\":\"https:\\\/\\\/lightweb.dev\\\/l\\\/svm-temp\\\/nyheter\\\/kultur-nyheter\\\/varfor-firar-man-fars-dag-i-spanien-den-19-mars\\\/\"},\"wordCount\":376,\"publisher\":{\"@id\":\"https:\\\/\\\/lightweb.dev\\\/l\\\/svm-temp\\\/#organization\"},\"image\":{\"@id\":\"https:\\\/\\\/lightweb.dev\\\/l\\\/svm-temp\\\/nyheter\\\/kultur-nyheter\\\/varfor-firar-man-fars-dag-i-spanien-den-19-mars\\\/#primaryimage\"},\"thumbnailUrl\":\"https:\\\/\\\/lightweb.dev\\\/l\\\/svm-temp\\\/wp-content\\\/uploads\\\/2025\\\/03\\\/svm20250313140312.webp\",\"articleSection\":[\"Arkiv\",\"Nyheter\"],\"inLanguage\":\"sv-SE\"},{\"@type\":\"WebPage\",\"@id\":\"https:\\\/\\\/lightweb.dev\\\/l\\\/svm-temp\\\/nyheter\\\/kultur-nyheter\\\/varfor-firar-man-fars-dag-i-spanien-den-19-mars\\\/\",\"url\":\"https:\\\/\\\/lightweb.dev\\\/l\\\/svm-temp\\\/nyheter\\\/kultur-nyheter\\\/varfor-firar-man-fars-dag-i-spanien-den-19-mars\\\/\",\"name\":\"Varf\u00f6r firar man Fars Dag i Spanien den 19 mars? - Svenska Magasinet\",\"isPartOf\":{\"@id\":\"https:\\\/\\\/lightweb.dev\\\/l\\\/svm-temp\\\/#website\"},\"primaryImageOfPage\":{\"@id\":\"https:\\\/\\\/lightweb.dev\\\/l\\\/svm-temp\\\/nyheter\\\/kultur-nyheter\\\/varfor-firar-man-fars-dag-i-spanien-den-19-mars\\\/#primaryimage\"},\"image\":{\"@id\":\"https:\\\/\\\/lightweb.dev\\\/l\\\/svm-temp\\\/nyheter\\\/kultur-nyheter\\\/varfor-firar-man-fars-dag-i-spanien-den-19-mars\\\/#primaryimage\"},\"thumbnailUrl\":\"https:\\\/\\\/lightweb.dev\\\/l\\\/svm-temp\\\/wp-content\\\/uploads\\\/2025\\\/03\\\/svm20250313140312.webp\",\"datePublished\":\"2025-03-13T14:08:53+00:00\",\"dateModified\":\"2025-03-18T14:59:49+00:00\",\"description\":\"I Spanien sammanfaller Fars Dag med namnsdagen den 19 mars f\u00f6r Josef, Jesus styvfar. P\u00e5 latin Pater Putativus, som f\u00f6rkortas med initialerna P.P. och uttalas Pepe.\",\"breadcrumb\":{\"@id\":\"https:\\\/\\\/lightweb.dev\\\/l\\\/svm-temp\\\/nyheter\\\/kultur-nyheter\\\/varfor-firar-man-fars-dag-i-spanien-den-19-mars\\\/#breadcrumb\"},\"inLanguage\":\"sv-SE\",\"potentialAction\":[{\"@type\":\"ReadAction\",\"target\":[\"https:\\\/\\\/lightweb.dev\\\/l\\\/svm-temp\\\/nyheter\\\/kultur-nyheter\\\/varfor-firar-man-fars-dag-i-spanien-den-19-mars\\\/\"]}]},{\"@type\":\"ImageObject\",\"inLanguage\":\"sv-SE\",\"@id\":\"https:\\\/\\\/lightweb.dev\\\/l\\\/svm-temp\\\/nyheter\\\/kultur-nyheter\\\/varfor-firar-man-fars-dag-i-spanien-den-19-mars\\\/#primaryimage\",\"url\":\"https:\\\/\\\/lightweb.dev\\\/l\\\/svm-temp\\\/wp-content\\\/uploads\\\/2025\\\/03\\\/svm20250313140312.webp\",\"contentUrl\":\"https:\\\/\\\/lightweb.dev\\\/l\\\/svm-temp\\\/wp-content\\\/uploads\\\/2025\\\/03\\\/svm20250313140312.webp\",\"width\":900,\"height\":400},{\"@type\":\"BreadcrumbList\",\"@id\":\"https:\\\/\\\/lightweb.dev\\\/l\\\/svm-temp\\\/nyheter\\\/kultur-nyheter\\\/varfor-firar-man-fars-dag-i-spanien-den-19-mars\\\/#breadcrumb\",\"itemListElement\":[{\"@type\":\"ListItem\",\"position\":1,\"name\":\"Hem\",\"item\":\"https:\\\/\\\/lightweb.dev\\\/l\\\/svm-temp\\\/\"},{\"@type\":\"ListItem\",\"position\":2,\"name\":\"Varf\u00f6r firar man Fars Dag i Spanien den 19 mars?\"}]},{\"@type\":\"WebSite\",\"@id\":\"https:\\\/\\\/lightweb.dev\\\/l\\\/svm-temp\\\/#website\",\"url\":\"https:\\\/\\\/lightweb.dev\\\/l\\\/svm-temp\\\/\",\"name\":\"Svenska Magasinet\",\"description\":\"Dina Spanska nyheter p&aring; Svenska\",\"publisher\":{\"@id\":\"https:\\\/\\\/lightweb.dev\\\/l\\\/svm-temp\\\/#organization\"},\"potentialAction\":[{\"@type\":\"SearchAction\",\"target\":{\"@type\":\"EntryPoint\",\"urlTemplate\":\"https:\\\/\\\/lightweb.dev\\\/l\\\/svm-temp\\\/?s={search_term_string}\"},\"query-input\":{\"@type\":\"PropertyValueSpecification\",\"valueRequired\":true,\"valueName\":\"search_term_string\"}}],\"inLanguage\":\"sv-SE\"},{\"@type\":\"Organization\",\"@id\":\"https:\\\/\\\/lightweb.dev\\\/l\\\/svm-temp\\\/#organization\",\"name\":\"Melkerson y Nott SL\",\"alternateName\":\"Svenska Magasinet\",\"url\":\"https:\\\/\\\/lightweb.dev\\\/l\\\/svm-temp\\\/\",\"logo\":{\"@type\":\"ImageObject\",\"inLanguage\":\"sv-SE\",\"@id\":\"https:\\\/\\\/lightweb.dev\\\/l\\\/svm-temp\\\/#\\\/schema\\\/logo\\\/image\\\/\",\"url\":\"https:\\\/\\\/lightweb.dev\\\/l\\\/svm-temp\\\/wp-content\\\/uploads\\\/2025\\\/02\\\/SvM-logo-Xtra-Centrerad-SVART.png\",\"contentUrl\":\"https:\\\/\\\/lightweb.dev\\\/l\\\/svm-temp\\\/wp-content\\\/uploads\\\/2025\\\/02\\\/SvM-logo-Xtra-Centrerad-SVART.png\",\"width\":300,\"height\":99,\"caption\":\"Melkerson y Nott SL\"},\"image\":{\"@id\":\"https:\\\/\\\/lightweb.dev\\\/l\\\/svm-temp\\\/#\\\/schema\\\/logo\\\/image\\\/\"},\"sameAs\":[\"https:\\\/\\\/www.facebook.com\\\/svenskamagasinet\",\"https:\\\/\\\/x.com\\\/SvenskaMagasine\"]},{\"@type\":\"Person\",\"@id\":\"https:\\\/\\\/lightweb.dev\\\/l\\\/svm-temp\\\/#\\\/schema\\\/person\\\/206a3bda5b607b0c25e1749191e4d837\",\"name\":\"Redaktionen SvM\",\"description\":\"Redaktionen\",\"sameAs\":[\"https:\\\/\\\/lightweb.dev\\\/l\\\/svm-temp\"],\"url\":\"https:\\\/\\\/lightweb.dev\\\/l\\\/svm-temp\\\/reporter\\\/redaktionen\\\/\"}]}<\/script>\n<!-- \/ Yoast SEO Premium plugin. -->","yoast_head_json":{"title":"Varf\u00f6r firar man Fars Dag i Spanien den 19 mars? - Svenska Magasinet","description":"I Spanien sammanfaller Fars Dag med namnsdagen den 19 mars f\u00f6r Josef, Jesus styvfar. P\u00e5 latin Pater Putativus, som f\u00f6rkortas med initialerna P.P. och uttalas Pepe.","robots":{"index":"noindex","follow":"follow","max-snippet":"max-snippet:-1","max-image-preview":"max-image-preview:large","max-video-preview":"max-video-preview:-1"},"og_locale":"sv_SE","og_type":"article","og_title":"Varf\u00f6r firar man Fars Dag i Spanien den 19 mars?","og_description":"I Spanien sammanfaller Fars Dag med namnsdagen den 19 mars f\u00f6r Josef, Jesus styvfar. P\u00e5 latin Pater Putativus, som f\u00f6rkortas med initialerna P.P. och uttalas Pepe.","og_url":"https:\/\/lightweb.dev\/l\/svm-temp\/nyheter\/kultur-nyheter\/varfor-firar-man-fars-dag-i-spanien-den-19-mars\/","og_site_name":"Svenska Magasinet","article_publisher":"https:\/\/www.facebook.com\/svenskamagasinet","article_published_time":"2025-03-13T14:08:53+00:00","article_modified_time":"2025-03-18T14:59:49+00:00","og_image":[{"width":900,"height":400,"url":"https:\/\/lightweb.dev\/l\/svm-temp\/wp-content\/uploads\/2025\/03\/svm20250313140312.webp","type":"image\/webp"}],"author":"Redaktionen SvM","twitter_card":"summary_large_image","twitter_creator":"@SvenskaMagasine","twitter_site":"@SvenskaMagasine","schema":{"@context":"https:\/\/schema.org","@graph":[{"@type":"Article","@id":"https:\/\/lightweb.dev\/l\/svm-temp\/nyheter\/kultur-nyheter\/varfor-firar-man-fars-dag-i-spanien-den-19-mars\/#article","isPartOf":{"@id":"https:\/\/lightweb.dev\/l\/svm-temp\/nyheter\/kultur-nyheter\/varfor-firar-man-fars-dag-i-spanien-den-19-mars\/"},"author":{"name":"Redaktionen SvM","@id":"https:\/\/lightweb.dev\/l\/svm-temp\/#\/schema\/person\/206a3bda5b607b0c25e1749191e4d837"},"headline":"Varf\u00f6r firar man Fars Dag i Spanien den 19 mars?","datePublished":"2025-03-13T14:08:53+00:00","dateModified":"2025-03-18T14:59:49+00:00","mainEntityOfPage":{"@id":"https:\/\/lightweb.dev\/l\/svm-temp\/nyheter\/kultur-nyheter\/varfor-firar-man-fars-dag-i-spanien-den-19-mars\/"},"wordCount":376,"publisher":{"@id":"https:\/\/lightweb.dev\/l\/svm-temp\/#organization"},"image":{"@id":"https:\/\/lightweb.dev\/l\/svm-temp\/nyheter\/kultur-nyheter\/varfor-firar-man-fars-dag-i-spanien-den-19-mars\/#primaryimage"},"thumbnailUrl":"https:\/\/lightweb.dev\/l\/svm-temp\/wp-content\/uploads\/2025\/03\/svm20250313140312.webp","articleSection":["Arkiv","Nyheter"],"inLanguage":"sv-SE"},{"@type":"WebPage","@id":"https:\/\/lightweb.dev\/l\/svm-temp\/nyheter\/kultur-nyheter\/varfor-firar-man-fars-dag-i-spanien-den-19-mars\/","url":"https:\/\/lightweb.dev\/l\/svm-temp\/nyheter\/kultur-nyheter\/varfor-firar-man-fars-dag-i-spanien-den-19-mars\/","name":"Varf\u00f6r firar man Fars Dag i Spanien den 19 mars? - Svenska Magasinet","isPartOf":{"@id":"https:\/\/lightweb.dev\/l\/svm-temp\/#website"},"primaryImageOfPage":{"@id":"https:\/\/lightweb.dev\/l\/svm-temp\/nyheter\/kultur-nyheter\/varfor-firar-man-fars-dag-i-spanien-den-19-mars\/#primaryimage"},"image":{"@id":"https:\/\/lightweb.dev\/l\/svm-temp\/nyheter\/kultur-nyheter\/varfor-firar-man-fars-dag-i-spanien-den-19-mars\/#primaryimage"},"thumbnailUrl":"https:\/\/lightweb.dev\/l\/svm-temp\/wp-content\/uploads\/2025\/03\/svm20250313140312.webp","datePublished":"2025-03-13T14:08:53+00:00","dateModified":"2025-03-18T14:59:49+00:00","description":"I Spanien sammanfaller Fars Dag med namnsdagen den 19 mars f\u00f6r Josef, Jesus styvfar. P\u00e5 latin Pater Putativus, som f\u00f6rkortas med initialerna P.P. och uttalas Pepe.","breadcrumb":{"@id":"https:\/\/lightweb.dev\/l\/svm-temp\/nyheter\/kultur-nyheter\/varfor-firar-man-fars-dag-i-spanien-den-19-mars\/#breadcrumb"},"inLanguage":"sv-SE","potentialAction":[{"@type":"ReadAction","target":["https:\/\/lightweb.dev\/l\/svm-temp\/nyheter\/kultur-nyheter\/varfor-firar-man-fars-dag-i-spanien-den-19-mars\/"]}]},{"@type":"ImageObject","inLanguage":"sv-SE","@id":"https:\/\/lightweb.dev\/l\/svm-temp\/nyheter\/kultur-nyheter\/varfor-firar-man-fars-dag-i-spanien-den-19-mars\/#primaryimage","url":"https:\/\/lightweb.dev\/l\/svm-temp\/wp-content\/uploads\/2025\/03\/svm20250313140312.webp","contentUrl":"https:\/\/lightweb.dev\/l\/svm-temp\/wp-content\/uploads\/2025\/03\/svm20250313140312.webp","width":900,"height":400},{"@type":"BreadcrumbList","@id":"https:\/\/lightweb.dev\/l\/svm-temp\/nyheter\/kultur-nyheter\/varfor-firar-man-fars-dag-i-spanien-den-19-mars\/#breadcrumb","itemListElement":[{"@type":"ListItem","position":1,"name":"Hem","item":"https:\/\/lightweb.dev\/l\/svm-temp\/"},{"@type":"ListItem","position":2,"name":"Varf\u00f6r firar man Fars Dag i Spanien den 19 mars?"}]},{"@type":"WebSite","@id":"https:\/\/lightweb.dev\/l\/svm-temp\/#website","url":"https:\/\/lightweb.dev\/l\/svm-temp\/","name":"Svenska Magasinet","description":"Dina Spanska nyheter p&aring; Svenska","publisher":{"@id":"https:\/\/lightweb.dev\/l\/svm-temp\/#organization"},"potentialAction":[{"@type":"SearchAction","target":{"@type":"EntryPoint","urlTemplate":"https:\/\/lightweb.dev\/l\/svm-temp\/?s={search_term_string}"},"query-input":{"@type":"PropertyValueSpecification","valueRequired":true,"valueName":"search_term_string"}}],"inLanguage":"sv-SE"},{"@type":"Organization","@id":"https:\/\/lightweb.dev\/l\/svm-temp\/#organization","name":"Melkerson y Nott SL","alternateName":"Svenska Magasinet","url":"https:\/\/lightweb.dev\/l\/svm-temp\/","logo":{"@type":"ImageObject","inLanguage":"sv-SE","@id":"https:\/\/lightweb.dev\/l\/svm-temp\/#\/schema\/logo\/image\/","url":"https:\/\/lightweb.dev\/l\/svm-temp\/wp-content\/uploads\/2025\/02\/SvM-logo-Xtra-Centrerad-SVART.png","contentUrl":"https:\/\/lightweb.dev\/l\/svm-temp\/wp-content\/uploads\/2025\/02\/SvM-logo-Xtra-Centrerad-SVART.png","width":300,"height":99,"caption":"Melkerson y Nott SL"},"image":{"@id":"https:\/\/lightweb.dev\/l\/svm-temp\/#\/schema\/logo\/image\/"},"sameAs":["https:\/\/www.facebook.com\/svenskamagasinet","https:\/\/x.com\/SvenskaMagasine"]},{"@type":"Person","@id":"https:\/\/lightweb.dev\/l\/svm-temp\/#\/schema\/person\/206a3bda5b607b0c25e1749191e4d837","name":"Redaktionen SvM","description":"Redaktionen","sameAs":["https:\/\/lightweb.dev\/l\/svm-temp"],"url":"https:\/\/lightweb.dev\/l\/svm-temp\/reporter\/redaktionen\/"}]}},"_links":{"self":[{"href":"https:\/\/lightweb.dev\/l\/svm-temp\/wp-json\/wp\/v2\/posts\/80282","targetHints":{"allow":["GET"]}}],"collection":[{"href":"https:\/\/lightweb.dev\/l\/svm-temp\/wp-json\/wp\/v2\/posts"}],"about":[{"href":"https:\/\/lightweb.dev\/l\/svm-temp\/wp-json\/wp\/v2\/types\/post"}],"author":[{"embeddable":true,"href":"https:\/\/lightweb.dev\/l\/svm-temp\/wp-json\/wp\/v2\/users\/8"}],"replies":[{"embeddable":true,"href":"https:\/\/lightweb.dev\/l\/svm-temp\/wp-json\/wp\/v2\/comments?post=80282"}],"version-history":[{"count":0,"href":"https:\/\/lightweb.dev\/l\/svm-temp\/wp-json\/wp\/v2\/posts\/80282\/revisions"}],"wp:featuredmedia":[{"embeddable":true,"href":"https:\/\/lightweb.dev\/l\/svm-temp\/wp-json\/wp\/v2\/media\/80281"}],"wp:attachment":[{"href":"https:\/\/lightweb.dev\/l\/svm-temp\/wp-json\/wp\/v2\/media?parent=80282"}],"wp:term":[{"taxonomy":"category","embeddable":true,"href":"https:\/\/lightweb.dev\/l\/svm-temp\/wp-json\/wp\/v2\/categories?post=80282"},{"taxonomy":"post_tag","embeddable":true,"href":"https:\/\/lightweb.dev\/l\/svm-temp\/wp-json\/wp\/v2\/tags?post=80282"}],"curies":[{"name":"wp","href":"https:\/\/api.w.org\/{rel}","templated":true}]}}