{"id":80293,"date":"2025-03-13T20:59:25","date_gmt":"2025-03-13T19:59:25","guid":{"rendered":"https:\/\/lightweb.dev\/l\/svm-temp\/?p=80293"},"modified":"2025-03-13T21:22:36","modified_gmt":"2025-03-13T20:22:36","slug":"tomma-sidor-om-hur-spanien-ska-oka-forsvarsutgifterna","status":"publish","type":"post","link":"https:\/\/lightweb.dev\/l\/svm-temp\/nyheter\/inrikes\/tomma-sidor-om-hur-spanien-ska-oka-forsvarsutgifterna\/","title":{"rendered":"Tomma sidor om hur Spanien ska \u00f6ka f\u00f6rsvarsutgifterna"},"content":{"rendered":"<p><strong>Spanien bidrar med minst pengar, 1,28 procent av landets BNP, av Natos medlemsl\u00e4nder. Spanien hoppas n\u00e5 tv\u00e5 procent f\u00f6re 2029. Men hur det ska g\u00e5 till vet ingen. Inte ens regeringschefen sj\u00e4lv.<\/strong><\/p>\n<p>S\u00e1nchez har ingen plan hur Spanien ska ut\u00f6ka f\u00f6rsvarsutgifterna och upprustas.<\/p>\n<p>Det blir inte heller en fr\u00e5ga som ska upp och avg\u00f6ras i kongressen. Anledningen \u00e4r att Pedro S\u00e1nchez saknar st\u00f6d fr\u00e5n PSOE:s st\u00f6dpartier p\u00e5 v\u00e4nsterkanten eller regionala separatistpartier i Baskien och Katalonien.<\/p>\n<h2>F\u00f6rsta sedan december 2023<\/h2>\n<p>F\u00f6r f\u00f6rsta g\u00e5ngen p\u00e5 15 m\u00e5nader, senaste g\u00e5ngen var december 2023, tr\u00e4ffades regeringschefen Pedro S\u00e1nchez och oppositionsledaren Alberto N\u00fa\u00f1ez Feij\u00f3o p\u00e5 torsdagen p\u00e5 tu man hand f\u00f6r att samtala.<\/p>\n<p>Bilder fr\u00e5n Regeringskansliet La Moncloa visar anstr\u00e4ngda miner fr\u00e5n ett m\u00f6te som varade mellan 30 och 45 minuter. Uppgifterna g\u00e5r is\u00e4r beroende p\u00e5 vem man fr\u00e5gar.<\/p>\n<div id=\"attachment_80291\" style=\"width: 910px\" class=\"wp-caption alignnone\"><img loading=\"lazy\" decoding=\"async\" aria-describedby=\"caption-attachment-80291\" class=\"wp-image-80291 size-full\" src=\"https:\/\/lightweb.dev\/l\/svm-temp\/wp-content\/uploads\/2025\/03\/svm20250313195256.webp\" alt=\"\" width=\"900\" height=\"400\" srcset=\"https:\/\/lightweb.dev\/l\/svm-temp\/wp-content\/uploads\/2025\/03\/svm20250313195256.webp 900w, https:\/\/lightweb.dev\/l\/svm-temp\/wp-content\/uploads\/2025\/03\/svm20250313195256-480x213.webp 480w\" sizes=\"(min-width: 0px) and (max-width: 480px) 480px, (min-width: 481px) 900px, 100vw\" \/><p id=\"caption-attachment-80291\" class=\"wp-caption-text\">Vid ankomsten och fotograferingen p\u00e5 trappan in till Regeringskansliet var det n\u00e5gra p\u00e5klistrade leenden. I soffan senare var det mera anstr\u00e4ngt. (Foto: La Moncloa)<\/p><\/div>\n<p>Pedro gillar inte Albert och Alberto gillar inte Pedro. S\u00e5 mycket vet vi.<\/p>\n<p>N\u00e5gon plan hur Spanien ska ut\u00f6ka f\u00f6rsvarsutgifterna f\u00f6r att n\u00e5 tv\u00e5 procent av landets BNP f\u00f6re 2029 vet ingen i dagsl\u00e4get. Men troligtvis r\u00e4cker inte tv\u00e5procentm\u00e5let.<\/p>\n<h2>3 procent<\/h2>\n<p>EU-kommissionens ordf\u00f6rande Ursula von del Leyen sa tidigare i veckan att mer \u00e4n 3 procent av BNP kommer att beh\u00f6va satsas p\u00e5 f\u00f6rsvar.<\/p>\n<p>1,28 procent av BNP \u00e4r siffran som motsvarar 2023, vi vet \u00e4nnu inte vilken niv\u00e5 Spanien l\u00e5g p\u00e5 2024.<\/p>\n<p>Oppositionsledaren Alberto N\u00fa\u00f1ez Feij\u00f3o talar om utebliven information eller garantier f\u00f6r n\u00e5gonting.<\/p>\n<p>&#8211; P\u00e5 det h\u00e4r s\u00e4ttet \u00e4r det om\u00f6jligt, s\u00e4ger N\u00fa\u00f1ez Feij\u00f3o.<\/p>\n<p>S\u00e1nchez insisterar p\u00e5 att m\u00e5let \u00e4r att n\u00e5 2 procent s\u00e5 snart som m\u00f6jligt. Men det \u00e4r \u00e4nnu f\u00f6r tidigt att s\u00e4ga mer. Han s\u00e4tter upp ett varningens finger att det sannolikt kommer att ta n\u00e5gra m\u00e5nader innan han kan ge siffror och tidsramar.<\/p>\n<p>S\u00e1nchez hoppas p\u00e5 bidrag och pengar fr\u00e5n EU-fonder.<\/p>\n<h2>Inga v\u00e4lf\u00e4rdspengar<\/h2>\n<p>Pedro S\u00e1nchez har lovat sin regeringskollega Yolanda D\u00edaz fr\u00e5n ytterv\u00e4nsterkoalitionen Sumar att inte ta pengar fr\u00e5n den sociala v\u00e4lf\u00e4rden n\u00e4r milit\u00e4rutgifterna \u00f6kar.<\/p>\n<p>S\u00e1nchez s\u00e4ger att de senaste sju \u00e5ren har f\u00f6rsvarsutgifterna \u00f6kat med 10 miljarder euro medan satsningen p\u00e5 v\u00e4lf\u00e4rden har \u00f6kat med 120 miljarder. Investeringarna i den ekologiska omst\u00e4llningen har \u00f6kat med 20 miljarder.<\/p>\n<h2>&#8221;Utskickad&#8221;<\/h2>\n<p>Alberto N\u00fa\u00f1ez Feij\u00f3o:<\/p>\n<p>&#8211; Europa beh\u00f6ver ut\u00f6ka f\u00f6rsvaret, n\u00e5got \u00e4ven Spanien m\u00e5ste g\u00f6ra.<\/p>\n<p>Oppositionsledaren kommenterade det korta m\u00f6tet med \u201dk\u00e4nslan\u201d av att ha blivit \u201dutskickad\u201d efter en halvtimme och \u201dutan att f\u00e5 n\u00e5gon konkret information\u201d.<\/p>\n<p>Vid den efterf\u00f6ljande presstr\u00e4ffen fick Pedro S\u00e1nchez vid tre tillf\u00e4llen om hur detaljerna kring \u00f6kningen f\u00f6rsvarsutgifterna ser ut. Men han gav inget tydligt svar, bara att Spanien kommer att uppfylla sitt \u00e5tagande att n\u00e5 2 procent av BNP.<\/p>\n<p>N\u00e5got som han tidigare har gjort vid ett Nato-toppm\u00f6te i slutet av juni i Haag.<\/p>\n<p>Under torsdagen blev det nio m\u00f6ten p\u00e5 sex timmar f\u00f6r Pedro S\u00e1nchez med de olika partiernas ledare. \u00c4ven baskiska v\u00e4nsterpartiet Bildu var inbjudna till La Moncloa f\u00f6r f\u00f6rsta g\u00e5ngen. D\u00e4remot hade inte S\u00e1nchez bjudit in nationalkonservativa Vox.<\/p>\n","protected":false},"excerpt":{"rendered":"<p>Spanien bidrar med minst pengar, 1,28 procent av landets BNP, av Natos medlemsl\u00e4nder. Spanien hoppas n\u00e5 tv\u00e5 procent f\u00f6re 2029. Men hur det ska g\u00e5 till vet ingen. Inte ens regeringschefen sj\u00e4lv&#8230;<\/p>\n","protected":false},"author":7,"featured_media":80292,"comment_status":"closed","ping_status":"closed","sticky":false,"template":"","format":"standard","meta":{"_et_pb_use_builder":"","_et_pb_old_content":"","_et_gb_content_width":"","footnotes":""},"categories":[284,3],"tags":[],"class_list":["post-80293","post","type-post","status-publish","format-standard","has-post-thumbnail","hentry","category-inrikes","category-nyheter"],"yoast_head":"<!-- This site is optimized with the Yoast SEO Premium plugin v26.2 (Yoast SEO v27.4) - https:\/\/yoast.com\/product\/yoast-seo-premium-wordpress\/ -->\n<title>Tomma sidor om hur Spanien ska \u00f6ka f\u00f6rsvarsutgifterna - Svenska Magasinet<\/title>\n<meta name=\"robots\" content=\"noindex, follow, max-snippet:-1, max-image-preview:large, max-video-preview:-1\" \/>\n<meta property=\"og:locale\" content=\"sv_SE\" \/>\n<meta property=\"og:type\" content=\"article\" \/>\n<meta property=\"og:title\" content=\"Tomma sidor om hur Spanien ska \u00f6ka f\u00f6rsvarsutgifterna\" \/>\n<meta property=\"og:description\" content=\"Spanien bidrar med minst pengar, 1,28 procent av landets BNP, av Natos medlemsl\u00e4nder. Spanien hoppas n\u00e5 tv\u00e5 procent f\u00f6re 2029. Men hur det ska g\u00e5 till vet ingen. Inte ens regeringschefen sj\u00e4lv...\" \/>\n<meta property=\"og:url\" content=\"https:\/\/lightweb.dev\/l\/svm-temp\/nyheter\/inrikes\/tomma-sidor-om-hur-spanien-ska-oka-forsvarsutgifterna\/\" \/>\n<meta property=\"og:site_name\" content=\"Svenska Magasinet\" \/>\n<meta property=\"article:publisher\" content=\"https:\/\/www.facebook.com\/svenskamagasinet\" \/>\n<meta property=\"article:published_time\" content=\"2025-03-13T19:59:25+00:00\" \/>\n<meta property=\"article:modified_time\" content=\"2025-03-13T20:22:36+00:00\" \/>\n<meta property=\"og:image\" content=\"https:\/\/lightweb.dev\/l\/svm-temp\/wp-content\/uploads\/2025\/03\/svm20250313195315.webp\" \/>\n\t<meta property=\"og:image:width\" content=\"900\" \/>\n\t<meta property=\"og:image:height\" content=\"400\" \/>\n\t<meta property=\"og:image:type\" content=\"image\/webp\" \/>\n<meta name=\"author\" content=\"Ola Josefsson\" \/>\n<meta name=\"twitter:card\" content=\"summary_large_image\" \/>\n<meta name=\"twitter:creator\" content=\"@SvenskaMagasine\" \/>\n<meta name=\"twitter:site\" content=\"@SvenskaMagasine\" \/>\n<script type=\"application\/ld+json\" class=\"yoast-schema-graph\">{\"@context\":\"https:\\\/\\\/schema.org\",\"@graph\":[{\"@type\":\"Article\",\"@id\":\"https:\\\/\\\/lightweb.dev\\\/l\\\/svm-temp\\\/nyheter\\\/inrikes\\\/tomma-sidor-om-hur-spanien-ska-oka-forsvarsutgifterna\\\/#article\",\"isPartOf\":{\"@id\":\"https:\\\/\\\/lightweb.dev\\\/l\\\/svm-temp\\\/nyheter\\\/inrikes\\\/tomma-sidor-om-hur-spanien-ska-oka-forsvarsutgifterna\\\/\"},\"author\":{\"name\":\"Ola Josefsson\",\"@id\":\"https:\\\/\\\/lightweb.dev\\\/l\\\/svm-temp\\\/#\\\/schema\\\/person\\\/7a82b8a73d171d32360a564b6d03508e\"},\"headline\":\"Tomma sidor om hur Spanien ska \u00f6ka f\u00f6rsvarsutgifterna\",\"datePublished\":\"2025-03-13T19:59:25+00:00\",\"dateModified\":\"2025-03-13T20:22:36+00:00\",\"mainEntityOfPage\":{\"@id\":\"https:\\\/\\\/lightweb.dev\\\/l\\\/svm-temp\\\/nyheter\\\/inrikes\\\/tomma-sidor-om-hur-spanien-ska-oka-forsvarsutgifterna\\\/\"},\"wordCount\":609,\"publisher\":{\"@id\":\"https:\\\/\\\/lightweb.dev\\\/l\\\/svm-temp\\\/#organization\"},\"image\":{\"@id\":\"https:\\\/\\\/lightweb.dev\\\/l\\\/svm-temp\\\/nyheter\\\/inrikes\\\/tomma-sidor-om-hur-spanien-ska-oka-forsvarsutgifterna\\\/#primaryimage\"},\"thumbnailUrl\":\"https:\\\/\\\/lightweb.dev\\\/l\\\/svm-temp\\\/wp-content\\\/uploads\\\/2025\\\/03\\\/svm20250313195315.webp\",\"articleSection\":[\"Inrikes\",\"Nyheter\"],\"inLanguage\":\"sv-SE\"},{\"@type\":\"WebPage\",\"@id\":\"https:\\\/\\\/lightweb.dev\\\/l\\\/svm-temp\\\/nyheter\\\/inrikes\\\/tomma-sidor-om-hur-spanien-ska-oka-forsvarsutgifterna\\\/\",\"url\":\"https:\\\/\\\/lightweb.dev\\\/l\\\/svm-temp\\\/nyheter\\\/inrikes\\\/tomma-sidor-om-hur-spanien-ska-oka-forsvarsutgifterna\\\/\",\"name\":\"Tomma sidor om hur Spanien ska \u00f6ka f\u00f6rsvarsutgifterna - Svenska Magasinet\",\"isPartOf\":{\"@id\":\"https:\\\/\\\/lightweb.dev\\\/l\\\/svm-temp\\\/#website\"},\"primaryImageOfPage\":{\"@id\":\"https:\\\/\\\/lightweb.dev\\\/l\\\/svm-temp\\\/nyheter\\\/inrikes\\\/tomma-sidor-om-hur-spanien-ska-oka-forsvarsutgifterna\\\/#primaryimage\"},\"image\":{\"@id\":\"https:\\\/\\\/lightweb.dev\\\/l\\\/svm-temp\\\/nyheter\\\/inrikes\\\/tomma-sidor-om-hur-spanien-ska-oka-forsvarsutgifterna\\\/#primaryimage\"},\"thumbnailUrl\":\"https:\\\/\\\/lightweb.dev\\\/l\\\/svm-temp\\\/wp-content\\\/uploads\\\/2025\\\/03\\\/svm20250313195315.webp\",\"datePublished\":\"2025-03-13T19:59:25+00:00\",\"dateModified\":\"2025-03-13T20:22:36+00:00\",\"breadcrumb\":{\"@id\":\"https:\\\/\\\/lightweb.dev\\\/l\\\/svm-temp\\\/nyheter\\\/inrikes\\\/tomma-sidor-om-hur-spanien-ska-oka-forsvarsutgifterna\\\/#breadcrumb\"},\"inLanguage\":\"sv-SE\",\"potentialAction\":[{\"@type\":\"ReadAction\",\"target\":[\"https:\\\/\\\/lightweb.dev\\\/l\\\/svm-temp\\\/nyheter\\\/inrikes\\\/tomma-sidor-om-hur-spanien-ska-oka-forsvarsutgifterna\\\/\"]}]},{\"@type\":\"ImageObject\",\"inLanguage\":\"sv-SE\",\"@id\":\"https:\\\/\\\/lightweb.dev\\\/l\\\/svm-temp\\\/nyheter\\\/inrikes\\\/tomma-sidor-om-hur-spanien-ska-oka-forsvarsutgifterna\\\/#primaryimage\",\"url\":\"https:\\\/\\\/lightweb.dev\\\/l\\\/svm-temp\\\/wp-content\\\/uploads\\\/2025\\\/03\\\/svm20250313195315.webp\",\"contentUrl\":\"https:\\\/\\\/lightweb.dev\\\/l\\\/svm-temp\\\/wp-content\\\/uploads\\\/2025\\\/03\\\/svm20250313195315.webp\",\"width\":900,\"height\":400},{\"@type\":\"BreadcrumbList\",\"@id\":\"https:\\\/\\\/lightweb.dev\\\/l\\\/svm-temp\\\/nyheter\\\/inrikes\\\/tomma-sidor-om-hur-spanien-ska-oka-forsvarsutgifterna\\\/#breadcrumb\",\"itemListElement\":[{\"@type\":\"ListItem\",\"position\":1,\"name\":\"Hem\",\"item\":\"https:\\\/\\\/lightweb.dev\\\/l\\\/svm-temp\\\/\"},{\"@type\":\"ListItem\",\"position\":2,\"name\":\"Tomma sidor om hur Spanien ska \u00f6ka f\u00f6rsvarsutgifterna\"}]},{\"@type\":\"WebSite\",\"@id\":\"https:\\\/\\\/lightweb.dev\\\/l\\\/svm-temp\\\/#website\",\"url\":\"https:\\\/\\\/lightweb.dev\\\/l\\\/svm-temp\\\/\",\"name\":\"Svenska Magasinet\",\"description\":\"Dina Spanska nyheter p&aring; Svenska\",\"publisher\":{\"@id\":\"https:\\\/\\\/lightweb.dev\\\/l\\\/svm-temp\\\/#organization\"},\"potentialAction\":[{\"@type\":\"SearchAction\",\"target\":{\"@type\":\"EntryPoint\",\"urlTemplate\":\"https:\\\/\\\/lightweb.dev\\\/l\\\/svm-temp\\\/?s={search_term_string}\"},\"query-input\":{\"@type\":\"PropertyValueSpecification\",\"valueRequired\":true,\"valueName\":\"search_term_string\"}}],\"inLanguage\":\"sv-SE\"},{\"@type\":\"Organization\",\"@id\":\"https:\\\/\\\/lightweb.dev\\\/l\\\/svm-temp\\\/#organization\",\"name\":\"Melkerson y Nott SL\",\"alternateName\":\"Svenska Magasinet\",\"url\":\"https:\\\/\\\/lightweb.dev\\\/l\\\/svm-temp\\\/\",\"logo\":{\"@type\":\"ImageObject\",\"inLanguage\":\"sv-SE\",\"@id\":\"https:\\\/\\\/lightweb.dev\\\/l\\\/svm-temp\\\/#\\\/schema\\\/logo\\\/image\\\/\",\"url\":\"https:\\\/\\\/lightweb.dev\\\/l\\\/svm-temp\\\/wp-content\\\/uploads\\\/2025\\\/02\\\/SvM-logo-Xtra-Centrerad-SVART.png\",\"contentUrl\":\"https:\\\/\\\/lightweb.dev\\\/l\\\/svm-temp\\\/wp-content\\\/uploads\\\/2025\\\/02\\\/SvM-logo-Xtra-Centrerad-SVART.png\",\"width\":300,\"height\":99,\"caption\":\"Melkerson y Nott SL\"},\"image\":{\"@id\":\"https:\\\/\\\/lightweb.dev\\\/l\\\/svm-temp\\\/#\\\/schema\\\/logo\\\/image\\\/\"},\"sameAs\":[\"https:\\\/\\\/www.facebook.com\\\/svenskamagasinet\",\"https:\\\/\\\/x.com\\\/SvenskaMagasine\"]},{\"@type\":\"Person\",\"@id\":\"https:\\\/\\\/lightweb.dev\\\/l\\\/svm-temp\\\/#\\\/schema\\\/person\\\/7a82b8a73d171d32360a564b6d03508e\",\"name\":\"Ola Josefsson\",\"description\":\"Bevakar Solkusten och Spanien sedan 1994.\",\"sameAs\":[\"https:\\\/\\\/lightweb.dev\\\/l\\\/svm-temp\"],\"url\":\"https:\\\/\\\/lightweb.dev\\\/l\\\/svm-temp\\\/reporter\\\/ola-josefsson\\\/\"}]}<\/script>\n<!-- \/ Yoast SEO Premium plugin. -->","yoast_head_json":{"title":"Tomma sidor om hur Spanien ska \u00f6ka f\u00f6rsvarsutgifterna - Svenska Magasinet","robots":{"index":"noindex","follow":"follow","max-snippet":"max-snippet:-1","max-image-preview":"max-image-preview:large","max-video-preview":"max-video-preview:-1"},"og_locale":"sv_SE","og_type":"article","og_title":"Tomma sidor om hur Spanien ska \u00f6ka f\u00f6rsvarsutgifterna","og_description":"Spanien bidrar med minst pengar, 1,28 procent av landets BNP, av Natos medlemsl\u00e4nder. Spanien hoppas n\u00e5 tv\u00e5 procent f\u00f6re 2029. Men hur det ska g\u00e5 till vet ingen. Inte ens regeringschefen sj\u00e4lv...","og_url":"https:\/\/lightweb.dev\/l\/svm-temp\/nyheter\/inrikes\/tomma-sidor-om-hur-spanien-ska-oka-forsvarsutgifterna\/","og_site_name":"Svenska Magasinet","article_publisher":"https:\/\/www.facebook.com\/svenskamagasinet","article_published_time":"2025-03-13T19:59:25+00:00","article_modified_time":"2025-03-13T20:22:36+00:00","og_image":[{"width":900,"height":400,"url":"https:\/\/lightweb.dev\/l\/svm-temp\/wp-content\/uploads\/2025\/03\/svm20250313195315.webp","type":"image\/webp"}],"author":"Ola Josefsson","twitter_card":"summary_large_image","twitter_creator":"@SvenskaMagasine","twitter_site":"@SvenskaMagasine","schema":{"@context":"https:\/\/schema.org","@graph":[{"@type":"Article","@id":"https:\/\/lightweb.dev\/l\/svm-temp\/nyheter\/inrikes\/tomma-sidor-om-hur-spanien-ska-oka-forsvarsutgifterna\/#article","isPartOf":{"@id":"https:\/\/lightweb.dev\/l\/svm-temp\/nyheter\/inrikes\/tomma-sidor-om-hur-spanien-ska-oka-forsvarsutgifterna\/"},"author":{"name":"Ola Josefsson","@id":"https:\/\/lightweb.dev\/l\/svm-temp\/#\/schema\/person\/7a82b8a73d171d32360a564b6d03508e"},"headline":"Tomma sidor om hur Spanien ska \u00f6ka f\u00f6rsvarsutgifterna","datePublished":"2025-03-13T19:59:25+00:00","dateModified":"2025-03-13T20:22:36+00:00","mainEntityOfPage":{"@id":"https:\/\/lightweb.dev\/l\/svm-temp\/nyheter\/inrikes\/tomma-sidor-om-hur-spanien-ska-oka-forsvarsutgifterna\/"},"wordCount":609,"publisher":{"@id":"https:\/\/lightweb.dev\/l\/svm-temp\/#organization"},"image":{"@id":"https:\/\/lightweb.dev\/l\/svm-temp\/nyheter\/inrikes\/tomma-sidor-om-hur-spanien-ska-oka-forsvarsutgifterna\/#primaryimage"},"thumbnailUrl":"https:\/\/lightweb.dev\/l\/svm-temp\/wp-content\/uploads\/2025\/03\/svm20250313195315.webp","articleSection":["Inrikes","Nyheter"],"inLanguage":"sv-SE"},{"@type":"WebPage","@id":"https:\/\/lightweb.dev\/l\/svm-temp\/nyheter\/inrikes\/tomma-sidor-om-hur-spanien-ska-oka-forsvarsutgifterna\/","url":"https:\/\/lightweb.dev\/l\/svm-temp\/nyheter\/inrikes\/tomma-sidor-om-hur-spanien-ska-oka-forsvarsutgifterna\/","name":"Tomma sidor om hur Spanien ska \u00f6ka f\u00f6rsvarsutgifterna - Svenska Magasinet","isPartOf":{"@id":"https:\/\/lightweb.dev\/l\/svm-temp\/#website"},"primaryImageOfPage":{"@id":"https:\/\/lightweb.dev\/l\/svm-temp\/nyheter\/inrikes\/tomma-sidor-om-hur-spanien-ska-oka-forsvarsutgifterna\/#primaryimage"},"image":{"@id":"https:\/\/lightweb.dev\/l\/svm-temp\/nyheter\/inrikes\/tomma-sidor-om-hur-spanien-ska-oka-forsvarsutgifterna\/#primaryimage"},"thumbnailUrl":"https:\/\/lightweb.dev\/l\/svm-temp\/wp-content\/uploads\/2025\/03\/svm20250313195315.webp","datePublished":"2025-03-13T19:59:25+00:00","dateModified":"2025-03-13T20:22:36+00:00","breadcrumb":{"@id":"https:\/\/lightweb.dev\/l\/svm-temp\/nyheter\/inrikes\/tomma-sidor-om-hur-spanien-ska-oka-forsvarsutgifterna\/#breadcrumb"},"inLanguage":"sv-SE","potentialAction":[{"@type":"ReadAction","target":["https:\/\/lightweb.dev\/l\/svm-temp\/nyheter\/inrikes\/tomma-sidor-om-hur-spanien-ska-oka-forsvarsutgifterna\/"]}]},{"@type":"ImageObject","inLanguage":"sv-SE","@id":"https:\/\/lightweb.dev\/l\/svm-temp\/nyheter\/inrikes\/tomma-sidor-om-hur-spanien-ska-oka-forsvarsutgifterna\/#primaryimage","url":"https:\/\/lightweb.dev\/l\/svm-temp\/wp-content\/uploads\/2025\/03\/svm20250313195315.webp","contentUrl":"https:\/\/lightweb.dev\/l\/svm-temp\/wp-content\/uploads\/2025\/03\/svm20250313195315.webp","width":900,"height":400},{"@type":"BreadcrumbList","@id":"https:\/\/lightweb.dev\/l\/svm-temp\/nyheter\/inrikes\/tomma-sidor-om-hur-spanien-ska-oka-forsvarsutgifterna\/#breadcrumb","itemListElement":[{"@type":"ListItem","position":1,"name":"Hem","item":"https:\/\/lightweb.dev\/l\/svm-temp\/"},{"@type":"ListItem","position":2,"name":"Tomma sidor om hur Spanien ska \u00f6ka f\u00f6rsvarsutgifterna"}]},{"@type":"WebSite","@id":"https:\/\/lightweb.dev\/l\/svm-temp\/#website","url":"https:\/\/lightweb.dev\/l\/svm-temp\/","name":"Svenska Magasinet","description":"Dina Spanska nyheter p&aring; Svenska","publisher":{"@id":"https:\/\/lightweb.dev\/l\/svm-temp\/#organization"},"potentialAction":[{"@type":"SearchAction","target":{"@type":"EntryPoint","urlTemplate":"https:\/\/lightweb.dev\/l\/svm-temp\/?s={search_term_string}"},"query-input":{"@type":"PropertyValueSpecification","valueRequired":true,"valueName":"search_term_string"}}],"inLanguage":"sv-SE"},{"@type":"Organization","@id":"https:\/\/lightweb.dev\/l\/svm-temp\/#organization","name":"Melkerson y Nott SL","alternateName":"Svenska Magasinet","url":"https:\/\/lightweb.dev\/l\/svm-temp\/","logo":{"@type":"ImageObject","inLanguage":"sv-SE","@id":"https:\/\/lightweb.dev\/l\/svm-temp\/#\/schema\/logo\/image\/","url":"https:\/\/lightweb.dev\/l\/svm-temp\/wp-content\/uploads\/2025\/02\/SvM-logo-Xtra-Centrerad-SVART.png","contentUrl":"https:\/\/lightweb.dev\/l\/svm-temp\/wp-content\/uploads\/2025\/02\/SvM-logo-Xtra-Centrerad-SVART.png","width":300,"height":99,"caption":"Melkerson y Nott SL"},"image":{"@id":"https:\/\/lightweb.dev\/l\/svm-temp\/#\/schema\/logo\/image\/"},"sameAs":["https:\/\/www.facebook.com\/svenskamagasinet","https:\/\/x.com\/SvenskaMagasine"]},{"@type":"Person","@id":"https:\/\/lightweb.dev\/l\/svm-temp\/#\/schema\/person\/7a82b8a73d171d32360a564b6d03508e","name":"Ola Josefsson","description":"Bevakar Solkusten och Spanien sedan 1994.","sameAs":["https:\/\/lightweb.dev\/l\/svm-temp"],"url":"https:\/\/lightweb.dev\/l\/svm-temp\/reporter\/ola-josefsson\/"}]}},"_links":{"self":[{"href":"https:\/\/lightweb.dev\/l\/svm-temp\/wp-json\/wp\/v2\/posts\/80293","targetHints":{"allow":["GET"]}}],"collection":[{"href":"https:\/\/lightweb.dev\/l\/svm-temp\/wp-json\/wp\/v2\/posts"}],"about":[{"href":"https:\/\/lightweb.dev\/l\/svm-temp\/wp-json\/wp\/v2\/types\/post"}],"author":[{"embeddable":true,"href":"https:\/\/lightweb.dev\/l\/svm-temp\/wp-json\/wp\/v2\/users\/7"}],"replies":[{"embeddable":true,"href":"https:\/\/lightweb.dev\/l\/svm-temp\/wp-json\/wp\/v2\/comments?post=80293"}],"version-history":[{"count":0,"href":"https:\/\/lightweb.dev\/l\/svm-temp\/wp-json\/wp\/v2\/posts\/80293\/revisions"}],"wp:featuredmedia":[{"embeddable":true,"href":"https:\/\/lightweb.dev\/l\/svm-temp\/wp-json\/wp\/v2\/media\/80292"}],"wp:attachment":[{"href":"https:\/\/lightweb.dev\/l\/svm-temp\/wp-json\/wp\/v2\/media?parent=80293"}],"wp:term":[{"taxonomy":"category","embeddable":true,"href":"https:\/\/lightweb.dev\/l\/svm-temp\/wp-json\/wp\/v2\/categories?post=80293"},{"taxonomy":"post_tag","embeddable":true,"href":"https:\/\/lightweb.dev\/l\/svm-temp\/wp-json\/wp\/v2\/tags?post=80293"}],"curies":[{"name":"wp","href":"https:\/\/api.w.org\/{rel}","templated":true}]}}