{"id":80304,"date":"2025-03-14T14:49:27","date_gmt":"2025-03-14T13:49:27","guid":{"rendered":"https:\/\/lightweb.dev\/l\/svm-temp\/?p=80304"},"modified":"2025-03-14T17:14:04","modified_gmt":"2025-03-14T16:14:04","slug":"norwegian-starker-sin-narvaro-i-alicante","status":"publish","type":"post","link":"https:\/\/lightweb.dev\/l\/svm-temp\/nyheter\/norwegian-starker-sin-narvaro-i-alicante\/","title":{"rendered":"Norwegian st\u00e4rker sin n\u00e4rvaro i Alicante"},"content":{"rendered":"<p><strong>Inf\u00f6r \u00e5rets h\u00f6gs\u00e4song \u00f6kar man frekvensen till flera destinationer i norra Europa.\u00a0<\/strong><\/p>\n<p><strong>Bland annat till Arlanda och Skavsta.\u00a0<\/strong><\/p>\n<p><strong>Dessutom b\u00f6rjar det norska flygbolaget med turer till Riga.\u00a0<\/strong><\/p>\n<p><span style=\"font-weight: 400;\">H\u00f6gs\u00e4songen n\u00e4rmar sig och d\u00e4rmed \u00f6kar trafiken p\u00e5 flygplatsen i Alicante-Elche. Precis som f\u00f6rra \u00e5ret ser 2025 ut att bli ett rekord\u00e5r n\u00e4r det g\u00e4ller antalet bes\u00f6kare i regionen. S\u00e5 h\u00e4r l\u00e5ngt har 14,7 miljoner biljetter bokats till flygplatsen mellan den 31 mars och slutet av oktober, vilket \u00e4r en m\u00e4rkbar \u00f6kning j\u00e4mf\u00f6rt med siffrorna fr\u00e5n 2024.\u00a0<\/span><\/p>\n<p><span style=\"font-weight: 400;\">Trafiken fr\u00e5n norra Europa v\u00e4xer \u00e5r f\u00f6r \u00e5r. Numera utg\u00f6r norrm\u00e4nnen den sj\u00e4tte st\u00f6rsta marknaden med fler \u00e4n 818 000 resen\u00e4rer. Sverige ligger p\u00e5 \u00e5ttonde plats och Danmark \u00e4r elva.\u00a0<\/span><\/p>\n<p><span style=\"font-weight: 400;\">Det inneb\u00e4r att Norwegian \u00e4r den femte st\u00f6rsta akt\u00f6ren p\u00e5 Alicante-Elche Miguel Hernandez flygplats. F\u00f6rra \u00e5ret reste en knapp miljon m\u00e4nniskor med flygbolaget till regionen och nu g\u00f6r de sig redo f\u00f6r \u00e4nnu fler. Inf\u00f6r \u00e5rets h\u00f6gs\u00e4song l\u00e4gger de till en ny rutt och \u00f6kar antalet turer p\u00e5 n\u00e5gra av de redan befintliga.\u00a0<\/span><\/p>\n<p><span style=\"font-weight: 400;\">Norwegian kommer att ha fem flygplan som utg\u00e5r fr\u00e5n Alicante som kommer att flyga till 18 destinationer i norra Europa, uppger TodoAlicante. Nytt f\u00f6r \u00e5ret \u00e4r att man kommer ha tv\u00e5 flygningar i veckan, p\u00e5 tisdagar och l\u00f6rdagar, till den lettiska huvudstaden Riga. Man \u00f6kar \u00e4ven frekvensen till Arlanda och Skavsta i Sverige samt Bergen, Haugesund och Aalesund i Norge.<\/span><\/p>\n<p><span style=\"font-weight: 400;\">Flest resor kommer man att ha till Norges huvudstad Oslo med \u00f6ver 20 resor per vecka under sommaren. Antalet flygningar till Arlanda stiger till 14.<\/span><\/p>\n<div id=\"attachment_66802\" style=\"width: 910px\" class=\"wp-caption alignnone\"><img loading=\"lazy\" decoding=\"async\" aria-describedby=\"caption-attachment-66802\" class=\"wp-image-66802 size-large\" src=\"https:\/\/lightweb.dev\/l\/svm-temp\/wp-content\/uploads\/2023\/09\/image_50380801-stor-900x675.jpeg\" alt=\"\" width=\"900\" height=\"675\" srcset=\"https:\/\/lightweb.dev\/l\/svm-temp\/wp-content\/uploads\/2023\/09\/image_50380801-stor-900x675.jpeg 900w, https:\/\/lightweb.dev\/l\/svm-temp\/wp-content\/uploads\/2023\/09\/image_50380801-stor-300x225.jpeg 300w, https:\/\/lightweb.dev\/l\/svm-temp\/wp-content\/uploads\/2023\/09\/image_50380801-stor-768x576.jpeg 768w, https:\/\/lightweb.dev\/l\/svm-temp\/wp-content\/uploads\/2023\/09\/image_50380801-stor-610x458.jpeg 610w, https:\/\/lightweb.dev\/l\/svm-temp\/wp-content\/uploads\/2023\/09\/image_50380801-stor-1080x810.jpeg 1080w, https:\/\/lightweb.dev\/l\/svm-temp\/wp-content\/uploads\/2023\/09\/image_50380801-stor-600x450.jpeg 600w, https:\/\/lightweb.dev\/l\/svm-temp\/wp-content\/uploads\/2023\/09\/image_50380801-stor.jpeg 1280w\" sizes=\"(max-width: 900px) 100vw, 900px\" \/><p id=\"caption-attachment-66802\" class=\"wp-caption-text\">Du flyger direkt med Norwegian fr\u00e5n V\u00e4xj\u00f6 till Alicante sommarhalv\u00e5ret 2025.<\/p><\/div>\n<p><span style=\"font-weight: 400;\">Norwegians avg\u00e5ngar till norra Europa kommer att vara:\u00a0<\/span><\/p>\n<ul>\n<li style=\"font-weight: 400;\" aria-level=\"1\"><span style=\"font-weight: 400;\"><strong>Danmark<\/strong>: \u00c5lborg, \u00c5rhus, Billund och K\u00f6penhamn.<\/span><\/li>\n<li style=\"font-weight: 400;\" aria-level=\"1\"><span style=\"font-weight: 400;\"><strong>Finland<\/strong>: Helsingfors.<\/span><\/li>\n<li style=\"font-weight: 400;\" aria-level=\"1\"><span style=\"font-weight: 400;\"><strong>Tyskland<\/strong>: M\u00fcnchen.<\/span><\/li>\n<li style=\"font-weight: 400;\" aria-level=\"1\"><span style=\"font-weight: 400;\"><strong>Lettland<\/strong>: Riga<\/span><\/li>\n<li style=\"font-weight: 400;\" aria-level=\"1\"><span style=\"font-weight: 400;\"><strong>Norge<\/strong>: Aalesund, Bergen, Haugesund, Oslo, Stavanger, Trondheim och Sandefjord\/Torp.<\/span><\/li>\n<li style=\"font-weight: 400;\" aria-level=\"1\"><span style=\"font-weight: 400;\"><strong>Sverige<\/strong>: Arlanda\/Stockholm, G\u00f6teborg, Skavsta\/Stockholm och V\u00e4xj\u00f6.<\/span><\/li>\n<\/ul>\n<p>&nbsp;<\/p>\n","protected":false},"excerpt":{"rendered":"<p>Inf\u00f6r \u00e5rets h\u00f6gs\u00e4song \u00f6kar man frekvensen till flera destinationer i norra Europa.\u00a0Bland annat till Arlanda och Skavsta.\u00a0Dessutom b\u00f6rjar det norska flygbolaget med turer till Riga.\u00a0<\/p>\n","protected":false},"author":14,"featured_media":80311,"comment_status":"closed","ping_status":"closed","sticky":false,"template":"","format":"standard","meta":{"_et_pb_use_builder":"","_et_pb_old_content":"","_et_gb_content_width":"","footnotes":""},"categories":[395,3],"tags":[],"class_list":["post-80304","post","type-post","status-publish","format-standard","has-post-thumbnail","hentry","category-arkiv-nyheter","category-nyheter"],"yoast_head":"<!-- This site is optimized with the Yoast SEO Premium plugin v26.2 (Yoast SEO v27.4) - https:\/\/yoast.com\/product\/yoast-seo-premium-wordpress\/ -->\n<title>Norwegian st\u00e4rker sin n\u00e4rvaro i Alicante - Svenska Magasinet<\/title>\n<meta name=\"robots\" content=\"noindex, follow, max-snippet:-1, max-image-preview:large, max-video-preview:-1\" \/>\n<meta property=\"og:locale\" content=\"sv_SE\" \/>\n<meta property=\"og:type\" content=\"article\" \/>\n<meta property=\"og:title\" content=\"Norwegian st\u00e4rker sin n\u00e4rvaro i Alicante\" \/>\n<meta property=\"og:description\" content=\"Inf\u00f6r \u00e5rets h\u00f6gs\u00e4song \u00f6kar man frekvensen till flera destinationer i norra Europa.\u00a0Bland annat till Arlanda och Skavsta.\u00a0Dessutom b\u00f6rjar det norska flygbolaget med turer till Riga.\u00a0\" \/>\n<meta property=\"og:url\" content=\"https:\/\/lightweb.dev\/l\/svm-temp\/nyheter\/norwegian-starker-sin-narvaro-i-alicante\/\" \/>\n<meta property=\"og:site_name\" content=\"Svenska Magasinet\" \/>\n<meta property=\"article:publisher\" content=\"https:\/\/www.facebook.com\/svenskamagasinet\" \/>\n<meta property=\"article:published_time\" content=\"2025-03-14T13:49:27+00:00\" \/>\n<meta property=\"article:modified_time\" content=\"2025-03-14T16:14:04+00:00\" \/>\n<meta property=\"og:image\" content=\"https:\/\/lightweb.dev\/l\/svm-temp\/wp-content\/uploads\/2025\/03\/svm20250314161133.webp\" \/>\n\t<meta property=\"og:image:width\" content=\"900\" \/>\n\t<meta property=\"og:image:height\" content=\"400\" \/>\n\t<meta property=\"og:image:type\" content=\"image\/webp\" \/>\n<meta name=\"author\" content=\"Robbie Eriksson\" \/>\n<meta name=\"twitter:card\" content=\"summary_large_image\" \/>\n<meta name=\"twitter:creator\" content=\"@SvenskaMagasine\" \/>\n<meta name=\"twitter:site\" content=\"@SvenskaMagasine\" \/>\n<script type=\"application\/ld+json\" class=\"yoast-schema-graph\">{\"@context\":\"https:\\\/\\\/schema.org\",\"@graph\":[{\"@type\":\"Article\",\"@id\":\"https:\\\/\\\/lightweb.dev\\\/l\\\/svm-temp\\\/nyheter\\\/norwegian-starker-sin-narvaro-i-alicante\\\/#article\",\"isPartOf\":{\"@id\":\"https:\\\/\\\/lightweb.dev\\\/l\\\/svm-temp\\\/nyheter\\\/norwegian-starker-sin-narvaro-i-alicante\\\/\"},\"author\":{\"name\":\"Robbie Eriksson\",\"@id\":\"https:\\\/\\\/lightweb.dev\\\/l\\\/svm-temp\\\/#\\\/schema\\\/person\\\/caffe038990d25722f5a04a03c906a2b\"},\"headline\":\"Norwegian st\u00e4rker sin n\u00e4rvaro i Alicante\",\"datePublished\":\"2025-03-14T13:49:27+00:00\",\"dateModified\":\"2025-03-14T16:14:04+00:00\",\"mainEntityOfPage\":{\"@id\":\"https:\\\/\\\/lightweb.dev\\\/l\\\/svm-temp\\\/nyheter\\\/norwegian-starker-sin-narvaro-i-alicante\\\/\"},\"wordCount\":358,\"publisher\":{\"@id\":\"https:\\\/\\\/lightweb.dev\\\/l\\\/svm-temp\\\/#organization\"},\"image\":{\"@id\":\"https:\\\/\\\/lightweb.dev\\\/l\\\/svm-temp\\\/nyheter\\\/norwegian-starker-sin-narvaro-i-alicante\\\/#primaryimage\"},\"thumbnailUrl\":\"https:\\\/\\\/lightweb.dev\\\/l\\\/svm-temp\\\/wp-content\\\/uploads\\\/2025\\\/03\\\/svm20250314161133.webp\",\"articleSection\":[\"Arkiv\",\"Nyheter\"],\"inLanguage\":\"sv-SE\"},{\"@type\":\"WebPage\",\"@id\":\"https:\\\/\\\/lightweb.dev\\\/l\\\/svm-temp\\\/nyheter\\\/norwegian-starker-sin-narvaro-i-alicante\\\/\",\"url\":\"https:\\\/\\\/lightweb.dev\\\/l\\\/svm-temp\\\/nyheter\\\/norwegian-starker-sin-narvaro-i-alicante\\\/\",\"name\":\"Norwegian st\u00e4rker sin n\u00e4rvaro i Alicante - Svenska Magasinet\",\"isPartOf\":{\"@id\":\"https:\\\/\\\/lightweb.dev\\\/l\\\/svm-temp\\\/#website\"},\"primaryImageOfPage\":{\"@id\":\"https:\\\/\\\/lightweb.dev\\\/l\\\/svm-temp\\\/nyheter\\\/norwegian-starker-sin-narvaro-i-alicante\\\/#primaryimage\"},\"image\":{\"@id\":\"https:\\\/\\\/lightweb.dev\\\/l\\\/svm-temp\\\/nyheter\\\/norwegian-starker-sin-narvaro-i-alicante\\\/#primaryimage\"},\"thumbnailUrl\":\"https:\\\/\\\/lightweb.dev\\\/l\\\/svm-temp\\\/wp-content\\\/uploads\\\/2025\\\/03\\\/svm20250314161133.webp\",\"datePublished\":\"2025-03-14T13:49:27+00:00\",\"dateModified\":\"2025-03-14T16:14:04+00:00\",\"breadcrumb\":{\"@id\":\"https:\\\/\\\/lightweb.dev\\\/l\\\/svm-temp\\\/nyheter\\\/norwegian-starker-sin-narvaro-i-alicante\\\/#breadcrumb\"},\"inLanguage\":\"sv-SE\",\"potentialAction\":[{\"@type\":\"ReadAction\",\"target\":[\"https:\\\/\\\/lightweb.dev\\\/l\\\/svm-temp\\\/nyheter\\\/norwegian-starker-sin-narvaro-i-alicante\\\/\"]}]},{\"@type\":\"ImageObject\",\"inLanguage\":\"sv-SE\",\"@id\":\"https:\\\/\\\/lightweb.dev\\\/l\\\/svm-temp\\\/nyheter\\\/norwegian-starker-sin-narvaro-i-alicante\\\/#primaryimage\",\"url\":\"https:\\\/\\\/lightweb.dev\\\/l\\\/svm-temp\\\/wp-content\\\/uploads\\\/2025\\\/03\\\/svm20250314161133.webp\",\"contentUrl\":\"https:\\\/\\\/lightweb.dev\\\/l\\\/svm-temp\\\/wp-content\\\/uploads\\\/2025\\\/03\\\/svm20250314161133.webp\",\"width\":900,\"height\":400},{\"@type\":\"BreadcrumbList\",\"@id\":\"https:\\\/\\\/lightweb.dev\\\/l\\\/svm-temp\\\/nyheter\\\/norwegian-starker-sin-narvaro-i-alicante\\\/#breadcrumb\",\"itemListElement\":[{\"@type\":\"ListItem\",\"position\":1,\"name\":\"Hem\",\"item\":\"https:\\\/\\\/lightweb.dev\\\/l\\\/svm-temp\\\/\"},{\"@type\":\"ListItem\",\"position\":2,\"name\":\"Norwegian st\u00e4rker sin n\u00e4rvaro i Alicante\"}]},{\"@type\":\"WebSite\",\"@id\":\"https:\\\/\\\/lightweb.dev\\\/l\\\/svm-temp\\\/#website\",\"url\":\"https:\\\/\\\/lightweb.dev\\\/l\\\/svm-temp\\\/\",\"name\":\"Svenska Magasinet\",\"description\":\"Dina Spanska nyheter p&aring; Svenska\",\"publisher\":{\"@id\":\"https:\\\/\\\/lightweb.dev\\\/l\\\/svm-temp\\\/#organization\"},\"potentialAction\":[{\"@type\":\"SearchAction\",\"target\":{\"@type\":\"EntryPoint\",\"urlTemplate\":\"https:\\\/\\\/lightweb.dev\\\/l\\\/svm-temp\\\/?s={search_term_string}\"},\"query-input\":{\"@type\":\"PropertyValueSpecification\",\"valueRequired\":true,\"valueName\":\"search_term_string\"}}],\"inLanguage\":\"sv-SE\"},{\"@type\":\"Organization\",\"@id\":\"https:\\\/\\\/lightweb.dev\\\/l\\\/svm-temp\\\/#organization\",\"name\":\"Melkerson y Nott SL\",\"alternateName\":\"Svenska Magasinet\",\"url\":\"https:\\\/\\\/lightweb.dev\\\/l\\\/svm-temp\\\/\",\"logo\":{\"@type\":\"ImageObject\",\"inLanguage\":\"sv-SE\",\"@id\":\"https:\\\/\\\/lightweb.dev\\\/l\\\/svm-temp\\\/#\\\/schema\\\/logo\\\/image\\\/\",\"url\":\"https:\\\/\\\/lightweb.dev\\\/l\\\/svm-temp\\\/wp-content\\\/uploads\\\/2025\\\/02\\\/SvM-logo-Xtra-Centrerad-SVART.png\",\"contentUrl\":\"https:\\\/\\\/lightweb.dev\\\/l\\\/svm-temp\\\/wp-content\\\/uploads\\\/2025\\\/02\\\/SvM-logo-Xtra-Centrerad-SVART.png\",\"width\":300,\"height\":99,\"caption\":\"Melkerson y Nott SL\"},\"image\":{\"@id\":\"https:\\\/\\\/lightweb.dev\\\/l\\\/svm-temp\\\/#\\\/schema\\\/logo\\\/image\\\/\"},\"sameAs\":[\"https:\\\/\\\/www.facebook.com\\\/svenskamagasinet\",\"https:\\\/\\\/x.com\\\/SvenskaMagasine\"]},{\"@type\":\"Person\",\"@id\":\"https:\\\/\\\/lightweb.dev\\\/l\\\/svm-temp\\\/#\\\/schema\\\/person\\\/caffe038990d25722f5a04a03c906a2b\",\"name\":\"Robbie Eriksson\",\"sameAs\":[\"https:\\\/\\\/lightweb.dev\\\/l\\\/svm-temp\"],\"url\":\"https:\\\/\\\/lightweb.dev\\\/l\\\/svm-temp\\\/reporter\\\/robbie-eriksson\\\/\"}]}<\/script>\n<!-- \/ Yoast SEO Premium plugin. -->","yoast_head_json":{"title":"Norwegian st\u00e4rker sin n\u00e4rvaro i Alicante - Svenska Magasinet","robots":{"index":"noindex","follow":"follow","max-snippet":"max-snippet:-1","max-image-preview":"max-image-preview:large","max-video-preview":"max-video-preview:-1"},"og_locale":"sv_SE","og_type":"article","og_title":"Norwegian st\u00e4rker sin n\u00e4rvaro i Alicante","og_description":"Inf\u00f6r \u00e5rets h\u00f6gs\u00e4song \u00f6kar man frekvensen till flera destinationer i norra Europa.\u00a0Bland annat till Arlanda och Skavsta.\u00a0Dessutom b\u00f6rjar det norska flygbolaget med turer till Riga.\u00a0","og_url":"https:\/\/lightweb.dev\/l\/svm-temp\/nyheter\/norwegian-starker-sin-narvaro-i-alicante\/","og_site_name":"Svenska Magasinet","article_publisher":"https:\/\/www.facebook.com\/svenskamagasinet","article_published_time":"2025-03-14T13:49:27+00:00","article_modified_time":"2025-03-14T16:14:04+00:00","og_image":[{"width":900,"height":400,"url":"https:\/\/lightweb.dev\/l\/svm-temp\/wp-content\/uploads\/2025\/03\/svm20250314161133.webp","type":"image\/webp"}],"author":"Robbie Eriksson","twitter_card":"summary_large_image","twitter_creator":"@SvenskaMagasine","twitter_site":"@SvenskaMagasine","schema":{"@context":"https:\/\/schema.org","@graph":[{"@type":"Article","@id":"https:\/\/lightweb.dev\/l\/svm-temp\/nyheter\/norwegian-starker-sin-narvaro-i-alicante\/#article","isPartOf":{"@id":"https:\/\/lightweb.dev\/l\/svm-temp\/nyheter\/norwegian-starker-sin-narvaro-i-alicante\/"},"author":{"name":"Robbie Eriksson","@id":"https:\/\/lightweb.dev\/l\/svm-temp\/#\/schema\/person\/caffe038990d25722f5a04a03c906a2b"},"headline":"Norwegian st\u00e4rker sin n\u00e4rvaro i Alicante","datePublished":"2025-03-14T13:49:27+00:00","dateModified":"2025-03-14T16:14:04+00:00","mainEntityOfPage":{"@id":"https:\/\/lightweb.dev\/l\/svm-temp\/nyheter\/norwegian-starker-sin-narvaro-i-alicante\/"},"wordCount":358,"publisher":{"@id":"https:\/\/lightweb.dev\/l\/svm-temp\/#organization"},"image":{"@id":"https:\/\/lightweb.dev\/l\/svm-temp\/nyheter\/norwegian-starker-sin-narvaro-i-alicante\/#primaryimage"},"thumbnailUrl":"https:\/\/lightweb.dev\/l\/svm-temp\/wp-content\/uploads\/2025\/03\/svm20250314161133.webp","articleSection":["Arkiv","Nyheter"],"inLanguage":"sv-SE"},{"@type":"WebPage","@id":"https:\/\/lightweb.dev\/l\/svm-temp\/nyheter\/norwegian-starker-sin-narvaro-i-alicante\/","url":"https:\/\/lightweb.dev\/l\/svm-temp\/nyheter\/norwegian-starker-sin-narvaro-i-alicante\/","name":"Norwegian st\u00e4rker sin n\u00e4rvaro i Alicante - Svenska Magasinet","isPartOf":{"@id":"https:\/\/lightweb.dev\/l\/svm-temp\/#website"},"primaryImageOfPage":{"@id":"https:\/\/lightweb.dev\/l\/svm-temp\/nyheter\/norwegian-starker-sin-narvaro-i-alicante\/#primaryimage"},"image":{"@id":"https:\/\/lightweb.dev\/l\/svm-temp\/nyheter\/norwegian-starker-sin-narvaro-i-alicante\/#primaryimage"},"thumbnailUrl":"https:\/\/lightweb.dev\/l\/svm-temp\/wp-content\/uploads\/2025\/03\/svm20250314161133.webp","datePublished":"2025-03-14T13:49:27+00:00","dateModified":"2025-03-14T16:14:04+00:00","breadcrumb":{"@id":"https:\/\/lightweb.dev\/l\/svm-temp\/nyheter\/norwegian-starker-sin-narvaro-i-alicante\/#breadcrumb"},"inLanguage":"sv-SE","potentialAction":[{"@type":"ReadAction","target":["https:\/\/lightweb.dev\/l\/svm-temp\/nyheter\/norwegian-starker-sin-narvaro-i-alicante\/"]}]},{"@type":"ImageObject","inLanguage":"sv-SE","@id":"https:\/\/lightweb.dev\/l\/svm-temp\/nyheter\/norwegian-starker-sin-narvaro-i-alicante\/#primaryimage","url":"https:\/\/lightweb.dev\/l\/svm-temp\/wp-content\/uploads\/2025\/03\/svm20250314161133.webp","contentUrl":"https:\/\/lightweb.dev\/l\/svm-temp\/wp-content\/uploads\/2025\/03\/svm20250314161133.webp","width":900,"height":400},{"@type":"BreadcrumbList","@id":"https:\/\/lightweb.dev\/l\/svm-temp\/nyheter\/norwegian-starker-sin-narvaro-i-alicante\/#breadcrumb","itemListElement":[{"@type":"ListItem","position":1,"name":"Hem","item":"https:\/\/lightweb.dev\/l\/svm-temp\/"},{"@type":"ListItem","position":2,"name":"Norwegian st\u00e4rker sin n\u00e4rvaro i Alicante"}]},{"@type":"WebSite","@id":"https:\/\/lightweb.dev\/l\/svm-temp\/#website","url":"https:\/\/lightweb.dev\/l\/svm-temp\/","name":"Svenska Magasinet","description":"Dina Spanska nyheter p&aring; Svenska","publisher":{"@id":"https:\/\/lightweb.dev\/l\/svm-temp\/#organization"},"potentialAction":[{"@type":"SearchAction","target":{"@type":"EntryPoint","urlTemplate":"https:\/\/lightweb.dev\/l\/svm-temp\/?s={search_term_string}"},"query-input":{"@type":"PropertyValueSpecification","valueRequired":true,"valueName":"search_term_string"}}],"inLanguage":"sv-SE"},{"@type":"Organization","@id":"https:\/\/lightweb.dev\/l\/svm-temp\/#organization","name":"Melkerson y Nott SL","alternateName":"Svenska Magasinet","url":"https:\/\/lightweb.dev\/l\/svm-temp\/","logo":{"@type":"ImageObject","inLanguage":"sv-SE","@id":"https:\/\/lightweb.dev\/l\/svm-temp\/#\/schema\/logo\/image\/","url":"https:\/\/lightweb.dev\/l\/svm-temp\/wp-content\/uploads\/2025\/02\/SvM-logo-Xtra-Centrerad-SVART.png","contentUrl":"https:\/\/lightweb.dev\/l\/svm-temp\/wp-content\/uploads\/2025\/02\/SvM-logo-Xtra-Centrerad-SVART.png","width":300,"height":99,"caption":"Melkerson y Nott SL"},"image":{"@id":"https:\/\/lightweb.dev\/l\/svm-temp\/#\/schema\/logo\/image\/"},"sameAs":["https:\/\/www.facebook.com\/svenskamagasinet","https:\/\/x.com\/SvenskaMagasine"]},{"@type":"Person","@id":"https:\/\/lightweb.dev\/l\/svm-temp\/#\/schema\/person\/caffe038990d25722f5a04a03c906a2b","name":"Robbie Eriksson","sameAs":["https:\/\/lightweb.dev\/l\/svm-temp"],"url":"https:\/\/lightweb.dev\/l\/svm-temp\/reporter\/robbie-eriksson\/"}]}},"_links":{"self":[{"href":"https:\/\/lightweb.dev\/l\/svm-temp\/wp-json\/wp\/v2\/posts\/80304","targetHints":{"allow":["GET"]}}],"collection":[{"href":"https:\/\/lightweb.dev\/l\/svm-temp\/wp-json\/wp\/v2\/posts"}],"about":[{"href":"https:\/\/lightweb.dev\/l\/svm-temp\/wp-json\/wp\/v2\/types\/post"}],"author":[{"embeddable":true,"href":"https:\/\/lightweb.dev\/l\/svm-temp\/wp-json\/wp\/v2\/users\/14"}],"replies":[{"embeddable":true,"href":"https:\/\/lightweb.dev\/l\/svm-temp\/wp-json\/wp\/v2\/comments?post=80304"}],"version-history":[{"count":0,"href":"https:\/\/lightweb.dev\/l\/svm-temp\/wp-json\/wp\/v2\/posts\/80304\/revisions"}],"wp:featuredmedia":[{"embeddable":true,"href":"https:\/\/lightweb.dev\/l\/svm-temp\/wp-json\/wp\/v2\/media\/80311"}],"wp:attachment":[{"href":"https:\/\/lightweb.dev\/l\/svm-temp\/wp-json\/wp\/v2\/media?parent=80304"}],"wp:term":[{"taxonomy":"category","embeddable":true,"href":"https:\/\/lightweb.dev\/l\/svm-temp\/wp-json\/wp\/v2\/categories?post=80304"},{"taxonomy":"post_tag","embeddable":true,"href":"https:\/\/lightweb.dev\/l\/svm-temp\/wp-json\/wp\/v2\/tags?post=80304"}],"curies":[{"name":"wp","href":"https:\/\/api.w.org\/{rel}","templated":true}]}}