{"id":80306,"date":"2025-03-14T14:58:44","date_gmt":"2025-03-14T13:58:44","guid":{"rendered":"https:\/\/lightweb.dev\/l\/svm-temp\/?p=80306"},"modified":"2025-03-14T14:58:44","modified_gmt":"2025-03-14T13:58:44","slug":"regeringen-vill-uppdatera-ai-lagstiftningen","status":"publish","type":"post","link":"https:\/\/lightweb.dev\/l\/svm-temp\/nyheter\/regeringen-vill-uppdatera-ai-lagstiftningen\/","title":{"rendered":"Regeringen vill uppdatera AI-lagstiftningen"},"content":{"rendered":"<p><strong>Enligt ett nytt f\u00f6rslag kan f\u00f6retag som inte tydligt markerar om deras material \u00e4r genererat med artificiell intelligens straffas med upp till 35 miljoner euro i b\u00f6ter.\u00a0\u00a0<\/strong><\/p>\n<p><span style=\"font-weight: 400;\">Centralregeringen har godk\u00e4nt ett lagf\u00f6rslag som ska reglera anv\u00e4ndandet av AI ur ett etiskt, inkluderande och f\u00f6rm\u00e5nligt s\u00e4tt. F\u00f6rslaget, som meddelades i tisdags efter ett ministersammantr\u00e4de, anpassar sig efter EUs riktlinjer f\u00f6r l\u00e4mpligt nyttjande av AI.\u00a0<\/span><\/p>\n<p><span style=\"font-weight: 400;\">\u201cDenna reglering kompletterar Europas stora sk\u00f6ld av digitala r\u00e4ttigheter, som skyddar medborgarna i dagens kontext,\u201d sade <\/span><span style=\"font-weight: 400;\">\u00d3scar L\u00f3pez, som \u00e4r minister f\u00f6r digitalisering och offentlig administration. Han kallar f\u00f6rslaget f\u00f6r en \u201cpionj\u00e4r p\u00e5 nationell och internationell niv\u00e5\u201d som vill koordinera landets lagstiftning med nya digitala verktyg.\u00a0<\/span><\/p>\n<p><span style=\"font-weight: 400;\">F\u00f6rslaget inneh\u00e5ller flera punkter som redan \u00e4r i kraft men f\u00f6r att alla ska komma p\u00e5 plats kommer det att r\u00f6stas igenom br\u00e5dskande.<\/span><\/p>\n<p><span style=\"font-weight: 400;\">Sedan i augusti begr\u00e4nsar den europeiska AI-<\/span><span style=\"font-weight: 400;\">lagstiftningen<\/span><span style=\"font-weight: 400;\"> anv\u00e4ndandet av artificiell intelligens i system som kan lura personer eller manipulera anv\u00e4ndares beteenden. Den f\u00f6rbjuder \u00e4ven utredande enheter fr\u00e5n att nyttja AI f\u00f6r att kunna f\u00f6rutse risken att en person ska beg\u00e5 ett brott baserat p\u00e5 dess internetprofil, biometrisk identifikation genom \u00f6vervakningskameror, med mera.\u00a0<\/span><\/p>\n<p><span style=\"font-weight: 400;\">\u201cArtificiell intelligens \u00e4r ett mycket kraftfullt verktyg, men det kan ha b\u00e5de bra och d\u00e5liga anv\u00e4ndningsomr\u00e5den. Med detta lagf\u00f6rslag identifierar vi risker och f\u00f6rbjuder (vissa) beteende,\u201d kommenterade L\u00f3pez.<\/span><\/p>\n<h2><span style=\"font-weight: 400;\">B\u00f6ter<\/span><\/h2>\n<p><span style=\"font-weight: 400;\">F\u00f6rslaget inneh\u00e5ller \u00e4ven huvuddragen f\u00f6r kraftiga b\u00f6ter som kan vara s\u00e5 stora som 35 miljoner euro, eller mellan 2 och 7 procent av den globala oms\u00e4ttningen f\u00f6r ett f\u00f6retag som bryter mot reglerna.\u00a0<\/span><\/p>\n<p><span style=\"font-weight: 400;\">Allvarliga b\u00f6ter kan delas ut om en bild, ett videoklipp eller en ljudfil som genererats eller manipulerats med AI inte \u00e4r tydligt markerad eller om man anv\u00e4nder verktyget f\u00f6r att framst\u00e4lla en person i en kontext de aldrig befunnit sig eller som att de s\u00e4ger n\u00e5got de aldrig har sagt, en s\u00e5 kallad deepfake.\u00a0<\/span><\/p>\n<p><span style=\"font-weight: 400;\">F\u00f6rslaget sammanfaller med en kontrovers d\u00e4r en deepfake-video, med titeln La Isla de las Corrupciones (Korruptionens \u00d6) spridits av konservativa Partido Popular. Klippet, som togs ner efter protester fr\u00e5n Dominikanska Republiken, inneh\u00f6ll material som antydde att landet hj\u00e4lper PSOE med korrupta metoder.\u00a0\u00a0<\/span><\/p>\n<p>&nbsp;<\/p>\n","protected":false},"excerpt":{"rendered":"<p>Enligt ett nytt f\u00f6rslag kan f\u00f6retag som inte tydligt markerar om deras material \u00e4r genererat med artificiell intelligens straffas med upp till 35 miljoner euro i b\u00f6ter.\u00a0\u00a0<\/p>\n","protected":false},"author":14,"featured_media":80303,"comment_status":"closed","ping_status":"closed","sticky":false,"template":"","format":"standard","meta":{"_et_pb_use_builder":"","_et_pb_old_content":"","_et_gb_content_width":"","footnotes":""},"categories":[395,3],"tags":[],"class_list":["post-80306","post","type-post","status-publish","format-standard","has-post-thumbnail","hentry","category-arkiv-nyheter","category-nyheter"],"yoast_head":"<!-- This site is optimized with the Yoast SEO Premium plugin v26.2 (Yoast SEO v27.4) - https:\/\/yoast.com\/product\/yoast-seo-premium-wordpress\/ -->\n<title>Regeringen vill uppdatera AI-lagstiftningen - Svenska Magasinet<\/title>\n<meta name=\"robots\" content=\"noindex, follow, max-snippet:-1, max-image-preview:large, max-video-preview:-1\" \/>\n<meta property=\"og:locale\" content=\"sv_SE\" \/>\n<meta property=\"og:type\" content=\"article\" \/>\n<meta property=\"og:title\" content=\"Regeringen vill uppdatera AI-lagstiftningen\" \/>\n<meta property=\"og:description\" content=\"Enligt ett nytt f\u00f6rslag kan f\u00f6retag som inte tydligt markerar om deras material \u00e4r genererat med artificiell intelligens straffas med upp till 35 miljoner euro i b\u00f6ter.\u00a0\u00a0\" \/>\n<meta property=\"og:url\" content=\"https:\/\/lightweb.dev\/l\/svm-temp\/nyheter\/regeringen-vill-uppdatera-ai-lagstiftningen\/\" \/>\n<meta property=\"og:site_name\" content=\"Svenska Magasinet\" \/>\n<meta property=\"article:publisher\" content=\"https:\/\/www.facebook.com\/svenskamagasinet\" \/>\n<meta property=\"article:published_time\" content=\"2025-03-14T13:58:44+00:00\" \/>\n<meta property=\"og:image\" content=\"https:\/\/lightweb.dev\/l\/svm-temp\/wp-content\/uploads\/2025\/03\/svm20250314121040.webp\" \/>\n\t<meta property=\"og:image:width\" content=\"900\" \/>\n\t<meta property=\"og:image:height\" content=\"400\" \/>\n\t<meta property=\"og:image:type\" content=\"image\/webp\" \/>\n<meta name=\"author\" content=\"Robbie Eriksson\" \/>\n<meta name=\"twitter:card\" content=\"summary_large_image\" \/>\n<meta name=\"twitter:creator\" content=\"@SvenskaMagasine\" \/>\n<meta name=\"twitter:site\" content=\"@SvenskaMagasine\" \/>\n<script type=\"application\/ld+json\" class=\"yoast-schema-graph\">{\"@context\":\"https:\\\/\\\/schema.org\",\"@graph\":[{\"@type\":\"Article\",\"@id\":\"https:\\\/\\\/lightweb.dev\\\/l\\\/svm-temp\\\/nyheter\\\/regeringen-vill-uppdatera-ai-lagstiftningen\\\/#article\",\"isPartOf\":{\"@id\":\"https:\\\/\\\/lightweb.dev\\\/l\\\/svm-temp\\\/nyheter\\\/regeringen-vill-uppdatera-ai-lagstiftningen\\\/\"},\"author\":{\"name\":\"Robbie Eriksson\",\"@id\":\"https:\\\/\\\/lightweb.dev\\\/l\\\/svm-temp\\\/#\\\/schema\\\/person\\\/caffe038990d25722f5a04a03c906a2b\"},\"headline\":\"Regeringen vill uppdatera AI-lagstiftningen\",\"datePublished\":\"2025-03-14T13:58:44+00:00\",\"mainEntityOfPage\":{\"@id\":\"https:\\\/\\\/lightweb.dev\\\/l\\\/svm-temp\\\/nyheter\\\/regeringen-vill-uppdatera-ai-lagstiftningen\\\/\"},\"wordCount\":401,\"publisher\":{\"@id\":\"https:\\\/\\\/lightweb.dev\\\/l\\\/svm-temp\\\/#organization\"},\"image\":{\"@id\":\"https:\\\/\\\/lightweb.dev\\\/l\\\/svm-temp\\\/nyheter\\\/regeringen-vill-uppdatera-ai-lagstiftningen\\\/#primaryimage\"},\"thumbnailUrl\":\"https:\\\/\\\/lightweb.dev\\\/l\\\/svm-temp\\\/wp-content\\\/uploads\\\/2025\\\/03\\\/svm20250314121040.webp\",\"articleSection\":[\"Arkiv\",\"Nyheter\"],\"inLanguage\":\"sv-SE\"},{\"@type\":\"WebPage\",\"@id\":\"https:\\\/\\\/lightweb.dev\\\/l\\\/svm-temp\\\/nyheter\\\/regeringen-vill-uppdatera-ai-lagstiftningen\\\/\",\"url\":\"https:\\\/\\\/lightweb.dev\\\/l\\\/svm-temp\\\/nyheter\\\/regeringen-vill-uppdatera-ai-lagstiftningen\\\/\",\"name\":\"Regeringen vill uppdatera AI-lagstiftningen - Svenska Magasinet\",\"isPartOf\":{\"@id\":\"https:\\\/\\\/lightweb.dev\\\/l\\\/svm-temp\\\/#website\"},\"primaryImageOfPage\":{\"@id\":\"https:\\\/\\\/lightweb.dev\\\/l\\\/svm-temp\\\/nyheter\\\/regeringen-vill-uppdatera-ai-lagstiftningen\\\/#primaryimage\"},\"image\":{\"@id\":\"https:\\\/\\\/lightweb.dev\\\/l\\\/svm-temp\\\/nyheter\\\/regeringen-vill-uppdatera-ai-lagstiftningen\\\/#primaryimage\"},\"thumbnailUrl\":\"https:\\\/\\\/lightweb.dev\\\/l\\\/svm-temp\\\/wp-content\\\/uploads\\\/2025\\\/03\\\/svm20250314121040.webp\",\"datePublished\":\"2025-03-14T13:58:44+00:00\",\"breadcrumb\":{\"@id\":\"https:\\\/\\\/lightweb.dev\\\/l\\\/svm-temp\\\/nyheter\\\/regeringen-vill-uppdatera-ai-lagstiftningen\\\/#breadcrumb\"},\"inLanguage\":\"sv-SE\",\"potentialAction\":[{\"@type\":\"ReadAction\",\"target\":[\"https:\\\/\\\/lightweb.dev\\\/l\\\/svm-temp\\\/nyheter\\\/regeringen-vill-uppdatera-ai-lagstiftningen\\\/\"]}]},{\"@type\":\"ImageObject\",\"inLanguage\":\"sv-SE\",\"@id\":\"https:\\\/\\\/lightweb.dev\\\/l\\\/svm-temp\\\/nyheter\\\/regeringen-vill-uppdatera-ai-lagstiftningen\\\/#primaryimage\",\"url\":\"https:\\\/\\\/lightweb.dev\\\/l\\\/svm-temp\\\/wp-content\\\/uploads\\\/2025\\\/03\\\/svm20250314121040.webp\",\"contentUrl\":\"https:\\\/\\\/lightweb.dev\\\/l\\\/svm-temp\\\/wp-content\\\/uploads\\\/2025\\\/03\\\/svm20250314121040.webp\",\"width\":900,\"height\":400},{\"@type\":\"BreadcrumbList\",\"@id\":\"https:\\\/\\\/lightweb.dev\\\/l\\\/svm-temp\\\/nyheter\\\/regeringen-vill-uppdatera-ai-lagstiftningen\\\/#breadcrumb\",\"itemListElement\":[{\"@type\":\"ListItem\",\"position\":1,\"name\":\"Hem\",\"item\":\"https:\\\/\\\/lightweb.dev\\\/l\\\/svm-temp\\\/\"},{\"@type\":\"ListItem\",\"position\":2,\"name\":\"Regeringen vill uppdatera AI-lagstiftningen\"}]},{\"@type\":\"WebSite\",\"@id\":\"https:\\\/\\\/lightweb.dev\\\/l\\\/svm-temp\\\/#website\",\"url\":\"https:\\\/\\\/lightweb.dev\\\/l\\\/svm-temp\\\/\",\"name\":\"Svenska Magasinet\",\"description\":\"Dina Spanska nyheter p&aring; Svenska\",\"publisher\":{\"@id\":\"https:\\\/\\\/lightweb.dev\\\/l\\\/svm-temp\\\/#organization\"},\"potentialAction\":[{\"@type\":\"SearchAction\",\"target\":{\"@type\":\"EntryPoint\",\"urlTemplate\":\"https:\\\/\\\/lightweb.dev\\\/l\\\/svm-temp\\\/?s={search_term_string}\"},\"query-input\":{\"@type\":\"PropertyValueSpecification\",\"valueRequired\":true,\"valueName\":\"search_term_string\"}}],\"inLanguage\":\"sv-SE\"},{\"@type\":\"Organization\",\"@id\":\"https:\\\/\\\/lightweb.dev\\\/l\\\/svm-temp\\\/#organization\",\"name\":\"Melkerson y Nott SL\",\"alternateName\":\"Svenska Magasinet\",\"url\":\"https:\\\/\\\/lightweb.dev\\\/l\\\/svm-temp\\\/\",\"logo\":{\"@type\":\"ImageObject\",\"inLanguage\":\"sv-SE\",\"@id\":\"https:\\\/\\\/lightweb.dev\\\/l\\\/svm-temp\\\/#\\\/schema\\\/logo\\\/image\\\/\",\"url\":\"https:\\\/\\\/lightweb.dev\\\/l\\\/svm-temp\\\/wp-content\\\/uploads\\\/2025\\\/02\\\/SvM-logo-Xtra-Centrerad-SVART.png\",\"contentUrl\":\"https:\\\/\\\/lightweb.dev\\\/l\\\/svm-temp\\\/wp-content\\\/uploads\\\/2025\\\/02\\\/SvM-logo-Xtra-Centrerad-SVART.png\",\"width\":300,\"height\":99,\"caption\":\"Melkerson y Nott SL\"},\"image\":{\"@id\":\"https:\\\/\\\/lightweb.dev\\\/l\\\/svm-temp\\\/#\\\/schema\\\/logo\\\/image\\\/\"},\"sameAs\":[\"https:\\\/\\\/www.facebook.com\\\/svenskamagasinet\",\"https:\\\/\\\/x.com\\\/SvenskaMagasine\"]},{\"@type\":\"Person\",\"@id\":\"https:\\\/\\\/lightweb.dev\\\/l\\\/svm-temp\\\/#\\\/schema\\\/person\\\/caffe038990d25722f5a04a03c906a2b\",\"name\":\"Robbie Eriksson\",\"sameAs\":[\"https:\\\/\\\/lightweb.dev\\\/l\\\/svm-temp\"],\"url\":\"https:\\\/\\\/lightweb.dev\\\/l\\\/svm-temp\\\/reporter\\\/robbie-eriksson\\\/\"}]}<\/script>\n<!-- \/ Yoast SEO Premium plugin. -->","yoast_head_json":{"title":"Regeringen vill uppdatera AI-lagstiftningen - Svenska Magasinet","robots":{"index":"noindex","follow":"follow","max-snippet":"max-snippet:-1","max-image-preview":"max-image-preview:large","max-video-preview":"max-video-preview:-1"},"og_locale":"sv_SE","og_type":"article","og_title":"Regeringen vill uppdatera AI-lagstiftningen","og_description":"Enligt ett nytt f\u00f6rslag kan f\u00f6retag som inte tydligt markerar om deras material \u00e4r genererat med artificiell intelligens straffas med upp till 35 miljoner euro i b\u00f6ter.\u00a0\u00a0","og_url":"https:\/\/lightweb.dev\/l\/svm-temp\/nyheter\/regeringen-vill-uppdatera-ai-lagstiftningen\/","og_site_name":"Svenska Magasinet","article_publisher":"https:\/\/www.facebook.com\/svenskamagasinet","article_published_time":"2025-03-14T13:58:44+00:00","og_image":[{"width":900,"height":400,"url":"https:\/\/lightweb.dev\/l\/svm-temp\/wp-content\/uploads\/2025\/03\/svm20250314121040.webp","type":"image\/webp"}],"author":"Robbie Eriksson","twitter_card":"summary_large_image","twitter_creator":"@SvenskaMagasine","twitter_site":"@SvenskaMagasine","schema":{"@context":"https:\/\/schema.org","@graph":[{"@type":"Article","@id":"https:\/\/lightweb.dev\/l\/svm-temp\/nyheter\/regeringen-vill-uppdatera-ai-lagstiftningen\/#article","isPartOf":{"@id":"https:\/\/lightweb.dev\/l\/svm-temp\/nyheter\/regeringen-vill-uppdatera-ai-lagstiftningen\/"},"author":{"name":"Robbie Eriksson","@id":"https:\/\/lightweb.dev\/l\/svm-temp\/#\/schema\/person\/caffe038990d25722f5a04a03c906a2b"},"headline":"Regeringen vill uppdatera AI-lagstiftningen","datePublished":"2025-03-14T13:58:44+00:00","mainEntityOfPage":{"@id":"https:\/\/lightweb.dev\/l\/svm-temp\/nyheter\/regeringen-vill-uppdatera-ai-lagstiftningen\/"},"wordCount":401,"publisher":{"@id":"https:\/\/lightweb.dev\/l\/svm-temp\/#organization"},"image":{"@id":"https:\/\/lightweb.dev\/l\/svm-temp\/nyheter\/regeringen-vill-uppdatera-ai-lagstiftningen\/#primaryimage"},"thumbnailUrl":"https:\/\/lightweb.dev\/l\/svm-temp\/wp-content\/uploads\/2025\/03\/svm20250314121040.webp","articleSection":["Arkiv","Nyheter"],"inLanguage":"sv-SE"},{"@type":"WebPage","@id":"https:\/\/lightweb.dev\/l\/svm-temp\/nyheter\/regeringen-vill-uppdatera-ai-lagstiftningen\/","url":"https:\/\/lightweb.dev\/l\/svm-temp\/nyheter\/regeringen-vill-uppdatera-ai-lagstiftningen\/","name":"Regeringen vill uppdatera AI-lagstiftningen - Svenska Magasinet","isPartOf":{"@id":"https:\/\/lightweb.dev\/l\/svm-temp\/#website"},"primaryImageOfPage":{"@id":"https:\/\/lightweb.dev\/l\/svm-temp\/nyheter\/regeringen-vill-uppdatera-ai-lagstiftningen\/#primaryimage"},"image":{"@id":"https:\/\/lightweb.dev\/l\/svm-temp\/nyheter\/regeringen-vill-uppdatera-ai-lagstiftningen\/#primaryimage"},"thumbnailUrl":"https:\/\/lightweb.dev\/l\/svm-temp\/wp-content\/uploads\/2025\/03\/svm20250314121040.webp","datePublished":"2025-03-14T13:58:44+00:00","breadcrumb":{"@id":"https:\/\/lightweb.dev\/l\/svm-temp\/nyheter\/regeringen-vill-uppdatera-ai-lagstiftningen\/#breadcrumb"},"inLanguage":"sv-SE","potentialAction":[{"@type":"ReadAction","target":["https:\/\/lightweb.dev\/l\/svm-temp\/nyheter\/regeringen-vill-uppdatera-ai-lagstiftningen\/"]}]},{"@type":"ImageObject","inLanguage":"sv-SE","@id":"https:\/\/lightweb.dev\/l\/svm-temp\/nyheter\/regeringen-vill-uppdatera-ai-lagstiftningen\/#primaryimage","url":"https:\/\/lightweb.dev\/l\/svm-temp\/wp-content\/uploads\/2025\/03\/svm20250314121040.webp","contentUrl":"https:\/\/lightweb.dev\/l\/svm-temp\/wp-content\/uploads\/2025\/03\/svm20250314121040.webp","width":900,"height":400},{"@type":"BreadcrumbList","@id":"https:\/\/lightweb.dev\/l\/svm-temp\/nyheter\/regeringen-vill-uppdatera-ai-lagstiftningen\/#breadcrumb","itemListElement":[{"@type":"ListItem","position":1,"name":"Hem","item":"https:\/\/lightweb.dev\/l\/svm-temp\/"},{"@type":"ListItem","position":2,"name":"Regeringen vill uppdatera AI-lagstiftningen"}]},{"@type":"WebSite","@id":"https:\/\/lightweb.dev\/l\/svm-temp\/#website","url":"https:\/\/lightweb.dev\/l\/svm-temp\/","name":"Svenska Magasinet","description":"Dina Spanska nyheter p&aring; Svenska","publisher":{"@id":"https:\/\/lightweb.dev\/l\/svm-temp\/#organization"},"potentialAction":[{"@type":"SearchAction","target":{"@type":"EntryPoint","urlTemplate":"https:\/\/lightweb.dev\/l\/svm-temp\/?s={search_term_string}"},"query-input":{"@type":"PropertyValueSpecification","valueRequired":true,"valueName":"search_term_string"}}],"inLanguage":"sv-SE"},{"@type":"Organization","@id":"https:\/\/lightweb.dev\/l\/svm-temp\/#organization","name":"Melkerson y Nott SL","alternateName":"Svenska Magasinet","url":"https:\/\/lightweb.dev\/l\/svm-temp\/","logo":{"@type":"ImageObject","inLanguage":"sv-SE","@id":"https:\/\/lightweb.dev\/l\/svm-temp\/#\/schema\/logo\/image\/","url":"https:\/\/lightweb.dev\/l\/svm-temp\/wp-content\/uploads\/2025\/02\/SvM-logo-Xtra-Centrerad-SVART.png","contentUrl":"https:\/\/lightweb.dev\/l\/svm-temp\/wp-content\/uploads\/2025\/02\/SvM-logo-Xtra-Centrerad-SVART.png","width":300,"height":99,"caption":"Melkerson y Nott SL"},"image":{"@id":"https:\/\/lightweb.dev\/l\/svm-temp\/#\/schema\/logo\/image\/"},"sameAs":["https:\/\/www.facebook.com\/svenskamagasinet","https:\/\/x.com\/SvenskaMagasine"]},{"@type":"Person","@id":"https:\/\/lightweb.dev\/l\/svm-temp\/#\/schema\/person\/caffe038990d25722f5a04a03c906a2b","name":"Robbie Eriksson","sameAs":["https:\/\/lightweb.dev\/l\/svm-temp"],"url":"https:\/\/lightweb.dev\/l\/svm-temp\/reporter\/robbie-eriksson\/"}]}},"_links":{"self":[{"href":"https:\/\/lightweb.dev\/l\/svm-temp\/wp-json\/wp\/v2\/posts\/80306","targetHints":{"allow":["GET"]}}],"collection":[{"href":"https:\/\/lightweb.dev\/l\/svm-temp\/wp-json\/wp\/v2\/posts"}],"about":[{"href":"https:\/\/lightweb.dev\/l\/svm-temp\/wp-json\/wp\/v2\/types\/post"}],"author":[{"embeddable":true,"href":"https:\/\/lightweb.dev\/l\/svm-temp\/wp-json\/wp\/v2\/users\/14"}],"replies":[{"embeddable":true,"href":"https:\/\/lightweb.dev\/l\/svm-temp\/wp-json\/wp\/v2\/comments?post=80306"}],"version-history":[{"count":0,"href":"https:\/\/lightweb.dev\/l\/svm-temp\/wp-json\/wp\/v2\/posts\/80306\/revisions"}],"wp:featuredmedia":[{"embeddable":true,"href":"https:\/\/lightweb.dev\/l\/svm-temp\/wp-json\/wp\/v2\/media\/80303"}],"wp:attachment":[{"href":"https:\/\/lightweb.dev\/l\/svm-temp\/wp-json\/wp\/v2\/media?parent=80306"}],"wp:term":[{"taxonomy":"category","embeddable":true,"href":"https:\/\/lightweb.dev\/l\/svm-temp\/wp-json\/wp\/v2\/categories?post=80306"},{"taxonomy":"post_tag","embeddable":true,"href":"https:\/\/lightweb.dev\/l\/svm-temp\/wp-json\/wp\/v2\/tags?post=80306"}],"curies":[{"name":"wp","href":"https:\/\/api.w.org\/{rel}","templated":true}]}}