{"id":80347,"date":"2025-03-16T20:45:52","date_gmt":"2025-03-16T19:45:52","guid":{"rendered":"https:\/\/lightweb.dev\/l\/svm-temp\/?p=80347"},"modified":"2025-03-17T07:55:12","modified_gmt":"2025-03-17T06:55:12","slug":"forvantade-storningar-i-tagtrafiken-vid-kommande-strejkdagar","status":"publish","type":"post","link":"https:\/\/lightweb.dev\/l\/svm-temp\/nyheter\/inrikes\/forvantade-storningar-i-tagtrafiken-vid-kommande-strejkdagar\/","title":{"rendered":"Tillf\u00e4llig l\u00f6sning p\u00e5 t\u00e5gtrafiken i Katalonien stoppar planerad strejk"},"content":{"rendered":"<p><strong>F\u00f6rst varnades det om st\u00f6rningar i pendelt\u00e5gstrafiken under m\u00e5ndagen efter att anst\u00e4llda vid j\u00e4rnv\u00e4gsbolaget Renfe och banverket Adif som ansvarar f\u00f6r landets j\u00e4rnv\u00e4gsn\u00e4t hade utlyft en sju dagars strejk.<\/strong><\/p>\n<p><strong>Den f\u00f6rsta strejkdagen planerades till m\u00e5ndagen den 17 mars.<\/strong><\/p>\n<p class=\"voc-p\">Sent p\u00e5 s\u00f6ndagskv\u00e4llen kom det besked att Adif och Renfe har n\u00e5tt en \u00f6verenskommelse med regeringen. Strejken som var planerad till m\u00e5ndagen p\u00e5 grund av \u00f6verf\u00f6ringen av den regionala katalanska j\u00e4rnv\u00e4gstrafiken till Katalonien efter \u00f6verenskommelse mellan det katalanska republikanska separatistpartiet ERC och regeringspartiet PSOE, uppger <a href=\"https:\/\/www.abc.es\/economia\/desconvocada-extremis-huelga-rodalies-tras-alcanzar-acuerdo-20250316202844-nt.html\">ABC.<\/a><\/p>\n<p class=\"voc-p\">Transportministern \u00d3scar Puentes departement inledde f\u00f6rhandlingar med fackf\u00f6reningarna i torsdags, bara fyra dagar innan strejkerna skulle bryta ut.<\/p>\n<p>Orsaken till strejkhotet \u00e4r att Spaniens regering med Pedro S\u00e1nchez t\u00e4nker \u00f6verl\u00e4mna \u00e4gandet av Rodalies-systemet (de regionala j\u00e4rnv\u00e4garna i Katalonien) fr\u00e5n centralregeringen till det katalanska regionstyret.<\/p>\n<p>S-regeringen vill f\u00e5 med sig katalanska separatistpartier som st\u00f6dpartier.<\/p>\n<p class=\"v-a-sub-t \">Efter fem timmars f\u00f6rhandlingar p\u00e5 s\u00f6ndagen accepterade ERC den &#8221;tillf\u00e4lliga&#8221; l\u00f6sningen att ett dotterbolag till det statligt \u00e4gda bolaget Renfe ansvarar f\u00f6r den regionala t\u00e5gtrafiken i Katalonien.<\/p>\n<blockquote class=\"twitter-tweet\" data-media-max-width=\"560\">\n<p dir=\"ltr\" lang=\"es\">Servicios m\u00ednimos para las jornadas de huelga convocadas por el Comit\u00e9 General de Empresa y organizaciones sindicales en todo el \u00e1mbito nacional.<a href=\"https:\/\/t.co\/XGkUdlCQWR\">https:\/\/t.co\/XGkUdlCQWR<\/a><\/p>\n<p>\u2014 InfoRenfe (@Inforenfe) <a href=\"https:\/\/twitter.com\/Inforenfe\/status\/1899789427301314561?ref_src=twsrc%5Etfw\">March 12, 2025<\/a><\/p><\/blockquote>\n<p><script async src=\"https:\/\/platform.twitter.com\/widgets.js\" charset=\"utf-8\"><\/script><\/p>\n<p>Som <a href=\"https:\/\/lightweb.dev\/l\/svm-temp\/nyheter\/tagstrejk-i-mars-och-april\/\">Svenska Magasinet<\/a> tidigare har ber\u00e4ttat menar fackf\u00f6rbunden att transportdepartementet har brutit mot ett avtal som undertecknades i november 2023. Det avtalet sl\u00f6ts p\u00e5 grund av tidigare hot om strejker men nu menar Renfe och Adif att ingen av de 15 punkter som man kom \u00f6verens om har efterf\u00f6ljts.<\/p>\n<p>Ett av dessa l\u00f6ften var att facken skulle delta i f\u00f6rhandlingar om ansvaret f\u00f6r pendelt\u00e5gen (Cercan\u00edas) i Katalonien skulle l\u00e4mnas \u00f6ver fr\u00e5n Renfe till regionstyret. De menar att s\u00e5 inte varit fallet.<\/p>\n<p>Under rusningstrafik, klockan 6 till 9, 14 till 17 samt 21 till 23, kommer pendelt\u00e5gstrafiken p\u00e5 linjerna C-1 mellan M\u00e1laga och Fuengirola samt C-2 mellan M\u00e1laga och \u00c1lora att g\u00e5 med 75 procents kapacitet. Under \u00f6vrig tid halveras trafiken.<\/p>\n<p>F\u00f6r den som har flyg att passa \u00e4r det en bra id\u00e9 att vara ute i god tid eller ta andra f\u00e4rdmedel till flygplatsen.<\/p>\n<p>F\u00f6rutom pendelt\u00e5gstrafiken i Spanien p\u00e5verkas \u00e4ven h\u00f6ghastighetst\u00e5gen som g\u00e5r med 72 procents kapacitet.<\/p>\n<p>Enligt uppgifter fr\u00e5n Renfe ska resen\u00e4rer ha blivit informerade om vilka t\u00e5g som blivit inst\u00e4llda p\u00e5 h\u00f6ghastighetslinjerna AVE och Avlo.<\/p>\n<p>P\u00e5 medeldistanslinjerna ska 65 procent av avg\u00e5ngarna g\u00e5 som normalt.<\/p>\n<p>Resen\u00e4rer uppmanas h\u00e5lla sig informerade via Renfes kanaler p\u00e5 sociala n\u00e4tverk samt webbplatsen renfe.com, tlf 912 320\u00a0320 samt appar.<\/p>\n<p>Om inte en \u00f6verenskommelse n\u00e5ddes skulle ytterligare strejker genomf\u00f6ras f\u00f6ljande dagar:<\/p>\n<p>19, 24, 26 (hela dagen), 28 mars samt 1 (hela dagen) och 3 april (klockan 6 till 9, 14 till 17 samt 21 till 23).<\/p>\n<p>Fotnot. <em>Texten \u00e4r uppdaterad fr\u00e5n en tidigare version.<\/em><\/p>\n","protected":false},"excerpt":{"rendered":"<p>F\u00f6rst varnades det om st\u00f6rningar i pendelt\u00e5gstrafiken under m\u00e5ndagen efter att anst\u00e4llda vid j\u00e4rnv\u00e4gsbolaget Renfe och banverket Adif som ansvarar f\u00f6r landets j\u00e4rnv\u00e4gsn\u00e4t hade utlyft en sju dagars strejk&#8230;<\/p>\n","protected":false},"author":7,"featured_media":72544,"comment_status":"closed","ping_status":"closed","sticky":false,"template":"","format":"standard","meta":{"_et_pb_use_builder":"","_et_pb_old_content":"","_et_gb_content_width":"","footnotes":""},"categories":[284,3],"tags":[],"class_list":["post-80347","post","type-post","status-publish","format-standard","has-post-thumbnail","hentry","category-inrikes","category-nyheter"],"yoast_head":"<!-- This site is optimized with the Yoast SEO Premium plugin v26.2 (Yoast SEO v27.4) - https:\/\/yoast.com\/product\/yoast-seo-premium-wordpress\/ -->\n<title>Tillf\u00e4llig l\u00f6sning p\u00e5 t\u00e5gtrafiken i Katalonien stoppar planerad strejk - Svenska Magasinet<\/title>\n<meta name=\"robots\" content=\"noindex, follow, max-snippet:-1, max-image-preview:large, max-video-preview:-1\" \/>\n<meta property=\"og:locale\" content=\"sv_SE\" \/>\n<meta property=\"og:type\" content=\"article\" \/>\n<meta property=\"og:title\" content=\"Tillf\u00e4llig l\u00f6sning p\u00e5 t\u00e5gtrafiken i Katalonien stoppar planerad strejk\" \/>\n<meta property=\"og:description\" content=\"F\u00f6rst varnades det om st\u00f6rningar i pendelt\u00e5gstrafiken under m\u00e5ndagen efter att anst\u00e4llda vid j\u00e4rnv\u00e4gsbolaget Renfe och banverket Adif som ansvarar f\u00f6r landets j\u00e4rnv\u00e4gsn\u00e4t hade utlyft en sju dagars strejk...\" \/>\n<meta property=\"og:url\" content=\"https:\/\/lightweb.dev\/l\/svm-temp\/nyheter\/inrikes\/forvantade-storningar-i-tagtrafiken-vid-kommande-strejkdagar\/\" \/>\n<meta property=\"og:site_name\" content=\"Svenska Magasinet\" \/>\n<meta property=\"article:publisher\" content=\"https:\/\/www.facebook.com\/svenskamagasinet\" \/>\n<meta property=\"article:published_time\" content=\"2025-03-16T19:45:52+00:00\" \/>\n<meta property=\"article:modified_time\" content=\"2025-03-17T06:55:12+00:00\" \/>\n<meta property=\"og:image\" content=\"https:\/\/lightweb.dev\/l\/svm-temp\/wp-content\/uploads\/2024\/06\/IMG-7994-Stor.jpeg\" \/>\n\t<meta property=\"og:image:width\" content=\"1280\" \/>\n\t<meta property=\"og:image:height\" content=\"960\" \/>\n\t<meta property=\"og:image:type\" content=\"image\/jpeg\" \/>\n<meta name=\"author\" content=\"Ola Josefsson\" \/>\n<meta name=\"twitter:card\" content=\"summary_large_image\" \/>\n<meta name=\"twitter:creator\" content=\"@SvenskaMagasine\" \/>\n<meta name=\"twitter:site\" content=\"@SvenskaMagasine\" \/>\n<script type=\"application\/ld+json\" class=\"yoast-schema-graph\">{\"@context\":\"https:\\\/\\\/schema.org\",\"@graph\":[{\"@type\":\"Article\",\"@id\":\"https:\\\/\\\/lightweb.dev\\\/l\\\/svm-temp\\\/nyheter\\\/inrikes\\\/forvantade-storningar-i-tagtrafiken-vid-kommande-strejkdagar\\\/#article\",\"isPartOf\":{\"@id\":\"https:\\\/\\\/lightweb.dev\\\/l\\\/svm-temp\\\/nyheter\\\/inrikes\\\/forvantade-storningar-i-tagtrafiken-vid-kommande-strejkdagar\\\/\"},\"author\":{\"name\":\"Ola Josefsson\",\"@id\":\"https:\\\/\\\/lightweb.dev\\\/l\\\/svm-temp\\\/#\\\/schema\\\/person\\\/7a82b8a73d171d32360a564b6d03508e\"},\"headline\":\"Tillf\u00e4llig l\u00f6sning p\u00e5 t\u00e5gtrafiken i Katalonien stoppar planerad strejk\",\"datePublished\":\"2025-03-16T19:45:52+00:00\",\"dateModified\":\"2025-03-17T06:55:12+00:00\",\"mainEntityOfPage\":{\"@id\":\"https:\\\/\\\/lightweb.dev\\\/l\\\/svm-temp\\\/nyheter\\\/inrikes\\\/forvantade-storningar-i-tagtrafiken-vid-kommande-strejkdagar\\\/\"},\"wordCount\":501,\"publisher\":{\"@id\":\"https:\\\/\\\/lightweb.dev\\\/l\\\/svm-temp\\\/#organization\"},\"image\":{\"@id\":\"https:\\\/\\\/lightweb.dev\\\/l\\\/svm-temp\\\/nyheter\\\/inrikes\\\/forvantade-storningar-i-tagtrafiken-vid-kommande-strejkdagar\\\/#primaryimage\"},\"thumbnailUrl\":\"https:\\\/\\\/lightweb.dev\\\/l\\\/svm-temp\\\/wp-content\\\/uploads\\\/2024\\\/06\\\/IMG-7994-Stor.jpeg\",\"articleSection\":[\"Inrikes\",\"Nyheter\"],\"inLanguage\":\"sv-SE\"},{\"@type\":\"WebPage\",\"@id\":\"https:\\\/\\\/lightweb.dev\\\/l\\\/svm-temp\\\/nyheter\\\/inrikes\\\/forvantade-storningar-i-tagtrafiken-vid-kommande-strejkdagar\\\/\",\"url\":\"https:\\\/\\\/lightweb.dev\\\/l\\\/svm-temp\\\/nyheter\\\/inrikes\\\/forvantade-storningar-i-tagtrafiken-vid-kommande-strejkdagar\\\/\",\"name\":\"Tillf\u00e4llig l\u00f6sning p\u00e5 t\u00e5gtrafiken i Katalonien stoppar planerad strejk - Svenska Magasinet\",\"isPartOf\":{\"@id\":\"https:\\\/\\\/lightweb.dev\\\/l\\\/svm-temp\\\/#website\"},\"primaryImageOfPage\":{\"@id\":\"https:\\\/\\\/lightweb.dev\\\/l\\\/svm-temp\\\/nyheter\\\/inrikes\\\/forvantade-storningar-i-tagtrafiken-vid-kommande-strejkdagar\\\/#primaryimage\"},\"image\":{\"@id\":\"https:\\\/\\\/lightweb.dev\\\/l\\\/svm-temp\\\/nyheter\\\/inrikes\\\/forvantade-storningar-i-tagtrafiken-vid-kommande-strejkdagar\\\/#primaryimage\"},\"thumbnailUrl\":\"https:\\\/\\\/lightweb.dev\\\/l\\\/svm-temp\\\/wp-content\\\/uploads\\\/2024\\\/06\\\/IMG-7994-Stor.jpeg\",\"datePublished\":\"2025-03-16T19:45:52+00:00\",\"dateModified\":\"2025-03-17T06:55:12+00:00\",\"breadcrumb\":{\"@id\":\"https:\\\/\\\/lightweb.dev\\\/l\\\/svm-temp\\\/nyheter\\\/inrikes\\\/forvantade-storningar-i-tagtrafiken-vid-kommande-strejkdagar\\\/#breadcrumb\"},\"inLanguage\":\"sv-SE\",\"potentialAction\":[{\"@type\":\"ReadAction\",\"target\":[\"https:\\\/\\\/lightweb.dev\\\/l\\\/svm-temp\\\/nyheter\\\/inrikes\\\/forvantade-storningar-i-tagtrafiken-vid-kommande-strejkdagar\\\/\"]}]},{\"@type\":\"ImageObject\",\"inLanguage\":\"sv-SE\",\"@id\":\"https:\\\/\\\/lightweb.dev\\\/l\\\/svm-temp\\\/nyheter\\\/inrikes\\\/forvantade-storningar-i-tagtrafiken-vid-kommande-strejkdagar\\\/#primaryimage\",\"url\":\"https:\\\/\\\/lightweb.dev\\\/l\\\/svm-temp\\\/wp-content\\\/uploads\\\/2024\\\/06\\\/IMG-7994-Stor.jpeg\",\"contentUrl\":\"https:\\\/\\\/lightweb.dev\\\/l\\\/svm-temp\\\/wp-content\\\/uploads\\\/2024\\\/06\\\/IMG-7994-Stor.jpeg\",\"width\":1280,\"height\":960},{\"@type\":\"BreadcrumbList\",\"@id\":\"https:\\\/\\\/lightweb.dev\\\/l\\\/svm-temp\\\/nyheter\\\/inrikes\\\/forvantade-storningar-i-tagtrafiken-vid-kommande-strejkdagar\\\/#breadcrumb\",\"itemListElement\":[{\"@type\":\"ListItem\",\"position\":1,\"name\":\"Hem\",\"item\":\"https:\\\/\\\/lightweb.dev\\\/l\\\/svm-temp\\\/\"},{\"@type\":\"ListItem\",\"position\":2,\"name\":\"Tillf\u00e4llig l\u00f6sning p\u00e5 t\u00e5gtrafiken i Katalonien stoppar planerad strejk\"}]},{\"@type\":\"WebSite\",\"@id\":\"https:\\\/\\\/lightweb.dev\\\/l\\\/svm-temp\\\/#website\",\"url\":\"https:\\\/\\\/lightweb.dev\\\/l\\\/svm-temp\\\/\",\"name\":\"Svenska Magasinet\",\"description\":\"Dina Spanska nyheter p&aring; Svenska\",\"publisher\":{\"@id\":\"https:\\\/\\\/lightweb.dev\\\/l\\\/svm-temp\\\/#organization\"},\"potentialAction\":[{\"@type\":\"SearchAction\",\"target\":{\"@type\":\"EntryPoint\",\"urlTemplate\":\"https:\\\/\\\/lightweb.dev\\\/l\\\/svm-temp\\\/?s={search_term_string}\"},\"query-input\":{\"@type\":\"PropertyValueSpecification\",\"valueRequired\":true,\"valueName\":\"search_term_string\"}}],\"inLanguage\":\"sv-SE\"},{\"@type\":\"Organization\",\"@id\":\"https:\\\/\\\/lightweb.dev\\\/l\\\/svm-temp\\\/#organization\",\"name\":\"Melkerson y Nott SL\",\"alternateName\":\"Svenska Magasinet\",\"url\":\"https:\\\/\\\/lightweb.dev\\\/l\\\/svm-temp\\\/\",\"logo\":{\"@type\":\"ImageObject\",\"inLanguage\":\"sv-SE\",\"@id\":\"https:\\\/\\\/lightweb.dev\\\/l\\\/svm-temp\\\/#\\\/schema\\\/logo\\\/image\\\/\",\"url\":\"https:\\\/\\\/lightweb.dev\\\/l\\\/svm-temp\\\/wp-content\\\/uploads\\\/2025\\\/02\\\/SvM-logo-Xtra-Centrerad-SVART.png\",\"contentUrl\":\"https:\\\/\\\/lightweb.dev\\\/l\\\/svm-temp\\\/wp-content\\\/uploads\\\/2025\\\/02\\\/SvM-logo-Xtra-Centrerad-SVART.png\",\"width\":300,\"height\":99,\"caption\":\"Melkerson y Nott SL\"},\"image\":{\"@id\":\"https:\\\/\\\/lightweb.dev\\\/l\\\/svm-temp\\\/#\\\/schema\\\/logo\\\/image\\\/\"},\"sameAs\":[\"https:\\\/\\\/www.facebook.com\\\/svenskamagasinet\",\"https:\\\/\\\/x.com\\\/SvenskaMagasine\"]},{\"@type\":\"Person\",\"@id\":\"https:\\\/\\\/lightweb.dev\\\/l\\\/svm-temp\\\/#\\\/schema\\\/person\\\/7a82b8a73d171d32360a564b6d03508e\",\"name\":\"Ola Josefsson\",\"description\":\"Bevakar Solkusten och Spanien sedan 1994.\",\"sameAs\":[\"https:\\\/\\\/lightweb.dev\\\/l\\\/svm-temp\"],\"url\":\"https:\\\/\\\/lightweb.dev\\\/l\\\/svm-temp\\\/reporter\\\/ola-josefsson\\\/\"}]}<\/script>\n<!-- \/ Yoast SEO Premium plugin. -->","yoast_head_json":{"title":"Tillf\u00e4llig l\u00f6sning p\u00e5 t\u00e5gtrafiken i Katalonien stoppar planerad strejk - Svenska Magasinet","robots":{"index":"noindex","follow":"follow","max-snippet":"max-snippet:-1","max-image-preview":"max-image-preview:large","max-video-preview":"max-video-preview:-1"},"og_locale":"sv_SE","og_type":"article","og_title":"Tillf\u00e4llig l\u00f6sning p\u00e5 t\u00e5gtrafiken i Katalonien stoppar planerad strejk","og_description":"F\u00f6rst varnades det om st\u00f6rningar i pendelt\u00e5gstrafiken under m\u00e5ndagen efter att anst\u00e4llda vid j\u00e4rnv\u00e4gsbolaget Renfe och banverket Adif som ansvarar f\u00f6r landets j\u00e4rnv\u00e4gsn\u00e4t hade utlyft en sju dagars strejk...","og_url":"https:\/\/lightweb.dev\/l\/svm-temp\/nyheter\/inrikes\/forvantade-storningar-i-tagtrafiken-vid-kommande-strejkdagar\/","og_site_name":"Svenska Magasinet","article_publisher":"https:\/\/www.facebook.com\/svenskamagasinet","article_published_time":"2025-03-16T19:45:52+00:00","article_modified_time":"2025-03-17T06:55:12+00:00","og_image":[{"width":1280,"height":960,"url":"https:\/\/lightweb.dev\/l\/svm-temp\/wp-content\/uploads\/2024\/06\/IMG-7994-Stor.jpeg","type":"image\/jpeg"}],"author":"Ola Josefsson","twitter_card":"summary_large_image","twitter_creator":"@SvenskaMagasine","twitter_site":"@SvenskaMagasine","schema":{"@context":"https:\/\/schema.org","@graph":[{"@type":"Article","@id":"https:\/\/lightweb.dev\/l\/svm-temp\/nyheter\/inrikes\/forvantade-storningar-i-tagtrafiken-vid-kommande-strejkdagar\/#article","isPartOf":{"@id":"https:\/\/lightweb.dev\/l\/svm-temp\/nyheter\/inrikes\/forvantade-storningar-i-tagtrafiken-vid-kommande-strejkdagar\/"},"author":{"name":"Ola Josefsson","@id":"https:\/\/lightweb.dev\/l\/svm-temp\/#\/schema\/person\/7a82b8a73d171d32360a564b6d03508e"},"headline":"Tillf\u00e4llig l\u00f6sning p\u00e5 t\u00e5gtrafiken i Katalonien stoppar planerad strejk","datePublished":"2025-03-16T19:45:52+00:00","dateModified":"2025-03-17T06:55:12+00:00","mainEntityOfPage":{"@id":"https:\/\/lightweb.dev\/l\/svm-temp\/nyheter\/inrikes\/forvantade-storningar-i-tagtrafiken-vid-kommande-strejkdagar\/"},"wordCount":501,"publisher":{"@id":"https:\/\/lightweb.dev\/l\/svm-temp\/#organization"},"image":{"@id":"https:\/\/lightweb.dev\/l\/svm-temp\/nyheter\/inrikes\/forvantade-storningar-i-tagtrafiken-vid-kommande-strejkdagar\/#primaryimage"},"thumbnailUrl":"https:\/\/lightweb.dev\/l\/svm-temp\/wp-content\/uploads\/2024\/06\/IMG-7994-Stor.jpeg","articleSection":["Inrikes","Nyheter"],"inLanguage":"sv-SE"},{"@type":"WebPage","@id":"https:\/\/lightweb.dev\/l\/svm-temp\/nyheter\/inrikes\/forvantade-storningar-i-tagtrafiken-vid-kommande-strejkdagar\/","url":"https:\/\/lightweb.dev\/l\/svm-temp\/nyheter\/inrikes\/forvantade-storningar-i-tagtrafiken-vid-kommande-strejkdagar\/","name":"Tillf\u00e4llig l\u00f6sning p\u00e5 t\u00e5gtrafiken i Katalonien stoppar planerad strejk - Svenska Magasinet","isPartOf":{"@id":"https:\/\/lightweb.dev\/l\/svm-temp\/#website"},"primaryImageOfPage":{"@id":"https:\/\/lightweb.dev\/l\/svm-temp\/nyheter\/inrikes\/forvantade-storningar-i-tagtrafiken-vid-kommande-strejkdagar\/#primaryimage"},"image":{"@id":"https:\/\/lightweb.dev\/l\/svm-temp\/nyheter\/inrikes\/forvantade-storningar-i-tagtrafiken-vid-kommande-strejkdagar\/#primaryimage"},"thumbnailUrl":"https:\/\/lightweb.dev\/l\/svm-temp\/wp-content\/uploads\/2024\/06\/IMG-7994-Stor.jpeg","datePublished":"2025-03-16T19:45:52+00:00","dateModified":"2025-03-17T06:55:12+00:00","breadcrumb":{"@id":"https:\/\/lightweb.dev\/l\/svm-temp\/nyheter\/inrikes\/forvantade-storningar-i-tagtrafiken-vid-kommande-strejkdagar\/#breadcrumb"},"inLanguage":"sv-SE","potentialAction":[{"@type":"ReadAction","target":["https:\/\/lightweb.dev\/l\/svm-temp\/nyheter\/inrikes\/forvantade-storningar-i-tagtrafiken-vid-kommande-strejkdagar\/"]}]},{"@type":"ImageObject","inLanguage":"sv-SE","@id":"https:\/\/lightweb.dev\/l\/svm-temp\/nyheter\/inrikes\/forvantade-storningar-i-tagtrafiken-vid-kommande-strejkdagar\/#primaryimage","url":"https:\/\/lightweb.dev\/l\/svm-temp\/wp-content\/uploads\/2024\/06\/IMG-7994-Stor.jpeg","contentUrl":"https:\/\/lightweb.dev\/l\/svm-temp\/wp-content\/uploads\/2024\/06\/IMG-7994-Stor.jpeg","width":1280,"height":960},{"@type":"BreadcrumbList","@id":"https:\/\/lightweb.dev\/l\/svm-temp\/nyheter\/inrikes\/forvantade-storningar-i-tagtrafiken-vid-kommande-strejkdagar\/#breadcrumb","itemListElement":[{"@type":"ListItem","position":1,"name":"Hem","item":"https:\/\/lightweb.dev\/l\/svm-temp\/"},{"@type":"ListItem","position":2,"name":"Tillf\u00e4llig l\u00f6sning p\u00e5 t\u00e5gtrafiken i Katalonien stoppar planerad strejk"}]},{"@type":"WebSite","@id":"https:\/\/lightweb.dev\/l\/svm-temp\/#website","url":"https:\/\/lightweb.dev\/l\/svm-temp\/","name":"Svenska Magasinet","description":"Dina Spanska nyheter p&aring; Svenska","publisher":{"@id":"https:\/\/lightweb.dev\/l\/svm-temp\/#organization"},"potentialAction":[{"@type":"SearchAction","target":{"@type":"EntryPoint","urlTemplate":"https:\/\/lightweb.dev\/l\/svm-temp\/?s={search_term_string}"},"query-input":{"@type":"PropertyValueSpecification","valueRequired":true,"valueName":"search_term_string"}}],"inLanguage":"sv-SE"},{"@type":"Organization","@id":"https:\/\/lightweb.dev\/l\/svm-temp\/#organization","name":"Melkerson y Nott SL","alternateName":"Svenska Magasinet","url":"https:\/\/lightweb.dev\/l\/svm-temp\/","logo":{"@type":"ImageObject","inLanguage":"sv-SE","@id":"https:\/\/lightweb.dev\/l\/svm-temp\/#\/schema\/logo\/image\/","url":"https:\/\/lightweb.dev\/l\/svm-temp\/wp-content\/uploads\/2025\/02\/SvM-logo-Xtra-Centrerad-SVART.png","contentUrl":"https:\/\/lightweb.dev\/l\/svm-temp\/wp-content\/uploads\/2025\/02\/SvM-logo-Xtra-Centrerad-SVART.png","width":300,"height":99,"caption":"Melkerson y Nott SL"},"image":{"@id":"https:\/\/lightweb.dev\/l\/svm-temp\/#\/schema\/logo\/image\/"},"sameAs":["https:\/\/www.facebook.com\/svenskamagasinet","https:\/\/x.com\/SvenskaMagasine"]},{"@type":"Person","@id":"https:\/\/lightweb.dev\/l\/svm-temp\/#\/schema\/person\/7a82b8a73d171d32360a564b6d03508e","name":"Ola Josefsson","description":"Bevakar Solkusten och Spanien sedan 1994.","sameAs":["https:\/\/lightweb.dev\/l\/svm-temp"],"url":"https:\/\/lightweb.dev\/l\/svm-temp\/reporter\/ola-josefsson\/"}]}},"_links":{"self":[{"href":"https:\/\/lightweb.dev\/l\/svm-temp\/wp-json\/wp\/v2\/posts\/80347","targetHints":{"allow":["GET"]}}],"collection":[{"href":"https:\/\/lightweb.dev\/l\/svm-temp\/wp-json\/wp\/v2\/posts"}],"about":[{"href":"https:\/\/lightweb.dev\/l\/svm-temp\/wp-json\/wp\/v2\/types\/post"}],"author":[{"embeddable":true,"href":"https:\/\/lightweb.dev\/l\/svm-temp\/wp-json\/wp\/v2\/users\/7"}],"replies":[{"embeddable":true,"href":"https:\/\/lightweb.dev\/l\/svm-temp\/wp-json\/wp\/v2\/comments?post=80347"}],"version-history":[{"count":0,"href":"https:\/\/lightweb.dev\/l\/svm-temp\/wp-json\/wp\/v2\/posts\/80347\/revisions"}],"wp:featuredmedia":[{"embeddable":true,"href":"https:\/\/lightweb.dev\/l\/svm-temp\/wp-json\/wp\/v2\/media\/72544"}],"wp:attachment":[{"href":"https:\/\/lightweb.dev\/l\/svm-temp\/wp-json\/wp\/v2\/media?parent=80347"}],"wp:term":[{"taxonomy":"category","embeddable":true,"href":"https:\/\/lightweb.dev\/l\/svm-temp\/wp-json\/wp\/v2\/categories?post=80347"},{"taxonomy":"post_tag","embeddable":true,"href":"https:\/\/lightweb.dev\/l\/svm-temp\/wp-json\/wp\/v2\/tags?post=80347"}],"curies":[{"name":"wp","href":"https:\/\/api.w.org\/{rel}","templated":true}]}}