{"id":80354,"date":"2025-03-17T16:19:50","date_gmt":"2025-03-17T15:19:50","guid":{"rendered":"https:\/\/lightweb.dev\/l\/svm-temp\/?p=80354"},"modified":"2025-03-17T16:19:50","modified_gmt":"2025-03-17T15:19:50","slug":"malaga-i-topp-nar-det-galler-inflation-i-februari","status":"publish","type":"post","link":"https:\/\/lightweb.dev\/l\/svm-temp\/nyheter\/malaga-i-topp-nar-det-galler-inflation-i-februari\/","title":{"rendered":"M\u00e1laga i topp n\u00e4r det g\u00e4ller inflation i februari"},"content":{"rendered":"<p><strong>Priserna \u00f6kar snabbare i M\u00e1laga \u00e4n i resten av landet n\u00e4r det g\u00e4ller allt utom mat.\u00a0<\/strong><\/p>\n<p><strong>En av anledningarna tros vara att provinsens ekonomi blir allt mer dynamisk.\u00a0<\/strong><\/p>\n<p><span style=\"font-weight: 400;\">M\u00e1laga och Guipuzcoa i Baskien \u00e4r de provinserna i Spanien d\u00e4r priserna \u00f6kade mest under februari, enligt uppgifter fr\u00e5n det nationella institutet f\u00f6r statistik (INE). J\u00e4mf\u00f6rt med samma m\u00e5nad 2024 steg konsumentprisindex (KPI) med 3,7 procent. Samtidigt \u00e4r dessa tv\u00e5 provinser bland de 15 d\u00e4r inflationen l\u00e5g p\u00e5 mer \u00e4n 3 procent.\u00a0\u00a0<\/span><\/p>\n<p><span style=\"font-weight: 400;\">I januari var siffran f\u00f6r KPI, specifikt f\u00f6r M\u00e1laga, 3,5 procent i \u00e5r och 3,8 2024.\u00a0<\/span><\/p>\n<p><span style=\"font-weight: 400;\">P\u00e5 nationell niv\u00e5 var inflationen 3 procent i februari, en procentenhet h\u00f6gre \u00e4n den var i januari. Det ger den h\u00f6gsta noteringen sedan juni 2024.\u00a0<\/span><\/p>\n<p><span style=\"font-weight: 400;\">M\u00e1lagas samfund f\u00f6r ekonomer har p\u00e5pekat provinsens sv\u00e5righeter med att f\u00e5 ner inflationen. En av faktorerna \u00e4r den alltmer dynamiska ekonomin, med flera nya f\u00f6retag p\u00e5 marknaden, som ofta f\u00e5r effekten att priserna \u00f6kar.<\/span><\/p>\n<p><span style=\"font-weight: 400;\">Den l\u00e4gsta inflationen i landet hittar man i Kanarie\u00f6arnas tv\u00e5 provinser, Santa Cruz de Tenerife och Las Palmas, med 2 respektive 2,3 procent. D\u00e4refter f\u00f6ljer Murcia, Teruel, Pontevedra, Palencia, Zamora, Toledo, Sevilla och Almeria som alla ligger under 2,5 procent.\u00a0<\/span><\/p>\n<h2><span style=\"font-weight: 400;\">Produkter och tj\u00e4nster<\/span><\/h2>\n<p><span style=\"font-weight: 400;\">Ser man till vilka varor och tj\u00e4nster som har \u00f6kat mest i pris \u00e4r de i M\u00e1laga hush\u00e5llsbundna saker som vatten, elektricitet eller gas. Dessa komponenter har \u00f6kat med 14,6 procent i provinsen. Det nationella snittet \u00e4r 9,8 procent.\u00a0<\/span><\/p>\n<p><span style=\"font-weight: 400;\">Kostnaderna p\u00e5 hotelln\u00e4tter och restaurangbes\u00f6k v\u00e4xte med 5,4 procent i provinsen, och med 4,1 procent i hela landet. Fritids- och kulturaktiviteter steg med 3,6 procent i M\u00e1laga och 1,4 procent i Spanien. Samtidigt steg inflationen p\u00e5 skor och kl\u00e4der med 3,6 procent i provinsen men endast med 0,1 procent i Spanien.\u00a0<\/span><\/p>\n<h3><span style=\"font-weight: 400;\">Matpriser<\/span><\/h3>\n<p><span style=\"font-weight: 400;\">Matpriserna \u00e4r de enda d\u00e4r M\u00e1laga \u00f6kar mindre \u00e4n resten av landet. Det nationella \u00e4r 2,2 procent medan M\u00e1lagas ligger en hel procentenhet l\u00e4gre med 1,2 procent. \u00c4ven om det ser b\u00e4ttre ut p\u00e5 denna front \u00e4n i resten av landet s\u00e5 \u00e4r det en \u00f6kning fr\u00e5n januari (0,8 procent) och f\u00f6rsta g\u00e5ngen sedan augusti (2,1 procent) som siffran \u00f6verstiger 1 procent.\u00a0<\/span><\/p>\n<p>&nbsp;<\/p>\n","protected":false},"excerpt":{"rendered":"<p>Priserna \u00f6kar snabbare i M\u00e1laga \u00e4n i resten av landet n\u00e4r det g\u00e4ller allt utom mat.\u00a0En av anledningarna tros vara att provinsens ekonomi blir allt mer dynamisk.\u00a0<\/p>\n","protected":false},"author":14,"featured_media":80345,"comment_status":"closed","ping_status":"closed","sticky":false,"template":"","format":"standard","meta":{"_et_pb_use_builder":"","_et_pb_old_content":"","_et_gb_content_width":"","footnotes":""},"categories":[351,3],"tags":[],"class_list":["post-80354","post","type-post","status-publish","format-standard","has-post-thumbnail","hentry","category-ekonomi-nyheter","category-nyheter"],"yoast_head":"<!-- This site is optimized with the Yoast SEO Premium plugin v26.2 (Yoast SEO v27.4) - https:\/\/yoast.com\/product\/yoast-seo-premium-wordpress\/ -->\n<title>M\u00e1laga i topp n\u00e4r det g\u00e4ller inflation i februari - Svenska Magasinet<\/title>\n<meta name=\"robots\" content=\"noindex, follow, max-snippet:-1, max-image-preview:large, max-video-preview:-1\" \/>\n<meta property=\"og:locale\" content=\"sv_SE\" \/>\n<meta property=\"og:type\" content=\"article\" \/>\n<meta property=\"og:title\" content=\"M\u00e1laga i topp n\u00e4r det g\u00e4ller inflation i februari\" \/>\n<meta property=\"og:description\" content=\"Priserna \u00f6kar snabbare i M\u00e1laga \u00e4n i resten av landet n\u00e4r det g\u00e4ller allt utom mat.\u00a0En av anledningarna tros vara att provinsens ekonomi blir allt mer dynamisk.\u00a0\" \/>\n<meta property=\"og:url\" content=\"https:\/\/lightweb.dev\/l\/svm-temp\/nyheter\/malaga-i-topp-nar-det-galler-inflation-i-februari\/\" \/>\n<meta property=\"og:site_name\" content=\"Svenska Magasinet\" \/>\n<meta property=\"article:publisher\" content=\"https:\/\/www.facebook.com\/svenskamagasinet\" \/>\n<meta property=\"article:published_time\" content=\"2025-03-17T15:19:50+00:00\" \/>\n<meta property=\"og:image\" content=\"https:\/\/lightweb.dev\/l\/svm-temp\/wp-content\/uploads\/2025\/03\/svm20250316163704.webp\" \/>\n\t<meta property=\"og:image:width\" content=\"900\" \/>\n\t<meta property=\"og:image:height\" content=\"400\" \/>\n\t<meta property=\"og:image:type\" content=\"image\/webp\" \/>\n<meta name=\"author\" content=\"Robbie Eriksson\" \/>\n<meta name=\"twitter:card\" content=\"summary_large_image\" \/>\n<meta name=\"twitter:creator\" content=\"@SvenskaMagasine\" \/>\n<meta name=\"twitter:site\" content=\"@SvenskaMagasine\" \/>\n<script type=\"application\/ld+json\" class=\"yoast-schema-graph\">{\"@context\":\"https:\\\/\\\/schema.org\",\"@graph\":[{\"@type\":\"Article\",\"@id\":\"https:\\\/\\\/lightweb.dev\\\/l\\\/svm-temp\\\/nyheter\\\/malaga-i-topp-nar-det-galler-inflation-i-februari\\\/#article\",\"isPartOf\":{\"@id\":\"https:\\\/\\\/lightweb.dev\\\/l\\\/svm-temp\\\/nyheter\\\/malaga-i-topp-nar-det-galler-inflation-i-februari\\\/\"},\"author\":{\"name\":\"Robbie Eriksson\",\"@id\":\"https:\\\/\\\/lightweb.dev\\\/l\\\/svm-temp\\\/#\\\/schema\\\/person\\\/caffe038990d25722f5a04a03c906a2b\"},\"headline\":\"M\u00e1laga i topp n\u00e4r det g\u00e4ller inflation i februari\",\"datePublished\":\"2025-03-17T15:19:50+00:00\",\"mainEntityOfPage\":{\"@id\":\"https:\\\/\\\/lightweb.dev\\\/l\\\/svm-temp\\\/nyheter\\\/malaga-i-topp-nar-det-galler-inflation-i-februari\\\/\"},\"wordCount\":383,\"publisher\":{\"@id\":\"https:\\\/\\\/lightweb.dev\\\/l\\\/svm-temp\\\/#organization\"},\"image\":{\"@id\":\"https:\\\/\\\/lightweb.dev\\\/l\\\/svm-temp\\\/nyheter\\\/malaga-i-topp-nar-det-galler-inflation-i-februari\\\/#primaryimage\"},\"thumbnailUrl\":\"https:\\\/\\\/lightweb.dev\\\/l\\\/svm-temp\\\/wp-content\\\/uploads\\\/2025\\\/03\\\/svm20250316163704.webp\",\"articleSection\":[\"Ekonomi\",\"Nyheter\"],\"inLanguage\":\"sv-SE\"},{\"@type\":\"WebPage\",\"@id\":\"https:\\\/\\\/lightweb.dev\\\/l\\\/svm-temp\\\/nyheter\\\/malaga-i-topp-nar-det-galler-inflation-i-februari\\\/\",\"url\":\"https:\\\/\\\/lightweb.dev\\\/l\\\/svm-temp\\\/nyheter\\\/malaga-i-topp-nar-det-galler-inflation-i-februari\\\/\",\"name\":\"M\u00e1laga i topp n\u00e4r det g\u00e4ller inflation i februari - Svenska Magasinet\",\"isPartOf\":{\"@id\":\"https:\\\/\\\/lightweb.dev\\\/l\\\/svm-temp\\\/#website\"},\"primaryImageOfPage\":{\"@id\":\"https:\\\/\\\/lightweb.dev\\\/l\\\/svm-temp\\\/nyheter\\\/malaga-i-topp-nar-det-galler-inflation-i-februari\\\/#primaryimage\"},\"image\":{\"@id\":\"https:\\\/\\\/lightweb.dev\\\/l\\\/svm-temp\\\/nyheter\\\/malaga-i-topp-nar-det-galler-inflation-i-februari\\\/#primaryimage\"},\"thumbnailUrl\":\"https:\\\/\\\/lightweb.dev\\\/l\\\/svm-temp\\\/wp-content\\\/uploads\\\/2025\\\/03\\\/svm20250316163704.webp\",\"datePublished\":\"2025-03-17T15:19:50+00:00\",\"breadcrumb\":{\"@id\":\"https:\\\/\\\/lightweb.dev\\\/l\\\/svm-temp\\\/nyheter\\\/malaga-i-topp-nar-det-galler-inflation-i-februari\\\/#breadcrumb\"},\"inLanguage\":\"sv-SE\",\"potentialAction\":[{\"@type\":\"ReadAction\",\"target\":[\"https:\\\/\\\/lightweb.dev\\\/l\\\/svm-temp\\\/nyheter\\\/malaga-i-topp-nar-det-galler-inflation-i-februari\\\/\"]}]},{\"@type\":\"ImageObject\",\"inLanguage\":\"sv-SE\",\"@id\":\"https:\\\/\\\/lightweb.dev\\\/l\\\/svm-temp\\\/nyheter\\\/malaga-i-topp-nar-det-galler-inflation-i-februari\\\/#primaryimage\",\"url\":\"https:\\\/\\\/lightweb.dev\\\/l\\\/svm-temp\\\/wp-content\\\/uploads\\\/2025\\\/03\\\/svm20250316163704.webp\",\"contentUrl\":\"https:\\\/\\\/lightweb.dev\\\/l\\\/svm-temp\\\/wp-content\\\/uploads\\\/2025\\\/03\\\/svm20250316163704.webp\",\"width\":900,\"height\":400},{\"@type\":\"BreadcrumbList\",\"@id\":\"https:\\\/\\\/lightweb.dev\\\/l\\\/svm-temp\\\/nyheter\\\/malaga-i-topp-nar-det-galler-inflation-i-februari\\\/#breadcrumb\",\"itemListElement\":[{\"@type\":\"ListItem\",\"position\":1,\"name\":\"Hem\",\"item\":\"https:\\\/\\\/lightweb.dev\\\/l\\\/svm-temp\\\/\"},{\"@type\":\"ListItem\",\"position\":2,\"name\":\"M\u00e1laga i topp n\u00e4r det g\u00e4ller inflation i februari\"}]},{\"@type\":\"WebSite\",\"@id\":\"https:\\\/\\\/lightweb.dev\\\/l\\\/svm-temp\\\/#website\",\"url\":\"https:\\\/\\\/lightweb.dev\\\/l\\\/svm-temp\\\/\",\"name\":\"Svenska Magasinet\",\"description\":\"Dina Spanska nyheter p&aring; Svenska\",\"publisher\":{\"@id\":\"https:\\\/\\\/lightweb.dev\\\/l\\\/svm-temp\\\/#organization\"},\"potentialAction\":[{\"@type\":\"SearchAction\",\"target\":{\"@type\":\"EntryPoint\",\"urlTemplate\":\"https:\\\/\\\/lightweb.dev\\\/l\\\/svm-temp\\\/?s={search_term_string}\"},\"query-input\":{\"@type\":\"PropertyValueSpecification\",\"valueRequired\":true,\"valueName\":\"search_term_string\"}}],\"inLanguage\":\"sv-SE\"},{\"@type\":\"Organization\",\"@id\":\"https:\\\/\\\/lightweb.dev\\\/l\\\/svm-temp\\\/#organization\",\"name\":\"Melkerson y Nott SL\",\"alternateName\":\"Svenska Magasinet\",\"url\":\"https:\\\/\\\/lightweb.dev\\\/l\\\/svm-temp\\\/\",\"logo\":{\"@type\":\"ImageObject\",\"inLanguage\":\"sv-SE\",\"@id\":\"https:\\\/\\\/lightweb.dev\\\/l\\\/svm-temp\\\/#\\\/schema\\\/logo\\\/image\\\/\",\"url\":\"https:\\\/\\\/lightweb.dev\\\/l\\\/svm-temp\\\/wp-content\\\/uploads\\\/2025\\\/02\\\/SvM-logo-Xtra-Centrerad-SVART.png\",\"contentUrl\":\"https:\\\/\\\/lightweb.dev\\\/l\\\/svm-temp\\\/wp-content\\\/uploads\\\/2025\\\/02\\\/SvM-logo-Xtra-Centrerad-SVART.png\",\"width\":300,\"height\":99,\"caption\":\"Melkerson y Nott SL\"},\"image\":{\"@id\":\"https:\\\/\\\/lightweb.dev\\\/l\\\/svm-temp\\\/#\\\/schema\\\/logo\\\/image\\\/\"},\"sameAs\":[\"https:\\\/\\\/www.facebook.com\\\/svenskamagasinet\",\"https:\\\/\\\/x.com\\\/SvenskaMagasine\"]},{\"@type\":\"Person\",\"@id\":\"https:\\\/\\\/lightweb.dev\\\/l\\\/svm-temp\\\/#\\\/schema\\\/person\\\/caffe038990d25722f5a04a03c906a2b\",\"name\":\"Robbie Eriksson\",\"sameAs\":[\"https:\\\/\\\/lightweb.dev\\\/l\\\/svm-temp\"],\"url\":\"https:\\\/\\\/lightweb.dev\\\/l\\\/svm-temp\\\/reporter\\\/robbie-eriksson\\\/\"}]}<\/script>\n<!-- \/ Yoast SEO Premium plugin. -->","yoast_head_json":{"title":"M\u00e1laga i topp n\u00e4r det g\u00e4ller inflation i februari - Svenska Magasinet","robots":{"index":"noindex","follow":"follow","max-snippet":"max-snippet:-1","max-image-preview":"max-image-preview:large","max-video-preview":"max-video-preview:-1"},"og_locale":"sv_SE","og_type":"article","og_title":"M\u00e1laga i topp n\u00e4r det g\u00e4ller inflation i februari","og_description":"Priserna \u00f6kar snabbare i M\u00e1laga \u00e4n i resten av landet n\u00e4r det g\u00e4ller allt utom mat.\u00a0En av anledningarna tros vara att provinsens ekonomi blir allt mer dynamisk.\u00a0","og_url":"https:\/\/lightweb.dev\/l\/svm-temp\/nyheter\/malaga-i-topp-nar-det-galler-inflation-i-februari\/","og_site_name":"Svenska Magasinet","article_publisher":"https:\/\/www.facebook.com\/svenskamagasinet","article_published_time":"2025-03-17T15:19:50+00:00","og_image":[{"width":900,"height":400,"url":"https:\/\/lightweb.dev\/l\/svm-temp\/wp-content\/uploads\/2025\/03\/svm20250316163704.webp","type":"image\/webp"}],"author":"Robbie Eriksson","twitter_card":"summary_large_image","twitter_creator":"@SvenskaMagasine","twitter_site":"@SvenskaMagasine","schema":{"@context":"https:\/\/schema.org","@graph":[{"@type":"Article","@id":"https:\/\/lightweb.dev\/l\/svm-temp\/nyheter\/malaga-i-topp-nar-det-galler-inflation-i-februari\/#article","isPartOf":{"@id":"https:\/\/lightweb.dev\/l\/svm-temp\/nyheter\/malaga-i-topp-nar-det-galler-inflation-i-februari\/"},"author":{"name":"Robbie Eriksson","@id":"https:\/\/lightweb.dev\/l\/svm-temp\/#\/schema\/person\/caffe038990d25722f5a04a03c906a2b"},"headline":"M\u00e1laga i topp n\u00e4r det g\u00e4ller inflation i februari","datePublished":"2025-03-17T15:19:50+00:00","mainEntityOfPage":{"@id":"https:\/\/lightweb.dev\/l\/svm-temp\/nyheter\/malaga-i-topp-nar-det-galler-inflation-i-februari\/"},"wordCount":383,"publisher":{"@id":"https:\/\/lightweb.dev\/l\/svm-temp\/#organization"},"image":{"@id":"https:\/\/lightweb.dev\/l\/svm-temp\/nyheter\/malaga-i-topp-nar-det-galler-inflation-i-februari\/#primaryimage"},"thumbnailUrl":"https:\/\/lightweb.dev\/l\/svm-temp\/wp-content\/uploads\/2025\/03\/svm20250316163704.webp","articleSection":["Ekonomi","Nyheter"],"inLanguage":"sv-SE"},{"@type":"WebPage","@id":"https:\/\/lightweb.dev\/l\/svm-temp\/nyheter\/malaga-i-topp-nar-det-galler-inflation-i-februari\/","url":"https:\/\/lightweb.dev\/l\/svm-temp\/nyheter\/malaga-i-topp-nar-det-galler-inflation-i-februari\/","name":"M\u00e1laga i topp n\u00e4r det g\u00e4ller inflation i februari - Svenska Magasinet","isPartOf":{"@id":"https:\/\/lightweb.dev\/l\/svm-temp\/#website"},"primaryImageOfPage":{"@id":"https:\/\/lightweb.dev\/l\/svm-temp\/nyheter\/malaga-i-topp-nar-det-galler-inflation-i-februari\/#primaryimage"},"image":{"@id":"https:\/\/lightweb.dev\/l\/svm-temp\/nyheter\/malaga-i-topp-nar-det-galler-inflation-i-februari\/#primaryimage"},"thumbnailUrl":"https:\/\/lightweb.dev\/l\/svm-temp\/wp-content\/uploads\/2025\/03\/svm20250316163704.webp","datePublished":"2025-03-17T15:19:50+00:00","breadcrumb":{"@id":"https:\/\/lightweb.dev\/l\/svm-temp\/nyheter\/malaga-i-topp-nar-det-galler-inflation-i-februari\/#breadcrumb"},"inLanguage":"sv-SE","potentialAction":[{"@type":"ReadAction","target":["https:\/\/lightweb.dev\/l\/svm-temp\/nyheter\/malaga-i-topp-nar-det-galler-inflation-i-februari\/"]}]},{"@type":"ImageObject","inLanguage":"sv-SE","@id":"https:\/\/lightweb.dev\/l\/svm-temp\/nyheter\/malaga-i-topp-nar-det-galler-inflation-i-februari\/#primaryimage","url":"https:\/\/lightweb.dev\/l\/svm-temp\/wp-content\/uploads\/2025\/03\/svm20250316163704.webp","contentUrl":"https:\/\/lightweb.dev\/l\/svm-temp\/wp-content\/uploads\/2025\/03\/svm20250316163704.webp","width":900,"height":400},{"@type":"BreadcrumbList","@id":"https:\/\/lightweb.dev\/l\/svm-temp\/nyheter\/malaga-i-topp-nar-det-galler-inflation-i-februari\/#breadcrumb","itemListElement":[{"@type":"ListItem","position":1,"name":"Hem","item":"https:\/\/lightweb.dev\/l\/svm-temp\/"},{"@type":"ListItem","position":2,"name":"M\u00e1laga i topp n\u00e4r det g\u00e4ller inflation i februari"}]},{"@type":"WebSite","@id":"https:\/\/lightweb.dev\/l\/svm-temp\/#website","url":"https:\/\/lightweb.dev\/l\/svm-temp\/","name":"Svenska Magasinet","description":"Dina Spanska nyheter p&aring; Svenska","publisher":{"@id":"https:\/\/lightweb.dev\/l\/svm-temp\/#organization"},"potentialAction":[{"@type":"SearchAction","target":{"@type":"EntryPoint","urlTemplate":"https:\/\/lightweb.dev\/l\/svm-temp\/?s={search_term_string}"},"query-input":{"@type":"PropertyValueSpecification","valueRequired":true,"valueName":"search_term_string"}}],"inLanguage":"sv-SE"},{"@type":"Organization","@id":"https:\/\/lightweb.dev\/l\/svm-temp\/#organization","name":"Melkerson y Nott SL","alternateName":"Svenska Magasinet","url":"https:\/\/lightweb.dev\/l\/svm-temp\/","logo":{"@type":"ImageObject","inLanguage":"sv-SE","@id":"https:\/\/lightweb.dev\/l\/svm-temp\/#\/schema\/logo\/image\/","url":"https:\/\/lightweb.dev\/l\/svm-temp\/wp-content\/uploads\/2025\/02\/SvM-logo-Xtra-Centrerad-SVART.png","contentUrl":"https:\/\/lightweb.dev\/l\/svm-temp\/wp-content\/uploads\/2025\/02\/SvM-logo-Xtra-Centrerad-SVART.png","width":300,"height":99,"caption":"Melkerson y Nott SL"},"image":{"@id":"https:\/\/lightweb.dev\/l\/svm-temp\/#\/schema\/logo\/image\/"},"sameAs":["https:\/\/www.facebook.com\/svenskamagasinet","https:\/\/x.com\/SvenskaMagasine"]},{"@type":"Person","@id":"https:\/\/lightweb.dev\/l\/svm-temp\/#\/schema\/person\/caffe038990d25722f5a04a03c906a2b","name":"Robbie Eriksson","sameAs":["https:\/\/lightweb.dev\/l\/svm-temp"],"url":"https:\/\/lightweb.dev\/l\/svm-temp\/reporter\/robbie-eriksson\/"}]}},"_links":{"self":[{"href":"https:\/\/lightweb.dev\/l\/svm-temp\/wp-json\/wp\/v2\/posts\/80354","targetHints":{"allow":["GET"]}}],"collection":[{"href":"https:\/\/lightweb.dev\/l\/svm-temp\/wp-json\/wp\/v2\/posts"}],"about":[{"href":"https:\/\/lightweb.dev\/l\/svm-temp\/wp-json\/wp\/v2\/types\/post"}],"author":[{"embeddable":true,"href":"https:\/\/lightweb.dev\/l\/svm-temp\/wp-json\/wp\/v2\/users\/14"}],"replies":[{"embeddable":true,"href":"https:\/\/lightweb.dev\/l\/svm-temp\/wp-json\/wp\/v2\/comments?post=80354"}],"version-history":[{"count":0,"href":"https:\/\/lightweb.dev\/l\/svm-temp\/wp-json\/wp\/v2\/posts\/80354\/revisions"}],"wp:featuredmedia":[{"embeddable":true,"href":"https:\/\/lightweb.dev\/l\/svm-temp\/wp-json\/wp\/v2\/media\/80345"}],"wp:attachment":[{"href":"https:\/\/lightweb.dev\/l\/svm-temp\/wp-json\/wp\/v2\/media?parent=80354"}],"wp:term":[{"taxonomy":"category","embeddable":true,"href":"https:\/\/lightweb.dev\/l\/svm-temp\/wp-json\/wp\/v2\/categories?post=80354"},{"taxonomy":"post_tag","embeddable":true,"href":"https:\/\/lightweb.dev\/l\/svm-temp\/wp-json\/wp\/v2\/tags?post=80354"}],"curies":[{"name":"wp","href":"https:\/\/api.w.org\/{rel}","templated":true}]}}