{"id":80362,"date":"2025-03-17T16:23:13","date_gmt":"2025-03-17T15:23:13","guid":{"rendered":"https:\/\/lightweb.dev\/l\/svm-temp\/?p=80362"},"modified":"2025-03-17T16:23:13","modified_gmt":"2025-03-17T15:23:13","slug":"oppositionen-i-torrevieja-kritisk-till-arbetet-med-den-vita-paviljongen","status":"publish","type":"post","link":"https:\/\/lightweb.dev\/l\/svm-temp\/nyheter\/oppositionen-i-torrevieja-kritisk-till-arbetet-med-den-vita-paviljongen\/","title":{"rendered":"Oppositionen i Torrevieja kritisk till arbetet med den \u201cvita paviljongen\u201d"},"content":{"rendered":"<p><strong>Arbetet drog ig\u00e5ng f\u00f6r knappt 14 \u00e5r sedan med m\u00e5let att f\u00f6rb\u00e4ttra stadens idrottsm\u00f6jligheter.\u00a0<\/strong><\/p>\n<p><strong>Idag finns \u00e4nnu inget slutdatum f\u00f6r projektet.\u00a0<\/strong><\/p>\n<p><span style=\"font-weight: 400;\">Byggarbetet som skulle resultera i Torreviejas \u201cvita paviljong\u201d drog ig\u00e5ng f\u00f6r mer \u00e4n 10 \u00e5r sedan. Den kommer att ligga i den s\u00e5 kallade sportstaden och tanken \u00e4r att den ska avlasta huvudcentret f\u00f6r idrott som inte l\u00e4ngre har plats f\u00f6r alla aktiviteter. Efter ett l\u00e4ngre uppeh\u00e5ll \u00e5terupptogs det i april f\u00f6rra \u00e5ret d\u00e5 f\u00e4rdigst\u00e4llandet tilldelades ett samriskf\u00f6retag bildat av Gonz\u00e1lez Soto SA och Montajes Electricos Llamas SL, med en budget p\u00e5 850 000 euro. D\u00e5 sa man att det skulle vara klart inom sex m\u00e5nader.\u00a0<\/span><\/p>\n<p><span style=\"font-weight: 400;\">Enligt kommunen skulle d\u00e5 arbete utf\u00f6ras p\u00e5 n\u00e5gra oavslutade inh\u00e4gnader, oj\u00e4mna trottoarer utanf\u00f6r samt ett antal of\u00e4rdiga installationer. Dessutom utlovades nya skyddsr\u00e4cken och en kl\u00e4tterv\u00e4gg.\u00a0\u00a0<\/span><\/p>\n<p><span style=\"font-weight: 400;\">Trots att kommunen lovade att paviljongen skulle st\u00e5 f\u00e4rdig senast i b\u00f6rjan av detta \u00e5r har arbetet \u00e4nnu inte slutf\u00f6rts. Nu har dessutom en ny budgeth\u00f6jning f\u00f6r projektet meddelats och d\u00e4rmed kommer kritik fr\u00e5n oppositionen. \u201cDet vi ser med vita paviljongen \u00e4r ett tydligt exempel p\u00e5 missk\u00f6tsel och bristande transparens hos Partido Popular (PP),\u201d s\u00e4ger Pablo Samper som \u00e4r talesperson f\u00f6r det lokalpolitiska partiet Sue\u00f1a Torrevieja. \u201cDet som b\u00f6rjade med en blygsam budget p\u00e5 147 000 euro har f\u00f6rvandlats till en r\u00f6ra som kostar mer \u00e4n 1,2 miljoner, 8,5 g\u00e5nger h\u00f6gre \u00e4n den initiala kostnaden\u201d, forts\u00e4tter han. Han kallar projektet f\u00f6r ett enormt administrativt misslyckande och ett sl\u00f6seri med inv\u00e5narnas skattepengar.<\/span><\/p>\n<h2><span style=\"font-weight: 400;\">\u201cD\u00e5lig planering\u201d<\/span><\/h2>\n<p><span style=\"font-weight: 400;\">Samper menar att de nu p\u00e5g\u00e5ende \u00e4ndringarna och alla f\u00f6rseningar \u00e4r ett resultat av d\u00e5lig planering och bristande tillsyn fr\u00e5n lokalstyret. \u201cSue\u00f1a Torrevieja har i flera \u00e5r p\u00e5pekat behovet av effektiv och transparent f\u00f6rvaltning av offentliga resurser. Men det vi har sett med vita paviljongen \u00e4r den raka motsatsen: ett projekt som har fallit offer f\u00f6r improvisation och bristf\u00e4llig tillsyn. Det \u00e4r oacceptabelt att vi, efter n\u00e4stan 14 \u00e5r av f\u00f6rseningar och flera kostnads\u00f6kningar, fortfarande inte har ett slutdatum\u201d, kommenterar han.\u00a0<\/span><\/p>\n<p><span style=\"font-weight: 400;\">Talespersonen, som ocks\u00e5 \u00e4r kommunalr\u00e5d i Torrevieja, vill se ett tydligare ansvarstagande. \u201cVi kr\u00e4ver en tydlig och detaljerad f\u00f6rklaring av hur denna situation uppstod och vem som \u00e4r ansvarig f\u00f6r denna ekonomiska katastrof. Inv\u00e5narna i Torrevieja f\u00f6rtj\u00e4nar att f\u00e5 veta varf\u00f6r detta projekt har till\u00e5tits p\u00e5g\u00e5 utan kontroll p\u00e5 detta s\u00e4tt\u201d, s\u00e4ger han och till\u00e4gger att det beh\u00f6vs kraftiga \u00e5tg\u00e4rder f\u00f6r att se till att situationer som denna inte upprepas i framtiden.\u00a0<\/span><\/p>\n<p>&nbsp;<\/p>\n","protected":false},"excerpt":{"rendered":"<p>Arbetet drog ig\u00e5ng f\u00f6r knappt 14 \u00e5r sedan med m\u00e5let att f\u00f6rb\u00e4ttra stadens idrottsm\u00f6jligheter.\u00a0Idag finns \u00e4nnu inget slutdatum f\u00f6r projektet.\u00a0<\/p>\n","protected":false},"author":14,"featured_media":80343,"comment_status":"closed","ping_status":"closed","sticky":false,"template":"","format":"standard","meta":{"_et_pb_use_builder":"","_et_pb_old_content":"","_et_gb_content_width":"","footnotes":""},"categories":[395,3],"tags":[],"class_list":["post-80362","post","type-post","status-publish","format-standard","has-post-thumbnail","hentry","category-arkiv-nyheter","category-nyheter"],"yoast_head":"<!-- This site is optimized with the Yoast SEO Premium plugin v26.2 (Yoast SEO v27.4) - https:\/\/yoast.com\/product\/yoast-seo-premium-wordpress\/ -->\n<title>Oppositionen i Torrevieja kritisk till arbetet med den \u201cvita paviljongen\u201d - Svenska Magasinet<\/title>\n<meta name=\"robots\" content=\"noindex, follow, max-snippet:-1, max-image-preview:large, max-video-preview:-1\" \/>\n<meta property=\"og:locale\" content=\"sv_SE\" \/>\n<meta property=\"og:type\" content=\"article\" \/>\n<meta property=\"og:title\" content=\"Oppositionen i Torrevieja kritisk till arbetet med den \u201cvita paviljongen\u201d\" \/>\n<meta property=\"og:description\" content=\"Arbetet drog ig\u00e5ng f\u00f6r knappt 14 \u00e5r sedan med m\u00e5let att f\u00f6rb\u00e4ttra stadens idrottsm\u00f6jligheter.\u00a0Idag finns \u00e4nnu inget slutdatum f\u00f6r projektet.\u00a0\" \/>\n<meta property=\"og:url\" content=\"https:\/\/lightweb.dev\/l\/svm-temp\/nyheter\/oppositionen-i-torrevieja-kritisk-till-arbetet-med-den-vita-paviljongen\/\" \/>\n<meta property=\"og:site_name\" content=\"Svenska Magasinet\" \/>\n<meta property=\"article:publisher\" content=\"https:\/\/www.facebook.com\/svenskamagasinet\" \/>\n<meta property=\"article:published_time\" content=\"2025-03-17T15:23:13+00:00\" \/>\n<meta property=\"og:image\" content=\"https:\/\/lightweb.dev\/l\/svm-temp\/wp-content\/uploads\/2025\/03\/svm20250316163641.webp\" \/>\n\t<meta property=\"og:image:width\" content=\"900\" \/>\n\t<meta property=\"og:image:height\" content=\"400\" \/>\n\t<meta property=\"og:image:type\" content=\"image\/webp\" \/>\n<meta name=\"author\" content=\"Robbie Eriksson\" \/>\n<meta name=\"twitter:card\" content=\"summary_large_image\" \/>\n<meta name=\"twitter:creator\" content=\"@SvenskaMagasine\" \/>\n<meta name=\"twitter:site\" content=\"@SvenskaMagasine\" \/>\n<script type=\"application\/ld+json\" class=\"yoast-schema-graph\">{\"@context\":\"https:\\\/\\\/schema.org\",\"@graph\":[{\"@type\":\"Article\",\"@id\":\"https:\\\/\\\/lightweb.dev\\\/l\\\/svm-temp\\\/nyheter\\\/oppositionen-i-torrevieja-kritisk-till-arbetet-med-den-vita-paviljongen\\\/#article\",\"isPartOf\":{\"@id\":\"https:\\\/\\\/lightweb.dev\\\/l\\\/svm-temp\\\/nyheter\\\/oppositionen-i-torrevieja-kritisk-till-arbetet-med-den-vita-paviljongen\\\/\"},\"author\":{\"name\":\"Robbie Eriksson\",\"@id\":\"https:\\\/\\\/lightweb.dev\\\/l\\\/svm-temp\\\/#\\\/schema\\\/person\\\/caffe038990d25722f5a04a03c906a2b\"},\"headline\":\"Oppositionen i Torrevieja kritisk till arbetet med den \u201cvita paviljongen\u201d\",\"datePublished\":\"2025-03-17T15:23:13+00:00\",\"mainEntityOfPage\":{\"@id\":\"https:\\\/\\\/lightweb.dev\\\/l\\\/svm-temp\\\/nyheter\\\/oppositionen-i-torrevieja-kritisk-till-arbetet-med-den-vita-paviljongen\\\/\"},\"wordCount\":479,\"publisher\":{\"@id\":\"https:\\\/\\\/lightweb.dev\\\/l\\\/svm-temp\\\/#organization\"},\"image\":{\"@id\":\"https:\\\/\\\/lightweb.dev\\\/l\\\/svm-temp\\\/nyheter\\\/oppositionen-i-torrevieja-kritisk-till-arbetet-med-den-vita-paviljongen\\\/#primaryimage\"},\"thumbnailUrl\":\"https:\\\/\\\/lightweb.dev\\\/l\\\/svm-temp\\\/wp-content\\\/uploads\\\/2025\\\/03\\\/svm20250316163641.webp\",\"articleSection\":[\"Arkiv\",\"Nyheter\"],\"inLanguage\":\"sv-SE\"},{\"@type\":\"WebPage\",\"@id\":\"https:\\\/\\\/lightweb.dev\\\/l\\\/svm-temp\\\/nyheter\\\/oppositionen-i-torrevieja-kritisk-till-arbetet-med-den-vita-paviljongen\\\/\",\"url\":\"https:\\\/\\\/lightweb.dev\\\/l\\\/svm-temp\\\/nyheter\\\/oppositionen-i-torrevieja-kritisk-till-arbetet-med-den-vita-paviljongen\\\/\",\"name\":\"Oppositionen i Torrevieja kritisk till arbetet med den \u201cvita paviljongen\u201d - Svenska Magasinet\",\"isPartOf\":{\"@id\":\"https:\\\/\\\/lightweb.dev\\\/l\\\/svm-temp\\\/#website\"},\"primaryImageOfPage\":{\"@id\":\"https:\\\/\\\/lightweb.dev\\\/l\\\/svm-temp\\\/nyheter\\\/oppositionen-i-torrevieja-kritisk-till-arbetet-med-den-vita-paviljongen\\\/#primaryimage\"},\"image\":{\"@id\":\"https:\\\/\\\/lightweb.dev\\\/l\\\/svm-temp\\\/nyheter\\\/oppositionen-i-torrevieja-kritisk-till-arbetet-med-den-vita-paviljongen\\\/#primaryimage\"},\"thumbnailUrl\":\"https:\\\/\\\/lightweb.dev\\\/l\\\/svm-temp\\\/wp-content\\\/uploads\\\/2025\\\/03\\\/svm20250316163641.webp\",\"datePublished\":\"2025-03-17T15:23:13+00:00\",\"breadcrumb\":{\"@id\":\"https:\\\/\\\/lightweb.dev\\\/l\\\/svm-temp\\\/nyheter\\\/oppositionen-i-torrevieja-kritisk-till-arbetet-med-den-vita-paviljongen\\\/#breadcrumb\"},\"inLanguage\":\"sv-SE\",\"potentialAction\":[{\"@type\":\"ReadAction\",\"target\":[\"https:\\\/\\\/lightweb.dev\\\/l\\\/svm-temp\\\/nyheter\\\/oppositionen-i-torrevieja-kritisk-till-arbetet-med-den-vita-paviljongen\\\/\"]}]},{\"@type\":\"ImageObject\",\"inLanguage\":\"sv-SE\",\"@id\":\"https:\\\/\\\/lightweb.dev\\\/l\\\/svm-temp\\\/nyheter\\\/oppositionen-i-torrevieja-kritisk-till-arbetet-med-den-vita-paviljongen\\\/#primaryimage\",\"url\":\"https:\\\/\\\/lightweb.dev\\\/l\\\/svm-temp\\\/wp-content\\\/uploads\\\/2025\\\/03\\\/svm20250316163641.webp\",\"contentUrl\":\"https:\\\/\\\/lightweb.dev\\\/l\\\/svm-temp\\\/wp-content\\\/uploads\\\/2025\\\/03\\\/svm20250316163641.webp\",\"width\":900,\"height\":400,\"caption\":\"(Bild: Ayuntamiento de Torrevieja)\"},{\"@type\":\"BreadcrumbList\",\"@id\":\"https:\\\/\\\/lightweb.dev\\\/l\\\/svm-temp\\\/nyheter\\\/oppositionen-i-torrevieja-kritisk-till-arbetet-med-den-vita-paviljongen\\\/#breadcrumb\",\"itemListElement\":[{\"@type\":\"ListItem\",\"position\":1,\"name\":\"Hem\",\"item\":\"https:\\\/\\\/lightweb.dev\\\/l\\\/svm-temp\\\/\"},{\"@type\":\"ListItem\",\"position\":2,\"name\":\"Oppositionen i Torrevieja kritisk till arbetet med den \u201cvita paviljongen\u201d\"}]},{\"@type\":\"WebSite\",\"@id\":\"https:\\\/\\\/lightweb.dev\\\/l\\\/svm-temp\\\/#website\",\"url\":\"https:\\\/\\\/lightweb.dev\\\/l\\\/svm-temp\\\/\",\"name\":\"Svenska Magasinet\",\"description\":\"Dina Spanska nyheter p&aring; Svenska\",\"publisher\":{\"@id\":\"https:\\\/\\\/lightweb.dev\\\/l\\\/svm-temp\\\/#organization\"},\"potentialAction\":[{\"@type\":\"SearchAction\",\"target\":{\"@type\":\"EntryPoint\",\"urlTemplate\":\"https:\\\/\\\/lightweb.dev\\\/l\\\/svm-temp\\\/?s={search_term_string}\"},\"query-input\":{\"@type\":\"PropertyValueSpecification\",\"valueRequired\":true,\"valueName\":\"search_term_string\"}}],\"inLanguage\":\"sv-SE\"},{\"@type\":\"Organization\",\"@id\":\"https:\\\/\\\/lightweb.dev\\\/l\\\/svm-temp\\\/#organization\",\"name\":\"Melkerson y Nott SL\",\"alternateName\":\"Svenska Magasinet\",\"url\":\"https:\\\/\\\/lightweb.dev\\\/l\\\/svm-temp\\\/\",\"logo\":{\"@type\":\"ImageObject\",\"inLanguage\":\"sv-SE\",\"@id\":\"https:\\\/\\\/lightweb.dev\\\/l\\\/svm-temp\\\/#\\\/schema\\\/logo\\\/image\\\/\",\"url\":\"https:\\\/\\\/lightweb.dev\\\/l\\\/svm-temp\\\/wp-content\\\/uploads\\\/2025\\\/02\\\/SvM-logo-Xtra-Centrerad-SVART.png\",\"contentUrl\":\"https:\\\/\\\/lightweb.dev\\\/l\\\/svm-temp\\\/wp-content\\\/uploads\\\/2025\\\/02\\\/SvM-logo-Xtra-Centrerad-SVART.png\",\"width\":300,\"height\":99,\"caption\":\"Melkerson y Nott SL\"},\"image\":{\"@id\":\"https:\\\/\\\/lightweb.dev\\\/l\\\/svm-temp\\\/#\\\/schema\\\/logo\\\/image\\\/\"},\"sameAs\":[\"https:\\\/\\\/www.facebook.com\\\/svenskamagasinet\",\"https:\\\/\\\/x.com\\\/SvenskaMagasine\"]},{\"@type\":\"Person\",\"@id\":\"https:\\\/\\\/lightweb.dev\\\/l\\\/svm-temp\\\/#\\\/schema\\\/person\\\/caffe038990d25722f5a04a03c906a2b\",\"name\":\"Robbie Eriksson\",\"sameAs\":[\"https:\\\/\\\/lightweb.dev\\\/l\\\/svm-temp\"],\"url\":\"https:\\\/\\\/lightweb.dev\\\/l\\\/svm-temp\\\/reporter\\\/robbie-eriksson\\\/\"}]}<\/script>\n<!-- \/ Yoast SEO Premium plugin. -->","yoast_head_json":{"title":"Oppositionen i Torrevieja kritisk till arbetet med den \u201cvita paviljongen\u201d - Svenska Magasinet","robots":{"index":"noindex","follow":"follow","max-snippet":"max-snippet:-1","max-image-preview":"max-image-preview:large","max-video-preview":"max-video-preview:-1"},"og_locale":"sv_SE","og_type":"article","og_title":"Oppositionen i Torrevieja kritisk till arbetet med den \u201cvita paviljongen\u201d","og_description":"Arbetet drog ig\u00e5ng f\u00f6r knappt 14 \u00e5r sedan med m\u00e5let att f\u00f6rb\u00e4ttra stadens idrottsm\u00f6jligheter.\u00a0Idag finns \u00e4nnu inget slutdatum f\u00f6r projektet.\u00a0","og_url":"https:\/\/lightweb.dev\/l\/svm-temp\/nyheter\/oppositionen-i-torrevieja-kritisk-till-arbetet-med-den-vita-paviljongen\/","og_site_name":"Svenska Magasinet","article_publisher":"https:\/\/www.facebook.com\/svenskamagasinet","article_published_time":"2025-03-17T15:23:13+00:00","og_image":[{"width":900,"height":400,"url":"https:\/\/lightweb.dev\/l\/svm-temp\/wp-content\/uploads\/2025\/03\/svm20250316163641.webp","type":"image\/webp"}],"author":"Robbie Eriksson","twitter_card":"summary_large_image","twitter_creator":"@SvenskaMagasine","twitter_site":"@SvenskaMagasine","schema":{"@context":"https:\/\/schema.org","@graph":[{"@type":"Article","@id":"https:\/\/lightweb.dev\/l\/svm-temp\/nyheter\/oppositionen-i-torrevieja-kritisk-till-arbetet-med-den-vita-paviljongen\/#article","isPartOf":{"@id":"https:\/\/lightweb.dev\/l\/svm-temp\/nyheter\/oppositionen-i-torrevieja-kritisk-till-arbetet-med-den-vita-paviljongen\/"},"author":{"name":"Robbie Eriksson","@id":"https:\/\/lightweb.dev\/l\/svm-temp\/#\/schema\/person\/caffe038990d25722f5a04a03c906a2b"},"headline":"Oppositionen i Torrevieja kritisk till arbetet med den \u201cvita paviljongen\u201d","datePublished":"2025-03-17T15:23:13+00:00","mainEntityOfPage":{"@id":"https:\/\/lightweb.dev\/l\/svm-temp\/nyheter\/oppositionen-i-torrevieja-kritisk-till-arbetet-med-den-vita-paviljongen\/"},"wordCount":479,"publisher":{"@id":"https:\/\/lightweb.dev\/l\/svm-temp\/#organization"},"image":{"@id":"https:\/\/lightweb.dev\/l\/svm-temp\/nyheter\/oppositionen-i-torrevieja-kritisk-till-arbetet-med-den-vita-paviljongen\/#primaryimage"},"thumbnailUrl":"https:\/\/lightweb.dev\/l\/svm-temp\/wp-content\/uploads\/2025\/03\/svm20250316163641.webp","articleSection":["Arkiv","Nyheter"],"inLanguage":"sv-SE"},{"@type":"WebPage","@id":"https:\/\/lightweb.dev\/l\/svm-temp\/nyheter\/oppositionen-i-torrevieja-kritisk-till-arbetet-med-den-vita-paviljongen\/","url":"https:\/\/lightweb.dev\/l\/svm-temp\/nyheter\/oppositionen-i-torrevieja-kritisk-till-arbetet-med-den-vita-paviljongen\/","name":"Oppositionen i Torrevieja kritisk till arbetet med den \u201cvita paviljongen\u201d - Svenska Magasinet","isPartOf":{"@id":"https:\/\/lightweb.dev\/l\/svm-temp\/#website"},"primaryImageOfPage":{"@id":"https:\/\/lightweb.dev\/l\/svm-temp\/nyheter\/oppositionen-i-torrevieja-kritisk-till-arbetet-med-den-vita-paviljongen\/#primaryimage"},"image":{"@id":"https:\/\/lightweb.dev\/l\/svm-temp\/nyheter\/oppositionen-i-torrevieja-kritisk-till-arbetet-med-den-vita-paviljongen\/#primaryimage"},"thumbnailUrl":"https:\/\/lightweb.dev\/l\/svm-temp\/wp-content\/uploads\/2025\/03\/svm20250316163641.webp","datePublished":"2025-03-17T15:23:13+00:00","breadcrumb":{"@id":"https:\/\/lightweb.dev\/l\/svm-temp\/nyheter\/oppositionen-i-torrevieja-kritisk-till-arbetet-med-den-vita-paviljongen\/#breadcrumb"},"inLanguage":"sv-SE","potentialAction":[{"@type":"ReadAction","target":["https:\/\/lightweb.dev\/l\/svm-temp\/nyheter\/oppositionen-i-torrevieja-kritisk-till-arbetet-med-den-vita-paviljongen\/"]}]},{"@type":"ImageObject","inLanguage":"sv-SE","@id":"https:\/\/lightweb.dev\/l\/svm-temp\/nyheter\/oppositionen-i-torrevieja-kritisk-till-arbetet-med-den-vita-paviljongen\/#primaryimage","url":"https:\/\/lightweb.dev\/l\/svm-temp\/wp-content\/uploads\/2025\/03\/svm20250316163641.webp","contentUrl":"https:\/\/lightweb.dev\/l\/svm-temp\/wp-content\/uploads\/2025\/03\/svm20250316163641.webp","width":900,"height":400,"caption":"(Bild: Ayuntamiento de Torrevieja)"},{"@type":"BreadcrumbList","@id":"https:\/\/lightweb.dev\/l\/svm-temp\/nyheter\/oppositionen-i-torrevieja-kritisk-till-arbetet-med-den-vita-paviljongen\/#breadcrumb","itemListElement":[{"@type":"ListItem","position":1,"name":"Hem","item":"https:\/\/lightweb.dev\/l\/svm-temp\/"},{"@type":"ListItem","position":2,"name":"Oppositionen i Torrevieja kritisk till arbetet med den \u201cvita paviljongen\u201d"}]},{"@type":"WebSite","@id":"https:\/\/lightweb.dev\/l\/svm-temp\/#website","url":"https:\/\/lightweb.dev\/l\/svm-temp\/","name":"Svenska Magasinet","description":"Dina Spanska nyheter p&aring; Svenska","publisher":{"@id":"https:\/\/lightweb.dev\/l\/svm-temp\/#organization"},"potentialAction":[{"@type":"SearchAction","target":{"@type":"EntryPoint","urlTemplate":"https:\/\/lightweb.dev\/l\/svm-temp\/?s={search_term_string}"},"query-input":{"@type":"PropertyValueSpecification","valueRequired":true,"valueName":"search_term_string"}}],"inLanguage":"sv-SE"},{"@type":"Organization","@id":"https:\/\/lightweb.dev\/l\/svm-temp\/#organization","name":"Melkerson y Nott SL","alternateName":"Svenska Magasinet","url":"https:\/\/lightweb.dev\/l\/svm-temp\/","logo":{"@type":"ImageObject","inLanguage":"sv-SE","@id":"https:\/\/lightweb.dev\/l\/svm-temp\/#\/schema\/logo\/image\/","url":"https:\/\/lightweb.dev\/l\/svm-temp\/wp-content\/uploads\/2025\/02\/SvM-logo-Xtra-Centrerad-SVART.png","contentUrl":"https:\/\/lightweb.dev\/l\/svm-temp\/wp-content\/uploads\/2025\/02\/SvM-logo-Xtra-Centrerad-SVART.png","width":300,"height":99,"caption":"Melkerson y Nott SL"},"image":{"@id":"https:\/\/lightweb.dev\/l\/svm-temp\/#\/schema\/logo\/image\/"},"sameAs":["https:\/\/www.facebook.com\/svenskamagasinet","https:\/\/x.com\/SvenskaMagasine"]},{"@type":"Person","@id":"https:\/\/lightweb.dev\/l\/svm-temp\/#\/schema\/person\/caffe038990d25722f5a04a03c906a2b","name":"Robbie Eriksson","sameAs":["https:\/\/lightweb.dev\/l\/svm-temp"],"url":"https:\/\/lightweb.dev\/l\/svm-temp\/reporter\/robbie-eriksson\/"}]}},"_links":{"self":[{"href":"https:\/\/lightweb.dev\/l\/svm-temp\/wp-json\/wp\/v2\/posts\/80362","targetHints":{"allow":["GET"]}}],"collection":[{"href":"https:\/\/lightweb.dev\/l\/svm-temp\/wp-json\/wp\/v2\/posts"}],"about":[{"href":"https:\/\/lightweb.dev\/l\/svm-temp\/wp-json\/wp\/v2\/types\/post"}],"author":[{"embeddable":true,"href":"https:\/\/lightweb.dev\/l\/svm-temp\/wp-json\/wp\/v2\/users\/14"}],"replies":[{"embeddable":true,"href":"https:\/\/lightweb.dev\/l\/svm-temp\/wp-json\/wp\/v2\/comments?post=80362"}],"version-history":[{"count":0,"href":"https:\/\/lightweb.dev\/l\/svm-temp\/wp-json\/wp\/v2\/posts\/80362\/revisions"}],"wp:featuredmedia":[{"embeddable":true,"href":"https:\/\/lightweb.dev\/l\/svm-temp\/wp-json\/wp\/v2\/media\/80343"}],"wp:attachment":[{"href":"https:\/\/lightweb.dev\/l\/svm-temp\/wp-json\/wp\/v2\/media?parent=80362"}],"wp:term":[{"taxonomy":"category","embeddable":true,"href":"https:\/\/lightweb.dev\/l\/svm-temp\/wp-json\/wp\/v2\/categories?post=80362"},{"taxonomy":"post_tag","embeddable":true,"href":"https:\/\/lightweb.dev\/l\/svm-temp\/wp-json\/wp\/v2\/tags?post=80362"}],"curies":[{"name":"wp","href":"https:\/\/api.w.org\/{rel}","templated":true}]}}