{"id":80364,"date":"2025-03-17T16:52:23","date_gmt":"2025-03-17T15:52:23","guid":{"rendered":"https:\/\/lightweb.dev\/l\/svm-temp\/?p=80364"},"modified":"2025-03-17T16:52:23","modified_gmt":"2025-03-17T15:52:23","slug":"farre-boter-for-cyklister-i-malaga","status":"publish","type":"post","link":"https:\/\/lightweb.dev\/l\/svm-temp\/nyheter\/farre-boter-for-cyklister-i-malaga\/","title":{"rendered":"F\u00e4rre b\u00f6ter f\u00f6r cyklister i M\u00e1laga\u00a0"},"content":{"rendered":"<p><strong>Allt f\u00e4rre trafikbrott beg\u00e5s av cyklister.\u00a0<\/strong><\/p>\n<p><span style=\"font-weight: 400;\"><strong>Vissa menar dock att kommunen kan g\u00f6ra mer f\u00f6r att f\u00e5 ner siffran ytterligare.<\/strong>\u00a0<\/span><\/p>\n<p><span style=\"font-weight: 400;\">De senaste tre \u00e5ren har totalt 1038 b\u00f6ter delats ut till cyklister som beg\u00e5tt \u00f6vertr\u00e4delser i trafiken. Det vill s\u00e4ga f\u00e4rre \u00e4n 1 om dagen. Dessutom \u00e4r trenden tydligt ned\u00e5tg\u00e5ende och antalet brott minskar med omkring h\u00e4lften varje \u00e5r. 2022 var de 601, 2023 320 och f\u00f6rra \u00e5ret var de nere p\u00e5 117.\u00a0<\/span><\/p>\n<p><span style=\"font-weight: 400;\">En klar majoritet av de som straffas \u00e4r privatpersoner som cyklar p\u00e5 v\u00e4garna. Allts\u00e5 inte personer som har cykeln som arbetsmedel, exempelvis bud eller cykeltaxi. Av dem som f\u00e5tt b\u00f6ter de tre senaste \u00e5ren \u00e4r 921 privatpersoner och 117 har varit i tj\u00e4nst n\u00e4r de blivit b\u00f6tf\u00e4llda.\u00a0<\/span><\/p>\n<p><span style=\"font-weight: 400;\">De drygt 1000 b\u00f6terna som delats ut borde inbringa omkring 106 000 euro men enligt kommunfullm\u00e4ktige i M\u00e1laga har inte ens h\u00e4lften, 46 000 euro, betalats in. Detta beror enligt skatteverket p\u00e5 att m\u00e5nga v\u00e4ljer att betala b\u00f6terna inom 30 dagar efter att de utf\u00e4rdats och d\u00e4rmed f\u00e5r rabatt.\u00a0<\/span><\/p>\n<h2><span style=\"font-weight: 400;\">Vilka \u00f6vertr\u00e4delser \u00e4r vanligast?<\/span><\/h2>\n<p><span style=\"font-weight: 400;\">Den i s\u00e4rklass vanligaste orsaken till att cyklister f\u00e5r b\u00f6ter \u00e4r att de cyklar p\u00e5 trottoarer, g\u00e5gator eller andra platser som \u00e4r avsedda f\u00f6r fotg\u00e4ngare. 2022 berodde hela 488 av 601 utdelade b\u00f6ter p\u00e5 detta och sett till alla tre \u00e5ren 700.\u00a0<\/span><\/p>\n<p><span style=\"font-weight: 400;\">D\u00e4refter berodde 151 p\u00e5 att personerna tittade p\u00e5 mobilen eller hade h\u00f6rlurar p\u00e5 sig, 104 p\u00e5 olaglig parkering och 17 p\u00e5 att k\u00f6ra mot r\u00f6tt.\u00a0<\/span><\/p>\n<p><span style=\"font-weight: 400;\">N\u00e5gra andra mindre vanliga brott \u00e4r ol\u00e4mpliga u-sv\u00e4ngar, att stegra s\u00e5 man cyklar p\u00e5 bakhjulet, ha f\u00f6r h\u00f6g alkoholhalt i blodet, cykla mot enkelriktad trafik eller att skjutsa en annan person p\u00e5 ett ol\u00e4mpligt s\u00e4tt.<\/span><\/p>\n<p><span style=\"font-weight: 400;\">De flesta b\u00f6terna delades ut p\u00e5 Calle Alcazabilla d\u00e4r 91 \u00f6vertr\u00e4delser bokf\u00f6rdes. D\u00e4refter f\u00f6ljer Calle Granada (43), strandpromenaden i Pedregalejo (36) och Calle Larios (33).\u00a0\u00a0\u00a0\u00a0<\/span><\/p>\n<p><span style=\"font-weight: 400;\">Toni Morillas, som \u00e4r bitr\u00e4dande talesperson f\u00f6r det lokalpolitiska partiet Con M\u00e1laga, anser att \u00e4ven om trenden g\u00e5r ner\u00e5t s\u00e5 utf\u00e4rdas f\u00f6r m\u00e5nga b\u00f6ter. Han vill se att staden g\u00f6r mer f\u00f6r att bli cykeltv\u00e4nlig. Han vill se en st\u00f6rre lyh\u00f6rdhet fr\u00e5n stadens politiker gentemot de som cyklar och att man forts\u00e4tter bygga ut cykelbanor f\u00f6r att underl\u00e4tta r\u00f6rligheten med detta fordon.\u00a0<\/span><span style=\"font-weight: 400;\">Han \u00e4r \u00e4ven kritisk mot att inga framsteg gjorts n\u00e4r det g\u00e4ller \u00e5terinf\u00f6rande av kommunens cykeluthyrning. En tj\u00e4nst som togs bort under en tid men som kommunen meddelade i mars f\u00f6rra \u00e5ret var p\u00e5 v\u00e4g tillbaka.\u00a0<\/span><\/p>\n<p>&nbsp;<\/p>\n","protected":false},"excerpt":{"rendered":"<p>Allt f\u00e4rre trafikbrott beg\u00e5s av cyklister.\u00a0Vissa menar dock att kommunen kan g\u00f6ra mer f\u00f6r att f\u00e5 ner siffran ytterligare.<\/p>\n","protected":false},"author":14,"featured_media":80353,"comment_status":"closed","ping_status":"closed","sticky":false,"template":"","format":"standard","meta":{"_et_pb_use_builder":"","_et_pb_old_content":"","_et_gb_content_width":"","footnotes":""},"categories":[395,3],"tags":[],"class_list":["post-80364","post","type-post","status-publish","format-standard","has-post-thumbnail","hentry","category-arkiv-nyheter","category-nyheter"],"yoast_head":"<!-- This site is optimized with the Yoast SEO Premium plugin v26.2 (Yoast SEO v27.4) - https:\/\/yoast.com\/product\/yoast-seo-premium-wordpress\/ -->\n<title>F\u00e4rre b\u00f6ter f\u00f6r cyklister i M\u00e1laga\u00a0 - Svenska Magasinet<\/title>\n<meta name=\"robots\" content=\"noindex, follow, max-snippet:-1, max-image-preview:large, max-video-preview:-1\" \/>\n<meta property=\"og:locale\" content=\"sv_SE\" \/>\n<meta property=\"og:type\" content=\"article\" \/>\n<meta property=\"og:title\" content=\"F\u00e4rre b\u00f6ter f\u00f6r cyklister i M\u00e1laga\u00a0\" \/>\n<meta property=\"og:description\" content=\"Allt f\u00e4rre trafikbrott beg\u00e5s av cyklister.\u00a0Vissa menar dock att kommunen kan g\u00f6ra mer f\u00f6r att f\u00e5 ner siffran ytterligare.\" \/>\n<meta property=\"og:url\" content=\"https:\/\/lightweb.dev\/l\/svm-temp\/nyheter\/farre-boter-for-cyklister-i-malaga\/\" \/>\n<meta property=\"og:site_name\" content=\"Svenska Magasinet\" \/>\n<meta property=\"article:publisher\" content=\"https:\/\/www.facebook.com\/svenskamagasinet\" \/>\n<meta property=\"article:published_time\" content=\"2025-03-17T15:52:23+00:00\" \/>\n<meta property=\"og:image\" content=\"https:\/\/lightweb.dev\/l\/svm-temp\/wp-content\/uploads\/2025\/03\/svm20250317130800.webp\" \/>\n\t<meta property=\"og:image:width\" content=\"900\" \/>\n\t<meta property=\"og:image:height\" content=\"400\" \/>\n\t<meta property=\"og:image:type\" content=\"image\/webp\" \/>\n<meta name=\"author\" content=\"Robbie Eriksson\" \/>\n<meta name=\"twitter:card\" content=\"summary_large_image\" \/>\n<meta name=\"twitter:creator\" content=\"@SvenskaMagasine\" \/>\n<meta name=\"twitter:site\" content=\"@SvenskaMagasine\" \/>\n<script type=\"application\/ld+json\" class=\"yoast-schema-graph\">{\"@context\":\"https:\\\/\\\/schema.org\",\"@graph\":[{\"@type\":\"Article\",\"@id\":\"https:\\\/\\\/lightweb.dev\\\/l\\\/svm-temp\\\/nyheter\\\/farre-boter-for-cyklister-i-malaga\\\/#article\",\"isPartOf\":{\"@id\":\"https:\\\/\\\/lightweb.dev\\\/l\\\/svm-temp\\\/nyheter\\\/farre-boter-for-cyklister-i-malaga\\\/\"},\"author\":{\"name\":\"Robbie Eriksson\",\"@id\":\"https:\\\/\\\/lightweb.dev\\\/l\\\/svm-temp\\\/#\\\/schema\\\/person\\\/caffe038990d25722f5a04a03c906a2b\"},\"headline\":\"F\u00e4rre b\u00f6ter f\u00f6r cyklister i M\u00e1laga\u00a0\",\"datePublished\":\"2025-03-17T15:52:23+00:00\",\"mainEntityOfPage\":{\"@id\":\"https:\\\/\\\/lightweb.dev\\\/l\\\/svm-temp\\\/nyheter\\\/farre-boter-for-cyklister-i-malaga\\\/\"},\"wordCount\":463,\"publisher\":{\"@id\":\"https:\\\/\\\/lightweb.dev\\\/l\\\/svm-temp\\\/#organization\"},\"image\":{\"@id\":\"https:\\\/\\\/lightweb.dev\\\/l\\\/svm-temp\\\/nyheter\\\/farre-boter-for-cyklister-i-malaga\\\/#primaryimage\"},\"thumbnailUrl\":\"https:\\\/\\\/lightweb.dev\\\/l\\\/svm-temp\\\/wp-content\\\/uploads\\\/2025\\\/03\\\/svm20250317130800.webp\",\"articleSection\":[\"Arkiv\",\"Nyheter\"],\"inLanguage\":\"sv-SE\"},{\"@type\":\"WebPage\",\"@id\":\"https:\\\/\\\/lightweb.dev\\\/l\\\/svm-temp\\\/nyheter\\\/farre-boter-for-cyklister-i-malaga\\\/\",\"url\":\"https:\\\/\\\/lightweb.dev\\\/l\\\/svm-temp\\\/nyheter\\\/farre-boter-for-cyklister-i-malaga\\\/\",\"name\":\"F\u00e4rre b\u00f6ter f\u00f6r cyklister i M\u00e1laga\u00a0 - Svenska Magasinet\",\"isPartOf\":{\"@id\":\"https:\\\/\\\/lightweb.dev\\\/l\\\/svm-temp\\\/#website\"},\"primaryImageOfPage\":{\"@id\":\"https:\\\/\\\/lightweb.dev\\\/l\\\/svm-temp\\\/nyheter\\\/farre-boter-for-cyklister-i-malaga\\\/#primaryimage\"},\"image\":{\"@id\":\"https:\\\/\\\/lightweb.dev\\\/l\\\/svm-temp\\\/nyheter\\\/farre-boter-for-cyklister-i-malaga\\\/#primaryimage\"},\"thumbnailUrl\":\"https:\\\/\\\/lightweb.dev\\\/l\\\/svm-temp\\\/wp-content\\\/uploads\\\/2025\\\/03\\\/svm20250317130800.webp\",\"datePublished\":\"2025-03-17T15:52:23+00:00\",\"breadcrumb\":{\"@id\":\"https:\\\/\\\/lightweb.dev\\\/l\\\/svm-temp\\\/nyheter\\\/farre-boter-for-cyklister-i-malaga\\\/#breadcrumb\"},\"inLanguage\":\"sv-SE\",\"potentialAction\":[{\"@type\":\"ReadAction\",\"target\":[\"https:\\\/\\\/lightweb.dev\\\/l\\\/svm-temp\\\/nyheter\\\/farre-boter-for-cyklister-i-malaga\\\/\"]}]},{\"@type\":\"ImageObject\",\"inLanguage\":\"sv-SE\",\"@id\":\"https:\\\/\\\/lightweb.dev\\\/l\\\/svm-temp\\\/nyheter\\\/farre-boter-for-cyklister-i-malaga\\\/#primaryimage\",\"url\":\"https:\\\/\\\/lightweb.dev\\\/l\\\/svm-temp\\\/wp-content\\\/uploads\\\/2025\\\/03\\\/svm20250317130800.webp\",\"contentUrl\":\"https:\\\/\\\/lightweb.dev\\\/l\\\/svm-temp\\\/wp-content\\\/uploads\\\/2025\\\/03\\\/svm20250317130800.webp\",\"width\":900,\"height\":400},{\"@type\":\"BreadcrumbList\",\"@id\":\"https:\\\/\\\/lightweb.dev\\\/l\\\/svm-temp\\\/nyheter\\\/farre-boter-for-cyklister-i-malaga\\\/#breadcrumb\",\"itemListElement\":[{\"@type\":\"ListItem\",\"position\":1,\"name\":\"Hem\",\"item\":\"https:\\\/\\\/lightweb.dev\\\/l\\\/svm-temp\\\/\"},{\"@type\":\"ListItem\",\"position\":2,\"name\":\"F\u00e4rre b\u00f6ter f\u00f6r cyklister i M\u00e1laga\u00a0\"}]},{\"@type\":\"WebSite\",\"@id\":\"https:\\\/\\\/lightweb.dev\\\/l\\\/svm-temp\\\/#website\",\"url\":\"https:\\\/\\\/lightweb.dev\\\/l\\\/svm-temp\\\/\",\"name\":\"Svenska Magasinet\",\"description\":\"Dina Spanska nyheter p&aring; Svenska\",\"publisher\":{\"@id\":\"https:\\\/\\\/lightweb.dev\\\/l\\\/svm-temp\\\/#organization\"},\"potentialAction\":[{\"@type\":\"SearchAction\",\"target\":{\"@type\":\"EntryPoint\",\"urlTemplate\":\"https:\\\/\\\/lightweb.dev\\\/l\\\/svm-temp\\\/?s={search_term_string}\"},\"query-input\":{\"@type\":\"PropertyValueSpecification\",\"valueRequired\":true,\"valueName\":\"search_term_string\"}}],\"inLanguage\":\"sv-SE\"},{\"@type\":\"Organization\",\"@id\":\"https:\\\/\\\/lightweb.dev\\\/l\\\/svm-temp\\\/#organization\",\"name\":\"Melkerson y Nott SL\",\"alternateName\":\"Svenska Magasinet\",\"url\":\"https:\\\/\\\/lightweb.dev\\\/l\\\/svm-temp\\\/\",\"logo\":{\"@type\":\"ImageObject\",\"inLanguage\":\"sv-SE\",\"@id\":\"https:\\\/\\\/lightweb.dev\\\/l\\\/svm-temp\\\/#\\\/schema\\\/logo\\\/image\\\/\",\"url\":\"https:\\\/\\\/lightweb.dev\\\/l\\\/svm-temp\\\/wp-content\\\/uploads\\\/2025\\\/02\\\/SvM-logo-Xtra-Centrerad-SVART.png\",\"contentUrl\":\"https:\\\/\\\/lightweb.dev\\\/l\\\/svm-temp\\\/wp-content\\\/uploads\\\/2025\\\/02\\\/SvM-logo-Xtra-Centrerad-SVART.png\",\"width\":300,\"height\":99,\"caption\":\"Melkerson y Nott SL\"},\"image\":{\"@id\":\"https:\\\/\\\/lightweb.dev\\\/l\\\/svm-temp\\\/#\\\/schema\\\/logo\\\/image\\\/\"},\"sameAs\":[\"https:\\\/\\\/www.facebook.com\\\/svenskamagasinet\",\"https:\\\/\\\/x.com\\\/SvenskaMagasine\"]},{\"@type\":\"Person\",\"@id\":\"https:\\\/\\\/lightweb.dev\\\/l\\\/svm-temp\\\/#\\\/schema\\\/person\\\/caffe038990d25722f5a04a03c906a2b\",\"name\":\"Robbie Eriksson\",\"sameAs\":[\"https:\\\/\\\/lightweb.dev\\\/l\\\/svm-temp\"],\"url\":\"https:\\\/\\\/lightweb.dev\\\/l\\\/svm-temp\\\/reporter\\\/robbie-eriksson\\\/\"}]}<\/script>\n<!-- \/ Yoast SEO Premium plugin. -->","yoast_head_json":{"title":"F\u00e4rre b\u00f6ter f\u00f6r cyklister i M\u00e1laga\u00a0 - Svenska Magasinet","robots":{"index":"noindex","follow":"follow","max-snippet":"max-snippet:-1","max-image-preview":"max-image-preview:large","max-video-preview":"max-video-preview:-1"},"og_locale":"sv_SE","og_type":"article","og_title":"F\u00e4rre b\u00f6ter f\u00f6r cyklister i M\u00e1laga\u00a0","og_description":"Allt f\u00e4rre trafikbrott beg\u00e5s av cyklister.\u00a0Vissa menar dock att kommunen kan g\u00f6ra mer f\u00f6r att f\u00e5 ner siffran ytterligare.","og_url":"https:\/\/lightweb.dev\/l\/svm-temp\/nyheter\/farre-boter-for-cyklister-i-malaga\/","og_site_name":"Svenska Magasinet","article_publisher":"https:\/\/www.facebook.com\/svenskamagasinet","article_published_time":"2025-03-17T15:52:23+00:00","og_image":[{"width":900,"height":400,"url":"https:\/\/lightweb.dev\/l\/svm-temp\/wp-content\/uploads\/2025\/03\/svm20250317130800.webp","type":"image\/webp"}],"author":"Robbie Eriksson","twitter_card":"summary_large_image","twitter_creator":"@SvenskaMagasine","twitter_site":"@SvenskaMagasine","schema":{"@context":"https:\/\/schema.org","@graph":[{"@type":"Article","@id":"https:\/\/lightweb.dev\/l\/svm-temp\/nyheter\/farre-boter-for-cyklister-i-malaga\/#article","isPartOf":{"@id":"https:\/\/lightweb.dev\/l\/svm-temp\/nyheter\/farre-boter-for-cyklister-i-malaga\/"},"author":{"name":"Robbie Eriksson","@id":"https:\/\/lightweb.dev\/l\/svm-temp\/#\/schema\/person\/caffe038990d25722f5a04a03c906a2b"},"headline":"F\u00e4rre b\u00f6ter f\u00f6r cyklister i M\u00e1laga\u00a0","datePublished":"2025-03-17T15:52:23+00:00","mainEntityOfPage":{"@id":"https:\/\/lightweb.dev\/l\/svm-temp\/nyheter\/farre-boter-for-cyklister-i-malaga\/"},"wordCount":463,"publisher":{"@id":"https:\/\/lightweb.dev\/l\/svm-temp\/#organization"},"image":{"@id":"https:\/\/lightweb.dev\/l\/svm-temp\/nyheter\/farre-boter-for-cyklister-i-malaga\/#primaryimage"},"thumbnailUrl":"https:\/\/lightweb.dev\/l\/svm-temp\/wp-content\/uploads\/2025\/03\/svm20250317130800.webp","articleSection":["Arkiv","Nyheter"],"inLanguage":"sv-SE"},{"@type":"WebPage","@id":"https:\/\/lightweb.dev\/l\/svm-temp\/nyheter\/farre-boter-for-cyklister-i-malaga\/","url":"https:\/\/lightweb.dev\/l\/svm-temp\/nyheter\/farre-boter-for-cyklister-i-malaga\/","name":"F\u00e4rre b\u00f6ter f\u00f6r cyklister i M\u00e1laga\u00a0 - Svenska Magasinet","isPartOf":{"@id":"https:\/\/lightweb.dev\/l\/svm-temp\/#website"},"primaryImageOfPage":{"@id":"https:\/\/lightweb.dev\/l\/svm-temp\/nyheter\/farre-boter-for-cyklister-i-malaga\/#primaryimage"},"image":{"@id":"https:\/\/lightweb.dev\/l\/svm-temp\/nyheter\/farre-boter-for-cyklister-i-malaga\/#primaryimage"},"thumbnailUrl":"https:\/\/lightweb.dev\/l\/svm-temp\/wp-content\/uploads\/2025\/03\/svm20250317130800.webp","datePublished":"2025-03-17T15:52:23+00:00","breadcrumb":{"@id":"https:\/\/lightweb.dev\/l\/svm-temp\/nyheter\/farre-boter-for-cyklister-i-malaga\/#breadcrumb"},"inLanguage":"sv-SE","potentialAction":[{"@type":"ReadAction","target":["https:\/\/lightweb.dev\/l\/svm-temp\/nyheter\/farre-boter-for-cyklister-i-malaga\/"]}]},{"@type":"ImageObject","inLanguage":"sv-SE","@id":"https:\/\/lightweb.dev\/l\/svm-temp\/nyheter\/farre-boter-for-cyklister-i-malaga\/#primaryimage","url":"https:\/\/lightweb.dev\/l\/svm-temp\/wp-content\/uploads\/2025\/03\/svm20250317130800.webp","contentUrl":"https:\/\/lightweb.dev\/l\/svm-temp\/wp-content\/uploads\/2025\/03\/svm20250317130800.webp","width":900,"height":400},{"@type":"BreadcrumbList","@id":"https:\/\/lightweb.dev\/l\/svm-temp\/nyheter\/farre-boter-for-cyklister-i-malaga\/#breadcrumb","itemListElement":[{"@type":"ListItem","position":1,"name":"Hem","item":"https:\/\/lightweb.dev\/l\/svm-temp\/"},{"@type":"ListItem","position":2,"name":"F\u00e4rre b\u00f6ter f\u00f6r cyklister i M\u00e1laga\u00a0"}]},{"@type":"WebSite","@id":"https:\/\/lightweb.dev\/l\/svm-temp\/#website","url":"https:\/\/lightweb.dev\/l\/svm-temp\/","name":"Svenska Magasinet","description":"Dina Spanska nyheter p&aring; Svenska","publisher":{"@id":"https:\/\/lightweb.dev\/l\/svm-temp\/#organization"},"potentialAction":[{"@type":"SearchAction","target":{"@type":"EntryPoint","urlTemplate":"https:\/\/lightweb.dev\/l\/svm-temp\/?s={search_term_string}"},"query-input":{"@type":"PropertyValueSpecification","valueRequired":true,"valueName":"search_term_string"}}],"inLanguage":"sv-SE"},{"@type":"Organization","@id":"https:\/\/lightweb.dev\/l\/svm-temp\/#organization","name":"Melkerson y Nott SL","alternateName":"Svenska Magasinet","url":"https:\/\/lightweb.dev\/l\/svm-temp\/","logo":{"@type":"ImageObject","inLanguage":"sv-SE","@id":"https:\/\/lightweb.dev\/l\/svm-temp\/#\/schema\/logo\/image\/","url":"https:\/\/lightweb.dev\/l\/svm-temp\/wp-content\/uploads\/2025\/02\/SvM-logo-Xtra-Centrerad-SVART.png","contentUrl":"https:\/\/lightweb.dev\/l\/svm-temp\/wp-content\/uploads\/2025\/02\/SvM-logo-Xtra-Centrerad-SVART.png","width":300,"height":99,"caption":"Melkerson y Nott SL"},"image":{"@id":"https:\/\/lightweb.dev\/l\/svm-temp\/#\/schema\/logo\/image\/"},"sameAs":["https:\/\/www.facebook.com\/svenskamagasinet","https:\/\/x.com\/SvenskaMagasine"]},{"@type":"Person","@id":"https:\/\/lightweb.dev\/l\/svm-temp\/#\/schema\/person\/caffe038990d25722f5a04a03c906a2b","name":"Robbie Eriksson","sameAs":["https:\/\/lightweb.dev\/l\/svm-temp"],"url":"https:\/\/lightweb.dev\/l\/svm-temp\/reporter\/robbie-eriksson\/"}]}},"_links":{"self":[{"href":"https:\/\/lightweb.dev\/l\/svm-temp\/wp-json\/wp\/v2\/posts\/80364","targetHints":{"allow":["GET"]}}],"collection":[{"href":"https:\/\/lightweb.dev\/l\/svm-temp\/wp-json\/wp\/v2\/posts"}],"about":[{"href":"https:\/\/lightweb.dev\/l\/svm-temp\/wp-json\/wp\/v2\/types\/post"}],"author":[{"embeddable":true,"href":"https:\/\/lightweb.dev\/l\/svm-temp\/wp-json\/wp\/v2\/users\/14"}],"replies":[{"embeddable":true,"href":"https:\/\/lightweb.dev\/l\/svm-temp\/wp-json\/wp\/v2\/comments?post=80364"}],"version-history":[{"count":0,"href":"https:\/\/lightweb.dev\/l\/svm-temp\/wp-json\/wp\/v2\/posts\/80364\/revisions"}],"wp:featuredmedia":[{"embeddable":true,"href":"https:\/\/lightweb.dev\/l\/svm-temp\/wp-json\/wp\/v2\/media\/80353"}],"wp:attachment":[{"href":"https:\/\/lightweb.dev\/l\/svm-temp\/wp-json\/wp\/v2\/media?parent=80364"}],"wp:term":[{"taxonomy":"category","embeddable":true,"href":"https:\/\/lightweb.dev\/l\/svm-temp\/wp-json\/wp\/v2\/categories?post=80364"},{"taxonomy":"post_tag","embeddable":true,"href":"https:\/\/lightweb.dev\/l\/svm-temp\/wp-json\/wp\/v2\/tags?post=80364"}],"curies":[{"name":"wp","href":"https:\/\/api.w.org\/{rel}","templated":true}]}}