{"id":80373,"date":"2025-03-17T20:22:33","date_gmt":"2025-03-17T19:22:33","guid":{"rendered":"https:\/\/lightweb.dev\/l\/svm-temp\/?p=80373"},"modified":"2025-03-18T15:36:10","modified_gmt":"2025-03-18T14:36:10","slug":"orange-vadervarning-1-200-personer-evakueras-vid-malaga","status":"publish","type":"post","link":"https:\/\/lightweb.dev\/l\/svm-temp\/nyheter\/orange-vadervarning-1-200-personer-evakueras-vid-malaga\/","title":{"rendered":"Orange v\u00e4dervarning: 1.200 personer evakuerades vid M\u00e1laga"},"content":{"rendered":"<p><strong>Orange v\u00e4dervarning var utlyst samtidigt som vattenreservoaren Casaola norr om M\u00e1laga var fylld till 115 procent. P\u00e5 grund av lera och slam \u00e4r den nedre luckan i reservoaren blockerad och har inte kunnat \u00f6ppnas f\u00f6r att sl\u00e4ppa ut vatten de senaste dagarna.<\/strong><\/p>\n<p><strong>Kommer det stora m\u00e4ngder nederb\u00f6rd riskerar reservoaren att sv\u00e4mmas \u00f6ver.<\/strong><\/p>\n<blockquote class=\"twitter-tweet\" data-media-max-width=\"560\">\n<p dir=\"ltr\" lang=\"es\">El <a href=\"https:\/\/twitter.com\/hashtag\/R%C3%ADoCampanillas?src=hash&amp;ref_src=twsrc%5Etfw\">#R\u00edoCampanillas<\/a> se adue\u00f1a de las calles del Distrito. La situaci\u00f3n sigue siendo cr\u00edtica. <a href=\"https:\/\/t.co\/3vrjUQck1f\">pic.twitter.com\/3vrjUQck1f<\/a><\/p>\n<p>\u2014 Storm M\u00e1laga (@Storm_Malaga) <a href=\"https:\/\/twitter.com\/Storm_Malaga\/status\/1901895593141657699?ref_src=twsrc%5Etfw\">March 18, 2025<\/a><\/p><\/blockquote>\n<p><script async src=\"https:\/\/platform.twitter.com\/widgets.js\" charset=\"utf-8\"><\/script><\/p>\n<p>Reservoaren Casaola tar 21,72 kubikhektometer. I skrivande stund var den fylld till 115 procent. Reservoaren t\u00f6ms endast n\u00e4r vattenniv\u00e5n n\u00e5r \u00f6ver kanten, och det forsar rej\u00e4lt.<\/p>\n<p>Ov\u00e4dret Laurence har senaste dygnet gett som mest 116 mm regn i Casarabonela. Orange v\u00e4dervarning var utlyst f\u00f6r regn p\u00e5 upp till 80 mm p\u00e5 tolv timmar natten mot tisdagen.<\/p>\n<p>Reservoaren Casaola \u00e4r konstruerad f\u00f6r att f\u00f6rhindra \u00f6versv\u00e4mningar l\u00e4ngs floden r\u00edo Campanillas.<\/p>\n<p>Larmtj\u00e4nsten 112 Andaluc\u00eda skriver p\u00e5 X att evakueringar av s\u00e4kerhetssk\u00e4l sker l\u00e4ngs floden r\u00edo Campanillas i omr\u00e5dena La Isla, La Perla och La Hacienda. Sporthallen Alfonso Queipo de Llano i stadsdelen Ciudad Jard\u00edn i M\u00e1laga st\u00e5r \u00f6ppen f\u00f6r de evakuerade.<\/p>\n<blockquote class=\"twitter-tweet\" data-media-max-width=\"560\">\n<p dir=\"ltr\" lang=\"pt\"><a href=\"https:\/\/twitter.com\/hashtag\/R%C3%ADoGuadalhorce?src=hash&amp;ref_src=twsrc%5Etfw\">#R\u00edoGuadalhorce<\/a> <a href=\"https:\/\/twitter.com\/hashtag\/C%C3%A1rtama?src=hash&amp;ref_src=twsrc%5Etfw\">#C\u00e1rtama<\/a> \ud83d\udc94<\/p>\n<p>V\u00eddeo: <a href=\"https:\/\/twitter.com\/guardiacivil?ref_src=twsrc%5Etfw\">@guardiacivil<\/a> <a href=\"https:\/\/t.co\/7zbFKjNpyb\">pic.twitter.com\/7zbFKjNpyb<\/a><\/p>\n<p>\u2014 Storm M\u00e1laga (@Storm_Malaga) <a href=\"https:\/\/twitter.com\/Storm_Malaga\/status\/1901966941645938708?ref_src=twsrc%5Etfw\">March 18, 2025<\/a><\/p><\/blockquote>\n<p><script async src=\"https:\/\/platform.twitter.com\/widgets.js\" charset=\"utf-8\"><\/script><\/p>\n<p>Larmtj\u00e4nsten samlades p\u00e5 m\u00e5ndagseftermiddagen f\u00f6r att granska situationen och ta beslut om evakuering.<\/p>\n<p>Klockan sex p\u00e5 m\u00e5ndagskv\u00e4llen planerades det \u00e4ven om att evakuera en grupp inv\u00e5nare vid nedre delen av Alhaur\u00edn de la Torre.<\/p>\n<p>Evakueringen samordnas av Guardia Civil i Almog\u00eda och av nationalpolisen i M\u00e1laga tillsammans med lokalpolis och civilf\u00f6rsvaret i Alhaur\u00edn de la Torre och M\u00e1laga.<\/p>\n<p>Myndigheterna planerade evakuera 1.200 inv\u00e5nare. Vid 22-tiden p\u00e5 m\u00e5ndagskv\u00e4llen kom uppgifter p\u00e5 att 368 familjer evakueras.<\/p>\n<p><a href=\"https:\/\/www.diariosur.es\/malaga-capital\/dispositivo-1200-desalojos-campanillas-malaga-20250317174023-nt.html\">Diario Sur<\/a> skriver att m\u00e5nga av inv\u00e5narna har valt att stanna kvar i sina bost\u00e4der och h\u00e5lla sig p\u00e5 andra v\u00e5ningen. De vill inte l\u00e4mna sina djur och \u00e4r r\u00e4dda f\u00f6r att f\u00e5 sina bost\u00e4der plundrade.<\/p>\n<p>Lokalpoliser stannar kvar i de evakuerade omr\u00e5det f\u00f6r att f\u00f6rhindra skadeg\u00f6relser och st\u00f6lder.<\/p>\n<p>Totalt \u00e5tta skolor h\u00e5ller st\u00e4ngt p\u00e5 tisdagen: Pablo Neruda, La Campi\u00f1a, Cano Cartam\u00f3n, Arcoiris, Flor de Azahar, IES Valle del Azahar, IES Cartima y Novaschool Sunland i C\u00e1rtama samt Francisco Quevedo och IES Torre del Prado i samh\u00e4llet Campanillas.<\/p>\n<p>\u00c4ven Marbella har drabbats av \u00f6versv\u00e4mningar. Totalt \u00e5tta bost\u00e4der har evakuerats efter att floden r\u00edo Guadaiza har sv\u00e4mmat \u00f6ver sina breddar i j\u00e4mnh\u00f6jd med Cortijo Blanco.<\/p>\n<p>F\u00f6rutom floden r\u00edo Campanillas \u00e4r vattenniv\u00e5n rekordh\u00f6g i r\u00edo Guadalhorce. SAIH Hidrosur skriver p\u00e5 X att floden har n\u00e5tt 5,46 meter vilket \u00e4r nytt rekord. Det f\u00f6rra rekordet l\u00e5g p\u00e5 5,39 meter och var fr\u00e5n 4 december 2016.<\/p>\n<p>I nul\u00e4get \u00e4r tre personer rapporterade saknade i Spanien efter de senaste ov\u00e4dren. En person har hittats d\u00f6d av r\u00e4ddningstj\u00e4nsten i Sevilla. Ett par, en man och en kvinna, sveptes med av vattnet i en flod n\u00e4r de satt i bilen n\u00e4ra byn Constantina vilket g\u00f6r att myndigheterna tror att den kropp som hittats \u00e4r n\u00e5gon av de efters\u00f6kta.<\/p>\n<blockquote class=\"twitter-tweet\" data-media-max-width=\"560\">\n<p dir=\"ltr\" lang=\"es\">\u26a0\ufe0fSigue el paso de la <a href=\"https:\/\/twitter.com\/hashtag\/BorrascaLaurence?src=hash&amp;ref_src=twsrc%5Etfw\">#BorrascaLaurence<\/a> por <a href=\"https:\/\/twitter.com\/hashtag\/Andaluc%C3%ADa?src=hash&amp;ref_src=twsrc%5Etfw\">#Andaluc\u00eda<\/a>.<\/p>\n<p>\ud83d\udfe0Aviso naranja -riesgo importante- por lluvia \ud83c\udf27\ufe0f en comarcas de <a href=\"https:\/\/twitter.com\/hashtag\/M%C3%A1laga?src=hash&amp;ref_src=twsrc%5Etfw\">#M\u00e1laga<\/a> de Sol, Guadalhorce y Axarqu\u00eda, y Costa granadina. Y costeros en Huelva y C\u00e1diz \ud83c\udf0a.<\/p>\n<p>\ud83d\udfe1Amarillo en S. Norte, <a href=\"https:\/\/twitter.com\/hashtag\/Sevilla?src=hash&amp;ref_src=twsrc%5Etfw\">#Sevilla<\/a> y comarcas de <a href=\"https:\/\/twitter.com\/hashtag\/Ja%C3%A9n?src=hash&amp;ref_src=twsrc%5Etfw\">#Ja\u00e9n<\/a> y <a href=\"https:\/\/twitter.com\/hashtag\/Granada?src=hash&amp;ref_src=twsrc%5Etfw\">#Granada<\/a>. <a href=\"https:\/\/t.co\/JnkSxdmmE9\">pic.twitter.com\/JnkSxdmmE9<\/a><\/p>\n<p>\u2014 EMA 112 (@E112Andalucia) <a href=\"https:\/\/twitter.com\/E112Andalucia\/status\/1901883684887675125?ref_src=twsrc%5Etfw\">March 18, 2025<\/a><\/p><\/blockquote>\n<p><script async src=\"https:\/\/platform.twitter.com\/widgets.js\" charset=\"utf-8\"><\/script><\/p>\n<h2><strong>Bl\u00f6ta siffror<\/strong><\/h2>\n<p>Senaste \u00e5ren har regnen kommit senare fram\u00e5t v\u00e5ren j\u00e4mf\u00f6rt med tidigare d\u00e5 det i regel regnade i november, december eller januari.<\/p>\n<p>De senaste 16 dagarna har det kommit 180 mm regn vid den officiella m\u00e4tstationen vid M\u00e1laga flygplats. Det \u00e4r tre g\u00e5nger s\u00e5 mycket \u00e4n normalt d\u00e5 flygplatsen under mars m\u00e5nad i genomsnitt f\u00e5r 60 mm. \u00c4ven M\u00e1laga stad har f\u00e5tt mycket regn. Vid m\u00e4tstationen p\u00e5 paseo de la Farola i hamnen har det kommit 105 mm regn.<\/p>\n<p>Mest nederb\u00f6rd i M\u00e1lagaprovinsen har Pujerra f\u00e5tt med 394 mm f\u00f6ljt av Los Reales de Sierra Bermeja (363), Cortes de la Frontera (356) och Oj\u00e9n (333) visar siffror fr\u00e5n Hidrosur.<\/p>\n<p>N\u00e4tverket Acamet uppger att El Juanar har f\u00e5tt mest med 450 mm regn.<\/p>\n<p>Fotnot. <em>Texten \u00e4r uppdaterad.<\/em><\/p>\n","protected":false},"excerpt":{"rendered":"<p>Orange v\u00e4dervarning \u00e4r utlyst samtidigt som vattenreservoaren Casaola norr om M\u00e1laga \u00e4r full. P\u00e5 grund av lera och slam \u00e4r den nedre luckan i reservoaren blockerad och har inte kunnat \u00f6ppnas f\u00f6r att sl\u00e4ppa ut vatten&#8230;<\/p>\n","protected":false},"author":7,"featured_media":80439,"comment_status":"closed","ping_status":"closed","sticky":false,"template":"","format":"standard","meta":{"_et_pb_use_builder":"","_et_pb_old_content":"","_et_gb_content_width":"","footnotes":""},"categories":[395,3],"tags":[],"class_list":["post-80373","post","type-post","status-publish","format-standard","has-post-thumbnail","hentry","category-arkiv-nyheter","category-nyheter"],"yoast_head":"<!-- This site is optimized with the Yoast SEO Premium plugin v26.2 (Yoast SEO v27.4) - https:\/\/yoast.com\/product\/yoast-seo-premium-wordpress\/ -->\n<title>Orange v\u00e4dervarning: 1.200 personer evakuerades vid M\u00e1laga - Svenska Magasinet<\/title>\n<meta name=\"robots\" content=\"noindex, follow, max-snippet:-1, max-image-preview:large, max-video-preview:-1\" \/>\n<meta property=\"og:locale\" content=\"sv_SE\" \/>\n<meta property=\"og:type\" content=\"article\" \/>\n<meta property=\"og:title\" content=\"Orange v\u00e4dervarning: 1.200 personer evakuerades vid M\u00e1laga\" \/>\n<meta property=\"og:description\" content=\"Orange v\u00e4dervarning \u00e4r utlyst samtidigt som vattenreservoaren Casaola norr om M\u00e1laga \u00e4r full. P\u00e5 grund av lera och slam \u00e4r den nedre luckan i reservoaren blockerad och har inte kunnat \u00f6ppnas f\u00f6r att sl\u00e4ppa ut vatten...\" \/>\n<meta property=\"og:url\" content=\"https:\/\/lightweb.dev\/l\/svm-temp\/nyheter\/orange-vadervarning-1-200-personer-evakueras-vid-malaga\/\" \/>\n<meta property=\"og:site_name\" content=\"Svenska Magasinet\" \/>\n<meta property=\"article:publisher\" content=\"https:\/\/www.facebook.com\/svenskamagasinet\" \/>\n<meta property=\"article:published_time\" content=\"2025-03-17T19:22:33+00:00\" \/>\n<meta property=\"article:modified_time\" content=\"2025-03-18T14:36:10+00:00\" \/>\n<meta property=\"og:image\" content=\"https:\/\/lightweb.dev\/l\/svm-temp\/wp-content\/uploads\/2025\/03\/svm20250318134841.webp\" \/>\n\t<meta property=\"og:image:width\" content=\"900\" \/>\n\t<meta property=\"og:image:height\" content=\"400\" \/>\n\t<meta property=\"og:image:type\" content=\"image\/webp\" \/>\n<meta name=\"author\" content=\"Ola Josefsson\" \/>\n<meta name=\"twitter:card\" content=\"summary_large_image\" \/>\n<meta name=\"twitter:creator\" content=\"@SvenskaMagasine\" \/>\n<meta name=\"twitter:site\" content=\"@SvenskaMagasine\" \/>\n<script type=\"application\/ld+json\" class=\"yoast-schema-graph\">{\"@context\":\"https:\\\/\\\/schema.org\",\"@graph\":[{\"@type\":\"Article\",\"@id\":\"https:\\\/\\\/lightweb.dev\\\/l\\\/svm-temp\\\/nyheter\\\/orange-vadervarning-1-200-personer-evakueras-vid-malaga\\\/#article\",\"isPartOf\":{\"@id\":\"https:\\\/\\\/lightweb.dev\\\/l\\\/svm-temp\\\/nyheter\\\/orange-vadervarning-1-200-personer-evakueras-vid-malaga\\\/\"},\"author\":{\"name\":\"Ola Josefsson\",\"@id\":\"https:\\\/\\\/lightweb.dev\\\/l\\\/svm-temp\\\/#\\\/schema\\\/person\\\/7a82b8a73d171d32360a564b6d03508e\"},\"headline\":\"Orange v\u00e4dervarning: 1.200 personer evakuerades vid M\u00e1laga\",\"datePublished\":\"2025-03-17T19:22:33+00:00\",\"dateModified\":\"2025-03-18T14:36:10+00:00\",\"mainEntityOfPage\":{\"@id\":\"https:\\\/\\\/lightweb.dev\\\/l\\\/svm-temp\\\/nyheter\\\/orange-vadervarning-1-200-personer-evakueras-vid-malaga\\\/\"},\"wordCount\":773,\"publisher\":{\"@id\":\"https:\\\/\\\/lightweb.dev\\\/l\\\/svm-temp\\\/#organization\"},\"image\":{\"@id\":\"https:\\\/\\\/lightweb.dev\\\/l\\\/svm-temp\\\/nyheter\\\/orange-vadervarning-1-200-personer-evakueras-vid-malaga\\\/#primaryimage\"},\"thumbnailUrl\":\"https:\\\/\\\/lightweb.dev\\\/l\\\/svm-temp\\\/wp-content\\\/uploads\\\/2025\\\/03\\\/svm20250318134841.webp\",\"articleSection\":[\"Arkiv\",\"Nyheter\"],\"inLanguage\":\"sv-SE\"},{\"@type\":\"WebPage\",\"@id\":\"https:\\\/\\\/lightweb.dev\\\/l\\\/svm-temp\\\/nyheter\\\/orange-vadervarning-1-200-personer-evakueras-vid-malaga\\\/\",\"url\":\"https:\\\/\\\/lightweb.dev\\\/l\\\/svm-temp\\\/nyheter\\\/orange-vadervarning-1-200-personer-evakueras-vid-malaga\\\/\",\"name\":\"Orange v\u00e4dervarning: 1.200 personer evakuerades vid M\u00e1laga - Svenska Magasinet\",\"isPartOf\":{\"@id\":\"https:\\\/\\\/lightweb.dev\\\/l\\\/svm-temp\\\/#website\"},\"primaryImageOfPage\":{\"@id\":\"https:\\\/\\\/lightweb.dev\\\/l\\\/svm-temp\\\/nyheter\\\/orange-vadervarning-1-200-personer-evakueras-vid-malaga\\\/#primaryimage\"},\"image\":{\"@id\":\"https:\\\/\\\/lightweb.dev\\\/l\\\/svm-temp\\\/nyheter\\\/orange-vadervarning-1-200-personer-evakueras-vid-malaga\\\/#primaryimage\"},\"thumbnailUrl\":\"https:\\\/\\\/lightweb.dev\\\/l\\\/svm-temp\\\/wp-content\\\/uploads\\\/2025\\\/03\\\/svm20250318134841.webp\",\"datePublished\":\"2025-03-17T19:22:33+00:00\",\"dateModified\":\"2025-03-18T14:36:10+00:00\",\"breadcrumb\":{\"@id\":\"https:\\\/\\\/lightweb.dev\\\/l\\\/svm-temp\\\/nyheter\\\/orange-vadervarning-1-200-personer-evakueras-vid-malaga\\\/#breadcrumb\"},\"inLanguage\":\"sv-SE\",\"potentialAction\":[{\"@type\":\"ReadAction\",\"target\":[\"https:\\\/\\\/lightweb.dev\\\/l\\\/svm-temp\\\/nyheter\\\/orange-vadervarning-1-200-personer-evakueras-vid-malaga\\\/\"]}]},{\"@type\":\"ImageObject\",\"inLanguage\":\"sv-SE\",\"@id\":\"https:\\\/\\\/lightweb.dev\\\/l\\\/svm-temp\\\/nyheter\\\/orange-vadervarning-1-200-personer-evakueras-vid-malaga\\\/#primaryimage\",\"url\":\"https:\\\/\\\/lightweb.dev\\\/l\\\/svm-temp\\\/wp-content\\\/uploads\\\/2025\\\/03\\\/svm20250318134841.webp\",\"contentUrl\":\"https:\\\/\\\/lightweb.dev\\\/l\\\/svm-temp\\\/wp-content\\\/uploads\\\/2025\\\/03\\\/svm20250318134841.webp\",\"width\":900,\"height\":400,\"caption\":\"(Foto: Guardia Civil)\"},{\"@type\":\"BreadcrumbList\",\"@id\":\"https:\\\/\\\/lightweb.dev\\\/l\\\/svm-temp\\\/nyheter\\\/orange-vadervarning-1-200-personer-evakueras-vid-malaga\\\/#breadcrumb\",\"itemListElement\":[{\"@type\":\"ListItem\",\"position\":1,\"name\":\"Hem\",\"item\":\"https:\\\/\\\/lightweb.dev\\\/l\\\/svm-temp\\\/\"},{\"@type\":\"ListItem\",\"position\":2,\"name\":\"Orange v\u00e4dervarning: 1.200 personer evakuerades vid M\u00e1laga\"}]},{\"@type\":\"WebSite\",\"@id\":\"https:\\\/\\\/lightweb.dev\\\/l\\\/svm-temp\\\/#website\",\"url\":\"https:\\\/\\\/lightweb.dev\\\/l\\\/svm-temp\\\/\",\"name\":\"Svenska Magasinet\",\"description\":\"Dina Spanska nyheter p&aring; Svenska\",\"publisher\":{\"@id\":\"https:\\\/\\\/lightweb.dev\\\/l\\\/svm-temp\\\/#organization\"},\"potentialAction\":[{\"@type\":\"SearchAction\",\"target\":{\"@type\":\"EntryPoint\",\"urlTemplate\":\"https:\\\/\\\/lightweb.dev\\\/l\\\/svm-temp\\\/?s={search_term_string}\"},\"query-input\":{\"@type\":\"PropertyValueSpecification\",\"valueRequired\":true,\"valueName\":\"search_term_string\"}}],\"inLanguage\":\"sv-SE\"},{\"@type\":\"Organization\",\"@id\":\"https:\\\/\\\/lightweb.dev\\\/l\\\/svm-temp\\\/#organization\",\"name\":\"Melkerson y Nott SL\",\"alternateName\":\"Svenska Magasinet\",\"url\":\"https:\\\/\\\/lightweb.dev\\\/l\\\/svm-temp\\\/\",\"logo\":{\"@type\":\"ImageObject\",\"inLanguage\":\"sv-SE\",\"@id\":\"https:\\\/\\\/lightweb.dev\\\/l\\\/svm-temp\\\/#\\\/schema\\\/logo\\\/image\\\/\",\"url\":\"https:\\\/\\\/lightweb.dev\\\/l\\\/svm-temp\\\/wp-content\\\/uploads\\\/2025\\\/02\\\/SvM-logo-Xtra-Centrerad-SVART.png\",\"contentUrl\":\"https:\\\/\\\/lightweb.dev\\\/l\\\/svm-temp\\\/wp-content\\\/uploads\\\/2025\\\/02\\\/SvM-logo-Xtra-Centrerad-SVART.png\",\"width\":300,\"height\":99,\"caption\":\"Melkerson y Nott SL\"},\"image\":{\"@id\":\"https:\\\/\\\/lightweb.dev\\\/l\\\/svm-temp\\\/#\\\/schema\\\/logo\\\/image\\\/\"},\"sameAs\":[\"https:\\\/\\\/www.facebook.com\\\/svenskamagasinet\",\"https:\\\/\\\/x.com\\\/SvenskaMagasine\"]},{\"@type\":\"Person\",\"@id\":\"https:\\\/\\\/lightweb.dev\\\/l\\\/svm-temp\\\/#\\\/schema\\\/person\\\/7a82b8a73d171d32360a564b6d03508e\",\"name\":\"Ola Josefsson\",\"description\":\"Bevakar Solkusten och Spanien sedan 1994.\",\"sameAs\":[\"https:\\\/\\\/lightweb.dev\\\/l\\\/svm-temp\"],\"url\":\"https:\\\/\\\/lightweb.dev\\\/l\\\/svm-temp\\\/reporter\\\/ola-josefsson\\\/\"}]}<\/script>\n<!-- \/ Yoast SEO Premium plugin. -->","yoast_head_json":{"title":"Orange v\u00e4dervarning: 1.200 personer evakuerades vid M\u00e1laga - Svenska Magasinet","robots":{"index":"noindex","follow":"follow","max-snippet":"max-snippet:-1","max-image-preview":"max-image-preview:large","max-video-preview":"max-video-preview:-1"},"og_locale":"sv_SE","og_type":"article","og_title":"Orange v\u00e4dervarning: 1.200 personer evakuerades vid M\u00e1laga","og_description":"Orange v\u00e4dervarning \u00e4r utlyst samtidigt som vattenreservoaren Casaola norr om M\u00e1laga \u00e4r full. P\u00e5 grund av lera och slam \u00e4r den nedre luckan i reservoaren blockerad och har inte kunnat \u00f6ppnas f\u00f6r att sl\u00e4ppa ut vatten...","og_url":"https:\/\/lightweb.dev\/l\/svm-temp\/nyheter\/orange-vadervarning-1-200-personer-evakueras-vid-malaga\/","og_site_name":"Svenska Magasinet","article_publisher":"https:\/\/www.facebook.com\/svenskamagasinet","article_published_time":"2025-03-17T19:22:33+00:00","article_modified_time":"2025-03-18T14:36:10+00:00","og_image":[{"width":900,"height":400,"url":"https:\/\/lightweb.dev\/l\/svm-temp\/wp-content\/uploads\/2025\/03\/svm20250318134841.webp","type":"image\/webp"}],"author":"Ola Josefsson","twitter_card":"summary_large_image","twitter_creator":"@SvenskaMagasine","twitter_site":"@SvenskaMagasine","schema":{"@context":"https:\/\/schema.org","@graph":[{"@type":"Article","@id":"https:\/\/lightweb.dev\/l\/svm-temp\/nyheter\/orange-vadervarning-1-200-personer-evakueras-vid-malaga\/#article","isPartOf":{"@id":"https:\/\/lightweb.dev\/l\/svm-temp\/nyheter\/orange-vadervarning-1-200-personer-evakueras-vid-malaga\/"},"author":{"name":"Ola Josefsson","@id":"https:\/\/lightweb.dev\/l\/svm-temp\/#\/schema\/person\/7a82b8a73d171d32360a564b6d03508e"},"headline":"Orange v\u00e4dervarning: 1.200 personer evakuerades vid M\u00e1laga","datePublished":"2025-03-17T19:22:33+00:00","dateModified":"2025-03-18T14:36:10+00:00","mainEntityOfPage":{"@id":"https:\/\/lightweb.dev\/l\/svm-temp\/nyheter\/orange-vadervarning-1-200-personer-evakueras-vid-malaga\/"},"wordCount":773,"publisher":{"@id":"https:\/\/lightweb.dev\/l\/svm-temp\/#organization"},"image":{"@id":"https:\/\/lightweb.dev\/l\/svm-temp\/nyheter\/orange-vadervarning-1-200-personer-evakueras-vid-malaga\/#primaryimage"},"thumbnailUrl":"https:\/\/lightweb.dev\/l\/svm-temp\/wp-content\/uploads\/2025\/03\/svm20250318134841.webp","articleSection":["Arkiv","Nyheter"],"inLanguage":"sv-SE"},{"@type":"WebPage","@id":"https:\/\/lightweb.dev\/l\/svm-temp\/nyheter\/orange-vadervarning-1-200-personer-evakueras-vid-malaga\/","url":"https:\/\/lightweb.dev\/l\/svm-temp\/nyheter\/orange-vadervarning-1-200-personer-evakueras-vid-malaga\/","name":"Orange v\u00e4dervarning: 1.200 personer evakuerades vid M\u00e1laga - Svenska Magasinet","isPartOf":{"@id":"https:\/\/lightweb.dev\/l\/svm-temp\/#website"},"primaryImageOfPage":{"@id":"https:\/\/lightweb.dev\/l\/svm-temp\/nyheter\/orange-vadervarning-1-200-personer-evakueras-vid-malaga\/#primaryimage"},"image":{"@id":"https:\/\/lightweb.dev\/l\/svm-temp\/nyheter\/orange-vadervarning-1-200-personer-evakueras-vid-malaga\/#primaryimage"},"thumbnailUrl":"https:\/\/lightweb.dev\/l\/svm-temp\/wp-content\/uploads\/2025\/03\/svm20250318134841.webp","datePublished":"2025-03-17T19:22:33+00:00","dateModified":"2025-03-18T14:36:10+00:00","breadcrumb":{"@id":"https:\/\/lightweb.dev\/l\/svm-temp\/nyheter\/orange-vadervarning-1-200-personer-evakueras-vid-malaga\/#breadcrumb"},"inLanguage":"sv-SE","potentialAction":[{"@type":"ReadAction","target":["https:\/\/lightweb.dev\/l\/svm-temp\/nyheter\/orange-vadervarning-1-200-personer-evakueras-vid-malaga\/"]}]},{"@type":"ImageObject","inLanguage":"sv-SE","@id":"https:\/\/lightweb.dev\/l\/svm-temp\/nyheter\/orange-vadervarning-1-200-personer-evakueras-vid-malaga\/#primaryimage","url":"https:\/\/lightweb.dev\/l\/svm-temp\/wp-content\/uploads\/2025\/03\/svm20250318134841.webp","contentUrl":"https:\/\/lightweb.dev\/l\/svm-temp\/wp-content\/uploads\/2025\/03\/svm20250318134841.webp","width":900,"height":400,"caption":"(Foto: Guardia Civil)"},{"@type":"BreadcrumbList","@id":"https:\/\/lightweb.dev\/l\/svm-temp\/nyheter\/orange-vadervarning-1-200-personer-evakueras-vid-malaga\/#breadcrumb","itemListElement":[{"@type":"ListItem","position":1,"name":"Hem","item":"https:\/\/lightweb.dev\/l\/svm-temp\/"},{"@type":"ListItem","position":2,"name":"Orange v\u00e4dervarning: 1.200 personer evakuerades vid M\u00e1laga"}]},{"@type":"WebSite","@id":"https:\/\/lightweb.dev\/l\/svm-temp\/#website","url":"https:\/\/lightweb.dev\/l\/svm-temp\/","name":"Svenska Magasinet","description":"Dina Spanska nyheter p&aring; Svenska","publisher":{"@id":"https:\/\/lightweb.dev\/l\/svm-temp\/#organization"},"potentialAction":[{"@type":"SearchAction","target":{"@type":"EntryPoint","urlTemplate":"https:\/\/lightweb.dev\/l\/svm-temp\/?s={search_term_string}"},"query-input":{"@type":"PropertyValueSpecification","valueRequired":true,"valueName":"search_term_string"}}],"inLanguage":"sv-SE"},{"@type":"Organization","@id":"https:\/\/lightweb.dev\/l\/svm-temp\/#organization","name":"Melkerson y Nott SL","alternateName":"Svenska Magasinet","url":"https:\/\/lightweb.dev\/l\/svm-temp\/","logo":{"@type":"ImageObject","inLanguage":"sv-SE","@id":"https:\/\/lightweb.dev\/l\/svm-temp\/#\/schema\/logo\/image\/","url":"https:\/\/lightweb.dev\/l\/svm-temp\/wp-content\/uploads\/2025\/02\/SvM-logo-Xtra-Centrerad-SVART.png","contentUrl":"https:\/\/lightweb.dev\/l\/svm-temp\/wp-content\/uploads\/2025\/02\/SvM-logo-Xtra-Centrerad-SVART.png","width":300,"height":99,"caption":"Melkerson y Nott SL"},"image":{"@id":"https:\/\/lightweb.dev\/l\/svm-temp\/#\/schema\/logo\/image\/"},"sameAs":["https:\/\/www.facebook.com\/svenskamagasinet","https:\/\/x.com\/SvenskaMagasine"]},{"@type":"Person","@id":"https:\/\/lightweb.dev\/l\/svm-temp\/#\/schema\/person\/7a82b8a73d171d32360a564b6d03508e","name":"Ola Josefsson","description":"Bevakar Solkusten och Spanien sedan 1994.","sameAs":["https:\/\/lightweb.dev\/l\/svm-temp"],"url":"https:\/\/lightweb.dev\/l\/svm-temp\/reporter\/ola-josefsson\/"}]}},"_links":{"self":[{"href":"https:\/\/lightweb.dev\/l\/svm-temp\/wp-json\/wp\/v2\/posts\/80373","targetHints":{"allow":["GET"]}}],"collection":[{"href":"https:\/\/lightweb.dev\/l\/svm-temp\/wp-json\/wp\/v2\/posts"}],"about":[{"href":"https:\/\/lightweb.dev\/l\/svm-temp\/wp-json\/wp\/v2\/types\/post"}],"author":[{"embeddable":true,"href":"https:\/\/lightweb.dev\/l\/svm-temp\/wp-json\/wp\/v2\/users\/7"}],"replies":[{"embeddable":true,"href":"https:\/\/lightweb.dev\/l\/svm-temp\/wp-json\/wp\/v2\/comments?post=80373"}],"version-history":[{"count":0,"href":"https:\/\/lightweb.dev\/l\/svm-temp\/wp-json\/wp\/v2\/posts\/80373\/revisions"}],"wp:featuredmedia":[{"embeddable":true,"href":"https:\/\/lightweb.dev\/l\/svm-temp\/wp-json\/wp\/v2\/media\/80439"}],"wp:attachment":[{"href":"https:\/\/lightweb.dev\/l\/svm-temp\/wp-json\/wp\/v2\/media?parent=80373"}],"wp:term":[{"taxonomy":"category","embeddable":true,"href":"https:\/\/lightweb.dev\/l\/svm-temp\/wp-json\/wp\/v2\/categories?post=80373"},{"taxonomy":"post_tag","embeddable":true,"href":"https:\/\/lightweb.dev\/l\/svm-temp\/wp-json\/wp\/v2\/tags?post=80373"}],"curies":[{"name":"wp","href":"https:\/\/api.w.org\/{rel}","templated":true}]}}