{"id":80454,"date":"2025-03-18T22:16:25","date_gmt":"2025-03-18T21:16:25","guid":{"rendered":"https:\/\/lightweb.dev\/l\/svm-temp\/?p=80454"},"modified":"2025-03-18T22:20:12","modified_gmt":"2025-03-18T21:20:12","slug":"dar-solen-alltid-skiner-felix-herngren-gor-komedi-om-spaniensvenskar","status":"publish","type":"post","link":"https:\/\/lightweb.dev\/l\/svm-temp\/artiklar\/dar-solen-alltid-skiner-felix-herngren-gor-komedi-om-spaniensvenskar\/","title":{"rendered":"\u201dD\u00e4r solen alltid skiner\u201d &#8211; Felix Herngren g\u00f6r komedi om Spaniensvenskar"},"content":{"rendered":"<p><strong>En ny stj\u00e4rnsp\u00e4ckad originalserie av Felix Herngren spelas in p\u00e5 Mallorca och handlar om Spaniensvenskarnas liv. Kulturkrockar utlovas i \u201dD\u00e4r solen alltid skiner\u201d som f\u00e5r premi\u00e4r senare i \u00e5r skriver SkyShowtime.<\/strong><\/p>\n<p>1980 gjordes komedifilmen S\u00e4llskapsresan i regi av Lasse \u00c5berg som handlade om svenska charterturister p\u00e5 Gran Canaria. Ett flertal kriminalromaner som utspelar sig i svenska milj\u00f6er p\u00e5 Solkusten har utgetts de senaste \u00e5ren. Radio- och tv-dokument\u00e4rer har skildrat svenskkolonin.<\/p>\n<p>Nu \u00e4r det dags f\u00f6r n\u00e4sta drag. Felix Herngren, en av Sveriges fr\u00e4msta humorprofiler, regiss\u00f6rer och serieskapare med succ\u00e9er som Solsidan och Bonusfamiljen st\u00e5r som serieskapare och regiss\u00f6r f\u00f6r produktionen \u201dD\u00e4r solen alltid skiner\u201d.<\/p>\n<p>Den beskrivs som \u201dden m\u00f6rka svenska dramaserien\u201d av SkyShowtime.<\/p>\n<p>\u201dD\u00e4r solen alltid skiner\u201d f\u00f6ljer det framg\u00e5ngsrika paret Tom (Per Larsson) och Petra (Lisa Linnertorp) som flyttat till Mallorca. Efter att s\u00e5lt sin ICA Maxi-butik har de bra med pengar.<\/p>\n<p>Efter en m\u00e5nad p\u00e5 Mallis med sina s\u00f6ner sker n\u00e5got h\u00f6gst ov\u00e4ntat p\u00e5 Toms 50-\u00e5rsfest som g\u00f6r att hans bror, Timmy (Jerka Johansson) flyttar till \u00f6n med frun Maja (Rakel W\u00e4rml\u00e4nder).<\/p>\n<p>\u201dKaos uppst\u00e5r\u201d skriver SkyShowtime om det som f\u00f6ljer.<\/p>\n<p>Felix Herngren har sj\u00e4lv bott p\u00e5 Mallorca.<\/p>\n<p>&#8211; Id\u00e9n till serien uppstod n\u00e4stan omedelbart efter att familjen hade flyttat dit, s\u00e4ger Herngren till streamingtj\u00e4nsten SkyShowtime.<\/p>\n<p>&#8211; M\u00e5nga dr\u00f6mmer om ett nytt liv i solen \u2013 det gjorde \u00e4ven jag och min familj. Efter bara en vecka i v\u00e5rt nya land, Spanien, b\u00f6rjade id\u00e9n till den h\u00e4r serien ta form. Det fanns s\u00e5 m\u00e5nga livshistorier, dr\u00f6mmar och fascinerande kulturkrockar att f\u00f6rvandla till b\u00e5de drama och komedi. Och jag \u00e4r s\u00e4rskilt glad \u00f6ver att SkyShowtime ville utveckla den id\u00e9n tillsammans med oss!<\/p>\n","protected":false},"excerpt":{"rendered":"<p>En ny stj\u00e4rnsp\u00e4ckad originalserie av Felix Herngren spelas in p\u00e5 Mallorca och handlar om Spaniensvenskarnas liv. Kulturkrockar utlovas i \u201dD\u00e4r solen alltid skiner\u201d som f\u00e5r premi\u00e4r senare i \u00e5r skriver SkyShowtime&#8230;<\/p>\n","protected":false},"author":7,"featured_media":80453,"comment_status":"closed","ping_status":"closed","sticky":false,"template":"","format":"standard","meta":{"_et_pb_use_builder":"","_et_pb_old_content":"","_et_gb_content_width":"","footnotes":""},"categories":[396,4],"tags":[],"class_list":["post-80454","post","type-post","status-publish","format-standard","has-post-thumbnail","hentry","category-arkiv-artiklar","category-artiklar"],"yoast_head":"<!-- This site is optimized with the Yoast SEO Premium plugin v26.2 (Yoast SEO v28.2) - https:\/\/yoast.com\/product\/yoast-seo-premium-wordpress\/ -->\n<title>\u201dD\u00e4r solen alltid skiner\u201d - Felix Herngren g\u00f6r komedi om Spaniensvenskar - Svenska Magasinet<\/title>\n<meta name=\"robots\" content=\"noindex, follow, max-snippet:-1, max-image-preview:large, max-video-preview:-1\" \/>\n<meta property=\"og:locale\" content=\"sv_SE\" \/>\n<meta property=\"og:type\" content=\"article\" \/>\n<meta property=\"og:title\" content=\"\u201dD\u00e4r solen alltid skiner\u201d - Felix Herngren g\u00f6r komedi om Spaniensvenskar\" \/>\n<meta property=\"og:description\" content=\"En ny stj\u00e4rnsp\u00e4ckad originalserie av Felix Herngren spelas in p\u00e5 Mallorca och handlar om Spaniensvenskarnas liv. Kulturkrockar utlovas i \u201dD\u00e4r solen alltid skiner\u201d som f\u00e5r premi\u00e4r senare i \u00e5r skriver SkyShowtime...\" \/>\n<meta property=\"og:url\" content=\"https:\/\/lightweb.dev\/l\/svm-temp\/nyheter\/noje\/dar-solen-alltid-skiner-felix-herngren-gor-komedi-om-spaniensvenskar\/\" \/>\n<meta property=\"og:site_name\" content=\"Svenska Magasinet\" \/>\n<meta property=\"article:publisher\" content=\"https:\/\/www.facebook.com\/svenskamagasinet\" \/>\n<meta property=\"article:published_time\" content=\"2025-03-18T21:16:25+00:00\" \/>\n<meta property=\"article:modified_time\" content=\"2025-03-18T21:20:12+00:00\" \/>\n<meta property=\"og:image\" content=\"https:\/\/lightweb.dev\/l\/svm-temp\/wp-content\/uploads\/2025\/03\/svm20250318210919.webp\" \/>\n\t<meta property=\"og:image:width\" content=\"900\" \/>\n\t<meta property=\"og:image:height\" content=\"400\" \/>\n\t<meta property=\"og:image:type\" content=\"image\/webp\" \/>\n<meta name=\"author\" content=\"Ola Josefsson\" \/>\n<meta name=\"twitter:card\" content=\"summary_large_image\" \/>\n<meta name=\"twitter:creator\" content=\"@SvenskaMagasine\" \/>\n<meta name=\"twitter:site\" content=\"@SvenskaMagasine\" \/>\n<script type=\"application\/ld+json\" class=\"yoast-schema-graph\">{\"@context\":\"https:\\\/\\\/schema.org\",\"@graph\":[{\"@type\":\"Article\",\"@id\":\"https:\\\/\\\/lightweb.dev\\\/l\\\/svm-temp\\\/nyheter\\\/noje\\\/dar-solen-alltid-skiner-felix-herngren-gor-komedi-om-spaniensvenskar\\\/#article\",\"isPartOf\":{\"@id\":\"https:\\\/\\\/lightweb.dev\\\/l\\\/svm-temp\\\/nyheter\\\/noje\\\/dar-solen-alltid-skiner-felix-herngren-gor-komedi-om-spaniensvenskar\\\/\"},\"author\":{\"name\":\"Ola Josefsson\",\"@id\":\"https:\\\/\\\/lightweb.dev\\\/l\\\/svm-temp\\\/#\\\/schema\\\/person\\\/7a82b8a73d171d32360a564b6d03508e\"},\"headline\":\"\u201dD\u00e4r solen alltid skiner\u201d &#8211; Felix Herngren g\u00f6r komedi om Spaniensvenskar\",\"datePublished\":\"2025-03-18T21:16:25+00:00\",\"dateModified\":\"2025-03-18T21:20:12+00:00\",\"mainEntityOfPage\":{\"@id\":\"https:\\\/\\\/lightweb.dev\\\/l\\\/svm-temp\\\/nyheter\\\/noje\\\/dar-solen-alltid-skiner-felix-herngren-gor-komedi-om-spaniensvenskar\\\/\"},\"wordCount\":333,\"publisher\":{\"@id\":\"https:\\\/\\\/lightweb.dev\\\/l\\\/svm-temp\\\/#organization\"},\"image\":{\"@id\":\"https:\\\/\\\/lightweb.dev\\\/l\\\/svm-temp\\\/nyheter\\\/noje\\\/dar-solen-alltid-skiner-felix-herngren-gor-komedi-om-spaniensvenskar\\\/#primaryimage\"},\"thumbnailUrl\":\"https:\\\/\\\/lightweb.dev\\\/l\\\/svm-temp\\\/wp-content\\\/uploads\\\/2025\\\/03\\\/svm20250318210919.webp\",\"articleSection\":[\"Arkiv\",\"Artiklar\"],\"inLanguage\":\"sv-SE\"},{\"@type\":\"WebPage\",\"@id\":\"https:\\\/\\\/lightweb.dev\\\/l\\\/svm-temp\\\/nyheter\\\/noje\\\/dar-solen-alltid-skiner-felix-herngren-gor-komedi-om-spaniensvenskar\\\/\",\"url\":\"https:\\\/\\\/lightweb.dev\\\/l\\\/svm-temp\\\/nyheter\\\/noje\\\/dar-solen-alltid-skiner-felix-herngren-gor-komedi-om-spaniensvenskar\\\/\",\"name\":\"\u201dD\u00e4r solen alltid skiner\u201d - Felix Herngren g\u00f6r komedi om Spaniensvenskar - Svenska Magasinet\",\"isPartOf\":{\"@id\":\"https:\\\/\\\/lightweb.dev\\\/l\\\/svm-temp\\\/#website\"},\"primaryImageOfPage\":{\"@id\":\"https:\\\/\\\/lightweb.dev\\\/l\\\/svm-temp\\\/nyheter\\\/noje\\\/dar-solen-alltid-skiner-felix-herngren-gor-komedi-om-spaniensvenskar\\\/#primaryimage\"},\"image\":{\"@id\":\"https:\\\/\\\/lightweb.dev\\\/l\\\/svm-temp\\\/nyheter\\\/noje\\\/dar-solen-alltid-skiner-felix-herngren-gor-komedi-om-spaniensvenskar\\\/#primaryimage\"},\"thumbnailUrl\":\"https:\\\/\\\/lightweb.dev\\\/l\\\/svm-temp\\\/wp-content\\\/uploads\\\/2025\\\/03\\\/svm20250318210919.webp\",\"datePublished\":\"2025-03-18T21:16:25+00:00\",\"dateModified\":\"2025-03-18T21:20:12+00:00\",\"breadcrumb\":{\"@id\":\"https:\\\/\\\/lightweb.dev\\\/l\\\/svm-temp\\\/nyheter\\\/noje\\\/dar-solen-alltid-skiner-felix-herngren-gor-komedi-om-spaniensvenskar\\\/#breadcrumb\"},\"inLanguage\":\"sv-SE\",\"potentialAction\":[{\"@type\":\"ReadAction\",\"target\":[\"https:\\\/\\\/lightweb.dev\\\/l\\\/svm-temp\\\/nyheter\\\/noje\\\/dar-solen-alltid-skiner-felix-herngren-gor-komedi-om-spaniensvenskar\\\/\"]}]},{\"@type\":\"ImageObject\",\"inLanguage\":\"sv-SE\",\"@id\":\"https:\\\/\\\/lightweb.dev\\\/l\\\/svm-temp\\\/nyheter\\\/noje\\\/dar-solen-alltid-skiner-felix-herngren-gor-komedi-om-spaniensvenskar\\\/#primaryimage\",\"url\":\"https:\\\/\\\/lightweb.dev\\\/l\\\/svm-temp\\\/wp-content\\\/uploads\\\/2025\\\/03\\\/svm20250318210919.webp\",\"contentUrl\":\"https:\\\/\\\/lightweb.dev\\\/l\\\/svm-temp\\\/wp-content\\\/uploads\\\/2025\\\/03\\\/svm20250318210919.webp\",\"width\":900,\"height\":400,\"caption\":\"Felix Hergren, \u201dD\u00e4r solen alltid skiner\u201d (Foto: SkyShowtime)\"},{\"@type\":\"BreadcrumbList\",\"@id\":\"https:\\\/\\\/lightweb.dev\\\/l\\\/svm-temp\\\/nyheter\\\/noje\\\/dar-solen-alltid-skiner-felix-herngren-gor-komedi-om-spaniensvenskar\\\/#breadcrumb\",\"itemListElement\":[{\"@type\":\"ListItem\",\"position\":1,\"name\":\"Hem\",\"item\":\"https:\\\/\\\/lightweb.dev\\\/l\\\/svm-temp\\\/\"},{\"@type\":\"ListItem\",\"position\":2,\"name\":\"\u201dD\u00e4r solen alltid skiner\u201d &#8211; Felix Herngren g\u00f6r komedi om Spaniensvenskar\"}]},{\"@type\":\"WebSite\",\"@id\":\"https:\\\/\\\/lightweb.dev\\\/l\\\/svm-temp\\\/#website\",\"url\":\"https:\\\/\\\/lightweb.dev\\\/l\\\/svm-temp\\\/\",\"name\":\"Svenska Magasinet\",\"description\":\"Dina Spanska nyheter p&aring; Svenska\",\"publisher\":{\"@id\":\"https:\\\/\\\/lightweb.dev\\\/l\\\/svm-temp\\\/#organization\"},\"potentialAction\":[{\"@type\":\"SearchAction\",\"target\":{\"@type\":\"EntryPoint\",\"urlTemplate\":\"https:\\\/\\\/lightweb.dev\\\/l\\\/svm-temp\\\/?s={search_term_string}\"},\"query-input\":{\"@type\":\"PropertyValueSpecification\",\"valueRequired\":true,\"valueName\":\"search_term_string\"}}],\"inLanguage\":\"sv-SE\"},{\"@type\":\"Organization\",\"@id\":\"https:\\\/\\\/lightweb.dev\\\/l\\\/svm-temp\\\/#organization\",\"name\":\"Melkerson y Nott SL\",\"alternateName\":\"Svenska Magasinet\",\"url\":\"https:\\\/\\\/lightweb.dev\\\/l\\\/svm-temp\\\/\",\"logo\":{\"@type\":\"ImageObject\",\"inLanguage\":\"sv-SE\",\"@id\":\"https:\\\/\\\/lightweb.dev\\\/l\\\/svm-temp\\\/#\\\/schema\\\/logo\\\/image\\\/\",\"url\":\"https:\\\/\\\/lightweb.dev\\\/l\\\/svm-temp\\\/wp-content\\\/uploads\\\/2025\\\/02\\\/SvM-logo-Xtra-Centrerad-SVART.png\",\"contentUrl\":\"https:\\\/\\\/lightweb.dev\\\/l\\\/svm-temp\\\/wp-content\\\/uploads\\\/2025\\\/02\\\/SvM-logo-Xtra-Centrerad-SVART.png\",\"width\":300,\"height\":99,\"caption\":\"Melkerson y Nott SL\"},\"image\":{\"@id\":\"https:\\\/\\\/lightweb.dev\\\/l\\\/svm-temp\\\/#\\\/schema\\\/logo\\\/image\\\/\"},\"sameAs\":[\"https:\\\/\\\/www.facebook.com\\\/svenskamagasinet\",\"https:\\\/\\\/x.com\\\/SvenskaMagasine\"]},{\"@type\":\"Person\",\"@id\":\"https:\\\/\\\/lightweb.dev\\\/l\\\/svm-temp\\\/#\\\/schema\\\/person\\\/7a82b8a73d171d32360a564b6d03508e\",\"name\":\"Ola Josefsson\",\"description\":\"Bevakar Solkusten och Spanien sedan 1994.\",\"sameAs\":[\"https:\\\/\\\/lightweb.dev\\\/l\\\/svm-temp\"],\"url\":\"https:\\\/\\\/lightweb.dev\\\/l\\\/svm-temp\\\/reporter\\\/ola-josefsson\\\/\"}]}<\/script>\n<!-- \/ Yoast SEO Premium plugin. -->","yoast_head_json":{"title":"\u201dD\u00e4r solen alltid skiner\u201d - Felix Herngren g\u00f6r komedi om Spaniensvenskar - Svenska Magasinet","robots":{"index":"noindex","follow":"follow","max-snippet":"max-snippet:-1","max-image-preview":"max-image-preview:large","max-video-preview":"max-video-preview:-1"},"og_locale":"sv_SE","og_type":"article","og_title":"\u201dD\u00e4r solen alltid skiner\u201d - Felix Herngren g\u00f6r komedi om Spaniensvenskar","og_description":"En ny stj\u00e4rnsp\u00e4ckad originalserie av Felix Herngren spelas in p\u00e5 Mallorca och handlar om Spaniensvenskarnas liv. Kulturkrockar utlovas i \u201dD\u00e4r solen alltid skiner\u201d som f\u00e5r premi\u00e4r senare i \u00e5r skriver SkyShowtime...","og_url":"https:\/\/lightweb.dev\/l\/svm-temp\/nyheter\/noje\/dar-solen-alltid-skiner-felix-herngren-gor-komedi-om-spaniensvenskar\/","og_site_name":"Svenska Magasinet","article_publisher":"https:\/\/www.facebook.com\/svenskamagasinet","article_published_time":"2025-03-18T21:16:25+00:00","article_modified_time":"2025-03-18T21:20:12+00:00","og_image":[{"width":900,"height":400,"url":"https:\/\/lightweb.dev\/l\/svm-temp\/wp-content\/uploads\/2025\/03\/svm20250318210919.webp","type":"image\/webp"}],"author":"Ola Josefsson","twitter_card":"summary_large_image","twitter_creator":"@SvenskaMagasine","twitter_site":"@SvenskaMagasine","schema":{"@context":"https:\/\/schema.org","@graph":[{"@type":"Article","@id":"https:\/\/lightweb.dev\/l\/svm-temp\/nyheter\/noje\/dar-solen-alltid-skiner-felix-herngren-gor-komedi-om-spaniensvenskar\/#article","isPartOf":{"@id":"https:\/\/lightweb.dev\/l\/svm-temp\/nyheter\/noje\/dar-solen-alltid-skiner-felix-herngren-gor-komedi-om-spaniensvenskar\/"},"author":{"name":"Ola Josefsson","@id":"https:\/\/lightweb.dev\/l\/svm-temp\/#\/schema\/person\/7a82b8a73d171d32360a564b6d03508e"},"headline":"\u201dD\u00e4r solen alltid skiner\u201d &#8211; Felix Herngren g\u00f6r komedi om Spaniensvenskar","datePublished":"2025-03-18T21:16:25+00:00","dateModified":"2025-03-18T21:20:12+00:00","mainEntityOfPage":{"@id":"https:\/\/lightweb.dev\/l\/svm-temp\/nyheter\/noje\/dar-solen-alltid-skiner-felix-herngren-gor-komedi-om-spaniensvenskar\/"},"wordCount":333,"publisher":{"@id":"https:\/\/lightweb.dev\/l\/svm-temp\/#organization"},"image":{"@id":"https:\/\/lightweb.dev\/l\/svm-temp\/nyheter\/noje\/dar-solen-alltid-skiner-felix-herngren-gor-komedi-om-spaniensvenskar\/#primaryimage"},"thumbnailUrl":"https:\/\/lightweb.dev\/l\/svm-temp\/wp-content\/uploads\/2025\/03\/svm20250318210919.webp","articleSection":["Arkiv","Artiklar"],"inLanguage":"sv-SE"},{"@type":"WebPage","@id":"https:\/\/lightweb.dev\/l\/svm-temp\/nyheter\/noje\/dar-solen-alltid-skiner-felix-herngren-gor-komedi-om-spaniensvenskar\/","url":"https:\/\/lightweb.dev\/l\/svm-temp\/nyheter\/noje\/dar-solen-alltid-skiner-felix-herngren-gor-komedi-om-spaniensvenskar\/","name":"\u201dD\u00e4r solen alltid skiner\u201d - Felix Herngren g\u00f6r komedi om Spaniensvenskar - Svenska Magasinet","isPartOf":{"@id":"https:\/\/lightweb.dev\/l\/svm-temp\/#website"},"primaryImageOfPage":{"@id":"https:\/\/lightweb.dev\/l\/svm-temp\/nyheter\/noje\/dar-solen-alltid-skiner-felix-herngren-gor-komedi-om-spaniensvenskar\/#primaryimage"},"image":{"@id":"https:\/\/lightweb.dev\/l\/svm-temp\/nyheter\/noje\/dar-solen-alltid-skiner-felix-herngren-gor-komedi-om-spaniensvenskar\/#primaryimage"},"thumbnailUrl":"https:\/\/lightweb.dev\/l\/svm-temp\/wp-content\/uploads\/2025\/03\/svm20250318210919.webp","datePublished":"2025-03-18T21:16:25+00:00","dateModified":"2025-03-18T21:20:12+00:00","breadcrumb":{"@id":"https:\/\/lightweb.dev\/l\/svm-temp\/nyheter\/noje\/dar-solen-alltid-skiner-felix-herngren-gor-komedi-om-spaniensvenskar\/#breadcrumb"},"inLanguage":"sv-SE","potentialAction":[{"@type":"ReadAction","target":["https:\/\/lightweb.dev\/l\/svm-temp\/nyheter\/noje\/dar-solen-alltid-skiner-felix-herngren-gor-komedi-om-spaniensvenskar\/"]}]},{"@type":"ImageObject","inLanguage":"sv-SE","@id":"https:\/\/lightweb.dev\/l\/svm-temp\/nyheter\/noje\/dar-solen-alltid-skiner-felix-herngren-gor-komedi-om-spaniensvenskar\/#primaryimage","url":"https:\/\/lightweb.dev\/l\/svm-temp\/wp-content\/uploads\/2025\/03\/svm20250318210919.webp","contentUrl":"https:\/\/lightweb.dev\/l\/svm-temp\/wp-content\/uploads\/2025\/03\/svm20250318210919.webp","width":900,"height":400,"caption":"Felix Hergren, \u201dD\u00e4r solen alltid skiner\u201d (Foto: SkyShowtime)"},{"@type":"BreadcrumbList","@id":"https:\/\/lightweb.dev\/l\/svm-temp\/nyheter\/noje\/dar-solen-alltid-skiner-felix-herngren-gor-komedi-om-spaniensvenskar\/#breadcrumb","itemListElement":[{"@type":"ListItem","position":1,"name":"Hem","item":"https:\/\/lightweb.dev\/l\/svm-temp\/"},{"@type":"ListItem","position":2,"name":"\u201dD\u00e4r solen alltid skiner\u201d &#8211; Felix Herngren g\u00f6r komedi om Spaniensvenskar"}]},{"@type":"WebSite","@id":"https:\/\/lightweb.dev\/l\/svm-temp\/#website","url":"https:\/\/lightweb.dev\/l\/svm-temp\/","name":"Svenska Magasinet","description":"Dina Spanska nyheter p&aring; Svenska","publisher":{"@id":"https:\/\/lightweb.dev\/l\/svm-temp\/#organization"},"potentialAction":[{"@type":"SearchAction","target":{"@type":"EntryPoint","urlTemplate":"https:\/\/lightweb.dev\/l\/svm-temp\/?s={search_term_string}"},"query-input":{"@type":"PropertyValueSpecification","valueRequired":true,"valueName":"search_term_string"}}],"inLanguage":"sv-SE"},{"@type":"Organization","@id":"https:\/\/lightweb.dev\/l\/svm-temp\/#organization","name":"Melkerson y Nott SL","alternateName":"Svenska Magasinet","url":"https:\/\/lightweb.dev\/l\/svm-temp\/","logo":{"@type":"ImageObject","inLanguage":"sv-SE","@id":"https:\/\/lightweb.dev\/l\/svm-temp\/#\/schema\/logo\/image\/","url":"https:\/\/lightweb.dev\/l\/svm-temp\/wp-content\/uploads\/2025\/02\/SvM-logo-Xtra-Centrerad-SVART.png","contentUrl":"https:\/\/lightweb.dev\/l\/svm-temp\/wp-content\/uploads\/2025\/02\/SvM-logo-Xtra-Centrerad-SVART.png","width":300,"height":99,"caption":"Melkerson y Nott SL"},"image":{"@id":"https:\/\/lightweb.dev\/l\/svm-temp\/#\/schema\/logo\/image\/"},"sameAs":["https:\/\/www.facebook.com\/svenskamagasinet","https:\/\/x.com\/SvenskaMagasine"]},{"@type":"Person","@id":"https:\/\/lightweb.dev\/l\/svm-temp\/#\/schema\/person\/7a82b8a73d171d32360a564b6d03508e","name":"Ola Josefsson","description":"Bevakar Solkusten och Spanien sedan 1994.","sameAs":["https:\/\/lightweb.dev\/l\/svm-temp"],"url":"https:\/\/lightweb.dev\/l\/svm-temp\/reporter\/ola-josefsson\/"}]}},"_links":{"self":[{"href":"https:\/\/lightweb.dev\/l\/svm-temp\/wp-json\/wp\/v2\/posts\/80454","targetHints":{"allow":["GET"]}}],"collection":[{"href":"https:\/\/lightweb.dev\/l\/svm-temp\/wp-json\/wp\/v2\/posts"}],"about":[{"href":"https:\/\/lightweb.dev\/l\/svm-temp\/wp-json\/wp\/v2\/types\/post"}],"author":[{"embeddable":true,"href":"https:\/\/lightweb.dev\/l\/svm-temp\/wp-json\/wp\/v2\/users\/7"}],"replies":[{"embeddable":true,"href":"https:\/\/lightweb.dev\/l\/svm-temp\/wp-json\/wp\/v2\/comments?post=80454"}],"version-history":[{"count":0,"href":"https:\/\/lightweb.dev\/l\/svm-temp\/wp-json\/wp\/v2\/posts\/80454\/revisions"}],"wp:featuredmedia":[{"embeddable":true,"href":"https:\/\/lightweb.dev\/l\/svm-temp\/wp-json\/wp\/v2\/media\/80453"}],"wp:attachment":[{"href":"https:\/\/lightweb.dev\/l\/svm-temp\/wp-json\/wp\/v2\/media?parent=80454"}],"wp:term":[{"taxonomy":"category","embeddable":true,"href":"https:\/\/lightweb.dev\/l\/svm-temp\/wp-json\/wp\/v2\/categories?post=80454"},{"taxonomy":"post_tag","embeddable":true,"href":"https:\/\/lightweb.dev\/l\/svm-temp\/wp-json\/wp\/v2\/tags?post=80454"}],"curies":[{"name":"wp","href":"https:\/\/api.w.org\/{rel}","templated":true}]}}