{"id":80617,"date":"2025-03-26T12:59:49","date_gmt":"2025-03-26T11:59:49","guid":{"rendered":"https:\/\/lightweb.dev\/l\/svm-temp\/?p=80617"},"modified":"2025-03-26T14:39:18","modified_gmt":"2025-03-26T13:39:18","slug":"facket-kraver-forbattringar-pa-vardcentral","status":"publish","type":"post","link":"https:\/\/lightweb.dev\/l\/svm-temp\/nyheter\/facket-kraver-forbattringar-pa-vardcentral\/","title":{"rendered":"Facket kr\u00e4ver f\u00f6rb\u00e4ttringar p\u00e5 v\u00e5rdcentral"},"content":{"rendered":"<p><strong>V\u00e5rdcentralen La Loma i Torrevieja har haft p\u00e5tagliga brister en l\u00e4ngre tid.\u00a0<\/strong><\/p>\n<p><strong>Det rapporteras bland annat om bitar som faller fr\u00e5n tak och d\u00e5lig AC.<\/strong><\/p>\n<p><span style=\"font-weight: 400;\"><strong>Nu vill CC OO se att utlovade investeringar blir verklighet.<\/strong>\u00a0<\/span><\/p>\n<p><span style=\"font-weight: 400;\">CC OOs fackliga avdelning av sjukv\u00e5rden i Torrevieja varnar f\u00f6r och f\u00f6rd\u00f6mer f\u00f6rs\u00e4mringar av v\u00e5rdcentralen La Loma. I ett uttalande lyfter de fram ett flertal allvarliga brister och kr\u00e4ver snabba l\u00f6sningar p\u00e5 problemen.\u00a0<\/span><\/p>\n<p><span style=\"font-weight: 400;\">Facket s\u00e4ger att La Loma har upplevt \u201cen betydande f\u00f6rs\u00e4mring av sin infrastruktur\u201d i flera \u00e5r. De n\u00e4mner skr\u00e4p som faller fr\u00e5n taket i v\u00e4ntrum, f\u00f6r\u00e5ldrade m\u00f6bler, d\u00e5liga rastplatser och bristf\u00e4lliga system f\u00f6r luftkonditionering, vilket p\u00e5verkar b\u00e5de patienternas v\u00e4lbefinnande och personalens arbetsf\u00f6rh\u00e5llande.\u00a0<\/span><\/p>\n<p><span style=\"font-weight: 400;\">V\u00e5rdcentralen var tidigare i privat f\u00f6rvaltning men sedan oktober 2021 \u00e4r det \u00e5ter regionen som har ansvaret f\u00f6r den. F\u00f6rra \u00e5ret avsattes en offentlig investering p\u00e5 30 miljoner euro f\u00f6r att rusta upp La Loma, men arbetet har \u00e4nnu inte p\u00e5b\u00f6rjats. CC OO kr\u00e4ver nu att denna utlovade investering blir verklighet \u201cutan ytterligare f\u00f6rdr\u00f6jning, vilket s\u00e4kerst\u00e4ller anst\u00e4ndiga och s\u00e4kra faciliteter f\u00f6r patienter och personal\u201d.\u00a0<\/span><\/p>\n<p><span style=\"font-weight: 400;\">De till\u00e4gger att de redan f\u00f6r flera veckor sedan rapporterade om att bitar fr\u00e5n taket fallit i akutmottagningen vilket innebar att den varit tvungen att h\u00e5lla st\u00e4ngt i flera veckor.\u00a0<\/span><\/p>\n<p>&nbsp;<\/p>\n","protected":false},"excerpt":{"rendered":"<p>V\u00e5rdcentralen La Loma i Torrevieja har haft p\u00e5tagliga brister en l\u00e4ngre tid.\u00a0Det rapporteras bland annat om bitar som faller fr\u00e5n tak och d\u00e5lig AC. Nu vill CC OO se att utlovade investeringar blir verklighet.<\/p>\n","protected":false},"author":14,"featured_media":80609,"comment_status":"closed","ping_status":"closed","sticky":false,"template":"","format":"standard","meta":{"_et_pb_use_builder":"","_et_pb_old_content":"","_et_gb_content_width":"","footnotes":""},"categories":[395,3],"tags":[],"class_list":["post-80617","post","type-post","status-publish","format-standard","has-post-thumbnail","hentry","category-arkiv-nyheter","category-nyheter"],"yoast_head":"<!-- This site is optimized with the Yoast SEO Premium plugin v26.2 (Yoast SEO v27.5) - https:\/\/yoast.com\/product\/yoast-seo-premium-wordpress\/ -->\n<title>Facket kr\u00e4ver f\u00f6rb\u00e4ttringar p\u00e5 v\u00e5rdcentral - Svenska Magasinet<\/title>\n<meta name=\"robots\" content=\"noindex, follow, max-snippet:-1, max-image-preview:large, max-video-preview:-1\" \/>\n<meta property=\"og:locale\" content=\"sv_SE\" \/>\n<meta property=\"og:type\" content=\"article\" \/>\n<meta property=\"og:title\" content=\"Facket kr\u00e4ver f\u00f6rb\u00e4ttringar p\u00e5 v\u00e5rdcentral\" \/>\n<meta property=\"og:description\" content=\"V\u00e5rdcentralen La Loma i Torrevieja har haft p\u00e5tagliga brister en l\u00e4ngre tid.\u00a0Det rapporteras bland annat om bitar som faller fr\u00e5n tak och d\u00e5lig AC. Nu vill CC OO se att utlovade investeringar blir verklighet.\" \/>\n<meta property=\"og:url\" content=\"https:\/\/lightweb.dev\/l\/svm-temp\/nyheter\/facket-kraver-forbattringar-pa-vardcentral\/\" \/>\n<meta property=\"og:site_name\" content=\"Svenska Magasinet\" \/>\n<meta property=\"article:publisher\" content=\"https:\/\/www.facebook.com\/svenskamagasinet\" \/>\n<meta property=\"article:published_time\" content=\"2025-03-26T11:59:49+00:00\" \/>\n<meta property=\"article:modified_time\" content=\"2025-03-26T13:39:18+00:00\" \/>\n<meta property=\"og:image\" content=\"https:\/\/lightweb.dev\/l\/svm-temp\/wp-content\/uploads\/2025\/03\/svm20250326105132.webp\" \/>\n\t<meta property=\"og:image:width\" content=\"900\" \/>\n\t<meta property=\"og:image:height\" content=\"400\" \/>\n\t<meta property=\"og:image:type\" content=\"image\/webp\" \/>\n<meta name=\"author\" content=\"Robbie Eriksson\" \/>\n<meta name=\"twitter:card\" content=\"summary_large_image\" \/>\n<meta name=\"twitter:creator\" content=\"@SvenskaMagasine\" \/>\n<meta name=\"twitter:site\" content=\"@SvenskaMagasine\" \/>\n<script type=\"application\/ld+json\" class=\"yoast-schema-graph\">{\"@context\":\"https:\\\/\\\/schema.org\",\"@graph\":[{\"@type\":\"Article\",\"@id\":\"https:\\\/\\\/lightweb.dev\\\/l\\\/svm-temp\\\/nyheter\\\/facket-kraver-forbattringar-pa-vardcentral\\\/#article\",\"isPartOf\":{\"@id\":\"https:\\\/\\\/lightweb.dev\\\/l\\\/svm-temp\\\/nyheter\\\/facket-kraver-forbattringar-pa-vardcentral\\\/\"},\"author\":{\"name\":\"Robbie Eriksson\",\"@id\":\"https:\\\/\\\/lightweb.dev\\\/l\\\/svm-temp\\\/#\\\/schema\\\/person\\\/caffe038990d25722f5a04a03c906a2b\"},\"headline\":\"Facket kr\u00e4ver f\u00f6rb\u00e4ttringar p\u00e5 v\u00e5rdcentral\",\"datePublished\":\"2025-03-26T11:59:49+00:00\",\"dateModified\":\"2025-03-26T13:39:18+00:00\",\"mainEntityOfPage\":{\"@id\":\"https:\\\/\\\/lightweb.dev\\\/l\\\/svm-temp\\\/nyheter\\\/facket-kraver-forbattringar-pa-vardcentral\\\/\"},\"wordCount\":264,\"publisher\":{\"@id\":\"https:\\\/\\\/lightweb.dev\\\/l\\\/svm-temp\\\/#organization\"},\"image\":{\"@id\":\"https:\\\/\\\/lightweb.dev\\\/l\\\/svm-temp\\\/nyheter\\\/facket-kraver-forbattringar-pa-vardcentral\\\/#primaryimage\"},\"thumbnailUrl\":\"https:\\\/\\\/lightweb.dev\\\/l\\\/svm-temp\\\/wp-content\\\/uploads\\\/2025\\\/03\\\/svm20250326105132.webp\",\"articleSection\":[\"Arkiv\",\"Nyheter\"],\"inLanguage\":\"sv-SE\"},{\"@type\":\"WebPage\",\"@id\":\"https:\\\/\\\/lightweb.dev\\\/l\\\/svm-temp\\\/nyheter\\\/facket-kraver-forbattringar-pa-vardcentral\\\/\",\"url\":\"https:\\\/\\\/lightweb.dev\\\/l\\\/svm-temp\\\/nyheter\\\/facket-kraver-forbattringar-pa-vardcentral\\\/\",\"name\":\"Facket kr\u00e4ver f\u00f6rb\u00e4ttringar p\u00e5 v\u00e5rdcentral - Svenska Magasinet\",\"isPartOf\":{\"@id\":\"https:\\\/\\\/lightweb.dev\\\/l\\\/svm-temp\\\/#website\"},\"primaryImageOfPage\":{\"@id\":\"https:\\\/\\\/lightweb.dev\\\/l\\\/svm-temp\\\/nyheter\\\/facket-kraver-forbattringar-pa-vardcentral\\\/#primaryimage\"},\"image\":{\"@id\":\"https:\\\/\\\/lightweb.dev\\\/l\\\/svm-temp\\\/nyheter\\\/facket-kraver-forbattringar-pa-vardcentral\\\/#primaryimage\"},\"thumbnailUrl\":\"https:\\\/\\\/lightweb.dev\\\/l\\\/svm-temp\\\/wp-content\\\/uploads\\\/2025\\\/03\\\/svm20250326105132.webp\",\"datePublished\":\"2025-03-26T11:59:49+00:00\",\"dateModified\":\"2025-03-26T13:39:18+00:00\",\"breadcrumb\":{\"@id\":\"https:\\\/\\\/lightweb.dev\\\/l\\\/svm-temp\\\/nyheter\\\/facket-kraver-forbattringar-pa-vardcentral\\\/#breadcrumb\"},\"inLanguage\":\"sv-SE\",\"potentialAction\":[{\"@type\":\"ReadAction\",\"target\":[\"https:\\\/\\\/lightweb.dev\\\/l\\\/svm-temp\\\/nyheter\\\/facket-kraver-forbattringar-pa-vardcentral\\\/\"]}]},{\"@type\":\"ImageObject\",\"inLanguage\":\"sv-SE\",\"@id\":\"https:\\\/\\\/lightweb.dev\\\/l\\\/svm-temp\\\/nyheter\\\/facket-kraver-forbattringar-pa-vardcentral\\\/#primaryimage\",\"url\":\"https:\\\/\\\/lightweb.dev\\\/l\\\/svm-temp\\\/wp-content\\\/uploads\\\/2025\\\/03\\\/svm20250326105132.webp\",\"contentUrl\":\"https:\\\/\\\/lightweb.dev\\\/l\\\/svm-temp\\\/wp-content\\\/uploads\\\/2025\\\/03\\\/svm20250326105132.webp\",\"width\":900,\"height\":400,\"caption\":\"V\u00e5rdcentralen La Loma i Torrevieja. (Bild: Ayuntamiento de Torrevieja)\"},{\"@type\":\"BreadcrumbList\",\"@id\":\"https:\\\/\\\/lightweb.dev\\\/l\\\/svm-temp\\\/nyheter\\\/facket-kraver-forbattringar-pa-vardcentral\\\/#breadcrumb\",\"itemListElement\":[{\"@type\":\"ListItem\",\"position\":1,\"name\":\"Hem\",\"item\":\"https:\\\/\\\/lightweb.dev\\\/l\\\/svm-temp\\\/\"},{\"@type\":\"ListItem\",\"position\":2,\"name\":\"Facket kr\u00e4ver f\u00f6rb\u00e4ttringar p\u00e5 v\u00e5rdcentral\"}]},{\"@type\":\"WebSite\",\"@id\":\"https:\\\/\\\/lightweb.dev\\\/l\\\/svm-temp\\\/#website\",\"url\":\"https:\\\/\\\/lightweb.dev\\\/l\\\/svm-temp\\\/\",\"name\":\"Svenska Magasinet\",\"description\":\"Dina Spanska nyheter p&aring; Svenska\",\"publisher\":{\"@id\":\"https:\\\/\\\/lightweb.dev\\\/l\\\/svm-temp\\\/#organization\"},\"potentialAction\":[{\"@type\":\"SearchAction\",\"target\":{\"@type\":\"EntryPoint\",\"urlTemplate\":\"https:\\\/\\\/lightweb.dev\\\/l\\\/svm-temp\\\/?s={search_term_string}\"},\"query-input\":{\"@type\":\"PropertyValueSpecification\",\"valueRequired\":true,\"valueName\":\"search_term_string\"}}],\"inLanguage\":\"sv-SE\"},{\"@type\":\"Organization\",\"@id\":\"https:\\\/\\\/lightweb.dev\\\/l\\\/svm-temp\\\/#organization\",\"name\":\"Melkerson y Nott SL\",\"alternateName\":\"Svenska Magasinet\",\"url\":\"https:\\\/\\\/lightweb.dev\\\/l\\\/svm-temp\\\/\",\"logo\":{\"@type\":\"ImageObject\",\"inLanguage\":\"sv-SE\",\"@id\":\"https:\\\/\\\/lightweb.dev\\\/l\\\/svm-temp\\\/#\\\/schema\\\/logo\\\/image\\\/\",\"url\":\"https:\\\/\\\/lightweb.dev\\\/l\\\/svm-temp\\\/wp-content\\\/uploads\\\/2025\\\/02\\\/SvM-logo-Xtra-Centrerad-SVART.png\",\"contentUrl\":\"https:\\\/\\\/lightweb.dev\\\/l\\\/svm-temp\\\/wp-content\\\/uploads\\\/2025\\\/02\\\/SvM-logo-Xtra-Centrerad-SVART.png\",\"width\":300,\"height\":99,\"caption\":\"Melkerson y Nott SL\"},\"image\":{\"@id\":\"https:\\\/\\\/lightweb.dev\\\/l\\\/svm-temp\\\/#\\\/schema\\\/logo\\\/image\\\/\"},\"sameAs\":[\"https:\\\/\\\/www.facebook.com\\\/svenskamagasinet\",\"https:\\\/\\\/x.com\\\/SvenskaMagasine\"]},{\"@type\":\"Person\",\"@id\":\"https:\\\/\\\/lightweb.dev\\\/l\\\/svm-temp\\\/#\\\/schema\\\/person\\\/caffe038990d25722f5a04a03c906a2b\",\"name\":\"Robbie Eriksson\",\"sameAs\":[\"https:\\\/\\\/lightweb.dev\\\/l\\\/svm-temp\"],\"url\":\"https:\\\/\\\/lightweb.dev\\\/l\\\/svm-temp\\\/reporter\\\/robbie-eriksson\\\/\"}]}<\/script>\n<!-- \/ Yoast SEO Premium plugin. -->","yoast_head_json":{"title":"Facket kr\u00e4ver f\u00f6rb\u00e4ttringar p\u00e5 v\u00e5rdcentral - Svenska Magasinet","robots":{"index":"noindex","follow":"follow","max-snippet":"max-snippet:-1","max-image-preview":"max-image-preview:large","max-video-preview":"max-video-preview:-1"},"og_locale":"sv_SE","og_type":"article","og_title":"Facket kr\u00e4ver f\u00f6rb\u00e4ttringar p\u00e5 v\u00e5rdcentral","og_description":"V\u00e5rdcentralen La Loma i Torrevieja har haft p\u00e5tagliga brister en l\u00e4ngre tid.\u00a0Det rapporteras bland annat om bitar som faller fr\u00e5n tak och d\u00e5lig AC. Nu vill CC OO se att utlovade investeringar blir verklighet.","og_url":"https:\/\/lightweb.dev\/l\/svm-temp\/nyheter\/facket-kraver-forbattringar-pa-vardcentral\/","og_site_name":"Svenska Magasinet","article_publisher":"https:\/\/www.facebook.com\/svenskamagasinet","article_published_time":"2025-03-26T11:59:49+00:00","article_modified_time":"2025-03-26T13:39:18+00:00","og_image":[{"width":900,"height":400,"url":"https:\/\/lightweb.dev\/l\/svm-temp\/wp-content\/uploads\/2025\/03\/svm20250326105132.webp","type":"image\/webp"}],"author":"Robbie Eriksson","twitter_card":"summary_large_image","twitter_creator":"@SvenskaMagasine","twitter_site":"@SvenskaMagasine","schema":{"@context":"https:\/\/schema.org","@graph":[{"@type":"Article","@id":"https:\/\/lightweb.dev\/l\/svm-temp\/nyheter\/facket-kraver-forbattringar-pa-vardcentral\/#article","isPartOf":{"@id":"https:\/\/lightweb.dev\/l\/svm-temp\/nyheter\/facket-kraver-forbattringar-pa-vardcentral\/"},"author":{"name":"Robbie Eriksson","@id":"https:\/\/lightweb.dev\/l\/svm-temp\/#\/schema\/person\/caffe038990d25722f5a04a03c906a2b"},"headline":"Facket kr\u00e4ver f\u00f6rb\u00e4ttringar p\u00e5 v\u00e5rdcentral","datePublished":"2025-03-26T11:59:49+00:00","dateModified":"2025-03-26T13:39:18+00:00","mainEntityOfPage":{"@id":"https:\/\/lightweb.dev\/l\/svm-temp\/nyheter\/facket-kraver-forbattringar-pa-vardcentral\/"},"wordCount":264,"publisher":{"@id":"https:\/\/lightweb.dev\/l\/svm-temp\/#organization"},"image":{"@id":"https:\/\/lightweb.dev\/l\/svm-temp\/nyheter\/facket-kraver-forbattringar-pa-vardcentral\/#primaryimage"},"thumbnailUrl":"https:\/\/lightweb.dev\/l\/svm-temp\/wp-content\/uploads\/2025\/03\/svm20250326105132.webp","articleSection":["Arkiv","Nyheter"],"inLanguage":"sv-SE"},{"@type":"WebPage","@id":"https:\/\/lightweb.dev\/l\/svm-temp\/nyheter\/facket-kraver-forbattringar-pa-vardcentral\/","url":"https:\/\/lightweb.dev\/l\/svm-temp\/nyheter\/facket-kraver-forbattringar-pa-vardcentral\/","name":"Facket kr\u00e4ver f\u00f6rb\u00e4ttringar p\u00e5 v\u00e5rdcentral - Svenska Magasinet","isPartOf":{"@id":"https:\/\/lightweb.dev\/l\/svm-temp\/#website"},"primaryImageOfPage":{"@id":"https:\/\/lightweb.dev\/l\/svm-temp\/nyheter\/facket-kraver-forbattringar-pa-vardcentral\/#primaryimage"},"image":{"@id":"https:\/\/lightweb.dev\/l\/svm-temp\/nyheter\/facket-kraver-forbattringar-pa-vardcentral\/#primaryimage"},"thumbnailUrl":"https:\/\/lightweb.dev\/l\/svm-temp\/wp-content\/uploads\/2025\/03\/svm20250326105132.webp","datePublished":"2025-03-26T11:59:49+00:00","dateModified":"2025-03-26T13:39:18+00:00","breadcrumb":{"@id":"https:\/\/lightweb.dev\/l\/svm-temp\/nyheter\/facket-kraver-forbattringar-pa-vardcentral\/#breadcrumb"},"inLanguage":"sv-SE","potentialAction":[{"@type":"ReadAction","target":["https:\/\/lightweb.dev\/l\/svm-temp\/nyheter\/facket-kraver-forbattringar-pa-vardcentral\/"]}]},{"@type":"ImageObject","inLanguage":"sv-SE","@id":"https:\/\/lightweb.dev\/l\/svm-temp\/nyheter\/facket-kraver-forbattringar-pa-vardcentral\/#primaryimage","url":"https:\/\/lightweb.dev\/l\/svm-temp\/wp-content\/uploads\/2025\/03\/svm20250326105132.webp","contentUrl":"https:\/\/lightweb.dev\/l\/svm-temp\/wp-content\/uploads\/2025\/03\/svm20250326105132.webp","width":900,"height":400,"caption":"V\u00e5rdcentralen La Loma i Torrevieja. (Bild: Ayuntamiento de Torrevieja)"},{"@type":"BreadcrumbList","@id":"https:\/\/lightweb.dev\/l\/svm-temp\/nyheter\/facket-kraver-forbattringar-pa-vardcentral\/#breadcrumb","itemListElement":[{"@type":"ListItem","position":1,"name":"Hem","item":"https:\/\/lightweb.dev\/l\/svm-temp\/"},{"@type":"ListItem","position":2,"name":"Facket kr\u00e4ver f\u00f6rb\u00e4ttringar p\u00e5 v\u00e5rdcentral"}]},{"@type":"WebSite","@id":"https:\/\/lightweb.dev\/l\/svm-temp\/#website","url":"https:\/\/lightweb.dev\/l\/svm-temp\/","name":"Svenska Magasinet","description":"Dina Spanska nyheter p&aring; Svenska","publisher":{"@id":"https:\/\/lightweb.dev\/l\/svm-temp\/#organization"},"potentialAction":[{"@type":"SearchAction","target":{"@type":"EntryPoint","urlTemplate":"https:\/\/lightweb.dev\/l\/svm-temp\/?s={search_term_string}"},"query-input":{"@type":"PropertyValueSpecification","valueRequired":true,"valueName":"search_term_string"}}],"inLanguage":"sv-SE"},{"@type":"Organization","@id":"https:\/\/lightweb.dev\/l\/svm-temp\/#organization","name":"Melkerson y Nott SL","alternateName":"Svenska Magasinet","url":"https:\/\/lightweb.dev\/l\/svm-temp\/","logo":{"@type":"ImageObject","inLanguage":"sv-SE","@id":"https:\/\/lightweb.dev\/l\/svm-temp\/#\/schema\/logo\/image\/","url":"https:\/\/lightweb.dev\/l\/svm-temp\/wp-content\/uploads\/2025\/02\/SvM-logo-Xtra-Centrerad-SVART.png","contentUrl":"https:\/\/lightweb.dev\/l\/svm-temp\/wp-content\/uploads\/2025\/02\/SvM-logo-Xtra-Centrerad-SVART.png","width":300,"height":99,"caption":"Melkerson y Nott SL"},"image":{"@id":"https:\/\/lightweb.dev\/l\/svm-temp\/#\/schema\/logo\/image\/"},"sameAs":["https:\/\/www.facebook.com\/svenskamagasinet","https:\/\/x.com\/SvenskaMagasine"]},{"@type":"Person","@id":"https:\/\/lightweb.dev\/l\/svm-temp\/#\/schema\/person\/caffe038990d25722f5a04a03c906a2b","name":"Robbie Eriksson","sameAs":["https:\/\/lightweb.dev\/l\/svm-temp"],"url":"https:\/\/lightweb.dev\/l\/svm-temp\/reporter\/robbie-eriksson\/"}]}},"_links":{"self":[{"href":"https:\/\/lightweb.dev\/l\/svm-temp\/wp-json\/wp\/v2\/posts\/80617","targetHints":{"allow":["GET"]}}],"collection":[{"href":"https:\/\/lightweb.dev\/l\/svm-temp\/wp-json\/wp\/v2\/posts"}],"about":[{"href":"https:\/\/lightweb.dev\/l\/svm-temp\/wp-json\/wp\/v2\/types\/post"}],"author":[{"embeddable":true,"href":"https:\/\/lightweb.dev\/l\/svm-temp\/wp-json\/wp\/v2\/users\/14"}],"replies":[{"embeddable":true,"href":"https:\/\/lightweb.dev\/l\/svm-temp\/wp-json\/wp\/v2\/comments?post=80617"}],"version-history":[{"count":0,"href":"https:\/\/lightweb.dev\/l\/svm-temp\/wp-json\/wp\/v2\/posts\/80617\/revisions"}],"wp:featuredmedia":[{"embeddable":true,"href":"https:\/\/lightweb.dev\/l\/svm-temp\/wp-json\/wp\/v2\/media\/80609"}],"wp:attachment":[{"href":"https:\/\/lightweb.dev\/l\/svm-temp\/wp-json\/wp\/v2\/media?parent=80617"}],"wp:term":[{"taxonomy":"category","embeddable":true,"href":"https:\/\/lightweb.dev\/l\/svm-temp\/wp-json\/wp\/v2\/categories?post=80617"},{"taxonomy":"post_tag","embeddable":true,"href":"https:\/\/lightweb.dev\/l\/svm-temp\/wp-json\/wp\/v2\/tags?post=80617"}],"curies":[{"name":"wp","href":"https:\/\/api.w.org\/{rel}","templated":true}]}}