{"id":80656,"date":"2025-03-27T10:28:01","date_gmt":"2025-03-27T09:28:01","guid":{"rendered":"https:\/\/lightweb.dev\/l\/svm-temp\/?p=80656"},"modified":"2025-03-27T10:28:01","modified_gmt":"2025-03-27T09:28:01","slug":"fa-kommuner-har-balans-mellan-utbud-och-efterfragan-av-bostader","status":"publish","type":"post","link":"https:\/\/lightweb.dev\/l\/svm-temp\/nyheter\/fa-kommuner-har-balans-mellan-utbud-och-efterfragan-av-bostader\/","title":{"rendered":"F\u00e5 kommuner har balans mellan utbud och efterfr\u00e5gan av bost\u00e4der"},"content":{"rendered":"<p><strong>De flesta kommuner st\u00e5r inf\u00f6r en allvarlig bostadsbrist och en anstr\u00e4ngd fastighetsmarknad som driver upp priserna.<\/strong><\/p>\n<p><strong>Bara Nerja, Campillos, Manilva, Algarrobo, Casares, Estepona och Benahav\u00eds har en balans mellan utbud och efterfr\u00e5gan vilket gett en stabil fastighetsmarknad med ytterligare prispress.<\/strong><\/p>\n<p>Det visar en f\u00e4rsk rapport fr\u00e5n byggherrarnas sammanslutning ACP M\u00e1laga Asociaci\u00f3n Provincial de Constructores y Promotores de M\u00e1laga).<\/p>\n<p>I \u00f6vrigt \u00e4r siffrorna r\u00f6da.<\/p>\n<p>Senaste tio \u00e5ren har M\u00e1laga samlat p\u00e5 sig ett underskott p\u00e5 14000 bost\u00e4der j\u00e4mf\u00f6rt med dess befolknings\u00f6kning. 19570 bost\u00e4der har byggts i M\u00e1laga, Torremolinos, Alhaur\u00edn de la Torre, Rinc\u00f3n och C\u00e1rtama medan kommunerna officiellt har f\u00e5tt 34000 nya hush\u00e5ll. Antalet lediga bost\u00e4der minskar i rasande takt.<\/p>\n<p>Rapporten fr\u00e5n ACP M\u00e1laga har analyserat 32 kommuner och av dessa har bara sju kommuner byggt tillr\u00e4ckligt med bost\u00e4der f\u00f6r att absorbera tillv\u00e4xten av nya hush\u00e5ll under det senaste decenniet.<\/p>\n<p>Utbudet av bost\u00e4der har inte varit i samma niv\u00e5 som efterfr\u00e5gan vilket har lett till h\u00e5rd konkurrens om det begr\u00e4nsade antalet bost\u00e4der vilket har orsakat prish\u00f6jningar, visar rapporten som <a href=\"https:\/\/www.diariosur.es\/malaga\/malaga-metropolitana-acumula-diez-anos-deficit-14000-20250326143840-nt.html\">Diario Sur<\/a> h\u00e4nvisar till p\u00e5 torsdagen.<\/p>\n<p>Rinc\u00f3n de la Victoria \u00e4r s\u00e4mst i klassen. Den har inte bara den s\u00e4msta byggkvoten i f\u00f6rh\u00e5llande till befolkningstillv\u00e4xten utan \u00e4r ocks\u00e5 s\u00e4mst n\u00e4r det g\u00e4ller nybyggnation.<\/p>\n<p>Studien visar \u00e4ven hur bostadsbristen har p\u00e5verkat uppg\u00e5ngen i kvadratmeterpriset.<\/p>\n<p>Mindre byr\u00e5krati och snabbare beslut till att godk\u00e4nna byggbar mark m\u00e5ste till f\u00f6r att g\u00f6ra byggsektorn mer effektiv och s\u00e4kerst\u00e4lla en h\u00e5llbar stadsutveckling p\u00e5 Costa del Sol.<\/p>\n<p>Det g\u00e4ller att s\u00e4tta fart p\u00e5 nybyggnation till \u00f6verkomliga priser.<\/p>\n","protected":false},"excerpt":{"rendered":"<p>De flesta kommuner st\u00e5r inf\u00f6r en allvarlig bostadsbrist och en anstr\u00e4ngd fastighetsmarknad som driver upp priserna. Bara Nerja, Campillos, Manilva, Algarrobo, Casares, Estepona och Benahav\u00eds har&#8230;<\/p>\n","protected":false},"author":7,"featured_media":73714,"comment_status":"closed","ping_status":"closed","sticky":false,"template":"","format":"standard","meta":{"_et_pb_use_builder":"","_et_pb_old_content":"","_et_gb_content_width":"","footnotes":""},"categories":[395,3],"tags":[],"class_list":["post-80656","post","type-post","status-publish","format-standard","has-post-thumbnail","hentry","category-arkiv-nyheter","category-nyheter"],"yoast_head":"<!-- This site is optimized with the Yoast SEO Premium plugin v26.2 (Yoast SEO v27.5) - https:\/\/yoast.com\/product\/yoast-seo-premium-wordpress\/ -->\n<title>F\u00e5 kommuner har balans mellan utbud och efterfr\u00e5gan av bost\u00e4der - Svenska Magasinet<\/title>\n<meta name=\"robots\" content=\"noindex, follow, max-snippet:-1, max-image-preview:large, max-video-preview:-1\" \/>\n<meta property=\"og:locale\" content=\"sv_SE\" \/>\n<meta property=\"og:type\" content=\"article\" \/>\n<meta property=\"og:title\" content=\"F\u00e5 kommuner har balans mellan utbud och efterfr\u00e5gan av bost\u00e4der\" \/>\n<meta property=\"og:description\" content=\"De flesta kommuner st\u00e5r inf\u00f6r en allvarlig bostadsbrist och en anstr\u00e4ngd fastighetsmarknad som driver upp priserna. Bara Nerja, Campillos, Manilva, Algarrobo, Casares, Estepona och Benahav\u00eds har...\" \/>\n<meta property=\"og:url\" content=\"https:\/\/lightweb.dev\/l\/svm-temp\/nyheter\/fa-kommuner-har-balans-mellan-utbud-och-efterfragan-av-bostader\/\" \/>\n<meta property=\"og:site_name\" content=\"Svenska Magasinet\" \/>\n<meta property=\"article:publisher\" content=\"https:\/\/www.facebook.com\/svenskamagasinet\" \/>\n<meta property=\"article:published_time\" content=\"2025-03-27T09:28:01+00:00\" \/>\n<meta property=\"og:image\" content=\"https:\/\/lightweb.dev\/l\/svm-temp\/wp-content\/uploads\/2024\/08\/DSC_6709-stor.jpeg\" \/>\n\t<meta property=\"og:image:width\" content=\"1280\" \/>\n\t<meta property=\"og:image:height\" content=\"859\" \/>\n\t<meta property=\"og:image:type\" content=\"image\/jpeg\" \/>\n<meta name=\"author\" content=\"Ola Josefsson\" \/>\n<meta name=\"twitter:card\" content=\"summary_large_image\" \/>\n<meta name=\"twitter:creator\" content=\"@SvenskaMagasine\" \/>\n<meta name=\"twitter:site\" content=\"@SvenskaMagasine\" \/>\n<script type=\"application\/ld+json\" class=\"yoast-schema-graph\">{\"@context\":\"https:\\\/\\\/schema.org\",\"@graph\":[{\"@type\":\"Article\",\"@id\":\"https:\\\/\\\/lightweb.dev\\\/l\\\/svm-temp\\\/nyheter\\\/fa-kommuner-har-balans-mellan-utbud-och-efterfragan-av-bostader\\\/#article\",\"isPartOf\":{\"@id\":\"https:\\\/\\\/lightweb.dev\\\/l\\\/svm-temp\\\/nyheter\\\/fa-kommuner-har-balans-mellan-utbud-och-efterfragan-av-bostader\\\/\"},\"author\":{\"name\":\"Ola Josefsson\",\"@id\":\"https:\\\/\\\/lightweb.dev\\\/l\\\/svm-temp\\\/#\\\/schema\\\/person\\\/7a82b8a73d171d32360a564b6d03508e\"},\"headline\":\"F\u00e5 kommuner har balans mellan utbud och efterfr\u00e5gan av bost\u00e4der\",\"datePublished\":\"2025-03-27T09:28:01+00:00\",\"mainEntityOfPage\":{\"@id\":\"https:\\\/\\\/lightweb.dev\\\/l\\\/svm-temp\\\/nyheter\\\/fa-kommuner-har-balans-mellan-utbud-och-efterfragan-av-bostader\\\/\"},\"wordCount\":315,\"publisher\":{\"@id\":\"https:\\\/\\\/lightweb.dev\\\/l\\\/svm-temp\\\/#organization\"},\"image\":{\"@id\":\"https:\\\/\\\/lightweb.dev\\\/l\\\/svm-temp\\\/nyheter\\\/fa-kommuner-har-balans-mellan-utbud-och-efterfragan-av-bostader\\\/#primaryimage\"},\"thumbnailUrl\":\"https:\\\/\\\/lightweb.dev\\\/l\\\/svm-temp\\\/wp-content\\\/uploads\\\/2024\\\/08\\\/DSC_6709-stor.jpeg\",\"articleSection\":[\"Arkiv\",\"Nyheter\"],\"inLanguage\":\"sv-SE\"},{\"@type\":\"WebPage\",\"@id\":\"https:\\\/\\\/lightweb.dev\\\/l\\\/svm-temp\\\/nyheter\\\/fa-kommuner-har-balans-mellan-utbud-och-efterfragan-av-bostader\\\/\",\"url\":\"https:\\\/\\\/lightweb.dev\\\/l\\\/svm-temp\\\/nyheter\\\/fa-kommuner-har-balans-mellan-utbud-och-efterfragan-av-bostader\\\/\",\"name\":\"F\u00e5 kommuner har balans mellan utbud och efterfr\u00e5gan av bost\u00e4der - Svenska Magasinet\",\"isPartOf\":{\"@id\":\"https:\\\/\\\/lightweb.dev\\\/l\\\/svm-temp\\\/#website\"},\"primaryImageOfPage\":{\"@id\":\"https:\\\/\\\/lightweb.dev\\\/l\\\/svm-temp\\\/nyheter\\\/fa-kommuner-har-balans-mellan-utbud-och-efterfragan-av-bostader\\\/#primaryimage\"},\"image\":{\"@id\":\"https:\\\/\\\/lightweb.dev\\\/l\\\/svm-temp\\\/nyheter\\\/fa-kommuner-har-balans-mellan-utbud-och-efterfragan-av-bostader\\\/#primaryimage\"},\"thumbnailUrl\":\"https:\\\/\\\/lightweb.dev\\\/l\\\/svm-temp\\\/wp-content\\\/uploads\\\/2024\\\/08\\\/DSC_6709-stor.jpeg\",\"datePublished\":\"2025-03-27T09:28:01+00:00\",\"breadcrumb\":{\"@id\":\"https:\\\/\\\/lightweb.dev\\\/l\\\/svm-temp\\\/nyheter\\\/fa-kommuner-har-balans-mellan-utbud-och-efterfragan-av-bostader\\\/#breadcrumb\"},\"inLanguage\":\"sv-SE\",\"potentialAction\":[{\"@type\":\"ReadAction\",\"target\":[\"https:\\\/\\\/lightweb.dev\\\/l\\\/svm-temp\\\/nyheter\\\/fa-kommuner-har-balans-mellan-utbud-och-efterfragan-av-bostader\\\/\"]}]},{\"@type\":\"ImageObject\",\"inLanguage\":\"sv-SE\",\"@id\":\"https:\\\/\\\/lightweb.dev\\\/l\\\/svm-temp\\\/nyheter\\\/fa-kommuner-har-balans-mellan-utbud-och-efterfragan-av-bostader\\\/#primaryimage\",\"url\":\"https:\\\/\\\/lightweb.dev\\\/l\\\/svm-temp\\\/wp-content\\\/uploads\\\/2024\\\/08\\\/DSC_6709-stor.jpeg\",\"contentUrl\":\"https:\\\/\\\/lightweb.dev\\\/l\\\/svm-temp\\\/wp-content\\\/uploads\\\/2024\\\/08\\\/DSC_6709-stor.jpeg\",\"width\":1280,\"height\":859},{\"@type\":\"BreadcrumbList\",\"@id\":\"https:\\\/\\\/lightweb.dev\\\/l\\\/svm-temp\\\/nyheter\\\/fa-kommuner-har-balans-mellan-utbud-och-efterfragan-av-bostader\\\/#breadcrumb\",\"itemListElement\":[{\"@type\":\"ListItem\",\"position\":1,\"name\":\"Hem\",\"item\":\"https:\\\/\\\/lightweb.dev\\\/l\\\/svm-temp\\\/\"},{\"@type\":\"ListItem\",\"position\":2,\"name\":\"F\u00e5 kommuner har balans mellan utbud och efterfr\u00e5gan av bost\u00e4der\"}]},{\"@type\":\"WebSite\",\"@id\":\"https:\\\/\\\/lightweb.dev\\\/l\\\/svm-temp\\\/#website\",\"url\":\"https:\\\/\\\/lightweb.dev\\\/l\\\/svm-temp\\\/\",\"name\":\"Svenska Magasinet\",\"description\":\"Dina Spanska nyheter p&aring; Svenska\",\"publisher\":{\"@id\":\"https:\\\/\\\/lightweb.dev\\\/l\\\/svm-temp\\\/#organization\"},\"potentialAction\":[{\"@type\":\"SearchAction\",\"target\":{\"@type\":\"EntryPoint\",\"urlTemplate\":\"https:\\\/\\\/lightweb.dev\\\/l\\\/svm-temp\\\/?s={search_term_string}\"},\"query-input\":{\"@type\":\"PropertyValueSpecification\",\"valueRequired\":true,\"valueName\":\"search_term_string\"}}],\"inLanguage\":\"sv-SE\"},{\"@type\":\"Organization\",\"@id\":\"https:\\\/\\\/lightweb.dev\\\/l\\\/svm-temp\\\/#organization\",\"name\":\"Melkerson y Nott SL\",\"alternateName\":\"Svenska Magasinet\",\"url\":\"https:\\\/\\\/lightweb.dev\\\/l\\\/svm-temp\\\/\",\"logo\":{\"@type\":\"ImageObject\",\"inLanguage\":\"sv-SE\",\"@id\":\"https:\\\/\\\/lightweb.dev\\\/l\\\/svm-temp\\\/#\\\/schema\\\/logo\\\/image\\\/\",\"url\":\"https:\\\/\\\/lightweb.dev\\\/l\\\/svm-temp\\\/wp-content\\\/uploads\\\/2025\\\/02\\\/SvM-logo-Xtra-Centrerad-SVART.png\",\"contentUrl\":\"https:\\\/\\\/lightweb.dev\\\/l\\\/svm-temp\\\/wp-content\\\/uploads\\\/2025\\\/02\\\/SvM-logo-Xtra-Centrerad-SVART.png\",\"width\":300,\"height\":99,\"caption\":\"Melkerson y Nott SL\"},\"image\":{\"@id\":\"https:\\\/\\\/lightweb.dev\\\/l\\\/svm-temp\\\/#\\\/schema\\\/logo\\\/image\\\/\"},\"sameAs\":[\"https:\\\/\\\/www.facebook.com\\\/svenskamagasinet\",\"https:\\\/\\\/x.com\\\/SvenskaMagasine\"]},{\"@type\":\"Person\",\"@id\":\"https:\\\/\\\/lightweb.dev\\\/l\\\/svm-temp\\\/#\\\/schema\\\/person\\\/7a82b8a73d171d32360a564b6d03508e\",\"name\":\"Ola Josefsson\",\"description\":\"Bevakar Solkusten och Spanien sedan 1994.\",\"sameAs\":[\"https:\\\/\\\/lightweb.dev\\\/l\\\/svm-temp\"],\"url\":\"https:\\\/\\\/lightweb.dev\\\/l\\\/svm-temp\\\/reporter\\\/ola-josefsson\\\/\"}]}<\/script>\n<!-- \/ Yoast SEO Premium plugin. -->","yoast_head_json":{"title":"F\u00e5 kommuner har balans mellan utbud och efterfr\u00e5gan av bost\u00e4der - Svenska Magasinet","robots":{"index":"noindex","follow":"follow","max-snippet":"max-snippet:-1","max-image-preview":"max-image-preview:large","max-video-preview":"max-video-preview:-1"},"og_locale":"sv_SE","og_type":"article","og_title":"F\u00e5 kommuner har balans mellan utbud och efterfr\u00e5gan av bost\u00e4der","og_description":"De flesta kommuner st\u00e5r inf\u00f6r en allvarlig bostadsbrist och en anstr\u00e4ngd fastighetsmarknad som driver upp priserna. Bara Nerja, Campillos, Manilva, Algarrobo, Casares, Estepona och Benahav\u00eds har...","og_url":"https:\/\/lightweb.dev\/l\/svm-temp\/nyheter\/fa-kommuner-har-balans-mellan-utbud-och-efterfragan-av-bostader\/","og_site_name":"Svenska Magasinet","article_publisher":"https:\/\/www.facebook.com\/svenskamagasinet","article_published_time":"2025-03-27T09:28:01+00:00","og_image":[{"width":1280,"height":859,"url":"https:\/\/lightweb.dev\/l\/svm-temp\/wp-content\/uploads\/2024\/08\/DSC_6709-stor.jpeg","type":"image\/jpeg"}],"author":"Ola Josefsson","twitter_card":"summary_large_image","twitter_creator":"@SvenskaMagasine","twitter_site":"@SvenskaMagasine","schema":{"@context":"https:\/\/schema.org","@graph":[{"@type":"Article","@id":"https:\/\/lightweb.dev\/l\/svm-temp\/nyheter\/fa-kommuner-har-balans-mellan-utbud-och-efterfragan-av-bostader\/#article","isPartOf":{"@id":"https:\/\/lightweb.dev\/l\/svm-temp\/nyheter\/fa-kommuner-har-balans-mellan-utbud-och-efterfragan-av-bostader\/"},"author":{"name":"Ola Josefsson","@id":"https:\/\/lightweb.dev\/l\/svm-temp\/#\/schema\/person\/7a82b8a73d171d32360a564b6d03508e"},"headline":"F\u00e5 kommuner har balans mellan utbud och efterfr\u00e5gan av bost\u00e4der","datePublished":"2025-03-27T09:28:01+00:00","mainEntityOfPage":{"@id":"https:\/\/lightweb.dev\/l\/svm-temp\/nyheter\/fa-kommuner-har-balans-mellan-utbud-och-efterfragan-av-bostader\/"},"wordCount":315,"publisher":{"@id":"https:\/\/lightweb.dev\/l\/svm-temp\/#organization"},"image":{"@id":"https:\/\/lightweb.dev\/l\/svm-temp\/nyheter\/fa-kommuner-har-balans-mellan-utbud-och-efterfragan-av-bostader\/#primaryimage"},"thumbnailUrl":"https:\/\/lightweb.dev\/l\/svm-temp\/wp-content\/uploads\/2024\/08\/DSC_6709-stor.jpeg","articleSection":["Arkiv","Nyheter"],"inLanguage":"sv-SE"},{"@type":"WebPage","@id":"https:\/\/lightweb.dev\/l\/svm-temp\/nyheter\/fa-kommuner-har-balans-mellan-utbud-och-efterfragan-av-bostader\/","url":"https:\/\/lightweb.dev\/l\/svm-temp\/nyheter\/fa-kommuner-har-balans-mellan-utbud-och-efterfragan-av-bostader\/","name":"F\u00e5 kommuner har balans mellan utbud och efterfr\u00e5gan av bost\u00e4der - Svenska Magasinet","isPartOf":{"@id":"https:\/\/lightweb.dev\/l\/svm-temp\/#website"},"primaryImageOfPage":{"@id":"https:\/\/lightweb.dev\/l\/svm-temp\/nyheter\/fa-kommuner-har-balans-mellan-utbud-och-efterfragan-av-bostader\/#primaryimage"},"image":{"@id":"https:\/\/lightweb.dev\/l\/svm-temp\/nyheter\/fa-kommuner-har-balans-mellan-utbud-och-efterfragan-av-bostader\/#primaryimage"},"thumbnailUrl":"https:\/\/lightweb.dev\/l\/svm-temp\/wp-content\/uploads\/2024\/08\/DSC_6709-stor.jpeg","datePublished":"2025-03-27T09:28:01+00:00","breadcrumb":{"@id":"https:\/\/lightweb.dev\/l\/svm-temp\/nyheter\/fa-kommuner-har-balans-mellan-utbud-och-efterfragan-av-bostader\/#breadcrumb"},"inLanguage":"sv-SE","potentialAction":[{"@type":"ReadAction","target":["https:\/\/lightweb.dev\/l\/svm-temp\/nyheter\/fa-kommuner-har-balans-mellan-utbud-och-efterfragan-av-bostader\/"]}]},{"@type":"ImageObject","inLanguage":"sv-SE","@id":"https:\/\/lightweb.dev\/l\/svm-temp\/nyheter\/fa-kommuner-har-balans-mellan-utbud-och-efterfragan-av-bostader\/#primaryimage","url":"https:\/\/lightweb.dev\/l\/svm-temp\/wp-content\/uploads\/2024\/08\/DSC_6709-stor.jpeg","contentUrl":"https:\/\/lightweb.dev\/l\/svm-temp\/wp-content\/uploads\/2024\/08\/DSC_6709-stor.jpeg","width":1280,"height":859},{"@type":"BreadcrumbList","@id":"https:\/\/lightweb.dev\/l\/svm-temp\/nyheter\/fa-kommuner-har-balans-mellan-utbud-och-efterfragan-av-bostader\/#breadcrumb","itemListElement":[{"@type":"ListItem","position":1,"name":"Hem","item":"https:\/\/lightweb.dev\/l\/svm-temp\/"},{"@type":"ListItem","position":2,"name":"F\u00e5 kommuner har balans mellan utbud och efterfr\u00e5gan av bost\u00e4der"}]},{"@type":"WebSite","@id":"https:\/\/lightweb.dev\/l\/svm-temp\/#website","url":"https:\/\/lightweb.dev\/l\/svm-temp\/","name":"Svenska Magasinet","description":"Dina Spanska nyheter p&aring; Svenska","publisher":{"@id":"https:\/\/lightweb.dev\/l\/svm-temp\/#organization"},"potentialAction":[{"@type":"SearchAction","target":{"@type":"EntryPoint","urlTemplate":"https:\/\/lightweb.dev\/l\/svm-temp\/?s={search_term_string}"},"query-input":{"@type":"PropertyValueSpecification","valueRequired":true,"valueName":"search_term_string"}}],"inLanguage":"sv-SE"},{"@type":"Organization","@id":"https:\/\/lightweb.dev\/l\/svm-temp\/#organization","name":"Melkerson y Nott SL","alternateName":"Svenska Magasinet","url":"https:\/\/lightweb.dev\/l\/svm-temp\/","logo":{"@type":"ImageObject","inLanguage":"sv-SE","@id":"https:\/\/lightweb.dev\/l\/svm-temp\/#\/schema\/logo\/image\/","url":"https:\/\/lightweb.dev\/l\/svm-temp\/wp-content\/uploads\/2025\/02\/SvM-logo-Xtra-Centrerad-SVART.png","contentUrl":"https:\/\/lightweb.dev\/l\/svm-temp\/wp-content\/uploads\/2025\/02\/SvM-logo-Xtra-Centrerad-SVART.png","width":300,"height":99,"caption":"Melkerson y Nott SL"},"image":{"@id":"https:\/\/lightweb.dev\/l\/svm-temp\/#\/schema\/logo\/image\/"},"sameAs":["https:\/\/www.facebook.com\/svenskamagasinet","https:\/\/x.com\/SvenskaMagasine"]},{"@type":"Person","@id":"https:\/\/lightweb.dev\/l\/svm-temp\/#\/schema\/person\/7a82b8a73d171d32360a564b6d03508e","name":"Ola Josefsson","description":"Bevakar Solkusten och Spanien sedan 1994.","sameAs":["https:\/\/lightweb.dev\/l\/svm-temp"],"url":"https:\/\/lightweb.dev\/l\/svm-temp\/reporter\/ola-josefsson\/"}]}},"_links":{"self":[{"href":"https:\/\/lightweb.dev\/l\/svm-temp\/wp-json\/wp\/v2\/posts\/80656","targetHints":{"allow":["GET"]}}],"collection":[{"href":"https:\/\/lightweb.dev\/l\/svm-temp\/wp-json\/wp\/v2\/posts"}],"about":[{"href":"https:\/\/lightweb.dev\/l\/svm-temp\/wp-json\/wp\/v2\/types\/post"}],"author":[{"embeddable":true,"href":"https:\/\/lightweb.dev\/l\/svm-temp\/wp-json\/wp\/v2\/users\/7"}],"replies":[{"embeddable":true,"href":"https:\/\/lightweb.dev\/l\/svm-temp\/wp-json\/wp\/v2\/comments?post=80656"}],"version-history":[{"count":0,"href":"https:\/\/lightweb.dev\/l\/svm-temp\/wp-json\/wp\/v2\/posts\/80656\/revisions"}],"wp:featuredmedia":[{"embeddable":true,"href":"https:\/\/lightweb.dev\/l\/svm-temp\/wp-json\/wp\/v2\/media\/73714"}],"wp:attachment":[{"href":"https:\/\/lightweb.dev\/l\/svm-temp\/wp-json\/wp\/v2\/media?parent=80656"}],"wp:term":[{"taxonomy":"category","embeddable":true,"href":"https:\/\/lightweb.dev\/l\/svm-temp\/wp-json\/wp\/v2\/categories?post=80656"},{"taxonomy":"post_tag","embeddable":true,"href":"https:\/\/lightweb.dev\/l\/svm-temp\/wp-json\/wp\/v2\/tags?post=80656"}],"curies":[{"name":"wp","href":"https:\/\/api.w.org\/{rel}","templated":true}]}}