{"id":80665,"date":"2025-03-27T16:43:32","date_gmt":"2025-03-27T15:43:32","guid":{"rendered":"https:\/\/lightweb.dev\/l\/svm-temp\/?p=80665"},"modified":"2025-03-27T16:43:32","modified_gmt":"2025-03-27T15:43:32","slug":"spanien-upplever-en-lararkris","status":"publish","type":"post","link":"https:\/\/lightweb.dev\/l\/svm-temp\/nyheter\/spanien-upplever-en-lararkris\/","title":{"rendered":"Spanien upplever en l\u00e4rarkris\u00a0"},"content":{"rendered":"<p><strong>Endast en fj\u00e4rdedel av landets l\u00e4rare s\u00e4ger att de k\u00e4nner entusiasm f\u00f6r sina jobb.\u00a0<\/strong><\/p>\n<p><span style=\"font-weight: 400;\">En majoritet av Spaniens grundskoll\u00e4rare medger att de inte l\u00e4ngre k\u00e4nner n\u00e5gon entusiasm f\u00f6r sitt jobb. Antalet m\u00e4nniskor som s\u00f6ker sig till l\u00e4raryrket, eller vill stanna i det, har st\u00f6rtdykt de senaste 20 \u00e5ren och experter p\u00e5 omr\u00e5det menar att detta inte kommer f\u00f6r\u00e4ndras om inte mycket specifika och l\u00e5ngtg\u00e5ende \u00e5tg\u00e4rder s\u00e4tts in. Dessa \u00e4r huvudfynden i en studie som genomf\u00f6rts av tankesmedjan Esade. Genom att analysera b\u00e5de sin egen data och andras har de tittat p\u00e5 utvecklingen i l\u00e4raryrket i Spanien under de senaste 25 \u00e5ren.\u00a0<\/span><\/p>\n<p><span style=\"font-weight: 400;\">Tre siffror sticker ut. 2007 uppgav 60 procent att de, trots flera problem p\u00e5 arbetsplatsen, kunde uppr\u00e4tth\u00e5lla entusiasm. Idag \u00e4r samma siffra nere p\u00e5 24 procent.\u00a0<\/span><\/p>\n<p><span style=\"font-weight: 400;\">Under samma period har missn\u00f6jdheten med jobbet skjutit i h\u00f6jden. 2007 sade sig endast 2 procent k\u00e4nna likgiltighet inf\u00f6r sina jobb. Idag g\u00f6r 38 procent det.\u00a0<\/span><\/p>\n<p><span style=\"font-weight: 400;\">De som \u00e4r tr\u00f6tta p\u00e5 olika problem som finns inom yrket eller som k\u00e4nner sig likgiltiga inf\u00f6r det utg\u00f6r nu ungef\u00e4r 75 procent av l\u00e4rark\u00e5ren. 6 av 10 uppger att de skulle byta jobb om en annan roll med likv\u00e4rdiga villkor erbj\u00f6ds till dem, f\u00f6r 20 \u00e5r sedan sade bara 25 procent samma sak.\u00a0<\/span><\/p>\n<p><span style=\"font-weight: 400;\">Att allt fler l\u00e4rare blir utbr\u00e4nda, k\u00e4nner sig isolerade eller starkt missn\u00f6jda med sina jobb \u00e4r ett stort problem f\u00f6r Spanien och landets kvalitet g\u00e4llande utbildning.\u00a0<\/span><\/p>\n<h2><span style=\"font-weight: 400;\">Tre huvudorsaker<\/span><\/h2>\n<p><span style=\"font-weight: 400;\">Lucas Gortazar ledde arbetet med Esades analys och han pekar ut tre sammanv\u00e4vda faktorer bakom denna kris. Den f\u00f6rsta \u00e4r en \u00f6kande komplexitet n\u00e4r det g\u00e4ller elevernas emotionella besv\u00e4r som har gett fler elever med inl\u00e4rningssv\u00e5righeter och fler konflikter i klassrummen. Detta kombineras med att allt fler barn v\u00e4xer upp i fattigdom, fler utl\u00e4ndska elever som beh\u00f6ver extra hj\u00e4lp med spr\u00e5ket och att 20 procent av landets ungdomar uppger att de upplever \u00e5ngest.\u00a0<\/span><\/p>\n<p><span style=\"font-weight: 400;\">Den andra \u00e4r de allt s\u00e4mre f\u00f6rh\u00e5llandena p\u00e5 l\u00e4rarnas arbetsplatser. Flera s\u00e4ger att l\u00f6nerna skulle kunna bli h\u00f6gre men det \u00e4r framf\u00f6rallt den v\u00e4xande arbetsb\u00f6rdan, som inneb\u00e4r att de inte hinner ge alla elever den uppm\u00e4rksamhet de beh\u00f6ver, planera lektionerna p\u00e5 ett optimalt s\u00e4tt och de m\u00e5nga kortare anst\u00e4llningarna, som t\u00e4r p\u00e5 l\u00e4rarna.\u00a0<\/span><\/p>\n<p><span style=\"font-weight: 400;\">Den tredje faktorn \u00e4r att l\u00e4raryrket inte erbjuder en s\u00e4rskilt attraktiv karri\u00e4rbana.<\/span><\/p>\n<h3><span style=\"font-weight: 400;\">Fyra \u00e5tg\u00e4rder<\/span><\/h3>\n<p><span style=\"font-weight: 400;\">Esades specialister f\u00f6resl\u00e5r fyra specifika \u00e5tg\u00e4rder f\u00f6r att f\u00f6rb\u00e4ttra l\u00e4rarnas situation och d\u00e4rmed landets utbildning.\u00a0<\/span><\/p>\n<p><span style=\"font-weight: 400;\">Det f\u00f6rsta \u00e4r ett program f\u00f6r psyko-emotionellt st\u00f6d och st\u00f6rre st\u00f6d f\u00f6r enskilda elever som beh\u00f6ver hj\u00e4lp med k\u00e4rn\u00e4mnen som matematik och spanska.<\/span><\/p>\n<p><span style=\"font-weight: 400;\">Den andra \u00e4r ett ambiti\u00f6st f\u00f6rs\u00f6k att dra ner p\u00e5 antalet tillf\u00e4lliga anst\u00e4llningar inom skolan, speciellt i skolor med de allra mest s\u00e5rbara eleverna.\u00a0<\/span><\/p>\n<p><span style=\"font-weight: 400;\">F\u00f6r det tredje vill de f\u00f6rb\u00e4ttra l\u00e4rarnas grundutbildning och h\u00f6ja dess standard s\u00e5 att den kan leda till fler karri\u00e4rm\u00f6jligheter.\u00a0\u00a0\u00a0<\/span><\/p>\n<p><span style=\"font-weight: 400;\">Den fj\u00e4rde \u00e5tg\u00e4rden \u00e4r att tydligare etablera hur en l\u00e4rares karri\u00e4rbana kan se ut och en l\u00f6netrappa som g\u00f6r jobbet mer attraktivt.\u00a0<\/span><\/p>\n<p>&nbsp;<\/p>\n","protected":false},"excerpt":{"rendered":"<p>Endast en fj\u00e4rdedel av landets l\u00e4rare s\u00e4ger att de k\u00e4nner entusiasm f\u00f6r sina jobb.\u00a0<\/p>\n","protected":false},"author":14,"featured_media":80669,"comment_status":"closed","ping_status":"closed","sticky":false,"template":"","format":"standard","meta":{"_et_pb_use_builder":"","_et_pb_old_content":"","_et_gb_content_width":"","footnotes":""},"categories":[395,3],"tags":[],"class_list":["post-80665","post","type-post","status-publish","format-standard","has-post-thumbnail","hentry","category-arkiv-nyheter","category-nyheter"],"yoast_head":"<!-- This site is optimized with the Yoast SEO Premium plugin v26.2 (Yoast SEO v27.5) - https:\/\/yoast.com\/product\/yoast-seo-premium-wordpress\/ -->\n<title>Spanien upplever en l\u00e4rarkris\u00a0 - Svenska Magasinet<\/title>\n<meta name=\"robots\" content=\"noindex, follow, max-snippet:-1, max-image-preview:large, max-video-preview:-1\" \/>\n<meta property=\"og:locale\" content=\"sv_SE\" \/>\n<meta property=\"og:type\" content=\"article\" \/>\n<meta property=\"og:title\" content=\"Spanien upplever en l\u00e4rarkris\u00a0\" \/>\n<meta property=\"og:description\" content=\"Endast en fj\u00e4rdedel av landets l\u00e4rare s\u00e4ger att de k\u00e4nner entusiasm f\u00f6r sina jobb.\u00a0\" \/>\n<meta property=\"og:url\" content=\"https:\/\/lightweb.dev\/l\/svm-temp\/nyheter\/spanien-upplever-en-lararkris\/\" \/>\n<meta property=\"og:site_name\" content=\"Svenska Magasinet\" \/>\n<meta property=\"article:publisher\" content=\"https:\/\/www.facebook.com\/svenskamagasinet\" \/>\n<meta property=\"article:published_time\" content=\"2025-03-27T15:43:32+00:00\" \/>\n<meta property=\"og:image\" content=\"https:\/\/lightweb.dev\/l\/svm-temp\/wp-content\/uploads\/2025\/03\/svm20250327154136.webp\" \/>\n\t<meta property=\"og:image:width\" content=\"900\" \/>\n\t<meta property=\"og:image:height\" content=\"400\" \/>\n\t<meta property=\"og:image:type\" content=\"image\/webp\" \/>\n<meta name=\"author\" content=\"Robbie Eriksson\" \/>\n<meta name=\"twitter:card\" content=\"summary_large_image\" \/>\n<meta name=\"twitter:creator\" content=\"@SvenskaMagasine\" \/>\n<meta name=\"twitter:site\" content=\"@SvenskaMagasine\" \/>\n<script type=\"application\/ld+json\" class=\"yoast-schema-graph\">{\"@context\":\"https:\\\/\\\/schema.org\",\"@graph\":[{\"@type\":\"Article\",\"@id\":\"https:\\\/\\\/lightweb.dev\\\/l\\\/svm-temp\\\/nyheter\\\/spanien-upplever-en-lararkris\\\/#article\",\"isPartOf\":{\"@id\":\"https:\\\/\\\/lightweb.dev\\\/l\\\/svm-temp\\\/nyheter\\\/spanien-upplever-en-lararkris\\\/\"},\"author\":{\"name\":\"Robbie Eriksson\",\"@id\":\"https:\\\/\\\/lightweb.dev\\\/l\\\/svm-temp\\\/#\\\/schema\\\/person\\\/caffe038990d25722f5a04a03c906a2b\"},\"headline\":\"Spanien upplever en l\u00e4rarkris\u00a0\",\"datePublished\":\"2025-03-27T15:43:32+00:00\",\"mainEntityOfPage\":{\"@id\":\"https:\\\/\\\/lightweb.dev\\\/l\\\/svm-temp\\\/nyheter\\\/spanien-upplever-en-lararkris\\\/\"},\"wordCount\":589,\"publisher\":{\"@id\":\"https:\\\/\\\/lightweb.dev\\\/l\\\/svm-temp\\\/#organization\"},\"image\":{\"@id\":\"https:\\\/\\\/lightweb.dev\\\/l\\\/svm-temp\\\/nyheter\\\/spanien-upplever-en-lararkris\\\/#primaryimage\"},\"thumbnailUrl\":\"https:\\\/\\\/lightweb.dev\\\/l\\\/svm-temp\\\/wp-content\\\/uploads\\\/2025\\\/03\\\/svm20250327154136.webp\",\"articleSection\":[\"Arkiv\",\"Nyheter\"],\"inLanguage\":\"sv-SE\"},{\"@type\":\"WebPage\",\"@id\":\"https:\\\/\\\/lightweb.dev\\\/l\\\/svm-temp\\\/nyheter\\\/spanien-upplever-en-lararkris\\\/\",\"url\":\"https:\\\/\\\/lightweb.dev\\\/l\\\/svm-temp\\\/nyheter\\\/spanien-upplever-en-lararkris\\\/\",\"name\":\"Spanien upplever en l\u00e4rarkris\u00a0 - Svenska Magasinet\",\"isPartOf\":{\"@id\":\"https:\\\/\\\/lightweb.dev\\\/l\\\/svm-temp\\\/#website\"},\"primaryImageOfPage\":{\"@id\":\"https:\\\/\\\/lightweb.dev\\\/l\\\/svm-temp\\\/nyheter\\\/spanien-upplever-en-lararkris\\\/#primaryimage\"},\"image\":{\"@id\":\"https:\\\/\\\/lightweb.dev\\\/l\\\/svm-temp\\\/nyheter\\\/spanien-upplever-en-lararkris\\\/#primaryimage\"},\"thumbnailUrl\":\"https:\\\/\\\/lightweb.dev\\\/l\\\/svm-temp\\\/wp-content\\\/uploads\\\/2025\\\/03\\\/svm20250327154136.webp\",\"datePublished\":\"2025-03-27T15:43:32+00:00\",\"breadcrumb\":{\"@id\":\"https:\\\/\\\/lightweb.dev\\\/l\\\/svm-temp\\\/nyheter\\\/spanien-upplever-en-lararkris\\\/#breadcrumb\"},\"inLanguage\":\"sv-SE\",\"potentialAction\":[{\"@type\":\"ReadAction\",\"target\":[\"https:\\\/\\\/lightweb.dev\\\/l\\\/svm-temp\\\/nyheter\\\/spanien-upplever-en-lararkris\\\/\"]}]},{\"@type\":\"ImageObject\",\"inLanguage\":\"sv-SE\",\"@id\":\"https:\\\/\\\/lightweb.dev\\\/l\\\/svm-temp\\\/nyheter\\\/spanien-upplever-en-lararkris\\\/#primaryimage\",\"url\":\"https:\\\/\\\/lightweb.dev\\\/l\\\/svm-temp\\\/wp-content\\\/uploads\\\/2025\\\/03\\\/svm20250327154136.webp\",\"contentUrl\":\"https:\\\/\\\/lightweb.dev\\\/l\\\/svm-temp\\\/wp-content\\\/uploads\\\/2025\\\/03\\\/svm20250327154136.webp\",\"width\":900,\"height\":400,\"caption\":\"(Bild: Freepik.com)\"},{\"@type\":\"BreadcrumbList\",\"@id\":\"https:\\\/\\\/lightweb.dev\\\/l\\\/svm-temp\\\/nyheter\\\/spanien-upplever-en-lararkris\\\/#breadcrumb\",\"itemListElement\":[{\"@type\":\"ListItem\",\"position\":1,\"name\":\"Hem\",\"item\":\"https:\\\/\\\/lightweb.dev\\\/l\\\/svm-temp\\\/\"},{\"@type\":\"ListItem\",\"position\":2,\"name\":\"Spanien upplever en l\u00e4rarkris\u00a0\"}]},{\"@type\":\"WebSite\",\"@id\":\"https:\\\/\\\/lightweb.dev\\\/l\\\/svm-temp\\\/#website\",\"url\":\"https:\\\/\\\/lightweb.dev\\\/l\\\/svm-temp\\\/\",\"name\":\"Svenska Magasinet\",\"description\":\"Dina Spanska nyheter p&aring; Svenska\",\"publisher\":{\"@id\":\"https:\\\/\\\/lightweb.dev\\\/l\\\/svm-temp\\\/#organization\"},\"potentialAction\":[{\"@type\":\"SearchAction\",\"target\":{\"@type\":\"EntryPoint\",\"urlTemplate\":\"https:\\\/\\\/lightweb.dev\\\/l\\\/svm-temp\\\/?s={search_term_string}\"},\"query-input\":{\"@type\":\"PropertyValueSpecification\",\"valueRequired\":true,\"valueName\":\"search_term_string\"}}],\"inLanguage\":\"sv-SE\"},{\"@type\":\"Organization\",\"@id\":\"https:\\\/\\\/lightweb.dev\\\/l\\\/svm-temp\\\/#organization\",\"name\":\"Melkerson y Nott SL\",\"alternateName\":\"Svenska Magasinet\",\"url\":\"https:\\\/\\\/lightweb.dev\\\/l\\\/svm-temp\\\/\",\"logo\":{\"@type\":\"ImageObject\",\"inLanguage\":\"sv-SE\",\"@id\":\"https:\\\/\\\/lightweb.dev\\\/l\\\/svm-temp\\\/#\\\/schema\\\/logo\\\/image\\\/\",\"url\":\"https:\\\/\\\/lightweb.dev\\\/l\\\/svm-temp\\\/wp-content\\\/uploads\\\/2025\\\/02\\\/SvM-logo-Xtra-Centrerad-SVART.png\",\"contentUrl\":\"https:\\\/\\\/lightweb.dev\\\/l\\\/svm-temp\\\/wp-content\\\/uploads\\\/2025\\\/02\\\/SvM-logo-Xtra-Centrerad-SVART.png\",\"width\":300,\"height\":99,\"caption\":\"Melkerson y Nott SL\"},\"image\":{\"@id\":\"https:\\\/\\\/lightweb.dev\\\/l\\\/svm-temp\\\/#\\\/schema\\\/logo\\\/image\\\/\"},\"sameAs\":[\"https:\\\/\\\/www.facebook.com\\\/svenskamagasinet\",\"https:\\\/\\\/x.com\\\/SvenskaMagasine\"]},{\"@type\":\"Person\",\"@id\":\"https:\\\/\\\/lightweb.dev\\\/l\\\/svm-temp\\\/#\\\/schema\\\/person\\\/caffe038990d25722f5a04a03c906a2b\",\"name\":\"Robbie Eriksson\",\"sameAs\":[\"https:\\\/\\\/lightweb.dev\\\/l\\\/svm-temp\"],\"url\":\"https:\\\/\\\/lightweb.dev\\\/l\\\/svm-temp\\\/reporter\\\/robbie-eriksson\\\/\"}]}<\/script>\n<!-- \/ Yoast SEO Premium plugin. -->","yoast_head_json":{"title":"Spanien upplever en l\u00e4rarkris\u00a0 - Svenska Magasinet","robots":{"index":"noindex","follow":"follow","max-snippet":"max-snippet:-1","max-image-preview":"max-image-preview:large","max-video-preview":"max-video-preview:-1"},"og_locale":"sv_SE","og_type":"article","og_title":"Spanien upplever en l\u00e4rarkris\u00a0","og_description":"Endast en fj\u00e4rdedel av landets l\u00e4rare s\u00e4ger att de k\u00e4nner entusiasm f\u00f6r sina jobb.\u00a0","og_url":"https:\/\/lightweb.dev\/l\/svm-temp\/nyheter\/spanien-upplever-en-lararkris\/","og_site_name":"Svenska Magasinet","article_publisher":"https:\/\/www.facebook.com\/svenskamagasinet","article_published_time":"2025-03-27T15:43:32+00:00","og_image":[{"width":900,"height":400,"url":"https:\/\/lightweb.dev\/l\/svm-temp\/wp-content\/uploads\/2025\/03\/svm20250327154136.webp","type":"image\/webp"}],"author":"Robbie Eriksson","twitter_card":"summary_large_image","twitter_creator":"@SvenskaMagasine","twitter_site":"@SvenskaMagasine","schema":{"@context":"https:\/\/schema.org","@graph":[{"@type":"Article","@id":"https:\/\/lightweb.dev\/l\/svm-temp\/nyheter\/spanien-upplever-en-lararkris\/#article","isPartOf":{"@id":"https:\/\/lightweb.dev\/l\/svm-temp\/nyheter\/spanien-upplever-en-lararkris\/"},"author":{"name":"Robbie Eriksson","@id":"https:\/\/lightweb.dev\/l\/svm-temp\/#\/schema\/person\/caffe038990d25722f5a04a03c906a2b"},"headline":"Spanien upplever en l\u00e4rarkris\u00a0","datePublished":"2025-03-27T15:43:32+00:00","mainEntityOfPage":{"@id":"https:\/\/lightweb.dev\/l\/svm-temp\/nyheter\/spanien-upplever-en-lararkris\/"},"wordCount":589,"publisher":{"@id":"https:\/\/lightweb.dev\/l\/svm-temp\/#organization"},"image":{"@id":"https:\/\/lightweb.dev\/l\/svm-temp\/nyheter\/spanien-upplever-en-lararkris\/#primaryimage"},"thumbnailUrl":"https:\/\/lightweb.dev\/l\/svm-temp\/wp-content\/uploads\/2025\/03\/svm20250327154136.webp","articleSection":["Arkiv","Nyheter"],"inLanguage":"sv-SE"},{"@type":"WebPage","@id":"https:\/\/lightweb.dev\/l\/svm-temp\/nyheter\/spanien-upplever-en-lararkris\/","url":"https:\/\/lightweb.dev\/l\/svm-temp\/nyheter\/spanien-upplever-en-lararkris\/","name":"Spanien upplever en l\u00e4rarkris\u00a0 - Svenska Magasinet","isPartOf":{"@id":"https:\/\/lightweb.dev\/l\/svm-temp\/#website"},"primaryImageOfPage":{"@id":"https:\/\/lightweb.dev\/l\/svm-temp\/nyheter\/spanien-upplever-en-lararkris\/#primaryimage"},"image":{"@id":"https:\/\/lightweb.dev\/l\/svm-temp\/nyheter\/spanien-upplever-en-lararkris\/#primaryimage"},"thumbnailUrl":"https:\/\/lightweb.dev\/l\/svm-temp\/wp-content\/uploads\/2025\/03\/svm20250327154136.webp","datePublished":"2025-03-27T15:43:32+00:00","breadcrumb":{"@id":"https:\/\/lightweb.dev\/l\/svm-temp\/nyheter\/spanien-upplever-en-lararkris\/#breadcrumb"},"inLanguage":"sv-SE","potentialAction":[{"@type":"ReadAction","target":["https:\/\/lightweb.dev\/l\/svm-temp\/nyheter\/spanien-upplever-en-lararkris\/"]}]},{"@type":"ImageObject","inLanguage":"sv-SE","@id":"https:\/\/lightweb.dev\/l\/svm-temp\/nyheter\/spanien-upplever-en-lararkris\/#primaryimage","url":"https:\/\/lightweb.dev\/l\/svm-temp\/wp-content\/uploads\/2025\/03\/svm20250327154136.webp","contentUrl":"https:\/\/lightweb.dev\/l\/svm-temp\/wp-content\/uploads\/2025\/03\/svm20250327154136.webp","width":900,"height":400,"caption":"(Bild: Freepik.com)"},{"@type":"BreadcrumbList","@id":"https:\/\/lightweb.dev\/l\/svm-temp\/nyheter\/spanien-upplever-en-lararkris\/#breadcrumb","itemListElement":[{"@type":"ListItem","position":1,"name":"Hem","item":"https:\/\/lightweb.dev\/l\/svm-temp\/"},{"@type":"ListItem","position":2,"name":"Spanien upplever en l\u00e4rarkris\u00a0"}]},{"@type":"WebSite","@id":"https:\/\/lightweb.dev\/l\/svm-temp\/#website","url":"https:\/\/lightweb.dev\/l\/svm-temp\/","name":"Svenska Magasinet","description":"Dina Spanska nyheter p&aring; Svenska","publisher":{"@id":"https:\/\/lightweb.dev\/l\/svm-temp\/#organization"},"potentialAction":[{"@type":"SearchAction","target":{"@type":"EntryPoint","urlTemplate":"https:\/\/lightweb.dev\/l\/svm-temp\/?s={search_term_string}"},"query-input":{"@type":"PropertyValueSpecification","valueRequired":true,"valueName":"search_term_string"}}],"inLanguage":"sv-SE"},{"@type":"Organization","@id":"https:\/\/lightweb.dev\/l\/svm-temp\/#organization","name":"Melkerson y Nott SL","alternateName":"Svenska Magasinet","url":"https:\/\/lightweb.dev\/l\/svm-temp\/","logo":{"@type":"ImageObject","inLanguage":"sv-SE","@id":"https:\/\/lightweb.dev\/l\/svm-temp\/#\/schema\/logo\/image\/","url":"https:\/\/lightweb.dev\/l\/svm-temp\/wp-content\/uploads\/2025\/02\/SvM-logo-Xtra-Centrerad-SVART.png","contentUrl":"https:\/\/lightweb.dev\/l\/svm-temp\/wp-content\/uploads\/2025\/02\/SvM-logo-Xtra-Centrerad-SVART.png","width":300,"height":99,"caption":"Melkerson y Nott SL"},"image":{"@id":"https:\/\/lightweb.dev\/l\/svm-temp\/#\/schema\/logo\/image\/"},"sameAs":["https:\/\/www.facebook.com\/svenskamagasinet","https:\/\/x.com\/SvenskaMagasine"]},{"@type":"Person","@id":"https:\/\/lightweb.dev\/l\/svm-temp\/#\/schema\/person\/caffe038990d25722f5a04a03c906a2b","name":"Robbie Eriksson","sameAs":["https:\/\/lightweb.dev\/l\/svm-temp"],"url":"https:\/\/lightweb.dev\/l\/svm-temp\/reporter\/robbie-eriksson\/"}]}},"_links":{"self":[{"href":"https:\/\/lightweb.dev\/l\/svm-temp\/wp-json\/wp\/v2\/posts\/80665","targetHints":{"allow":["GET"]}}],"collection":[{"href":"https:\/\/lightweb.dev\/l\/svm-temp\/wp-json\/wp\/v2\/posts"}],"about":[{"href":"https:\/\/lightweb.dev\/l\/svm-temp\/wp-json\/wp\/v2\/types\/post"}],"author":[{"embeddable":true,"href":"https:\/\/lightweb.dev\/l\/svm-temp\/wp-json\/wp\/v2\/users\/14"}],"replies":[{"embeddable":true,"href":"https:\/\/lightweb.dev\/l\/svm-temp\/wp-json\/wp\/v2\/comments?post=80665"}],"version-history":[{"count":0,"href":"https:\/\/lightweb.dev\/l\/svm-temp\/wp-json\/wp\/v2\/posts\/80665\/revisions"}],"wp:featuredmedia":[{"embeddable":true,"href":"https:\/\/lightweb.dev\/l\/svm-temp\/wp-json\/wp\/v2\/media\/80669"}],"wp:attachment":[{"href":"https:\/\/lightweb.dev\/l\/svm-temp\/wp-json\/wp\/v2\/media?parent=80665"}],"wp:term":[{"taxonomy":"category","embeddable":true,"href":"https:\/\/lightweb.dev\/l\/svm-temp\/wp-json\/wp\/v2\/categories?post=80665"},{"taxonomy":"post_tag","embeddable":true,"href":"https:\/\/lightweb.dev\/l\/svm-temp\/wp-json\/wp\/v2\/tags?post=80665"}],"curies":[{"name":"wp","href":"https:\/\/api.w.org\/{rel}","templated":true}]}}