{"id":80675,"date":"2025-03-28T15:16:10","date_gmt":"2025-03-28T14:16:10","guid":{"rendered":"https:\/\/lightweb.dev\/l\/svm-temp\/?p=80675"},"modified":"2025-03-28T15:25:14","modified_gmt":"2025-03-28T14:25:14","slug":"spanks-marockansk-jihadist-gripen-i-frankrike","status":"publish","type":"post","link":"https:\/\/lightweb.dev\/l\/svm-temp\/nyheter\/spanks-marockansk-jihadist-gripen-i-frankrike\/","title":{"rendered":"Spansk-marockansk jihadist gripen i Frankrike"},"content":{"rendered":"<p><strong>Franska myndigheter har &#8211; tillsammans med Guardia Civil, rikspolisen och den katalanska regionalpolisen (d&#8217;Esquadra) &#8211; gripit jihadisten Allal El Mourabit.<\/strong><\/p>\n<p><span style=\"font-weight: 400;\">El Mourabit d\u00f6mdes f\u00f6rst till husarrest f\u00f6r att ha glorifierat terrorism. Han lyckades dock fly efter att ha f\u00e5tt av sig fotbojan och mellan 2023 och 2024 ska han ha m\u00f6rdat tre jordbrukare i Navarra och Lleida med en machete.\u00a0<\/span><\/p>\n<p><span style=\"font-weight: 400;\">Mannen, som f\u00f6ddes i Marocko men var spansk medborgare, arbetade till vardags som lastbilschauff\u00f6r. Han greps f\u00f6rsta g\u00e5ngen 2016 och st\u00e5r nu anklagad f\u00f6r att ha d\u00f6dat tv\u00e5 personer, i november och december 2023, i Tudela och Ribaforada (Navarra) och en, i januari 2024, i Lleida. I alla tre fallen ska han ha smugit sig p\u00e5 sina offer innan han attackerade dem v\u00e5ldsamt. I de tv\u00e5 senare fallen stal han dessutom deras fordon.\u00a0\u00a0<\/span><\/p>\n<p><span style=\"font-weight: 400;\">El Mourabit var baserad i Vitoria och hade \u00e5kt in och ut ur f\u00e4ngelse under flera \u00e5rs tid f\u00f6r mindre brott kopplade till hans radikala \u00e5sikter. Han flydde den 27 september 2023 efter att han lyckats koppla bort sina elektroniska fotboja.<\/span><\/p>\n<p><span style=\"font-weight: 400;\">De spanska polismyndigheterna lyckades tidigt lista ut att de tre morden hade beg\u00e5tts av samma person och inledde en samordnad utredning. Man kunde tidigt ta fram en genetisk profil p\u00e5 f\u00f6r\u00f6varen som st\u00e4llde det bortom rimligt tvivel att El Mourabit var den skyldige.\u00a0\u00a0\u00a0<\/span><\/p>\n<p><span style=\"font-weight: 400;\">Enligt Guardia Civil ska f\u00f6r\u00f6varen ha r\u00f6rt sig genom landsbygdsomr\u00e5den till fots n\u00e4r han begick d\u00e5den. Han ska ha sovit utomhus eller i \u00f6vergivna byggnader. Hans motiv bakom d\u00e5den s\u00e4gs vara att komma \u00f6ver offrens fordon.\u00a0<\/span><\/p>\n<p><span style=\"font-weight: 400;\">Efter det sista mordet visade utredningen att han begett sig via Andorra till Frankrike.\u00a0<\/span><\/p>\n<p><span style=\"font-weight: 400;\">\u201cArbetet med att \u00e5terskapa mannens r\u00f6relser inom Spanien, s\u00e5 v\u00e4l som den noggranna analysen av alla landsbygdsomr\u00e5den d\u00e4r han ska ha tillbringat n\u00e4tterna, gjorde det m\u00f6jligt att kartl\u00e4gga och identifiera denna individ\u201d, kommenterar inrikesdepartementet i ett uttalande.\u00a0<\/span><\/p>\n<p><span style=\"font-weight: 400;\">N\u00e4r identifieringen var slutf\u00f6rd gjordes en f\u00f6rfr\u00e5gan om en europeisk arresteringsorder i och med den h\u00f6ga sannolikheten att han befann sig i Frankrike.\u00a0<\/span><\/p>\n<p><span style=\"font-weight: 400;\">Resten av utredning kommer att h\u00e5llas konfidentiell inf\u00f6r r\u00e4tteg\u00e5ngen som kommer att \u00e4ga rum i domstolen i Tueda.\u00a0<\/span><\/p>\n<p>&nbsp;<\/p>\n","protected":false},"excerpt":{"rendered":"<p>Franska myndigheter har &#8211; tillsammans med Guardia Civil, rikspolisen och den katalanska regionalpolisen (d&#8217;Esquadra) &#8211; gripit jihadisten Allal El Mourabit.<\/p>\n","protected":false},"author":14,"featured_media":80673,"comment_status":"closed","ping_status":"closed","sticky":false,"template":"","format":"standard","meta":{"_et_pb_use_builder":"","_et_pb_old_content":"","_et_gb_content_width":"","footnotes":""},"categories":[395,3],"tags":[],"class_list":["post-80675","post","type-post","status-publish","format-standard","has-post-thumbnail","hentry","category-arkiv-nyheter","category-nyheter"],"yoast_head":"<!-- This site is optimized with the Yoast SEO Premium plugin v26.2 (Yoast SEO v27.5) - https:\/\/yoast.com\/product\/yoast-seo-premium-wordpress\/ -->\n<title>Spansk-marockansk jihadist gripen i Frankrike - Svenska Magasinet<\/title>\n<meta name=\"robots\" content=\"noindex, follow, max-snippet:-1, max-image-preview:large, max-video-preview:-1\" \/>\n<meta property=\"og:locale\" content=\"sv_SE\" \/>\n<meta property=\"og:type\" content=\"article\" \/>\n<meta property=\"og:title\" content=\"Spansk-marockansk jihadist gripen i Frankrike\" \/>\n<meta property=\"og:description\" content=\"Franska myndigheter har - tillsammans med Guardia Civil, rikspolisen och den katalanska regionalpolisen (d&#039;Esquadra) - gripit jihadisten Allal El Mourabit.\" \/>\n<meta property=\"og:url\" content=\"https:\/\/lightweb.dev\/l\/svm-temp\/nyheter\/spanks-marockansk-jihadist-gripen-i-frankrike\/\" \/>\n<meta property=\"og:site_name\" content=\"Svenska Magasinet\" \/>\n<meta property=\"article:publisher\" content=\"https:\/\/www.facebook.com\/svenskamagasinet\" \/>\n<meta property=\"article:published_time\" content=\"2025-03-28T14:16:10+00:00\" \/>\n<meta property=\"article:modified_time\" content=\"2025-03-28T14:25:14+00:00\" \/>\n<meta property=\"og:image\" content=\"https:\/\/lightweb.dev\/l\/svm-temp\/wp-content\/uploads\/2025\/03\/svm20250327174706.webp\" \/>\n\t<meta property=\"og:image:width\" content=\"900\" \/>\n\t<meta property=\"og:image:height\" content=\"400\" \/>\n\t<meta property=\"og:image:type\" content=\"image\/webp\" \/>\n<meta name=\"author\" content=\"Robbie Eriksson\" \/>\n<meta name=\"twitter:card\" content=\"summary_large_image\" \/>\n<meta name=\"twitter:creator\" content=\"@SvenskaMagasine\" \/>\n<meta name=\"twitter:site\" content=\"@SvenskaMagasine\" \/>\n<script type=\"application\/ld+json\" class=\"yoast-schema-graph\">{\"@context\":\"https:\\\/\\\/schema.org\",\"@graph\":[{\"@type\":\"Article\",\"@id\":\"https:\\\/\\\/lightweb.dev\\\/l\\\/svm-temp\\\/nyheter\\\/spanks-marockansk-jihadist-gripen-i-frankrike\\\/#article\",\"isPartOf\":{\"@id\":\"https:\\\/\\\/lightweb.dev\\\/l\\\/svm-temp\\\/nyheter\\\/spanks-marockansk-jihadist-gripen-i-frankrike\\\/\"},\"author\":{\"name\":\"Robbie Eriksson\",\"@id\":\"https:\\\/\\\/lightweb.dev\\\/l\\\/svm-temp\\\/#\\\/schema\\\/person\\\/caffe038990d25722f5a04a03c906a2b\"},\"headline\":\"Spansk-marockansk jihadist gripen i Frankrike\",\"datePublished\":\"2025-03-28T14:16:10+00:00\",\"dateModified\":\"2025-03-28T14:25:14+00:00\",\"mainEntityOfPage\":{\"@id\":\"https:\\\/\\\/lightweb.dev\\\/l\\\/svm-temp\\\/nyheter\\\/spanks-marockansk-jihadist-gripen-i-frankrike\\\/\"},\"wordCount\":388,\"publisher\":{\"@id\":\"https:\\\/\\\/lightweb.dev\\\/l\\\/svm-temp\\\/#organization\"},\"image\":{\"@id\":\"https:\\\/\\\/lightweb.dev\\\/l\\\/svm-temp\\\/nyheter\\\/spanks-marockansk-jihadist-gripen-i-frankrike\\\/#primaryimage\"},\"thumbnailUrl\":\"https:\\\/\\\/lightweb.dev\\\/l\\\/svm-temp\\\/wp-content\\\/uploads\\\/2025\\\/03\\\/svm20250327174706.webp\",\"articleSection\":[\"Arkiv\",\"Nyheter\"],\"inLanguage\":\"sv-SE\"},{\"@type\":\"WebPage\",\"@id\":\"https:\\\/\\\/lightweb.dev\\\/l\\\/svm-temp\\\/nyheter\\\/spanks-marockansk-jihadist-gripen-i-frankrike\\\/\",\"url\":\"https:\\\/\\\/lightweb.dev\\\/l\\\/svm-temp\\\/nyheter\\\/spanks-marockansk-jihadist-gripen-i-frankrike\\\/\",\"name\":\"Spansk-marockansk jihadist gripen i Frankrike - Svenska Magasinet\",\"isPartOf\":{\"@id\":\"https:\\\/\\\/lightweb.dev\\\/l\\\/svm-temp\\\/#website\"},\"primaryImageOfPage\":{\"@id\":\"https:\\\/\\\/lightweb.dev\\\/l\\\/svm-temp\\\/nyheter\\\/spanks-marockansk-jihadist-gripen-i-frankrike\\\/#primaryimage\"},\"image\":{\"@id\":\"https:\\\/\\\/lightweb.dev\\\/l\\\/svm-temp\\\/nyheter\\\/spanks-marockansk-jihadist-gripen-i-frankrike\\\/#primaryimage\"},\"thumbnailUrl\":\"https:\\\/\\\/lightweb.dev\\\/l\\\/svm-temp\\\/wp-content\\\/uploads\\\/2025\\\/03\\\/svm20250327174706.webp\",\"datePublished\":\"2025-03-28T14:16:10+00:00\",\"dateModified\":\"2025-03-28T14:25:14+00:00\",\"breadcrumb\":{\"@id\":\"https:\\\/\\\/lightweb.dev\\\/l\\\/svm-temp\\\/nyheter\\\/spanks-marockansk-jihadist-gripen-i-frankrike\\\/#breadcrumb\"},\"inLanguage\":\"sv-SE\",\"potentialAction\":[{\"@type\":\"ReadAction\",\"target\":[\"https:\\\/\\\/lightweb.dev\\\/l\\\/svm-temp\\\/nyheter\\\/spanks-marockansk-jihadist-gripen-i-frankrike\\\/\"]}]},{\"@type\":\"ImageObject\",\"inLanguage\":\"sv-SE\",\"@id\":\"https:\\\/\\\/lightweb.dev\\\/l\\\/svm-temp\\\/nyheter\\\/spanks-marockansk-jihadist-gripen-i-frankrike\\\/#primaryimage\",\"url\":\"https:\\\/\\\/lightweb.dev\\\/l\\\/svm-temp\\\/wp-content\\\/uploads\\\/2025\\\/03\\\/svm20250327174706.webp\",\"contentUrl\":\"https:\\\/\\\/lightweb.dev\\\/l\\\/svm-temp\\\/wp-content\\\/uploads\\\/2025\\\/03\\\/svm20250327174706.webp\",\"width\":900,\"height\":400},{\"@type\":\"BreadcrumbList\",\"@id\":\"https:\\\/\\\/lightweb.dev\\\/l\\\/svm-temp\\\/nyheter\\\/spanks-marockansk-jihadist-gripen-i-frankrike\\\/#breadcrumb\",\"itemListElement\":[{\"@type\":\"ListItem\",\"position\":1,\"name\":\"Hem\",\"item\":\"https:\\\/\\\/lightweb.dev\\\/l\\\/svm-temp\\\/\"},{\"@type\":\"ListItem\",\"position\":2,\"name\":\"Spansk-marockansk jihadist gripen i Frankrike\"}]},{\"@type\":\"WebSite\",\"@id\":\"https:\\\/\\\/lightweb.dev\\\/l\\\/svm-temp\\\/#website\",\"url\":\"https:\\\/\\\/lightweb.dev\\\/l\\\/svm-temp\\\/\",\"name\":\"Svenska Magasinet\",\"description\":\"Dina Spanska nyheter p&aring; Svenska\",\"publisher\":{\"@id\":\"https:\\\/\\\/lightweb.dev\\\/l\\\/svm-temp\\\/#organization\"},\"potentialAction\":[{\"@type\":\"SearchAction\",\"target\":{\"@type\":\"EntryPoint\",\"urlTemplate\":\"https:\\\/\\\/lightweb.dev\\\/l\\\/svm-temp\\\/?s={search_term_string}\"},\"query-input\":{\"@type\":\"PropertyValueSpecification\",\"valueRequired\":true,\"valueName\":\"search_term_string\"}}],\"inLanguage\":\"sv-SE\"},{\"@type\":\"Organization\",\"@id\":\"https:\\\/\\\/lightweb.dev\\\/l\\\/svm-temp\\\/#organization\",\"name\":\"Melkerson y Nott SL\",\"alternateName\":\"Svenska Magasinet\",\"url\":\"https:\\\/\\\/lightweb.dev\\\/l\\\/svm-temp\\\/\",\"logo\":{\"@type\":\"ImageObject\",\"inLanguage\":\"sv-SE\",\"@id\":\"https:\\\/\\\/lightweb.dev\\\/l\\\/svm-temp\\\/#\\\/schema\\\/logo\\\/image\\\/\",\"url\":\"https:\\\/\\\/lightweb.dev\\\/l\\\/svm-temp\\\/wp-content\\\/uploads\\\/2025\\\/02\\\/SvM-logo-Xtra-Centrerad-SVART.png\",\"contentUrl\":\"https:\\\/\\\/lightweb.dev\\\/l\\\/svm-temp\\\/wp-content\\\/uploads\\\/2025\\\/02\\\/SvM-logo-Xtra-Centrerad-SVART.png\",\"width\":300,\"height\":99,\"caption\":\"Melkerson y Nott SL\"},\"image\":{\"@id\":\"https:\\\/\\\/lightweb.dev\\\/l\\\/svm-temp\\\/#\\\/schema\\\/logo\\\/image\\\/\"},\"sameAs\":[\"https:\\\/\\\/www.facebook.com\\\/svenskamagasinet\",\"https:\\\/\\\/x.com\\\/SvenskaMagasine\"]},{\"@type\":\"Person\",\"@id\":\"https:\\\/\\\/lightweb.dev\\\/l\\\/svm-temp\\\/#\\\/schema\\\/person\\\/caffe038990d25722f5a04a03c906a2b\",\"name\":\"Robbie Eriksson\",\"sameAs\":[\"https:\\\/\\\/lightweb.dev\\\/l\\\/svm-temp\"],\"url\":\"https:\\\/\\\/lightweb.dev\\\/l\\\/svm-temp\\\/reporter\\\/robbie-eriksson\\\/\"}]}<\/script>\n<!-- \/ Yoast SEO Premium plugin. -->","yoast_head_json":{"title":"Spansk-marockansk jihadist gripen i Frankrike - Svenska Magasinet","robots":{"index":"noindex","follow":"follow","max-snippet":"max-snippet:-1","max-image-preview":"max-image-preview:large","max-video-preview":"max-video-preview:-1"},"og_locale":"sv_SE","og_type":"article","og_title":"Spansk-marockansk jihadist gripen i Frankrike","og_description":"Franska myndigheter har - tillsammans med Guardia Civil, rikspolisen och den katalanska regionalpolisen (d'Esquadra) - gripit jihadisten Allal El Mourabit.","og_url":"https:\/\/lightweb.dev\/l\/svm-temp\/nyheter\/spanks-marockansk-jihadist-gripen-i-frankrike\/","og_site_name":"Svenska Magasinet","article_publisher":"https:\/\/www.facebook.com\/svenskamagasinet","article_published_time":"2025-03-28T14:16:10+00:00","article_modified_time":"2025-03-28T14:25:14+00:00","og_image":[{"width":900,"height":400,"url":"https:\/\/lightweb.dev\/l\/svm-temp\/wp-content\/uploads\/2025\/03\/svm20250327174706.webp","type":"image\/webp"}],"author":"Robbie Eriksson","twitter_card":"summary_large_image","twitter_creator":"@SvenskaMagasine","twitter_site":"@SvenskaMagasine","schema":{"@context":"https:\/\/schema.org","@graph":[{"@type":"Article","@id":"https:\/\/lightweb.dev\/l\/svm-temp\/nyheter\/spanks-marockansk-jihadist-gripen-i-frankrike\/#article","isPartOf":{"@id":"https:\/\/lightweb.dev\/l\/svm-temp\/nyheter\/spanks-marockansk-jihadist-gripen-i-frankrike\/"},"author":{"name":"Robbie Eriksson","@id":"https:\/\/lightweb.dev\/l\/svm-temp\/#\/schema\/person\/caffe038990d25722f5a04a03c906a2b"},"headline":"Spansk-marockansk jihadist gripen i Frankrike","datePublished":"2025-03-28T14:16:10+00:00","dateModified":"2025-03-28T14:25:14+00:00","mainEntityOfPage":{"@id":"https:\/\/lightweb.dev\/l\/svm-temp\/nyheter\/spanks-marockansk-jihadist-gripen-i-frankrike\/"},"wordCount":388,"publisher":{"@id":"https:\/\/lightweb.dev\/l\/svm-temp\/#organization"},"image":{"@id":"https:\/\/lightweb.dev\/l\/svm-temp\/nyheter\/spanks-marockansk-jihadist-gripen-i-frankrike\/#primaryimage"},"thumbnailUrl":"https:\/\/lightweb.dev\/l\/svm-temp\/wp-content\/uploads\/2025\/03\/svm20250327174706.webp","articleSection":["Arkiv","Nyheter"],"inLanguage":"sv-SE"},{"@type":"WebPage","@id":"https:\/\/lightweb.dev\/l\/svm-temp\/nyheter\/spanks-marockansk-jihadist-gripen-i-frankrike\/","url":"https:\/\/lightweb.dev\/l\/svm-temp\/nyheter\/spanks-marockansk-jihadist-gripen-i-frankrike\/","name":"Spansk-marockansk jihadist gripen i Frankrike - Svenska Magasinet","isPartOf":{"@id":"https:\/\/lightweb.dev\/l\/svm-temp\/#website"},"primaryImageOfPage":{"@id":"https:\/\/lightweb.dev\/l\/svm-temp\/nyheter\/spanks-marockansk-jihadist-gripen-i-frankrike\/#primaryimage"},"image":{"@id":"https:\/\/lightweb.dev\/l\/svm-temp\/nyheter\/spanks-marockansk-jihadist-gripen-i-frankrike\/#primaryimage"},"thumbnailUrl":"https:\/\/lightweb.dev\/l\/svm-temp\/wp-content\/uploads\/2025\/03\/svm20250327174706.webp","datePublished":"2025-03-28T14:16:10+00:00","dateModified":"2025-03-28T14:25:14+00:00","breadcrumb":{"@id":"https:\/\/lightweb.dev\/l\/svm-temp\/nyheter\/spanks-marockansk-jihadist-gripen-i-frankrike\/#breadcrumb"},"inLanguage":"sv-SE","potentialAction":[{"@type":"ReadAction","target":["https:\/\/lightweb.dev\/l\/svm-temp\/nyheter\/spanks-marockansk-jihadist-gripen-i-frankrike\/"]}]},{"@type":"ImageObject","inLanguage":"sv-SE","@id":"https:\/\/lightweb.dev\/l\/svm-temp\/nyheter\/spanks-marockansk-jihadist-gripen-i-frankrike\/#primaryimage","url":"https:\/\/lightweb.dev\/l\/svm-temp\/wp-content\/uploads\/2025\/03\/svm20250327174706.webp","contentUrl":"https:\/\/lightweb.dev\/l\/svm-temp\/wp-content\/uploads\/2025\/03\/svm20250327174706.webp","width":900,"height":400},{"@type":"BreadcrumbList","@id":"https:\/\/lightweb.dev\/l\/svm-temp\/nyheter\/spanks-marockansk-jihadist-gripen-i-frankrike\/#breadcrumb","itemListElement":[{"@type":"ListItem","position":1,"name":"Hem","item":"https:\/\/lightweb.dev\/l\/svm-temp\/"},{"@type":"ListItem","position":2,"name":"Spansk-marockansk jihadist gripen i Frankrike"}]},{"@type":"WebSite","@id":"https:\/\/lightweb.dev\/l\/svm-temp\/#website","url":"https:\/\/lightweb.dev\/l\/svm-temp\/","name":"Svenska Magasinet","description":"Dina Spanska nyheter p&aring; Svenska","publisher":{"@id":"https:\/\/lightweb.dev\/l\/svm-temp\/#organization"},"potentialAction":[{"@type":"SearchAction","target":{"@type":"EntryPoint","urlTemplate":"https:\/\/lightweb.dev\/l\/svm-temp\/?s={search_term_string}"},"query-input":{"@type":"PropertyValueSpecification","valueRequired":true,"valueName":"search_term_string"}}],"inLanguage":"sv-SE"},{"@type":"Organization","@id":"https:\/\/lightweb.dev\/l\/svm-temp\/#organization","name":"Melkerson y Nott SL","alternateName":"Svenska Magasinet","url":"https:\/\/lightweb.dev\/l\/svm-temp\/","logo":{"@type":"ImageObject","inLanguage":"sv-SE","@id":"https:\/\/lightweb.dev\/l\/svm-temp\/#\/schema\/logo\/image\/","url":"https:\/\/lightweb.dev\/l\/svm-temp\/wp-content\/uploads\/2025\/02\/SvM-logo-Xtra-Centrerad-SVART.png","contentUrl":"https:\/\/lightweb.dev\/l\/svm-temp\/wp-content\/uploads\/2025\/02\/SvM-logo-Xtra-Centrerad-SVART.png","width":300,"height":99,"caption":"Melkerson y Nott SL"},"image":{"@id":"https:\/\/lightweb.dev\/l\/svm-temp\/#\/schema\/logo\/image\/"},"sameAs":["https:\/\/www.facebook.com\/svenskamagasinet","https:\/\/x.com\/SvenskaMagasine"]},{"@type":"Person","@id":"https:\/\/lightweb.dev\/l\/svm-temp\/#\/schema\/person\/caffe038990d25722f5a04a03c906a2b","name":"Robbie Eriksson","sameAs":["https:\/\/lightweb.dev\/l\/svm-temp"],"url":"https:\/\/lightweb.dev\/l\/svm-temp\/reporter\/robbie-eriksson\/"}]}},"_links":{"self":[{"href":"https:\/\/lightweb.dev\/l\/svm-temp\/wp-json\/wp\/v2\/posts\/80675","targetHints":{"allow":["GET"]}}],"collection":[{"href":"https:\/\/lightweb.dev\/l\/svm-temp\/wp-json\/wp\/v2\/posts"}],"about":[{"href":"https:\/\/lightweb.dev\/l\/svm-temp\/wp-json\/wp\/v2\/types\/post"}],"author":[{"embeddable":true,"href":"https:\/\/lightweb.dev\/l\/svm-temp\/wp-json\/wp\/v2\/users\/14"}],"replies":[{"embeddable":true,"href":"https:\/\/lightweb.dev\/l\/svm-temp\/wp-json\/wp\/v2\/comments?post=80675"}],"version-history":[{"count":0,"href":"https:\/\/lightweb.dev\/l\/svm-temp\/wp-json\/wp\/v2\/posts\/80675\/revisions"}],"wp:featuredmedia":[{"embeddable":true,"href":"https:\/\/lightweb.dev\/l\/svm-temp\/wp-json\/wp\/v2\/media\/80673"}],"wp:attachment":[{"href":"https:\/\/lightweb.dev\/l\/svm-temp\/wp-json\/wp\/v2\/media?parent=80675"}],"wp:term":[{"taxonomy":"category","embeddable":true,"href":"https:\/\/lightweb.dev\/l\/svm-temp\/wp-json\/wp\/v2\/categories?post=80675"},{"taxonomy":"post_tag","embeddable":true,"href":"https:\/\/lightweb.dev\/l\/svm-temp\/wp-json\/wp\/v2\/tags?post=80675"}],"curies":[{"name":"wp","href":"https:\/\/api.w.org\/{rel}","templated":true}]}}