{"id":80688,"date":"2025-03-31T16:14:54","date_gmt":"2025-03-31T14:14:54","guid":{"rendered":"https:\/\/lightweb.dev\/l\/svm-temp\/?p=80688"},"modified":"2025-03-31T16:16:14","modified_gmt":"2025-03-31T14:16:14","slug":"5-doda-efter-gruvolycka-i-asturien","status":"publish","type":"post","link":"https:\/\/lightweb.dev\/l\/svm-temp\/nyheter\/5-doda-efter-gruvolycka-i-asturien\/","title":{"rendered":"5 d\u00f6da efter gruvolycka i Asturien"},"content":{"rendered":"<p><strong>Efter en misst\u00e4nkt explosion kollapsade gruvan under m\u00e5ndagsmorgonen.\u00a0<\/strong><\/p>\n<p><strong>Fem personer har d\u00f6tt, fyra \u00e4r skadade och en saknas fortfarande.\u00a0<\/strong><\/p>\n<p><span style=\"font-weight: 400;\">Veckan b\u00f6rjade med en tragedi i Asturien. Efter en allvarlig olycka i Cerredogruvan i <\/span><span style=\"font-weight: 400;\">Dega\u00f1a har minst fem personer mist livet. Fyra andra har l\u00e4mnats med allvarliga skador. Tv\u00e5 av de skadade togs f\u00f6rst till v\u00e5rdcentralen i staden Villablino i Leon, men p\u00e5 grund av allvaret i deras skador flyttades den ena snabbt till sjukhuset i Leon och den andra till det i Ponferrada. Arbetaren som \u00e4r kvar i Leon har br\u00e4nnskador av tredje graden och den som flyttades till Ponferrada har ett flertal bl\u00f6dningar till f\u00f6ljd av kl\u00e4mskador men hans liv ska inte vara i fara.\u00a0<\/span><\/p>\n<p><span style=\"font-weight: 400;\">Den tredje av de skadade m\u00e4nnen fl\u00f6gs till sjukhuset i Cangas del Narcea med huvudskador. Den fj\u00e4rde har ocks\u00e5 tagits till sjukhus efter att han hittades runt lunchtid men vi vet inte vad han lider av f\u00f6r skador. En person saknas fortfarande efter olyckan.\u00a0<\/span><\/p>\n<p><span style=\"font-weight: 400;\">Olyckan intr\u00e4ffade klockan 09:40 i f\u00f6rmiddags. Gruvan \u00e4gs av Carbones La Cueva som \u00e4ven \u00e4ger Tormaleogruvan i Ibias.\u00a0<\/span><\/p>\n<p><span style=\"font-weight: 400;\">V\u00e5rdpersonal, brandm\u00e4n, r\u00e4ddningstj\u00e4nst och poliser fr\u00e5n flera av landets olika styrkor \u00e4r p\u00e5 plats f\u00f6r att s\u00e4kerst\u00e4lla gruvan och arbetarna samt att utreda vad som h\u00e4nt. Just nu tyder det mesta p\u00e5 att gruvan kollapsade efter en explosion.\u00a0<\/span><\/p>\n<p><span style=\"font-weight: 400;\">Regionstyret har bett om ytterligare hj\u00e4lp fr\u00e5n Castilla y Leon som har skickat en helikopter. Den regionala ministern f\u00f6r ekologisk transition och industri, Belarmina Diaz, \u00e4r p\u00e5 plats och regionpresident Adrian Barbon har st\u00e4llt in alla m\u00f6ten under dagen och \u00e4r \u00e4ven han p\u00e5 v\u00e4g till platsen.\u00a0<\/span><\/p>\n<p>&nbsp;<\/p>\n","protected":false},"excerpt":{"rendered":"<p>Efter en misst\u00e4nkt explosion kollapsade gruvan under m\u00e5ndagsmorgonen.\u00a0<\/p>\n<p>Fem personer har d\u00f6tt, fyra \u00e4r skadade och en saknas fortfarande.\u00a0<\/p>\n","protected":false},"author":14,"featured_media":80686,"comment_status":"closed","ping_status":"closed","sticky":false,"template":"","format":"standard","meta":{"_et_pb_use_builder":"","_et_pb_old_content":"","_et_gb_content_width":"","footnotes":""},"categories":[395,3],"tags":[],"class_list":["post-80688","post","type-post","status-publish","format-standard","has-post-thumbnail","hentry","category-arkiv-nyheter","category-nyheter"],"yoast_head":"<!-- This site is optimized with the Yoast SEO Premium plugin v26.2 (Yoast SEO v27.5) - https:\/\/yoast.com\/product\/yoast-seo-premium-wordpress\/ -->\n<title>5 d\u00f6da efter gruvolycka i Asturien - Svenska Magasinet<\/title>\n<meta name=\"robots\" content=\"noindex, follow, max-snippet:-1, max-image-preview:large, max-video-preview:-1\" \/>\n<meta property=\"og:locale\" content=\"sv_SE\" \/>\n<meta property=\"og:type\" content=\"article\" \/>\n<meta property=\"og:title\" content=\"5 d\u00f6da efter gruvolycka i Asturien\" \/>\n<meta property=\"og:description\" content=\"Efter en misst\u00e4nkt explosion kollapsade gruvan under m\u00e5ndagsmorgonen.\u00a0  Fem personer har d\u00f6tt, fyra \u00e4r skadade och en saknas fortfarande.\u00a0\" \/>\n<meta property=\"og:url\" content=\"https:\/\/lightweb.dev\/l\/svm-temp\/nyheter\/5-doda-efter-gruvolycka-i-asturien\/\" \/>\n<meta property=\"og:site_name\" content=\"Svenska Magasinet\" \/>\n<meta property=\"article:publisher\" content=\"https:\/\/www.facebook.com\/svenskamagasinet\" \/>\n<meta property=\"article:published_time\" content=\"2025-03-31T14:14:54+00:00\" \/>\n<meta property=\"article:modified_time\" content=\"2025-03-31T14:16:14+00:00\" \/>\n<meta property=\"og:image\" content=\"https:\/\/lightweb.dev\/l\/svm-temp\/wp-content\/uploads\/2025\/03\/svm20250331141248.webp\" \/>\n\t<meta property=\"og:image:width\" content=\"900\" \/>\n\t<meta property=\"og:image:height\" content=\"400\" \/>\n\t<meta property=\"og:image:type\" content=\"image\/webp\" \/>\n<meta name=\"author\" content=\"Robbie Eriksson\" \/>\n<meta name=\"twitter:card\" content=\"summary_large_image\" \/>\n<meta name=\"twitter:creator\" content=\"@SvenskaMagasine\" \/>\n<meta name=\"twitter:site\" content=\"@SvenskaMagasine\" \/>\n<script type=\"application\/ld+json\" class=\"yoast-schema-graph\">{\"@context\":\"https:\\\/\\\/schema.org\",\"@graph\":[{\"@type\":\"Article\",\"@id\":\"https:\\\/\\\/lightweb.dev\\\/l\\\/svm-temp\\\/nyheter\\\/5-doda-efter-gruvolycka-i-asturien\\\/#article\",\"isPartOf\":{\"@id\":\"https:\\\/\\\/lightweb.dev\\\/l\\\/svm-temp\\\/nyheter\\\/5-doda-efter-gruvolycka-i-asturien\\\/\"},\"author\":{\"name\":\"Robbie Eriksson\",\"@id\":\"https:\\\/\\\/lightweb.dev\\\/l\\\/svm-temp\\\/#\\\/schema\\\/person\\\/caffe038990d25722f5a04a03c906a2b\"},\"headline\":\"5 d\u00f6da efter gruvolycka i Asturien\",\"datePublished\":\"2025-03-31T14:14:54+00:00\",\"dateModified\":\"2025-03-31T14:16:14+00:00\",\"mainEntityOfPage\":{\"@id\":\"https:\\\/\\\/lightweb.dev\\\/l\\\/svm-temp\\\/nyheter\\\/5-doda-efter-gruvolycka-i-asturien\\\/\"},\"wordCount\":302,\"publisher\":{\"@id\":\"https:\\\/\\\/lightweb.dev\\\/l\\\/svm-temp\\\/#organization\"},\"image\":{\"@id\":\"https:\\\/\\\/lightweb.dev\\\/l\\\/svm-temp\\\/nyheter\\\/5-doda-efter-gruvolycka-i-asturien\\\/#primaryimage\"},\"thumbnailUrl\":\"https:\\\/\\\/lightweb.dev\\\/l\\\/svm-temp\\\/wp-content\\\/uploads\\\/2025\\\/03\\\/svm20250331141248.webp\",\"articleSection\":[\"Arkiv\",\"Nyheter\"],\"inLanguage\":\"sv-SE\"},{\"@type\":\"WebPage\",\"@id\":\"https:\\\/\\\/lightweb.dev\\\/l\\\/svm-temp\\\/nyheter\\\/5-doda-efter-gruvolycka-i-asturien\\\/\",\"url\":\"https:\\\/\\\/lightweb.dev\\\/l\\\/svm-temp\\\/nyheter\\\/5-doda-efter-gruvolycka-i-asturien\\\/\",\"name\":\"5 d\u00f6da efter gruvolycka i Asturien - Svenska Magasinet\",\"isPartOf\":{\"@id\":\"https:\\\/\\\/lightweb.dev\\\/l\\\/svm-temp\\\/#website\"},\"primaryImageOfPage\":{\"@id\":\"https:\\\/\\\/lightweb.dev\\\/l\\\/svm-temp\\\/nyheter\\\/5-doda-efter-gruvolycka-i-asturien\\\/#primaryimage\"},\"image\":{\"@id\":\"https:\\\/\\\/lightweb.dev\\\/l\\\/svm-temp\\\/nyheter\\\/5-doda-efter-gruvolycka-i-asturien\\\/#primaryimage\"},\"thumbnailUrl\":\"https:\\\/\\\/lightweb.dev\\\/l\\\/svm-temp\\\/wp-content\\\/uploads\\\/2025\\\/03\\\/svm20250331141248.webp\",\"datePublished\":\"2025-03-31T14:14:54+00:00\",\"dateModified\":\"2025-03-31T14:16:14+00:00\",\"breadcrumb\":{\"@id\":\"https:\\\/\\\/lightweb.dev\\\/l\\\/svm-temp\\\/nyheter\\\/5-doda-efter-gruvolycka-i-asturien\\\/#breadcrumb\"},\"inLanguage\":\"sv-SE\",\"potentialAction\":[{\"@type\":\"ReadAction\",\"target\":[\"https:\\\/\\\/lightweb.dev\\\/l\\\/svm-temp\\\/nyheter\\\/5-doda-efter-gruvolycka-i-asturien\\\/\"]}]},{\"@type\":\"ImageObject\",\"inLanguage\":\"sv-SE\",\"@id\":\"https:\\\/\\\/lightweb.dev\\\/l\\\/svm-temp\\\/nyheter\\\/5-doda-efter-gruvolycka-i-asturien\\\/#primaryimage\",\"url\":\"https:\\\/\\\/lightweb.dev\\\/l\\\/svm-temp\\\/wp-content\\\/uploads\\\/2025\\\/03\\\/svm20250331141248.webp\",\"contentUrl\":\"https:\\\/\\\/lightweb.dev\\\/l\\\/svm-temp\\\/wp-content\\\/uploads\\\/2025\\\/03\\\/svm20250331141248.webp\",\"width\":900,\"height\":400,\"caption\":\"(Bild: Guardia Civil, X)\"},{\"@type\":\"BreadcrumbList\",\"@id\":\"https:\\\/\\\/lightweb.dev\\\/l\\\/svm-temp\\\/nyheter\\\/5-doda-efter-gruvolycka-i-asturien\\\/#breadcrumb\",\"itemListElement\":[{\"@type\":\"ListItem\",\"position\":1,\"name\":\"Hem\",\"item\":\"https:\\\/\\\/lightweb.dev\\\/l\\\/svm-temp\\\/\"},{\"@type\":\"ListItem\",\"position\":2,\"name\":\"5 d\u00f6da efter gruvolycka i Asturien\"}]},{\"@type\":\"WebSite\",\"@id\":\"https:\\\/\\\/lightweb.dev\\\/l\\\/svm-temp\\\/#website\",\"url\":\"https:\\\/\\\/lightweb.dev\\\/l\\\/svm-temp\\\/\",\"name\":\"Svenska Magasinet\",\"description\":\"Dina Spanska nyheter p&aring; Svenska\",\"publisher\":{\"@id\":\"https:\\\/\\\/lightweb.dev\\\/l\\\/svm-temp\\\/#organization\"},\"potentialAction\":[{\"@type\":\"SearchAction\",\"target\":{\"@type\":\"EntryPoint\",\"urlTemplate\":\"https:\\\/\\\/lightweb.dev\\\/l\\\/svm-temp\\\/?s={search_term_string}\"},\"query-input\":{\"@type\":\"PropertyValueSpecification\",\"valueRequired\":true,\"valueName\":\"search_term_string\"}}],\"inLanguage\":\"sv-SE\"},{\"@type\":\"Organization\",\"@id\":\"https:\\\/\\\/lightweb.dev\\\/l\\\/svm-temp\\\/#organization\",\"name\":\"Melkerson y Nott SL\",\"alternateName\":\"Svenska Magasinet\",\"url\":\"https:\\\/\\\/lightweb.dev\\\/l\\\/svm-temp\\\/\",\"logo\":{\"@type\":\"ImageObject\",\"inLanguage\":\"sv-SE\",\"@id\":\"https:\\\/\\\/lightweb.dev\\\/l\\\/svm-temp\\\/#\\\/schema\\\/logo\\\/image\\\/\",\"url\":\"https:\\\/\\\/lightweb.dev\\\/l\\\/svm-temp\\\/wp-content\\\/uploads\\\/2025\\\/02\\\/SvM-logo-Xtra-Centrerad-SVART.png\",\"contentUrl\":\"https:\\\/\\\/lightweb.dev\\\/l\\\/svm-temp\\\/wp-content\\\/uploads\\\/2025\\\/02\\\/SvM-logo-Xtra-Centrerad-SVART.png\",\"width\":300,\"height\":99,\"caption\":\"Melkerson y Nott SL\"},\"image\":{\"@id\":\"https:\\\/\\\/lightweb.dev\\\/l\\\/svm-temp\\\/#\\\/schema\\\/logo\\\/image\\\/\"},\"sameAs\":[\"https:\\\/\\\/www.facebook.com\\\/svenskamagasinet\",\"https:\\\/\\\/x.com\\\/SvenskaMagasine\"]},{\"@type\":\"Person\",\"@id\":\"https:\\\/\\\/lightweb.dev\\\/l\\\/svm-temp\\\/#\\\/schema\\\/person\\\/caffe038990d25722f5a04a03c906a2b\",\"name\":\"Robbie Eriksson\",\"sameAs\":[\"https:\\\/\\\/lightweb.dev\\\/l\\\/svm-temp\"],\"url\":\"https:\\\/\\\/lightweb.dev\\\/l\\\/svm-temp\\\/reporter\\\/robbie-eriksson\\\/\"}]}<\/script>\n<!-- \/ Yoast SEO Premium plugin. -->","yoast_head_json":{"title":"5 d\u00f6da efter gruvolycka i Asturien - Svenska Magasinet","robots":{"index":"noindex","follow":"follow","max-snippet":"max-snippet:-1","max-image-preview":"max-image-preview:large","max-video-preview":"max-video-preview:-1"},"og_locale":"sv_SE","og_type":"article","og_title":"5 d\u00f6da efter gruvolycka i Asturien","og_description":"Efter en misst\u00e4nkt explosion kollapsade gruvan under m\u00e5ndagsmorgonen.\u00a0  Fem personer har d\u00f6tt, fyra \u00e4r skadade och en saknas fortfarande.\u00a0","og_url":"https:\/\/lightweb.dev\/l\/svm-temp\/nyheter\/5-doda-efter-gruvolycka-i-asturien\/","og_site_name":"Svenska Magasinet","article_publisher":"https:\/\/www.facebook.com\/svenskamagasinet","article_published_time":"2025-03-31T14:14:54+00:00","article_modified_time":"2025-03-31T14:16:14+00:00","og_image":[{"width":900,"height":400,"url":"https:\/\/lightweb.dev\/l\/svm-temp\/wp-content\/uploads\/2025\/03\/svm20250331141248.webp","type":"image\/webp"}],"author":"Robbie Eriksson","twitter_card":"summary_large_image","twitter_creator":"@SvenskaMagasine","twitter_site":"@SvenskaMagasine","schema":{"@context":"https:\/\/schema.org","@graph":[{"@type":"Article","@id":"https:\/\/lightweb.dev\/l\/svm-temp\/nyheter\/5-doda-efter-gruvolycka-i-asturien\/#article","isPartOf":{"@id":"https:\/\/lightweb.dev\/l\/svm-temp\/nyheter\/5-doda-efter-gruvolycka-i-asturien\/"},"author":{"name":"Robbie Eriksson","@id":"https:\/\/lightweb.dev\/l\/svm-temp\/#\/schema\/person\/caffe038990d25722f5a04a03c906a2b"},"headline":"5 d\u00f6da efter gruvolycka i Asturien","datePublished":"2025-03-31T14:14:54+00:00","dateModified":"2025-03-31T14:16:14+00:00","mainEntityOfPage":{"@id":"https:\/\/lightweb.dev\/l\/svm-temp\/nyheter\/5-doda-efter-gruvolycka-i-asturien\/"},"wordCount":302,"publisher":{"@id":"https:\/\/lightweb.dev\/l\/svm-temp\/#organization"},"image":{"@id":"https:\/\/lightweb.dev\/l\/svm-temp\/nyheter\/5-doda-efter-gruvolycka-i-asturien\/#primaryimage"},"thumbnailUrl":"https:\/\/lightweb.dev\/l\/svm-temp\/wp-content\/uploads\/2025\/03\/svm20250331141248.webp","articleSection":["Arkiv","Nyheter"],"inLanguage":"sv-SE"},{"@type":"WebPage","@id":"https:\/\/lightweb.dev\/l\/svm-temp\/nyheter\/5-doda-efter-gruvolycka-i-asturien\/","url":"https:\/\/lightweb.dev\/l\/svm-temp\/nyheter\/5-doda-efter-gruvolycka-i-asturien\/","name":"5 d\u00f6da efter gruvolycka i Asturien - Svenska Magasinet","isPartOf":{"@id":"https:\/\/lightweb.dev\/l\/svm-temp\/#website"},"primaryImageOfPage":{"@id":"https:\/\/lightweb.dev\/l\/svm-temp\/nyheter\/5-doda-efter-gruvolycka-i-asturien\/#primaryimage"},"image":{"@id":"https:\/\/lightweb.dev\/l\/svm-temp\/nyheter\/5-doda-efter-gruvolycka-i-asturien\/#primaryimage"},"thumbnailUrl":"https:\/\/lightweb.dev\/l\/svm-temp\/wp-content\/uploads\/2025\/03\/svm20250331141248.webp","datePublished":"2025-03-31T14:14:54+00:00","dateModified":"2025-03-31T14:16:14+00:00","breadcrumb":{"@id":"https:\/\/lightweb.dev\/l\/svm-temp\/nyheter\/5-doda-efter-gruvolycka-i-asturien\/#breadcrumb"},"inLanguage":"sv-SE","potentialAction":[{"@type":"ReadAction","target":["https:\/\/lightweb.dev\/l\/svm-temp\/nyheter\/5-doda-efter-gruvolycka-i-asturien\/"]}]},{"@type":"ImageObject","inLanguage":"sv-SE","@id":"https:\/\/lightweb.dev\/l\/svm-temp\/nyheter\/5-doda-efter-gruvolycka-i-asturien\/#primaryimage","url":"https:\/\/lightweb.dev\/l\/svm-temp\/wp-content\/uploads\/2025\/03\/svm20250331141248.webp","contentUrl":"https:\/\/lightweb.dev\/l\/svm-temp\/wp-content\/uploads\/2025\/03\/svm20250331141248.webp","width":900,"height":400,"caption":"(Bild: Guardia Civil, X)"},{"@type":"BreadcrumbList","@id":"https:\/\/lightweb.dev\/l\/svm-temp\/nyheter\/5-doda-efter-gruvolycka-i-asturien\/#breadcrumb","itemListElement":[{"@type":"ListItem","position":1,"name":"Hem","item":"https:\/\/lightweb.dev\/l\/svm-temp\/"},{"@type":"ListItem","position":2,"name":"5 d\u00f6da efter gruvolycka i Asturien"}]},{"@type":"WebSite","@id":"https:\/\/lightweb.dev\/l\/svm-temp\/#website","url":"https:\/\/lightweb.dev\/l\/svm-temp\/","name":"Svenska Magasinet","description":"Dina Spanska nyheter p&aring; Svenska","publisher":{"@id":"https:\/\/lightweb.dev\/l\/svm-temp\/#organization"},"potentialAction":[{"@type":"SearchAction","target":{"@type":"EntryPoint","urlTemplate":"https:\/\/lightweb.dev\/l\/svm-temp\/?s={search_term_string}"},"query-input":{"@type":"PropertyValueSpecification","valueRequired":true,"valueName":"search_term_string"}}],"inLanguage":"sv-SE"},{"@type":"Organization","@id":"https:\/\/lightweb.dev\/l\/svm-temp\/#organization","name":"Melkerson y Nott SL","alternateName":"Svenska Magasinet","url":"https:\/\/lightweb.dev\/l\/svm-temp\/","logo":{"@type":"ImageObject","inLanguage":"sv-SE","@id":"https:\/\/lightweb.dev\/l\/svm-temp\/#\/schema\/logo\/image\/","url":"https:\/\/lightweb.dev\/l\/svm-temp\/wp-content\/uploads\/2025\/02\/SvM-logo-Xtra-Centrerad-SVART.png","contentUrl":"https:\/\/lightweb.dev\/l\/svm-temp\/wp-content\/uploads\/2025\/02\/SvM-logo-Xtra-Centrerad-SVART.png","width":300,"height":99,"caption":"Melkerson y Nott SL"},"image":{"@id":"https:\/\/lightweb.dev\/l\/svm-temp\/#\/schema\/logo\/image\/"},"sameAs":["https:\/\/www.facebook.com\/svenskamagasinet","https:\/\/x.com\/SvenskaMagasine"]},{"@type":"Person","@id":"https:\/\/lightweb.dev\/l\/svm-temp\/#\/schema\/person\/caffe038990d25722f5a04a03c906a2b","name":"Robbie Eriksson","sameAs":["https:\/\/lightweb.dev\/l\/svm-temp"],"url":"https:\/\/lightweb.dev\/l\/svm-temp\/reporter\/robbie-eriksson\/"}]}},"_links":{"self":[{"href":"https:\/\/lightweb.dev\/l\/svm-temp\/wp-json\/wp\/v2\/posts\/80688","targetHints":{"allow":["GET"]}}],"collection":[{"href":"https:\/\/lightweb.dev\/l\/svm-temp\/wp-json\/wp\/v2\/posts"}],"about":[{"href":"https:\/\/lightweb.dev\/l\/svm-temp\/wp-json\/wp\/v2\/types\/post"}],"author":[{"embeddable":true,"href":"https:\/\/lightweb.dev\/l\/svm-temp\/wp-json\/wp\/v2\/users\/14"}],"replies":[{"embeddable":true,"href":"https:\/\/lightweb.dev\/l\/svm-temp\/wp-json\/wp\/v2\/comments?post=80688"}],"version-history":[{"count":0,"href":"https:\/\/lightweb.dev\/l\/svm-temp\/wp-json\/wp\/v2\/posts\/80688\/revisions"}],"wp:featuredmedia":[{"embeddable":true,"href":"https:\/\/lightweb.dev\/l\/svm-temp\/wp-json\/wp\/v2\/media\/80686"}],"wp:attachment":[{"href":"https:\/\/lightweb.dev\/l\/svm-temp\/wp-json\/wp\/v2\/media?parent=80688"}],"wp:term":[{"taxonomy":"category","embeddable":true,"href":"https:\/\/lightweb.dev\/l\/svm-temp\/wp-json\/wp\/v2\/categories?post=80688"},{"taxonomy":"post_tag","embeddable":true,"href":"https:\/\/lightweb.dev\/l\/svm-temp\/wp-json\/wp\/v2\/tags?post=80688"}],"curies":[{"name":"wp","href":"https:\/\/api.w.org\/{rel}","templated":true}]}}