{"id":80690,"date":"2025-03-31T16:22:15","date_gmt":"2025-03-31T14:22:15","guid":{"rendered":"https:\/\/lightweb.dev\/l\/svm-temp\/?p=80690"},"modified":"2025-03-31T16:22:15","modified_gmt":"2025-03-31T14:22:15","slug":"inflationen-minskade-i-mars","status":"publish","type":"post","link":"https:\/\/lightweb.dev\/l\/svm-temp\/nyheter\/inflationen-minskade-i-mars\/","title":{"rendered":"Inflationen minskade i mars"},"content":{"rendered":"<p><strong>F\u00f6r f\u00f6rsta g\u00e5ngen i \u00e5r v\u00e4nde inflationen ned\u00e5t.\u00a0<\/strong><\/p>\n<p><strong>Det beror fr\u00e4mst p\u00e5 billigare elpriser tack vare stormar som genererat extra mycket vindkraft.\u00a0<\/strong><\/p>\n<p><span style=\"font-weight: 400;\">Inflationen har sjunkit i Spanien f\u00f6r f\u00f6rsta g\u00e5ngen sedan oktober 2024. Konsumentprisindex (KPI) f\u00f6ll 0,7 procentenheter i mars till 2,3 procent, vilket inneb\u00e4r att man n\u00e4rmar sig europeiska centralbankens (ECB) m\u00e5l f\u00f6r Spanien p\u00e5 2 procent. Detta enligt uppgifter som det nationella institutet f\u00f6r statistik (INE) sl\u00e4ppte i fredags.\u00a0<\/span><\/p>\n<p><span style=\"font-weight: 400;\">Nedg\u00e5ngen fr\u00e5n 3 till 2,3 procent j\u00e4mf\u00f6rt med februari beror fr\u00e4mst p\u00e5 sjunkande elpriser. De kraftiga vindarna som kommit med den senaste tidens stormar har inneburit att mer vindkraft har kunnat genereras och d\u00e4rmed haft en positiv inverkan p\u00e5 energipriserna. Under januari och februari var utvecklingen p\u00e5 elpriserna den motsatta d\u00e5 de blev dyrare igen p\u00e5 grund av att regeringen lyfte momsrabatten p\u00e5 elektricitet.\u00a0<\/span><\/p>\n<p><span style=\"font-weight: 400;\">V\u00e4ndpunkten kom den 13 mars d\u00e5 det genomsnittliga elpriset l\u00e5g p\u00e5 111,73 euro per MWh. Fr\u00e5n den 14 till 26 blev det, tack vare vinden, hela 53,7 procent l\u00e4gre p\u00e5 51,10 euro per MWh. I januari l\u00e5g det genomsnittliga priset p\u00e5 96,69 euro och i februari p\u00e5 108,31.\u00a0<\/span><\/p>\n<p><span style=\"font-weight: 400;\">\u00c4ven priserna p\u00e5 drivmedel \u00f6kade i l\u00e4gre takt under mars detta \u00e5r \u00e4n de gjorde 2024.\u00a0<\/span><\/p>\n<h2><span style=\"font-weight: 400;\">Andra produkter<\/span><\/h2>\n<p><span style=\"font-weight: 400;\">Inflationsdatan fr\u00e5n INE inneh\u00e5ller inte detaljer p\u00e5 \u00f6kningar eller minskningar p\u00e5 specifika produkter. Men konsumentorganisationen OCU har tidigare flaggat f\u00f6r en kraftig \u00f6kning p\u00e5 \u00e4ggpriserna. I mars ska de ha \u00f6kat med 24 procent p\u00e5 grund av f\u00e5gelinfluensa som inneburit att man beh\u00f6vt avliva ett flertal h\u00f6ns i andra l\u00e4nder.\u00a0<\/span><\/p>\n<p><span style=\"font-weight: 400;\">Andra produkter som OCU uppger har blivit dyrare \u00e4r l\u00f6k (13 procent \u00e5rlig \u00f6kning), apelsiner (11 procent), gr\u00f6n paprika (7 procent) och sallad, tomater, k\u00f6ttf\u00e4rs samt yoghurt (5 procent).\u00a0<\/span><\/p>\n<h3><span style=\"font-weight: 400;\">Underliggande inflation<\/span><\/h3>\n<p><span style=\"font-weight: 400;\">Den underliggande inflationen, som inte tar med mer volatila varor och tj\u00e4nster som energipriser och f\u00e4rsk mat, sj\u00f6nk ocks\u00e5 med 0,2 procentenheter i mars och ligger p\u00e5 2 procent. Det \u00e4r den l\u00e4gsta niv\u00e5n p\u00e5 3 \u00e5r.\u00a0<\/span><\/p>\n<p><span style=\"font-weight: 400;\">Senast den var p\u00e5 en l\u00e4gre niv\u00e5 var december 2021 innan kriget i Ukraina br\u00f6t ut.\u00a0<\/span><\/p>\n<h4><span style=\"font-weight: 400;\">Nedsidan med v\u00e4dret<\/span><\/h4>\n<p><span style=\"font-weight: 400;\">Att stormarna har bidragit till l\u00e4gre energipriser \u00e4r bra men v\u00e4dret har \u00e4ven en negativ inverkan p\u00e5 konsumtionen i landet. Enligt uppgifter fr\u00e5n Caixabank Research \u00f6kade konsumtionen i mars med 1,7 procent, vilket \u00e4r 3,2 procentenheter l\u00e4gre \u00e4n februari. Det g\u00e4ller framf\u00f6rallt handel i butiker och detaljhandel.\u00a0<\/span><\/p>\n<p>&nbsp;<\/p>\n<p><span style=\"font-weight: 400;\">\u00a0<\/span><\/p>\n<p><span style=\"font-weight: 400;\">\u00a0<\/span><\/p>\n<p>&nbsp;<\/p>\n","protected":false},"excerpt":{"rendered":"<p>F\u00f6r f\u00f6rsta g\u00e5ngen i \u00e5r v\u00e4nde inflationen ned\u00e5t.\u00a0Det beror fr\u00e4mst p\u00e5 billigare elpriser tack vare stormar som genererat extra mycket vindkraft.\u00a0<\/p>\n","protected":false},"author":14,"featured_media":80685,"comment_status":"closed","ping_status":"closed","sticky":false,"template":"","format":"standard","meta":{"_et_pb_use_builder":"","_et_pb_old_content":"","_et_gb_content_width":"","footnotes":""},"categories":[351,3],"tags":[],"class_list":["post-80690","post","type-post","status-publish","format-standard","has-post-thumbnail","hentry","category-ekonomi-nyheter","category-nyheter"],"yoast_head":"<!-- This site is optimized with the Yoast SEO Premium plugin v26.2 (Yoast SEO v27.5) - https:\/\/yoast.com\/product\/yoast-seo-premium-wordpress\/ -->\n<title>Inflationen minskade i mars - Svenska Magasinet<\/title>\n<meta name=\"robots\" content=\"noindex, follow, max-snippet:-1, max-image-preview:large, max-video-preview:-1\" \/>\n<meta property=\"og:locale\" content=\"sv_SE\" \/>\n<meta property=\"og:type\" content=\"article\" \/>\n<meta property=\"og:title\" content=\"Inflationen minskade i mars\" \/>\n<meta property=\"og:description\" content=\"F\u00f6r f\u00f6rsta g\u00e5ngen i \u00e5r v\u00e4nde inflationen ned\u00e5t.\u00a0Det beror fr\u00e4mst p\u00e5 billigare elpriser tack vare stormar som genererat extra mycket vindkraft.\u00a0\" \/>\n<meta property=\"og:url\" content=\"https:\/\/lightweb.dev\/l\/svm-temp\/nyheter\/inflationen-minskade-i-mars\/\" \/>\n<meta property=\"og:site_name\" content=\"Svenska Magasinet\" \/>\n<meta property=\"article:publisher\" content=\"https:\/\/www.facebook.com\/svenskamagasinet\" \/>\n<meta property=\"article:published_time\" content=\"2025-03-31T14:22:15+00:00\" \/>\n<meta property=\"og:image\" content=\"https:\/\/lightweb.dev\/l\/svm-temp\/wp-content\/uploads\/2025\/03\/svm20250331141230.webp\" \/>\n\t<meta property=\"og:image:width\" content=\"900\" \/>\n\t<meta property=\"og:image:height\" content=\"400\" \/>\n\t<meta property=\"og:image:type\" content=\"image\/webp\" \/>\n<meta name=\"author\" content=\"Robbie Eriksson\" \/>\n<meta name=\"twitter:card\" content=\"summary_large_image\" \/>\n<meta name=\"twitter:creator\" content=\"@SvenskaMagasine\" \/>\n<meta name=\"twitter:site\" content=\"@SvenskaMagasine\" \/>\n<script type=\"application\/ld+json\" class=\"yoast-schema-graph\">{\"@context\":\"https:\\\/\\\/schema.org\",\"@graph\":[{\"@type\":\"Article\",\"@id\":\"https:\\\/\\\/lightweb.dev\\\/l\\\/svm-temp\\\/nyheter\\\/inflationen-minskade-i-mars\\\/#article\",\"isPartOf\":{\"@id\":\"https:\\\/\\\/lightweb.dev\\\/l\\\/svm-temp\\\/nyheter\\\/inflationen-minskade-i-mars\\\/\"},\"author\":{\"name\":\"Robbie Eriksson\",\"@id\":\"https:\\\/\\\/lightweb.dev\\\/l\\\/svm-temp\\\/#\\\/schema\\\/person\\\/caffe038990d25722f5a04a03c906a2b\"},\"headline\":\"Inflationen minskade i mars\",\"datePublished\":\"2025-03-31T14:22:15+00:00\",\"mainEntityOfPage\":{\"@id\":\"https:\\\/\\\/lightweb.dev\\\/l\\\/svm-temp\\\/nyheter\\\/inflationen-minskade-i-mars\\\/\"},\"wordCount\":418,\"publisher\":{\"@id\":\"https:\\\/\\\/lightweb.dev\\\/l\\\/svm-temp\\\/#organization\"},\"image\":{\"@id\":\"https:\\\/\\\/lightweb.dev\\\/l\\\/svm-temp\\\/nyheter\\\/inflationen-minskade-i-mars\\\/#primaryimage\"},\"thumbnailUrl\":\"https:\\\/\\\/lightweb.dev\\\/l\\\/svm-temp\\\/wp-content\\\/uploads\\\/2025\\\/03\\\/svm20250331141230.webp\",\"articleSection\":[\"Ekonomi\",\"Nyheter\"],\"inLanguage\":\"sv-SE\"},{\"@type\":\"WebPage\",\"@id\":\"https:\\\/\\\/lightweb.dev\\\/l\\\/svm-temp\\\/nyheter\\\/inflationen-minskade-i-mars\\\/\",\"url\":\"https:\\\/\\\/lightweb.dev\\\/l\\\/svm-temp\\\/nyheter\\\/inflationen-minskade-i-mars\\\/\",\"name\":\"Inflationen minskade i mars - Svenska Magasinet\",\"isPartOf\":{\"@id\":\"https:\\\/\\\/lightweb.dev\\\/l\\\/svm-temp\\\/#website\"},\"primaryImageOfPage\":{\"@id\":\"https:\\\/\\\/lightweb.dev\\\/l\\\/svm-temp\\\/nyheter\\\/inflationen-minskade-i-mars\\\/#primaryimage\"},\"image\":{\"@id\":\"https:\\\/\\\/lightweb.dev\\\/l\\\/svm-temp\\\/nyheter\\\/inflationen-minskade-i-mars\\\/#primaryimage\"},\"thumbnailUrl\":\"https:\\\/\\\/lightweb.dev\\\/l\\\/svm-temp\\\/wp-content\\\/uploads\\\/2025\\\/03\\\/svm20250331141230.webp\",\"datePublished\":\"2025-03-31T14:22:15+00:00\",\"breadcrumb\":{\"@id\":\"https:\\\/\\\/lightweb.dev\\\/l\\\/svm-temp\\\/nyheter\\\/inflationen-minskade-i-mars\\\/#breadcrumb\"},\"inLanguage\":\"sv-SE\",\"potentialAction\":[{\"@type\":\"ReadAction\",\"target\":[\"https:\\\/\\\/lightweb.dev\\\/l\\\/svm-temp\\\/nyheter\\\/inflationen-minskade-i-mars\\\/\"]}]},{\"@type\":\"ImageObject\",\"inLanguage\":\"sv-SE\",\"@id\":\"https:\\\/\\\/lightweb.dev\\\/l\\\/svm-temp\\\/nyheter\\\/inflationen-minskade-i-mars\\\/#primaryimage\",\"url\":\"https:\\\/\\\/lightweb.dev\\\/l\\\/svm-temp\\\/wp-content\\\/uploads\\\/2025\\\/03\\\/svm20250331141230.webp\",\"contentUrl\":\"https:\\\/\\\/lightweb.dev\\\/l\\\/svm-temp\\\/wp-content\\\/uploads\\\/2025\\\/03\\\/svm20250331141230.webp\",\"width\":900,\"height\":400},{\"@type\":\"BreadcrumbList\",\"@id\":\"https:\\\/\\\/lightweb.dev\\\/l\\\/svm-temp\\\/nyheter\\\/inflationen-minskade-i-mars\\\/#breadcrumb\",\"itemListElement\":[{\"@type\":\"ListItem\",\"position\":1,\"name\":\"Hem\",\"item\":\"https:\\\/\\\/lightweb.dev\\\/l\\\/svm-temp\\\/\"},{\"@type\":\"ListItem\",\"position\":2,\"name\":\"Inflationen minskade i mars\"}]},{\"@type\":\"WebSite\",\"@id\":\"https:\\\/\\\/lightweb.dev\\\/l\\\/svm-temp\\\/#website\",\"url\":\"https:\\\/\\\/lightweb.dev\\\/l\\\/svm-temp\\\/\",\"name\":\"Svenska Magasinet\",\"description\":\"Dina Spanska nyheter p&aring; Svenska\",\"publisher\":{\"@id\":\"https:\\\/\\\/lightweb.dev\\\/l\\\/svm-temp\\\/#organization\"},\"potentialAction\":[{\"@type\":\"SearchAction\",\"target\":{\"@type\":\"EntryPoint\",\"urlTemplate\":\"https:\\\/\\\/lightweb.dev\\\/l\\\/svm-temp\\\/?s={search_term_string}\"},\"query-input\":{\"@type\":\"PropertyValueSpecification\",\"valueRequired\":true,\"valueName\":\"search_term_string\"}}],\"inLanguage\":\"sv-SE\"},{\"@type\":\"Organization\",\"@id\":\"https:\\\/\\\/lightweb.dev\\\/l\\\/svm-temp\\\/#organization\",\"name\":\"Melkerson y Nott SL\",\"alternateName\":\"Svenska Magasinet\",\"url\":\"https:\\\/\\\/lightweb.dev\\\/l\\\/svm-temp\\\/\",\"logo\":{\"@type\":\"ImageObject\",\"inLanguage\":\"sv-SE\",\"@id\":\"https:\\\/\\\/lightweb.dev\\\/l\\\/svm-temp\\\/#\\\/schema\\\/logo\\\/image\\\/\",\"url\":\"https:\\\/\\\/lightweb.dev\\\/l\\\/svm-temp\\\/wp-content\\\/uploads\\\/2025\\\/02\\\/SvM-logo-Xtra-Centrerad-SVART.png\",\"contentUrl\":\"https:\\\/\\\/lightweb.dev\\\/l\\\/svm-temp\\\/wp-content\\\/uploads\\\/2025\\\/02\\\/SvM-logo-Xtra-Centrerad-SVART.png\",\"width\":300,\"height\":99,\"caption\":\"Melkerson y Nott SL\"},\"image\":{\"@id\":\"https:\\\/\\\/lightweb.dev\\\/l\\\/svm-temp\\\/#\\\/schema\\\/logo\\\/image\\\/\"},\"sameAs\":[\"https:\\\/\\\/www.facebook.com\\\/svenskamagasinet\",\"https:\\\/\\\/x.com\\\/SvenskaMagasine\"]},{\"@type\":\"Person\",\"@id\":\"https:\\\/\\\/lightweb.dev\\\/l\\\/svm-temp\\\/#\\\/schema\\\/person\\\/caffe038990d25722f5a04a03c906a2b\",\"name\":\"Robbie Eriksson\",\"sameAs\":[\"https:\\\/\\\/lightweb.dev\\\/l\\\/svm-temp\"],\"url\":\"https:\\\/\\\/lightweb.dev\\\/l\\\/svm-temp\\\/reporter\\\/robbie-eriksson\\\/\"}]}<\/script>\n<!-- \/ Yoast SEO Premium plugin. -->","yoast_head_json":{"title":"Inflationen minskade i mars - Svenska Magasinet","robots":{"index":"noindex","follow":"follow","max-snippet":"max-snippet:-1","max-image-preview":"max-image-preview:large","max-video-preview":"max-video-preview:-1"},"og_locale":"sv_SE","og_type":"article","og_title":"Inflationen minskade i mars","og_description":"F\u00f6r f\u00f6rsta g\u00e5ngen i \u00e5r v\u00e4nde inflationen ned\u00e5t.\u00a0Det beror fr\u00e4mst p\u00e5 billigare elpriser tack vare stormar som genererat extra mycket vindkraft.\u00a0","og_url":"https:\/\/lightweb.dev\/l\/svm-temp\/nyheter\/inflationen-minskade-i-mars\/","og_site_name":"Svenska Magasinet","article_publisher":"https:\/\/www.facebook.com\/svenskamagasinet","article_published_time":"2025-03-31T14:22:15+00:00","og_image":[{"width":900,"height":400,"url":"https:\/\/lightweb.dev\/l\/svm-temp\/wp-content\/uploads\/2025\/03\/svm20250331141230.webp","type":"image\/webp"}],"author":"Robbie Eriksson","twitter_card":"summary_large_image","twitter_creator":"@SvenskaMagasine","twitter_site":"@SvenskaMagasine","schema":{"@context":"https:\/\/schema.org","@graph":[{"@type":"Article","@id":"https:\/\/lightweb.dev\/l\/svm-temp\/nyheter\/inflationen-minskade-i-mars\/#article","isPartOf":{"@id":"https:\/\/lightweb.dev\/l\/svm-temp\/nyheter\/inflationen-minskade-i-mars\/"},"author":{"name":"Robbie Eriksson","@id":"https:\/\/lightweb.dev\/l\/svm-temp\/#\/schema\/person\/caffe038990d25722f5a04a03c906a2b"},"headline":"Inflationen minskade i mars","datePublished":"2025-03-31T14:22:15+00:00","mainEntityOfPage":{"@id":"https:\/\/lightweb.dev\/l\/svm-temp\/nyheter\/inflationen-minskade-i-mars\/"},"wordCount":418,"publisher":{"@id":"https:\/\/lightweb.dev\/l\/svm-temp\/#organization"},"image":{"@id":"https:\/\/lightweb.dev\/l\/svm-temp\/nyheter\/inflationen-minskade-i-mars\/#primaryimage"},"thumbnailUrl":"https:\/\/lightweb.dev\/l\/svm-temp\/wp-content\/uploads\/2025\/03\/svm20250331141230.webp","articleSection":["Ekonomi","Nyheter"],"inLanguage":"sv-SE"},{"@type":"WebPage","@id":"https:\/\/lightweb.dev\/l\/svm-temp\/nyheter\/inflationen-minskade-i-mars\/","url":"https:\/\/lightweb.dev\/l\/svm-temp\/nyheter\/inflationen-minskade-i-mars\/","name":"Inflationen minskade i mars - Svenska Magasinet","isPartOf":{"@id":"https:\/\/lightweb.dev\/l\/svm-temp\/#website"},"primaryImageOfPage":{"@id":"https:\/\/lightweb.dev\/l\/svm-temp\/nyheter\/inflationen-minskade-i-mars\/#primaryimage"},"image":{"@id":"https:\/\/lightweb.dev\/l\/svm-temp\/nyheter\/inflationen-minskade-i-mars\/#primaryimage"},"thumbnailUrl":"https:\/\/lightweb.dev\/l\/svm-temp\/wp-content\/uploads\/2025\/03\/svm20250331141230.webp","datePublished":"2025-03-31T14:22:15+00:00","breadcrumb":{"@id":"https:\/\/lightweb.dev\/l\/svm-temp\/nyheter\/inflationen-minskade-i-mars\/#breadcrumb"},"inLanguage":"sv-SE","potentialAction":[{"@type":"ReadAction","target":["https:\/\/lightweb.dev\/l\/svm-temp\/nyheter\/inflationen-minskade-i-mars\/"]}]},{"@type":"ImageObject","inLanguage":"sv-SE","@id":"https:\/\/lightweb.dev\/l\/svm-temp\/nyheter\/inflationen-minskade-i-mars\/#primaryimage","url":"https:\/\/lightweb.dev\/l\/svm-temp\/wp-content\/uploads\/2025\/03\/svm20250331141230.webp","contentUrl":"https:\/\/lightweb.dev\/l\/svm-temp\/wp-content\/uploads\/2025\/03\/svm20250331141230.webp","width":900,"height":400},{"@type":"BreadcrumbList","@id":"https:\/\/lightweb.dev\/l\/svm-temp\/nyheter\/inflationen-minskade-i-mars\/#breadcrumb","itemListElement":[{"@type":"ListItem","position":1,"name":"Hem","item":"https:\/\/lightweb.dev\/l\/svm-temp\/"},{"@type":"ListItem","position":2,"name":"Inflationen minskade i mars"}]},{"@type":"WebSite","@id":"https:\/\/lightweb.dev\/l\/svm-temp\/#website","url":"https:\/\/lightweb.dev\/l\/svm-temp\/","name":"Svenska Magasinet","description":"Dina Spanska nyheter p&aring; Svenska","publisher":{"@id":"https:\/\/lightweb.dev\/l\/svm-temp\/#organization"},"potentialAction":[{"@type":"SearchAction","target":{"@type":"EntryPoint","urlTemplate":"https:\/\/lightweb.dev\/l\/svm-temp\/?s={search_term_string}"},"query-input":{"@type":"PropertyValueSpecification","valueRequired":true,"valueName":"search_term_string"}}],"inLanguage":"sv-SE"},{"@type":"Organization","@id":"https:\/\/lightweb.dev\/l\/svm-temp\/#organization","name":"Melkerson y Nott SL","alternateName":"Svenska Magasinet","url":"https:\/\/lightweb.dev\/l\/svm-temp\/","logo":{"@type":"ImageObject","inLanguage":"sv-SE","@id":"https:\/\/lightweb.dev\/l\/svm-temp\/#\/schema\/logo\/image\/","url":"https:\/\/lightweb.dev\/l\/svm-temp\/wp-content\/uploads\/2025\/02\/SvM-logo-Xtra-Centrerad-SVART.png","contentUrl":"https:\/\/lightweb.dev\/l\/svm-temp\/wp-content\/uploads\/2025\/02\/SvM-logo-Xtra-Centrerad-SVART.png","width":300,"height":99,"caption":"Melkerson y Nott SL"},"image":{"@id":"https:\/\/lightweb.dev\/l\/svm-temp\/#\/schema\/logo\/image\/"},"sameAs":["https:\/\/www.facebook.com\/svenskamagasinet","https:\/\/x.com\/SvenskaMagasine"]},{"@type":"Person","@id":"https:\/\/lightweb.dev\/l\/svm-temp\/#\/schema\/person\/caffe038990d25722f5a04a03c906a2b","name":"Robbie Eriksson","sameAs":["https:\/\/lightweb.dev\/l\/svm-temp"],"url":"https:\/\/lightweb.dev\/l\/svm-temp\/reporter\/robbie-eriksson\/"}]}},"_links":{"self":[{"href":"https:\/\/lightweb.dev\/l\/svm-temp\/wp-json\/wp\/v2\/posts\/80690","targetHints":{"allow":["GET"]}}],"collection":[{"href":"https:\/\/lightweb.dev\/l\/svm-temp\/wp-json\/wp\/v2\/posts"}],"about":[{"href":"https:\/\/lightweb.dev\/l\/svm-temp\/wp-json\/wp\/v2\/types\/post"}],"author":[{"embeddable":true,"href":"https:\/\/lightweb.dev\/l\/svm-temp\/wp-json\/wp\/v2\/users\/14"}],"replies":[{"embeddable":true,"href":"https:\/\/lightweb.dev\/l\/svm-temp\/wp-json\/wp\/v2\/comments?post=80690"}],"version-history":[{"count":0,"href":"https:\/\/lightweb.dev\/l\/svm-temp\/wp-json\/wp\/v2\/posts\/80690\/revisions"}],"wp:featuredmedia":[{"embeddable":true,"href":"https:\/\/lightweb.dev\/l\/svm-temp\/wp-json\/wp\/v2\/media\/80685"}],"wp:attachment":[{"href":"https:\/\/lightweb.dev\/l\/svm-temp\/wp-json\/wp\/v2\/media?parent=80690"}],"wp:term":[{"taxonomy":"category","embeddable":true,"href":"https:\/\/lightweb.dev\/l\/svm-temp\/wp-json\/wp\/v2\/categories?post=80690"},{"taxonomy":"post_tag","embeddable":true,"href":"https:\/\/lightweb.dev\/l\/svm-temp\/wp-json\/wp\/v2\/tags?post=80690"}],"curies":[{"name":"wp","href":"https:\/\/api.w.org\/{rel}","templated":true}]}}