{"id":81191,"date":"2025-04-16T09:46:36","date_gmt":"2025-04-16T07:46:36","guid":{"rendered":"https:\/\/lightweb.dev\/l\/svm-temp\/?p=81191"},"modified":"2025-04-16T09:47:51","modified_gmt":"2025-04-16T07:47:51","slug":"halften-av-svenskarna-vill-pensionera-sig-i-ett-varmt-land","status":"publish","type":"post","link":"https:\/\/lightweb.dev\/l\/svm-temp\/nyheter\/halften-av-svenskarna-vill-pensionera-sig-i-ett-varmt-land\/","title":{"rendered":"H\u00e4lften av svenskarna vill pensionera sig i ett varmt land"},"content":{"rendered":"<p><strong>Spanien, Italien och Frankrike. D\u00e4r \u00e4r topp tre med sol och v\u00e4rme som lockar n\u00e4r varannan svensk vill pensionera sig utomlands.<\/strong><\/p>\n<p><strong>Men \u00e4ven l\u00e4gre levnadskostnader, uppleva andra kulturer samt att slippa g\u00e4ngkriminaliteten \u00e4r andra sk\u00e4l till utlandsflytt.<\/strong><\/p>\n<p>2055 personer i \u00e5ldern 25\u201366 \u00e5r har f\u00e5tt fr\u00e5gan \u201dSkulle du, som pension\u00e4r, vilja bos\u00e4tta dig utomlands hela eller delar av \u00e5ret och i s\u00e5 fall var?\u201d<\/p>\n<p>51 procent svarar att de vill flytta utomlands, 13 procent anger att de \u00e4r os\u00e4kra, medan 36 procent vill stanna i Sverige.<\/p>\n<h2 class=\"entry-title\">L\u00e4s mer: <a href=\"https:\/\/lightweb.dev\/l\/svm-temp\/nyheter\/fler-svenskar-flyttar-till-spanien\/\">Fler svenskar flyttar till Spanien<\/a><\/h2>\n<p>Det \u00e4r fr\u00e4mst sol och v\u00e4rme som drar. Det visar en ny unders\u00f6kning genomf\u00f6rd av Kantar p\u00e5 uppdrag av Movestic.<\/p>\n<p>Vanligast \u00e4r att l\u00e4ngta till Sydeuropa. Ett b\u00e4ttre klimat med mer sol och v\u00e4rme \u00e4r den absolut vanligaste anledningen till att vilja spendera tid utomlands. Andra anledningar som n\u00e4mns i en \u00f6ppen fr\u00e5ga \u00e4r att f\u00e5 l\u00e4gre levnadskostnad, uppleva andra kulturer, samt att slippa g\u00e4ngkriminaliteten.<\/p>\n<p>Svenskarnas topp sex l\u00e4nder\/regioner att pensionera sig i (2024 \u00e5rs placering inom parentes)<\/p>\n<p>Spanien (1)<\/p>\n<p>Italien (2)<\/p>\n<p>Frankrike (4)<\/p>\n<p>Grekland (3)<\/p>\n<p>Oceanien (6)<\/p>\n<p>USA (5)<\/p>\n<p>Allra mest intresserade av att flytta \u00e4r Stockholmare (59 procent), medan andelen \u00e4r l\u00e4gre bland till exempel boende i Mellersta och \u00d6vre Norrland (45 procent). Malm\u00f6 (49 procent) och G\u00f6teborg (50 procent) \u00e4r b\u00e5da i linje med riksgenomsnittet. Fler m\u00e4n (55 procent) \u00e4n kvinnor (47 procent) vill flytta utomlands.<\/p>\n<p>Movestic har sedan 2019 regelbundet fr\u00e5gat svenskarna om att bo utomlands som pension\u00e4rer. Liksom i tidigare unders\u00f6kningar visar \u00e5rets resultat att dr\u00f6mmen om att flytta utomlands \u00e4r st\u00f6rst i \u00e5ldern 40\u201355 \u00e5r (58 procent), och sedan minskar n\u00e5got i \u00e5ldersgruppen 56\u201366 \u00e5r (45 procent).<\/p>\n<p>Unders\u00f6kningen genomf\u00f6rdes i Kantar Media webbpanel (Sifopanelen) under perioden 19\u201325 mars 2025.<\/p>\n<h2>Fortsatt prisuppg\u00e5ng visar Spanienindex<\/h2>\n<div id=\"attachment_81189\" style=\"width: 910px\" class=\"wp-caption alignnone\"><img loading=\"lazy\" decoding=\"async\" aria-describedby=\"caption-attachment-81189\" class=\"wp-image-81189 size-full\" src=\"https:\/\/lightweb.dev\/l\/svm-temp\/wp-content\/uploads\/2025\/04\/svm20250416073638.webp\" alt=\"\" width=\"900\" height=\"400\" srcset=\"https:\/\/lightweb.dev\/l\/svm-temp\/wp-content\/uploads\/2025\/04\/svm20250416073638.webp 900w, https:\/\/lightweb.dev\/l\/svm-temp\/wp-content\/uploads\/2025\/04\/svm20250416073638-480x213.webp 480w\" sizes=\"(min-width: 0px) and (max-width: 480px) 480px, (min-width: 481px) 900px, 100vw\" \/><p id=\"caption-attachment-81189\" class=\"wp-caption-text\">Vy \u00f6ver Pen\u00edscola i regionen Valencia, d\u00e4r bostadspriserna \u00f6kade mest i mars \u2013 upp 2,4 %. Lika stor var uppg\u00e5ngen i Murcia. (Foto: Bjurfors)<\/p><\/div>\n<p><strong>Efter en stark \u00e5terh\u00e4mtning i februari steg pris\u00f6kningen p\u00e5 bost\u00e4der med ytterligare 1,6 procent i mars. Totalt har priserna i svenskarnas favoritomr\u00e5den nu \u00f6kat med 11,2 procent p\u00e5 ett \u00e5r. Det visar Bjurfors Spanienindex som publicerades p\u00e5 onsdagen.<\/strong><\/p>\n<p>Spanienindex f\u00f6ljer prisutvecklingen i 13 av de mest attraktiva regionerna bland svenska bostadsk\u00f6pare \u2013 fr\u00e5n Girona i nordost till C\u00e1diz i sydv\u00e4st, samt Balearerna och Kanarie\u00f6arna. I mars \u00f6kade priserna i samtliga omr\u00e5den. St\u00f6rst var uppg\u00e5ngen i Murcia och Valencia, d\u00e4r priserna steg med 2,4 procent.<\/p>\n<p>Kanarie\u00f6arna, M\u00e1laga och Balearerna ligger fortsatt i topp med pris\u00f6kningar \u00f6ver 14 procent p\u00e5 tolv m\u00e5nader. H\u00e4r \u00e4r trycket fr\u00e5n internationella k\u00f6pare starkt, samtidigt som tillg\u00e5ngen p\u00e5 bost\u00e4der \u00e4r begr\u00e4nsad.<\/p>\n<p>Samtidigt v\u00e4xer intresset f\u00f6r prisv\u00e4nligare omr\u00e5den som Almer\u00eda, Castell\u00f3n och Granada, d\u00e4r k\u00f6pare ofta f\u00e5r mer bostad f\u00f6r pengarna \u2013 utan att kompromissa med klimat, str\u00e4nder eller livskvalitet.<\/p>\n<p>&#8211; Vi ser \u00e4ven att fler svenskar vidgar vyerna och hittar nya favoriter d\u00e4r bostadsdr\u00f6mmen \u00e4r mer l\u00e4ttillg\u00e4nglig, s\u00e4ger Irja Amolin, tf. vd bjurfors Sverige.<\/p>\n<p>Kronan har st\u00e4rkts med drygt fem procent mot euron sedan \u00e5rsskiftet. Det inneb\u00e4r att svenska k\u00f6pare f\u00e5r mer f\u00f6r sina pengar \u2013 trots att priserna fortsatt att stiga.<\/p>\n","protected":false},"excerpt":{"rendered":"<p>Spanien, Italien och Frankrike. D\u00e4r \u00e4r topp tre med sol och v\u00e4rme som lockar n\u00e4r varannan svensk vill pensionera sig utomlands. Men \u00e4ven l\u00e4gre levnadskostnader, uppleva andra kulturer samt att slippa g\u00e4ngkriminaliteten \u00e4r andra sk\u00e4l till utlandsflytt&#8230;<\/p>\n","protected":false},"author":7,"featured_media":61843,"comment_status":"closed","ping_status":"closed","sticky":false,"template":"","format":"standard","meta":{"_et_pb_use_builder":"","_et_pb_old_content":"","_et_gb_content_width":"","footnotes":""},"categories":[395,3],"tags":[],"class_list":["post-81191","post","type-post","status-publish","format-standard","has-post-thumbnail","hentry","category-arkiv-nyheter","category-nyheter"],"yoast_head":"<!-- This site is optimized with the Yoast SEO Premium plugin v26.2 (Yoast SEO v27.4) - https:\/\/yoast.com\/product\/yoast-seo-premium-wordpress\/ -->\n<title>H\u00e4lften av svenskarna vill pensionera sig i ett varmt land - Svenska Magasinet<\/title>\n<meta name=\"robots\" content=\"noindex, follow, max-snippet:-1, max-image-preview:large, max-video-preview:-1\" \/>\n<meta property=\"og:locale\" content=\"sv_SE\" \/>\n<meta property=\"og:type\" content=\"article\" \/>\n<meta property=\"og:title\" content=\"H\u00e4lften av svenskarna vill pensionera sig i ett varmt land\" \/>\n<meta property=\"og:description\" content=\"Spanien, Italien och Frankrike. D\u00e4r \u00e4r topp tre med sol och v\u00e4rme som lockar n\u00e4r varannan svensk vill pensionera sig utomlands. Men \u00e4ven l\u00e4gre levnadskostnader, uppleva andra kulturer samt att slippa g\u00e4ngkriminaliteten \u00e4r andra sk\u00e4l till utlandsflytt...\" \/>\n<meta property=\"og:url\" content=\"https:\/\/lightweb.dev\/l\/svm-temp\/nyheter\/halften-av-svenskarna-vill-pensionera-sig-i-ett-varmt-land\/\" \/>\n<meta property=\"og:site_name\" content=\"Svenska Magasinet\" \/>\n<meta property=\"article:publisher\" content=\"https:\/\/www.facebook.com\/svenskamagasinet\" \/>\n<meta property=\"article:published_time\" content=\"2025-04-16T07:46:36+00:00\" \/>\n<meta property=\"article:modified_time\" content=\"2025-04-16T07:47:51+00:00\" \/>\n<meta property=\"og:image\" content=\"https:\/\/lightweb.dev\/l\/svm-temp\/wp-content\/uploads\/2023\/03\/mature-woman-holding-beach-ball-while-swimsuit-Stor.jpeg\" \/>\n\t<meta property=\"og:image:width\" content=\"1280\" \/>\n\t<meta property=\"og:image:height\" content=\"853\" \/>\n\t<meta property=\"og:image:type\" content=\"image\/jpeg\" \/>\n<meta name=\"author\" content=\"Ola Josefsson\" \/>\n<meta name=\"twitter:card\" content=\"summary_large_image\" \/>\n<meta name=\"twitter:creator\" content=\"@SvenskaMagasine\" \/>\n<meta name=\"twitter:site\" content=\"@SvenskaMagasine\" \/>\n<script type=\"application\/ld+json\" class=\"yoast-schema-graph\">{\"@context\":\"https:\\\/\\\/schema.org\",\"@graph\":[{\"@type\":\"Article\",\"@id\":\"https:\\\/\\\/lightweb.dev\\\/l\\\/svm-temp\\\/nyheter\\\/halften-av-svenskarna-vill-pensionera-sig-i-ett-varmt-land\\\/#article\",\"isPartOf\":{\"@id\":\"https:\\\/\\\/lightweb.dev\\\/l\\\/svm-temp\\\/nyheter\\\/halften-av-svenskarna-vill-pensionera-sig-i-ett-varmt-land\\\/\"},\"author\":{\"name\":\"Ola Josefsson\",\"@id\":\"https:\\\/\\\/lightweb.dev\\\/l\\\/svm-temp\\\/#\\\/schema\\\/person\\\/7a82b8a73d171d32360a564b6d03508e\"},\"headline\":\"H\u00e4lften av svenskarna vill pensionera sig i ett varmt land\",\"datePublished\":\"2025-04-16T07:46:36+00:00\",\"dateModified\":\"2025-04-16T07:47:51+00:00\",\"mainEntityOfPage\":{\"@id\":\"https:\\\/\\\/lightweb.dev\\\/l\\\/svm-temp\\\/nyheter\\\/halften-av-svenskarna-vill-pensionera-sig-i-ett-varmt-land\\\/\"},\"wordCount\":579,\"publisher\":{\"@id\":\"https:\\\/\\\/lightweb.dev\\\/l\\\/svm-temp\\\/#organization\"},\"image\":{\"@id\":\"https:\\\/\\\/lightweb.dev\\\/l\\\/svm-temp\\\/nyheter\\\/halften-av-svenskarna-vill-pensionera-sig-i-ett-varmt-land\\\/#primaryimage\"},\"thumbnailUrl\":\"https:\\\/\\\/lightweb.dev\\\/l\\\/svm-temp\\\/wp-content\\\/uploads\\\/2023\\\/03\\\/mature-woman-holding-beach-ball-while-swimsuit-Stor.jpeg\",\"articleSection\":[\"Arkiv\",\"Nyheter\"],\"inLanguage\":\"sv-SE\"},{\"@type\":\"WebPage\",\"@id\":\"https:\\\/\\\/lightweb.dev\\\/l\\\/svm-temp\\\/nyheter\\\/halften-av-svenskarna-vill-pensionera-sig-i-ett-varmt-land\\\/\",\"url\":\"https:\\\/\\\/lightweb.dev\\\/l\\\/svm-temp\\\/nyheter\\\/halften-av-svenskarna-vill-pensionera-sig-i-ett-varmt-land\\\/\",\"name\":\"H\u00e4lften av svenskarna vill pensionera sig i ett varmt land - Svenska Magasinet\",\"isPartOf\":{\"@id\":\"https:\\\/\\\/lightweb.dev\\\/l\\\/svm-temp\\\/#website\"},\"primaryImageOfPage\":{\"@id\":\"https:\\\/\\\/lightweb.dev\\\/l\\\/svm-temp\\\/nyheter\\\/halften-av-svenskarna-vill-pensionera-sig-i-ett-varmt-land\\\/#primaryimage\"},\"image\":{\"@id\":\"https:\\\/\\\/lightweb.dev\\\/l\\\/svm-temp\\\/nyheter\\\/halften-av-svenskarna-vill-pensionera-sig-i-ett-varmt-land\\\/#primaryimage\"},\"thumbnailUrl\":\"https:\\\/\\\/lightweb.dev\\\/l\\\/svm-temp\\\/wp-content\\\/uploads\\\/2023\\\/03\\\/mature-woman-holding-beach-ball-while-swimsuit-Stor.jpeg\",\"datePublished\":\"2025-04-16T07:46:36+00:00\",\"dateModified\":\"2025-04-16T07:47:51+00:00\",\"breadcrumb\":{\"@id\":\"https:\\\/\\\/lightweb.dev\\\/l\\\/svm-temp\\\/nyheter\\\/halften-av-svenskarna-vill-pensionera-sig-i-ett-varmt-land\\\/#breadcrumb\"},\"inLanguage\":\"sv-SE\",\"potentialAction\":[{\"@type\":\"ReadAction\",\"target\":[\"https:\\\/\\\/lightweb.dev\\\/l\\\/svm-temp\\\/nyheter\\\/halften-av-svenskarna-vill-pensionera-sig-i-ett-varmt-land\\\/\"]}]},{\"@type\":\"ImageObject\",\"inLanguage\":\"sv-SE\",\"@id\":\"https:\\\/\\\/lightweb.dev\\\/l\\\/svm-temp\\\/nyheter\\\/halften-av-svenskarna-vill-pensionera-sig-i-ett-varmt-land\\\/#primaryimage\",\"url\":\"https:\\\/\\\/lightweb.dev\\\/l\\\/svm-temp\\\/wp-content\\\/uploads\\\/2023\\\/03\\\/mature-woman-holding-beach-ball-while-swimsuit-Stor.jpeg\",\"contentUrl\":\"https:\\\/\\\/lightweb.dev\\\/l\\\/svm-temp\\\/wp-content\\\/uploads\\\/2023\\\/03\\\/mature-woman-holding-beach-ball-while-swimsuit-Stor.jpeg\",\"width\":1280,\"height\":853,\"caption\":\"Medelhavet och Spanien \u00e4r favoriten n\u00e4r det \u00e4r dags f\u00f6r pension.\"},{\"@type\":\"BreadcrumbList\",\"@id\":\"https:\\\/\\\/lightweb.dev\\\/l\\\/svm-temp\\\/nyheter\\\/halften-av-svenskarna-vill-pensionera-sig-i-ett-varmt-land\\\/#breadcrumb\",\"itemListElement\":[{\"@type\":\"ListItem\",\"position\":1,\"name\":\"Hem\",\"item\":\"https:\\\/\\\/lightweb.dev\\\/l\\\/svm-temp\\\/\"},{\"@type\":\"ListItem\",\"position\":2,\"name\":\"H\u00e4lften av svenskarna vill pensionera sig i ett varmt land\"}]},{\"@type\":\"WebSite\",\"@id\":\"https:\\\/\\\/lightweb.dev\\\/l\\\/svm-temp\\\/#website\",\"url\":\"https:\\\/\\\/lightweb.dev\\\/l\\\/svm-temp\\\/\",\"name\":\"Svenska Magasinet\",\"description\":\"Dina Spanska nyheter p&aring; Svenska\",\"publisher\":{\"@id\":\"https:\\\/\\\/lightweb.dev\\\/l\\\/svm-temp\\\/#organization\"},\"potentialAction\":[{\"@type\":\"SearchAction\",\"target\":{\"@type\":\"EntryPoint\",\"urlTemplate\":\"https:\\\/\\\/lightweb.dev\\\/l\\\/svm-temp\\\/?s={search_term_string}\"},\"query-input\":{\"@type\":\"PropertyValueSpecification\",\"valueRequired\":true,\"valueName\":\"search_term_string\"}}],\"inLanguage\":\"sv-SE\"},{\"@type\":\"Organization\",\"@id\":\"https:\\\/\\\/lightweb.dev\\\/l\\\/svm-temp\\\/#organization\",\"name\":\"Melkerson y Nott SL\",\"alternateName\":\"Svenska Magasinet\",\"url\":\"https:\\\/\\\/lightweb.dev\\\/l\\\/svm-temp\\\/\",\"logo\":{\"@type\":\"ImageObject\",\"inLanguage\":\"sv-SE\",\"@id\":\"https:\\\/\\\/lightweb.dev\\\/l\\\/svm-temp\\\/#\\\/schema\\\/logo\\\/image\\\/\",\"url\":\"https:\\\/\\\/lightweb.dev\\\/l\\\/svm-temp\\\/wp-content\\\/uploads\\\/2025\\\/02\\\/SvM-logo-Xtra-Centrerad-SVART.png\",\"contentUrl\":\"https:\\\/\\\/lightweb.dev\\\/l\\\/svm-temp\\\/wp-content\\\/uploads\\\/2025\\\/02\\\/SvM-logo-Xtra-Centrerad-SVART.png\",\"width\":300,\"height\":99,\"caption\":\"Melkerson y Nott SL\"},\"image\":{\"@id\":\"https:\\\/\\\/lightweb.dev\\\/l\\\/svm-temp\\\/#\\\/schema\\\/logo\\\/image\\\/\"},\"sameAs\":[\"https:\\\/\\\/www.facebook.com\\\/svenskamagasinet\",\"https:\\\/\\\/x.com\\\/SvenskaMagasine\"]},{\"@type\":\"Person\",\"@id\":\"https:\\\/\\\/lightweb.dev\\\/l\\\/svm-temp\\\/#\\\/schema\\\/person\\\/7a82b8a73d171d32360a564b6d03508e\",\"name\":\"Ola Josefsson\",\"description\":\"Bevakar Solkusten och Spanien sedan 1994.\",\"sameAs\":[\"https:\\\/\\\/lightweb.dev\\\/l\\\/svm-temp\"],\"url\":\"https:\\\/\\\/lightweb.dev\\\/l\\\/svm-temp\\\/reporter\\\/ola-josefsson\\\/\"}]}<\/script>\n<!-- \/ Yoast SEO Premium plugin. -->","yoast_head_json":{"title":"H\u00e4lften av svenskarna vill pensionera sig i ett varmt land - Svenska Magasinet","robots":{"index":"noindex","follow":"follow","max-snippet":"max-snippet:-1","max-image-preview":"max-image-preview:large","max-video-preview":"max-video-preview:-1"},"og_locale":"sv_SE","og_type":"article","og_title":"H\u00e4lften av svenskarna vill pensionera sig i ett varmt land","og_description":"Spanien, Italien och Frankrike. D\u00e4r \u00e4r topp tre med sol och v\u00e4rme som lockar n\u00e4r varannan svensk vill pensionera sig utomlands. Men \u00e4ven l\u00e4gre levnadskostnader, uppleva andra kulturer samt att slippa g\u00e4ngkriminaliteten \u00e4r andra sk\u00e4l till utlandsflytt...","og_url":"https:\/\/lightweb.dev\/l\/svm-temp\/nyheter\/halften-av-svenskarna-vill-pensionera-sig-i-ett-varmt-land\/","og_site_name":"Svenska Magasinet","article_publisher":"https:\/\/www.facebook.com\/svenskamagasinet","article_published_time":"2025-04-16T07:46:36+00:00","article_modified_time":"2025-04-16T07:47:51+00:00","og_image":[{"width":1280,"height":853,"url":"https:\/\/lightweb.dev\/l\/svm-temp\/wp-content\/uploads\/2023\/03\/mature-woman-holding-beach-ball-while-swimsuit-Stor.jpeg","type":"image\/jpeg"}],"author":"Ola Josefsson","twitter_card":"summary_large_image","twitter_creator":"@SvenskaMagasine","twitter_site":"@SvenskaMagasine","schema":{"@context":"https:\/\/schema.org","@graph":[{"@type":"Article","@id":"https:\/\/lightweb.dev\/l\/svm-temp\/nyheter\/halften-av-svenskarna-vill-pensionera-sig-i-ett-varmt-land\/#article","isPartOf":{"@id":"https:\/\/lightweb.dev\/l\/svm-temp\/nyheter\/halften-av-svenskarna-vill-pensionera-sig-i-ett-varmt-land\/"},"author":{"name":"Ola Josefsson","@id":"https:\/\/lightweb.dev\/l\/svm-temp\/#\/schema\/person\/7a82b8a73d171d32360a564b6d03508e"},"headline":"H\u00e4lften av svenskarna vill pensionera sig i ett varmt land","datePublished":"2025-04-16T07:46:36+00:00","dateModified":"2025-04-16T07:47:51+00:00","mainEntityOfPage":{"@id":"https:\/\/lightweb.dev\/l\/svm-temp\/nyheter\/halften-av-svenskarna-vill-pensionera-sig-i-ett-varmt-land\/"},"wordCount":579,"publisher":{"@id":"https:\/\/lightweb.dev\/l\/svm-temp\/#organization"},"image":{"@id":"https:\/\/lightweb.dev\/l\/svm-temp\/nyheter\/halften-av-svenskarna-vill-pensionera-sig-i-ett-varmt-land\/#primaryimage"},"thumbnailUrl":"https:\/\/lightweb.dev\/l\/svm-temp\/wp-content\/uploads\/2023\/03\/mature-woman-holding-beach-ball-while-swimsuit-Stor.jpeg","articleSection":["Arkiv","Nyheter"],"inLanguage":"sv-SE"},{"@type":"WebPage","@id":"https:\/\/lightweb.dev\/l\/svm-temp\/nyheter\/halften-av-svenskarna-vill-pensionera-sig-i-ett-varmt-land\/","url":"https:\/\/lightweb.dev\/l\/svm-temp\/nyheter\/halften-av-svenskarna-vill-pensionera-sig-i-ett-varmt-land\/","name":"H\u00e4lften av svenskarna vill pensionera sig i ett varmt land - Svenska Magasinet","isPartOf":{"@id":"https:\/\/lightweb.dev\/l\/svm-temp\/#website"},"primaryImageOfPage":{"@id":"https:\/\/lightweb.dev\/l\/svm-temp\/nyheter\/halften-av-svenskarna-vill-pensionera-sig-i-ett-varmt-land\/#primaryimage"},"image":{"@id":"https:\/\/lightweb.dev\/l\/svm-temp\/nyheter\/halften-av-svenskarna-vill-pensionera-sig-i-ett-varmt-land\/#primaryimage"},"thumbnailUrl":"https:\/\/lightweb.dev\/l\/svm-temp\/wp-content\/uploads\/2023\/03\/mature-woman-holding-beach-ball-while-swimsuit-Stor.jpeg","datePublished":"2025-04-16T07:46:36+00:00","dateModified":"2025-04-16T07:47:51+00:00","breadcrumb":{"@id":"https:\/\/lightweb.dev\/l\/svm-temp\/nyheter\/halften-av-svenskarna-vill-pensionera-sig-i-ett-varmt-land\/#breadcrumb"},"inLanguage":"sv-SE","potentialAction":[{"@type":"ReadAction","target":["https:\/\/lightweb.dev\/l\/svm-temp\/nyheter\/halften-av-svenskarna-vill-pensionera-sig-i-ett-varmt-land\/"]}]},{"@type":"ImageObject","inLanguage":"sv-SE","@id":"https:\/\/lightweb.dev\/l\/svm-temp\/nyheter\/halften-av-svenskarna-vill-pensionera-sig-i-ett-varmt-land\/#primaryimage","url":"https:\/\/lightweb.dev\/l\/svm-temp\/wp-content\/uploads\/2023\/03\/mature-woman-holding-beach-ball-while-swimsuit-Stor.jpeg","contentUrl":"https:\/\/lightweb.dev\/l\/svm-temp\/wp-content\/uploads\/2023\/03\/mature-woman-holding-beach-ball-while-swimsuit-Stor.jpeg","width":1280,"height":853,"caption":"Medelhavet och Spanien \u00e4r favoriten n\u00e4r det \u00e4r dags f\u00f6r pension."},{"@type":"BreadcrumbList","@id":"https:\/\/lightweb.dev\/l\/svm-temp\/nyheter\/halften-av-svenskarna-vill-pensionera-sig-i-ett-varmt-land\/#breadcrumb","itemListElement":[{"@type":"ListItem","position":1,"name":"Hem","item":"https:\/\/lightweb.dev\/l\/svm-temp\/"},{"@type":"ListItem","position":2,"name":"H\u00e4lften av svenskarna vill pensionera sig i ett varmt land"}]},{"@type":"WebSite","@id":"https:\/\/lightweb.dev\/l\/svm-temp\/#website","url":"https:\/\/lightweb.dev\/l\/svm-temp\/","name":"Svenska Magasinet","description":"Dina Spanska nyheter p&aring; Svenska","publisher":{"@id":"https:\/\/lightweb.dev\/l\/svm-temp\/#organization"},"potentialAction":[{"@type":"SearchAction","target":{"@type":"EntryPoint","urlTemplate":"https:\/\/lightweb.dev\/l\/svm-temp\/?s={search_term_string}"},"query-input":{"@type":"PropertyValueSpecification","valueRequired":true,"valueName":"search_term_string"}}],"inLanguage":"sv-SE"},{"@type":"Organization","@id":"https:\/\/lightweb.dev\/l\/svm-temp\/#organization","name":"Melkerson y Nott SL","alternateName":"Svenska Magasinet","url":"https:\/\/lightweb.dev\/l\/svm-temp\/","logo":{"@type":"ImageObject","inLanguage":"sv-SE","@id":"https:\/\/lightweb.dev\/l\/svm-temp\/#\/schema\/logo\/image\/","url":"https:\/\/lightweb.dev\/l\/svm-temp\/wp-content\/uploads\/2025\/02\/SvM-logo-Xtra-Centrerad-SVART.png","contentUrl":"https:\/\/lightweb.dev\/l\/svm-temp\/wp-content\/uploads\/2025\/02\/SvM-logo-Xtra-Centrerad-SVART.png","width":300,"height":99,"caption":"Melkerson y Nott SL"},"image":{"@id":"https:\/\/lightweb.dev\/l\/svm-temp\/#\/schema\/logo\/image\/"},"sameAs":["https:\/\/www.facebook.com\/svenskamagasinet","https:\/\/x.com\/SvenskaMagasine"]},{"@type":"Person","@id":"https:\/\/lightweb.dev\/l\/svm-temp\/#\/schema\/person\/7a82b8a73d171d32360a564b6d03508e","name":"Ola Josefsson","description":"Bevakar Solkusten och Spanien sedan 1994.","sameAs":["https:\/\/lightweb.dev\/l\/svm-temp"],"url":"https:\/\/lightweb.dev\/l\/svm-temp\/reporter\/ola-josefsson\/"}]}},"_links":{"self":[{"href":"https:\/\/lightweb.dev\/l\/svm-temp\/wp-json\/wp\/v2\/posts\/81191","targetHints":{"allow":["GET"]}}],"collection":[{"href":"https:\/\/lightweb.dev\/l\/svm-temp\/wp-json\/wp\/v2\/posts"}],"about":[{"href":"https:\/\/lightweb.dev\/l\/svm-temp\/wp-json\/wp\/v2\/types\/post"}],"author":[{"embeddable":true,"href":"https:\/\/lightweb.dev\/l\/svm-temp\/wp-json\/wp\/v2\/users\/7"}],"replies":[{"embeddable":true,"href":"https:\/\/lightweb.dev\/l\/svm-temp\/wp-json\/wp\/v2\/comments?post=81191"}],"version-history":[{"count":0,"href":"https:\/\/lightweb.dev\/l\/svm-temp\/wp-json\/wp\/v2\/posts\/81191\/revisions"}],"wp:featuredmedia":[{"embeddable":true,"href":"https:\/\/lightweb.dev\/l\/svm-temp\/wp-json\/wp\/v2\/media\/61843"}],"wp:attachment":[{"href":"https:\/\/lightweb.dev\/l\/svm-temp\/wp-json\/wp\/v2\/media?parent=81191"}],"wp:term":[{"taxonomy":"category","embeddable":true,"href":"https:\/\/lightweb.dev\/l\/svm-temp\/wp-json\/wp\/v2\/categories?post=81191"},{"taxonomy":"post_tag","embeddable":true,"href":"https:\/\/lightweb.dev\/l\/svm-temp\/wp-json\/wp\/v2\/tags?post=81191"}],"curies":[{"name":"wp","href":"https:\/\/api.w.org\/{rel}","templated":true}]}}