{"id":81195,"date":"2025-04-16T10:24:16","date_gmt":"2025-04-16T08:24:16","guid":{"rendered":"https:\/\/lightweb.dev\/l\/svm-temp\/?p=81195"},"modified":"2025-04-16T10:25:06","modified_gmt":"2025-04-16T08:25:06","slug":"vattenkonsumtionen-ar-tryggad-infor-sommaren","status":"publish","type":"post","link":"https:\/\/lightweb.dev\/l\/svm-temp\/nyheter\/vattenkonsumtionen-ar-tryggad-infor-sommaren\/","title":{"rendered":"Vattenkonsumtionen \u00e4r tryggad inf\u00f6r sommaren"},"content":{"rendered":"<p><strong>Solkustens vattenreservoarer \u00e4r fyllda till n\u00e4stan 60 procent. Det regnrika vinterhalv\u00e5ret 2024\/2025 d\u00e5 det kom fem g\u00e5nger s\u00e5 mycket nederb\u00f6rd som ifjol g\u00f6r att v\u00e4stra Costa del Sol och M\u00e1laga inte befinner sig i \u201dtorka\u201d.<\/strong><\/p>\n<p>Axarqu\u00eda-omr\u00e5det \u00f6ster om M\u00e1laga har l\u00e4mnat det som definieras som \u201dextrem torka\u201d till \u201dmedel-torka\u201d.<\/p>\n<p>I b\u00f6rjan p\u00e5 veckan lagrade M\u00e1lagaprovinsens sju reservoarer n\u00e4ra 368 kubikhektometer vatten.<\/p>\n<blockquote class=\"twitter-tweet\" data-media-max-width=\"560\">\n<p dir=\"ltr\" lang=\"es\">Situaci\u00f3n actual de los embalses de las Cuencas Intracomunitarias Andaluzas.<br \/>\n\ud83d\udca7Volumen y porcentaje actual as\u00ed como la capacidad total de cada embalse .<a href=\"https:\/\/t.co\/cxXs8TStLA\">https:\/\/t.co\/cxXs8TStLA<\/a> <a href=\"https:\/\/t.co\/KFbGd22T5G\">pic.twitter.com\/KFbGd22T5G<\/a><\/p>\n<p>\u2014 SAIH Hidrosur (@SAIHRedHidrosur) <a href=\"https:\/\/twitter.com\/SAIHRedHidrosur\/status\/1912404633575661979?ref_src=twsrc%5Etfw\">April 16, 2025<\/a><\/p><\/blockquote>\n<p><script async src=\"https:\/\/platform.twitter.com\/widgets.js\" charset=\"utf-8\"><\/script><\/p>\n<p>Det bidrar till att regionmyndigheterna l\u00e4ttar p\u00e5 vattenrestriktionerna p\u00e5 v\u00e4stra Costa del Sol och skruvar upp trycket i ledningarna med en normal f\u00f6rbrukning p\u00e5 250 liter per inv\u00e5nare och dag.<\/p>\n<p>F\u00f6rutom att vattenreservoarerna \u00e4r fyllda till 60 procent s\u00e5 har Marbellas avsaltningsanl\u00e4ggning moderniserats. Det betyder att vattenf\u00f6rs\u00f6rjningen f\u00f6r sommarhalv\u00e5ret \u00e4r tryggad.<\/p>\n<p>Sedan det hydrologiska \u00e5ret inleddes 1 oktober har det vid reservoaren La Concepci\u00f3n mellan Marbella och Ist\u00e1n uppm\u00e4tts 778 mm regn.<\/p>\n<p>Vid Casasola har det uppm\u00e4tts 580 mm, El Limonero 498 mm, Guadalhorce och Guadalteba 588 mm, Conde 630 mm och vid La Vi\u00f1uela \u00f6ster om M\u00e1laga har det uppm\u00e4tts 588 mm regn.<\/p>\n","protected":false},"excerpt":{"rendered":"<p>Solkustens vattenreservoarer \u00e4r fyllda till n\u00e4stan 60 procent. Det regnrika vinterhalv\u00e5ret 2024\/2025 d\u00e5 det kom fem g\u00e5nger s\u00e5 mycket nederb\u00f6rd som ifjol g\u00f6r att v\u00e4stra Costa del Sol och M\u00e1laga inte befinner sig i \u201dtorka\u201d&#8230;<\/p>\n","protected":false},"author":7,"featured_media":81194,"comment_status":"closed","ping_status":"closed","sticky":false,"template":"","format":"standard","meta":{"_et_pb_use_builder":"","_et_pb_old_content":"","_et_gb_content_width":"","footnotes":""},"categories":[284,3],"tags":[],"class_list":["post-81195","post","type-post","status-publish","format-standard","has-post-thumbnail","hentry","category-inrikes","category-nyheter"],"yoast_head":"<!-- This site is optimized with the Yoast SEO Premium plugin v26.2 (Yoast SEO v27.4) - https:\/\/yoast.com\/product\/yoast-seo-premium-wordpress\/ -->\n<title>Vattenkonsumtionen \u00e4r tryggad inf\u00f6r sommaren - Svenska Magasinet<\/title>\n<meta name=\"robots\" content=\"noindex, follow, max-snippet:-1, max-image-preview:large, max-video-preview:-1\" \/>\n<meta property=\"og:locale\" content=\"sv_SE\" \/>\n<meta property=\"og:type\" content=\"article\" \/>\n<meta property=\"og:title\" content=\"Vattenkonsumtionen \u00e4r tryggad inf\u00f6r sommaren\" \/>\n<meta property=\"og:description\" content=\"Solkustens vattenreservoarer \u00e4r fyllda till n\u00e4stan 60 procent. Det regnrika vinterhalv\u00e5ret 2024\/2025 d\u00e5 det kom fem g\u00e5nger s\u00e5 mycket nederb\u00f6rd som ifjol g\u00f6r att v\u00e4stra Costa del Sol och M\u00e1laga inte befinner sig i \u201dtorka\u201d...\" \/>\n<meta property=\"og:url\" content=\"https:\/\/lightweb.dev\/l\/svm-temp\/nyheter\/vattenkonsumtionen-ar-tryggad-infor-sommaren\/\" \/>\n<meta property=\"og:site_name\" content=\"Svenska Magasinet\" \/>\n<meta property=\"article:publisher\" content=\"https:\/\/www.facebook.com\/svenskamagasinet\" \/>\n<meta property=\"article:published_time\" content=\"2025-04-16T08:24:16+00:00\" \/>\n<meta property=\"article:modified_time\" content=\"2025-04-16T08:25:06+00:00\" \/>\n<meta property=\"og:image\" content=\"https:\/\/lightweb.dev\/l\/svm-temp\/wp-content\/uploads\/2025\/04\/svm20250416082203.webp\" \/>\n\t<meta property=\"og:image:width\" content=\"900\" \/>\n\t<meta property=\"og:image:height\" content=\"400\" \/>\n\t<meta property=\"og:image:type\" content=\"image\/webp\" \/>\n<meta name=\"author\" content=\"Ola Josefsson\" \/>\n<meta name=\"twitter:card\" content=\"summary_large_image\" \/>\n<meta name=\"twitter:creator\" content=\"@SvenskaMagasine\" \/>\n<meta name=\"twitter:site\" content=\"@SvenskaMagasine\" \/>\n<script type=\"application\/ld+json\" class=\"yoast-schema-graph\">{\"@context\":\"https:\\\/\\\/schema.org\",\"@graph\":[{\"@type\":\"Article\",\"@id\":\"https:\\\/\\\/lightweb.dev\\\/l\\\/svm-temp\\\/nyheter\\\/vattenkonsumtionen-ar-tryggad-infor-sommaren\\\/#article\",\"isPartOf\":{\"@id\":\"https:\\\/\\\/lightweb.dev\\\/l\\\/svm-temp\\\/nyheter\\\/vattenkonsumtionen-ar-tryggad-infor-sommaren\\\/\"},\"author\":{\"name\":\"Ola Josefsson\",\"@id\":\"https:\\\/\\\/lightweb.dev\\\/l\\\/svm-temp\\\/#\\\/schema\\\/person\\\/7a82b8a73d171d32360a564b6d03508e\"},\"headline\":\"Vattenkonsumtionen \u00e4r tryggad inf\u00f6r sommaren\",\"datePublished\":\"2025-04-16T08:24:16+00:00\",\"dateModified\":\"2025-04-16T08:25:06+00:00\",\"mainEntityOfPage\":{\"@id\":\"https:\\\/\\\/lightweb.dev\\\/l\\\/svm-temp\\\/nyheter\\\/vattenkonsumtionen-ar-tryggad-infor-sommaren\\\/\"},\"wordCount\":228,\"publisher\":{\"@id\":\"https:\\\/\\\/lightweb.dev\\\/l\\\/svm-temp\\\/#organization\"},\"image\":{\"@id\":\"https:\\\/\\\/lightweb.dev\\\/l\\\/svm-temp\\\/nyheter\\\/vattenkonsumtionen-ar-tryggad-infor-sommaren\\\/#primaryimage\"},\"thumbnailUrl\":\"https:\\\/\\\/lightweb.dev\\\/l\\\/svm-temp\\\/wp-content\\\/uploads\\\/2025\\\/04\\\/svm20250416082203.webp\",\"articleSection\":[\"Inrikes\",\"Nyheter\"],\"inLanguage\":\"sv-SE\"},{\"@type\":\"WebPage\",\"@id\":\"https:\\\/\\\/lightweb.dev\\\/l\\\/svm-temp\\\/nyheter\\\/vattenkonsumtionen-ar-tryggad-infor-sommaren\\\/\",\"url\":\"https:\\\/\\\/lightweb.dev\\\/l\\\/svm-temp\\\/nyheter\\\/vattenkonsumtionen-ar-tryggad-infor-sommaren\\\/\",\"name\":\"Vattenkonsumtionen \u00e4r tryggad inf\u00f6r sommaren - Svenska Magasinet\",\"isPartOf\":{\"@id\":\"https:\\\/\\\/lightweb.dev\\\/l\\\/svm-temp\\\/#website\"},\"primaryImageOfPage\":{\"@id\":\"https:\\\/\\\/lightweb.dev\\\/l\\\/svm-temp\\\/nyheter\\\/vattenkonsumtionen-ar-tryggad-infor-sommaren\\\/#primaryimage\"},\"image\":{\"@id\":\"https:\\\/\\\/lightweb.dev\\\/l\\\/svm-temp\\\/nyheter\\\/vattenkonsumtionen-ar-tryggad-infor-sommaren\\\/#primaryimage\"},\"thumbnailUrl\":\"https:\\\/\\\/lightweb.dev\\\/l\\\/svm-temp\\\/wp-content\\\/uploads\\\/2025\\\/04\\\/svm20250416082203.webp\",\"datePublished\":\"2025-04-16T08:24:16+00:00\",\"dateModified\":\"2025-04-16T08:25:06+00:00\",\"breadcrumb\":{\"@id\":\"https:\\\/\\\/lightweb.dev\\\/l\\\/svm-temp\\\/nyheter\\\/vattenkonsumtionen-ar-tryggad-infor-sommaren\\\/#breadcrumb\"},\"inLanguage\":\"sv-SE\",\"potentialAction\":[{\"@type\":\"ReadAction\",\"target\":[\"https:\\\/\\\/lightweb.dev\\\/l\\\/svm-temp\\\/nyheter\\\/vattenkonsumtionen-ar-tryggad-infor-sommaren\\\/\"]}]},{\"@type\":\"ImageObject\",\"inLanguage\":\"sv-SE\",\"@id\":\"https:\\\/\\\/lightweb.dev\\\/l\\\/svm-temp\\\/nyheter\\\/vattenkonsumtionen-ar-tryggad-infor-sommaren\\\/#primaryimage\",\"url\":\"https:\\\/\\\/lightweb.dev\\\/l\\\/svm-temp\\\/wp-content\\\/uploads\\\/2025\\\/04\\\/svm20250416082203.webp\",\"contentUrl\":\"https:\\\/\\\/lightweb.dev\\\/l\\\/svm-temp\\\/wp-content\\\/uploads\\\/2025\\\/04\\\/svm20250416082203.webp\",\"width\":900,\"height\":400,\"caption\":\"(Foto: X@SAIHRedHidrosur)\"},{\"@type\":\"BreadcrumbList\",\"@id\":\"https:\\\/\\\/lightweb.dev\\\/l\\\/svm-temp\\\/nyheter\\\/vattenkonsumtionen-ar-tryggad-infor-sommaren\\\/#breadcrumb\",\"itemListElement\":[{\"@type\":\"ListItem\",\"position\":1,\"name\":\"Hem\",\"item\":\"https:\\\/\\\/lightweb.dev\\\/l\\\/svm-temp\\\/\"},{\"@type\":\"ListItem\",\"position\":2,\"name\":\"Vattenkonsumtionen \u00e4r tryggad inf\u00f6r sommaren\"}]},{\"@type\":\"WebSite\",\"@id\":\"https:\\\/\\\/lightweb.dev\\\/l\\\/svm-temp\\\/#website\",\"url\":\"https:\\\/\\\/lightweb.dev\\\/l\\\/svm-temp\\\/\",\"name\":\"Svenska Magasinet\",\"description\":\"Dina Spanska nyheter p&aring; Svenska\",\"publisher\":{\"@id\":\"https:\\\/\\\/lightweb.dev\\\/l\\\/svm-temp\\\/#organization\"},\"potentialAction\":[{\"@type\":\"SearchAction\",\"target\":{\"@type\":\"EntryPoint\",\"urlTemplate\":\"https:\\\/\\\/lightweb.dev\\\/l\\\/svm-temp\\\/?s={search_term_string}\"},\"query-input\":{\"@type\":\"PropertyValueSpecification\",\"valueRequired\":true,\"valueName\":\"search_term_string\"}}],\"inLanguage\":\"sv-SE\"},{\"@type\":\"Organization\",\"@id\":\"https:\\\/\\\/lightweb.dev\\\/l\\\/svm-temp\\\/#organization\",\"name\":\"Melkerson y Nott SL\",\"alternateName\":\"Svenska Magasinet\",\"url\":\"https:\\\/\\\/lightweb.dev\\\/l\\\/svm-temp\\\/\",\"logo\":{\"@type\":\"ImageObject\",\"inLanguage\":\"sv-SE\",\"@id\":\"https:\\\/\\\/lightweb.dev\\\/l\\\/svm-temp\\\/#\\\/schema\\\/logo\\\/image\\\/\",\"url\":\"https:\\\/\\\/lightweb.dev\\\/l\\\/svm-temp\\\/wp-content\\\/uploads\\\/2025\\\/02\\\/SvM-logo-Xtra-Centrerad-SVART.png\",\"contentUrl\":\"https:\\\/\\\/lightweb.dev\\\/l\\\/svm-temp\\\/wp-content\\\/uploads\\\/2025\\\/02\\\/SvM-logo-Xtra-Centrerad-SVART.png\",\"width\":300,\"height\":99,\"caption\":\"Melkerson y Nott SL\"},\"image\":{\"@id\":\"https:\\\/\\\/lightweb.dev\\\/l\\\/svm-temp\\\/#\\\/schema\\\/logo\\\/image\\\/\"},\"sameAs\":[\"https:\\\/\\\/www.facebook.com\\\/svenskamagasinet\",\"https:\\\/\\\/x.com\\\/SvenskaMagasine\"]},{\"@type\":\"Person\",\"@id\":\"https:\\\/\\\/lightweb.dev\\\/l\\\/svm-temp\\\/#\\\/schema\\\/person\\\/7a82b8a73d171d32360a564b6d03508e\",\"name\":\"Ola Josefsson\",\"description\":\"Bevakar Solkusten och Spanien sedan 1994.\",\"sameAs\":[\"https:\\\/\\\/lightweb.dev\\\/l\\\/svm-temp\"],\"url\":\"https:\\\/\\\/lightweb.dev\\\/l\\\/svm-temp\\\/reporter\\\/ola-josefsson\\\/\"}]}<\/script>\n<!-- \/ Yoast SEO Premium plugin. -->","yoast_head_json":{"title":"Vattenkonsumtionen \u00e4r tryggad inf\u00f6r sommaren - Svenska Magasinet","robots":{"index":"noindex","follow":"follow","max-snippet":"max-snippet:-1","max-image-preview":"max-image-preview:large","max-video-preview":"max-video-preview:-1"},"og_locale":"sv_SE","og_type":"article","og_title":"Vattenkonsumtionen \u00e4r tryggad inf\u00f6r sommaren","og_description":"Solkustens vattenreservoarer \u00e4r fyllda till n\u00e4stan 60 procent. Det regnrika vinterhalv\u00e5ret 2024\/2025 d\u00e5 det kom fem g\u00e5nger s\u00e5 mycket nederb\u00f6rd som ifjol g\u00f6r att v\u00e4stra Costa del Sol och M\u00e1laga inte befinner sig i \u201dtorka\u201d...","og_url":"https:\/\/lightweb.dev\/l\/svm-temp\/nyheter\/vattenkonsumtionen-ar-tryggad-infor-sommaren\/","og_site_name":"Svenska Magasinet","article_publisher":"https:\/\/www.facebook.com\/svenskamagasinet","article_published_time":"2025-04-16T08:24:16+00:00","article_modified_time":"2025-04-16T08:25:06+00:00","og_image":[{"width":900,"height":400,"url":"https:\/\/lightweb.dev\/l\/svm-temp\/wp-content\/uploads\/2025\/04\/svm20250416082203.webp","type":"image\/webp"}],"author":"Ola Josefsson","twitter_card":"summary_large_image","twitter_creator":"@SvenskaMagasine","twitter_site":"@SvenskaMagasine","schema":{"@context":"https:\/\/schema.org","@graph":[{"@type":"Article","@id":"https:\/\/lightweb.dev\/l\/svm-temp\/nyheter\/vattenkonsumtionen-ar-tryggad-infor-sommaren\/#article","isPartOf":{"@id":"https:\/\/lightweb.dev\/l\/svm-temp\/nyheter\/vattenkonsumtionen-ar-tryggad-infor-sommaren\/"},"author":{"name":"Ola Josefsson","@id":"https:\/\/lightweb.dev\/l\/svm-temp\/#\/schema\/person\/7a82b8a73d171d32360a564b6d03508e"},"headline":"Vattenkonsumtionen \u00e4r tryggad inf\u00f6r sommaren","datePublished":"2025-04-16T08:24:16+00:00","dateModified":"2025-04-16T08:25:06+00:00","mainEntityOfPage":{"@id":"https:\/\/lightweb.dev\/l\/svm-temp\/nyheter\/vattenkonsumtionen-ar-tryggad-infor-sommaren\/"},"wordCount":228,"publisher":{"@id":"https:\/\/lightweb.dev\/l\/svm-temp\/#organization"},"image":{"@id":"https:\/\/lightweb.dev\/l\/svm-temp\/nyheter\/vattenkonsumtionen-ar-tryggad-infor-sommaren\/#primaryimage"},"thumbnailUrl":"https:\/\/lightweb.dev\/l\/svm-temp\/wp-content\/uploads\/2025\/04\/svm20250416082203.webp","articleSection":["Inrikes","Nyheter"],"inLanguage":"sv-SE"},{"@type":"WebPage","@id":"https:\/\/lightweb.dev\/l\/svm-temp\/nyheter\/vattenkonsumtionen-ar-tryggad-infor-sommaren\/","url":"https:\/\/lightweb.dev\/l\/svm-temp\/nyheter\/vattenkonsumtionen-ar-tryggad-infor-sommaren\/","name":"Vattenkonsumtionen \u00e4r tryggad inf\u00f6r sommaren - Svenska Magasinet","isPartOf":{"@id":"https:\/\/lightweb.dev\/l\/svm-temp\/#website"},"primaryImageOfPage":{"@id":"https:\/\/lightweb.dev\/l\/svm-temp\/nyheter\/vattenkonsumtionen-ar-tryggad-infor-sommaren\/#primaryimage"},"image":{"@id":"https:\/\/lightweb.dev\/l\/svm-temp\/nyheter\/vattenkonsumtionen-ar-tryggad-infor-sommaren\/#primaryimage"},"thumbnailUrl":"https:\/\/lightweb.dev\/l\/svm-temp\/wp-content\/uploads\/2025\/04\/svm20250416082203.webp","datePublished":"2025-04-16T08:24:16+00:00","dateModified":"2025-04-16T08:25:06+00:00","breadcrumb":{"@id":"https:\/\/lightweb.dev\/l\/svm-temp\/nyheter\/vattenkonsumtionen-ar-tryggad-infor-sommaren\/#breadcrumb"},"inLanguage":"sv-SE","potentialAction":[{"@type":"ReadAction","target":["https:\/\/lightweb.dev\/l\/svm-temp\/nyheter\/vattenkonsumtionen-ar-tryggad-infor-sommaren\/"]}]},{"@type":"ImageObject","inLanguage":"sv-SE","@id":"https:\/\/lightweb.dev\/l\/svm-temp\/nyheter\/vattenkonsumtionen-ar-tryggad-infor-sommaren\/#primaryimage","url":"https:\/\/lightweb.dev\/l\/svm-temp\/wp-content\/uploads\/2025\/04\/svm20250416082203.webp","contentUrl":"https:\/\/lightweb.dev\/l\/svm-temp\/wp-content\/uploads\/2025\/04\/svm20250416082203.webp","width":900,"height":400,"caption":"(Foto: X@SAIHRedHidrosur)"},{"@type":"BreadcrumbList","@id":"https:\/\/lightweb.dev\/l\/svm-temp\/nyheter\/vattenkonsumtionen-ar-tryggad-infor-sommaren\/#breadcrumb","itemListElement":[{"@type":"ListItem","position":1,"name":"Hem","item":"https:\/\/lightweb.dev\/l\/svm-temp\/"},{"@type":"ListItem","position":2,"name":"Vattenkonsumtionen \u00e4r tryggad inf\u00f6r sommaren"}]},{"@type":"WebSite","@id":"https:\/\/lightweb.dev\/l\/svm-temp\/#website","url":"https:\/\/lightweb.dev\/l\/svm-temp\/","name":"Svenska Magasinet","description":"Dina Spanska nyheter p&aring; Svenska","publisher":{"@id":"https:\/\/lightweb.dev\/l\/svm-temp\/#organization"},"potentialAction":[{"@type":"SearchAction","target":{"@type":"EntryPoint","urlTemplate":"https:\/\/lightweb.dev\/l\/svm-temp\/?s={search_term_string}"},"query-input":{"@type":"PropertyValueSpecification","valueRequired":true,"valueName":"search_term_string"}}],"inLanguage":"sv-SE"},{"@type":"Organization","@id":"https:\/\/lightweb.dev\/l\/svm-temp\/#organization","name":"Melkerson y Nott SL","alternateName":"Svenska Magasinet","url":"https:\/\/lightweb.dev\/l\/svm-temp\/","logo":{"@type":"ImageObject","inLanguage":"sv-SE","@id":"https:\/\/lightweb.dev\/l\/svm-temp\/#\/schema\/logo\/image\/","url":"https:\/\/lightweb.dev\/l\/svm-temp\/wp-content\/uploads\/2025\/02\/SvM-logo-Xtra-Centrerad-SVART.png","contentUrl":"https:\/\/lightweb.dev\/l\/svm-temp\/wp-content\/uploads\/2025\/02\/SvM-logo-Xtra-Centrerad-SVART.png","width":300,"height":99,"caption":"Melkerson y Nott SL"},"image":{"@id":"https:\/\/lightweb.dev\/l\/svm-temp\/#\/schema\/logo\/image\/"},"sameAs":["https:\/\/www.facebook.com\/svenskamagasinet","https:\/\/x.com\/SvenskaMagasine"]},{"@type":"Person","@id":"https:\/\/lightweb.dev\/l\/svm-temp\/#\/schema\/person\/7a82b8a73d171d32360a564b6d03508e","name":"Ola Josefsson","description":"Bevakar Solkusten och Spanien sedan 1994.","sameAs":["https:\/\/lightweb.dev\/l\/svm-temp"],"url":"https:\/\/lightweb.dev\/l\/svm-temp\/reporter\/ola-josefsson\/"}]}},"_links":{"self":[{"href":"https:\/\/lightweb.dev\/l\/svm-temp\/wp-json\/wp\/v2\/posts\/81195","targetHints":{"allow":["GET"]}}],"collection":[{"href":"https:\/\/lightweb.dev\/l\/svm-temp\/wp-json\/wp\/v2\/posts"}],"about":[{"href":"https:\/\/lightweb.dev\/l\/svm-temp\/wp-json\/wp\/v2\/types\/post"}],"author":[{"embeddable":true,"href":"https:\/\/lightweb.dev\/l\/svm-temp\/wp-json\/wp\/v2\/users\/7"}],"replies":[{"embeddable":true,"href":"https:\/\/lightweb.dev\/l\/svm-temp\/wp-json\/wp\/v2\/comments?post=81195"}],"version-history":[{"count":0,"href":"https:\/\/lightweb.dev\/l\/svm-temp\/wp-json\/wp\/v2\/posts\/81195\/revisions"}],"wp:featuredmedia":[{"embeddable":true,"href":"https:\/\/lightweb.dev\/l\/svm-temp\/wp-json\/wp\/v2\/media\/81194"}],"wp:attachment":[{"href":"https:\/\/lightweb.dev\/l\/svm-temp\/wp-json\/wp\/v2\/media?parent=81195"}],"wp:term":[{"taxonomy":"category","embeddable":true,"href":"https:\/\/lightweb.dev\/l\/svm-temp\/wp-json\/wp\/v2\/categories?post=81195"},{"taxonomy":"post_tag","embeddable":true,"href":"https:\/\/lightweb.dev\/l\/svm-temp\/wp-json\/wp\/v2\/tags?post=81195"}],"curies":[{"name":"wp","href":"https:\/\/api.w.org\/{rel}","templated":true}]}}