{"id":8231,"date":"2022-02-11T00:00:00","date_gmt":"2022-02-10T23:00:00","guid":{"rendered":"https:\/\/lightweb.dev\/l\/svm-temp\/spanien-just-nu-vin-dodar\/"},"modified":"2022-02-11T00:00:00","modified_gmt":"2022-02-10T23:00:00","slug":"spanien-just-nu-vin-dodar","status":"publish","type":"post","link":"https:\/\/lightweb.dev\/l\/svm-temp\/artiklar\/spanien-just-nu-vin-dodar\/","title":{"rendered":"Spanien just nu \u2013 vin d\u00f6dar"},"content":{"rendered":"<p> De spanska vinproducenterna \u00e4r p\u00e5 krigsstigen mot Europaparlamentet. Anledningen \u00e4r att EU vill f\u00f6lja f\u00f6rordningen med tobak att ocks\u00e5 g\u00e4lla alkoholhaltiga drycker. En varningsetikett med budskapet att vin ger cancer och d\u00f6dar. Det finns \u00e4ven f\u00f6rslag till stramare marknadsf\u00f6ring och skatteh\u00f6jning.  Av Ola Josefsson<br \/>\nP\u00e5 Twitter: @JosefssonOla<\/p>\n<p>2003 gjordes en \u00f6versyn av tobakslagen. Cigarettpaket fick tryckta budskap som \u201dr\u00f6kning \u00e4r skadligt f\u00f6r h\u00e4lsan\u201d. Senare \u00e4ndrades texten till \u201dr\u00f6kning d\u00f6dar\u201d. H\u00e4r i Spanien finns texten \u201dr\u00f6kning kan orsaka en l\u00e5ngsam och sm\u00e4rtsam d\u00f6d\u201d eller \u201dr\u00f6kning orsakar impotens\u201d.<\/p>\n<p>Nu vill Europaparlamentet att varningsbudskap ska finnas p\u00e5 alkoholhaltiga drycker. Och hit r\u00e4knas v\u00e4rldens \u00e4ldsta m\u00e5ltidsdryck. Enligt Europaparlamentet.<\/p>\n<p>L\u00e4s mer: EU s\u00e4ger nej till varningsetiketter p\u00e5 vinflaskor<\/p>\n<p>D\u00f6rren har \u00f6ppnats f\u00f6r demonisering av vin, s\u00e4ger ordf\u00f6rande vid spanska vinf\u00f6rbundet FEV (Federaci\u00f3n Espa\u00f1ola del Vino) Jos\u00e9 Luis Ben\u00edtez. Han till\u00e4gger att EU redan arbetar p\u00e5 ett utkast d\u00e4r r\u00f6tt k\u00f6tt och vin utesluts fr\u00e5n listan \u00f6ver marknadsf\u00f6ringsprodukter.<\/p>\n<p>F\u00f6r vinkonsumenter skulle det betyda att samtidigt som vi l\u00e4ser om ursprungsbeteckningen, vinproducent, druvsorter, lagringsklassificering finns budskapet p\u00e5 etiketten som f\u00f6rutsp\u00e5r sm\u00e4rtsamma tragedier f\u00f6r den som t\u00e4nker dricka inneh\u00e5llet i flaskan.<\/p>\n<p>Allt startade i juni 2020 med EU:s kommitt\u00e9 BECA (Comit\u00e9 Especial para Derrotar al C\u00e1ncer) som grundades f\u00f6r att bek\u00e4mpa cancer. Nyligen presenterade kommitt\u00e9n en slutrapport med 196 punkter och allt fr\u00e5n h\u00e4lsosam kost till att f\u00f6rebygga cancer genom unders\u00f6kningar.<\/p>\n<p>Det \u00e4r punkt 15 och 16 som g\u00f6r att spanska vinf\u00f6rbundet FEV med sina 700 producenter ser r\u00f6tt. Rapporten s\u00e4ger att alkohol utg\u00f6r en riskfaktor f\u00f6r flera former av cancer. N\u00e4r det g\u00e4ller att f\u00f6rebygga cancer finns det ingen s\u00e4ker alkoholkonsumtion eller niv\u00e5. Av det sk\u00e4let vill EU vidta \u00e5tg\u00e4rder f\u00f6r att minska konsumtionen av alkoholhaltiga drycker genom att inf\u00f6ra varningsetikett och h\u00f6jd skatt.<\/p>\n<p>Det som irriterar vinbranschen \u00e4r att EU drar alla \u00f6ver en kam och inte g\u00f6r n\u00e5gon skillnad p\u00e5 vodka, whisky, gin, vin eller \u00f6l. EU-rapporten s\u00e4ger ocks\u00e5 att det inte finns n\u00e5gon \u201ds\u00e4ker niv\u00e5\u201d. S\u00e5 genom att bara dricka ett glas r\u00f6tt eller vitt till maten s\u00e5 riskerar du att drabbas av cancer \u00e4r budskapet.<\/p>\n<p>R\u00f6ster fr\u00e5n EU-parlamentet s\u00e4ger att n\u00e4r BECA-kommitt\u00e9n utarbetade sina 196 punkter var det delen som h\u00e4nvisade till alkohol som v\u00e4ckte mest debatt.<\/p>\n<p>Vissa vill se varningsetiketten p\u00e5 en framtr\u00e4dande plats p\u00e5 flaskan. Den tyske parlamentarikern Peter Liese fr\u00e5n europeiska folkpartiet erk\u00e4nner att det finns olika \u00e5sikter men att man hoppas n\u00e5 fram till en balanserad st\u00e5ndpunkt. Vi \u00f6nskar inte att bilderna fr\u00e5n cigarettpaket ska dyka upp p\u00e5 vinflaskor.<br \/>\nDet finns ett f\u00f6rslag som kommitt\u00e9n sj\u00e4lv tagit upp att flaskorna f\u00f6rses med QR-kod i st\u00e4llet f\u00f6r varningsetikett.<\/p>\n<p>Den spanska parlamentarikern Dolors Montserrat (Partido Popular) tror att det finns tid att styra upp situationen. Montserrat ber\u00e4ttar att de lyckats f\u00e5 in Medelhavsdieten i dokumentet. Det \u00e4r betydelsefullt eftersom alla vet att vin ing\u00e5r i v\u00e4rldens fr\u00e4msta diet.<br \/>\nStefania Zambelli fr\u00e5n Italien kr\u00e4vde utan framg\u00e5ng ett specifikt undantag f\u00f6r vin. \u201dVi kan inte l\u00e4gga vin i samma p\u00e5se som \u00f6vriga alkoholhaltiga drycker eftersom en m\u00e5ttlig konsumtion av vin \u00e4r n\u00e5got som rekommenderas\u201d.<\/p>\n<p>Ja man kan verkligen undra om inte EU har andra viktigare saker att g\u00f6ra \u00e4n att straffa vinkonsumenter som vill ta ett gott glas vin till maten. Det \u00e4r ju en del av Medelhavskosten som kardiologer rekommenderar.<\/p>\n<p>Striden om m\u00e4nsklighetens \u00e4ldsta m\u00e5ltidsdryck har p\u00e5g\u00e5tt i m\u00e5nga \u00e5r och l\u00e4r forts\u00e4tta. Vetenskapliga studier anv\u00e4nds fr\u00e5n b\u00e5da h\u00e5ll. Rapporten fr\u00e5n BECA-kommitt\u00e9n \u00e4r baserad p\u00e5 en studie publicerad 2018 i tidskriften The Lancet och antagen av WHO. Den s\u00e4ger att det inte finns n\u00e5gon s\u00e4ker niv\u00e5 p\u00e5 alkoholkonsumtion.<br \/>\nSpanska vinf\u00f6rbundet mots\u00e4tter sig studien i The Lancet och till\u00e4gger att cancer \u00e4r en multifaktoriell sjukdom d\u00e4r \u00e4ven livsstil och \u00f6vrig konsumtion \u00e4r avg\u00f6rande.<\/p>\n<p>2014 kom studien fr\u00e5n Association Cancer Research som redogjorde f\u00f6r de mest troliga orsakerna till cancer: Tobak, fetma, undersjukdomar, genetiska faktorer och stillasittande liv.<\/p>\n<p>Men EU:s m\u00e5l st\u00e5r fast enligt kommissionens ordf\u00f6rande inom offentlig h\u00e4lsov\u00e5rd, John F. Ryan. Alkoholkonsumtionen ska minskas med tio procent till 2025. Rakt \u00f6ver, oavsett alkohol.<\/p>\n<p>I februari 2022 kommer Europaparlamentet att r\u00f6sta om BECA-kommitt\u00e9ns rapport som resolution. Spanjorskan Dolors Montserrat som \u00e4r f\u00f6dd i CAVA-distriktet Sant Sadurn\u00ed d&#39;Anoia menar att striden inte \u00e4r f\u00f6rlorad.<\/p>\n<p>Det g\u00e4ller f\u00f6r parlamentsledam\u00f6terna att inse att Spanien, Frankrike och Italien, de stora giganterna i att producera vin \u00e4r l\u00e4nder med en mer ansvarsfull konsumtion. H\u00e4r finns kulturen, intresset, traditionen och ideologin utanf\u00f6r husknuten.<\/p>\n<p>N\u00e5got beslut kommer inte att verkst\u00e4llas p\u00e5 en g\u00e5ng eftersom det g\u00e4ller en resolution. Men fram\u00f6ver kan EU-kommissionen kr\u00e4va att jordbruksprodukter anpassas till den europeiska planen mot cancer och att resolutionen ska f\u00f6ljas.<\/p>\n<p>F\u00f6r oss vinentusiaster kan framtiden betyda \u00f6kade skatter p\u00e5 vin och en varningsetikett p\u00e5 flaskan som s\u00e4ger: Ett glas av detta inneh\u00e5ll orsakar cancer och i ett l\u00e4ngre perspektiv d\u00f6den.<\/p>\n<p> MER OM VIN:<br \/>\nVin b\u00e4ttre investering \u00e4n aktier<br \/>\nVacker av vin och resveratrol<br \/>\nVin fr\u00e5n Manilva och Mallorca<br \/>\nVin motverkar f\u00f6rkyning<br \/>\nSnyggare och charmigare av vin<br \/>\nR\u00f6dvin f\u00f6rbr\u00e4nner fettceller<br \/>\nVintips: Hj\u00e4lper dig att g\u00e5 ned i vikt<\/p>\n","protected":false},"excerpt":{"rendered":"<p>De spanska vinproducenterna \u00e4r p\u00e5 krigsstigen mot Europaparlamentet. Anledningen \u00e4r att EU vill f\u00f6lja f\u00f6rordningen med tobak att ocks\u00e5 g\u00e4lla alkoholhaltiga drycker. En varningsetikett med budskapet att vin ger cancer och d\u00f6dar. Det finns \u00e4ven f\u00f6rslag till stramare marknadsf\u00f6ring och skatteh\u00f6jning. Av Ola Josefsson P\u00e5 Twitter: @JosefssonOla 2003 gjordes en \u00f6versyn av tobakslagen. Cigarettpaket fick [&hellip;]<\/p>\n","protected":false},"author":8,"featured_media":8232,"comment_status":"open","ping_status":"open","sticky":false,"template":"","format":"standard","meta":{"_et_pb_use_builder":"","_et_pb_old_content":"","_et_gb_content_width":"","footnotes":""},"categories":[4,36],"tags":[],"class_list":["post-8231","post","type-post","status-publish","format-standard","has-post-thumbnail","hentry","category-artiklar","category-spanien-just-nu"],"yoast_head":"<!-- This site is optimized with the Yoast SEO Premium plugin v26.2 (Yoast SEO v28.2) - https:\/\/yoast.com\/product\/yoast-seo-premium-wordpress\/ -->\n<title>Spanien just nu \u2013 vin d\u00f6dar - Svenska Magasinet<\/title>\n<meta name=\"robots\" content=\"noindex, follow, max-snippet:-1, max-image-preview:large, max-video-preview:-1\" \/>\n<meta property=\"og:locale\" content=\"sv_SE\" \/>\n<meta property=\"og:type\" content=\"article\" \/>\n<meta property=\"og:title\" content=\"Spanien just nu \u2013 vin d\u00f6dar\" \/>\n<meta property=\"og:description\" content=\"De spanska vinproducenterna \u00e4r p\u00e5 krigsstigen mot Europaparlamentet. Anledningen \u00e4r att EU vill f\u00f6lja f\u00f6rordningen med tobak att ocks\u00e5 g\u00e4lla alkoholhaltiga drycker. En varningsetikett med budskapet att vin ger cancer och d\u00f6dar. Det finns \u00e4ven f\u00f6rslag till stramare marknadsf\u00f6ring och skatteh\u00f6jning. Av Ola Josefsson P\u00e5 Twitter: @JosefssonOla 2003 gjordes en \u00f6versyn av tobakslagen. Cigarettpaket fick [&hellip;]\" \/>\n<meta property=\"og:url\" content=\"https:\/\/lightweb.dev\/l\/svm-temp\/artiklar\/spanien-just-nu-vin-dodar\/\" \/>\n<meta property=\"og:site_name\" content=\"Svenska Magasinet\" \/>\n<meta property=\"article:publisher\" content=\"https:\/\/www.facebook.com\/svenskamagasinet\" \/>\n<meta property=\"article:published_time\" content=\"2022-02-10T23:00:00+00:00\" \/>\n<meta property=\"og:image\" content=\"https:\/\/lightweb.dev\/l\/svm-temp\/wp-content\/uploads\/2022\/04\/spanien-just-nu-vin-ddar.png\" \/>\n\t<meta property=\"og:image:width\" content=\"800\" \/>\n\t<meta property=\"og:image:height\" content=\"286\" \/>\n\t<meta property=\"og:image:type\" content=\"image\/png\" \/>\n<meta name=\"author\" content=\"Redaktionen SvM\" \/>\n<meta name=\"twitter:card\" content=\"summary_large_image\" \/>\n<meta name=\"twitter:creator\" content=\"@SvenskaMagasine\" \/>\n<meta name=\"twitter:site\" content=\"@SvenskaMagasine\" \/>\n<script type=\"application\/ld+json\" class=\"yoast-schema-graph\">{\"@context\":\"https:\\\/\\\/schema.org\",\"@graph\":[{\"@type\":\"Article\",\"@id\":\"https:\\\/\\\/lightweb.dev\\\/l\\\/svm-temp\\\/artiklar\\\/spanien-just-nu-vin-dodar\\\/#article\",\"isPartOf\":{\"@id\":\"https:\\\/\\\/lightweb.dev\\\/l\\\/svm-temp\\\/artiklar\\\/spanien-just-nu-vin-dodar\\\/\"},\"author\":{\"name\":\"Redaktionen SvM\",\"@id\":\"https:\\\/\\\/lightweb.dev\\\/l\\\/svm-temp\\\/#\\\/schema\\\/person\\\/206a3bda5b607b0c25e1749191e4d837\"},\"headline\":\"Spanien just nu \u2013 vin d\u00f6dar\",\"datePublished\":\"2022-02-10T23:00:00+00:00\",\"mainEntityOfPage\":{\"@id\":\"https:\\\/\\\/lightweb.dev\\\/l\\\/svm-temp\\\/artiklar\\\/spanien-just-nu-vin-dodar\\\/\"},\"wordCount\":983,\"commentCount\":0,\"publisher\":{\"@id\":\"https:\\\/\\\/lightweb.dev\\\/l\\\/svm-temp\\\/#organization\"},\"image\":{\"@id\":\"https:\\\/\\\/lightweb.dev\\\/l\\\/svm-temp\\\/artiklar\\\/spanien-just-nu-vin-dodar\\\/#primaryimage\"},\"thumbnailUrl\":\"https:\\\/\\\/lightweb.dev\\\/l\\\/svm-temp\\\/wp-content\\\/uploads\\\/2022\\\/04\\\/spanien-just-nu-vin-ddar.png\",\"articleSection\":[\"Artiklar\",\"Spanien just nu\"],\"inLanguage\":\"sv-SE\"},{\"@type\":\"WebPage\",\"@id\":\"https:\\\/\\\/lightweb.dev\\\/l\\\/svm-temp\\\/artiklar\\\/spanien-just-nu-vin-dodar\\\/\",\"url\":\"https:\\\/\\\/lightweb.dev\\\/l\\\/svm-temp\\\/artiklar\\\/spanien-just-nu-vin-dodar\\\/\",\"name\":\"Spanien just nu \u2013 vin d\u00f6dar - Svenska Magasinet\",\"isPartOf\":{\"@id\":\"https:\\\/\\\/lightweb.dev\\\/l\\\/svm-temp\\\/#website\"},\"primaryImageOfPage\":{\"@id\":\"https:\\\/\\\/lightweb.dev\\\/l\\\/svm-temp\\\/artiklar\\\/spanien-just-nu-vin-dodar\\\/#primaryimage\"},\"image\":{\"@id\":\"https:\\\/\\\/lightweb.dev\\\/l\\\/svm-temp\\\/artiklar\\\/spanien-just-nu-vin-dodar\\\/#primaryimage\"},\"thumbnailUrl\":\"https:\\\/\\\/lightweb.dev\\\/l\\\/svm-temp\\\/wp-content\\\/uploads\\\/2022\\\/04\\\/spanien-just-nu-vin-ddar.png\",\"datePublished\":\"2022-02-10T23:00:00+00:00\",\"breadcrumb\":{\"@id\":\"https:\\\/\\\/lightweb.dev\\\/l\\\/svm-temp\\\/artiklar\\\/spanien-just-nu-vin-dodar\\\/#breadcrumb\"},\"inLanguage\":\"sv-SE\",\"potentialAction\":[{\"@type\":\"ReadAction\",\"target\":[\"https:\\\/\\\/lightweb.dev\\\/l\\\/svm-temp\\\/artiklar\\\/spanien-just-nu-vin-dodar\\\/\"]}]},{\"@type\":\"ImageObject\",\"inLanguage\":\"sv-SE\",\"@id\":\"https:\\\/\\\/lightweb.dev\\\/l\\\/svm-temp\\\/artiklar\\\/spanien-just-nu-vin-dodar\\\/#primaryimage\",\"url\":\"https:\\\/\\\/lightweb.dev\\\/l\\\/svm-temp\\\/wp-content\\\/uploads\\\/2022\\\/04\\\/spanien-just-nu-vin-ddar.png\",\"contentUrl\":\"https:\\\/\\\/lightweb.dev\\\/l\\\/svm-temp\\\/wp-content\\\/uploads\\\/2022\\\/04\\\/spanien-just-nu-vin-ddar.png\",\"width\":800,\"height\":286},{\"@type\":\"BreadcrumbList\",\"@id\":\"https:\\\/\\\/lightweb.dev\\\/l\\\/svm-temp\\\/artiklar\\\/spanien-just-nu-vin-dodar\\\/#breadcrumb\",\"itemListElement\":[{\"@type\":\"ListItem\",\"position\":1,\"name\":\"Hem\",\"item\":\"https:\\\/\\\/lightweb.dev\\\/l\\\/svm-temp\\\/\"},{\"@type\":\"ListItem\",\"position\":2,\"name\":\"Spanien just nu \u2013 vin d\u00f6dar\"}]},{\"@type\":\"WebSite\",\"@id\":\"https:\\\/\\\/lightweb.dev\\\/l\\\/svm-temp\\\/#website\",\"url\":\"https:\\\/\\\/lightweb.dev\\\/l\\\/svm-temp\\\/\",\"name\":\"Svenska Magasinet\",\"description\":\"Dina Spanska nyheter p&aring; Svenska\",\"publisher\":{\"@id\":\"https:\\\/\\\/lightweb.dev\\\/l\\\/svm-temp\\\/#organization\"},\"potentialAction\":[{\"@type\":\"SearchAction\",\"target\":{\"@type\":\"EntryPoint\",\"urlTemplate\":\"https:\\\/\\\/lightweb.dev\\\/l\\\/svm-temp\\\/?s={search_term_string}\"},\"query-input\":{\"@type\":\"PropertyValueSpecification\",\"valueRequired\":true,\"valueName\":\"search_term_string\"}}],\"inLanguage\":\"sv-SE\"},{\"@type\":\"Organization\",\"@id\":\"https:\\\/\\\/lightweb.dev\\\/l\\\/svm-temp\\\/#organization\",\"name\":\"Melkerson y Nott SL\",\"alternateName\":\"Svenska Magasinet\",\"url\":\"https:\\\/\\\/lightweb.dev\\\/l\\\/svm-temp\\\/\",\"logo\":{\"@type\":\"ImageObject\",\"inLanguage\":\"sv-SE\",\"@id\":\"https:\\\/\\\/lightweb.dev\\\/l\\\/svm-temp\\\/#\\\/schema\\\/logo\\\/image\\\/\",\"url\":\"https:\\\/\\\/lightweb.dev\\\/l\\\/svm-temp\\\/wp-content\\\/uploads\\\/2025\\\/02\\\/SvM-logo-Xtra-Centrerad-SVART.png\",\"contentUrl\":\"https:\\\/\\\/lightweb.dev\\\/l\\\/svm-temp\\\/wp-content\\\/uploads\\\/2025\\\/02\\\/SvM-logo-Xtra-Centrerad-SVART.png\",\"width\":300,\"height\":99,\"caption\":\"Melkerson y Nott SL\"},\"image\":{\"@id\":\"https:\\\/\\\/lightweb.dev\\\/l\\\/svm-temp\\\/#\\\/schema\\\/logo\\\/image\\\/\"},\"sameAs\":[\"https:\\\/\\\/www.facebook.com\\\/svenskamagasinet\",\"https:\\\/\\\/x.com\\\/SvenskaMagasine\"]},{\"@type\":\"Person\",\"@id\":\"https:\\\/\\\/lightweb.dev\\\/l\\\/svm-temp\\\/#\\\/schema\\\/person\\\/206a3bda5b607b0c25e1749191e4d837\",\"name\":\"Redaktionen SvM\",\"description\":\"Redaktionen\",\"sameAs\":[\"https:\\\/\\\/lightweb.dev\\\/l\\\/svm-temp\"],\"url\":\"https:\\\/\\\/lightweb.dev\\\/l\\\/svm-temp\\\/reporter\\\/redaktionen\\\/\"}]}<\/script>\n<!-- \/ Yoast SEO Premium plugin. -->","yoast_head_json":{"title":"Spanien just nu \u2013 vin d\u00f6dar - Svenska Magasinet","robots":{"index":"noindex","follow":"follow","max-snippet":"max-snippet:-1","max-image-preview":"max-image-preview:large","max-video-preview":"max-video-preview:-1"},"og_locale":"sv_SE","og_type":"article","og_title":"Spanien just nu \u2013 vin d\u00f6dar","og_description":"De spanska vinproducenterna \u00e4r p\u00e5 krigsstigen mot Europaparlamentet. Anledningen \u00e4r att EU vill f\u00f6lja f\u00f6rordningen med tobak att ocks\u00e5 g\u00e4lla alkoholhaltiga drycker. En varningsetikett med budskapet att vin ger cancer och d\u00f6dar. Det finns \u00e4ven f\u00f6rslag till stramare marknadsf\u00f6ring och skatteh\u00f6jning. Av Ola Josefsson P\u00e5 Twitter: @JosefssonOla 2003 gjordes en \u00f6versyn av tobakslagen. Cigarettpaket fick [&hellip;]","og_url":"https:\/\/lightweb.dev\/l\/svm-temp\/artiklar\/spanien-just-nu-vin-dodar\/","og_site_name":"Svenska Magasinet","article_publisher":"https:\/\/www.facebook.com\/svenskamagasinet","article_published_time":"2022-02-10T23:00:00+00:00","og_image":[{"width":800,"height":286,"url":"https:\/\/lightweb.dev\/l\/svm-temp\/wp-content\/uploads\/2022\/04\/spanien-just-nu-vin-ddar.png","type":"image\/png"}],"author":"Redaktionen SvM","twitter_card":"summary_large_image","twitter_creator":"@SvenskaMagasine","twitter_site":"@SvenskaMagasine","schema":{"@context":"https:\/\/schema.org","@graph":[{"@type":"Article","@id":"https:\/\/lightweb.dev\/l\/svm-temp\/artiklar\/spanien-just-nu-vin-dodar\/#article","isPartOf":{"@id":"https:\/\/lightweb.dev\/l\/svm-temp\/artiklar\/spanien-just-nu-vin-dodar\/"},"author":{"name":"Redaktionen SvM","@id":"https:\/\/lightweb.dev\/l\/svm-temp\/#\/schema\/person\/206a3bda5b607b0c25e1749191e4d837"},"headline":"Spanien just nu \u2013 vin d\u00f6dar","datePublished":"2022-02-10T23:00:00+00:00","mainEntityOfPage":{"@id":"https:\/\/lightweb.dev\/l\/svm-temp\/artiklar\/spanien-just-nu-vin-dodar\/"},"wordCount":983,"commentCount":0,"publisher":{"@id":"https:\/\/lightweb.dev\/l\/svm-temp\/#organization"},"image":{"@id":"https:\/\/lightweb.dev\/l\/svm-temp\/artiklar\/spanien-just-nu-vin-dodar\/#primaryimage"},"thumbnailUrl":"https:\/\/lightweb.dev\/l\/svm-temp\/wp-content\/uploads\/2022\/04\/spanien-just-nu-vin-ddar.png","articleSection":["Artiklar","Spanien just nu"],"inLanguage":"sv-SE"},{"@type":"WebPage","@id":"https:\/\/lightweb.dev\/l\/svm-temp\/artiklar\/spanien-just-nu-vin-dodar\/","url":"https:\/\/lightweb.dev\/l\/svm-temp\/artiklar\/spanien-just-nu-vin-dodar\/","name":"Spanien just nu \u2013 vin d\u00f6dar - Svenska Magasinet","isPartOf":{"@id":"https:\/\/lightweb.dev\/l\/svm-temp\/#website"},"primaryImageOfPage":{"@id":"https:\/\/lightweb.dev\/l\/svm-temp\/artiklar\/spanien-just-nu-vin-dodar\/#primaryimage"},"image":{"@id":"https:\/\/lightweb.dev\/l\/svm-temp\/artiklar\/spanien-just-nu-vin-dodar\/#primaryimage"},"thumbnailUrl":"https:\/\/lightweb.dev\/l\/svm-temp\/wp-content\/uploads\/2022\/04\/spanien-just-nu-vin-ddar.png","datePublished":"2022-02-10T23:00:00+00:00","breadcrumb":{"@id":"https:\/\/lightweb.dev\/l\/svm-temp\/artiklar\/spanien-just-nu-vin-dodar\/#breadcrumb"},"inLanguage":"sv-SE","potentialAction":[{"@type":"ReadAction","target":["https:\/\/lightweb.dev\/l\/svm-temp\/artiklar\/spanien-just-nu-vin-dodar\/"]}]},{"@type":"ImageObject","inLanguage":"sv-SE","@id":"https:\/\/lightweb.dev\/l\/svm-temp\/artiklar\/spanien-just-nu-vin-dodar\/#primaryimage","url":"https:\/\/lightweb.dev\/l\/svm-temp\/wp-content\/uploads\/2022\/04\/spanien-just-nu-vin-ddar.png","contentUrl":"https:\/\/lightweb.dev\/l\/svm-temp\/wp-content\/uploads\/2022\/04\/spanien-just-nu-vin-ddar.png","width":800,"height":286},{"@type":"BreadcrumbList","@id":"https:\/\/lightweb.dev\/l\/svm-temp\/artiklar\/spanien-just-nu-vin-dodar\/#breadcrumb","itemListElement":[{"@type":"ListItem","position":1,"name":"Hem","item":"https:\/\/lightweb.dev\/l\/svm-temp\/"},{"@type":"ListItem","position":2,"name":"Spanien just nu \u2013 vin d\u00f6dar"}]},{"@type":"WebSite","@id":"https:\/\/lightweb.dev\/l\/svm-temp\/#website","url":"https:\/\/lightweb.dev\/l\/svm-temp\/","name":"Svenska Magasinet","description":"Dina Spanska nyheter p&aring; Svenska","publisher":{"@id":"https:\/\/lightweb.dev\/l\/svm-temp\/#organization"},"potentialAction":[{"@type":"SearchAction","target":{"@type":"EntryPoint","urlTemplate":"https:\/\/lightweb.dev\/l\/svm-temp\/?s={search_term_string}"},"query-input":{"@type":"PropertyValueSpecification","valueRequired":true,"valueName":"search_term_string"}}],"inLanguage":"sv-SE"},{"@type":"Organization","@id":"https:\/\/lightweb.dev\/l\/svm-temp\/#organization","name":"Melkerson y Nott SL","alternateName":"Svenska Magasinet","url":"https:\/\/lightweb.dev\/l\/svm-temp\/","logo":{"@type":"ImageObject","inLanguage":"sv-SE","@id":"https:\/\/lightweb.dev\/l\/svm-temp\/#\/schema\/logo\/image\/","url":"https:\/\/lightweb.dev\/l\/svm-temp\/wp-content\/uploads\/2025\/02\/SvM-logo-Xtra-Centrerad-SVART.png","contentUrl":"https:\/\/lightweb.dev\/l\/svm-temp\/wp-content\/uploads\/2025\/02\/SvM-logo-Xtra-Centrerad-SVART.png","width":300,"height":99,"caption":"Melkerson y Nott SL"},"image":{"@id":"https:\/\/lightweb.dev\/l\/svm-temp\/#\/schema\/logo\/image\/"},"sameAs":["https:\/\/www.facebook.com\/svenskamagasinet","https:\/\/x.com\/SvenskaMagasine"]},{"@type":"Person","@id":"https:\/\/lightweb.dev\/l\/svm-temp\/#\/schema\/person\/206a3bda5b607b0c25e1749191e4d837","name":"Redaktionen SvM","description":"Redaktionen","sameAs":["https:\/\/lightweb.dev\/l\/svm-temp"],"url":"https:\/\/lightweb.dev\/l\/svm-temp\/reporter\/redaktionen\/"}]}},"_links":{"self":[{"href":"https:\/\/lightweb.dev\/l\/svm-temp\/wp-json\/wp\/v2\/posts\/8231","targetHints":{"allow":["GET"]}}],"collection":[{"href":"https:\/\/lightweb.dev\/l\/svm-temp\/wp-json\/wp\/v2\/posts"}],"about":[{"href":"https:\/\/lightweb.dev\/l\/svm-temp\/wp-json\/wp\/v2\/types\/post"}],"author":[{"embeddable":true,"href":"https:\/\/lightweb.dev\/l\/svm-temp\/wp-json\/wp\/v2\/users\/8"}],"replies":[{"embeddable":true,"href":"https:\/\/lightweb.dev\/l\/svm-temp\/wp-json\/wp\/v2\/comments?post=8231"}],"version-history":[{"count":0,"href":"https:\/\/lightweb.dev\/l\/svm-temp\/wp-json\/wp\/v2\/posts\/8231\/revisions"}],"wp:featuredmedia":[{"embeddable":true,"href":"https:\/\/lightweb.dev\/l\/svm-temp\/wp-json\/wp\/v2\/media\/8232"}],"wp:attachment":[{"href":"https:\/\/lightweb.dev\/l\/svm-temp\/wp-json\/wp\/v2\/media?parent=8231"}],"wp:term":[{"taxonomy":"category","embeddable":true,"href":"https:\/\/lightweb.dev\/l\/svm-temp\/wp-json\/wp\/v2\/categories?post=8231"},{"taxonomy":"post_tag","embeddable":true,"href":"https:\/\/lightweb.dev\/l\/svm-temp\/wp-json\/wp\/v2\/tags?post=8231"}],"curies":[{"name":"wp","href":"https:\/\/api.w.org\/{rel}","templated":true}]}}