{"id":82558,"date":"2025-06-10T16:47:34","date_gmt":"2025-06-10T14:47:34","guid":{"rendered":"https:\/\/lightweb.dev\/l\/svm-temp\/?p=82558"},"modified":"2025-06-10T16:47:34","modified_gmt":"2025-06-10T14:47:34","slug":"strangare-rokforbud-narmar-sig","status":"publish","type":"post","link":"https:\/\/lightweb.dev\/l\/svm-temp\/nyheter\/strangare-rokforbud-narmar-sig\/","title":{"rendered":"Str\u00e4ngare r\u00f6kf\u00f6rbud n\u00e4rmar sig\u00a0"},"content":{"rendered":"<p class=\"ai-optimize-7 ai-optimize-introduction\"><strong>Som en del i en bred nationell strategi f\u00f6r att minska r\u00f6kningen har nya f\u00f6rslag p\u00e5 f\u00f6rbud skickats till EU f\u00f6r utv\u00e4rdering.\u00a0<\/strong><\/p>\n<p class=\"ai-optimize-8\"><span style=\"font-weight: 400;\">Spaniens h\u00e4lsominister, <\/span><span style=\"font-weight: 400;\">M\u00f3nica Garc\u00eda, har nyligen f\u00f6rsvarat sin nya lag mot r\u00f6kning. Regeringen h\u00e5ller just nu p\u00e5 att inf\u00f6ra nya regler som skulle inneb\u00e4ra fler r\u00f6kfria zoner. Garc\u00eda kallar det ett exempel p\u00e5 &#8221;politik som g\u00e5r i takt med samh\u00e4llet\u201d och \u201cm\u00f6ter allm\u00e4nhetens efterfr\u00e5gan\u201d.\u00a0<\/span><\/p>\n<p class=\"ai-optimize-9\"><span style=\"font-weight: 400;\">Den nya lagen kommer att f\u00f6rbjuda r\u00f6kning i tj\u00e4nstefordon och skolor och universitet, \u00e4ven i delar som ligger utomhus. \u00c4ven idrottsfaciliteter, offentliga pooler, bussh\u00e5llplatser och rekreationsutrymmen &#8211; som uteserveringar och open-airnattklubbar, kommer att ing\u00e5 i det nya f\u00f6rbudet.\u00a0\u00a0<\/span><\/p>\n<p class=\"ai-optimize-10\"><span style=\"font-weight: 400;\">\u201cBefolkningen l\u00e4rde sig mellan 2007 och 2010 att r\u00f6kfria zoner inte skapar en katastrof, l\u00e5ngt ifr\u00e5n. Tv\u00e4rtemot f\u00f6rb\u00e4ttrar de folkh\u00e4lsan,\u201d menar Garc\u00eda som ocks\u00e5 h\u00e4vdar att m\u00e5nga r\u00f6kare f\u00f6respr\u00e5kar fler r\u00f6kfria utrymmen.\u00a0<\/span><\/p>\n<p class=\"ai-optimize-11\"><span style=\"font-weight: 400;\">Enligt ministern handlar det om att identifiera platser d\u00e4r det finns mycket m\u00e4nniskor och d\u00e4r personer ofrivilligt uts\u00e4tts f\u00f6r tobaksr\u00f6k.\u00a0<\/span><\/p>\n<p class=\"ai-optimize-12\"><span style=\"font-weight: 400;\">Den nya lagtexten har skickats till EU som ska utv\u00e4rdera och kommentera skrivelsen, n\u00e5got de v\u00e4ntas vara klara med i slutet av juli. Denna reform ing\u00e5r i ett bredare nationellt arbete f\u00f6r att minska r\u00f6kandet i det spanska samh\u00e4llet. Andra \u00e5tg\u00e4rder \u00e4r att investera pengar i sjukv\u00e5rden specifikt f\u00f6r behandlingar som ska hj\u00e4lpa r\u00f6kare att sluta, reglering av vapes och e-cigaretter samt \u00f6kade skatter p\u00e5 tobaksprodukter.<\/span><\/p>\n<p class=\"ai-optimize-13\"><span style=\"font-weight: 400;\">Det nya f\u00f6rbudet kommer \u00e4ven att g\u00e4lla f\u00f6r e-cigaretter och produkter som v\u00e4rmer upp tobaken utan att t\u00e4nda den.\u00a0\u00a0\u00a0<\/span><\/p>\n","protected":false},"excerpt":{"rendered":"<p>Som en del i en bred nationell strategi f\u00f6r att minska r\u00f6kningen har nya f\u00f6rslag p\u00e5 f\u00f6rbud skickats till EU f\u00f6r utv\u00e4rdering.\u00a0<\/p>\n","protected":false},"author":14,"featured_media":82554,"comment_status":"closed","ping_status":"closed","sticky":false,"template":"","format":"standard","meta":{"_et_pb_use_builder":"","_et_pb_old_content":"","_et_gb_content_width":"","footnotes":""},"categories":[395,3],"tags":[],"class_list":["post-82558","post","type-post","status-publish","format-standard","has-post-thumbnail","hentry","category-arkiv-nyheter","category-nyheter"],"yoast_head":"<!-- This site is optimized with the Yoast SEO Premium plugin v26.2 (Yoast SEO v28.2) - https:\/\/yoast.com\/product\/yoast-seo-premium-wordpress\/ -->\n<title>Str\u00e4ngare r\u00f6kf\u00f6rbud n\u00e4rmar sig\u00a0 - Svenska Magasinet<\/title>\n<meta name=\"robots\" content=\"noindex, follow, max-snippet:-1, max-image-preview:large, max-video-preview:-1\" \/>\n<meta property=\"og:locale\" content=\"sv_SE\" \/>\n<meta property=\"og:type\" content=\"article\" \/>\n<meta property=\"og:title\" content=\"Str\u00e4ngare r\u00f6kf\u00f6rbud n\u00e4rmar sig\u00a0\" \/>\n<meta property=\"og:description\" content=\"Som en del i en bred nationell strategi f\u00f6r att minska r\u00f6kningen har nya f\u00f6rslag p\u00e5 f\u00f6rbud skickats till EU f\u00f6r utv\u00e4rdering.\u00a0\" \/>\n<meta property=\"og:url\" content=\"https:\/\/lightweb.dev\/l\/svm-temp\/nyheter\/strangare-rokforbud-narmar-sig\/\" \/>\n<meta property=\"og:site_name\" content=\"Svenska Magasinet\" \/>\n<meta property=\"article:publisher\" content=\"https:\/\/www.facebook.com\/svenskamagasinet\" \/>\n<meta property=\"article:published_time\" content=\"2025-06-10T14:47:34+00:00\" \/>\n<meta property=\"og:image\" content=\"https:\/\/lightweb.dev\/l\/svm-temp\/wp-content\/uploads\/2025\/06\/svm20250610143033.webp\" \/>\n\t<meta property=\"og:image:width\" content=\"900\" \/>\n\t<meta property=\"og:image:height\" content=\"400\" \/>\n\t<meta property=\"og:image:type\" content=\"image\/webp\" \/>\n<meta name=\"author\" content=\"Robbie Eriksson\" \/>\n<meta name=\"twitter:card\" content=\"summary_large_image\" \/>\n<meta name=\"twitter:creator\" content=\"@SvenskaMagasine\" \/>\n<meta name=\"twitter:site\" content=\"@SvenskaMagasine\" \/>\n<script type=\"application\/ld+json\" class=\"yoast-schema-graph\">{\"@context\":\"https:\\\/\\\/schema.org\",\"@graph\":[{\"@type\":\"Article\",\"@id\":\"https:\\\/\\\/lightweb.dev\\\/l\\\/svm-temp\\\/nyheter\\\/strangare-rokforbud-narmar-sig\\\/#article\",\"isPartOf\":{\"@id\":\"https:\\\/\\\/lightweb.dev\\\/l\\\/svm-temp\\\/nyheter\\\/strangare-rokforbud-narmar-sig\\\/\"},\"author\":{\"name\":\"Robbie Eriksson\",\"@id\":\"https:\\\/\\\/lightweb.dev\\\/l\\\/svm-temp\\\/#\\\/schema\\\/person\\\/caffe038990d25722f5a04a03c906a2b\"},\"headline\":\"Str\u00e4ngare r\u00f6kf\u00f6rbud n\u00e4rmar sig\u00a0\",\"datePublished\":\"2025-06-10T14:47:34+00:00\",\"mainEntityOfPage\":{\"@id\":\"https:\\\/\\\/lightweb.dev\\\/l\\\/svm-temp\\\/nyheter\\\/strangare-rokforbud-narmar-sig\\\/\"},\"wordCount\":311,\"publisher\":{\"@id\":\"https:\\\/\\\/lightweb.dev\\\/l\\\/svm-temp\\\/#organization\"},\"image\":{\"@id\":\"https:\\\/\\\/lightweb.dev\\\/l\\\/svm-temp\\\/nyheter\\\/strangare-rokforbud-narmar-sig\\\/#primaryimage\"},\"thumbnailUrl\":\"https:\\\/\\\/lightweb.dev\\\/l\\\/svm-temp\\\/wp-content\\\/uploads\\\/2025\\\/06\\\/svm20250610143033.webp\",\"articleSection\":[\"Arkiv\",\"Nyheter\"],\"inLanguage\":\"sv-SE\"},{\"@type\":\"WebPage\",\"@id\":\"https:\\\/\\\/lightweb.dev\\\/l\\\/svm-temp\\\/nyheter\\\/strangare-rokforbud-narmar-sig\\\/\",\"url\":\"https:\\\/\\\/lightweb.dev\\\/l\\\/svm-temp\\\/nyheter\\\/strangare-rokforbud-narmar-sig\\\/\",\"name\":\"Str\u00e4ngare r\u00f6kf\u00f6rbud n\u00e4rmar sig\u00a0 - Svenska Magasinet\",\"isPartOf\":{\"@id\":\"https:\\\/\\\/lightweb.dev\\\/l\\\/svm-temp\\\/#website\"},\"primaryImageOfPage\":{\"@id\":\"https:\\\/\\\/lightweb.dev\\\/l\\\/svm-temp\\\/nyheter\\\/strangare-rokforbud-narmar-sig\\\/#primaryimage\"},\"image\":{\"@id\":\"https:\\\/\\\/lightweb.dev\\\/l\\\/svm-temp\\\/nyheter\\\/strangare-rokforbud-narmar-sig\\\/#primaryimage\"},\"thumbnailUrl\":\"https:\\\/\\\/lightweb.dev\\\/l\\\/svm-temp\\\/wp-content\\\/uploads\\\/2025\\\/06\\\/svm20250610143033.webp\",\"datePublished\":\"2025-06-10T14:47:34+00:00\",\"breadcrumb\":{\"@id\":\"https:\\\/\\\/lightweb.dev\\\/l\\\/svm-temp\\\/nyheter\\\/strangare-rokforbud-narmar-sig\\\/#breadcrumb\"},\"inLanguage\":\"sv-SE\",\"potentialAction\":[{\"@type\":\"ReadAction\",\"target\":[\"https:\\\/\\\/lightweb.dev\\\/l\\\/svm-temp\\\/nyheter\\\/strangare-rokforbud-narmar-sig\\\/\"]}]},{\"@type\":\"ImageObject\",\"inLanguage\":\"sv-SE\",\"@id\":\"https:\\\/\\\/lightweb.dev\\\/l\\\/svm-temp\\\/nyheter\\\/strangare-rokforbud-narmar-sig\\\/#primaryimage\",\"url\":\"https:\\\/\\\/lightweb.dev\\\/l\\\/svm-temp\\\/wp-content\\\/uploads\\\/2025\\\/06\\\/svm20250610143033.webp\",\"contentUrl\":\"https:\\\/\\\/lightweb.dev\\\/l\\\/svm-temp\\\/wp-content\\\/uploads\\\/2025\\\/06\\\/svm20250610143033.webp\",\"width\":900,\"height\":400,\"caption\":\"H\u00e4lsominister M\u00f3nica Garc\u00eda. (Bild: Europa Press)\"},{\"@type\":\"BreadcrumbList\",\"@id\":\"https:\\\/\\\/lightweb.dev\\\/l\\\/svm-temp\\\/nyheter\\\/strangare-rokforbud-narmar-sig\\\/#breadcrumb\",\"itemListElement\":[{\"@type\":\"ListItem\",\"position\":1,\"name\":\"Hem\",\"item\":\"https:\\\/\\\/lightweb.dev\\\/l\\\/svm-temp\\\/\"},{\"@type\":\"ListItem\",\"position\":2,\"name\":\"Str\u00e4ngare r\u00f6kf\u00f6rbud n\u00e4rmar sig\u00a0\"}]},{\"@type\":\"WebSite\",\"@id\":\"https:\\\/\\\/lightweb.dev\\\/l\\\/svm-temp\\\/#website\",\"url\":\"https:\\\/\\\/lightweb.dev\\\/l\\\/svm-temp\\\/\",\"name\":\"Svenska Magasinet\",\"description\":\"Dina Spanska nyheter p&aring; Svenska\",\"publisher\":{\"@id\":\"https:\\\/\\\/lightweb.dev\\\/l\\\/svm-temp\\\/#organization\"},\"potentialAction\":[{\"@type\":\"SearchAction\",\"target\":{\"@type\":\"EntryPoint\",\"urlTemplate\":\"https:\\\/\\\/lightweb.dev\\\/l\\\/svm-temp\\\/?s={search_term_string}\"},\"query-input\":{\"@type\":\"PropertyValueSpecification\",\"valueRequired\":true,\"valueName\":\"search_term_string\"}}],\"inLanguage\":\"sv-SE\"},{\"@type\":\"Organization\",\"@id\":\"https:\\\/\\\/lightweb.dev\\\/l\\\/svm-temp\\\/#organization\",\"name\":\"Melkerson y Nott SL\",\"alternateName\":\"Svenska Magasinet\",\"url\":\"https:\\\/\\\/lightweb.dev\\\/l\\\/svm-temp\\\/\",\"logo\":{\"@type\":\"ImageObject\",\"inLanguage\":\"sv-SE\",\"@id\":\"https:\\\/\\\/lightweb.dev\\\/l\\\/svm-temp\\\/#\\\/schema\\\/logo\\\/image\\\/\",\"url\":\"https:\\\/\\\/lightweb.dev\\\/l\\\/svm-temp\\\/wp-content\\\/uploads\\\/2025\\\/02\\\/SvM-logo-Xtra-Centrerad-SVART.png\",\"contentUrl\":\"https:\\\/\\\/lightweb.dev\\\/l\\\/svm-temp\\\/wp-content\\\/uploads\\\/2025\\\/02\\\/SvM-logo-Xtra-Centrerad-SVART.png\",\"width\":300,\"height\":99,\"caption\":\"Melkerson y Nott SL\"},\"image\":{\"@id\":\"https:\\\/\\\/lightweb.dev\\\/l\\\/svm-temp\\\/#\\\/schema\\\/logo\\\/image\\\/\"},\"sameAs\":[\"https:\\\/\\\/www.facebook.com\\\/svenskamagasinet\",\"https:\\\/\\\/x.com\\\/SvenskaMagasine\"]},{\"@type\":\"Person\",\"@id\":\"https:\\\/\\\/lightweb.dev\\\/l\\\/svm-temp\\\/#\\\/schema\\\/person\\\/caffe038990d25722f5a04a03c906a2b\",\"name\":\"Robbie Eriksson\",\"sameAs\":[\"https:\\\/\\\/lightweb.dev\\\/l\\\/svm-temp\"],\"url\":\"https:\\\/\\\/lightweb.dev\\\/l\\\/svm-temp\\\/reporter\\\/robbie-eriksson\\\/\"}]}<\/script>\n<!-- \/ Yoast SEO Premium plugin. -->","yoast_head_json":{"title":"Str\u00e4ngare r\u00f6kf\u00f6rbud n\u00e4rmar sig\u00a0 - Svenska Magasinet","robots":{"index":"noindex","follow":"follow","max-snippet":"max-snippet:-1","max-image-preview":"max-image-preview:large","max-video-preview":"max-video-preview:-1"},"og_locale":"sv_SE","og_type":"article","og_title":"Str\u00e4ngare r\u00f6kf\u00f6rbud n\u00e4rmar sig\u00a0","og_description":"Som en del i en bred nationell strategi f\u00f6r att minska r\u00f6kningen har nya f\u00f6rslag p\u00e5 f\u00f6rbud skickats till EU f\u00f6r utv\u00e4rdering.\u00a0","og_url":"https:\/\/lightweb.dev\/l\/svm-temp\/nyheter\/strangare-rokforbud-narmar-sig\/","og_site_name":"Svenska Magasinet","article_publisher":"https:\/\/www.facebook.com\/svenskamagasinet","article_published_time":"2025-06-10T14:47:34+00:00","og_image":[{"width":900,"height":400,"url":"https:\/\/lightweb.dev\/l\/svm-temp\/wp-content\/uploads\/2025\/06\/svm20250610143033.webp","type":"image\/webp"}],"author":"Robbie Eriksson","twitter_card":"summary_large_image","twitter_creator":"@SvenskaMagasine","twitter_site":"@SvenskaMagasine","schema":{"@context":"https:\/\/schema.org","@graph":[{"@type":"Article","@id":"https:\/\/lightweb.dev\/l\/svm-temp\/nyheter\/strangare-rokforbud-narmar-sig\/#article","isPartOf":{"@id":"https:\/\/lightweb.dev\/l\/svm-temp\/nyheter\/strangare-rokforbud-narmar-sig\/"},"author":{"name":"Robbie Eriksson","@id":"https:\/\/lightweb.dev\/l\/svm-temp\/#\/schema\/person\/caffe038990d25722f5a04a03c906a2b"},"headline":"Str\u00e4ngare r\u00f6kf\u00f6rbud n\u00e4rmar sig\u00a0","datePublished":"2025-06-10T14:47:34+00:00","mainEntityOfPage":{"@id":"https:\/\/lightweb.dev\/l\/svm-temp\/nyheter\/strangare-rokforbud-narmar-sig\/"},"wordCount":311,"publisher":{"@id":"https:\/\/lightweb.dev\/l\/svm-temp\/#organization"},"image":{"@id":"https:\/\/lightweb.dev\/l\/svm-temp\/nyheter\/strangare-rokforbud-narmar-sig\/#primaryimage"},"thumbnailUrl":"https:\/\/lightweb.dev\/l\/svm-temp\/wp-content\/uploads\/2025\/06\/svm20250610143033.webp","articleSection":["Arkiv","Nyheter"],"inLanguage":"sv-SE"},{"@type":"WebPage","@id":"https:\/\/lightweb.dev\/l\/svm-temp\/nyheter\/strangare-rokforbud-narmar-sig\/","url":"https:\/\/lightweb.dev\/l\/svm-temp\/nyheter\/strangare-rokforbud-narmar-sig\/","name":"Str\u00e4ngare r\u00f6kf\u00f6rbud n\u00e4rmar sig\u00a0 - Svenska Magasinet","isPartOf":{"@id":"https:\/\/lightweb.dev\/l\/svm-temp\/#website"},"primaryImageOfPage":{"@id":"https:\/\/lightweb.dev\/l\/svm-temp\/nyheter\/strangare-rokforbud-narmar-sig\/#primaryimage"},"image":{"@id":"https:\/\/lightweb.dev\/l\/svm-temp\/nyheter\/strangare-rokforbud-narmar-sig\/#primaryimage"},"thumbnailUrl":"https:\/\/lightweb.dev\/l\/svm-temp\/wp-content\/uploads\/2025\/06\/svm20250610143033.webp","datePublished":"2025-06-10T14:47:34+00:00","breadcrumb":{"@id":"https:\/\/lightweb.dev\/l\/svm-temp\/nyheter\/strangare-rokforbud-narmar-sig\/#breadcrumb"},"inLanguage":"sv-SE","potentialAction":[{"@type":"ReadAction","target":["https:\/\/lightweb.dev\/l\/svm-temp\/nyheter\/strangare-rokforbud-narmar-sig\/"]}]},{"@type":"ImageObject","inLanguage":"sv-SE","@id":"https:\/\/lightweb.dev\/l\/svm-temp\/nyheter\/strangare-rokforbud-narmar-sig\/#primaryimage","url":"https:\/\/lightweb.dev\/l\/svm-temp\/wp-content\/uploads\/2025\/06\/svm20250610143033.webp","contentUrl":"https:\/\/lightweb.dev\/l\/svm-temp\/wp-content\/uploads\/2025\/06\/svm20250610143033.webp","width":900,"height":400,"caption":"H\u00e4lsominister M\u00f3nica Garc\u00eda. (Bild: Europa Press)"},{"@type":"BreadcrumbList","@id":"https:\/\/lightweb.dev\/l\/svm-temp\/nyheter\/strangare-rokforbud-narmar-sig\/#breadcrumb","itemListElement":[{"@type":"ListItem","position":1,"name":"Hem","item":"https:\/\/lightweb.dev\/l\/svm-temp\/"},{"@type":"ListItem","position":2,"name":"Str\u00e4ngare r\u00f6kf\u00f6rbud n\u00e4rmar sig\u00a0"}]},{"@type":"WebSite","@id":"https:\/\/lightweb.dev\/l\/svm-temp\/#website","url":"https:\/\/lightweb.dev\/l\/svm-temp\/","name":"Svenska Magasinet","description":"Dina Spanska nyheter p&aring; Svenska","publisher":{"@id":"https:\/\/lightweb.dev\/l\/svm-temp\/#organization"},"potentialAction":[{"@type":"SearchAction","target":{"@type":"EntryPoint","urlTemplate":"https:\/\/lightweb.dev\/l\/svm-temp\/?s={search_term_string}"},"query-input":{"@type":"PropertyValueSpecification","valueRequired":true,"valueName":"search_term_string"}}],"inLanguage":"sv-SE"},{"@type":"Organization","@id":"https:\/\/lightweb.dev\/l\/svm-temp\/#organization","name":"Melkerson y Nott SL","alternateName":"Svenska Magasinet","url":"https:\/\/lightweb.dev\/l\/svm-temp\/","logo":{"@type":"ImageObject","inLanguage":"sv-SE","@id":"https:\/\/lightweb.dev\/l\/svm-temp\/#\/schema\/logo\/image\/","url":"https:\/\/lightweb.dev\/l\/svm-temp\/wp-content\/uploads\/2025\/02\/SvM-logo-Xtra-Centrerad-SVART.png","contentUrl":"https:\/\/lightweb.dev\/l\/svm-temp\/wp-content\/uploads\/2025\/02\/SvM-logo-Xtra-Centrerad-SVART.png","width":300,"height":99,"caption":"Melkerson y Nott SL"},"image":{"@id":"https:\/\/lightweb.dev\/l\/svm-temp\/#\/schema\/logo\/image\/"},"sameAs":["https:\/\/www.facebook.com\/svenskamagasinet","https:\/\/x.com\/SvenskaMagasine"]},{"@type":"Person","@id":"https:\/\/lightweb.dev\/l\/svm-temp\/#\/schema\/person\/caffe038990d25722f5a04a03c906a2b","name":"Robbie Eriksson","sameAs":["https:\/\/lightweb.dev\/l\/svm-temp"],"url":"https:\/\/lightweb.dev\/l\/svm-temp\/reporter\/robbie-eriksson\/"}]}},"_links":{"self":[{"href":"https:\/\/lightweb.dev\/l\/svm-temp\/wp-json\/wp\/v2\/posts\/82558","targetHints":{"allow":["GET"]}}],"collection":[{"href":"https:\/\/lightweb.dev\/l\/svm-temp\/wp-json\/wp\/v2\/posts"}],"about":[{"href":"https:\/\/lightweb.dev\/l\/svm-temp\/wp-json\/wp\/v2\/types\/post"}],"author":[{"embeddable":true,"href":"https:\/\/lightweb.dev\/l\/svm-temp\/wp-json\/wp\/v2\/users\/14"}],"replies":[{"embeddable":true,"href":"https:\/\/lightweb.dev\/l\/svm-temp\/wp-json\/wp\/v2\/comments?post=82558"}],"version-history":[{"count":0,"href":"https:\/\/lightweb.dev\/l\/svm-temp\/wp-json\/wp\/v2\/posts\/82558\/revisions"}],"wp:featuredmedia":[{"embeddable":true,"href":"https:\/\/lightweb.dev\/l\/svm-temp\/wp-json\/wp\/v2\/media\/82554"}],"wp:attachment":[{"href":"https:\/\/lightweb.dev\/l\/svm-temp\/wp-json\/wp\/v2\/media?parent=82558"}],"wp:term":[{"taxonomy":"category","embeddable":true,"href":"https:\/\/lightweb.dev\/l\/svm-temp\/wp-json\/wp\/v2\/categories?post=82558"},{"taxonomy":"post_tag","embeddable":true,"href":"https:\/\/lightweb.dev\/l\/svm-temp\/wp-json\/wp\/v2\/tags?post=82558"}],"curies":[{"name":"wp","href":"https:\/\/api.w.org\/{rel}","templated":true}]}}