{"id":82561,"date":"2025-06-10T20:52:34","date_gmt":"2025-06-10T18:52:34","guid":{"rendered":"https:\/\/lightweb.dev\/l\/svm-temp\/?p=82561"},"modified":"2025-06-11T10:06:06","modified_gmt":"2025-06-11T08:06:06","slug":"la-palma-ar-utan-elektricitet","status":"publish","type":"post","link":"https:\/\/lightweb.dev\/l\/svm-temp\/nyheter\/la-palma-ar-utan-elektricitet\/","title":{"rendered":"La Palma utan elektricitet"},"content":{"rendered":"<p class=\"ai-optimize-6 ai-optimize-introduction\"><strong>50 289 inv\u00e5nare p\u00e5 Kanarie\u00f6n La Palma var utan elektricitet p\u00e5 tisdagskv\u00e4llen efter ett fel i en generatoranl\u00e4ggning vid Los Guinchos i Bre\u00f1a Alta klockan 17.30.<\/strong><\/p>\n<p class=\"ai-optimize-6 ai-optimize-introduction\"><strong>La Palma \u00e4r den av Kanarie\u00f6arna som ligger l\u00e4ngst v\u00e4sterut.<\/strong><\/p>\n<p class=\"ai-optimize-6\">Brandk\u00e5ren arbetade febrilt i byggnader och f\u00f6retag f\u00f6r att hj\u00e4lpa personer som fastnat i hissar p\u00e5 grund av str\u00f6mavbrottet, rapporterar nyhetsbyr\u00e5n EFE.<\/p>\n<p class=\"ai-optimize-6\">Endesa utreder orsakerna till str\u00f6mavbrottet, vilket enligt regionala myndigheter var f\u00f6rutsebart efter h\u00e4ndelserna den senaste m\u00e5naden. Kanarie\u00f6arnas regering menar att f\u00f6r\u00e5ldrad utrustning \u00e4r orsaken.<\/p>\n<p class=\"_container_g8t15_1 _container_atvyv_1 \n    color_eta ai-optimize-6\">Strax f\u00f6re klockan 21 p\u00e5 tisdagskv\u00e4llen rapporterade Endesa att str\u00f6mf\u00f6rs\u00f6rjningen som avbr\u00f6ts klockan 17.32 var helt \u00e5terst\u00e4lld .<\/p>\n<aside class=\"_ads_g3axu_31 _ad-1_g3axu_122 _noCtas_g3axu_322\">\n<div class=\"_adContainer_g3axu_53\"><\/div>\n<\/aside>\n<p class=\"ai-optimize-6\">Luftfartsverket Aena skriver p\u00e5 X att trafiken p\u00e5 Santa Cruz de La Palmas flygplats fungerar som normalt tack vare reservaggregat.<\/p>\n<p class=\"ai-optimize-6\">Regionregering aktiverade Kanarie\u00f6arnas krisplan (PLATECA) och var i h\u00f6gsta beredskap.<\/p>\n<blockquote class=\"twitter-tweet\" data-media-max-width=\"560\">\n<p dir=\"ltr\" lang=\"es\">\ud83d\udce2El Gobierno de Canarias ha activado el Plan de Emergencias de Canarias (PLATECA) en situaci\u00f3n de <a href=\"https:\/\/twitter.com\/hashtag\/Alerta?src=hash&amp;ref_src=twsrc%5Etfw\">#Alerta<\/a> por cero energ\u00e9tico en <a href=\"https:\/\/twitter.com\/hashtag\/LaPalma?src=hash&amp;ref_src=twsrc%5Etfw\">#LaPalma<\/a><\/p>\n<p>\u27a1\ufe0fEndesa comunica un fallo en el generador de la planta de Los Guinchos en Bre\u00f1a Alta, sin previsi\u00f3n de restablecimiento a corto plazo <a href=\"https:\/\/t.co\/GZDagWpPQS\">pic.twitter.com\/GZDagWpPQS<\/a><\/p>\n<p>\u2014 112 Canarias (@112canarias) <a href=\"https:\/\/twitter.com\/112canarias\/status\/1932493047947755710?ref_src=twsrc%5Etfw\">June 10, 2025<\/a><\/p><\/blockquote>\n<p><script async src=\"https:\/\/platform.twitter.com\/widgets.js\" charset=\"utf-8\"><\/script><\/p>\n<p class=\"ai-optimize-6\">Det \u00e4r det femte str\u00f6mavbrottet p\u00e5 mindre \u00e4n en m\u00e5nad, \u00e4ven om de tidigare var isolerade avbrott som drabbade kommunerna Santa Cruz de La Palma, Los Llanos de Aridane och El Paso. Nu drabbades hela \u00f6n.<\/p>\n<p class=\"ai-optimize-6\">Den 28 april m\u00f6rklades hela Spanien utom Kanarie\u00f6arna. Orsaken till det mest omfattande str\u00f6mavbrottet \u00e4r fortsatt oklart och utreds av centralregeringen.<\/p>\n<p class=\"ai-optimize-6\">Kanarie\u00f6arna La Gomera (2023) och Teneriffa (2019, 2020) har drabbats tidigare av str\u00f6mavbrott som har m\u00f6rklagt \u00f6arna totalt.<\/p>\n<blockquote class=\"twitter-tweet\" data-media-max-width=\"560\">\n<p dir=\"ltr\" lang=\"es\">\u00daltima hora desde la isla de La Palma <a href=\"https:\/\/t.co\/HmYmXWdpNW\">https:\/\/t.co\/HmYmXWdpNW<\/a> <a href=\"https:\/\/twitter.com\/hashtag\/TVLaPalma?src=hash&amp;ref_src=twsrc%5Etfw\">#TVLaPalma<\/a> <a href=\"https:\/\/twitter.com\/hashtag\/ULTIMAHORA?src=hash&amp;ref_src=twsrc%5Etfw\">#ULTIMAHORA<\/a> <a href=\"https:\/\/twitter.com\/hashtag\/noticias?src=hash&amp;ref_src=twsrc%5Etfw\">#noticias<\/a> <a href=\"https:\/\/twitter.com\/noticias?ref_src=twsrc%5Etfw\">@noticias<\/a> <a href=\"https:\/\/twitter.com\/hashtag\/LaPalma?src=hash&amp;ref_src=twsrc%5Etfw\">#LaPalma<\/a> <a href=\"https:\/\/t.co\/1RiP2x208l\">https:\/\/t.co\/1RiP2x208l<\/a><\/p>\n<p>\u2014 TV La Palma (@tvlapalma) <a href=\"https:\/\/twitter.com\/tvlapalma\/status\/1932501086277165555?ref_src=twsrc%5Etfw\">June 10, 2025<\/a><\/p><\/blockquote>\n<p><script async src=\"https:\/\/platform.twitter.com\/widgets.js\" charset=\"utf-8\"><\/script><\/p>\n","protected":false},"excerpt":{"rendered":"<p>50 289 inv\u00e5nare p\u00e5 Kanarie\u00f6n La Palma var utan elektricitet p\u00e5 tisdagskv\u00e4llen efter ett fel i en generatoranl\u00e4ggning vid Los Guinchos i Bre\u00f1a Alta klockan 17.30. La Palma \u00e4r den av Kanarie\u00f6arna som ligger l\u00e4ngst v\u00e4sterut&#8230;<\/p>\n","protected":false},"author":7,"featured_media":82560,"comment_status":"closed","ping_status":"closed","sticky":false,"template":"","format":"standard","meta":{"_et_pb_use_builder":"","_et_pb_old_content":"","_et_gb_content_width":"","footnotes":""},"categories":[284,3],"tags":[],"class_list":["post-82561","post","type-post","status-publish","format-standard","has-post-thumbnail","hentry","category-inrikes","category-nyheter"],"yoast_head":"<!-- This site is optimized with the Yoast SEO Premium plugin v26.2 (Yoast SEO v28.2) - https:\/\/yoast.com\/product\/yoast-seo-premium-wordpress\/ -->\n<title>La Palma utan elektricitet - Svenska Magasinet<\/title>\n<meta name=\"robots\" content=\"noindex, follow, max-snippet:-1, max-image-preview:large, max-video-preview:-1\" \/>\n<meta property=\"og:locale\" content=\"sv_SE\" \/>\n<meta property=\"og:type\" content=\"article\" \/>\n<meta property=\"og:title\" content=\"La Palma utan elektricitet\" \/>\n<meta property=\"og:description\" content=\"50 289 inv\u00e5nare p\u00e5 Kanarie\u00f6n La Palma var utan elektricitet p\u00e5 tisdagskv\u00e4llen efter ett fel i en generatoranl\u00e4ggning vid Los Guinchos i Bre\u00f1a Alta klockan 17.30. La Palma \u00e4r den av Kanarie\u00f6arna som ligger l\u00e4ngst v\u00e4sterut...\" \/>\n<meta property=\"og:url\" content=\"https:\/\/lightweb.dev\/l\/svm-temp\/nyheter\/la-palma-ar-utan-elektricitet\/\" \/>\n<meta property=\"og:site_name\" content=\"Svenska Magasinet\" \/>\n<meta property=\"article:publisher\" content=\"https:\/\/www.facebook.com\/svenskamagasinet\" \/>\n<meta property=\"article:published_time\" content=\"2025-06-10T18:52:34+00:00\" \/>\n<meta property=\"article:modified_time\" content=\"2025-06-11T08:06:06+00:00\" \/>\n<meta property=\"og:image\" content=\"https:\/\/lightweb.dev\/l\/svm-temp\/wp-content\/uploads\/2025\/06\/svm20250610185022.webp\" \/>\n\t<meta property=\"og:image:width\" content=\"900\" \/>\n\t<meta property=\"og:image:height\" content=\"400\" \/>\n\t<meta property=\"og:image:type\" content=\"image\/webp\" \/>\n<meta name=\"author\" content=\"Ola Josefsson\" \/>\n<meta name=\"twitter:card\" content=\"summary_large_image\" \/>\n<meta name=\"twitter:creator\" content=\"@SvenskaMagasine\" \/>\n<meta name=\"twitter:site\" content=\"@SvenskaMagasine\" \/>\n<script type=\"application\/ld+json\" class=\"yoast-schema-graph\">{\"@context\":\"https:\\\/\\\/schema.org\",\"@graph\":[{\"@type\":\"Article\",\"@id\":\"https:\\\/\\\/lightweb.dev\\\/l\\\/svm-temp\\\/nyheter\\\/la-palma-ar-utan-elektricitet\\\/#article\",\"isPartOf\":{\"@id\":\"https:\\\/\\\/lightweb.dev\\\/l\\\/svm-temp\\\/nyheter\\\/la-palma-ar-utan-elektricitet\\\/\"},\"author\":{\"name\":\"Ola Josefsson\",\"@id\":\"https:\\\/\\\/lightweb.dev\\\/l\\\/svm-temp\\\/#\\\/schema\\\/person\\\/7a82b8a73d171d32360a564b6d03508e\"},\"headline\":\"La Palma utan elektricitet\",\"datePublished\":\"2025-06-10T18:52:34+00:00\",\"dateModified\":\"2025-06-11T08:06:06+00:00\",\"mainEntityOfPage\":{\"@id\":\"https:\\\/\\\/lightweb.dev\\\/l\\\/svm-temp\\\/nyheter\\\/la-palma-ar-utan-elektricitet\\\/\"},\"wordCount\":321,\"publisher\":{\"@id\":\"https:\\\/\\\/lightweb.dev\\\/l\\\/svm-temp\\\/#organization\"},\"image\":{\"@id\":\"https:\\\/\\\/lightweb.dev\\\/l\\\/svm-temp\\\/nyheter\\\/la-palma-ar-utan-elektricitet\\\/#primaryimage\"},\"thumbnailUrl\":\"https:\\\/\\\/lightweb.dev\\\/l\\\/svm-temp\\\/wp-content\\\/uploads\\\/2025\\\/06\\\/svm20250610185022.webp\",\"articleSection\":[\"Inrikes\",\"Nyheter\"],\"inLanguage\":\"sv-SE\"},{\"@type\":\"WebPage\",\"@id\":\"https:\\\/\\\/lightweb.dev\\\/l\\\/svm-temp\\\/nyheter\\\/la-palma-ar-utan-elektricitet\\\/\",\"url\":\"https:\\\/\\\/lightweb.dev\\\/l\\\/svm-temp\\\/nyheter\\\/la-palma-ar-utan-elektricitet\\\/\",\"name\":\"La Palma utan elektricitet - Svenska Magasinet\",\"isPartOf\":{\"@id\":\"https:\\\/\\\/lightweb.dev\\\/l\\\/svm-temp\\\/#website\"},\"primaryImageOfPage\":{\"@id\":\"https:\\\/\\\/lightweb.dev\\\/l\\\/svm-temp\\\/nyheter\\\/la-palma-ar-utan-elektricitet\\\/#primaryimage\"},\"image\":{\"@id\":\"https:\\\/\\\/lightweb.dev\\\/l\\\/svm-temp\\\/nyheter\\\/la-palma-ar-utan-elektricitet\\\/#primaryimage\"},\"thumbnailUrl\":\"https:\\\/\\\/lightweb.dev\\\/l\\\/svm-temp\\\/wp-content\\\/uploads\\\/2025\\\/06\\\/svm20250610185022.webp\",\"datePublished\":\"2025-06-10T18:52:34+00:00\",\"dateModified\":\"2025-06-11T08:06:06+00:00\",\"breadcrumb\":{\"@id\":\"https:\\\/\\\/lightweb.dev\\\/l\\\/svm-temp\\\/nyheter\\\/la-palma-ar-utan-elektricitet\\\/#breadcrumb\"},\"inLanguage\":\"sv-SE\",\"potentialAction\":[{\"@type\":\"ReadAction\",\"target\":[\"https:\\\/\\\/lightweb.dev\\\/l\\\/svm-temp\\\/nyheter\\\/la-palma-ar-utan-elektricitet\\\/\"]}]},{\"@type\":\"ImageObject\",\"inLanguage\":\"sv-SE\",\"@id\":\"https:\\\/\\\/lightweb.dev\\\/l\\\/svm-temp\\\/nyheter\\\/la-palma-ar-utan-elektricitet\\\/#primaryimage\",\"url\":\"https:\\\/\\\/lightweb.dev\\\/l\\\/svm-temp\\\/wp-content\\\/uploads\\\/2025\\\/06\\\/svm20250610185022.webp\",\"contentUrl\":\"https:\\\/\\\/lightweb.dev\\\/l\\\/svm-temp\\\/wp-content\\\/uploads\\\/2025\\\/06\\\/svm20250610185022.webp\",\"width\":900,\"height\":400},{\"@type\":\"BreadcrumbList\",\"@id\":\"https:\\\/\\\/lightweb.dev\\\/l\\\/svm-temp\\\/nyheter\\\/la-palma-ar-utan-elektricitet\\\/#breadcrumb\",\"itemListElement\":[{\"@type\":\"ListItem\",\"position\":1,\"name\":\"Hem\",\"item\":\"https:\\\/\\\/lightweb.dev\\\/l\\\/svm-temp\\\/\"},{\"@type\":\"ListItem\",\"position\":2,\"name\":\"La Palma utan elektricitet\"}]},{\"@type\":\"WebSite\",\"@id\":\"https:\\\/\\\/lightweb.dev\\\/l\\\/svm-temp\\\/#website\",\"url\":\"https:\\\/\\\/lightweb.dev\\\/l\\\/svm-temp\\\/\",\"name\":\"Svenska Magasinet\",\"description\":\"Dina Spanska nyheter p&aring; Svenska\",\"publisher\":{\"@id\":\"https:\\\/\\\/lightweb.dev\\\/l\\\/svm-temp\\\/#organization\"},\"potentialAction\":[{\"@type\":\"SearchAction\",\"target\":{\"@type\":\"EntryPoint\",\"urlTemplate\":\"https:\\\/\\\/lightweb.dev\\\/l\\\/svm-temp\\\/?s={search_term_string}\"},\"query-input\":{\"@type\":\"PropertyValueSpecification\",\"valueRequired\":true,\"valueName\":\"search_term_string\"}}],\"inLanguage\":\"sv-SE\"},{\"@type\":\"Organization\",\"@id\":\"https:\\\/\\\/lightweb.dev\\\/l\\\/svm-temp\\\/#organization\",\"name\":\"Melkerson y Nott SL\",\"alternateName\":\"Svenska Magasinet\",\"url\":\"https:\\\/\\\/lightweb.dev\\\/l\\\/svm-temp\\\/\",\"logo\":{\"@type\":\"ImageObject\",\"inLanguage\":\"sv-SE\",\"@id\":\"https:\\\/\\\/lightweb.dev\\\/l\\\/svm-temp\\\/#\\\/schema\\\/logo\\\/image\\\/\",\"url\":\"https:\\\/\\\/lightweb.dev\\\/l\\\/svm-temp\\\/wp-content\\\/uploads\\\/2025\\\/02\\\/SvM-logo-Xtra-Centrerad-SVART.png\",\"contentUrl\":\"https:\\\/\\\/lightweb.dev\\\/l\\\/svm-temp\\\/wp-content\\\/uploads\\\/2025\\\/02\\\/SvM-logo-Xtra-Centrerad-SVART.png\",\"width\":300,\"height\":99,\"caption\":\"Melkerson y Nott SL\"},\"image\":{\"@id\":\"https:\\\/\\\/lightweb.dev\\\/l\\\/svm-temp\\\/#\\\/schema\\\/logo\\\/image\\\/\"},\"sameAs\":[\"https:\\\/\\\/www.facebook.com\\\/svenskamagasinet\",\"https:\\\/\\\/x.com\\\/SvenskaMagasine\"]},{\"@type\":\"Person\",\"@id\":\"https:\\\/\\\/lightweb.dev\\\/l\\\/svm-temp\\\/#\\\/schema\\\/person\\\/7a82b8a73d171d32360a564b6d03508e\",\"name\":\"Ola Josefsson\",\"description\":\"Bevakar Solkusten och Spanien sedan 1994.\",\"sameAs\":[\"https:\\\/\\\/lightweb.dev\\\/l\\\/svm-temp\"],\"url\":\"https:\\\/\\\/lightweb.dev\\\/l\\\/svm-temp\\\/reporter\\\/ola-josefsson\\\/\"}]}<\/script>\n<!-- \/ Yoast SEO Premium plugin. -->","yoast_head_json":{"title":"La Palma utan elektricitet - Svenska Magasinet","robots":{"index":"noindex","follow":"follow","max-snippet":"max-snippet:-1","max-image-preview":"max-image-preview:large","max-video-preview":"max-video-preview:-1"},"og_locale":"sv_SE","og_type":"article","og_title":"La Palma utan elektricitet","og_description":"50 289 inv\u00e5nare p\u00e5 Kanarie\u00f6n La Palma var utan elektricitet p\u00e5 tisdagskv\u00e4llen efter ett fel i en generatoranl\u00e4ggning vid Los Guinchos i Bre\u00f1a Alta klockan 17.30. La Palma \u00e4r den av Kanarie\u00f6arna som ligger l\u00e4ngst v\u00e4sterut...","og_url":"https:\/\/lightweb.dev\/l\/svm-temp\/nyheter\/la-palma-ar-utan-elektricitet\/","og_site_name":"Svenska Magasinet","article_publisher":"https:\/\/www.facebook.com\/svenskamagasinet","article_published_time":"2025-06-10T18:52:34+00:00","article_modified_time":"2025-06-11T08:06:06+00:00","og_image":[{"width":900,"height":400,"url":"https:\/\/lightweb.dev\/l\/svm-temp\/wp-content\/uploads\/2025\/06\/svm20250610185022.webp","type":"image\/webp"}],"author":"Ola Josefsson","twitter_card":"summary_large_image","twitter_creator":"@SvenskaMagasine","twitter_site":"@SvenskaMagasine","schema":{"@context":"https:\/\/schema.org","@graph":[{"@type":"Article","@id":"https:\/\/lightweb.dev\/l\/svm-temp\/nyheter\/la-palma-ar-utan-elektricitet\/#article","isPartOf":{"@id":"https:\/\/lightweb.dev\/l\/svm-temp\/nyheter\/la-palma-ar-utan-elektricitet\/"},"author":{"name":"Ola Josefsson","@id":"https:\/\/lightweb.dev\/l\/svm-temp\/#\/schema\/person\/7a82b8a73d171d32360a564b6d03508e"},"headline":"La Palma utan elektricitet","datePublished":"2025-06-10T18:52:34+00:00","dateModified":"2025-06-11T08:06:06+00:00","mainEntityOfPage":{"@id":"https:\/\/lightweb.dev\/l\/svm-temp\/nyheter\/la-palma-ar-utan-elektricitet\/"},"wordCount":321,"publisher":{"@id":"https:\/\/lightweb.dev\/l\/svm-temp\/#organization"},"image":{"@id":"https:\/\/lightweb.dev\/l\/svm-temp\/nyheter\/la-palma-ar-utan-elektricitet\/#primaryimage"},"thumbnailUrl":"https:\/\/lightweb.dev\/l\/svm-temp\/wp-content\/uploads\/2025\/06\/svm20250610185022.webp","articleSection":["Inrikes","Nyheter"],"inLanguage":"sv-SE"},{"@type":"WebPage","@id":"https:\/\/lightweb.dev\/l\/svm-temp\/nyheter\/la-palma-ar-utan-elektricitet\/","url":"https:\/\/lightweb.dev\/l\/svm-temp\/nyheter\/la-palma-ar-utan-elektricitet\/","name":"La Palma utan elektricitet - Svenska Magasinet","isPartOf":{"@id":"https:\/\/lightweb.dev\/l\/svm-temp\/#website"},"primaryImageOfPage":{"@id":"https:\/\/lightweb.dev\/l\/svm-temp\/nyheter\/la-palma-ar-utan-elektricitet\/#primaryimage"},"image":{"@id":"https:\/\/lightweb.dev\/l\/svm-temp\/nyheter\/la-palma-ar-utan-elektricitet\/#primaryimage"},"thumbnailUrl":"https:\/\/lightweb.dev\/l\/svm-temp\/wp-content\/uploads\/2025\/06\/svm20250610185022.webp","datePublished":"2025-06-10T18:52:34+00:00","dateModified":"2025-06-11T08:06:06+00:00","breadcrumb":{"@id":"https:\/\/lightweb.dev\/l\/svm-temp\/nyheter\/la-palma-ar-utan-elektricitet\/#breadcrumb"},"inLanguage":"sv-SE","potentialAction":[{"@type":"ReadAction","target":["https:\/\/lightweb.dev\/l\/svm-temp\/nyheter\/la-palma-ar-utan-elektricitet\/"]}]},{"@type":"ImageObject","inLanguage":"sv-SE","@id":"https:\/\/lightweb.dev\/l\/svm-temp\/nyheter\/la-palma-ar-utan-elektricitet\/#primaryimage","url":"https:\/\/lightweb.dev\/l\/svm-temp\/wp-content\/uploads\/2025\/06\/svm20250610185022.webp","contentUrl":"https:\/\/lightweb.dev\/l\/svm-temp\/wp-content\/uploads\/2025\/06\/svm20250610185022.webp","width":900,"height":400},{"@type":"BreadcrumbList","@id":"https:\/\/lightweb.dev\/l\/svm-temp\/nyheter\/la-palma-ar-utan-elektricitet\/#breadcrumb","itemListElement":[{"@type":"ListItem","position":1,"name":"Hem","item":"https:\/\/lightweb.dev\/l\/svm-temp\/"},{"@type":"ListItem","position":2,"name":"La Palma utan elektricitet"}]},{"@type":"WebSite","@id":"https:\/\/lightweb.dev\/l\/svm-temp\/#website","url":"https:\/\/lightweb.dev\/l\/svm-temp\/","name":"Svenska Magasinet","description":"Dina Spanska nyheter p&aring; Svenska","publisher":{"@id":"https:\/\/lightweb.dev\/l\/svm-temp\/#organization"},"potentialAction":[{"@type":"SearchAction","target":{"@type":"EntryPoint","urlTemplate":"https:\/\/lightweb.dev\/l\/svm-temp\/?s={search_term_string}"},"query-input":{"@type":"PropertyValueSpecification","valueRequired":true,"valueName":"search_term_string"}}],"inLanguage":"sv-SE"},{"@type":"Organization","@id":"https:\/\/lightweb.dev\/l\/svm-temp\/#organization","name":"Melkerson y Nott SL","alternateName":"Svenska Magasinet","url":"https:\/\/lightweb.dev\/l\/svm-temp\/","logo":{"@type":"ImageObject","inLanguage":"sv-SE","@id":"https:\/\/lightweb.dev\/l\/svm-temp\/#\/schema\/logo\/image\/","url":"https:\/\/lightweb.dev\/l\/svm-temp\/wp-content\/uploads\/2025\/02\/SvM-logo-Xtra-Centrerad-SVART.png","contentUrl":"https:\/\/lightweb.dev\/l\/svm-temp\/wp-content\/uploads\/2025\/02\/SvM-logo-Xtra-Centrerad-SVART.png","width":300,"height":99,"caption":"Melkerson y Nott SL"},"image":{"@id":"https:\/\/lightweb.dev\/l\/svm-temp\/#\/schema\/logo\/image\/"},"sameAs":["https:\/\/www.facebook.com\/svenskamagasinet","https:\/\/x.com\/SvenskaMagasine"]},{"@type":"Person","@id":"https:\/\/lightweb.dev\/l\/svm-temp\/#\/schema\/person\/7a82b8a73d171d32360a564b6d03508e","name":"Ola Josefsson","description":"Bevakar Solkusten och Spanien sedan 1994.","sameAs":["https:\/\/lightweb.dev\/l\/svm-temp"],"url":"https:\/\/lightweb.dev\/l\/svm-temp\/reporter\/ola-josefsson\/"}]}},"_links":{"self":[{"href":"https:\/\/lightweb.dev\/l\/svm-temp\/wp-json\/wp\/v2\/posts\/82561","targetHints":{"allow":["GET"]}}],"collection":[{"href":"https:\/\/lightweb.dev\/l\/svm-temp\/wp-json\/wp\/v2\/posts"}],"about":[{"href":"https:\/\/lightweb.dev\/l\/svm-temp\/wp-json\/wp\/v2\/types\/post"}],"author":[{"embeddable":true,"href":"https:\/\/lightweb.dev\/l\/svm-temp\/wp-json\/wp\/v2\/users\/7"}],"replies":[{"embeddable":true,"href":"https:\/\/lightweb.dev\/l\/svm-temp\/wp-json\/wp\/v2\/comments?post=82561"}],"version-history":[{"count":0,"href":"https:\/\/lightweb.dev\/l\/svm-temp\/wp-json\/wp\/v2\/posts\/82561\/revisions"}],"wp:featuredmedia":[{"embeddable":true,"href":"https:\/\/lightweb.dev\/l\/svm-temp\/wp-json\/wp\/v2\/media\/82560"}],"wp:attachment":[{"href":"https:\/\/lightweb.dev\/l\/svm-temp\/wp-json\/wp\/v2\/media?parent=82561"}],"wp:term":[{"taxonomy":"category","embeddable":true,"href":"https:\/\/lightweb.dev\/l\/svm-temp\/wp-json\/wp\/v2\/categories?post=82561"},{"taxonomy":"post_tag","embeddable":true,"href":"https:\/\/lightweb.dev\/l\/svm-temp\/wp-json\/wp\/v2\/tags?post=82561"}],"curies":[{"name":"wp","href":"https:\/\/api.w.org\/{rel}","templated":true}]}}