{"id":82579,"date":"2025-06-11T10:38:42","date_gmt":"2025-06-11T08:38:42","guid":{"rendered":"https:\/\/lightweb.dev\/l\/svm-temp\/?p=82579"},"modified":"2025-06-11T10:46:33","modified_gmt":"2025-06-11T08:46:33","slug":"karnkraftverket-almaraz-livslangd-kan-forlangas","status":"publish","type":"post","link":"https:\/\/lightweb.dev\/l\/svm-temp\/nyheter\/karnkraftverket-almaraz-livslangd-kan-forlangas\/","title":{"rendered":"K\u00e4rnkraftverket Almaraz livsl\u00e4ngd kan f\u00f6rl\u00e4ngas"},"content":{"rendered":"<p class=\"ai-optimize-6 ai-optimize-introduction\"><strong>Iberdrola, Naturgy och Endesa har n\u00e5tt en \u00f6verenskommelse om att st\u00e4ngningen av k\u00e4rnkraftverket Almaraz i Extremadura skjuts upp.<\/strong><\/p>\n<p class=\"ai-optimize-6 ai-optimize-introduction\"><strong>Regeringen m\u00e5ste nu ta beslut om k\u00e4rnkraftverkets livsl\u00e4ngd ska f\u00f6rl\u00e4ngas till 2030.<\/strong><\/p>\n<p class=\"ai-optimize-6\">Det stora str\u00f6mavbrottet i Spanien 28 april och satsningar p\u00e5 energislukande AI-center f\u00e5r allt fler l\u00e4nder att vilja satsa p\u00e5 k\u00e4rnkraft, skriver The Guardian.<\/p>\n<p class=\"ai-optimize-6\">I Spanien har andelen planerbar kraft minskat till f\u00f6rm\u00e5n f\u00f6r v\u00e4derberoende alternativ.<\/p>\n<h2 class=\"entry-title ai-optimize-6\">L\u00e4s mer: <a href=\"https:\/\/lightweb.dev\/l\/svm-temp\/nyheter\/ingenjoren-som-varnade-for-stromavbrottet\/\">Ingenj\u00f6ren som varnade f\u00f6r str\u00f6mavbrottet<\/a><\/h2>\n<p class=\"ai-optimize-6\">Nu kommer fler \u00f6nskem\u00e5l om att restriktionerna f\u00f6r k\u00e4rnreaktorer ska h\u00e4vas f\u00f6r att h\u00e5lla j\u00e4mna steg med den snabbt \u00f6kande efterfr\u00e5gan p\u00e5 koldioxidsn\u00e5l energi.<\/p>\n<p class=\"ai-optimize-6\">Ett m\u00f6te planeras mellan Iberdrola, Naturgy och Endesa \u00e5 ena sidan och CNAT (Sociedad Centrales Nucleares Almaraz-Trillo) \u00e5 andra sidan, den n\u00e4rmaste tiden.<\/p>\n<p class=\"ai-optimize-6\">I f\u00f6rsta hand handlar m\u00f6tet om att f\u00e5 igenom en investering p\u00e5 cirka 15 miljoner euro f\u00f6r anskaffning av n\u00f6dv\u00e4ndigt k\u00e4rnbr\u00e4nsle, samt s\u00e4kerhets- och personalf\u00f6rb\u00e4ttringar.<\/p>\n<p class=\"ai-optimize-6\">N\u00e4sta steg blir att s\u00e4tta sig vid f\u00f6rhandlingsbordet med regeringschefen Pedro S\u00e1nchez administration f\u00f6r att analysera m\u00f6jligheten att f\u00f6rl\u00e4nga anl\u00e4ggningens livsl\u00e4ngd.<\/p>\n<p class=\"ai-optimize-6\">Den tredje vice regeringschefen och ministern f\u00f6r ekologisk omst\u00e4llning, Sara Aagesen, har tidigare sagt att hon inte ser n\u00e5gra tekniska problem med att f\u00f6rl\u00e4nga driften av Almaraz i ytterligare tre \u00e5r.<\/p>\n<p class=\"ai-optimize-6\">Men den st\u00f6rsta striden g\u00e4ller beskattningen.<\/p>\n<p class=\"ai-optimize-6\">Skatter st\u00e5r f\u00f6r mer \u00e4n driftskostnaderna f\u00f6r kraftverken, menar energibolagen, som v\u00e4ntar p\u00e5 en gest fr\u00e5n finansministeriet.<\/p>\n<p class=\"ai-optimize-6\">&#8211; Vi har inte r\u00f6rt beskattningen sedan 2012. Det som har \u00f6kat \u00e4r de autonoma regionernas andel, p\u00e5pekar regeringsk\u00e4llor.<\/p>\n","protected":false},"excerpt":{"rendered":"<p>Iberdrola, Naturgy och Endesa har n\u00e5tt en \u00f6verenskommelse om att st\u00e4ngningen av k\u00e4rnkraftverket Almaraz i Extremadura skjuts upp. Regeringen m\u00e5ste nu ta beslut om k\u00e4rnkraftverkets livsl\u00e4ngd ska f\u00f6rl\u00e4ngas till 2030&#8230;<\/p>\n","protected":false},"author":7,"featured_media":80590,"comment_status":"closed","ping_status":"closed","sticky":false,"template":"","format":"standard","meta":{"_et_pb_use_builder":"","_et_pb_old_content":"","_et_gb_content_width":"","footnotes":""},"categories":[284,3],"tags":[],"class_list":["post-82579","post","type-post","status-publish","format-standard","has-post-thumbnail","hentry","category-inrikes","category-nyheter"],"yoast_head":"<!-- This site is optimized with the Yoast SEO Premium plugin v26.2 (Yoast SEO v28.2) - https:\/\/yoast.com\/product\/yoast-seo-premium-wordpress\/ -->\n<title>K\u00e4rnkraftverket Almaraz livsl\u00e4ngd kan f\u00f6rl\u00e4ngas - Svenska Magasinet<\/title>\n<meta name=\"robots\" content=\"noindex, follow, max-snippet:-1, max-image-preview:large, max-video-preview:-1\" \/>\n<meta property=\"og:locale\" content=\"sv_SE\" \/>\n<meta property=\"og:type\" content=\"article\" \/>\n<meta property=\"og:title\" content=\"K\u00e4rnkraftverket Almaraz livsl\u00e4ngd kan f\u00f6rl\u00e4ngas\" \/>\n<meta property=\"og:description\" content=\"Iberdrola, Naturgy och Endesa har n\u00e5tt en \u00f6verenskommelse om att st\u00e4ngningen av k\u00e4rnkraftverket Almaraz i Extremadura skjuts upp. Regeringen m\u00e5ste nu ta beslut om k\u00e4rnkraftverkets livsl\u00e4ngd ska f\u00f6rl\u00e4ngas till 2030...\" \/>\n<meta property=\"og:url\" content=\"https:\/\/lightweb.dev\/l\/svm-temp\/nyheter\/karnkraftverket-almaraz-livslangd-kan-forlangas\/\" \/>\n<meta property=\"og:site_name\" content=\"Svenska Magasinet\" \/>\n<meta property=\"article:publisher\" content=\"https:\/\/www.facebook.com\/svenskamagasinet\" \/>\n<meta property=\"article:published_time\" content=\"2025-06-11T08:38:42+00:00\" \/>\n<meta property=\"article:modified_time\" content=\"2025-06-11T08:46:33+00:00\" \/>\n<meta property=\"og:image\" content=\"https:\/\/lightweb.dev\/l\/svm-temp\/wp-content\/uploads\/2025\/03\/svm20250325200405.webp\" \/>\n\t<meta property=\"og:image:width\" content=\"900\" \/>\n\t<meta property=\"og:image:height\" content=\"400\" \/>\n\t<meta property=\"og:image:type\" content=\"image\/webp\" \/>\n<meta name=\"author\" content=\"Ola Josefsson\" \/>\n<meta name=\"twitter:card\" content=\"summary_large_image\" \/>\n<meta name=\"twitter:creator\" content=\"@SvenskaMagasine\" \/>\n<meta name=\"twitter:site\" content=\"@SvenskaMagasine\" \/>\n<script type=\"application\/ld+json\" class=\"yoast-schema-graph\">{\"@context\":\"https:\\\/\\\/schema.org\",\"@graph\":[{\"@type\":\"Article\",\"@id\":\"https:\\\/\\\/lightweb.dev\\\/l\\\/svm-temp\\\/nyheter\\\/karnkraftverket-almaraz-livslangd-kan-forlangas\\\/#article\",\"isPartOf\":{\"@id\":\"https:\\\/\\\/lightweb.dev\\\/l\\\/svm-temp\\\/nyheter\\\/karnkraftverket-almaraz-livslangd-kan-forlangas\\\/\"},\"author\":{\"name\":\"Ola Josefsson\",\"@id\":\"https:\\\/\\\/lightweb.dev\\\/l\\\/svm-temp\\\/#\\\/schema\\\/person\\\/7a82b8a73d171d32360a564b6d03508e\"},\"headline\":\"K\u00e4rnkraftverket Almaraz livsl\u00e4ngd kan f\u00f6rl\u00e4ngas\",\"datePublished\":\"2025-06-11T08:38:42+00:00\",\"dateModified\":\"2025-06-11T08:46:33+00:00\",\"mainEntityOfPage\":{\"@id\":\"https:\\\/\\\/lightweb.dev\\\/l\\\/svm-temp\\\/nyheter\\\/karnkraftverket-almaraz-livslangd-kan-forlangas\\\/\"},\"wordCount\":308,\"publisher\":{\"@id\":\"https:\\\/\\\/lightweb.dev\\\/l\\\/svm-temp\\\/#organization\"},\"image\":{\"@id\":\"https:\\\/\\\/lightweb.dev\\\/l\\\/svm-temp\\\/nyheter\\\/karnkraftverket-almaraz-livslangd-kan-forlangas\\\/#primaryimage\"},\"thumbnailUrl\":\"https:\\\/\\\/lightweb.dev\\\/l\\\/svm-temp\\\/wp-content\\\/uploads\\\/2025\\\/03\\\/svm20250325200405.webp\",\"articleSection\":[\"Inrikes\",\"Nyheter\"],\"inLanguage\":\"sv-SE\"},{\"@type\":\"WebPage\",\"@id\":\"https:\\\/\\\/lightweb.dev\\\/l\\\/svm-temp\\\/nyheter\\\/karnkraftverket-almaraz-livslangd-kan-forlangas\\\/\",\"url\":\"https:\\\/\\\/lightweb.dev\\\/l\\\/svm-temp\\\/nyheter\\\/karnkraftverket-almaraz-livslangd-kan-forlangas\\\/\",\"name\":\"K\u00e4rnkraftverket Almaraz livsl\u00e4ngd kan f\u00f6rl\u00e4ngas - Svenska Magasinet\",\"isPartOf\":{\"@id\":\"https:\\\/\\\/lightweb.dev\\\/l\\\/svm-temp\\\/#website\"},\"primaryImageOfPage\":{\"@id\":\"https:\\\/\\\/lightweb.dev\\\/l\\\/svm-temp\\\/nyheter\\\/karnkraftverket-almaraz-livslangd-kan-forlangas\\\/#primaryimage\"},\"image\":{\"@id\":\"https:\\\/\\\/lightweb.dev\\\/l\\\/svm-temp\\\/nyheter\\\/karnkraftverket-almaraz-livslangd-kan-forlangas\\\/#primaryimage\"},\"thumbnailUrl\":\"https:\\\/\\\/lightweb.dev\\\/l\\\/svm-temp\\\/wp-content\\\/uploads\\\/2025\\\/03\\\/svm20250325200405.webp\",\"datePublished\":\"2025-06-11T08:38:42+00:00\",\"dateModified\":\"2025-06-11T08:46:33+00:00\",\"breadcrumb\":{\"@id\":\"https:\\\/\\\/lightweb.dev\\\/l\\\/svm-temp\\\/nyheter\\\/karnkraftverket-almaraz-livslangd-kan-forlangas\\\/#breadcrumb\"},\"inLanguage\":\"sv-SE\",\"potentialAction\":[{\"@type\":\"ReadAction\",\"target\":[\"https:\\\/\\\/lightweb.dev\\\/l\\\/svm-temp\\\/nyheter\\\/karnkraftverket-almaraz-livslangd-kan-forlangas\\\/\"]}]},{\"@type\":\"ImageObject\",\"inLanguage\":\"sv-SE\",\"@id\":\"https:\\\/\\\/lightweb.dev\\\/l\\\/svm-temp\\\/nyheter\\\/karnkraftverket-almaraz-livslangd-kan-forlangas\\\/#primaryimage\",\"url\":\"https:\\\/\\\/lightweb.dev\\\/l\\\/svm-temp\\\/wp-content\\\/uploads\\\/2025\\\/03\\\/svm20250325200405.webp\",\"contentUrl\":\"https:\\\/\\\/lightweb.dev\\\/l\\\/svm-temp\\\/wp-content\\\/uploads\\\/2025\\\/03\\\/svm20250325200405.webp\",\"width\":900,\"height\":400,\"caption\":\"K\u00e4rnkraftsverket i Almaraz i provinsen C\u00e1ceres(Foto: De Frobles commons.wikimedia)\"},{\"@type\":\"BreadcrumbList\",\"@id\":\"https:\\\/\\\/lightweb.dev\\\/l\\\/svm-temp\\\/nyheter\\\/karnkraftverket-almaraz-livslangd-kan-forlangas\\\/#breadcrumb\",\"itemListElement\":[{\"@type\":\"ListItem\",\"position\":1,\"name\":\"Hem\",\"item\":\"https:\\\/\\\/lightweb.dev\\\/l\\\/svm-temp\\\/\"},{\"@type\":\"ListItem\",\"position\":2,\"name\":\"K\u00e4rnkraftverket Almaraz livsl\u00e4ngd kan f\u00f6rl\u00e4ngas\"}]},{\"@type\":\"WebSite\",\"@id\":\"https:\\\/\\\/lightweb.dev\\\/l\\\/svm-temp\\\/#website\",\"url\":\"https:\\\/\\\/lightweb.dev\\\/l\\\/svm-temp\\\/\",\"name\":\"Svenska Magasinet\",\"description\":\"Dina Spanska nyheter p&aring; Svenska\",\"publisher\":{\"@id\":\"https:\\\/\\\/lightweb.dev\\\/l\\\/svm-temp\\\/#organization\"},\"potentialAction\":[{\"@type\":\"SearchAction\",\"target\":{\"@type\":\"EntryPoint\",\"urlTemplate\":\"https:\\\/\\\/lightweb.dev\\\/l\\\/svm-temp\\\/?s={search_term_string}\"},\"query-input\":{\"@type\":\"PropertyValueSpecification\",\"valueRequired\":true,\"valueName\":\"search_term_string\"}}],\"inLanguage\":\"sv-SE\"},{\"@type\":\"Organization\",\"@id\":\"https:\\\/\\\/lightweb.dev\\\/l\\\/svm-temp\\\/#organization\",\"name\":\"Melkerson y Nott SL\",\"alternateName\":\"Svenska Magasinet\",\"url\":\"https:\\\/\\\/lightweb.dev\\\/l\\\/svm-temp\\\/\",\"logo\":{\"@type\":\"ImageObject\",\"inLanguage\":\"sv-SE\",\"@id\":\"https:\\\/\\\/lightweb.dev\\\/l\\\/svm-temp\\\/#\\\/schema\\\/logo\\\/image\\\/\",\"url\":\"https:\\\/\\\/lightweb.dev\\\/l\\\/svm-temp\\\/wp-content\\\/uploads\\\/2025\\\/02\\\/SvM-logo-Xtra-Centrerad-SVART.png\",\"contentUrl\":\"https:\\\/\\\/lightweb.dev\\\/l\\\/svm-temp\\\/wp-content\\\/uploads\\\/2025\\\/02\\\/SvM-logo-Xtra-Centrerad-SVART.png\",\"width\":300,\"height\":99,\"caption\":\"Melkerson y Nott SL\"},\"image\":{\"@id\":\"https:\\\/\\\/lightweb.dev\\\/l\\\/svm-temp\\\/#\\\/schema\\\/logo\\\/image\\\/\"},\"sameAs\":[\"https:\\\/\\\/www.facebook.com\\\/svenskamagasinet\",\"https:\\\/\\\/x.com\\\/SvenskaMagasine\"]},{\"@type\":\"Person\",\"@id\":\"https:\\\/\\\/lightweb.dev\\\/l\\\/svm-temp\\\/#\\\/schema\\\/person\\\/7a82b8a73d171d32360a564b6d03508e\",\"name\":\"Ola Josefsson\",\"description\":\"Bevakar Solkusten och Spanien sedan 1994.\",\"sameAs\":[\"https:\\\/\\\/lightweb.dev\\\/l\\\/svm-temp\"],\"url\":\"https:\\\/\\\/lightweb.dev\\\/l\\\/svm-temp\\\/reporter\\\/ola-josefsson\\\/\"}]}<\/script>\n<!-- \/ Yoast SEO Premium plugin. -->","yoast_head_json":{"title":"K\u00e4rnkraftverket Almaraz livsl\u00e4ngd kan f\u00f6rl\u00e4ngas - Svenska Magasinet","robots":{"index":"noindex","follow":"follow","max-snippet":"max-snippet:-1","max-image-preview":"max-image-preview:large","max-video-preview":"max-video-preview:-1"},"og_locale":"sv_SE","og_type":"article","og_title":"K\u00e4rnkraftverket Almaraz livsl\u00e4ngd kan f\u00f6rl\u00e4ngas","og_description":"Iberdrola, Naturgy och Endesa har n\u00e5tt en \u00f6verenskommelse om att st\u00e4ngningen av k\u00e4rnkraftverket Almaraz i Extremadura skjuts upp. Regeringen m\u00e5ste nu ta beslut om k\u00e4rnkraftverkets livsl\u00e4ngd ska f\u00f6rl\u00e4ngas till 2030...","og_url":"https:\/\/lightweb.dev\/l\/svm-temp\/nyheter\/karnkraftverket-almaraz-livslangd-kan-forlangas\/","og_site_name":"Svenska Magasinet","article_publisher":"https:\/\/www.facebook.com\/svenskamagasinet","article_published_time":"2025-06-11T08:38:42+00:00","article_modified_time":"2025-06-11T08:46:33+00:00","og_image":[{"width":900,"height":400,"url":"https:\/\/lightweb.dev\/l\/svm-temp\/wp-content\/uploads\/2025\/03\/svm20250325200405.webp","type":"image\/webp"}],"author":"Ola Josefsson","twitter_card":"summary_large_image","twitter_creator":"@SvenskaMagasine","twitter_site":"@SvenskaMagasine","schema":{"@context":"https:\/\/schema.org","@graph":[{"@type":"Article","@id":"https:\/\/lightweb.dev\/l\/svm-temp\/nyheter\/karnkraftverket-almaraz-livslangd-kan-forlangas\/#article","isPartOf":{"@id":"https:\/\/lightweb.dev\/l\/svm-temp\/nyheter\/karnkraftverket-almaraz-livslangd-kan-forlangas\/"},"author":{"name":"Ola Josefsson","@id":"https:\/\/lightweb.dev\/l\/svm-temp\/#\/schema\/person\/7a82b8a73d171d32360a564b6d03508e"},"headline":"K\u00e4rnkraftverket Almaraz livsl\u00e4ngd kan f\u00f6rl\u00e4ngas","datePublished":"2025-06-11T08:38:42+00:00","dateModified":"2025-06-11T08:46:33+00:00","mainEntityOfPage":{"@id":"https:\/\/lightweb.dev\/l\/svm-temp\/nyheter\/karnkraftverket-almaraz-livslangd-kan-forlangas\/"},"wordCount":308,"publisher":{"@id":"https:\/\/lightweb.dev\/l\/svm-temp\/#organization"},"image":{"@id":"https:\/\/lightweb.dev\/l\/svm-temp\/nyheter\/karnkraftverket-almaraz-livslangd-kan-forlangas\/#primaryimage"},"thumbnailUrl":"https:\/\/lightweb.dev\/l\/svm-temp\/wp-content\/uploads\/2025\/03\/svm20250325200405.webp","articleSection":["Inrikes","Nyheter"],"inLanguage":"sv-SE"},{"@type":"WebPage","@id":"https:\/\/lightweb.dev\/l\/svm-temp\/nyheter\/karnkraftverket-almaraz-livslangd-kan-forlangas\/","url":"https:\/\/lightweb.dev\/l\/svm-temp\/nyheter\/karnkraftverket-almaraz-livslangd-kan-forlangas\/","name":"K\u00e4rnkraftverket Almaraz livsl\u00e4ngd kan f\u00f6rl\u00e4ngas - Svenska Magasinet","isPartOf":{"@id":"https:\/\/lightweb.dev\/l\/svm-temp\/#website"},"primaryImageOfPage":{"@id":"https:\/\/lightweb.dev\/l\/svm-temp\/nyheter\/karnkraftverket-almaraz-livslangd-kan-forlangas\/#primaryimage"},"image":{"@id":"https:\/\/lightweb.dev\/l\/svm-temp\/nyheter\/karnkraftverket-almaraz-livslangd-kan-forlangas\/#primaryimage"},"thumbnailUrl":"https:\/\/lightweb.dev\/l\/svm-temp\/wp-content\/uploads\/2025\/03\/svm20250325200405.webp","datePublished":"2025-06-11T08:38:42+00:00","dateModified":"2025-06-11T08:46:33+00:00","breadcrumb":{"@id":"https:\/\/lightweb.dev\/l\/svm-temp\/nyheter\/karnkraftverket-almaraz-livslangd-kan-forlangas\/#breadcrumb"},"inLanguage":"sv-SE","potentialAction":[{"@type":"ReadAction","target":["https:\/\/lightweb.dev\/l\/svm-temp\/nyheter\/karnkraftverket-almaraz-livslangd-kan-forlangas\/"]}]},{"@type":"ImageObject","inLanguage":"sv-SE","@id":"https:\/\/lightweb.dev\/l\/svm-temp\/nyheter\/karnkraftverket-almaraz-livslangd-kan-forlangas\/#primaryimage","url":"https:\/\/lightweb.dev\/l\/svm-temp\/wp-content\/uploads\/2025\/03\/svm20250325200405.webp","contentUrl":"https:\/\/lightweb.dev\/l\/svm-temp\/wp-content\/uploads\/2025\/03\/svm20250325200405.webp","width":900,"height":400,"caption":"K\u00e4rnkraftsverket i Almaraz i provinsen C\u00e1ceres(Foto: De Frobles commons.wikimedia)"},{"@type":"BreadcrumbList","@id":"https:\/\/lightweb.dev\/l\/svm-temp\/nyheter\/karnkraftverket-almaraz-livslangd-kan-forlangas\/#breadcrumb","itemListElement":[{"@type":"ListItem","position":1,"name":"Hem","item":"https:\/\/lightweb.dev\/l\/svm-temp\/"},{"@type":"ListItem","position":2,"name":"K\u00e4rnkraftverket Almaraz livsl\u00e4ngd kan f\u00f6rl\u00e4ngas"}]},{"@type":"WebSite","@id":"https:\/\/lightweb.dev\/l\/svm-temp\/#website","url":"https:\/\/lightweb.dev\/l\/svm-temp\/","name":"Svenska Magasinet","description":"Dina Spanska nyheter p&aring; Svenska","publisher":{"@id":"https:\/\/lightweb.dev\/l\/svm-temp\/#organization"},"potentialAction":[{"@type":"SearchAction","target":{"@type":"EntryPoint","urlTemplate":"https:\/\/lightweb.dev\/l\/svm-temp\/?s={search_term_string}"},"query-input":{"@type":"PropertyValueSpecification","valueRequired":true,"valueName":"search_term_string"}}],"inLanguage":"sv-SE"},{"@type":"Organization","@id":"https:\/\/lightweb.dev\/l\/svm-temp\/#organization","name":"Melkerson y Nott SL","alternateName":"Svenska Magasinet","url":"https:\/\/lightweb.dev\/l\/svm-temp\/","logo":{"@type":"ImageObject","inLanguage":"sv-SE","@id":"https:\/\/lightweb.dev\/l\/svm-temp\/#\/schema\/logo\/image\/","url":"https:\/\/lightweb.dev\/l\/svm-temp\/wp-content\/uploads\/2025\/02\/SvM-logo-Xtra-Centrerad-SVART.png","contentUrl":"https:\/\/lightweb.dev\/l\/svm-temp\/wp-content\/uploads\/2025\/02\/SvM-logo-Xtra-Centrerad-SVART.png","width":300,"height":99,"caption":"Melkerson y Nott SL"},"image":{"@id":"https:\/\/lightweb.dev\/l\/svm-temp\/#\/schema\/logo\/image\/"},"sameAs":["https:\/\/www.facebook.com\/svenskamagasinet","https:\/\/x.com\/SvenskaMagasine"]},{"@type":"Person","@id":"https:\/\/lightweb.dev\/l\/svm-temp\/#\/schema\/person\/7a82b8a73d171d32360a564b6d03508e","name":"Ola Josefsson","description":"Bevakar Solkusten och Spanien sedan 1994.","sameAs":["https:\/\/lightweb.dev\/l\/svm-temp"],"url":"https:\/\/lightweb.dev\/l\/svm-temp\/reporter\/ola-josefsson\/"}]}},"_links":{"self":[{"href":"https:\/\/lightweb.dev\/l\/svm-temp\/wp-json\/wp\/v2\/posts\/82579","targetHints":{"allow":["GET"]}}],"collection":[{"href":"https:\/\/lightweb.dev\/l\/svm-temp\/wp-json\/wp\/v2\/posts"}],"about":[{"href":"https:\/\/lightweb.dev\/l\/svm-temp\/wp-json\/wp\/v2\/types\/post"}],"author":[{"embeddable":true,"href":"https:\/\/lightweb.dev\/l\/svm-temp\/wp-json\/wp\/v2\/users\/7"}],"replies":[{"embeddable":true,"href":"https:\/\/lightweb.dev\/l\/svm-temp\/wp-json\/wp\/v2\/comments?post=82579"}],"version-history":[{"count":0,"href":"https:\/\/lightweb.dev\/l\/svm-temp\/wp-json\/wp\/v2\/posts\/82579\/revisions"}],"wp:featuredmedia":[{"embeddable":true,"href":"https:\/\/lightweb.dev\/l\/svm-temp\/wp-json\/wp\/v2\/media\/80590"}],"wp:attachment":[{"href":"https:\/\/lightweb.dev\/l\/svm-temp\/wp-json\/wp\/v2\/media?parent=82579"}],"wp:term":[{"taxonomy":"category","embeddable":true,"href":"https:\/\/lightweb.dev\/l\/svm-temp\/wp-json\/wp\/v2\/categories?post=82579"},{"taxonomy":"post_tag","embeddable":true,"href":"https:\/\/lightweb.dev\/l\/svm-temp\/wp-json\/wp\/v2\/tags?post=82579"}],"curies":[{"name":"wp","href":"https:\/\/api.w.org\/{rel}","templated":true}]}}