{"id":83092,"date":"2025-07-03T15:42:24","date_gmt":"2025-07-03T13:42:24","guid":{"rendered":"https:\/\/lightweb.dev\/l\/svm-temp\/?p=83092"},"modified":"2025-07-03T15:42:24","modified_gmt":"2025-07-03T13:42:24","slug":"antalet-overgivna-husdjur-fortsatter-att-oka","status":"publish","type":"post","link":"https:\/\/lightweb.dev\/l\/svm-temp\/nyheter\/antalet-overgivna-husdjur-fortsatter-att-oka\/","title":{"rendered":"Antalet \u00f6vergivna husdjur forts\u00e4tter att \u00f6ka"},"content":{"rendered":"<p><strong>Fler och fler av Spaniens husdjur \u00f6verges av sina \u00e4gare.<\/strong><\/p>\n<p><strong>F\u00f6r att v\u00e4nda denna sorgliga trend vill stiftelsen Affinity bland annat se b\u00e4ttre utbildning och att fler adopterar sin hund eller katt.\u00a0<\/strong><\/p>\n<p><span style=\"font-weight: 400;\">Antalet hundar och katter som \u00f6verges i Spanien forts\u00e4tter att v\u00e4xa, en trend som varit upp\u00e5tg\u00e5ende en tid. Enligt stiftelsen Affinity tog olika skyddshem emot 292 000 hundar och katter f\u00f6rra \u00e5ret.\u00a0<\/span><\/p>\n<p><span style=\"font-weight: 400;\">Det kommer in djur till hemmen i en relativt j\u00e4mn str\u00f6m under hela \u00e5ret. Men katter n\u00e5r en viss peak under sommaren p\u00e5 grund av deras reproduktionscykel. Fler kattungar f\u00f6ds p\u00e5 sommaren och m\u00e5nga vill inte ha dessa.\u00a0<\/span><\/p>\n<p><span style=\"font-weight: 400;\">Andra vanliga orsaker till att folk \u00f6verger sina husdjur \u00e4r att de helt enkelt tappar intresset eller flyttar till en bostad som inte till\u00e5ter husdjur. Enligt webbportalen Fotocasa \u00e4r endast 5 procent av bost\u00e4derna som hyrs ut djurv\u00e4nliga.\u00a0<\/span><\/p>\n<p><span style=\"font-weight: 400;\">Det g\u00e5r inte att urskilja n\u00e5gon specifik \u00e5lder i vilken djuren l\u00e4mnas. Av de hundar som r\u00e4ddades 2024 var 60 procent vuxna och bland katter \u00e4r det ganska precis 50\/50 mellan kattungar och vuxna.\u00a0\u00a0<\/span><\/p>\n<p><span style=\"font-weight: 400;\">Laura Rodriguez, som \u00e4r ansvarig f\u00f6r allm\u00e4nhetens medvetenhet p\u00e5 Affinity, s\u00e4ger att det \u00e4r alla djur\u00e4garens ansvar \u201catt upps\u00f6ka en veterin\u00e4r f\u00f6r att f\u00e5 r\u00e5d om hur man b\u00e4st kastrerar sitt husdjur\u201d. Hon till\u00e4gger att \u201catt kontrollera f\u00f6r\u00f6kningen \u00e4r v\u00e5rt ansvar\u201d och att det skulle \u201cminska frekvensen\u201d som husdjur \u00f6verges i.\u00a0<\/span><\/p>\n<h2><span style=\"font-weight: 400;\">Andra l\u00f6sningar<\/span><\/h2>\n<p><span style=\"font-weight: 400;\">Affinity f\u00f6resl\u00e5r flera \u00e5tg\u00e4rder f\u00f6r att minska antalet djur som l\u00e4mnas av sina \u00e4gare. F\u00f6rst och fr\u00e4mst vill man underl\u00e4tta identifikationen. \u201cFlera djur g\u00e5r vilse\u201d, s\u00e4ger Rodriguez och f\u00f6rklarar att antalet djur som kan identifieras \u00e4r v\u00e4ldigt l\u00e5gt, trots att det \u00e4r ett krav p\u00e5 att chippa dem. Enligt henne har 25 procent av hundarna som tas emot mikrochip medan bara 5 procent av katterna har det.\u00a0<\/span><\/p>\n<p><span style=\"font-weight: 400;\">Dessutom vill man ha b\u00e4ttre utbildning f\u00f6r \u00e4garna. Delvis s\u00e5 att de b\u00e4ttre f\u00f6rst\u00e5r vad det faktiskt inneb\u00e4r att ha ett husdjur men ocks\u00e5 s\u00e5 att de kan uppfostra sina djur p\u00e5 ett s\u00e4tt som skapar ett band till dem.<\/span><\/p>\n<p><span style=\"font-weight: 400;\">Slutligen vill de \u00e4ven fr\u00e4mja adoption av \u00f6vergivna djur \u00f6ver att k\u00f6pa fr\u00e5n uppf\u00f6dare. Detta i sig minskar inte antalet som \u00f6verges men det inneb\u00e4r att fler av dem som redan har l\u00e4mnats f\u00e5r ett nytt hem. Rodriguez uppger att detta sakta men s\u00e4kert blir mer vanligt. 2023 adopterades 45 procent av djuren som finns i olika hem och f\u00f6rra \u00e5ret 52 procent.\u00a0<\/span><\/p>\n<p>&nbsp;<\/p>\n","protected":false},"excerpt":{"rendered":"<p>Fler och fler av Spaniens husdjur \u00f6verges av sina \u00e4gare. F\u00f6r att v\u00e4nda denna sorgliga trend vill stiftelsen Affinity bland annat se b\u00e4ttre utbildning och att fler adopterar sin hund eller katt.\u00a0<\/p>\n","protected":false},"author":14,"featured_media":83091,"comment_status":"closed","ping_status":"closed","sticky":false,"template":"","format":"standard","meta":{"_et_pb_use_builder":"","_et_pb_old_content":"","_et_gb_content_width":"","footnotes":""},"categories":[395,3],"tags":[],"class_list":["post-83092","post","type-post","status-publish","format-standard","has-post-thumbnail","hentry","category-arkiv-nyheter","category-nyheter"],"yoast_head":"<!-- This site is optimized with the Yoast SEO Premium plugin v26.2 (Yoast SEO v28.2) - https:\/\/yoast.com\/product\/yoast-seo-premium-wordpress\/ -->\n<title>Antalet \u00f6vergivna husdjur forts\u00e4tter att \u00f6ka - Svenska Magasinet<\/title>\n<meta name=\"robots\" content=\"noindex, follow, max-snippet:-1, max-image-preview:large, max-video-preview:-1\" \/>\n<meta property=\"og:locale\" content=\"sv_SE\" \/>\n<meta property=\"og:type\" content=\"article\" \/>\n<meta property=\"og:title\" content=\"Antalet \u00f6vergivna husdjur forts\u00e4tter att \u00f6ka\" \/>\n<meta property=\"og:description\" content=\"Fler och fler av Spaniens husdjur \u00f6verges av sina \u00e4gare. F\u00f6r att v\u00e4nda denna sorgliga trend vill stiftelsen Affinity bland annat se b\u00e4ttre utbildning och att fler adopterar sin hund eller katt.\u00a0\" \/>\n<meta property=\"og:url\" content=\"https:\/\/lightweb.dev\/l\/svm-temp\/nyheter\/antalet-overgivna-husdjur-fortsatter-att-oka\/\" \/>\n<meta property=\"og:site_name\" content=\"Svenska Magasinet\" \/>\n<meta property=\"article:publisher\" content=\"https:\/\/www.facebook.com\/svenskamagasinet\" \/>\n<meta property=\"article:published_time\" content=\"2025-07-03T13:42:24+00:00\" \/>\n<meta property=\"og:image\" content=\"https:\/\/lightweb.dev\/l\/svm-temp\/wp-content\/uploads\/2025\/07\/svm20250703124922.webp\" \/>\n\t<meta property=\"og:image:width\" content=\"900\" \/>\n\t<meta property=\"og:image:height\" content=\"400\" \/>\n\t<meta property=\"og:image:type\" content=\"image\/webp\" \/>\n<meta name=\"author\" content=\"Robbie Eriksson\" \/>\n<meta name=\"twitter:card\" content=\"summary_large_image\" \/>\n<meta name=\"twitter:creator\" content=\"@SvenskaMagasine\" \/>\n<meta name=\"twitter:site\" content=\"@SvenskaMagasine\" \/>\n<script type=\"application\/ld+json\" class=\"yoast-schema-graph\">{\"@context\":\"https:\\\/\\\/schema.org\",\"@graph\":[{\"@type\":\"Article\",\"@id\":\"https:\\\/\\\/lightweb.dev\\\/l\\\/svm-temp\\\/nyheter\\\/antalet-overgivna-husdjur-fortsatter-att-oka\\\/#article\",\"isPartOf\":{\"@id\":\"https:\\\/\\\/lightweb.dev\\\/l\\\/svm-temp\\\/nyheter\\\/antalet-overgivna-husdjur-fortsatter-att-oka\\\/\"},\"author\":{\"name\":\"Robbie Eriksson\",\"@id\":\"https:\\\/\\\/lightweb.dev\\\/l\\\/svm-temp\\\/#\\\/schema\\\/person\\\/caffe038990d25722f5a04a03c906a2b\"},\"headline\":\"Antalet \u00f6vergivna husdjur forts\u00e4tter att \u00f6ka\",\"datePublished\":\"2025-07-03T13:42:24+00:00\",\"mainEntityOfPage\":{\"@id\":\"https:\\\/\\\/lightweb.dev\\\/l\\\/svm-temp\\\/nyheter\\\/antalet-overgivna-husdjur-fortsatter-att-oka\\\/\"},\"wordCount\":457,\"publisher\":{\"@id\":\"https:\\\/\\\/lightweb.dev\\\/l\\\/svm-temp\\\/#organization\"},\"image\":{\"@id\":\"https:\\\/\\\/lightweb.dev\\\/l\\\/svm-temp\\\/nyheter\\\/antalet-overgivna-husdjur-fortsatter-att-oka\\\/#primaryimage\"},\"thumbnailUrl\":\"https:\\\/\\\/lightweb.dev\\\/l\\\/svm-temp\\\/wp-content\\\/uploads\\\/2025\\\/07\\\/svm20250703124922.webp\",\"articleSection\":[\"Arkiv\",\"Nyheter\"],\"inLanguage\":\"sv-SE\"},{\"@type\":\"WebPage\",\"@id\":\"https:\\\/\\\/lightweb.dev\\\/l\\\/svm-temp\\\/nyheter\\\/antalet-overgivna-husdjur-fortsatter-att-oka\\\/\",\"url\":\"https:\\\/\\\/lightweb.dev\\\/l\\\/svm-temp\\\/nyheter\\\/antalet-overgivna-husdjur-fortsatter-att-oka\\\/\",\"name\":\"Antalet \u00f6vergivna husdjur forts\u00e4tter att \u00f6ka - Svenska Magasinet\",\"isPartOf\":{\"@id\":\"https:\\\/\\\/lightweb.dev\\\/l\\\/svm-temp\\\/#website\"},\"primaryImageOfPage\":{\"@id\":\"https:\\\/\\\/lightweb.dev\\\/l\\\/svm-temp\\\/nyheter\\\/antalet-overgivna-husdjur-fortsatter-att-oka\\\/#primaryimage\"},\"image\":{\"@id\":\"https:\\\/\\\/lightweb.dev\\\/l\\\/svm-temp\\\/nyheter\\\/antalet-overgivna-husdjur-fortsatter-att-oka\\\/#primaryimage\"},\"thumbnailUrl\":\"https:\\\/\\\/lightweb.dev\\\/l\\\/svm-temp\\\/wp-content\\\/uploads\\\/2025\\\/07\\\/svm20250703124922.webp\",\"datePublished\":\"2025-07-03T13:42:24+00:00\",\"breadcrumb\":{\"@id\":\"https:\\\/\\\/lightweb.dev\\\/l\\\/svm-temp\\\/nyheter\\\/antalet-overgivna-husdjur-fortsatter-att-oka\\\/#breadcrumb\"},\"inLanguage\":\"sv-SE\",\"potentialAction\":[{\"@type\":\"ReadAction\",\"target\":[\"https:\\\/\\\/lightweb.dev\\\/l\\\/svm-temp\\\/nyheter\\\/antalet-overgivna-husdjur-fortsatter-att-oka\\\/\"]}]},{\"@type\":\"ImageObject\",\"inLanguage\":\"sv-SE\",\"@id\":\"https:\\\/\\\/lightweb.dev\\\/l\\\/svm-temp\\\/nyheter\\\/antalet-overgivna-husdjur-fortsatter-att-oka\\\/#primaryimage\",\"url\":\"https:\\\/\\\/lightweb.dev\\\/l\\\/svm-temp\\\/wp-content\\\/uploads\\\/2025\\\/07\\\/svm20250703124922.webp\",\"contentUrl\":\"https:\\\/\\\/lightweb.dev\\\/l\\\/svm-temp\\\/wp-content\\\/uploads\\\/2025\\\/07\\\/svm20250703124922.webp\",\"width\":900,\"height\":400},{\"@type\":\"BreadcrumbList\",\"@id\":\"https:\\\/\\\/lightweb.dev\\\/l\\\/svm-temp\\\/nyheter\\\/antalet-overgivna-husdjur-fortsatter-att-oka\\\/#breadcrumb\",\"itemListElement\":[{\"@type\":\"ListItem\",\"position\":1,\"name\":\"Hem\",\"item\":\"https:\\\/\\\/lightweb.dev\\\/l\\\/svm-temp\\\/\"},{\"@type\":\"ListItem\",\"position\":2,\"name\":\"Antalet \u00f6vergivna husdjur forts\u00e4tter att \u00f6ka\"}]},{\"@type\":\"WebSite\",\"@id\":\"https:\\\/\\\/lightweb.dev\\\/l\\\/svm-temp\\\/#website\",\"url\":\"https:\\\/\\\/lightweb.dev\\\/l\\\/svm-temp\\\/\",\"name\":\"Svenska Magasinet\",\"description\":\"Dina Spanska nyheter p&aring; Svenska\",\"publisher\":{\"@id\":\"https:\\\/\\\/lightweb.dev\\\/l\\\/svm-temp\\\/#organization\"},\"potentialAction\":[{\"@type\":\"SearchAction\",\"target\":{\"@type\":\"EntryPoint\",\"urlTemplate\":\"https:\\\/\\\/lightweb.dev\\\/l\\\/svm-temp\\\/?s={search_term_string}\"},\"query-input\":{\"@type\":\"PropertyValueSpecification\",\"valueRequired\":true,\"valueName\":\"search_term_string\"}}],\"inLanguage\":\"sv-SE\"},{\"@type\":\"Organization\",\"@id\":\"https:\\\/\\\/lightweb.dev\\\/l\\\/svm-temp\\\/#organization\",\"name\":\"Melkerson y Nott SL\",\"alternateName\":\"Svenska Magasinet\",\"url\":\"https:\\\/\\\/lightweb.dev\\\/l\\\/svm-temp\\\/\",\"logo\":{\"@type\":\"ImageObject\",\"inLanguage\":\"sv-SE\",\"@id\":\"https:\\\/\\\/lightweb.dev\\\/l\\\/svm-temp\\\/#\\\/schema\\\/logo\\\/image\\\/\",\"url\":\"https:\\\/\\\/lightweb.dev\\\/l\\\/svm-temp\\\/wp-content\\\/uploads\\\/2025\\\/02\\\/SvM-logo-Xtra-Centrerad-SVART.png\",\"contentUrl\":\"https:\\\/\\\/lightweb.dev\\\/l\\\/svm-temp\\\/wp-content\\\/uploads\\\/2025\\\/02\\\/SvM-logo-Xtra-Centrerad-SVART.png\",\"width\":300,\"height\":99,\"caption\":\"Melkerson y Nott SL\"},\"image\":{\"@id\":\"https:\\\/\\\/lightweb.dev\\\/l\\\/svm-temp\\\/#\\\/schema\\\/logo\\\/image\\\/\"},\"sameAs\":[\"https:\\\/\\\/www.facebook.com\\\/svenskamagasinet\",\"https:\\\/\\\/x.com\\\/SvenskaMagasine\"]},{\"@type\":\"Person\",\"@id\":\"https:\\\/\\\/lightweb.dev\\\/l\\\/svm-temp\\\/#\\\/schema\\\/person\\\/caffe038990d25722f5a04a03c906a2b\",\"name\":\"Robbie Eriksson\",\"sameAs\":[\"https:\\\/\\\/lightweb.dev\\\/l\\\/svm-temp\"],\"url\":\"https:\\\/\\\/lightweb.dev\\\/l\\\/svm-temp\\\/reporter\\\/robbie-eriksson\\\/\"}]}<\/script>\n<!-- \/ Yoast SEO Premium plugin. -->","yoast_head_json":{"title":"Antalet \u00f6vergivna husdjur forts\u00e4tter att \u00f6ka - Svenska Magasinet","robots":{"index":"noindex","follow":"follow","max-snippet":"max-snippet:-1","max-image-preview":"max-image-preview:large","max-video-preview":"max-video-preview:-1"},"og_locale":"sv_SE","og_type":"article","og_title":"Antalet \u00f6vergivna husdjur forts\u00e4tter att \u00f6ka","og_description":"Fler och fler av Spaniens husdjur \u00f6verges av sina \u00e4gare. F\u00f6r att v\u00e4nda denna sorgliga trend vill stiftelsen Affinity bland annat se b\u00e4ttre utbildning och att fler adopterar sin hund eller katt.\u00a0","og_url":"https:\/\/lightweb.dev\/l\/svm-temp\/nyheter\/antalet-overgivna-husdjur-fortsatter-att-oka\/","og_site_name":"Svenska Magasinet","article_publisher":"https:\/\/www.facebook.com\/svenskamagasinet","article_published_time":"2025-07-03T13:42:24+00:00","og_image":[{"width":900,"height":400,"url":"https:\/\/lightweb.dev\/l\/svm-temp\/wp-content\/uploads\/2025\/07\/svm20250703124922.webp","type":"image\/webp"}],"author":"Robbie Eriksson","twitter_card":"summary_large_image","twitter_creator":"@SvenskaMagasine","twitter_site":"@SvenskaMagasine","schema":{"@context":"https:\/\/schema.org","@graph":[{"@type":"Article","@id":"https:\/\/lightweb.dev\/l\/svm-temp\/nyheter\/antalet-overgivna-husdjur-fortsatter-att-oka\/#article","isPartOf":{"@id":"https:\/\/lightweb.dev\/l\/svm-temp\/nyheter\/antalet-overgivna-husdjur-fortsatter-att-oka\/"},"author":{"name":"Robbie Eriksson","@id":"https:\/\/lightweb.dev\/l\/svm-temp\/#\/schema\/person\/caffe038990d25722f5a04a03c906a2b"},"headline":"Antalet \u00f6vergivna husdjur forts\u00e4tter att \u00f6ka","datePublished":"2025-07-03T13:42:24+00:00","mainEntityOfPage":{"@id":"https:\/\/lightweb.dev\/l\/svm-temp\/nyheter\/antalet-overgivna-husdjur-fortsatter-att-oka\/"},"wordCount":457,"publisher":{"@id":"https:\/\/lightweb.dev\/l\/svm-temp\/#organization"},"image":{"@id":"https:\/\/lightweb.dev\/l\/svm-temp\/nyheter\/antalet-overgivna-husdjur-fortsatter-att-oka\/#primaryimage"},"thumbnailUrl":"https:\/\/lightweb.dev\/l\/svm-temp\/wp-content\/uploads\/2025\/07\/svm20250703124922.webp","articleSection":["Arkiv","Nyheter"],"inLanguage":"sv-SE"},{"@type":"WebPage","@id":"https:\/\/lightweb.dev\/l\/svm-temp\/nyheter\/antalet-overgivna-husdjur-fortsatter-att-oka\/","url":"https:\/\/lightweb.dev\/l\/svm-temp\/nyheter\/antalet-overgivna-husdjur-fortsatter-att-oka\/","name":"Antalet \u00f6vergivna husdjur forts\u00e4tter att \u00f6ka - Svenska Magasinet","isPartOf":{"@id":"https:\/\/lightweb.dev\/l\/svm-temp\/#website"},"primaryImageOfPage":{"@id":"https:\/\/lightweb.dev\/l\/svm-temp\/nyheter\/antalet-overgivna-husdjur-fortsatter-att-oka\/#primaryimage"},"image":{"@id":"https:\/\/lightweb.dev\/l\/svm-temp\/nyheter\/antalet-overgivna-husdjur-fortsatter-att-oka\/#primaryimage"},"thumbnailUrl":"https:\/\/lightweb.dev\/l\/svm-temp\/wp-content\/uploads\/2025\/07\/svm20250703124922.webp","datePublished":"2025-07-03T13:42:24+00:00","breadcrumb":{"@id":"https:\/\/lightweb.dev\/l\/svm-temp\/nyheter\/antalet-overgivna-husdjur-fortsatter-att-oka\/#breadcrumb"},"inLanguage":"sv-SE","potentialAction":[{"@type":"ReadAction","target":["https:\/\/lightweb.dev\/l\/svm-temp\/nyheter\/antalet-overgivna-husdjur-fortsatter-att-oka\/"]}]},{"@type":"ImageObject","inLanguage":"sv-SE","@id":"https:\/\/lightweb.dev\/l\/svm-temp\/nyheter\/antalet-overgivna-husdjur-fortsatter-att-oka\/#primaryimage","url":"https:\/\/lightweb.dev\/l\/svm-temp\/wp-content\/uploads\/2025\/07\/svm20250703124922.webp","contentUrl":"https:\/\/lightweb.dev\/l\/svm-temp\/wp-content\/uploads\/2025\/07\/svm20250703124922.webp","width":900,"height":400},{"@type":"BreadcrumbList","@id":"https:\/\/lightweb.dev\/l\/svm-temp\/nyheter\/antalet-overgivna-husdjur-fortsatter-att-oka\/#breadcrumb","itemListElement":[{"@type":"ListItem","position":1,"name":"Hem","item":"https:\/\/lightweb.dev\/l\/svm-temp\/"},{"@type":"ListItem","position":2,"name":"Antalet \u00f6vergivna husdjur forts\u00e4tter att \u00f6ka"}]},{"@type":"WebSite","@id":"https:\/\/lightweb.dev\/l\/svm-temp\/#website","url":"https:\/\/lightweb.dev\/l\/svm-temp\/","name":"Svenska Magasinet","description":"Dina Spanska nyheter p&aring; Svenska","publisher":{"@id":"https:\/\/lightweb.dev\/l\/svm-temp\/#organization"},"potentialAction":[{"@type":"SearchAction","target":{"@type":"EntryPoint","urlTemplate":"https:\/\/lightweb.dev\/l\/svm-temp\/?s={search_term_string}"},"query-input":{"@type":"PropertyValueSpecification","valueRequired":true,"valueName":"search_term_string"}}],"inLanguage":"sv-SE"},{"@type":"Organization","@id":"https:\/\/lightweb.dev\/l\/svm-temp\/#organization","name":"Melkerson y Nott SL","alternateName":"Svenska Magasinet","url":"https:\/\/lightweb.dev\/l\/svm-temp\/","logo":{"@type":"ImageObject","inLanguage":"sv-SE","@id":"https:\/\/lightweb.dev\/l\/svm-temp\/#\/schema\/logo\/image\/","url":"https:\/\/lightweb.dev\/l\/svm-temp\/wp-content\/uploads\/2025\/02\/SvM-logo-Xtra-Centrerad-SVART.png","contentUrl":"https:\/\/lightweb.dev\/l\/svm-temp\/wp-content\/uploads\/2025\/02\/SvM-logo-Xtra-Centrerad-SVART.png","width":300,"height":99,"caption":"Melkerson y Nott SL"},"image":{"@id":"https:\/\/lightweb.dev\/l\/svm-temp\/#\/schema\/logo\/image\/"},"sameAs":["https:\/\/www.facebook.com\/svenskamagasinet","https:\/\/x.com\/SvenskaMagasine"]},{"@type":"Person","@id":"https:\/\/lightweb.dev\/l\/svm-temp\/#\/schema\/person\/caffe038990d25722f5a04a03c906a2b","name":"Robbie Eriksson","sameAs":["https:\/\/lightweb.dev\/l\/svm-temp"],"url":"https:\/\/lightweb.dev\/l\/svm-temp\/reporter\/robbie-eriksson\/"}]}},"_links":{"self":[{"href":"https:\/\/lightweb.dev\/l\/svm-temp\/wp-json\/wp\/v2\/posts\/83092","targetHints":{"allow":["GET"]}}],"collection":[{"href":"https:\/\/lightweb.dev\/l\/svm-temp\/wp-json\/wp\/v2\/posts"}],"about":[{"href":"https:\/\/lightweb.dev\/l\/svm-temp\/wp-json\/wp\/v2\/types\/post"}],"author":[{"embeddable":true,"href":"https:\/\/lightweb.dev\/l\/svm-temp\/wp-json\/wp\/v2\/users\/14"}],"replies":[{"embeddable":true,"href":"https:\/\/lightweb.dev\/l\/svm-temp\/wp-json\/wp\/v2\/comments?post=83092"}],"version-history":[{"count":0,"href":"https:\/\/lightweb.dev\/l\/svm-temp\/wp-json\/wp\/v2\/posts\/83092\/revisions"}],"wp:featuredmedia":[{"embeddable":true,"href":"https:\/\/lightweb.dev\/l\/svm-temp\/wp-json\/wp\/v2\/media\/83091"}],"wp:attachment":[{"href":"https:\/\/lightweb.dev\/l\/svm-temp\/wp-json\/wp\/v2\/media?parent=83092"}],"wp:term":[{"taxonomy":"category","embeddable":true,"href":"https:\/\/lightweb.dev\/l\/svm-temp\/wp-json\/wp\/v2\/categories?post=83092"},{"taxonomy":"post_tag","embeddable":true,"href":"https:\/\/lightweb.dev\/l\/svm-temp\/wp-json\/wp\/v2\/tags?post=83092"}],"curies":[{"name":"wp","href":"https:\/\/api.w.org\/{rel}","templated":true}]}}