{"id":83109,"date":"2025-07-04T16:39:01","date_gmt":"2025-07-04T14:39:01","guid":{"rendered":"https:\/\/lightweb.dev\/l\/svm-temp\/?p=83109"},"modified":"2025-07-04T16:39:01","modified_gmt":"2025-07-04T14:39:01","slug":"andalusien-blir-dyrare-och-dyrare-for-lokalbefolkningen","status":"publish","type":"post","link":"https:\/\/lightweb.dev\/l\/svm-temp\/nyheter\/andalusien-blir-dyrare-och-dyrare-for-lokalbefolkningen\/","title":{"rendered":"Andalusien blir dyrare och dyrare f\u00f6r lokalbefolkningen"},"content":{"rendered":"<p><strong>Ett genomsnittligt andalusiskt hush\u00e5ll l\u00e4gger en allt st\u00f6rre del av sin \u00e5rliga budget p\u00e5 bostad och livsmedel.\u00a0<\/strong><\/p>\n<p><span style=\"font-weight: 400;\"><strong>Detta inneb\u00e4r att de har f\u00e5tt dra ner p\u00e5 n\u00f6jen som att \u00e4ta p\u00e5 restaurang eller bes\u00f6ka kulturella aktiviteter.<\/strong>\u00a0<\/span><\/p>\n<p><span style=\"font-weight: 400;\">Enligt siffror fr\u00e5n det nationella institutet f\u00f6r statistik (INE) spenderade ett genomsnittligt hush\u00e5ll i Andalusien 30 145,14 euro under 2024. Det \u00e4r en knapp \u00e5rlig \u00f6kning som motsvarar 0,8 procent. Samtidigt var den \u00e5rliga \u00f6kningen i hela landet 4,4 procent och totalen \u00f6versteg 34 000 euro.\u00a0<\/span><\/p>\n<p><span style=\"font-weight: 400;\">Av dessa drygt 30 000 euro gick n\u00e4stan en tredjedel (9 011,76) till att betala f\u00f6r boende samt kostnader knutna till det som vatten, elektricitet eller gas. Samma siffror p\u00e5 nationell \u00e4r 11, 029 euro vilket \u00e4r 6,1 procent mer \u00e4n 2023.\u00a0<\/span><\/p>\n<p><span style=\"font-weight: 400;\">Det som andalusiska familjer lade n\u00e4st mest pengar p\u00e5 var livsmedel vilket motsvarade 17,76 procent (5 353,52 euro) av totalsumman. H\u00e4r ligger regionen i linje med \u00f6vriga Spanien men det inneb\u00e4r att siffran har \u00f6kat snabbare \u00e4n i resten av landet. J\u00e4mf\u00f6rt med 2023 spenderade andalusierna 2,9 procent mer i matbutikerna vilket \u00e4r en n\u00e4stan tre g\u00e5nger s\u00e5 stor \u00f6kning som det nationella snittet.\u00a0\u00a0\u00a0<\/span><\/p>\n<p><span style=\"font-weight: 400;\">Allt detta betyder att utgifterna f\u00f6r andalusiska hush\u00e5ll \u00f6kar i ungef\u00e4r samma takt som i resten av landet. N\u00e4stan h\u00e4lften av all inkomst g\u00e5r till att betala f\u00f6r livsviktiga saker som bostad och mat. Men i relativa tal blir Andalusien dyrare i snabbare takt eftersom inkomsterna inte har \u00f6kat lika mycket som i resten av Spanien. Den \u00e5rliga budgeten f\u00f6r ett hush\u00e5ll i Andalusien \u00f6kade med 0,8 procent mellan 2023 och 2024 och i Spanien med betydligt h\u00f6gre 4,4 procent.\u00a0<\/span><\/p>\n<h2><span style=\"font-weight: 400;\">Dra tillbaka p\u00e5 utgifter<\/span><\/h2>\n<p><span style=\"font-weight: 400;\">F\u00f6r att ha r\u00e5d med de \u00f6kade kostnaderna p\u00e5 hem och mat har andalusierna dragit tillbaka p\u00e5 andra kostnader. Enligt INE \u00e4r dessa framf\u00f6rallt fritidsaktiviteter som tr\u00e4ning eller kulturella aktiviteter. F\u00f6rra \u00e5ret lades 1 291,30 euro inom detta omr\u00e5de vilket \u00e4r en minskning med 7,6 procent mot 2023. Samtidigt \u00f6kade siffran i hela landet med 13,1 procent och kom upp i 1 700 euro totalt.\u00a0<\/span><\/p>\n<p><span style=\"font-weight: 400;\">N\u00e4r det g\u00e4ller att \u00e4ta p\u00e5 restaurang eller bo p\u00e5 hotell drog andalusierna ner 6,7 procent och landande totalt p\u00e5 3 226,25 euro (10,7 procent av de totala utgifterna). Detta \u00e4r ungef\u00e4r samma siffror som f\u00f6r resten av landet, 3 373,68 euro och 10 procent av totalen, men i detta fall \u00e4r det Spanien som kommit ikapp Andalusien d\u00e5 detta motsvarar en \u00f6kning med 2 procent.\u00a0\u00a0<\/span><\/p>\n<p><span style=\"font-weight: 400;\">Andalusierna har \u00e4ven dragit ner p\u00e5 sina utgifter f\u00f6r att k\u00f6pa alkohol. F\u00f6rra \u00e5ret k\u00f6pte de \u00f6l, vin och sprit f\u00f6r totalt 470 euro vilket \u00e4r 8 procent mindre \u00e4n 2023. \u00c4ven p\u00e5 nationell niv\u00e5 minskar denna siffra men bara med 5,4 procent (447 euro).<\/span><\/p>\n<p><span style=\"font-weight: 400;\">Andra utgifter som andalusierna minskade var kl\u00e4der och skor (-1,8 procent) och m\u00f6bler och hush\u00e5llsprodukter (-5,8).\u00a0<\/span><\/p>\n","protected":false},"excerpt":{"rendered":"<p>Ett genomsnittligt andalusiskt hush\u00e5ll l\u00e4gger en allt st\u00f6rre del av sin \u00e5rliga budget p\u00e5 bostad och livsmedel.\u00a0Detta inneb\u00e4r att de har f\u00e5tt dra ner p\u00e5 n\u00f6jen som att \u00e4ta p\u00e5 restaurang eller bes\u00f6ka kulturella aktiviteter.<\/p>\n","protected":false},"author":14,"featured_media":83097,"comment_status":"closed","ping_status":"closed","sticky":false,"template":"","format":"standard","meta":{"_et_pb_use_builder":"","_et_pb_old_content":"","_et_gb_content_width":"","footnotes":""},"categories":[351,3],"tags":[],"class_list":["post-83109","post","type-post","status-publish","format-standard","has-post-thumbnail","hentry","category-ekonomi-nyheter","category-nyheter"],"yoast_head":"<!-- This site is optimized with the Yoast SEO Premium plugin v26.2 (Yoast SEO v28.2) - https:\/\/yoast.com\/product\/yoast-seo-premium-wordpress\/ -->\n<title>Andalusien blir dyrare och dyrare f\u00f6r lokalbefolkningen - Svenska Magasinet<\/title>\n<meta name=\"robots\" content=\"noindex, follow, max-snippet:-1, max-image-preview:large, max-video-preview:-1\" \/>\n<meta property=\"og:locale\" content=\"sv_SE\" \/>\n<meta property=\"og:type\" content=\"article\" \/>\n<meta property=\"og:title\" content=\"Andalusien blir dyrare och dyrare f\u00f6r lokalbefolkningen\" \/>\n<meta property=\"og:description\" content=\"Ett genomsnittligt andalusiskt hush\u00e5ll l\u00e4gger en allt st\u00f6rre del av sin \u00e5rliga budget p\u00e5 bostad och livsmedel.\u00a0Detta inneb\u00e4r att de har f\u00e5tt dra ner p\u00e5 n\u00f6jen som att \u00e4ta p\u00e5 restaurang eller bes\u00f6ka kulturella aktiviteter.\" \/>\n<meta property=\"og:url\" content=\"https:\/\/lightweb.dev\/l\/svm-temp\/nyheter\/andalusien-blir-dyrare-och-dyrare-for-lokalbefolkningen\/\" \/>\n<meta property=\"og:site_name\" content=\"Svenska Magasinet\" \/>\n<meta property=\"article:publisher\" content=\"https:\/\/www.facebook.com\/svenskamagasinet\" \/>\n<meta property=\"article:published_time\" content=\"2025-07-04T14:39:01+00:00\" \/>\n<meta property=\"og:image\" content=\"https:\/\/lightweb.dev\/l\/svm-temp\/wp-content\/uploads\/2025\/07\/svm20250704141420.webp\" \/>\n\t<meta property=\"og:image:width\" content=\"900\" \/>\n\t<meta property=\"og:image:height\" content=\"400\" \/>\n\t<meta property=\"og:image:type\" content=\"image\/webp\" \/>\n<meta name=\"author\" content=\"Robbie Eriksson\" \/>\n<meta name=\"twitter:card\" content=\"summary_large_image\" \/>\n<meta name=\"twitter:creator\" content=\"@SvenskaMagasine\" \/>\n<meta name=\"twitter:site\" content=\"@SvenskaMagasine\" \/>\n<script type=\"application\/ld+json\" class=\"yoast-schema-graph\">{\"@context\":\"https:\\\/\\\/schema.org\",\"@graph\":[{\"@type\":\"Article\",\"@id\":\"https:\\\/\\\/lightweb.dev\\\/l\\\/svm-temp\\\/nyheter\\\/andalusien-blir-dyrare-och-dyrare-for-lokalbefolkningen\\\/#article\",\"isPartOf\":{\"@id\":\"https:\\\/\\\/lightweb.dev\\\/l\\\/svm-temp\\\/nyheter\\\/andalusien-blir-dyrare-och-dyrare-for-lokalbefolkningen\\\/\"},\"author\":{\"name\":\"Robbie Eriksson\",\"@id\":\"https:\\\/\\\/lightweb.dev\\\/l\\\/svm-temp\\\/#\\\/schema\\\/person\\\/caffe038990d25722f5a04a03c906a2b\"},\"headline\":\"Andalusien blir dyrare och dyrare f\u00f6r lokalbefolkningen\",\"datePublished\":\"2025-07-04T14:39:01+00:00\",\"mainEntityOfPage\":{\"@id\":\"https:\\\/\\\/lightweb.dev\\\/l\\\/svm-temp\\\/nyheter\\\/andalusien-blir-dyrare-och-dyrare-for-lokalbefolkningen\\\/\"},\"wordCount\":475,\"publisher\":{\"@id\":\"https:\\\/\\\/lightweb.dev\\\/l\\\/svm-temp\\\/#organization\"},\"image\":{\"@id\":\"https:\\\/\\\/lightweb.dev\\\/l\\\/svm-temp\\\/nyheter\\\/andalusien-blir-dyrare-och-dyrare-for-lokalbefolkningen\\\/#primaryimage\"},\"thumbnailUrl\":\"https:\\\/\\\/lightweb.dev\\\/l\\\/svm-temp\\\/wp-content\\\/uploads\\\/2025\\\/07\\\/svm20250704141420.webp\",\"articleSection\":[\"Ekonomi\",\"Nyheter\"],\"inLanguage\":\"sv-SE\"},{\"@type\":\"WebPage\",\"@id\":\"https:\\\/\\\/lightweb.dev\\\/l\\\/svm-temp\\\/nyheter\\\/andalusien-blir-dyrare-och-dyrare-for-lokalbefolkningen\\\/\",\"url\":\"https:\\\/\\\/lightweb.dev\\\/l\\\/svm-temp\\\/nyheter\\\/andalusien-blir-dyrare-och-dyrare-for-lokalbefolkningen\\\/\",\"name\":\"Andalusien blir dyrare och dyrare f\u00f6r lokalbefolkningen - Svenska Magasinet\",\"isPartOf\":{\"@id\":\"https:\\\/\\\/lightweb.dev\\\/l\\\/svm-temp\\\/#website\"},\"primaryImageOfPage\":{\"@id\":\"https:\\\/\\\/lightweb.dev\\\/l\\\/svm-temp\\\/nyheter\\\/andalusien-blir-dyrare-och-dyrare-for-lokalbefolkningen\\\/#primaryimage\"},\"image\":{\"@id\":\"https:\\\/\\\/lightweb.dev\\\/l\\\/svm-temp\\\/nyheter\\\/andalusien-blir-dyrare-och-dyrare-for-lokalbefolkningen\\\/#primaryimage\"},\"thumbnailUrl\":\"https:\\\/\\\/lightweb.dev\\\/l\\\/svm-temp\\\/wp-content\\\/uploads\\\/2025\\\/07\\\/svm20250704141420.webp\",\"datePublished\":\"2025-07-04T14:39:01+00:00\",\"breadcrumb\":{\"@id\":\"https:\\\/\\\/lightweb.dev\\\/l\\\/svm-temp\\\/nyheter\\\/andalusien-blir-dyrare-och-dyrare-for-lokalbefolkningen\\\/#breadcrumb\"},\"inLanguage\":\"sv-SE\",\"potentialAction\":[{\"@type\":\"ReadAction\",\"target\":[\"https:\\\/\\\/lightweb.dev\\\/l\\\/svm-temp\\\/nyheter\\\/andalusien-blir-dyrare-och-dyrare-for-lokalbefolkningen\\\/\"]}]},{\"@type\":\"ImageObject\",\"inLanguage\":\"sv-SE\",\"@id\":\"https:\\\/\\\/lightweb.dev\\\/l\\\/svm-temp\\\/nyheter\\\/andalusien-blir-dyrare-och-dyrare-for-lokalbefolkningen\\\/#primaryimage\",\"url\":\"https:\\\/\\\/lightweb.dev\\\/l\\\/svm-temp\\\/wp-content\\\/uploads\\\/2025\\\/07\\\/svm20250704141420.webp\",\"contentUrl\":\"https:\\\/\\\/lightweb.dev\\\/l\\\/svm-temp\\\/wp-content\\\/uploads\\\/2025\\\/07\\\/svm20250704141420.webp\",\"width\":900,\"height\":400},{\"@type\":\"BreadcrumbList\",\"@id\":\"https:\\\/\\\/lightweb.dev\\\/l\\\/svm-temp\\\/nyheter\\\/andalusien-blir-dyrare-och-dyrare-for-lokalbefolkningen\\\/#breadcrumb\",\"itemListElement\":[{\"@type\":\"ListItem\",\"position\":1,\"name\":\"Hem\",\"item\":\"https:\\\/\\\/lightweb.dev\\\/l\\\/svm-temp\\\/\"},{\"@type\":\"ListItem\",\"position\":2,\"name\":\"Andalusien blir dyrare och dyrare f\u00f6r lokalbefolkningen\"}]},{\"@type\":\"WebSite\",\"@id\":\"https:\\\/\\\/lightweb.dev\\\/l\\\/svm-temp\\\/#website\",\"url\":\"https:\\\/\\\/lightweb.dev\\\/l\\\/svm-temp\\\/\",\"name\":\"Svenska Magasinet\",\"description\":\"Dina Spanska nyheter p&aring; Svenska\",\"publisher\":{\"@id\":\"https:\\\/\\\/lightweb.dev\\\/l\\\/svm-temp\\\/#organization\"},\"potentialAction\":[{\"@type\":\"SearchAction\",\"target\":{\"@type\":\"EntryPoint\",\"urlTemplate\":\"https:\\\/\\\/lightweb.dev\\\/l\\\/svm-temp\\\/?s={search_term_string}\"},\"query-input\":{\"@type\":\"PropertyValueSpecification\",\"valueRequired\":true,\"valueName\":\"search_term_string\"}}],\"inLanguage\":\"sv-SE\"},{\"@type\":\"Organization\",\"@id\":\"https:\\\/\\\/lightweb.dev\\\/l\\\/svm-temp\\\/#organization\",\"name\":\"Melkerson y Nott SL\",\"alternateName\":\"Svenska Magasinet\",\"url\":\"https:\\\/\\\/lightweb.dev\\\/l\\\/svm-temp\\\/\",\"logo\":{\"@type\":\"ImageObject\",\"inLanguage\":\"sv-SE\",\"@id\":\"https:\\\/\\\/lightweb.dev\\\/l\\\/svm-temp\\\/#\\\/schema\\\/logo\\\/image\\\/\",\"url\":\"https:\\\/\\\/lightweb.dev\\\/l\\\/svm-temp\\\/wp-content\\\/uploads\\\/2025\\\/02\\\/SvM-logo-Xtra-Centrerad-SVART.png\",\"contentUrl\":\"https:\\\/\\\/lightweb.dev\\\/l\\\/svm-temp\\\/wp-content\\\/uploads\\\/2025\\\/02\\\/SvM-logo-Xtra-Centrerad-SVART.png\",\"width\":300,\"height\":99,\"caption\":\"Melkerson y Nott SL\"},\"image\":{\"@id\":\"https:\\\/\\\/lightweb.dev\\\/l\\\/svm-temp\\\/#\\\/schema\\\/logo\\\/image\\\/\"},\"sameAs\":[\"https:\\\/\\\/www.facebook.com\\\/svenskamagasinet\",\"https:\\\/\\\/x.com\\\/SvenskaMagasine\"]},{\"@type\":\"Person\",\"@id\":\"https:\\\/\\\/lightweb.dev\\\/l\\\/svm-temp\\\/#\\\/schema\\\/person\\\/caffe038990d25722f5a04a03c906a2b\",\"name\":\"Robbie Eriksson\",\"sameAs\":[\"https:\\\/\\\/lightweb.dev\\\/l\\\/svm-temp\"],\"url\":\"https:\\\/\\\/lightweb.dev\\\/l\\\/svm-temp\\\/reporter\\\/robbie-eriksson\\\/\"}]}<\/script>\n<!-- \/ Yoast SEO Premium plugin. -->","yoast_head_json":{"title":"Andalusien blir dyrare och dyrare f\u00f6r lokalbefolkningen - Svenska Magasinet","robots":{"index":"noindex","follow":"follow","max-snippet":"max-snippet:-1","max-image-preview":"max-image-preview:large","max-video-preview":"max-video-preview:-1"},"og_locale":"sv_SE","og_type":"article","og_title":"Andalusien blir dyrare och dyrare f\u00f6r lokalbefolkningen","og_description":"Ett genomsnittligt andalusiskt hush\u00e5ll l\u00e4gger en allt st\u00f6rre del av sin \u00e5rliga budget p\u00e5 bostad och livsmedel.\u00a0Detta inneb\u00e4r att de har f\u00e5tt dra ner p\u00e5 n\u00f6jen som att \u00e4ta p\u00e5 restaurang eller bes\u00f6ka kulturella aktiviteter.","og_url":"https:\/\/lightweb.dev\/l\/svm-temp\/nyheter\/andalusien-blir-dyrare-och-dyrare-for-lokalbefolkningen\/","og_site_name":"Svenska Magasinet","article_publisher":"https:\/\/www.facebook.com\/svenskamagasinet","article_published_time":"2025-07-04T14:39:01+00:00","og_image":[{"width":900,"height":400,"url":"https:\/\/lightweb.dev\/l\/svm-temp\/wp-content\/uploads\/2025\/07\/svm20250704141420.webp","type":"image\/webp"}],"author":"Robbie Eriksson","twitter_card":"summary_large_image","twitter_creator":"@SvenskaMagasine","twitter_site":"@SvenskaMagasine","schema":{"@context":"https:\/\/schema.org","@graph":[{"@type":"Article","@id":"https:\/\/lightweb.dev\/l\/svm-temp\/nyheter\/andalusien-blir-dyrare-och-dyrare-for-lokalbefolkningen\/#article","isPartOf":{"@id":"https:\/\/lightweb.dev\/l\/svm-temp\/nyheter\/andalusien-blir-dyrare-och-dyrare-for-lokalbefolkningen\/"},"author":{"name":"Robbie Eriksson","@id":"https:\/\/lightweb.dev\/l\/svm-temp\/#\/schema\/person\/caffe038990d25722f5a04a03c906a2b"},"headline":"Andalusien blir dyrare och dyrare f\u00f6r lokalbefolkningen","datePublished":"2025-07-04T14:39:01+00:00","mainEntityOfPage":{"@id":"https:\/\/lightweb.dev\/l\/svm-temp\/nyheter\/andalusien-blir-dyrare-och-dyrare-for-lokalbefolkningen\/"},"wordCount":475,"publisher":{"@id":"https:\/\/lightweb.dev\/l\/svm-temp\/#organization"},"image":{"@id":"https:\/\/lightweb.dev\/l\/svm-temp\/nyheter\/andalusien-blir-dyrare-och-dyrare-for-lokalbefolkningen\/#primaryimage"},"thumbnailUrl":"https:\/\/lightweb.dev\/l\/svm-temp\/wp-content\/uploads\/2025\/07\/svm20250704141420.webp","articleSection":["Ekonomi","Nyheter"],"inLanguage":"sv-SE"},{"@type":"WebPage","@id":"https:\/\/lightweb.dev\/l\/svm-temp\/nyheter\/andalusien-blir-dyrare-och-dyrare-for-lokalbefolkningen\/","url":"https:\/\/lightweb.dev\/l\/svm-temp\/nyheter\/andalusien-blir-dyrare-och-dyrare-for-lokalbefolkningen\/","name":"Andalusien blir dyrare och dyrare f\u00f6r lokalbefolkningen - Svenska Magasinet","isPartOf":{"@id":"https:\/\/lightweb.dev\/l\/svm-temp\/#website"},"primaryImageOfPage":{"@id":"https:\/\/lightweb.dev\/l\/svm-temp\/nyheter\/andalusien-blir-dyrare-och-dyrare-for-lokalbefolkningen\/#primaryimage"},"image":{"@id":"https:\/\/lightweb.dev\/l\/svm-temp\/nyheter\/andalusien-blir-dyrare-och-dyrare-for-lokalbefolkningen\/#primaryimage"},"thumbnailUrl":"https:\/\/lightweb.dev\/l\/svm-temp\/wp-content\/uploads\/2025\/07\/svm20250704141420.webp","datePublished":"2025-07-04T14:39:01+00:00","breadcrumb":{"@id":"https:\/\/lightweb.dev\/l\/svm-temp\/nyheter\/andalusien-blir-dyrare-och-dyrare-for-lokalbefolkningen\/#breadcrumb"},"inLanguage":"sv-SE","potentialAction":[{"@type":"ReadAction","target":["https:\/\/lightweb.dev\/l\/svm-temp\/nyheter\/andalusien-blir-dyrare-och-dyrare-for-lokalbefolkningen\/"]}]},{"@type":"ImageObject","inLanguage":"sv-SE","@id":"https:\/\/lightweb.dev\/l\/svm-temp\/nyheter\/andalusien-blir-dyrare-och-dyrare-for-lokalbefolkningen\/#primaryimage","url":"https:\/\/lightweb.dev\/l\/svm-temp\/wp-content\/uploads\/2025\/07\/svm20250704141420.webp","contentUrl":"https:\/\/lightweb.dev\/l\/svm-temp\/wp-content\/uploads\/2025\/07\/svm20250704141420.webp","width":900,"height":400},{"@type":"BreadcrumbList","@id":"https:\/\/lightweb.dev\/l\/svm-temp\/nyheter\/andalusien-blir-dyrare-och-dyrare-for-lokalbefolkningen\/#breadcrumb","itemListElement":[{"@type":"ListItem","position":1,"name":"Hem","item":"https:\/\/lightweb.dev\/l\/svm-temp\/"},{"@type":"ListItem","position":2,"name":"Andalusien blir dyrare och dyrare f\u00f6r lokalbefolkningen"}]},{"@type":"WebSite","@id":"https:\/\/lightweb.dev\/l\/svm-temp\/#website","url":"https:\/\/lightweb.dev\/l\/svm-temp\/","name":"Svenska Magasinet","description":"Dina Spanska nyheter p&aring; Svenska","publisher":{"@id":"https:\/\/lightweb.dev\/l\/svm-temp\/#organization"},"potentialAction":[{"@type":"SearchAction","target":{"@type":"EntryPoint","urlTemplate":"https:\/\/lightweb.dev\/l\/svm-temp\/?s={search_term_string}"},"query-input":{"@type":"PropertyValueSpecification","valueRequired":true,"valueName":"search_term_string"}}],"inLanguage":"sv-SE"},{"@type":"Organization","@id":"https:\/\/lightweb.dev\/l\/svm-temp\/#organization","name":"Melkerson y Nott SL","alternateName":"Svenska Magasinet","url":"https:\/\/lightweb.dev\/l\/svm-temp\/","logo":{"@type":"ImageObject","inLanguage":"sv-SE","@id":"https:\/\/lightweb.dev\/l\/svm-temp\/#\/schema\/logo\/image\/","url":"https:\/\/lightweb.dev\/l\/svm-temp\/wp-content\/uploads\/2025\/02\/SvM-logo-Xtra-Centrerad-SVART.png","contentUrl":"https:\/\/lightweb.dev\/l\/svm-temp\/wp-content\/uploads\/2025\/02\/SvM-logo-Xtra-Centrerad-SVART.png","width":300,"height":99,"caption":"Melkerson y Nott SL"},"image":{"@id":"https:\/\/lightweb.dev\/l\/svm-temp\/#\/schema\/logo\/image\/"},"sameAs":["https:\/\/www.facebook.com\/svenskamagasinet","https:\/\/x.com\/SvenskaMagasine"]},{"@type":"Person","@id":"https:\/\/lightweb.dev\/l\/svm-temp\/#\/schema\/person\/caffe038990d25722f5a04a03c906a2b","name":"Robbie Eriksson","sameAs":["https:\/\/lightweb.dev\/l\/svm-temp"],"url":"https:\/\/lightweb.dev\/l\/svm-temp\/reporter\/robbie-eriksson\/"}]}},"_links":{"self":[{"href":"https:\/\/lightweb.dev\/l\/svm-temp\/wp-json\/wp\/v2\/posts\/83109","targetHints":{"allow":["GET"]}}],"collection":[{"href":"https:\/\/lightweb.dev\/l\/svm-temp\/wp-json\/wp\/v2\/posts"}],"about":[{"href":"https:\/\/lightweb.dev\/l\/svm-temp\/wp-json\/wp\/v2\/types\/post"}],"author":[{"embeddable":true,"href":"https:\/\/lightweb.dev\/l\/svm-temp\/wp-json\/wp\/v2\/users\/14"}],"replies":[{"embeddable":true,"href":"https:\/\/lightweb.dev\/l\/svm-temp\/wp-json\/wp\/v2\/comments?post=83109"}],"version-history":[{"count":0,"href":"https:\/\/lightweb.dev\/l\/svm-temp\/wp-json\/wp\/v2\/posts\/83109\/revisions"}],"wp:featuredmedia":[{"embeddable":true,"href":"https:\/\/lightweb.dev\/l\/svm-temp\/wp-json\/wp\/v2\/media\/83097"}],"wp:attachment":[{"href":"https:\/\/lightweb.dev\/l\/svm-temp\/wp-json\/wp\/v2\/media?parent=83109"}],"wp:term":[{"taxonomy":"category","embeddable":true,"href":"https:\/\/lightweb.dev\/l\/svm-temp\/wp-json\/wp\/v2\/categories?post=83109"},{"taxonomy":"post_tag","embeddable":true,"href":"https:\/\/lightweb.dev\/l\/svm-temp\/wp-json\/wp\/v2\/tags?post=83109"}],"curies":[{"name":"wp","href":"https:\/\/api.w.org\/{rel}","templated":true}]}}