{"id":83216,"date":"2025-07-21T17:30:18","date_gmt":"2025-07-21T15:30:18","guid":{"rendered":"https:\/\/lightweb.dev\/l\/svm-temp\/?p=83216"},"modified":"2025-07-21T18:49:49","modified_gmt":"2025-07-21T16:49:49","slug":"har-halls-traditionens-laga-vid-liv-sommarens-favorit-espetos-de-sardinas","status":"publish","type":"post","link":"https:\/\/lightweb.dev\/l\/svm-temp\/artiklar\/har-halls-traditionens-laga-vid-liv-sommarens-favorit-espetos-de-sardinas\/","title":{"rendered":"H\u00e4r h\u00e5lls traditionens l\u00e5ga vid liv &#8211; Sommarens favorit \u201despetos de sardinas\u201d"},"content":{"rendered":"<p><strong>Chiringuitos, de traditionella b\u00e5tarna \u201dbarcas de espetos\u201d d\u00e4r sardiner eller annan fisk grillas. Sommaren i Spanien bjuder p\u00e5 m\u00e5nga sk\u00f6na stunder.<\/strong><\/p>\n<p><strong>En av dem \u00e4r grillade sardiner och helst med f\u00f6tterna i sanden.<\/strong><\/p>\n<p>Vad \u00e4r en chiringuito &#8211; kanske n\u00e5gon fr\u00e5gar. Det enkla svaret \u00e4r en strandbar som serverar havets l\u00e4ckerheter. P\u00e5 den gamla goda tiden l\u00e5g barerna p\u00e5 stranden. Bes\u00f6karna satt vid utst\u00e4llda bord med f\u00f6tterna i sanden och \u00e5t \u201dpesca\u00edto frito\u201d eller sardinspett.<\/p>\n<p>F\u00f6r att skydda och v\u00e5rda en gammal strandkultur p\u00e5 Solkusten startade provinsstyrelsen \u201dRuta del Espeto de M\u00e1laga en la Mesa\u201d f\u00f6r \u00e5tta \u00e5r sedan i samarbete med dagstidningen Diario Sur, sammanslutningen Asociaci\u00f3n de Chiringuitos de la Costa del Sol, Cruzcampo och spanska handelskammaren.<\/p>\n<p>Chiringuitos-barer kan delta i t\u00e4vlingen om vem som har b\u00e4st grillade sardinspett. Till sommaren 2025 medverkade 45 barer och restauranger.<\/p>\n<h2><strong>Allm\u00e4nheten<\/strong><\/h2>\n<p>Under tv\u00e5 veckor kan allm\u00e4nheten bed\u00f6ma och dela ut po\u00e4ng till sina favoriter. De fem b\u00e4sta g\u00e5r sedan vidare till final med jury som bed\u00f6mer kvalitet, grillning, smak och serveringen p\u00e5 tallriken.<\/p>\n<div id=\"attachment_83205\" style=\"width: 910px\" class=\"wp-caption alignnone\"><img loading=\"lazy\" decoding=\"async\" aria-describedby=\"caption-attachment-83205\" class=\"wp-image-83205 size-full\" src=\"https:\/\/lightweb.dev\/l\/svm-temp\/wp-content\/uploads\/2025\/07\/svm20250708101538.webp\" alt=\"\" width=\"900\" height=\"400\" srcset=\"https:\/\/lightweb.dev\/l\/svm-temp\/wp-content\/uploads\/2025\/07\/svm20250708101538.webp 900w, https:\/\/lightweb.dev\/l\/svm-temp\/wp-content\/uploads\/2025\/07\/svm20250708101538-480x213.webp 480w\" sizes=\"(min-width: 0px) and (max-width: 480px) 480px, (min-width: 481px) 900px, 100vw\" \/><p id=\"caption-attachment-83205\" class=\"wp-caption-text\">Vi vill helt enkelt lyfta fram M\u00e1lagas espeto som \u00e4r ett k\u00e4nnetecknen f\u00f6r v\u00e5rt k\u00f6k, s\u00e4ger Enrique Bellver L\u00f3pez.<\/p><\/div>\n<p>&#8211; Vi vill helt enkelt lyfta fram M\u00e1lagas espeto som \u00e4r ett k\u00e4nnetecken f\u00f6r v\u00e5rt k\u00f6k. Den som vinner juryns pris f\u00e5r en reklamkampanj i matbilagan M\u00e1laga en la Mesa v\u00e4rd 3 000 euro. Allm\u00e4nhetens favorit f\u00e5r 1 000 euro i reklamv\u00e4rde, ber\u00e4ttar juryns ordf\u00f6rande Enrique Bellver L\u00f3pez, mat- och vinkritiker p\u00e5 Diario Sur.<\/p>\n<p>N\u00e4r Svenska Magasinet bes\u00f6ker finalen tr\u00e4ffar vi Sergio och Curro. De jobbar vid Chiringuito Royal Beach Pirata nedanf\u00f6r Riviera del Sol i Mijas Costa. Tillsammans med Chiringuito Tropy (Caleta de V\u00e9lez), Boraz Chiringo Club (V\u00e9lez-M\u00e1laga), Chiringuito Marina Playa (Rinc\u00f3n de la Victoria) och Las Palmeras (M\u00e1laga) har de kvalificerat sig till finalen p\u00e5 restaurante Perujo Playa i Torremolinos.<\/p>\n<p>Varje \u201despeteros\u201d f\u00e5r grilla fyra spett med sardiner fr\u00e5n Castell\u00f3n, Barcelona och C\u00e1diz. Sedan sker en bed\u00f6mning av juryn.<\/p>\n<h2><strong>Sockerr\u00f6r och olivtr\u00e4d<\/strong><\/h2>\n<p>Sergio och Curro st\u00e5r och f\u00f6rbereder spetten. P\u00e5 traditionellt vis \u00e4r det sockerr\u00f6r som med hj\u00e4lp av en kniv sk\u00e4rs till f\u00f6r att bli spett.<\/p>\n<div id=\"attachment_83204\" style=\"width: 910px\" class=\"wp-caption alignnone\"><img loading=\"lazy\" decoding=\"async\" aria-describedby=\"caption-attachment-83204\" class=\"wp-image-83204 size-full\" src=\"https:\/\/lightweb.dev\/l\/svm-temp\/wp-content\/uploads\/2025\/07\/svm20250708101520.webp\" alt=\"\" width=\"900\" height=\"400\" srcset=\"https:\/\/lightweb.dev\/l\/svm-temp\/wp-content\/uploads\/2025\/07\/svm20250708101520.webp 900w, https:\/\/lightweb.dev\/l\/svm-temp\/wp-content\/uploads\/2025\/07\/svm20250708101520-480x213.webp 480w\" sizes=\"(min-width: 0px) and (max-width: 480px) 480px, (min-width: 481px) 900px, 100vw\" \/><p id=\"caption-attachment-83204\" class=\"wp-caption-text\">Curro, till h\u00f6ger, \u00e4r \u201despetero\u201d vilket \u00e4r en person som grillar sardiner p\u00e5 spett. H\u00e4r tillsammans med Sergio som precis har fixat grillspetten av sockerr\u00f6r<\/p><\/div>\n<p>&#8211; Nu vid t\u00e4vlingen anv\u00e4nder vi sockerr\u00f6r. I vanliga fall \u00e4r det aluminiumspett med en spets i h\u00e4rdat st\u00e5l, ber\u00e4ttar Sergio. P\u00e5 grund av b\u00e4ttre hygien v\u00e4ljer de flesta aluminiumspett.<\/p>\n<p>Spetten grillas i cirka 15 minuter i de traditionella b\u00e5tarna \u201dbarcas de espetos\u201d som \u00e4r fyllda med sand. H\u00e4r placeras upphuggen ved av olivtr\u00e4d.<\/p>\n<p>&#8211; Det ska vara oliv, det \u00e4r ett krav som dessutom bidrar till smaken.<\/p>\n<div id=\"attachment_83213\" style=\"width: 910px\" class=\"wp-caption alignnone\"><img loading=\"lazy\" decoding=\"async\" aria-describedby=\"caption-attachment-83213\" class=\"wp-image-83213 size-full\" src=\"https:\/\/lightweb.dev\/l\/svm-temp\/wp-content\/uploads\/2025\/07\/svm20250708101916.webp\" alt=\"\" width=\"900\" height=\"400\" srcset=\"https:\/\/lightweb.dev\/l\/svm-temp\/wp-content\/uploads\/2025\/07\/svm20250708101916.webp 900w, https:\/\/lightweb.dev\/l\/svm-temp\/wp-content\/uploads\/2025\/07\/svm20250708101916-480x213.webp 480w\" sizes=\"(min-width: 0px) and (max-width: 480px) 480px, (min-width: 481px) 900px, 100vw\" \/><p id=\"caption-attachment-83213\" class=\"wp-caption-text\">De kan komma fr\u00e5n M\u00e1laga, C\u00e1diz, Castellon eller Barcelona. Cirka 15 minuter s\u00e5 \u00e4r de f\u00e4rdiga.<\/p><\/div>\n<p>Sardinerna kommer i huvudsak fr\u00e5n Castellon (Valencia), M\u00e1laga eller Portugal.<\/p>\n<p>&#8211; Sardinerna fr\u00e5n Portugal \u00e4r st\u00f6rre. Mina favoriter \u00e4r sardiner fr\u00e5n Castellon \u00e4ven om M\u00e1lagasardinerna anses vara godast, ber\u00e4ttar Sergio.<\/p>\n<h2><strong>S\u00e5 vilka vann priserna f\u00f6r sommaren 2025?<\/strong><\/h2>\n<p>Marina Playa vann juryns pris medan Boraz Chiringo Club var allm\u00e4nhetens favorit. Spanska lokala handelskammarens hederspris gick till Chiringuito Tropy.<\/p>\n<div id=\"attachment_83215\" style=\"width: 910px\" class=\"wp-caption alignnone\"><img loading=\"lazy\" decoding=\"async\" aria-describedby=\"caption-attachment-83215\" class=\"wp-image-83215 size-full\" src=\"https:\/\/lightweb.dev\/l\/svm-temp\/wp-content\/uploads\/2025\/07\/svm20250708102010.webp\" alt=\"\" width=\"900\" height=\"400\" srcset=\"https:\/\/lightweb.dev\/l\/svm-temp\/wp-content\/uploads\/2025\/07\/svm20250708102010.webp 900w, https:\/\/lightweb.dev\/l\/svm-temp\/wp-content\/uploads\/2025\/07\/svm20250708102010-480x213.webp 480w\" sizes=\"(min-width: 0px) and (max-width: 480px) 480px, (min-width: 481px) 900px, 100vw\" \/><p id=\"caption-attachment-83215\" class=\"wp-caption-text\">Sardiner \u00e4r smakrikt. Det enda som beh\u00f6vs \u00e4r lite grovsalt<\/p><\/div>\n<p>&#8211; F\u00f6r att f\u00e5 det perfekta grillade sardinspettet m\u00e5ste du ha de b\u00e4sta r\u00e5varorna. Med allt fr\u00e5n olivtr\u00e4det till fisken. Fisken ska h\u00e5lla ihop utan att fil\u00e9erna g\u00e5r s\u00f6nder. Spetten ska placeras p\u00e5 r\u00e4tt avst\u00e5nd f\u00f6r att f\u00e5 idealisk temperatur. Sedan m\u00e5ste man ha en stor portion t\u00e5lamod f\u00f6r att de ska f\u00e5 r\u00e4tt f\u00e4rg och smak, s\u00e4ger \u00c1ngel Ruiz fr\u00e5n strandbaren Marina Playa som vann juryns bed\u00f6mning.<\/p>\n<div id=\"attachment_83210\" style=\"width: 910px\" class=\"wp-caption alignnone\"><img loading=\"lazy\" decoding=\"async\" aria-describedby=\"caption-attachment-83210\" class=\"wp-image-83210 size-full\" src=\"https:\/\/lightweb.dev\/l\/svm-temp\/wp-content\/uploads\/2025\/07\/svm20250708101727.webp\" alt=\"\" width=\"900\" height=\"400\" srcset=\"https:\/\/lightweb.dev\/l\/svm-temp\/wp-content\/uploads\/2025\/07\/svm20250708101727.webp 900w, https:\/\/lightweb.dev\/l\/svm-temp\/wp-content\/uploads\/2025\/07\/svm20250708101727-480x213.webp 480w\" sizes=\"(min-width: 0px) and (max-width: 480px) 480px, (min-width: 481px) 900px, 100vw\" \/><p id=\"caption-attachment-83210\" class=\"wp-caption-text\">H\u00e4ndiga fingrar f\u00e5r av sardinerna fr\u00e5n spettet<\/p><\/div>\n<p>&#8211; Fisken f\u00e5r varken vara f\u00f6r r\u00e5 eller \u00f6vergrillad. Man m\u00e5ste f\u00e5 skinnet att praktiskt taget lossna av sig sj\u00e4lvt. Tillaga den \u00f6ver gl\u00f6den och p\u00e5 l\u00e5g v\u00e4rme.<\/p>\n<p>\u00c1ngel, som \u00e4r f\u00f6dd i M\u00e1laga, har arbetat som \u201despetero\u201d eller \u201damoragador\u201d som det ocks\u00e5 heter sedan han var 13 \u00e5r.<\/p>\n<h2><strong>Favoriter<\/strong><\/h2>\n<p>Att Marina Playa vann kommer inte som n\u00e5gon \u00f6verraskning. Personligen \u00e4r det en av mina favoriter som jag g\u00e4rna stannar till vid n\u00e4r jag \u00e4r p\u00e5 jobb \u00f6ster om M\u00e1laga.<\/p>\n<div id=\"attachment_83209\" style=\"width: 910px\" class=\"wp-caption alignnone\"><img loading=\"lazy\" decoding=\"async\" aria-describedby=\"caption-attachment-83209\" class=\"wp-image-83209 size-full\" src=\"https:\/\/lightweb.dev\/l\/svm-temp\/wp-content\/uploads\/2025\/07\/svm20250708101706.webp\" alt=\"\" width=\"900\" height=\"400\" srcset=\"https:\/\/lightweb.dev\/l\/svm-temp\/wp-content\/uploads\/2025\/07\/svm20250708101706.webp 900w, https:\/\/lightweb.dev\/l\/svm-temp\/wp-content\/uploads\/2025\/07\/svm20250708101706-480x213.webp 480w\" sizes=\"(min-width: 0px) and (max-width: 480px) 480px, (min-width: 481px) 900px, 100vw\" \/><p id=\"caption-attachment-83209\" class=\"wp-caption-text\">\u00c1ngel Ruiz vid chiringuito Marina Playa i Rinc\u00f3n de la Victoria \u00f6ster om M\u00e1laga g\u00f6r det b\u00e4sta grillade sardinspettet.<\/p><\/div>\n<p>Chiringuito Marina Playa ligger p\u00e5 stranden i Torre de Benagalb\u00f3n i Rinc\u00f3n de la Victoria. Det \u00e4r den kanske mest idealiska platsen f\u00f6r att \u00e4ta fisk och skaldjur. Utsikten \u00e4r underbar. Du har M\u00e1lagabukten till h\u00f6ger om dig och du ser Rondabergen i horisonten.<\/p>\n<div id=\"attachment_83208\" style=\"width: 910px\" class=\"wp-caption alignnone\"><img loading=\"lazy\" decoding=\"async\" aria-describedby=\"caption-attachment-83208\" class=\"wp-image-83208 size-full\" src=\"https:\/\/lightweb.dev\/l\/svm-temp\/wp-content\/uploads\/2025\/07\/svm20250708101649.webp\" alt=\"\" width=\"900\" height=\"400\" srcset=\"https:\/\/lightweb.dev\/l\/svm-temp\/wp-content\/uploads\/2025\/07\/svm20250708101649.webp 900w, https:\/\/lightweb.dev\/l\/svm-temp\/wp-content\/uploads\/2025\/07\/svm20250708101649-480x213.webp 480w\" sizes=\"(min-width: 0px) and (max-width: 480px) 480px, (min-width: 481px) 900px, 100vw\" \/><p id=\"caption-attachment-83208\" class=\"wp-caption-text\">\u201dEspetar\u201d inneb\u00e4r att man tr\u00e4r p\u00e5 en rad sardiner p\u00e5 ett spett f\u00f6r att grilla dem. Det g\u00f6r \u00c1ngel Ruiz som \u00e4ven vann t\u00e4vlingen.<\/p><\/div>\n<p>H\u00e4r \u00e4ter du \u00e4ven Boquer\u00f3nes Victoriano som \u00e4r kustens b\u00e4sta. \u00c4ven 2022 fick de pris f\u00f6r kustens b\u00e4sta grillade sardiner.<\/p>\n<p>V\u00e4ster om M\u00e1laga ligger en av mina favoriter Chiringuito Playamarina i Mijas Costa inte l\u00e5ngt fr\u00e5n El Faro-fyren. Paco \u00e4r en av kustens b\u00e4sta \u201despetero\u201d enligt mitt tycke.<\/p>\n<blockquote class=\"twitter-tweet\" data-media-max-width=\"560\">\n<p dir=\"ltr\" lang=\"sv\">\u00c1ngel Ruiz fr\u00e5n strandbaren Marina Playa som vann juryns bed\u00f6mning. <a href=\"https:\/\/t.co\/kRO721p49Q\">pic.twitter.com\/kRO721p49Q<\/a><\/p>\n<p>\u2014 Svenska Magasinet (@SvenskaMagasine) <a href=\"https:\/\/twitter.com\/SvenskaMagasine\/status\/1935346791660097784?ref_src=twsrc%5Etfw\">June 18, 2025<\/a><\/p><\/blockquote>\n<p><script async src=\"https:\/\/platform.twitter.com\/widgets.js\" charset=\"utf-8\"><\/script><\/p>\n<h1><strong>Smakar som b\u00e4st under m\u00e5nader utan \u201dr\u201d<\/strong><\/h1>\n<p><strong>Grillade sardiner \u00e4r som godast under sommarhalv\u00e5ret och under m\u00e5naderna maj, juni, juli och augusti. Ett vanligt tales\u00e4tt \u00e4r att sardiner \u00e4r godast under m\u00e5nader utan \u201dr\u201d.<\/strong><\/p>\n<p>Traditionen s\u00e4ger att sardinerna smakar allra b\u00e4st mellan \u201dtv\u00e5 oskulder\u201d, det vill s\u00e4ga mellan den 16 juli, Virgen del Carmen, och den 15 augusti, Virgen de la Asunci\u00f3n.<\/p>\n<p>Under m\u00e5nader som inneh\u00e5ller bokstaven \u201dr\u201d s\u00e5 \u00e4r bl\u00e4ckfisk och skaldjur som godast.<\/p>\n<h1><strong>\u00c4ta med bestick eller h\u00e4nderna?<\/strong><\/h1>\n<div id=\"attachment_83207\" style=\"width: 910px\" class=\"wp-caption alignnone\"><img loading=\"lazy\" decoding=\"async\" aria-describedby=\"caption-attachment-83207\" class=\"wp-image-83207 size-full\" src=\"https:\/\/lightweb.dev\/l\/svm-temp\/wp-content\/uploads\/2025\/07\/svm20250708101630.webp\" alt=\"\" width=\"900\" height=\"400\" srcset=\"https:\/\/lightweb.dev\/l\/svm-temp\/wp-content\/uploads\/2025\/07\/svm20250708101630.webp 900w, https:\/\/lightweb.dev\/l\/svm-temp\/wp-content\/uploads\/2025\/07\/svm20250708101630-480x213.webp 480w\" sizes=\"(min-width: 0px) and (max-width: 480px) 480px, (min-width: 481px) 900px, 100vw\" \/><p id=\"caption-attachment-83207\" class=\"wp-caption-text\">Snyggt serverat med citron formad som en liten korg.<\/p><\/div>\n<p><strong>Personligen \u00e4ter jag alltid grillade sardiner med h\u00e4nderna. Du \u00e4r en \u201dmalague\u00f1o\u201d har jag f\u00e5tt h\u00f6ra n\u00e4r jag \u00e4ter grillade sardiner p\u00e5 stranden med h\u00e4nderna.<\/strong><\/p>\n<p>Spanjorer fr\u00e5n \u00f6vriga delar av landet eller utl\u00e4nningar v\u00e4ljer att \u00e4ta grillade sardiner med bestick.<\/p>\n<p>Vill du k\u00e4nna dig som en inf\u00f6dd \u201dM\u00e1lagabo\u201d s\u00e5 \u00e4ter du med h\u00e4nderna. En v\u00e5tservett f\u00f6ljer alltid med eller s\u00e5 anv\u00e4nder du citronen du pressat \u00f6ver sardinerna f\u00f6r att g\u00f6ra fingertopparna rena.<\/p>\n<h1><strong>Kungen uppt\u00e4ckte de fattigas f\u00f6da p\u00e5 1800-talet<\/strong><\/h1>\n<p><strong>Traditionen med sardinspett g\u00e5r tillbaka till 1800-talet. Sardinerna var billiga och betraktades som basf\u00f6da f\u00f6r de fattiga.<\/strong><\/p>\n<p>El Palo var fiskarnas kvarter i M\u00e1laga. N\u00e4r sp\u00e5rvagnen byggdes ut flyttade fler till El Palo. H\u00e4r nj\u00f6t man av trevliga dagar p\u00e5 stranden.<\/p>\n<p>1882 \u00f6ppnade Miguel Mart\u00ednez Soler strandbaren \u201dLa gran parada\u201d som blev mycket popul\u00e4r. Han kom snart att kallas f\u00f6r \u201cMigu\u00e9 el de las sardinas\u201d.<\/p>\n<p>Detta var b\u00f6rjan f\u00f6r chiringuitos p\u00e5 Costa del Sol. Det var \u00e4ven Miguel som b\u00f6rjade grilla sardiner p\u00e5 spett av sockerr\u00f6r, ca\u00f1a, och placera dem p\u00e5 sanden bredvid elden.<\/p>\n<p>Ryktet om \u201cLa gran parada\u201d spred sig snart. 1885 kom kung Alfonso XII p\u00e5 bes\u00f6k.<\/p>\n<p>Miguel f\u00f6reslog \u201dsardinspett\u201d f\u00f6r kungen vilket den spanske monarken best\u00e4llde in.<\/p>\n<p>Det s\u00e4gs att kungen b\u00f6rjade \u00e4ta med bestick.<\/p>\n<p>D\u00e5 sa Miguel:<\/p>\n<p>\u201cMaest\u00e1, asin no, con los deos\u201d (allts\u00e5 M\u00e1lagadialekt).<\/p>\n<p>&#8211; Ers Majest\u00e4t, inte s\u00e5. Med fingrarna.<\/p>\n<p>Miguel Mart\u00ednez Soler anses vara \u201cpadre de los espeteros\u201d. I El Palo finns en rondell p\u00e5 paseon uppkallad efter honom.<\/p>\n","protected":false},"excerpt":{"rendered":"<p>Chiringuitos, de traditionella b\u00e5tarna \u201dbarcas de espetos\u201d d\u00e4r sardiner eller annan fisk grillas. Sommaren i Spanien bjuder p\u00e5 m\u00e5nga sk\u00f6na stunder. En av dem \u00e4r grillade sardiner och helst med f\u00f6tterna i sanden&#8230;<\/p>\n","protected":false},"author":7,"featured_media":83211,"comment_status":"closed","ping_status":"closed","sticky":false,"template":"","format":"standard","meta":{"_et_pb_use_builder":"","_et_pb_old_content":"","_et_gb_content_width":"","footnotes":""},"categories":[396,4],"tags":[],"class_list":["post-83216","post","type-post","status-publish","format-standard","has-post-thumbnail","hentry","category-arkiv-artiklar","category-artiklar"],"yoast_head":"<!-- This site is optimized with the Yoast SEO Premium plugin v26.2 (Yoast SEO v28.2) - https:\/\/yoast.com\/product\/yoast-seo-premium-wordpress\/ -->\n<title>H\u00e4r h\u00e5lls traditionens l\u00e5ga vid liv - Sommarens favorit \u201despetos de sardinas\u201d - Svenska Magasinet<\/title>\n<meta name=\"robots\" content=\"noindex, follow, max-snippet:-1, max-image-preview:large, max-video-preview:-1\" \/>\n<meta property=\"og:locale\" content=\"sv_SE\" \/>\n<meta property=\"og:type\" content=\"article\" \/>\n<meta property=\"og:title\" content=\"H\u00e4r h\u00e5lls traditionens l\u00e5ga vid liv - Sommarens favorit \u201despetos de sardinas\u201d\" \/>\n<meta property=\"og:description\" content=\"Chiringuitos, de traditionella b\u00e5tarna \u201dbarcas de espetos\u201d d\u00e4r sardiner eller annan fisk grillas. Sommaren i Spanien bjuder p\u00e5 m\u00e5nga sk\u00f6na stunder. En av dem \u00e4r grillade sardiner och helst med f\u00f6tterna i sanden...\" \/>\n<meta property=\"og:url\" content=\"https:\/\/lightweb.dev\/l\/svm-temp\/artiklar\/har-halls-traditionens-laga-vid-liv-sommarens-favorit-espetos-de-sardinas\/\" \/>\n<meta property=\"og:site_name\" content=\"Svenska Magasinet\" \/>\n<meta property=\"article:publisher\" content=\"https:\/\/www.facebook.com\/svenskamagasinet\" \/>\n<meta property=\"article:published_time\" content=\"2025-07-21T15:30:18+00:00\" \/>\n<meta property=\"article:modified_time\" content=\"2025-07-21T16:49:49+00:00\" \/>\n<meta property=\"og:image\" content=\"https:\/\/lightweb.dev\/l\/svm-temp\/wp-content\/uploads\/2025\/07\/svm20250708101807.webp\" \/>\n\t<meta property=\"og:image:width\" content=\"900\" \/>\n\t<meta property=\"og:image:height\" content=\"400\" \/>\n\t<meta property=\"og:image:type\" content=\"image\/webp\" \/>\n<meta name=\"author\" content=\"Ola Josefsson\" \/>\n<meta name=\"twitter:card\" content=\"summary_large_image\" \/>\n<meta name=\"twitter:creator\" content=\"@SvenskaMagasine\" \/>\n<meta name=\"twitter:site\" content=\"@SvenskaMagasine\" \/>\n<script type=\"application\/ld+json\" class=\"yoast-schema-graph\">{\"@context\":\"https:\\\/\\\/schema.org\",\"@graph\":[{\"@type\":\"Article\",\"@id\":\"https:\\\/\\\/lightweb.dev\\\/l\\\/svm-temp\\\/artiklar\\\/har-halls-traditionens-laga-vid-liv-sommarens-favorit-espetos-de-sardinas\\\/#article\",\"isPartOf\":{\"@id\":\"https:\\\/\\\/lightweb.dev\\\/l\\\/svm-temp\\\/artiklar\\\/har-halls-traditionens-laga-vid-liv-sommarens-favorit-espetos-de-sardinas\\\/\"},\"author\":{\"name\":\"Ola Josefsson\",\"@id\":\"https:\\\/\\\/lightweb.dev\\\/l\\\/svm-temp\\\/#\\\/schema\\\/person\\\/7a82b8a73d171d32360a564b6d03508e\"},\"headline\":\"H\u00e4r h\u00e5lls traditionens l\u00e5ga vid liv &#8211; Sommarens favorit \u201despetos de sardinas\u201d\",\"datePublished\":\"2025-07-21T15:30:18+00:00\",\"dateModified\":\"2025-07-21T16:49:49+00:00\",\"mainEntityOfPage\":{\"@id\":\"https:\\\/\\\/lightweb.dev\\\/l\\\/svm-temp\\\/artiklar\\\/har-halls-traditionens-laga-vid-liv-sommarens-favorit-espetos-de-sardinas\\\/\"},\"wordCount\":1445,\"publisher\":{\"@id\":\"https:\\\/\\\/lightweb.dev\\\/l\\\/svm-temp\\\/#organization\"},\"image\":{\"@id\":\"https:\\\/\\\/lightweb.dev\\\/l\\\/svm-temp\\\/artiklar\\\/har-halls-traditionens-laga-vid-liv-sommarens-favorit-espetos-de-sardinas\\\/#primaryimage\"},\"thumbnailUrl\":\"https:\\\/\\\/lightweb.dev\\\/l\\\/svm-temp\\\/wp-content\\\/uploads\\\/2025\\\/07\\\/svm20250708101807.webp\",\"articleSection\":[\"Arkiv\",\"Artiklar\"],\"inLanguage\":\"sv-SE\"},{\"@type\":\"WebPage\",\"@id\":\"https:\\\/\\\/lightweb.dev\\\/l\\\/svm-temp\\\/artiklar\\\/har-halls-traditionens-laga-vid-liv-sommarens-favorit-espetos-de-sardinas\\\/\",\"url\":\"https:\\\/\\\/lightweb.dev\\\/l\\\/svm-temp\\\/artiklar\\\/har-halls-traditionens-laga-vid-liv-sommarens-favorit-espetos-de-sardinas\\\/\",\"name\":\"H\u00e4r h\u00e5lls traditionens l\u00e5ga vid liv - Sommarens favorit \u201despetos de sardinas\u201d - Svenska Magasinet\",\"isPartOf\":{\"@id\":\"https:\\\/\\\/lightweb.dev\\\/l\\\/svm-temp\\\/#website\"},\"primaryImageOfPage\":{\"@id\":\"https:\\\/\\\/lightweb.dev\\\/l\\\/svm-temp\\\/artiklar\\\/har-halls-traditionens-laga-vid-liv-sommarens-favorit-espetos-de-sardinas\\\/#primaryimage\"},\"image\":{\"@id\":\"https:\\\/\\\/lightweb.dev\\\/l\\\/svm-temp\\\/artiklar\\\/har-halls-traditionens-laga-vid-liv-sommarens-favorit-espetos-de-sardinas\\\/#primaryimage\"},\"thumbnailUrl\":\"https:\\\/\\\/lightweb.dev\\\/l\\\/svm-temp\\\/wp-content\\\/uploads\\\/2025\\\/07\\\/svm20250708101807.webp\",\"datePublished\":\"2025-07-21T15:30:18+00:00\",\"dateModified\":\"2025-07-21T16:49:49+00:00\",\"breadcrumb\":{\"@id\":\"https:\\\/\\\/lightweb.dev\\\/l\\\/svm-temp\\\/artiklar\\\/har-halls-traditionens-laga-vid-liv-sommarens-favorit-espetos-de-sardinas\\\/#breadcrumb\"},\"inLanguage\":\"sv-SE\",\"potentialAction\":[{\"@type\":\"ReadAction\",\"target\":[\"https:\\\/\\\/lightweb.dev\\\/l\\\/svm-temp\\\/artiklar\\\/har-halls-traditionens-laga-vid-liv-sommarens-favorit-espetos-de-sardinas\\\/\"]}]},{\"@type\":\"ImageObject\",\"inLanguage\":\"sv-SE\",\"@id\":\"https:\\\/\\\/lightweb.dev\\\/l\\\/svm-temp\\\/artiklar\\\/har-halls-traditionens-laga-vid-liv-sommarens-favorit-espetos-de-sardinas\\\/#primaryimage\",\"url\":\"https:\\\/\\\/lightweb.dev\\\/l\\\/svm-temp\\\/wp-content\\\/uploads\\\/2025\\\/07\\\/svm20250708101807.webp\",\"contentUrl\":\"https:\\\/\\\/lightweb.dev\\\/l\\\/svm-temp\\\/wp-content\\\/uploads\\\/2025\\\/07\\\/svm20250708101807.webp\",\"width\":900,\"height\":400},{\"@type\":\"BreadcrumbList\",\"@id\":\"https:\\\/\\\/lightweb.dev\\\/l\\\/svm-temp\\\/artiklar\\\/har-halls-traditionens-laga-vid-liv-sommarens-favorit-espetos-de-sardinas\\\/#breadcrumb\",\"itemListElement\":[{\"@type\":\"ListItem\",\"position\":1,\"name\":\"Hem\",\"item\":\"https:\\\/\\\/lightweb.dev\\\/l\\\/svm-temp\\\/\"},{\"@type\":\"ListItem\",\"position\":2,\"name\":\"H\u00e4r h\u00e5lls traditionens l\u00e5ga vid liv &#8211; Sommarens favorit \u201despetos de sardinas\u201d\"}]},{\"@type\":\"WebSite\",\"@id\":\"https:\\\/\\\/lightweb.dev\\\/l\\\/svm-temp\\\/#website\",\"url\":\"https:\\\/\\\/lightweb.dev\\\/l\\\/svm-temp\\\/\",\"name\":\"Svenska Magasinet\",\"description\":\"Dina Spanska nyheter p&aring; Svenska\",\"publisher\":{\"@id\":\"https:\\\/\\\/lightweb.dev\\\/l\\\/svm-temp\\\/#organization\"},\"potentialAction\":[{\"@type\":\"SearchAction\",\"target\":{\"@type\":\"EntryPoint\",\"urlTemplate\":\"https:\\\/\\\/lightweb.dev\\\/l\\\/svm-temp\\\/?s={search_term_string}\"},\"query-input\":{\"@type\":\"PropertyValueSpecification\",\"valueRequired\":true,\"valueName\":\"search_term_string\"}}],\"inLanguage\":\"sv-SE\"},{\"@type\":\"Organization\",\"@id\":\"https:\\\/\\\/lightweb.dev\\\/l\\\/svm-temp\\\/#organization\",\"name\":\"Melkerson y Nott SL\",\"alternateName\":\"Svenska Magasinet\",\"url\":\"https:\\\/\\\/lightweb.dev\\\/l\\\/svm-temp\\\/\",\"logo\":{\"@type\":\"ImageObject\",\"inLanguage\":\"sv-SE\",\"@id\":\"https:\\\/\\\/lightweb.dev\\\/l\\\/svm-temp\\\/#\\\/schema\\\/logo\\\/image\\\/\",\"url\":\"https:\\\/\\\/lightweb.dev\\\/l\\\/svm-temp\\\/wp-content\\\/uploads\\\/2025\\\/02\\\/SvM-logo-Xtra-Centrerad-SVART.png\",\"contentUrl\":\"https:\\\/\\\/lightweb.dev\\\/l\\\/svm-temp\\\/wp-content\\\/uploads\\\/2025\\\/02\\\/SvM-logo-Xtra-Centrerad-SVART.png\",\"width\":300,\"height\":99,\"caption\":\"Melkerson y Nott SL\"},\"image\":{\"@id\":\"https:\\\/\\\/lightweb.dev\\\/l\\\/svm-temp\\\/#\\\/schema\\\/logo\\\/image\\\/\"},\"sameAs\":[\"https:\\\/\\\/www.facebook.com\\\/svenskamagasinet\",\"https:\\\/\\\/x.com\\\/SvenskaMagasine\"]},{\"@type\":\"Person\",\"@id\":\"https:\\\/\\\/lightweb.dev\\\/l\\\/svm-temp\\\/#\\\/schema\\\/person\\\/7a82b8a73d171d32360a564b6d03508e\",\"name\":\"Ola Josefsson\",\"description\":\"Bevakar Solkusten och Spanien sedan 1994.\",\"sameAs\":[\"https:\\\/\\\/lightweb.dev\\\/l\\\/svm-temp\"],\"url\":\"https:\\\/\\\/lightweb.dev\\\/l\\\/svm-temp\\\/reporter\\\/ola-josefsson\\\/\"}]}<\/script>\n<!-- \/ Yoast SEO Premium plugin. -->","yoast_head_json":{"title":"H\u00e4r h\u00e5lls traditionens l\u00e5ga vid liv - Sommarens favorit \u201despetos de sardinas\u201d - Svenska Magasinet","robots":{"index":"noindex","follow":"follow","max-snippet":"max-snippet:-1","max-image-preview":"max-image-preview:large","max-video-preview":"max-video-preview:-1"},"og_locale":"sv_SE","og_type":"article","og_title":"H\u00e4r h\u00e5lls traditionens l\u00e5ga vid liv - Sommarens favorit \u201despetos de sardinas\u201d","og_description":"Chiringuitos, de traditionella b\u00e5tarna \u201dbarcas de espetos\u201d d\u00e4r sardiner eller annan fisk grillas. Sommaren i Spanien bjuder p\u00e5 m\u00e5nga sk\u00f6na stunder. En av dem \u00e4r grillade sardiner och helst med f\u00f6tterna i sanden...","og_url":"https:\/\/lightweb.dev\/l\/svm-temp\/artiklar\/har-halls-traditionens-laga-vid-liv-sommarens-favorit-espetos-de-sardinas\/","og_site_name":"Svenska Magasinet","article_publisher":"https:\/\/www.facebook.com\/svenskamagasinet","article_published_time":"2025-07-21T15:30:18+00:00","article_modified_time":"2025-07-21T16:49:49+00:00","og_image":[{"width":900,"height":400,"url":"https:\/\/lightweb.dev\/l\/svm-temp\/wp-content\/uploads\/2025\/07\/svm20250708101807.webp","type":"image\/webp"}],"author":"Ola Josefsson","twitter_card":"summary_large_image","twitter_creator":"@SvenskaMagasine","twitter_site":"@SvenskaMagasine","schema":{"@context":"https:\/\/schema.org","@graph":[{"@type":"Article","@id":"https:\/\/lightweb.dev\/l\/svm-temp\/artiklar\/har-halls-traditionens-laga-vid-liv-sommarens-favorit-espetos-de-sardinas\/#article","isPartOf":{"@id":"https:\/\/lightweb.dev\/l\/svm-temp\/artiklar\/har-halls-traditionens-laga-vid-liv-sommarens-favorit-espetos-de-sardinas\/"},"author":{"name":"Ola Josefsson","@id":"https:\/\/lightweb.dev\/l\/svm-temp\/#\/schema\/person\/7a82b8a73d171d32360a564b6d03508e"},"headline":"H\u00e4r h\u00e5lls traditionens l\u00e5ga vid liv &#8211; Sommarens favorit \u201despetos de sardinas\u201d","datePublished":"2025-07-21T15:30:18+00:00","dateModified":"2025-07-21T16:49:49+00:00","mainEntityOfPage":{"@id":"https:\/\/lightweb.dev\/l\/svm-temp\/artiklar\/har-halls-traditionens-laga-vid-liv-sommarens-favorit-espetos-de-sardinas\/"},"wordCount":1445,"publisher":{"@id":"https:\/\/lightweb.dev\/l\/svm-temp\/#organization"},"image":{"@id":"https:\/\/lightweb.dev\/l\/svm-temp\/artiklar\/har-halls-traditionens-laga-vid-liv-sommarens-favorit-espetos-de-sardinas\/#primaryimage"},"thumbnailUrl":"https:\/\/lightweb.dev\/l\/svm-temp\/wp-content\/uploads\/2025\/07\/svm20250708101807.webp","articleSection":["Arkiv","Artiklar"],"inLanguage":"sv-SE"},{"@type":"WebPage","@id":"https:\/\/lightweb.dev\/l\/svm-temp\/artiklar\/har-halls-traditionens-laga-vid-liv-sommarens-favorit-espetos-de-sardinas\/","url":"https:\/\/lightweb.dev\/l\/svm-temp\/artiklar\/har-halls-traditionens-laga-vid-liv-sommarens-favorit-espetos-de-sardinas\/","name":"H\u00e4r h\u00e5lls traditionens l\u00e5ga vid liv - Sommarens favorit \u201despetos de sardinas\u201d - Svenska Magasinet","isPartOf":{"@id":"https:\/\/lightweb.dev\/l\/svm-temp\/#website"},"primaryImageOfPage":{"@id":"https:\/\/lightweb.dev\/l\/svm-temp\/artiklar\/har-halls-traditionens-laga-vid-liv-sommarens-favorit-espetos-de-sardinas\/#primaryimage"},"image":{"@id":"https:\/\/lightweb.dev\/l\/svm-temp\/artiklar\/har-halls-traditionens-laga-vid-liv-sommarens-favorit-espetos-de-sardinas\/#primaryimage"},"thumbnailUrl":"https:\/\/lightweb.dev\/l\/svm-temp\/wp-content\/uploads\/2025\/07\/svm20250708101807.webp","datePublished":"2025-07-21T15:30:18+00:00","dateModified":"2025-07-21T16:49:49+00:00","breadcrumb":{"@id":"https:\/\/lightweb.dev\/l\/svm-temp\/artiklar\/har-halls-traditionens-laga-vid-liv-sommarens-favorit-espetos-de-sardinas\/#breadcrumb"},"inLanguage":"sv-SE","potentialAction":[{"@type":"ReadAction","target":["https:\/\/lightweb.dev\/l\/svm-temp\/artiklar\/har-halls-traditionens-laga-vid-liv-sommarens-favorit-espetos-de-sardinas\/"]}]},{"@type":"ImageObject","inLanguage":"sv-SE","@id":"https:\/\/lightweb.dev\/l\/svm-temp\/artiklar\/har-halls-traditionens-laga-vid-liv-sommarens-favorit-espetos-de-sardinas\/#primaryimage","url":"https:\/\/lightweb.dev\/l\/svm-temp\/wp-content\/uploads\/2025\/07\/svm20250708101807.webp","contentUrl":"https:\/\/lightweb.dev\/l\/svm-temp\/wp-content\/uploads\/2025\/07\/svm20250708101807.webp","width":900,"height":400},{"@type":"BreadcrumbList","@id":"https:\/\/lightweb.dev\/l\/svm-temp\/artiklar\/har-halls-traditionens-laga-vid-liv-sommarens-favorit-espetos-de-sardinas\/#breadcrumb","itemListElement":[{"@type":"ListItem","position":1,"name":"Hem","item":"https:\/\/lightweb.dev\/l\/svm-temp\/"},{"@type":"ListItem","position":2,"name":"H\u00e4r h\u00e5lls traditionens l\u00e5ga vid liv &#8211; Sommarens favorit \u201despetos de sardinas\u201d"}]},{"@type":"WebSite","@id":"https:\/\/lightweb.dev\/l\/svm-temp\/#website","url":"https:\/\/lightweb.dev\/l\/svm-temp\/","name":"Svenska Magasinet","description":"Dina Spanska nyheter p&aring; Svenska","publisher":{"@id":"https:\/\/lightweb.dev\/l\/svm-temp\/#organization"},"potentialAction":[{"@type":"SearchAction","target":{"@type":"EntryPoint","urlTemplate":"https:\/\/lightweb.dev\/l\/svm-temp\/?s={search_term_string}"},"query-input":{"@type":"PropertyValueSpecification","valueRequired":true,"valueName":"search_term_string"}}],"inLanguage":"sv-SE"},{"@type":"Organization","@id":"https:\/\/lightweb.dev\/l\/svm-temp\/#organization","name":"Melkerson y Nott SL","alternateName":"Svenska Magasinet","url":"https:\/\/lightweb.dev\/l\/svm-temp\/","logo":{"@type":"ImageObject","inLanguage":"sv-SE","@id":"https:\/\/lightweb.dev\/l\/svm-temp\/#\/schema\/logo\/image\/","url":"https:\/\/lightweb.dev\/l\/svm-temp\/wp-content\/uploads\/2025\/02\/SvM-logo-Xtra-Centrerad-SVART.png","contentUrl":"https:\/\/lightweb.dev\/l\/svm-temp\/wp-content\/uploads\/2025\/02\/SvM-logo-Xtra-Centrerad-SVART.png","width":300,"height":99,"caption":"Melkerson y Nott SL"},"image":{"@id":"https:\/\/lightweb.dev\/l\/svm-temp\/#\/schema\/logo\/image\/"},"sameAs":["https:\/\/www.facebook.com\/svenskamagasinet","https:\/\/x.com\/SvenskaMagasine"]},{"@type":"Person","@id":"https:\/\/lightweb.dev\/l\/svm-temp\/#\/schema\/person\/7a82b8a73d171d32360a564b6d03508e","name":"Ola Josefsson","description":"Bevakar Solkusten och Spanien sedan 1994.","sameAs":["https:\/\/lightweb.dev\/l\/svm-temp"],"url":"https:\/\/lightweb.dev\/l\/svm-temp\/reporter\/ola-josefsson\/"}]}},"_links":{"self":[{"href":"https:\/\/lightweb.dev\/l\/svm-temp\/wp-json\/wp\/v2\/posts\/83216","targetHints":{"allow":["GET"]}}],"collection":[{"href":"https:\/\/lightweb.dev\/l\/svm-temp\/wp-json\/wp\/v2\/posts"}],"about":[{"href":"https:\/\/lightweb.dev\/l\/svm-temp\/wp-json\/wp\/v2\/types\/post"}],"author":[{"embeddable":true,"href":"https:\/\/lightweb.dev\/l\/svm-temp\/wp-json\/wp\/v2\/users\/7"}],"replies":[{"embeddable":true,"href":"https:\/\/lightweb.dev\/l\/svm-temp\/wp-json\/wp\/v2\/comments?post=83216"}],"version-history":[{"count":0,"href":"https:\/\/lightweb.dev\/l\/svm-temp\/wp-json\/wp\/v2\/posts\/83216\/revisions"}],"wp:featuredmedia":[{"embeddable":true,"href":"https:\/\/lightweb.dev\/l\/svm-temp\/wp-json\/wp\/v2\/media\/83211"}],"wp:attachment":[{"href":"https:\/\/lightweb.dev\/l\/svm-temp\/wp-json\/wp\/v2\/media?parent=83216"}],"wp:term":[{"taxonomy":"category","embeddable":true,"href":"https:\/\/lightweb.dev\/l\/svm-temp\/wp-json\/wp\/v2\/categories?post=83216"},{"taxonomy":"post_tag","embeddable":true,"href":"https:\/\/lightweb.dev\/l\/svm-temp\/wp-json\/wp\/v2\/tags?post=83216"}],"curies":[{"name":"wp","href":"https:\/\/api.w.org\/{rel}","templated":true}]}}