{"id":83290,"date":"2025-07-22T17:30:34","date_gmt":"2025-07-22T15:30:34","guid":{"rendered":"https:\/\/lightweb.dev\/l\/svm-temp\/?p=83290"},"modified":"2025-07-22T21:16:43","modified_gmt":"2025-07-22T19:16:43","slug":"gatuforsaljning-av-piratkopior-krav-pa-att-kopare-ska-straffas-med-boter","status":"publish","type":"post","link":"https:\/\/lightweb.dev\/l\/svm-temp\/artiklar\/gatuforsaljning-av-piratkopior-krav-pa-att-kopare-ska-straffas-med-boter\/","title":{"rendered":"Gatuf\u00f6rs\u00e4ljning av piratkopior: Krav p\u00e5 att k\u00f6pare ska straffas med b\u00f6ter"},"content":{"rendered":"<p><strong>K\u00f6pm\u00e4nnen har tr\u00f6ttnat p\u00e5 gatuf\u00f6rs\u00e4ljare och kr\u00e4ver att \u00e4ven k\u00f6pare ska straffas med b\u00f6ter. Antalet gatuf\u00f6rs\u00e4ljare \u00f6kar under sommaren med turisterna.<\/strong><\/p>\n<p>Forts\u00e4tter det s\u00e5 h\u00e4r finns det inte plats f\u00f6r en n\u00e5l i sommar, s\u00e4ger k\u00f6pm\u00e4nnen i Benalm\u00e1dena Costa.<\/p>\n<div id=\"attachment_83286\" style=\"width: 910px\" class=\"wp-caption alignnone\"><img loading=\"lazy\" decoding=\"async\" aria-describedby=\"caption-attachment-83286\" class=\"wp-image-83286 size-full\" src=\"https:\/\/lightweb.dev\/l\/svm-temp\/wp-content\/uploads\/2025\/07\/svm20250709101211.webp\" alt=\"\" width=\"900\" height=\"400\" srcset=\"https:\/\/lightweb.dev\/l\/svm-temp\/wp-content\/uploads\/2025\/07\/svm20250709101211.webp 900w, https:\/\/lightweb.dev\/l\/svm-temp\/wp-content\/uploads\/2025\/07\/svm20250709101211-480x213.webp 480w\" sizes=\"(min-width: 0px) and (max-width: 480px) 480px, (min-width: 481px) 900px, 100vw\" \/><p id=\"caption-attachment-83286\" class=\"wp-caption-text\">Strax f\u00f6re klockan 11 dyker de upp p\u00e5 torget vid turistkontoret i Fuengirola.<\/p><\/div>\n<p>Vid 11-tiden p\u00e5 f\u00f6rmiddagen dyker de upp. Gatuf\u00f6rs\u00e4ljarna. Ett arbetspass avslutas n\u00e5gra timmar efter midnatt.<\/p>\n<p>De har tagit sig till Spanien fr\u00e5n l\u00e4nder som Senegal och Elfenbenskusten f\u00f6r att s\u00e4lja prylar till turister. Utrustade med ljusbl\u00e5 plasts\u00e4ckar fyllda med piratkopior. De plockar ur, fixar till och l\u00e4gger fram.<\/p>\n<h2><strong>Fr\u00e5n bord till bord<\/strong><\/h2>\n<p>Medan vissa s\u00e4ljare ockuperar omr\u00e5den p\u00e5 strandpromenaden tar en annan s\u00e4ljare ett antal prylar f\u00f6r att g\u00e5 fr\u00e5n bord till bord f\u00f6r att kr\u00e4nga till caf\u00e9- eller restaurangbes\u00f6kare.<\/p>\n<p>\u201dP\u00e5 helgerna kan de komma i rader med samma saker att erbjuda\u201d s\u00e4ger en caf\u00e9bes\u00f6kare.<\/p>\n<p>Flera kommuner i Spanien har tagit beslut om att stoppa gatuf\u00f6rs\u00e4ljare. Genom den kommunala ordningslagen som reglerar allm\u00e4n ordning och s\u00e4kerhet p\u00e5 offentliga platser.<\/p>\n<p>Ordningslagen ger kommuner befogenheter att utf\u00e4rda lokala ordningsf\u00f6reskrifter som kompletterar den nationella ordningslagen.<\/p>\n<h2><strong>750 euro i b\u00f6ter<\/strong><\/h2>\n<p>Tusentals turister k\u00f6per drycker, matvaror, kl\u00e4der och accessoarer av gatuf\u00f6rs\u00e4ljarna. I Palma p\u00e5 Mallorca riskerar turister b\u00f6ter p\u00e5 upp till 750 euro.<\/p>\n<p>Som turist g\u00e4ller det att l\u00e4sa p\u00e5 om vad som g\u00e4ller d\u00e5 det skiljer sig mellan kommuner i Spanien.<\/p>\n<div id=\"attachment_83285\" style=\"width: 910px\" class=\"wp-caption alignnone\"><img loading=\"lazy\" decoding=\"async\" aria-describedby=\"caption-attachment-83285\" class=\"wp-image-83285 size-full\" src=\"https:\/\/lightweb.dev\/l\/svm-temp\/wp-content\/uploads\/2025\/07\/svm20250709101123.webp\" alt=\"\" width=\"900\" height=\"400\" srcset=\"https:\/\/lightweb.dev\/l\/svm-temp\/wp-content\/uploads\/2025\/07\/svm20250709101123.webp 900w, https:\/\/lightweb.dev\/l\/svm-temp\/wp-content\/uploads\/2025\/07\/svm20250709101123-480x213.webp 480w\" sizes=\"(min-width: 0px) and (max-width: 480px) 480px, (min-width: 481px) 900px, 100vw\" \/><p id=\"caption-attachment-83285\" class=\"wp-caption-text\">P\u00e5 helgerna kan de komma i rader och erbjuda samma saker, s\u00e4ger en caf\u00e9bes\u00f6kare.<\/p><\/div>\n<p>F\u00f6rutom en slapp lagstiftning p\u00e5 m\u00e5nga h\u00e5ll s\u00e5 uppmuntrar influencers sina f\u00f6ljare att k\u00f6pa piratkopior av lyxiga modem\u00e4rken. Det \u00e4r en bransch som blomstrar i Spanien. St\u00e4ndiga turistrekord bidrar till att Spanien \u00e4r det land i Europa d\u00e4r det k\u00f6ps n\u00e4st flest piratkopior efter Bulgarien.<\/p>\n<p>B\u00e4r du kl\u00e4der, accessoarer eller klockor av ett visst m\u00e4rke visar du din samh\u00e4llsklass.<\/p>\n<h2><strong>Erk\u00e4nna<\/strong><\/h2>\n<p>Det har blivit accepterat att b\u00e4ra piratkopior. Enligt studien The Business of Fashion av konsultfirman McKinsey&amp;Co menar 54 procent av unga m\u00e4nniskor att det \u00e4r okej att b\u00e4ra piratkopior, speciellt handv\u00e4skor. 37 procent s\u00e4ger att de b\u00e4r, eller skulle kunna b\u00e4ra dem.<\/p>\n<p>Det viktigaste \u00e4r inte l\u00e4ngre att varan \u00e4r \u00e4kta utan att vara \u00e4rlig och erk\u00e4nna att det \u00e4r en piratkopia. Samtidigt som de ifr\u00e5gas\u00e4tter lyxindustrin och uppfattar den som elitistisk och oh\u00e5llbar.<\/p>\n<p><img loading=\"lazy\" decoding=\"async\" class=\"alignnone wp-image-83288 size-full\" src=\"https:\/\/lightweb.dev\/l\/svm-temp\/wp-content\/uploads\/2025\/07\/svm20250709101330.webp\" alt=\"\" width=\"900\" height=\"400\" srcset=\"https:\/\/lightweb.dev\/l\/svm-temp\/wp-content\/uploads\/2025\/07\/svm20250709101330.webp 900w, https:\/\/lightweb.dev\/l\/svm-temp\/wp-content\/uploads\/2025\/07\/svm20250709101330-480x213.webp 480w\" sizes=\"(min-width: 0px) and (max-width: 480px) 480px, (min-width: 481px) 900px, 100vw\" \/><\/p>\n<p>De kallas f\u00f6r generation Z. Har sneakers av m\u00e4rket Alexander McQueen, jackor av m\u00e4rket Moncler eller v\u00e4skor fr\u00e5n Bottega Veneta. De \u00e4kta varorna skulle kosta mellan 500 och 6.000 euro. En kopia kostar 200 euro.<\/p>\n<h2><strong>Accepterade<\/strong><\/h2>\n<p>Spanjorer eller turister &#8211; som inte har r\u00e5d med stora utgifter &#8211; avgudar piratkopior. Senaste \u00e5ret k\u00f6pte var femte spanjor eller 20 procent av spanjorerna en piratkopia j\u00e4mf\u00f6rt med 24 procent av bulgarerna.<\/p>\n<p>&#8211; M\u00e5nga k\u00f6per kopior f\u00f6r att bli accepterade i vissa sociala kretsar, menar psykologen Silvia Dal Ben vid Cl\u00ednical Manager de Unobravo i en intervju.<\/p>\n<p>Enligt en studie utf\u00f6rd av psykologifakulteten i Madrid \u00e4r den vanligaste k\u00f6paren av piratkopior personer under 35 \u00e5r. De s\u00f6ker en samh\u00f6righet med \u00f6verklassen f\u00f6r att ge sken av framg\u00e5ng och ett sofistikerat liv.<\/p>\n<p>Unders\u00f6kningar visar att 2,5 procent av den globala modehandeln i v\u00e4rlden utg\u00f6rs av piratkopior. Kriminella ligor organiserar handeln som kan liknas vid ett pyramidspel d\u00e4r de i toppen tj\u00e4nar enorma summor.<\/p>\n<h2><strong>Lagf\u00f6rs<\/strong><\/h2>\n<p>Gatuf\u00f6rs\u00e4ljare kantar strandpromenaderna l\u00e4ngs stora delar av Costa del Sol b\u00e5de vinter och sommar. Under sommarhalv\u00e5rets h\u00f6gs\u00e4song blir st\u00e4mningen \u00e4nnu mer sp\u00e4nd.<\/p>\n<p>V\u00e5ren 2024 kr\u00e4vde f\u00f6retagarna att inte bara gatuf\u00f6rs\u00e4ljare lagf\u00f6rs. \u00c4ven de som k\u00f6per deras produkter ska straffas. Men ifjol h\u00e4nde ingenting varf\u00f6r kravet \u00e5terkom inf\u00f6r sommaren 2025.<\/p>\n<p>Polisens jakt p\u00e5 gatuf\u00f6rs\u00e4ljare misslyckas d\u00e5 gatuf\u00f6rs\u00e4ljarna \u00e5terv\u00e4nder till strandpromenaden n\u00e4r polisinsatsen \u00e4r \u00f6ver. K\u00f6pm\u00e4nnen vill se mer \u00e4n \u201csk\u00e5despel med polisen som springer efter gatuf\u00f6rs\u00e4ljarna\u201d.<\/p>\n<h2><strong>Senegaleser<\/strong><\/h2>\n<p>Tidigare har de lokala myndigheterna f\u00f6rs\u00f6kt f\u00e5 till ett samarbete med bosatta senegaleser f\u00f6r att f\u00f6rs\u00f6ka hitta en l\u00f6sning som gagnar alla.<\/p>\n<p><img loading=\"lazy\" decoding=\"async\" class=\"alignnone wp-image-83289 size-full\" src=\"https:\/\/lightweb.dev\/l\/svm-temp\/wp-content\/uploads\/2025\/07\/svm20250709101424.webp\" alt=\"\" width=\"900\" height=\"400\" srcset=\"https:\/\/lightweb.dev\/l\/svm-temp\/wp-content\/uploads\/2025\/07\/svm20250709101424.webp 900w, https:\/\/lightweb.dev\/l\/svm-temp\/wp-content\/uploads\/2025\/07\/svm20250709101424-480x213.webp 480w\" sizes=\"(min-width: 0px) and (max-width: 480px) 480px, (min-width: 481px) 900px, 100vw\" \/><\/p>\n<p>K\u00f6pm\u00e4nnens f\u00f6rening ACEB (Asociaci\u00f3n de Comerciantes y Empresarios de Benalm\u00e1dena) f\u00f6reslog att f\u00f6retag skulle hj\u00e4lpa gatuf\u00f6rs\u00e4ljare att s\u00f6ka och hitta riktiga arbeten.<\/p>\n<p>Men insatsen gav inte de resultat man hade f\u00f6rv\u00e4ntat d\u00e5 gatuf\u00f6rs\u00e4ljarna uteblev fr\u00e5n de utbildningar och spr\u00e5kkurser som kr\u00e4vdes. De var i behov av inkomst eftersom de f\u00f6rs\u00f6rjer sina familjer, antingen i Spanien eller i sina ursprungsl\u00e4nder.<\/p>\n<p>Nu vill ist\u00e4llet ACEB att kommunen ska b\u00f6tf\u00e4lla k\u00f6parna och inte bara de som s\u00e4ljer.<\/p>\n<p>D\u00e4rf\u00f6r har man bett Benalm\u00e1denas kommunfullm\u00e4ktige att \u00e4ndra den lokala ordningslagen och inf\u00f6ra p\u00e5f\u00f6ljder f\u00f6r k\u00f6pare. De vill \u00e4ven se en informationskampanj med affischer och broschyrer som distribueras p\u00e5 hotell och \u00e4ven p\u00e5 flyg innan turisterna anl\u00e4nder till sina destinationer.<\/p>\n<p>(ACEB) s\u00e4ger att deras medlemmar f\u00f6rlorar mellan 20 och 30 procent av sin f\u00f6rs\u00e4ljning p\u00e5 grund av denna olagliga verksamhet. Det drabbar fr\u00e4mst f\u00f6retag som har sina aff\u00e4rer n\u00e4ra hamnomr\u00e5den.<\/p>\n<h2><strong>Chinatown<\/strong><\/h2>\n<p>Gatuf\u00f6rs\u00e4ljarna \u00e4r l\u00e4ngst ned i verksamheten. Solkustens eget Chinatown ligger i industriomr\u00e5det Guadalhorce. H\u00e4rifr\u00e5n distribueras massproducerade prylar.<\/p>\n<p>H\u00e4r g\u00f6r Guardia Civil tillslag g\u00e5ng efter g\u00e5ng. Vid ett tillf\u00e4lle beslagtogs 42.000 f\u00f6rfalskade smycken. Andra g\u00e5nger \u00e4r det piratkopierade m\u00e4rkeskl\u00e4der.<\/p>\n<p>Smyckena var tillverkade i Kina och kom via kinesiska grossistled i industriomr\u00e5det Cobo Calleja i Fuenlabrada, en f\u00f6rort till Madrid, till M\u00e1laga.<\/p>\n<p>Kinesiska f\u00f6retag massproducerar i Kambodja, Malaysia, Bangladesh, Vietnam och andra asiatiska l\u00e4nder. Det \u00e4r m\u00e4rkeskopior i \u00f6verfl\u00f6d och polistillslagen \u00e4r bara toppen av ett isberg.<\/p>\n","protected":false},"excerpt":{"rendered":"<p>K\u00f6pm\u00e4nnen har tr\u00f6ttnat p\u00e5 gatuf\u00f6rs\u00e4ljare och kr\u00e4ver att \u00e4ven k\u00f6pare ska straffas med b\u00f6ter. Antalet gatuf\u00f6rs\u00e4ljare \u00f6kar under sommaren med turisterna&#8230;<\/p>\n","protected":false},"author":7,"featured_media":83287,"comment_status":"closed","ping_status":"closed","sticky":false,"template":"","format":"standard","meta":{"_et_pb_use_builder":"","_et_pb_old_content":"","_et_gb_content_width":"","footnotes":""},"categories":[396,4],"tags":[],"class_list":["post-83290","post","type-post","status-publish","format-standard","has-post-thumbnail","hentry","category-arkiv-artiklar","category-artiklar"],"yoast_head":"<!-- This site is optimized with the Yoast SEO Premium plugin v26.2 (Yoast SEO v28.2) - https:\/\/yoast.com\/product\/yoast-seo-premium-wordpress\/ -->\n<title>Gatuf\u00f6rs\u00e4ljning av piratkopior: Krav p\u00e5 att k\u00f6pare ska straffas med b\u00f6ter - Svenska Magasinet<\/title>\n<meta name=\"robots\" content=\"noindex, follow, max-snippet:-1, max-image-preview:large, max-video-preview:-1\" \/>\n<meta property=\"og:locale\" content=\"sv_SE\" \/>\n<meta property=\"og:type\" content=\"article\" \/>\n<meta property=\"og:title\" content=\"Gatuf\u00f6rs\u00e4ljning av piratkopior: Krav p\u00e5 att k\u00f6pare ska straffas med b\u00f6ter\" \/>\n<meta property=\"og:description\" content=\"K\u00f6pm\u00e4nnen har tr\u00f6ttnat p\u00e5 gatuf\u00f6rs\u00e4ljare och kr\u00e4ver att \u00e4ven k\u00f6pare ska straffas med b\u00f6ter. Antalet gatuf\u00f6rs\u00e4ljare \u00f6kar under sommaren med turisterna...\" \/>\n<meta property=\"og:url\" content=\"https:\/\/lightweb.dev\/l\/svm-temp\/artiklar\/gatuforsaljning-av-piratkopior-krav-pa-att-kopare-ska-straffas-med-boter\/\" \/>\n<meta property=\"og:site_name\" content=\"Svenska Magasinet\" \/>\n<meta property=\"article:publisher\" content=\"https:\/\/www.facebook.com\/svenskamagasinet\" \/>\n<meta property=\"article:published_time\" content=\"2025-07-22T15:30:34+00:00\" \/>\n<meta property=\"article:modified_time\" content=\"2025-07-22T19:16:43+00:00\" \/>\n<meta property=\"og:image\" content=\"https:\/\/lightweb.dev\/l\/svm-temp\/wp-content\/uploads\/2025\/07\/svm20250709101250.webp\" \/>\n\t<meta property=\"og:image:width\" content=\"900\" \/>\n\t<meta property=\"og:image:height\" content=\"400\" \/>\n\t<meta property=\"og:image:type\" content=\"image\/webp\" \/>\n<meta name=\"author\" content=\"Ola Josefsson\" \/>\n<meta name=\"twitter:card\" content=\"summary_large_image\" \/>\n<meta name=\"twitter:creator\" content=\"@SvenskaMagasine\" \/>\n<meta name=\"twitter:site\" content=\"@SvenskaMagasine\" \/>\n<script type=\"application\/ld+json\" class=\"yoast-schema-graph\">{\"@context\":\"https:\\\/\\\/schema.org\",\"@graph\":[{\"@type\":\"Article\",\"@id\":\"https:\\\/\\\/lightweb.dev\\\/l\\\/svm-temp\\\/artiklar\\\/gatuforsaljning-av-piratkopior-krav-pa-att-kopare-ska-straffas-med-boter\\\/#article\",\"isPartOf\":{\"@id\":\"https:\\\/\\\/lightweb.dev\\\/l\\\/svm-temp\\\/artiklar\\\/gatuforsaljning-av-piratkopior-krav-pa-att-kopare-ska-straffas-med-boter\\\/\"},\"author\":{\"name\":\"Ola Josefsson\",\"@id\":\"https:\\\/\\\/lightweb.dev\\\/l\\\/svm-temp\\\/#\\\/schema\\\/person\\\/7a82b8a73d171d32360a564b6d03508e\"},\"headline\":\"Gatuf\u00f6rs\u00e4ljning av piratkopior: Krav p\u00e5 att k\u00f6pare ska straffas med b\u00f6ter\",\"datePublished\":\"2025-07-22T15:30:34+00:00\",\"dateModified\":\"2025-07-22T19:16:43+00:00\",\"mainEntityOfPage\":{\"@id\":\"https:\\\/\\\/lightweb.dev\\\/l\\\/svm-temp\\\/artiklar\\\/gatuforsaljning-av-piratkopior-krav-pa-att-kopare-ska-straffas-med-boter\\\/\"},\"wordCount\":1094,\"publisher\":{\"@id\":\"https:\\\/\\\/lightweb.dev\\\/l\\\/svm-temp\\\/#organization\"},\"image\":{\"@id\":\"https:\\\/\\\/lightweb.dev\\\/l\\\/svm-temp\\\/artiklar\\\/gatuforsaljning-av-piratkopior-krav-pa-att-kopare-ska-straffas-med-boter\\\/#primaryimage\"},\"thumbnailUrl\":\"https:\\\/\\\/lightweb.dev\\\/l\\\/svm-temp\\\/wp-content\\\/uploads\\\/2025\\\/07\\\/svm20250709101250.webp\",\"articleSection\":[\"Arkiv\",\"Artiklar\"],\"inLanguage\":\"sv-SE\"},{\"@type\":\"WebPage\",\"@id\":\"https:\\\/\\\/lightweb.dev\\\/l\\\/svm-temp\\\/artiklar\\\/gatuforsaljning-av-piratkopior-krav-pa-att-kopare-ska-straffas-med-boter\\\/\",\"url\":\"https:\\\/\\\/lightweb.dev\\\/l\\\/svm-temp\\\/artiklar\\\/gatuforsaljning-av-piratkopior-krav-pa-att-kopare-ska-straffas-med-boter\\\/\",\"name\":\"Gatuf\u00f6rs\u00e4ljning av piratkopior: Krav p\u00e5 att k\u00f6pare ska straffas med b\u00f6ter - Svenska Magasinet\",\"isPartOf\":{\"@id\":\"https:\\\/\\\/lightweb.dev\\\/l\\\/svm-temp\\\/#website\"},\"primaryImageOfPage\":{\"@id\":\"https:\\\/\\\/lightweb.dev\\\/l\\\/svm-temp\\\/artiklar\\\/gatuforsaljning-av-piratkopior-krav-pa-att-kopare-ska-straffas-med-boter\\\/#primaryimage\"},\"image\":{\"@id\":\"https:\\\/\\\/lightweb.dev\\\/l\\\/svm-temp\\\/artiklar\\\/gatuforsaljning-av-piratkopior-krav-pa-att-kopare-ska-straffas-med-boter\\\/#primaryimage\"},\"thumbnailUrl\":\"https:\\\/\\\/lightweb.dev\\\/l\\\/svm-temp\\\/wp-content\\\/uploads\\\/2025\\\/07\\\/svm20250709101250.webp\",\"datePublished\":\"2025-07-22T15:30:34+00:00\",\"dateModified\":\"2025-07-22T19:16:43+00:00\",\"breadcrumb\":{\"@id\":\"https:\\\/\\\/lightweb.dev\\\/l\\\/svm-temp\\\/artiklar\\\/gatuforsaljning-av-piratkopior-krav-pa-att-kopare-ska-straffas-med-boter\\\/#breadcrumb\"},\"inLanguage\":\"sv-SE\",\"potentialAction\":[{\"@type\":\"ReadAction\",\"target\":[\"https:\\\/\\\/lightweb.dev\\\/l\\\/svm-temp\\\/artiklar\\\/gatuforsaljning-av-piratkopior-krav-pa-att-kopare-ska-straffas-med-boter\\\/\"]}]},{\"@type\":\"ImageObject\",\"inLanguage\":\"sv-SE\",\"@id\":\"https:\\\/\\\/lightweb.dev\\\/l\\\/svm-temp\\\/artiklar\\\/gatuforsaljning-av-piratkopior-krav-pa-att-kopare-ska-straffas-med-boter\\\/#primaryimage\",\"url\":\"https:\\\/\\\/lightweb.dev\\\/l\\\/svm-temp\\\/wp-content\\\/uploads\\\/2025\\\/07\\\/svm20250709101250.webp\",\"contentUrl\":\"https:\\\/\\\/lightweb.dev\\\/l\\\/svm-temp\\\/wp-content\\\/uploads\\\/2025\\\/07\\\/svm20250709101250.webp\",\"width\":900,\"height\":400,\"caption\":\"Mittenbilden: P\u00e5 strandpromenaden i Benalm\u00e1dena Costa p\u00e5 gr\u00e4nsen till Torremolinos breder gatuf\u00f6rs\u00e4ljarna ut sig. P\u00e5 grund av lokalpolisen tar de sina saker och flyttar \u00f6ver kommungr\u00e4nsen.\"},{\"@type\":\"BreadcrumbList\",\"@id\":\"https:\\\/\\\/lightweb.dev\\\/l\\\/svm-temp\\\/artiklar\\\/gatuforsaljning-av-piratkopior-krav-pa-att-kopare-ska-straffas-med-boter\\\/#breadcrumb\",\"itemListElement\":[{\"@type\":\"ListItem\",\"position\":1,\"name\":\"Hem\",\"item\":\"https:\\\/\\\/lightweb.dev\\\/l\\\/svm-temp\\\/\"},{\"@type\":\"ListItem\",\"position\":2,\"name\":\"Gatuf\u00f6rs\u00e4ljning av piratkopior: Krav p\u00e5 att k\u00f6pare ska straffas med b\u00f6ter\"}]},{\"@type\":\"WebSite\",\"@id\":\"https:\\\/\\\/lightweb.dev\\\/l\\\/svm-temp\\\/#website\",\"url\":\"https:\\\/\\\/lightweb.dev\\\/l\\\/svm-temp\\\/\",\"name\":\"Svenska Magasinet\",\"description\":\"Dina Spanska nyheter p&aring; Svenska\",\"publisher\":{\"@id\":\"https:\\\/\\\/lightweb.dev\\\/l\\\/svm-temp\\\/#organization\"},\"potentialAction\":[{\"@type\":\"SearchAction\",\"target\":{\"@type\":\"EntryPoint\",\"urlTemplate\":\"https:\\\/\\\/lightweb.dev\\\/l\\\/svm-temp\\\/?s={search_term_string}\"},\"query-input\":{\"@type\":\"PropertyValueSpecification\",\"valueRequired\":true,\"valueName\":\"search_term_string\"}}],\"inLanguage\":\"sv-SE\"},{\"@type\":\"Organization\",\"@id\":\"https:\\\/\\\/lightweb.dev\\\/l\\\/svm-temp\\\/#organization\",\"name\":\"Melkerson y Nott SL\",\"alternateName\":\"Svenska Magasinet\",\"url\":\"https:\\\/\\\/lightweb.dev\\\/l\\\/svm-temp\\\/\",\"logo\":{\"@type\":\"ImageObject\",\"inLanguage\":\"sv-SE\",\"@id\":\"https:\\\/\\\/lightweb.dev\\\/l\\\/svm-temp\\\/#\\\/schema\\\/logo\\\/image\\\/\",\"url\":\"https:\\\/\\\/lightweb.dev\\\/l\\\/svm-temp\\\/wp-content\\\/uploads\\\/2025\\\/02\\\/SvM-logo-Xtra-Centrerad-SVART.png\",\"contentUrl\":\"https:\\\/\\\/lightweb.dev\\\/l\\\/svm-temp\\\/wp-content\\\/uploads\\\/2025\\\/02\\\/SvM-logo-Xtra-Centrerad-SVART.png\",\"width\":300,\"height\":99,\"caption\":\"Melkerson y Nott SL\"},\"image\":{\"@id\":\"https:\\\/\\\/lightweb.dev\\\/l\\\/svm-temp\\\/#\\\/schema\\\/logo\\\/image\\\/\"},\"sameAs\":[\"https:\\\/\\\/www.facebook.com\\\/svenskamagasinet\",\"https:\\\/\\\/x.com\\\/SvenskaMagasine\"]},{\"@type\":\"Person\",\"@id\":\"https:\\\/\\\/lightweb.dev\\\/l\\\/svm-temp\\\/#\\\/schema\\\/person\\\/7a82b8a73d171d32360a564b6d03508e\",\"name\":\"Ola Josefsson\",\"description\":\"Bevakar Solkusten och Spanien sedan 1994.\",\"sameAs\":[\"https:\\\/\\\/lightweb.dev\\\/l\\\/svm-temp\"],\"url\":\"https:\\\/\\\/lightweb.dev\\\/l\\\/svm-temp\\\/reporter\\\/ola-josefsson\\\/\"}]}<\/script>\n<!-- \/ Yoast SEO Premium plugin. -->","yoast_head_json":{"title":"Gatuf\u00f6rs\u00e4ljning av piratkopior: Krav p\u00e5 att k\u00f6pare ska straffas med b\u00f6ter - Svenska Magasinet","robots":{"index":"noindex","follow":"follow","max-snippet":"max-snippet:-1","max-image-preview":"max-image-preview:large","max-video-preview":"max-video-preview:-1"},"og_locale":"sv_SE","og_type":"article","og_title":"Gatuf\u00f6rs\u00e4ljning av piratkopior: Krav p\u00e5 att k\u00f6pare ska straffas med b\u00f6ter","og_description":"K\u00f6pm\u00e4nnen har tr\u00f6ttnat p\u00e5 gatuf\u00f6rs\u00e4ljare och kr\u00e4ver att \u00e4ven k\u00f6pare ska straffas med b\u00f6ter. Antalet gatuf\u00f6rs\u00e4ljare \u00f6kar under sommaren med turisterna...","og_url":"https:\/\/lightweb.dev\/l\/svm-temp\/artiklar\/gatuforsaljning-av-piratkopior-krav-pa-att-kopare-ska-straffas-med-boter\/","og_site_name":"Svenska Magasinet","article_publisher":"https:\/\/www.facebook.com\/svenskamagasinet","article_published_time":"2025-07-22T15:30:34+00:00","article_modified_time":"2025-07-22T19:16:43+00:00","og_image":[{"width":900,"height":400,"url":"https:\/\/lightweb.dev\/l\/svm-temp\/wp-content\/uploads\/2025\/07\/svm20250709101250.webp","type":"image\/webp"}],"author":"Ola Josefsson","twitter_card":"summary_large_image","twitter_creator":"@SvenskaMagasine","twitter_site":"@SvenskaMagasine","schema":{"@context":"https:\/\/schema.org","@graph":[{"@type":"Article","@id":"https:\/\/lightweb.dev\/l\/svm-temp\/artiklar\/gatuforsaljning-av-piratkopior-krav-pa-att-kopare-ska-straffas-med-boter\/#article","isPartOf":{"@id":"https:\/\/lightweb.dev\/l\/svm-temp\/artiklar\/gatuforsaljning-av-piratkopior-krav-pa-att-kopare-ska-straffas-med-boter\/"},"author":{"name":"Ola Josefsson","@id":"https:\/\/lightweb.dev\/l\/svm-temp\/#\/schema\/person\/7a82b8a73d171d32360a564b6d03508e"},"headline":"Gatuf\u00f6rs\u00e4ljning av piratkopior: Krav p\u00e5 att k\u00f6pare ska straffas med b\u00f6ter","datePublished":"2025-07-22T15:30:34+00:00","dateModified":"2025-07-22T19:16:43+00:00","mainEntityOfPage":{"@id":"https:\/\/lightweb.dev\/l\/svm-temp\/artiklar\/gatuforsaljning-av-piratkopior-krav-pa-att-kopare-ska-straffas-med-boter\/"},"wordCount":1094,"publisher":{"@id":"https:\/\/lightweb.dev\/l\/svm-temp\/#organization"},"image":{"@id":"https:\/\/lightweb.dev\/l\/svm-temp\/artiklar\/gatuforsaljning-av-piratkopior-krav-pa-att-kopare-ska-straffas-med-boter\/#primaryimage"},"thumbnailUrl":"https:\/\/lightweb.dev\/l\/svm-temp\/wp-content\/uploads\/2025\/07\/svm20250709101250.webp","articleSection":["Arkiv","Artiklar"],"inLanguage":"sv-SE"},{"@type":"WebPage","@id":"https:\/\/lightweb.dev\/l\/svm-temp\/artiklar\/gatuforsaljning-av-piratkopior-krav-pa-att-kopare-ska-straffas-med-boter\/","url":"https:\/\/lightweb.dev\/l\/svm-temp\/artiklar\/gatuforsaljning-av-piratkopior-krav-pa-att-kopare-ska-straffas-med-boter\/","name":"Gatuf\u00f6rs\u00e4ljning av piratkopior: Krav p\u00e5 att k\u00f6pare ska straffas med b\u00f6ter - Svenska Magasinet","isPartOf":{"@id":"https:\/\/lightweb.dev\/l\/svm-temp\/#website"},"primaryImageOfPage":{"@id":"https:\/\/lightweb.dev\/l\/svm-temp\/artiklar\/gatuforsaljning-av-piratkopior-krav-pa-att-kopare-ska-straffas-med-boter\/#primaryimage"},"image":{"@id":"https:\/\/lightweb.dev\/l\/svm-temp\/artiklar\/gatuforsaljning-av-piratkopior-krav-pa-att-kopare-ska-straffas-med-boter\/#primaryimage"},"thumbnailUrl":"https:\/\/lightweb.dev\/l\/svm-temp\/wp-content\/uploads\/2025\/07\/svm20250709101250.webp","datePublished":"2025-07-22T15:30:34+00:00","dateModified":"2025-07-22T19:16:43+00:00","breadcrumb":{"@id":"https:\/\/lightweb.dev\/l\/svm-temp\/artiklar\/gatuforsaljning-av-piratkopior-krav-pa-att-kopare-ska-straffas-med-boter\/#breadcrumb"},"inLanguage":"sv-SE","potentialAction":[{"@type":"ReadAction","target":["https:\/\/lightweb.dev\/l\/svm-temp\/artiklar\/gatuforsaljning-av-piratkopior-krav-pa-att-kopare-ska-straffas-med-boter\/"]}]},{"@type":"ImageObject","inLanguage":"sv-SE","@id":"https:\/\/lightweb.dev\/l\/svm-temp\/artiklar\/gatuforsaljning-av-piratkopior-krav-pa-att-kopare-ska-straffas-med-boter\/#primaryimage","url":"https:\/\/lightweb.dev\/l\/svm-temp\/wp-content\/uploads\/2025\/07\/svm20250709101250.webp","contentUrl":"https:\/\/lightweb.dev\/l\/svm-temp\/wp-content\/uploads\/2025\/07\/svm20250709101250.webp","width":900,"height":400,"caption":"Mittenbilden: P\u00e5 strandpromenaden i Benalm\u00e1dena Costa p\u00e5 gr\u00e4nsen till Torremolinos breder gatuf\u00f6rs\u00e4ljarna ut sig. P\u00e5 grund av lokalpolisen tar de sina saker och flyttar \u00f6ver kommungr\u00e4nsen."},{"@type":"BreadcrumbList","@id":"https:\/\/lightweb.dev\/l\/svm-temp\/artiklar\/gatuforsaljning-av-piratkopior-krav-pa-att-kopare-ska-straffas-med-boter\/#breadcrumb","itemListElement":[{"@type":"ListItem","position":1,"name":"Hem","item":"https:\/\/lightweb.dev\/l\/svm-temp\/"},{"@type":"ListItem","position":2,"name":"Gatuf\u00f6rs\u00e4ljning av piratkopior: Krav p\u00e5 att k\u00f6pare ska straffas med b\u00f6ter"}]},{"@type":"WebSite","@id":"https:\/\/lightweb.dev\/l\/svm-temp\/#website","url":"https:\/\/lightweb.dev\/l\/svm-temp\/","name":"Svenska Magasinet","description":"Dina Spanska nyheter p&aring; Svenska","publisher":{"@id":"https:\/\/lightweb.dev\/l\/svm-temp\/#organization"},"potentialAction":[{"@type":"SearchAction","target":{"@type":"EntryPoint","urlTemplate":"https:\/\/lightweb.dev\/l\/svm-temp\/?s={search_term_string}"},"query-input":{"@type":"PropertyValueSpecification","valueRequired":true,"valueName":"search_term_string"}}],"inLanguage":"sv-SE"},{"@type":"Organization","@id":"https:\/\/lightweb.dev\/l\/svm-temp\/#organization","name":"Melkerson y Nott SL","alternateName":"Svenska Magasinet","url":"https:\/\/lightweb.dev\/l\/svm-temp\/","logo":{"@type":"ImageObject","inLanguage":"sv-SE","@id":"https:\/\/lightweb.dev\/l\/svm-temp\/#\/schema\/logo\/image\/","url":"https:\/\/lightweb.dev\/l\/svm-temp\/wp-content\/uploads\/2025\/02\/SvM-logo-Xtra-Centrerad-SVART.png","contentUrl":"https:\/\/lightweb.dev\/l\/svm-temp\/wp-content\/uploads\/2025\/02\/SvM-logo-Xtra-Centrerad-SVART.png","width":300,"height":99,"caption":"Melkerson y Nott SL"},"image":{"@id":"https:\/\/lightweb.dev\/l\/svm-temp\/#\/schema\/logo\/image\/"},"sameAs":["https:\/\/www.facebook.com\/svenskamagasinet","https:\/\/x.com\/SvenskaMagasine"]},{"@type":"Person","@id":"https:\/\/lightweb.dev\/l\/svm-temp\/#\/schema\/person\/7a82b8a73d171d32360a564b6d03508e","name":"Ola Josefsson","description":"Bevakar Solkusten och Spanien sedan 1994.","sameAs":["https:\/\/lightweb.dev\/l\/svm-temp"],"url":"https:\/\/lightweb.dev\/l\/svm-temp\/reporter\/ola-josefsson\/"}]}},"_links":{"self":[{"href":"https:\/\/lightweb.dev\/l\/svm-temp\/wp-json\/wp\/v2\/posts\/83290","targetHints":{"allow":["GET"]}}],"collection":[{"href":"https:\/\/lightweb.dev\/l\/svm-temp\/wp-json\/wp\/v2\/posts"}],"about":[{"href":"https:\/\/lightweb.dev\/l\/svm-temp\/wp-json\/wp\/v2\/types\/post"}],"author":[{"embeddable":true,"href":"https:\/\/lightweb.dev\/l\/svm-temp\/wp-json\/wp\/v2\/users\/7"}],"replies":[{"embeddable":true,"href":"https:\/\/lightweb.dev\/l\/svm-temp\/wp-json\/wp\/v2\/comments?post=83290"}],"version-history":[{"count":0,"href":"https:\/\/lightweb.dev\/l\/svm-temp\/wp-json\/wp\/v2\/posts\/83290\/revisions"}],"wp:featuredmedia":[{"embeddable":true,"href":"https:\/\/lightweb.dev\/l\/svm-temp\/wp-json\/wp\/v2\/media\/83287"}],"wp:attachment":[{"href":"https:\/\/lightweb.dev\/l\/svm-temp\/wp-json\/wp\/v2\/media?parent=83290"}],"wp:term":[{"taxonomy":"category","embeddable":true,"href":"https:\/\/lightweb.dev\/l\/svm-temp\/wp-json\/wp\/v2\/categories?post=83290"},{"taxonomy":"post_tag","embeddable":true,"href":"https:\/\/lightweb.dev\/l\/svm-temp\/wp-json\/wp\/v2\/tags?post=83290"}],"curies":[{"name":"wp","href":"https:\/\/api.w.org\/{rel}","templated":true}]}}