{"id":83493,"date":"2025-07-18T10:08:31","date_gmt":"2025-07-18T08:08:31","guid":{"rendered":"https:\/\/lightweb.dev\/l\/svm-temp\/?p=83493"},"modified":"2025-07-18T10:08:31","modified_gmt":"2025-07-18T08:08:31","slug":"marbellas-strander-rensade-pa-1-800-ton-asiatisk-alg-forsta-delen-av-juli","status":"publish","type":"post","link":"https:\/\/lightweb.dev\/l\/svm-temp\/nyheter\/marbellas-strander-rensade-pa-1-800-ton-asiatisk-alg-forsta-delen-av-juli\/","title":{"rendered":"Marbellas str\u00e4nder rensade p\u00e5 1 800 ton asiatisk alg f\u00f6rsta delen av juli"},"content":{"rendered":"<p><strong>Brunalgen \u201drugulopteryx okamurae\u201d som h\u00f6r hemma i de tempererade omr\u00e5dena i nordv\u00e4stra Stilla havet har blivit invasiv i Medelhavet och nord\u00f6stra Atlanten och st\u00e4ller till stora problem.<\/strong><\/p>\n<p><strong>Under f\u00f6rsta halvan av juli rensades str\u00e4nderna i Marbella p\u00e5 1 800 ton till en kostnad av 139.392 euro.<\/strong><\/p>\n<p><img loading=\"lazy\" decoding=\"async\" class=\"alignnone wp-image-56274 size-large\" src=\"https:\/\/lightweb.dev\/l\/svm-temp\/wp-content\/uploads\/2022\/08\/IMG-1851-Stor-900x675.jpeg\" alt=\"\" width=\"900\" height=\"675\" srcset=\"https:\/\/lightweb.dev\/l\/svm-temp\/wp-content\/uploads\/2022\/08\/IMG-1851-Stor-900x675.jpeg 900w, https:\/\/lightweb.dev\/l\/svm-temp\/wp-content\/uploads\/2022\/08\/IMG-1851-Stor-600x450.jpeg 600w, https:\/\/lightweb.dev\/l\/svm-temp\/wp-content\/uploads\/2022\/08\/IMG-1851-Stor-300x225.jpeg 300w, https:\/\/lightweb.dev\/l\/svm-temp\/wp-content\/uploads\/2022\/08\/IMG-1851-Stor-768x576.jpeg 768w, https:\/\/lightweb.dev\/l\/svm-temp\/wp-content\/uploads\/2022\/08\/IMG-1851-Stor-610x458.jpeg 610w, https:\/\/lightweb.dev\/l\/svm-temp\/wp-content\/uploads\/2022\/08\/IMG-1851-Stor-1080x810.jpeg 1080w, https:\/\/lightweb.dev\/l\/svm-temp\/wp-content\/uploads\/2022\/08\/IMG-1851-Stor.jpeg 1280w\" sizes=\"(max-width: 900px) 100vw, 900px\" \/><\/p>\n<p>M\u00e4ngden motsvarar 90 lastbilar p\u00e5 tjugo ton.<\/p>\n<p>Problemet i Marbella och i flera andra kustkommuner v\u00e4xer. Diego L\u00f3pez, vid Marbella kommun s\u00e4ger i ett <a href=\"https:\/\/www.marbella.es\/actualidad\/noticias\/el-ayuntamiento-retira-1-800-toneladas-de-algas-invasoras-en-la-primera-quincena-de-julio-e-insiste-en-la-necesidad-urgente-de-intervencion-por-parte-del-gobierno-central.html\">pressmeddelande:<\/a><\/p>\n<p>&#8211; Vi f\u00e5r varken ekonomiskt st\u00f6d eller n\u00e5gon annan hj\u00e4lp fr\u00e5n centralregeringen. Som kommunfullm\u00e4ktige kan vi inte ensamma m\u00f6ta denna milj\u00f6kris som nu \u00e4r kronisk och direkt p\u00e5verkar inv\u00e5narnas vardag, kommunens image och den lokala ekonomin.<\/p>\n<p>Marbellas str\u00e4nder st\u00e4das fr\u00e5n brunalger fr\u00e5n klockan 02 till 10 f\u00f6r att minimera problemen f\u00f6r badg\u00e4ster och turister.<\/p>\n<p>Brunalgen samlas in f\u00f6r torkning och viktreducering och transporteras sedan till Costa del Sols milj\u00f6komplex d\u00e4r Marbella kommun m\u00e5ste betala en avgift p\u00e5 42,94 euro per ton f\u00f6r behandlingen som v\u00e4xtavfall.<\/p>\n<p>Brunalgen har blivit ett stort problem vid str\u00e4nder i Nueva Andaluc\u00eda, Fontanilla, Venus och Cabopino samt \u00e4ven i San Pedro Alc\u00e1ntara och fiske- och fritidshamnen La Bajadilla.<\/p>\n","protected":false},"excerpt":{"rendered":"<p>Brunalgen \u201drugulopteryx okamurae\u201d som h\u00f6r hemma i de tempererade omr\u00e5dena i nordv\u00e4stra Stilla havet har blivit invasiv i Medelhavet och nord\u00f6stra Atlanten och st\u00e4ller till stora problem. Under f\u00f6rsta halvan av juli rensades str\u00e4nderna i Marbella p\u00e5 1\u00a0800 ton&#8230;<\/p>\n","protected":false},"author":7,"featured_media":83492,"comment_status":"closed","ping_status":"closed","sticky":false,"template":"","format":"standard","meta":{"_et_pb_use_builder":"","_et_pb_old_content":"","_et_gb_content_width":"","footnotes":""},"categories":[284,3],"tags":[],"class_list":["post-83493","post","type-post","status-publish","format-standard","has-post-thumbnail","hentry","category-inrikes","category-nyheter"],"yoast_head":"<!-- This site is optimized with the Yoast SEO Premium plugin v26.2 (Yoast SEO v28.2) - https:\/\/yoast.com\/product\/yoast-seo-premium-wordpress\/ -->\n<title>Marbellas str\u00e4nder rensade p\u00e5 1 800 ton asiatisk alg f\u00f6rsta delen av juli - Svenska Magasinet<\/title>\n<meta name=\"robots\" content=\"noindex, follow, max-snippet:-1, max-image-preview:large, max-video-preview:-1\" \/>\n<meta property=\"og:locale\" content=\"sv_SE\" \/>\n<meta property=\"og:type\" content=\"article\" \/>\n<meta property=\"og:title\" content=\"Marbellas str\u00e4nder rensade p\u00e5 1 800 ton asiatisk alg f\u00f6rsta delen av juli\" \/>\n<meta property=\"og:description\" content=\"Brunalgen \u201drugulopteryx okamurae\u201d som h\u00f6r hemma i de tempererade omr\u00e5dena i nordv\u00e4stra Stilla havet har blivit invasiv i Medelhavet och nord\u00f6stra Atlanten och st\u00e4ller till stora problem. Under f\u00f6rsta halvan av juli rensades str\u00e4nderna i Marbella p\u00e5 1\u00a0800 ton...\" \/>\n<meta property=\"og:url\" content=\"https:\/\/lightweb.dev\/l\/svm-temp\/nyheter\/marbellas-strander-rensade-pa-1-800-ton-asiatisk-alg-forsta-delen-av-juli\/\" \/>\n<meta property=\"og:site_name\" content=\"Svenska Magasinet\" \/>\n<meta property=\"article:publisher\" content=\"https:\/\/www.facebook.com\/svenskamagasinet\" \/>\n<meta property=\"article:published_time\" content=\"2025-07-18T08:08:31+00:00\" \/>\n<meta property=\"og:image\" content=\"https:\/\/lightweb.dev\/l\/svm-temp\/wp-content\/uploads\/2025\/07\/svm20250718080356.webp\" \/>\n\t<meta property=\"og:image:width\" content=\"900\" \/>\n\t<meta property=\"og:image:height\" content=\"400\" \/>\n\t<meta property=\"og:image:type\" content=\"image\/webp\" \/>\n<meta name=\"author\" content=\"Ola Josefsson\" \/>\n<meta name=\"twitter:card\" content=\"summary_large_image\" \/>\n<meta name=\"twitter:creator\" content=\"@SvenskaMagasine\" \/>\n<meta name=\"twitter:site\" content=\"@SvenskaMagasine\" \/>\n<script type=\"application\/ld+json\" class=\"yoast-schema-graph\">{\"@context\":\"https:\\\/\\\/schema.org\",\"@graph\":[{\"@type\":\"Article\",\"@id\":\"https:\\\/\\\/lightweb.dev\\\/l\\\/svm-temp\\\/nyheter\\\/marbellas-strander-rensade-pa-1-800-ton-asiatisk-alg-forsta-delen-av-juli\\\/#article\",\"isPartOf\":{\"@id\":\"https:\\\/\\\/lightweb.dev\\\/l\\\/svm-temp\\\/nyheter\\\/marbellas-strander-rensade-pa-1-800-ton-asiatisk-alg-forsta-delen-av-juli\\\/\"},\"author\":{\"name\":\"Ola Josefsson\",\"@id\":\"https:\\\/\\\/lightweb.dev\\\/l\\\/svm-temp\\\/#\\\/schema\\\/person\\\/7a82b8a73d171d32360a564b6d03508e\"},\"headline\":\"Marbellas str\u00e4nder rensade p\u00e5 1 800 ton asiatisk alg f\u00f6rsta delen av juli\",\"datePublished\":\"2025-07-18T08:08:31+00:00\",\"mainEntityOfPage\":{\"@id\":\"https:\\\/\\\/lightweb.dev\\\/l\\\/svm-temp\\\/nyheter\\\/marbellas-strander-rensade-pa-1-800-ton-asiatisk-alg-forsta-delen-av-juli\\\/\"},\"wordCount\":226,\"publisher\":{\"@id\":\"https:\\\/\\\/lightweb.dev\\\/l\\\/svm-temp\\\/#organization\"},\"image\":{\"@id\":\"https:\\\/\\\/lightweb.dev\\\/l\\\/svm-temp\\\/nyheter\\\/marbellas-strander-rensade-pa-1-800-ton-asiatisk-alg-forsta-delen-av-juli\\\/#primaryimage\"},\"thumbnailUrl\":\"https:\\\/\\\/lightweb.dev\\\/l\\\/svm-temp\\\/wp-content\\\/uploads\\\/2025\\\/07\\\/svm20250718080356.webp\",\"articleSection\":[\"Inrikes\",\"Nyheter\"],\"inLanguage\":\"sv-SE\"},{\"@type\":\"WebPage\",\"@id\":\"https:\\\/\\\/lightweb.dev\\\/l\\\/svm-temp\\\/nyheter\\\/marbellas-strander-rensade-pa-1-800-ton-asiatisk-alg-forsta-delen-av-juli\\\/\",\"url\":\"https:\\\/\\\/lightweb.dev\\\/l\\\/svm-temp\\\/nyheter\\\/marbellas-strander-rensade-pa-1-800-ton-asiatisk-alg-forsta-delen-av-juli\\\/\",\"name\":\"Marbellas str\u00e4nder rensade p\u00e5 1 800 ton asiatisk alg f\u00f6rsta delen av juli - Svenska Magasinet\",\"isPartOf\":{\"@id\":\"https:\\\/\\\/lightweb.dev\\\/l\\\/svm-temp\\\/#website\"},\"primaryImageOfPage\":{\"@id\":\"https:\\\/\\\/lightweb.dev\\\/l\\\/svm-temp\\\/nyheter\\\/marbellas-strander-rensade-pa-1-800-ton-asiatisk-alg-forsta-delen-av-juli\\\/#primaryimage\"},\"image\":{\"@id\":\"https:\\\/\\\/lightweb.dev\\\/l\\\/svm-temp\\\/nyheter\\\/marbellas-strander-rensade-pa-1-800-ton-asiatisk-alg-forsta-delen-av-juli\\\/#primaryimage\"},\"thumbnailUrl\":\"https:\\\/\\\/lightweb.dev\\\/l\\\/svm-temp\\\/wp-content\\\/uploads\\\/2025\\\/07\\\/svm20250718080356.webp\",\"datePublished\":\"2025-07-18T08:08:31+00:00\",\"breadcrumb\":{\"@id\":\"https:\\\/\\\/lightweb.dev\\\/l\\\/svm-temp\\\/nyheter\\\/marbellas-strander-rensade-pa-1-800-ton-asiatisk-alg-forsta-delen-av-juli\\\/#breadcrumb\"},\"inLanguage\":\"sv-SE\",\"potentialAction\":[{\"@type\":\"ReadAction\",\"target\":[\"https:\\\/\\\/lightweb.dev\\\/l\\\/svm-temp\\\/nyheter\\\/marbellas-strander-rensade-pa-1-800-ton-asiatisk-alg-forsta-delen-av-juli\\\/\"]}]},{\"@type\":\"ImageObject\",\"inLanguage\":\"sv-SE\",\"@id\":\"https:\\\/\\\/lightweb.dev\\\/l\\\/svm-temp\\\/nyheter\\\/marbellas-strander-rensade-pa-1-800-ton-asiatisk-alg-forsta-delen-av-juli\\\/#primaryimage\",\"url\":\"https:\\\/\\\/lightweb.dev\\\/l\\\/svm-temp\\\/wp-content\\\/uploads\\\/2025\\\/07\\\/svm20250718080356.webp\",\"contentUrl\":\"https:\\\/\\\/lightweb.dev\\\/l\\\/svm-temp\\\/wp-content\\\/uploads\\\/2025\\\/07\\\/svm20250718080356.webp\",\"width\":900,\"height\":400,\"caption\":\"(Foto: Marbella kommun)\"},{\"@type\":\"BreadcrumbList\",\"@id\":\"https:\\\/\\\/lightweb.dev\\\/l\\\/svm-temp\\\/nyheter\\\/marbellas-strander-rensade-pa-1-800-ton-asiatisk-alg-forsta-delen-av-juli\\\/#breadcrumb\",\"itemListElement\":[{\"@type\":\"ListItem\",\"position\":1,\"name\":\"Hem\",\"item\":\"https:\\\/\\\/lightweb.dev\\\/l\\\/svm-temp\\\/\"},{\"@type\":\"ListItem\",\"position\":2,\"name\":\"Marbellas str\u00e4nder rensade p\u00e5 1 800 ton asiatisk alg f\u00f6rsta delen av juli\"}]},{\"@type\":\"WebSite\",\"@id\":\"https:\\\/\\\/lightweb.dev\\\/l\\\/svm-temp\\\/#website\",\"url\":\"https:\\\/\\\/lightweb.dev\\\/l\\\/svm-temp\\\/\",\"name\":\"Svenska Magasinet\",\"description\":\"Dina Spanska nyheter p&aring; Svenska\",\"publisher\":{\"@id\":\"https:\\\/\\\/lightweb.dev\\\/l\\\/svm-temp\\\/#organization\"},\"potentialAction\":[{\"@type\":\"SearchAction\",\"target\":{\"@type\":\"EntryPoint\",\"urlTemplate\":\"https:\\\/\\\/lightweb.dev\\\/l\\\/svm-temp\\\/?s={search_term_string}\"},\"query-input\":{\"@type\":\"PropertyValueSpecification\",\"valueRequired\":true,\"valueName\":\"search_term_string\"}}],\"inLanguage\":\"sv-SE\"},{\"@type\":\"Organization\",\"@id\":\"https:\\\/\\\/lightweb.dev\\\/l\\\/svm-temp\\\/#organization\",\"name\":\"Melkerson y Nott SL\",\"alternateName\":\"Svenska Magasinet\",\"url\":\"https:\\\/\\\/lightweb.dev\\\/l\\\/svm-temp\\\/\",\"logo\":{\"@type\":\"ImageObject\",\"inLanguage\":\"sv-SE\",\"@id\":\"https:\\\/\\\/lightweb.dev\\\/l\\\/svm-temp\\\/#\\\/schema\\\/logo\\\/image\\\/\",\"url\":\"https:\\\/\\\/lightweb.dev\\\/l\\\/svm-temp\\\/wp-content\\\/uploads\\\/2025\\\/02\\\/SvM-logo-Xtra-Centrerad-SVART.png\",\"contentUrl\":\"https:\\\/\\\/lightweb.dev\\\/l\\\/svm-temp\\\/wp-content\\\/uploads\\\/2025\\\/02\\\/SvM-logo-Xtra-Centrerad-SVART.png\",\"width\":300,\"height\":99,\"caption\":\"Melkerson y Nott SL\"},\"image\":{\"@id\":\"https:\\\/\\\/lightweb.dev\\\/l\\\/svm-temp\\\/#\\\/schema\\\/logo\\\/image\\\/\"},\"sameAs\":[\"https:\\\/\\\/www.facebook.com\\\/svenskamagasinet\",\"https:\\\/\\\/x.com\\\/SvenskaMagasine\"]},{\"@type\":\"Person\",\"@id\":\"https:\\\/\\\/lightweb.dev\\\/l\\\/svm-temp\\\/#\\\/schema\\\/person\\\/7a82b8a73d171d32360a564b6d03508e\",\"name\":\"Ola Josefsson\",\"description\":\"Bevakar Solkusten och Spanien sedan 1994.\",\"sameAs\":[\"https:\\\/\\\/lightweb.dev\\\/l\\\/svm-temp\"],\"url\":\"https:\\\/\\\/lightweb.dev\\\/l\\\/svm-temp\\\/reporter\\\/ola-josefsson\\\/\"}]}<\/script>\n<!-- \/ Yoast SEO Premium plugin. -->","yoast_head_json":{"title":"Marbellas str\u00e4nder rensade p\u00e5 1 800 ton asiatisk alg f\u00f6rsta delen av juli - Svenska Magasinet","robots":{"index":"noindex","follow":"follow","max-snippet":"max-snippet:-1","max-image-preview":"max-image-preview:large","max-video-preview":"max-video-preview:-1"},"og_locale":"sv_SE","og_type":"article","og_title":"Marbellas str\u00e4nder rensade p\u00e5 1 800 ton asiatisk alg f\u00f6rsta delen av juli","og_description":"Brunalgen \u201drugulopteryx okamurae\u201d som h\u00f6r hemma i de tempererade omr\u00e5dena i nordv\u00e4stra Stilla havet har blivit invasiv i Medelhavet och nord\u00f6stra Atlanten och st\u00e4ller till stora problem. Under f\u00f6rsta halvan av juli rensades str\u00e4nderna i Marbella p\u00e5 1\u00a0800 ton...","og_url":"https:\/\/lightweb.dev\/l\/svm-temp\/nyheter\/marbellas-strander-rensade-pa-1-800-ton-asiatisk-alg-forsta-delen-av-juli\/","og_site_name":"Svenska Magasinet","article_publisher":"https:\/\/www.facebook.com\/svenskamagasinet","article_published_time":"2025-07-18T08:08:31+00:00","og_image":[{"width":900,"height":400,"url":"https:\/\/lightweb.dev\/l\/svm-temp\/wp-content\/uploads\/2025\/07\/svm20250718080356.webp","type":"image\/webp"}],"author":"Ola Josefsson","twitter_card":"summary_large_image","twitter_creator":"@SvenskaMagasine","twitter_site":"@SvenskaMagasine","schema":{"@context":"https:\/\/schema.org","@graph":[{"@type":"Article","@id":"https:\/\/lightweb.dev\/l\/svm-temp\/nyheter\/marbellas-strander-rensade-pa-1-800-ton-asiatisk-alg-forsta-delen-av-juli\/#article","isPartOf":{"@id":"https:\/\/lightweb.dev\/l\/svm-temp\/nyheter\/marbellas-strander-rensade-pa-1-800-ton-asiatisk-alg-forsta-delen-av-juli\/"},"author":{"name":"Ola Josefsson","@id":"https:\/\/lightweb.dev\/l\/svm-temp\/#\/schema\/person\/7a82b8a73d171d32360a564b6d03508e"},"headline":"Marbellas str\u00e4nder rensade p\u00e5 1 800 ton asiatisk alg f\u00f6rsta delen av juli","datePublished":"2025-07-18T08:08:31+00:00","mainEntityOfPage":{"@id":"https:\/\/lightweb.dev\/l\/svm-temp\/nyheter\/marbellas-strander-rensade-pa-1-800-ton-asiatisk-alg-forsta-delen-av-juli\/"},"wordCount":226,"publisher":{"@id":"https:\/\/lightweb.dev\/l\/svm-temp\/#organization"},"image":{"@id":"https:\/\/lightweb.dev\/l\/svm-temp\/nyheter\/marbellas-strander-rensade-pa-1-800-ton-asiatisk-alg-forsta-delen-av-juli\/#primaryimage"},"thumbnailUrl":"https:\/\/lightweb.dev\/l\/svm-temp\/wp-content\/uploads\/2025\/07\/svm20250718080356.webp","articleSection":["Inrikes","Nyheter"],"inLanguage":"sv-SE"},{"@type":"WebPage","@id":"https:\/\/lightweb.dev\/l\/svm-temp\/nyheter\/marbellas-strander-rensade-pa-1-800-ton-asiatisk-alg-forsta-delen-av-juli\/","url":"https:\/\/lightweb.dev\/l\/svm-temp\/nyheter\/marbellas-strander-rensade-pa-1-800-ton-asiatisk-alg-forsta-delen-av-juli\/","name":"Marbellas str\u00e4nder rensade p\u00e5 1 800 ton asiatisk alg f\u00f6rsta delen av juli - Svenska Magasinet","isPartOf":{"@id":"https:\/\/lightweb.dev\/l\/svm-temp\/#website"},"primaryImageOfPage":{"@id":"https:\/\/lightweb.dev\/l\/svm-temp\/nyheter\/marbellas-strander-rensade-pa-1-800-ton-asiatisk-alg-forsta-delen-av-juli\/#primaryimage"},"image":{"@id":"https:\/\/lightweb.dev\/l\/svm-temp\/nyheter\/marbellas-strander-rensade-pa-1-800-ton-asiatisk-alg-forsta-delen-av-juli\/#primaryimage"},"thumbnailUrl":"https:\/\/lightweb.dev\/l\/svm-temp\/wp-content\/uploads\/2025\/07\/svm20250718080356.webp","datePublished":"2025-07-18T08:08:31+00:00","breadcrumb":{"@id":"https:\/\/lightweb.dev\/l\/svm-temp\/nyheter\/marbellas-strander-rensade-pa-1-800-ton-asiatisk-alg-forsta-delen-av-juli\/#breadcrumb"},"inLanguage":"sv-SE","potentialAction":[{"@type":"ReadAction","target":["https:\/\/lightweb.dev\/l\/svm-temp\/nyheter\/marbellas-strander-rensade-pa-1-800-ton-asiatisk-alg-forsta-delen-av-juli\/"]}]},{"@type":"ImageObject","inLanguage":"sv-SE","@id":"https:\/\/lightweb.dev\/l\/svm-temp\/nyheter\/marbellas-strander-rensade-pa-1-800-ton-asiatisk-alg-forsta-delen-av-juli\/#primaryimage","url":"https:\/\/lightweb.dev\/l\/svm-temp\/wp-content\/uploads\/2025\/07\/svm20250718080356.webp","contentUrl":"https:\/\/lightweb.dev\/l\/svm-temp\/wp-content\/uploads\/2025\/07\/svm20250718080356.webp","width":900,"height":400,"caption":"(Foto: Marbella kommun)"},{"@type":"BreadcrumbList","@id":"https:\/\/lightweb.dev\/l\/svm-temp\/nyheter\/marbellas-strander-rensade-pa-1-800-ton-asiatisk-alg-forsta-delen-av-juli\/#breadcrumb","itemListElement":[{"@type":"ListItem","position":1,"name":"Hem","item":"https:\/\/lightweb.dev\/l\/svm-temp\/"},{"@type":"ListItem","position":2,"name":"Marbellas str\u00e4nder rensade p\u00e5 1 800 ton asiatisk alg f\u00f6rsta delen av juli"}]},{"@type":"WebSite","@id":"https:\/\/lightweb.dev\/l\/svm-temp\/#website","url":"https:\/\/lightweb.dev\/l\/svm-temp\/","name":"Svenska Magasinet","description":"Dina Spanska nyheter p&aring; Svenska","publisher":{"@id":"https:\/\/lightweb.dev\/l\/svm-temp\/#organization"},"potentialAction":[{"@type":"SearchAction","target":{"@type":"EntryPoint","urlTemplate":"https:\/\/lightweb.dev\/l\/svm-temp\/?s={search_term_string}"},"query-input":{"@type":"PropertyValueSpecification","valueRequired":true,"valueName":"search_term_string"}}],"inLanguage":"sv-SE"},{"@type":"Organization","@id":"https:\/\/lightweb.dev\/l\/svm-temp\/#organization","name":"Melkerson y Nott SL","alternateName":"Svenska Magasinet","url":"https:\/\/lightweb.dev\/l\/svm-temp\/","logo":{"@type":"ImageObject","inLanguage":"sv-SE","@id":"https:\/\/lightweb.dev\/l\/svm-temp\/#\/schema\/logo\/image\/","url":"https:\/\/lightweb.dev\/l\/svm-temp\/wp-content\/uploads\/2025\/02\/SvM-logo-Xtra-Centrerad-SVART.png","contentUrl":"https:\/\/lightweb.dev\/l\/svm-temp\/wp-content\/uploads\/2025\/02\/SvM-logo-Xtra-Centrerad-SVART.png","width":300,"height":99,"caption":"Melkerson y Nott SL"},"image":{"@id":"https:\/\/lightweb.dev\/l\/svm-temp\/#\/schema\/logo\/image\/"},"sameAs":["https:\/\/www.facebook.com\/svenskamagasinet","https:\/\/x.com\/SvenskaMagasine"]},{"@type":"Person","@id":"https:\/\/lightweb.dev\/l\/svm-temp\/#\/schema\/person\/7a82b8a73d171d32360a564b6d03508e","name":"Ola Josefsson","description":"Bevakar Solkusten och Spanien sedan 1994.","sameAs":["https:\/\/lightweb.dev\/l\/svm-temp"],"url":"https:\/\/lightweb.dev\/l\/svm-temp\/reporter\/ola-josefsson\/"}]}},"_links":{"self":[{"href":"https:\/\/lightweb.dev\/l\/svm-temp\/wp-json\/wp\/v2\/posts\/83493","targetHints":{"allow":["GET"]}}],"collection":[{"href":"https:\/\/lightweb.dev\/l\/svm-temp\/wp-json\/wp\/v2\/posts"}],"about":[{"href":"https:\/\/lightweb.dev\/l\/svm-temp\/wp-json\/wp\/v2\/types\/post"}],"author":[{"embeddable":true,"href":"https:\/\/lightweb.dev\/l\/svm-temp\/wp-json\/wp\/v2\/users\/7"}],"replies":[{"embeddable":true,"href":"https:\/\/lightweb.dev\/l\/svm-temp\/wp-json\/wp\/v2\/comments?post=83493"}],"version-history":[{"count":0,"href":"https:\/\/lightweb.dev\/l\/svm-temp\/wp-json\/wp\/v2\/posts\/83493\/revisions"}],"wp:featuredmedia":[{"embeddable":true,"href":"https:\/\/lightweb.dev\/l\/svm-temp\/wp-json\/wp\/v2\/media\/83492"}],"wp:attachment":[{"href":"https:\/\/lightweb.dev\/l\/svm-temp\/wp-json\/wp\/v2\/media?parent=83493"}],"wp:term":[{"taxonomy":"category","embeddable":true,"href":"https:\/\/lightweb.dev\/l\/svm-temp\/wp-json\/wp\/v2\/categories?post=83493"},{"taxonomy":"post_tag","embeddable":true,"href":"https:\/\/lightweb.dev\/l\/svm-temp\/wp-json\/wp\/v2\/tags?post=83493"}],"curies":[{"name":"wp","href":"https:\/\/api.w.org\/{rel}","templated":true}]}}