{"id":83738,"date":"2025-08-03T18:53:14","date_gmt":"2025-08-03T16:53:14","guid":{"rendered":"https:\/\/lightweb.dev\/l\/svm-temp\/?p=83738"},"modified":"2025-08-03T18:53:40","modified_gmt":"2025-08-03T16:53:40","slug":"eu-kritik-mot-spaniens-bekampning-av-korruption","status":"publish","type":"post","link":"https:\/\/lightweb.dev\/l\/svm-temp\/nyheter\/eu-kritik-mot-spaniens-bekampning-av-korruption\/","title":{"rendered":"EU-kritik mot Spaniens bek\u00e4mpning av korruption"},"content":{"rendered":"<p><strong>Kampen mot korruption ska prioriteras, sa Pedro S\u00e1nchez i samband med misstroendeomr\u00f6stningen mot Mariano Rajoy (Partido Popular) som f\u00f6rde socialistledaren till makten 2018.<\/strong><\/p>\n<p>I den senaste rapporten Greco som \u00e4r Europar\u00e5dets organ f\u00f6r att f\u00f6lja upp efterlevnaden av konventionen f\u00e5r S\u00e1nchez-regeringen och Spanien svidande kritik.<\/p>\n<p>S-regeringen har inte f\u00f6ljt n\u00e5gon av de 19 rekommendationerna fullst\u00e4ndigt som organet utf\u00e4rdade ang\u00e5ende Spanien 2019, uppger spanska medier.<\/p>\n<h2>Skandaler inom PSOE<\/h2>\n<p>Senaste m\u00e5naderna har flera korruptionsskandaler kommit upp till ytan i Spanien. Samtliga kopplas till den n\u00e4rmaste kretsen runt regeringschefen Pedro S\u00e1nchez.<\/p>\n<h2 class=\"entry-title\">L\u00e4s mer: <a href=\"https:\/\/lightweb.dev\/l\/svm-temp\/nyheter\/nya-kriser-for-sanchezregeringen-ta-tag-i-korruptionen-besked-i-ny-eu-rapport\/\">Nya kriser f\u00f6r S\u00e1nchezregeringen \u2013 Ta tag i korruptionen, besked i ny EU-rapport<\/a><\/h2>\n<p>Den tidigare transportministern Jos\u00e9 Luis \u00c1balos samt partisekreteraren Santos Cerd\u00e1n har samtliga tagit sin Mats ur skolan och l\u00e4mnat sina uppdrag samt socialistpartiet PSOE.<\/p>\n<p>Misstankarna pekar mot ett vanligt f\u00f6rekommande korruptionsm\u00f6nster i Spanien med mutor som kopplas till offentliga kontrakt.<\/p>\n<h2>Reformer<\/h2>\n<p>Europar\u00e5det kr\u00e4ver att de spanska myndigheterna intensifierar sina anstr\u00e4ngningar f\u00f6r att genomf\u00f6ra reformer som syftar till att st\u00e4rka tillsynsmekanismerna f\u00f6r h\u00f6gre tj\u00e4nstem\u00e4n och s\u00e4kerhetsstyrkorna.<\/p>\n<p>I sin uppf\u00f6ljande analys som presenterades i fredags uppger Europar\u00e5dets organ Greco att av de 19 initiativ som godk\u00e4ndes 2019 har Spanien endast delvis genomf\u00f6rt 16 rekommendationer och misslyckats med att genomf\u00f6ra tre.<\/p>\n<p>Siffran f\u00f6r i \u00e5r \u00e4r n\u00e5got b\u00e4ttre d\u00e5 det var sex rekommendationer ifjol som Spanien hade misslyckats med att genomf\u00f6ra helt.<\/p>\n<p>Den perioden som har granskats sammanfaller med Pedro S\u00e1nchez som regeringschef.<\/p>\n<p>Greco skriver i sin att de vill se ett st\u00f6rre politiskt engagemang f\u00f6r att verkligt effektiva \u00e5tg\u00e4rder inf\u00f6rs mot korruption.<\/p>\n<p>S\u00e1nchez tillk\u00e4nnagav vid en extra insatt debatt mot korruption i parlamentet den 9 juli att ett paket med 15 \u00e5tg\u00e4rder ska genomf\u00f6ras. Men enligt experter \u00e4r det inget nytt enligt de reformer som Europar\u00e5det och organet Greco kr\u00e4ver.<\/p>\n<h2>Partido Popular<\/h2>\n<p>\u00c4ven landets tidigare skatteminister Crist\u00f3bal Montoro (Partido Popular) granskas i nul\u00e4get f\u00f6r att ha dragit f\u00f6rdelar genom sin advokatfirma Equipo Econ\u00f3mico. H\u00e4r \u00e4r misstankarna korruption och mutbrott.<\/p>\n<p>Europar\u00e5det uppmanar nu Spanien \u00e4nnu en g\u00e5ng att f\u00f6lja rekommendationerna och att senast den 30 juni 2026 l\u00e4mna in en rapport om de framsteg som gjorts.<\/p>\n<p>Europar\u00e5det best\u00e5r av 46 stater som fokuserar p\u00e5 att fr\u00e4mja demokrati och kampen mot korruption inom den statliga administrationen men \u00e4ven inom nationalpolisen och Guardia Civil.<\/p>\n<h2>Sverige<\/h2>\n<p>Gruppen av stater mot korruption (Greco) har \u00e4ven granskat Sverige.<\/p>\n<p>I mars 2019 beslutade Greco om en utv\u00e4rderingsrapport och l\u00e4mnade 15 rekommendationer till Sverige. Greco har nu avslutat uppf\u00f6ljningen av Sverige i femte rundan efter att tv\u00e5 tredjedelar av rekommendationerna har uppfyllts helt.<\/p>\n","protected":false},"excerpt":{"rendered":"<p>Kampen mot korruption skulle prioriteras, sa Pedro S\u00e1nchez i samband med misstroendeomr\u00f6stningen mot Mariano Rajoy (Partido Popular) som f\u00f6rde socialistledaren till makten 2018&#8230;<\/p>\n","protected":false},"author":7,"featured_media":72110,"comment_status":"closed","ping_status":"closed","sticky":false,"template":"","format":"standard","meta":{"_et_pb_use_builder":"","_et_pb_old_content":"","_et_gb_content_width":"","footnotes":""},"categories":[284,3],"tags":[],"class_list":["post-83738","post","type-post","status-publish","format-standard","has-post-thumbnail","hentry","category-inrikes","category-nyheter"],"yoast_head":"<!-- This site is optimized with the Yoast SEO Premium plugin v26.2 (Yoast SEO v28.2) - https:\/\/yoast.com\/product\/yoast-seo-premium-wordpress\/ -->\n<title>EU-kritik mot Spaniens bek\u00e4mpning av korruption - Svenska Magasinet<\/title>\n<meta name=\"robots\" content=\"noindex, follow, max-snippet:-1, max-image-preview:large, max-video-preview:-1\" \/>\n<meta property=\"og:locale\" content=\"sv_SE\" \/>\n<meta property=\"og:type\" content=\"article\" \/>\n<meta property=\"og:title\" content=\"EU-kritik mot Spaniens bek\u00e4mpning av korruption\" \/>\n<meta property=\"og:description\" content=\"Kampen mot korruption skulle prioriteras, sa Pedro S\u00e1nchez i samband med misstroendeomr\u00f6stningen mot Mariano Rajoy (Partido Popular) som f\u00f6rde socialistledaren till makten 2018...\" \/>\n<meta property=\"og:url\" content=\"https:\/\/lightweb.dev\/l\/svm-temp\/nyheter\/eu-kritik-mot-spaniens-bekampning-av-korruption\/\" \/>\n<meta property=\"og:site_name\" content=\"Svenska Magasinet\" \/>\n<meta property=\"article:publisher\" content=\"https:\/\/www.facebook.com\/svenskamagasinet\" \/>\n<meta property=\"article:published_time\" content=\"2025-08-03T16:53:14+00:00\" \/>\n<meta property=\"article:modified_time\" content=\"2025-08-03T16:53:40+00:00\" \/>\n<meta property=\"og:image\" content=\"https:\/\/lightweb.dev\/l\/svm-temp\/wp-content\/uploads\/2024\/05\/Skarmavbild-2024-05-22-kl.-10.25.05-stor.jpeg\" \/>\n\t<meta property=\"og:image:width\" content=\"1280\" \/>\n\t<meta property=\"og:image:height\" content=\"640\" \/>\n\t<meta property=\"og:image:type\" content=\"image\/jpeg\" \/>\n<meta name=\"author\" content=\"Ola Josefsson\" \/>\n<meta name=\"twitter:card\" content=\"summary_large_image\" \/>\n<meta name=\"twitter:creator\" content=\"@SvenskaMagasine\" \/>\n<meta name=\"twitter:site\" content=\"@SvenskaMagasine\" \/>\n<script type=\"application\/ld+json\" class=\"yoast-schema-graph\">{\"@context\":\"https:\\\/\\\/schema.org\",\"@graph\":[{\"@type\":\"Article\",\"@id\":\"https:\\\/\\\/lightweb.dev\\\/l\\\/svm-temp\\\/nyheter\\\/eu-kritik-mot-spaniens-bekampning-av-korruption\\\/#article\",\"isPartOf\":{\"@id\":\"https:\\\/\\\/lightweb.dev\\\/l\\\/svm-temp\\\/nyheter\\\/eu-kritik-mot-spaniens-bekampning-av-korruption\\\/\"},\"author\":{\"name\":\"Ola Josefsson\",\"@id\":\"https:\\\/\\\/lightweb.dev\\\/l\\\/svm-temp\\\/#\\\/schema\\\/person\\\/7a82b8a73d171d32360a564b6d03508e\"},\"headline\":\"EU-kritik mot Spaniens bek\u00e4mpning av korruption\",\"datePublished\":\"2025-08-03T16:53:14+00:00\",\"dateModified\":\"2025-08-03T16:53:40+00:00\",\"mainEntityOfPage\":{\"@id\":\"https:\\\/\\\/lightweb.dev\\\/l\\\/svm-temp\\\/nyheter\\\/eu-kritik-mot-spaniens-bekampning-av-korruption\\\/\"},\"wordCount\":479,\"publisher\":{\"@id\":\"https:\\\/\\\/lightweb.dev\\\/l\\\/svm-temp\\\/#organization\"},\"image\":{\"@id\":\"https:\\\/\\\/lightweb.dev\\\/l\\\/svm-temp\\\/nyheter\\\/eu-kritik-mot-spaniens-bekampning-av-korruption\\\/#primaryimage\"},\"thumbnailUrl\":\"https:\\\/\\\/lightweb.dev\\\/l\\\/svm-temp\\\/wp-content\\\/uploads\\\/2024\\\/05\\\/Skarmavbild-2024-05-22-kl.-10.25.05-stor.jpeg\",\"articleSection\":[\"Inrikes\",\"Nyheter\"],\"inLanguage\":\"sv-SE\"},{\"@type\":\"WebPage\",\"@id\":\"https:\\\/\\\/lightweb.dev\\\/l\\\/svm-temp\\\/nyheter\\\/eu-kritik-mot-spaniens-bekampning-av-korruption\\\/\",\"url\":\"https:\\\/\\\/lightweb.dev\\\/l\\\/svm-temp\\\/nyheter\\\/eu-kritik-mot-spaniens-bekampning-av-korruption\\\/\",\"name\":\"EU-kritik mot Spaniens bek\u00e4mpning av korruption - Svenska Magasinet\",\"isPartOf\":{\"@id\":\"https:\\\/\\\/lightweb.dev\\\/l\\\/svm-temp\\\/#website\"},\"primaryImageOfPage\":{\"@id\":\"https:\\\/\\\/lightweb.dev\\\/l\\\/svm-temp\\\/nyheter\\\/eu-kritik-mot-spaniens-bekampning-av-korruption\\\/#primaryimage\"},\"image\":{\"@id\":\"https:\\\/\\\/lightweb.dev\\\/l\\\/svm-temp\\\/nyheter\\\/eu-kritik-mot-spaniens-bekampning-av-korruption\\\/#primaryimage\"},\"thumbnailUrl\":\"https:\\\/\\\/lightweb.dev\\\/l\\\/svm-temp\\\/wp-content\\\/uploads\\\/2024\\\/05\\\/Skarmavbild-2024-05-22-kl.-10.25.05-stor.jpeg\",\"datePublished\":\"2025-08-03T16:53:14+00:00\",\"dateModified\":\"2025-08-03T16:53:40+00:00\",\"breadcrumb\":{\"@id\":\"https:\\\/\\\/lightweb.dev\\\/l\\\/svm-temp\\\/nyheter\\\/eu-kritik-mot-spaniens-bekampning-av-korruption\\\/#breadcrumb\"},\"inLanguage\":\"sv-SE\",\"potentialAction\":[{\"@type\":\"ReadAction\",\"target\":[\"https:\\\/\\\/lightweb.dev\\\/l\\\/svm-temp\\\/nyheter\\\/eu-kritik-mot-spaniens-bekampning-av-korruption\\\/\"]}]},{\"@type\":\"ImageObject\",\"inLanguage\":\"sv-SE\",\"@id\":\"https:\\\/\\\/lightweb.dev\\\/l\\\/svm-temp\\\/nyheter\\\/eu-kritik-mot-spaniens-bekampning-av-korruption\\\/#primaryimage\",\"url\":\"https:\\\/\\\/lightweb.dev\\\/l\\\/svm-temp\\\/wp-content\\\/uploads\\\/2024\\\/05\\\/Skarmavbild-2024-05-22-kl.-10.25.05-stor.jpeg\",\"contentUrl\":\"https:\\\/\\\/lightweb.dev\\\/l\\\/svm-temp\\\/wp-content\\\/uploads\\\/2024\\\/05\\\/Skarmavbild-2024-05-22-kl.-10.25.05-stor.jpeg\",\"width\":1280,\"height\":640,\"caption\":\"Pedro S\u00e1nchez\"},{\"@type\":\"BreadcrumbList\",\"@id\":\"https:\\\/\\\/lightweb.dev\\\/l\\\/svm-temp\\\/nyheter\\\/eu-kritik-mot-spaniens-bekampning-av-korruption\\\/#breadcrumb\",\"itemListElement\":[{\"@type\":\"ListItem\",\"position\":1,\"name\":\"Hem\",\"item\":\"https:\\\/\\\/lightweb.dev\\\/l\\\/svm-temp\\\/\"},{\"@type\":\"ListItem\",\"position\":2,\"name\":\"EU-kritik mot Spaniens bek\u00e4mpning av korruption\"}]},{\"@type\":\"WebSite\",\"@id\":\"https:\\\/\\\/lightweb.dev\\\/l\\\/svm-temp\\\/#website\",\"url\":\"https:\\\/\\\/lightweb.dev\\\/l\\\/svm-temp\\\/\",\"name\":\"Svenska Magasinet\",\"description\":\"Dina Spanska nyheter p&aring; Svenska\",\"publisher\":{\"@id\":\"https:\\\/\\\/lightweb.dev\\\/l\\\/svm-temp\\\/#organization\"},\"potentialAction\":[{\"@type\":\"SearchAction\",\"target\":{\"@type\":\"EntryPoint\",\"urlTemplate\":\"https:\\\/\\\/lightweb.dev\\\/l\\\/svm-temp\\\/?s={search_term_string}\"},\"query-input\":{\"@type\":\"PropertyValueSpecification\",\"valueRequired\":true,\"valueName\":\"search_term_string\"}}],\"inLanguage\":\"sv-SE\"},{\"@type\":\"Organization\",\"@id\":\"https:\\\/\\\/lightweb.dev\\\/l\\\/svm-temp\\\/#organization\",\"name\":\"Melkerson y Nott SL\",\"alternateName\":\"Svenska Magasinet\",\"url\":\"https:\\\/\\\/lightweb.dev\\\/l\\\/svm-temp\\\/\",\"logo\":{\"@type\":\"ImageObject\",\"inLanguage\":\"sv-SE\",\"@id\":\"https:\\\/\\\/lightweb.dev\\\/l\\\/svm-temp\\\/#\\\/schema\\\/logo\\\/image\\\/\",\"url\":\"https:\\\/\\\/lightweb.dev\\\/l\\\/svm-temp\\\/wp-content\\\/uploads\\\/2025\\\/02\\\/SvM-logo-Xtra-Centrerad-SVART.png\",\"contentUrl\":\"https:\\\/\\\/lightweb.dev\\\/l\\\/svm-temp\\\/wp-content\\\/uploads\\\/2025\\\/02\\\/SvM-logo-Xtra-Centrerad-SVART.png\",\"width\":300,\"height\":99,\"caption\":\"Melkerson y Nott SL\"},\"image\":{\"@id\":\"https:\\\/\\\/lightweb.dev\\\/l\\\/svm-temp\\\/#\\\/schema\\\/logo\\\/image\\\/\"},\"sameAs\":[\"https:\\\/\\\/www.facebook.com\\\/svenskamagasinet\",\"https:\\\/\\\/x.com\\\/SvenskaMagasine\"]},{\"@type\":\"Person\",\"@id\":\"https:\\\/\\\/lightweb.dev\\\/l\\\/svm-temp\\\/#\\\/schema\\\/person\\\/7a82b8a73d171d32360a564b6d03508e\",\"name\":\"Ola Josefsson\",\"description\":\"Bevakar Solkusten och Spanien sedan 1994.\",\"sameAs\":[\"https:\\\/\\\/lightweb.dev\\\/l\\\/svm-temp\"],\"url\":\"https:\\\/\\\/lightweb.dev\\\/l\\\/svm-temp\\\/reporter\\\/ola-josefsson\\\/\"}]}<\/script>\n<!-- \/ Yoast SEO Premium plugin. -->","yoast_head_json":{"title":"EU-kritik mot Spaniens bek\u00e4mpning av korruption - Svenska Magasinet","robots":{"index":"noindex","follow":"follow","max-snippet":"max-snippet:-1","max-image-preview":"max-image-preview:large","max-video-preview":"max-video-preview:-1"},"og_locale":"sv_SE","og_type":"article","og_title":"EU-kritik mot Spaniens bek\u00e4mpning av korruption","og_description":"Kampen mot korruption skulle prioriteras, sa Pedro S\u00e1nchez i samband med misstroendeomr\u00f6stningen mot Mariano Rajoy (Partido Popular) som f\u00f6rde socialistledaren till makten 2018...","og_url":"https:\/\/lightweb.dev\/l\/svm-temp\/nyheter\/eu-kritik-mot-spaniens-bekampning-av-korruption\/","og_site_name":"Svenska Magasinet","article_publisher":"https:\/\/www.facebook.com\/svenskamagasinet","article_published_time":"2025-08-03T16:53:14+00:00","article_modified_time":"2025-08-03T16:53:40+00:00","og_image":[{"width":1280,"height":640,"url":"https:\/\/lightweb.dev\/l\/svm-temp\/wp-content\/uploads\/2024\/05\/Skarmavbild-2024-05-22-kl.-10.25.05-stor.jpeg","type":"image\/jpeg"}],"author":"Ola Josefsson","twitter_card":"summary_large_image","twitter_creator":"@SvenskaMagasine","twitter_site":"@SvenskaMagasine","schema":{"@context":"https:\/\/schema.org","@graph":[{"@type":"Article","@id":"https:\/\/lightweb.dev\/l\/svm-temp\/nyheter\/eu-kritik-mot-spaniens-bekampning-av-korruption\/#article","isPartOf":{"@id":"https:\/\/lightweb.dev\/l\/svm-temp\/nyheter\/eu-kritik-mot-spaniens-bekampning-av-korruption\/"},"author":{"name":"Ola Josefsson","@id":"https:\/\/lightweb.dev\/l\/svm-temp\/#\/schema\/person\/7a82b8a73d171d32360a564b6d03508e"},"headline":"EU-kritik mot Spaniens bek\u00e4mpning av korruption","datePublished":"2025-08-03T16:53:14+00:00","dateModified":"2025-08-03T16:53:40+00:00","mainEntityOfPage":{"@id":"https:\/\/lightweb.dev\/l\/svm-temp\/nyheter\/eu-kritik-mot-spaniens-bekampning-av-korruption\/"},"wordCount":479,"publisher":{"@id":"https:\/\/lightweb.dev\/l\/svm-temp\/#organization"},"image":{"@id":"https:\/\/lightweb.dev\/l\/svm-temp\/nyheter\/eu-kritik-mot-spaniens-bekampning-av-korruption\/#primaryimage"},"thumbnailUrl":"https:\/\/lightweb.dev\/l\/svm-temp\/wp-content\/uploads\/2024\/05\/Skarmavbild-2024-05-22-kl.-10.25.05-stor.jpeg","articleSection":["Inrikes","Nyheter"],"inLanguage":"sv-SE"},{"@type":"WebPage","@id":"https:\/\/lightweb.dev\/l\/svm-temp\/nyheter\/eu-kritik-mot-spaniens-bekampning-av-korruption\/","url":"https:\/\/lightweb.dev\/l\/svm-temp\/nyheter\/eu-kritik-mot-spaniens-bekampning-av-korruption\/","name":"EU-kritik mot Spaniens bek\u00e4mpning av korruption - Svenska Magasinet","isPartOf":{"@id":"https:\/\/lightweb.dev\/l\/svm-temp\/#website"},"primaryImageOfPage":{"@id":"https:\/\/lightweb.dev\/l\/svm-temp\/nyheter\/eu-kritik-mot-spaniens-bekampning-av-korruption\/#primaryimage"},"image":{"@id":"https:\/\/lightweb.dev\/l\/svm-temp\/nyheter\/eu-kritik-mot-spaniens-bekampning-av-korruption\/#primaryimage"},"thumbnailUrl":"https:\/\/lightweb.dev\/l\/svm-temp\/wp-content\/uploads\/2024\/05\/Skarmavbild-2024-05-22-kl.-10.25.05-stor.jpeg","datePublished":"2025-08-03T16:53:14+00:00","dateModified":"2025-08-03T16:53:40+00:00","breadcrumb":{"@id":"https:\/\/lightweb.dev\/l\/svm-temp\/nyheter\/eu-kritik-mot-spaniens-bekampning-av-korruption\/#breadcrumb"},"inLanguage":"sv-SE","potentialAction":[{"@type":"ReadAction","target":["https:\/\/lightweb.dev\/l\/svm-temp\/nyheter\/eu-kritik-mot-spaniens-bekampning-av-korruption\/"]}]},{"@type":"ImageObject","inLanguage":"sv-SE","@id":"https:\/\/lightweb.dev\/l\/svm-temp\/nyheter\/eu-kritik-mot-spaniens-bekampning-av-korruption\/#primaryimage","url":"https:\/\/lightweb.dev\/l\/svm-temp\/wp-content\/uploads\/2024\/05\/Skarmavbild-2024-05-22-kl.-10.25.05-stor.jpeg","contentUrl":"https:\/\/lightweb.dev\/l\/svm-temp\/wp-content\/uploads\/2024\/05\/Skarmavbild-2024-05-22-kl.-10.25.05-stor.jpeg","width":1280,"height":640,"caption":"Pedro S\u00e1nchez"},{"@type":"BreadcrumbList","@id":"https:\/\/lightweb.dev\/l\/svm-temp\/nyheter\/eu-kritik-mot-spaniens-bekampning-av-korruption\/#breadcrumb","itemListElement":[{"@type":"ListItem","position":1,"name":"Hem","item":"https:\/\/lightweb.dev\/l\/svm-temp\/"},{"@type":"ListItem","position":2,"name":"EU-kritik mot Spaniens bek\u00e4mpning av korruption"}]},{"@type":"WebSite","@id":"https:\/\/lightweb.dev\/l\/svm-temp\/#website","url":"https:\/\/lightweb.dev\/l\/svm-temp\/","name":"Svenska Magasinet","description":"Dina Spanska nyheter p&aring; Svenska","publisher":{"@id":"https:\/\/lightweb.dev\/l\/svm-temp\/#organization"},"potentialAction":[{"@type":"SearchAction","target":{"@type":"EntryPoint","urlTemplate":"https:\/\/lightweb.dev\/l\/svm-temp\/?s={search_term_string}"},"query-input":{"@type":"PropertyValueSpecification","valueRequired":true,"valueName":"search_term_string"}}],"inLanguage":"sv-SE"},{"@type":"Organization","@id":"https:\/\/lightweb.dev\/l\/svm-temp\/#organization","name":"Melkerson y Nott SL","alternateName":"Svenska Magasinet","url":"https:\/\/lightweb.dev\/l\/svm-temp\/","logo":{"@type":"ImageObject","inLanguage":"sv-SE","@id":"https:\/\/lightweb.dev\/l\/svm-temp\/#\/schema\/logo\/image\/","url":"https:\/\/lightweb.dev\/l\/svm-temp\/wp-content\/uploads\/2025\/02\/SvM-logo-Xtra-Centrerad-SVART.png","contentUrl":"https:\/\/lightweb.dev\/l\/svm-temp\/wp-content\/uploads\/2025\/02\/SvM-logo-Xtra-Centrerad-SVART.png","width":300,"height":99,"caption":"Melkerson y Nott SL"},"image":{"@id":"https:\/\/lightweb.dev\/l\/svm-temp\/#\/schema\/logo\/image\/"},"sameAs":["https:\/\/www.facebook.com\/svenskamagasinet","https:\/\/x.com\/SvenskaMagasine"]},{"@type":"Person","@id":"https:\/\/lightweb.dev\/l\/svm-temp\/#\/schema\/person\/7a82b8a73d171d32360a564b6d03508e","name":"Ola Josefsson","description":"Bevakar Solkusten och Spanien sedan 1994.","sameAs":["https:\/\/lightweb.dev\/l\/svm-temp"],"url":"https:\/\/lightweb.dev\/l\/svm-temp\/reporter\/ola-josefsson\/"}]}},"_links":{"self":[{"href":"https:\/\/lightweb.dev\/l\/svm-temp\/wp-json\/wp\/v2\/posts\/83738","targetHints":{"allow":["GET"]}}],"collection":[{"href":"https:\/\/lightweb.dev\/l\/svm-temp\/wp-json\/wp\/v2\/posts"}],"about":[{"href":"https:\/\/lightweb.dev\/l\/svm-temp\/wp-json\/wp\/v2\/types\/post"}],"author":[{"embeddable":true,"href":"https:\/\/lightweb.dev\/l\/svm-temp\/wp-json\/wp\/v2\/users\/7"}],"replies":[{"embeddable":true,"href":"https:\/\/lightweb.dev\/l\/svm-temp\/wp-json\/wp\/v2\/comments?post=83738"}],"version-history":[{"count":0,"href":"https:\/\/lightweb.dev\/l\/svm-temp\/wp-json\/wp\/v2\/posts\/83738\/revisions"}],"wp:featuredmedia":[{"embeddable":true,"href":"https:\/\/lightweb.dev\/l\/svm-temp\/wp-json\/wp\/v2\/media\/72110"}],"wp:attachment":[{"href":"https:\/\/lightweb.dev\/l\/svm-temp\/wp-json\/wp\/v2\/media?parent=83738"}],"wp:term":[{"taxonomy":"category","embeddable":true,"href":"https:\/\/lightweb.dev\/l\/svm-temp\/wp-json\/wp\/v2\/categories?post=83738"},{"taxonomy":"post_tag","embeddable":true,"href":"https:\/\/lightweb.dev\/l\/svm-temp\/wp-json\/wp\/v2\/tags?post=83738"}],"curies":[{"name":"wp","href":"https:\/\/api.w.org\/{rel}","templated":true}]}}