{"id":83813,"date":"2025-08-06T09:07:28","date_gmt":"2025-08-06T07:07:28","guid":{"rendered":"https:\/\/lightweb.dev\/l\/svm-temp\/?p=83813"},"modified":"2025-08-06T09:07:28","modified_gmt":"2025-08-06T07:07:28","slug":"tusentals-turister-i-fara-efter-att-husbil-fattat-eld","status":"publish","type":"post","link":"https:\/\/lightweb.dev\/l\/svm-temp\/nyheter\/tusentals-turister-i-fara-efter-att-husbil-fattat-eld\/","title":{"rendered":"Tusentals turister i fara efter att husbil fattat eld"},"content":{"rendered":"<p><strong>Ett hundratal brandm\u00e4n fortsatte p\u00e5 onsdagsmorgonen att bek\u00e4mpa den brand i Tarifa som utbr\u00f6t p\u00e5 tisdagseftermiddagen efter att en husbil b\u00f6rjat brinna.<\/strong><\/p>\n<p><strong>P\u00e5 grund av den kraftiga vinden fick elden f\u00e4ste i vegetationen och spred sig snabbt.<\/strong><\/p>\n<p>Tusentals turister befinner sig i Tarifa-omr\u00e5det i nul\u00e4get. Flera hotell, campingplatsen Torre de la Pe\u00f1a och restauranger plus 5\u00a0000 fordon fick evakueras p\u00e5 tisdagseftermiddagen som en s\u00e4kerhets\u00e5tg\u00e4rd.<\/p>\n<blockquote class=\"twitter-tweet\" data-media-max-width=\"560\">\n<p dir=\"ltr\" lang=\"es\"><a href=\"https:\/\/twitter.com\/hashtag\/IFTarifa?src=hash&amp;ref_src=twsrc%5Etfw\">#IFTarifa<\/a> \ud83d\udd25 Evacuaciones masivas en Tarifa por un incendio originado en una caravana. M\u00e1s de 5.000 veh\u00edculos desalojados y 17 medios a\u00e9reos trabajan para contener las llamas en la zona de Valdevaqueros.<\/p>\n<p>El viento de levante, con rachas cercanas a los 50 km\/h, est\u00e1 complicando\u2026 <a href=\"https:\/\/t.co\/5X8U008zPd\">pic.twitter.com\/5X8U008zPd<\/a><\/p>\n<p>\u2014 Eltiempo.es (@ElTiempoes) <a href=\"https:\/\/twitter.com\/ElTiempoes\/status\/1952835927392366739?ref_src=twsrc%5Etfw\">August 5, 2025<\/a><\/p><\/blockquote>\n<p><script async src=\"https:\/\/platform.twitter.com\/widgets.js\" charset=\"utf-8\"><\/script><\/p>\n<p>Det g\u00e4ller \u00e4ven bostadsomr\u00e5dena Valdevaqueros, Casas de Porro och Casas de San Mateo. Regionens presidentr\u00e5d Antonio Sanz s\u00e4ger att hotell som Punta Sur, La Torre, Hotel Tres Mares, Copacabana och Dulce Nombre samt strandrestauranger som El Tumbao och Tangana har evakuerats och st\u00e4ngts.<\/p>\n<div id=\"attachment_83812\" style=\"width: 910px\" class=\"wp-caption alignnone\"><img loading=\"lazy\" decoding=\"async\" aria-describedby=\"caption-attachment-83812\" class=\"wp-image-83812 size-full\" src=\"https:\/\/lightweb.dev\/l\/svm-temp\/wp-content\/uploads\/2025\/08\/svm20250806070309.webp\" alt=\"\" width=\"900\" height=\"400\" srcset=\"https:\/\/lightweb.dev\/l\/svm-temp\/wp-content\/uploads\/2025\/08\/svm20250806070309.webp 900w, https:\/\/lightweb.dev\/l\/svm-temp\/wp-content\/uploads\/2025\/08\/svm20250806070309-480x213.webp 480w\" sizes=\"(min-width: 0px) and (max-width: 480px) 480px, (min-width: 481px) 900px, 100vw\" \/><p id=\"caption-attachment-83812\" class=\"wp-caption-text\">Regionens presidentr\u00e5d Antonio Sanz.<\/p><\/div>\n<p>De evakuerade har tillbringat natten i sporthallen La Marina som kommunen har \u00f6ppnat plus vandrarhemmet Albergue de Inturjoven (Pelayo).<\/p>\n<p>Borgm\u00e4staren i Tarifa, Jos\u00e9 Antonio Santos, s\u00e4ger att den kraftiga vinden i omr\u00e5det bidrar till eldens snabba spridning som en av faktorerna som g\u00f6r denna brand till den allvarligaste p\u00e5 senare \u00e5r.<\/p>\n<p>Det var en husbil av \u00e4nnu of\u00f6rklarlig anledning som fattade eld vid Torre de la Pe\u00f1a n\u00e4ra naturparken Parque Natural del Estrecho.<\/p>\n<p><img loading=\"lazy\" decoding=\"async\" class=\"alignnone wp-image-83811 size-full\" src=\"https:\/\/lightweb.dev\/l\/svm-temp\/wp-content\/uploads\/2025\/08\/svm20250806070256.webp\" alt=\"\" width=\"900\" height=\"400\" srcset=\"https:\/\/lightweb.dev\/l\/svm-temp\/wp-content\/uploads\/2025\/08\/svm20250806070256.webp 900w, https:\/\/lightweb.dev\/l\/svm-temp\/wp-content\/uploads\/2025\/08\/svm20250806070256-480x213.webp 480w\" sizes=\"(min-width: 0px) and (max-width: 480px) 480px, (min-width: 481px) 900px, 100vw\" \/><\/p>\n<p>Brandbek\u00e4mpningsmyndigheten Infoca uppger att branden bek\u00e4mpas fr\u00e5n luften med sex flyg under onsdagsmorgonen plus ett hundratal personer som ing\u00e5r i markstyrkan som st\u00f6ds av lokalpolis och Guardia Civil.<\/p>\n<p>Landsv\u00e4g Nacional 340 mellan Tarija och Vejar har \u00e5terigen \u00f6ppnat f\u00f6r trafik p\u00e5 onsdagsmorgonen. D\u00e4remot \u00e4r avfarterna till tomter, hotell och andra v\u00e4gar st\u00e4ngda.<\/p>\n<p>Men myndigheterna uppmanar allm\u00e4nheten att begr\u00e4nsa sina resor i omr\u00e5det, skriver dagstidningen <a href=\"https:\/\/www.europasur.es\/tarifa\/incendio-tarifa-directo_10_2004526373.html\">Europasur.<\/a><\/p>\n<p>Ett telefonnummer har \u00f6ppnats f\u00f6r de drabbade med information som st\u00f6ds av civilf\u00f6rsvaret Protecci\u00f3n Civil i Tarifa: 647 731\u00a0588.<\/p>\n","protected":false},"excerpt":{"rendered":"<p>Ett hundratal brandm\u00e4n fortsatte p\u00e5 onsdagsmorgonen att bek\u00e4mpa den brand i Tarifa som utbr\u00f6t p\u00e5 tisdagseftermiddagen efter att en husbil b\u00f6rjat brinna. P\u00e5 grund av den kraftiga vinden fick elden f\u00e4ste i vegetationen och spred sig snabbt&#8230;<\/p>\n","protected":false},"author":7,"featured_media":83810,"comment_status":"closed","ping_status":"closed","sticky":false,"template":"","format":"standard","meta":{"_et_pb_use_builder":"","_et_pb_old_content":"","_et_gb_content_width":"","footnotes":""},"categories":[284,3],"tags":[],"class_list":["post-83813","post","type-post","status-publish","format-standard","has-post-thumbnail","hentry","category-inrikes","category-nyheter"],"yoast_head":"<!-- This site is optimized with the Yoast SEO Premium plugin v26.2 (Yoast SEO v28.2) - https:\/\/yoast.com\/product\/yoast-seo-premium-wordpress\/ -->\n<title>Tusentals turister i fara efter att husbil fattat eld - Svenska Magasinet<\/title>\n<meta name=\"robots\" content=\"noindex, follow, max-snippet:-1, max-image-preview:large, max-video-preview:-1\" \/>\n<meta property=\"og:locale\" content=\"sv_SE\" \/>\n<meta property=\"og:type\" content=\"article\" \/>\n<meta property=\"og:title\" content=\"Tusentals turister i fara efter att husbil fattat eld\" \/>\n<meta property=\"og:description\" content=\"Ett hundratal brandm\u00e4n fortsatte p\u00e5 onsdagsmorgonen att bek\u00e4mpa den brand i Tarifa som utbr\u00f6t p\u00e5 tisdagseftermiddagen efter att en husbil b\u00f6rjat brinna. P\u00e5 grund av den kraftiga vinden fick elden f\u00e4ste i vegetationen och spred sig snabbt...\" \/>\n<meta property=\"og:url\" content=\"https:\/\/lightweb.dev\/l\/svm-temp\/nyheter\/tusentals-turister-i-fara-efter-att-husbil-fattat-eld\/\" \/>\n<meta property=\"og:site_name\" content=\"Svenska Magasinet\" \/>\n<meta property=\"article:publisher\" content=\"https:\/\/www.facebook.com\/svenskamagasinet\" \/>\n<meta property=\"article:published_time\" content=\"2025-08-06T07:07:28+00:00\" \/>\n<meta property=\"og:image\" content=\"https:\/\/lightweb.dev\/l\/svm-temp\/wp-content\/uploads\/2025\/08\/svm20250806070239.webp\" \/>\n\t<meta property=\"og:image:width\" content=\"900\" \/>\n\t<meta property=\"og:image:height\" content=\"400\" \/>\n\t<meta property=\"og:image:type\" content=\"image\/webp\" \/>\n<meta name=\"author\" content=\"Ola Josefsson\" \/>\n<meta name=\"twitter:card\" content=\"summary_large_image\" \/>\n<meta name=\"twitter:creator\" content=\"@SvenskaMagasine\" \/>\n<meta name=\"twitter:site\" content=\"@SvenskaMagasine\" \/>\n<script type=\"application\/ld+json\" class=\"yoast-schema-graph\">{\"@context\":\"https:\\\/\\\/schema.org\",\"@graph\":[{\"@type\":\"Article\",\"@id\":\"https:\\\/\\\/lightweb.dev\\\/l\\\/svm-temp\\\/nyheter\\\/tusentals-turister-i-fara-efter-att-husbil-fattat-eld\\\/#article\",\"isPartOf\":{\"@id\":\"https:\\\/\\\/lightweb.dev\\\/l\\\/svm-temp\\\/nyheter\\\/tusentals-turister-i-fara-efter-att-husbil-fattat-eld\\\/\"},\"author\":{\"name\":\"Ola Josefsson\",\"@id\":\"https:\\\/\\\/lightweb.dev\\\/l\\\/svm-temp\\\/#\\\/schema\\\/person\\\/7a82b8a73d171d32360a564b6d03508e\"},\"headline\":\"Tusentals turister i fara efter att husbil fattat eld\",\"datePublished\":\"2025-08-06T07:07:28+00:00\",\"mainEntityOfPage\":{\"@id\":\"https:\\\/\\\/lightweb.dev\\\/l\\\/svm-temp\\\/nyheter\\\/tusentals-turister-i-fara-efter-att-husbil-fattat-eld\\\/\"},\"wordCount\":376,\"publisher\":{\"@id\":\"https:\\\/\\\/lightweb.dev\\\/l\\\/svm-temp\\\/#organization\"},\"image\":{\"@id\":\"https:\\\/\\\/lightweb.dev\\\/l\\\/svm-temp\\\/nyheter\\\/tusentals-turister-i-fara-efter-att-husbil-fattat-eld\\\/#primaryimage\"},\"thumbnailUrl\":\"https:\\\/\\\/lightweb.dev\\\/l\\\/svm-temp\\\/wp-content\\\/uploads\\\/2025\\\/08\\\/svm20250806070239.webp\",\"articleSection\":[\"Inrikes\",\"Nyheter\"],\"inLanguage\":\"sv-SE\"},{\"@type\":\"WebPage\",\"@id\":\"https:\\\/\\\/lightweb.dev\\\/l\\\/svm-temp\\\/nyheter\\\/tusentals-turister-i-fara-efter-att-husbil-fattat-eld\\\/\",\"url\":\"https:\\\/\\\/lightweb.dev\\\/l\\\/svm-temp\\\/nyheter\\\/tusentals-turister-i-fara-efter-att-husbil-fattat-eld\\\/\",\"name\":\"Tusentals turister i fara efter att husbil fattat eld - Svenska Magasinet\",\"isPartOf\":{\"@id\":\"https:\\\/\\\/lightweb.dev\\\/l\\\/svm-temp\\\/#website\"},\"primaryImageOfPage\":{\"@id\":\"https:\\\/\\\/lightweb.dev\\\/l\\\/svm-temp\\\/nyheter\\\/tusentals-turister-i-fara-efter-att-husbil-fattat-eld\\\/#primaryimage\"},\"image\":{\"@id\":\"https:\\\/\\\/lightweb.dev\\\/l\\\/svm-temp\\\/nyheter\\\/tusentals-turister-i-fara-efter-att-husbil-fattat-eld\\\/#primaryimage\"},\"thumbnailUrl\":\"https:\\\/\\\/lightweb.dev\\\/l\\\/svm-temp\\\/wp-content\\\/uploads\\\/2025\\\/08\\\/svm20250806070239.webp\",\"datePublished\":\"2025-08-06T07:07:28+00:00\",\"breadcrumb\":{\"@id\":\"https:\\\/\\\/lightweb.dev\\\/l\\\/svm-temp\\\/nyheter\\\/tusentals-turister-i-fara-efter-att-husbil-fattat-eld\\\/#breadcrumb\"},\"inLanguage\":\"sv-SE\",\"potentialAction\":[{\"@type\":\"ReadAction\",\"target\":[\"https:\\\/\\\/lightweb.dev\\\/l\\\/svm-temp\\\/nyheter\\\/tusentals-turister-i-fara-efter-att-husbil-fattat-eld\\\/\"]}]},{\"@type\":\"ImageObject\",\"inLanguage\":\"sv-SE\",\"@id\":\"https:\\\/\\\/lightweb.dev\\\/l\\\/svm-temp\\\/nyheter\\\/tusentals-turister-i-fara-efter-att-husbil-fattat-eld\\\/#primaryimage\",\"url\":\"https:\\\/\\\/lightweb.dev\\\/l\\\/svm-temp\\\/wp-content\\\/uploads\\\/2025\\\/08\\\/svm20250806070239.webp\",\"contentUrl\":\"https:\\\/\\\/lightweb.dev\\\/l\\\/svm-temp\\\/wp-content\\\/uploads\\\/2025\\\/08\\\/svm20250806070239.webp\",\"width\":900,\"height\":400,\"caption\":\"(Foto: Plan Infoca)\"},{\"@type\":\"BreadcrumbList\",\"@id\":\"https:\\\/\\\/lightweb.dev\\\/l\\\/svm-temp\\\/nyheter\\\/tusentals-turister-i-fara-efter-att-husbil-fattat-eld\\\/#breadcrumb\",\"itemListElement\":[{\"@type\":\"ListItem\",\"position\":1,\"name\":\"Hem\",\"item\":\"https:\\\/\\\/lightweb.dev\\\/l\\\/svm-temp\\\/\"},{\"@type\":\"ListItem\",\"position\":2,\"name\":\"Tusentals turister i fara efter att husbil fattat eld\"}]},{\"@type\":\"WebSite\",\"@id\":\"https:\\\/\\\/lightweb.dev\\\/l\\\/svm-temp\\\/#website\",\"url\":\"https:\\\/\\\/lightweb.dev\\\/l\\\/svm-temp\\\/\",\"name\":\"Svenska Magasinet\",\"description\":\"Dina Spanska nyheter p&aring; Svenska\",\"publisher\":{\"@id\":\"https:\\\/\\\/lightweb.dev\\\/l\\\/svm-temp\\\/#organization\"},\"potentialAction\":[{\"@type\":\"SearchAction\",\"target\":{\"@type\":\"EntryPoint\",\"urlTemplate\":\"https:\\\/\\\/lightweb.dev\\\/l\\\/svm-temp\\\/?s={search_term_string}\"},\"query-input\":{\"@type\":\"PropertyValueSpecification\",\"valueRequired\":true,\"valueName\":\"search_term_string\"}}],\"inLanguage\":\"sv-SE\"},{\"@type\":\"Organization\",\"@id\":\"https:\\\/\\\/lightweb.dev\\\/l\\\/svm-temp\\\/#organization\",\"name\":\"Melkerson y Nott SL\",\"alternateName\":\"Svenska Magasinet\",\"url\":\"https:\\\/\\\/lightweb.dev\\\/l\\\/svm-temp\\\/\",\"logo\":{\"@type\":\"ImageObject\",\"inLanguage\":\"sv-SE\",\"@id\":\"https:\\\/\\\/lightweb.dev\\\/l\\\/svm-temp\\\/#\\\/schema\\\/logo\\\/image\\\/\",\"url\":\"https:\\\/\\\/lightweb.dev\\\/l\\\/svm-temp\\\/wp-content\\\/uploads\\\/2025\\\/02\\\/SvM-logo-Xtra-Centrerad-SVART.png\",\"contentUrl\":\"https:\\\/\\\/lightweb.dev\\\/l\\\/svm-temp\\\/wp-content\\\/uploads\\\/2025\\\/02\\\/SvM-logo-Xtra-Centrerad-SVART.png\",\"width\":300,\"height\":99,\"caption\":\"Melkerson y Nott SL\"},\"image\":{\"@id\":\"https:\\\/\\\/lightweb.dev\\\/l\\\/svm-temp\\\/#\\\/schema\\\/logo\\\/image\\\/\"},\"sameAs\":[\"https:\\\/\\\/www.facebook.com\\\/svenskamagasinet\",\"https:\\\/\\\/x.com\\\/SvenskaMagasine\"]},{\"@type\":\"Person\",\"@id\":\"https:\\\/\\\/lightweb.dev\\\/l\\\/svm-temp\\\/#\\\/schema\\\/person\\\/7a82b8a73d171d32360a564b6d03508e\",\"name\":\"Ola Josefsson\",\"description\":\"Bevakar Solkusten och Spanien sedan 1994.\",\"sameAs\":[\"https:\\\/\\\/lightweb.dev\\\/l\\\/svm-temp\"],\"url\":\"https:\\\/\\\/lightweb.dev\\\/l\\\/svm-temp\\\/reporter\\\/ola-josefsson\\\/\"}]}<\/script>\n<!-- \/ Yoast SEO Premium plugin. -->","yoast_head_json":{"title":"Tusentals turister i fara efter att husbil fattat eld - Svenska Magasinet","robots":{"index":"noindex","follow":"follow","max-snippet":"max-snippet:-1","max-image-preview":"max-image-preview:large","max-video-preview":"max-video-preview:-1"},"og_locale":"sv_SE","og_type":"article","og_title":"Tusentals turister i fara efter att husbil fattat eld","og_description":"Ett hundratal brandm\u00e4n fortsatte p\u00e5 onsdagsmorgonen att bek\u00e4mpa den brand i Tarifa som utbr\u00f6t p\u00e5 tisdagseftermiddagen efter att en husbil b\u00f6rjat brinna. P\u00e5 grund av den kraftiga vinden fick elden f\u00e4ste i vegetationen och spred sig snabbt...","og_url":"https:\/\/lightweb.dev\/l\/svm-temp\/nyheter\/tusentals-turister-i-fara-efter-att-husbil-fattat-eld\/","og_site_name":"Svenska Magasinet","article_publisher":"https:\/\/www.facebook.com\/svenskamagasinet","article_published_time":"2025-08-06T07:07:28+00:00","og_image":[{"width":900,"height":400,"url":"https:\/\/lightweb.dev\/l\/svm-temp\/wp-content\/uploads\/2025\/08\/svm20250806070239.webp","type":"image\/webp"}],"author":"Ola Josefsson","twitter_card":"summary_large_image","twitter_creator":"@SvenskaMagasine","twitter_site":"@SvenskaMagasine","schema":{"@context":"https:\/\/schema.org","@graph":[{"@type":"Article","@id":"https:\/\/lightweb.dev\/l\/svm-temp\/nyheter\/tusentals-turister-i-fara-efter-att-husbil-fattat-eld\/#article","isPartOf":{"@id":"https:\/\/lightweb.dev\/l\/svm-temp\/nyheter\/tusentals-turister-i-fara-efter-att-husbil-fattat-eld\/"},"author":{"name":"Ola Josefsson","@id":"https:\/\/lightweb.dev\/l\/svm-temp\/#\/schema\/person\/7a82b8a73d171d32360a564b6d03508e"},"headline":"Tusentals turister i fara efter att husbil fattat eld","datePublished":"2025-08-06T07:07:28+00:00","mainEntityOfPage":{"@id":"https:\/\/lightweb.dev\/l\/svm-temp\/nyheter\/tusentals-turister-i-fara-efter-att-husbil-fattat-eld\/"},"wordCount":376,"publisher":{"@id":"https:\/\/lightweb.dev\/l\/svm-temp\/#organization"},"image":{"@id":"https:\/\/lightweb.dev\/l\/svm-temp\/nyheter\/tusentals-turister-i-fara-efter-att-husbil-fattat-eld\/#primaryimage"},"thumbnailUrl":"https:\/\/lightweb.dev\/l\/svm-temp\/wp-content\/uploads\/2025\/08\/svm20250806070239.webp","articleSection":["Inrikes","Nyheter"],"inLanguage":"sv-SE"},{"@type":"WebPage","@id":"https:\/\/lightweb.dev\/l\/svm-temp\/nyheter\/tusentals-turister-i-fara-efter-att-husbil-fattat-eld\/","url":"https:\/\/lightweb.dev\/l\/svm-temp\/nyheter\/tusentals-turister-i-fara-efter-att-husbil-fattat-eld\/","name":"Tusentals turister i fara efter att husbil fattat eld - Svenska Magasinet","isPartOf":{"@id":"https:\/\/lightweb.dev\/l\/svm-temp\/#website"},"primaryImageOfPage":{"@id":"https:\/\/lightweb.dev\/l\/svm-temp\/nyheter\/tusentals-turister-i-fara-efter-att-husbil-fattat-eld\/#primaryimage"},"image":{"@id":"https:\/\/lightweb.dev\/l\/svm-temp\/nyheter\/tusentals-turister-i-fara-efter-att-husbil-fattat-eld\/#primaryimage"},"thumbnailUrl":"https:\/\/lightweb.dev\/l\/svm-temp\/wp-content\/uploads\/2025\/08\/svm20250806070239.webp","datePublished":"2025-08-06T07:07:28+00:00","breadcrumb":{"@id":"https:\/\/lightweb.dev\/l\/svm-temp\/nyheter\/tusentals-turister-i-fara-efter-att-husbil-fattat-eld\/#breadcrumb"},"inLanguage":"sv-SE","potentialAction":[{"@type":"ReadAction","target":["https:\/\/lightweb.dev\/l\/svm-temp\/nyheter\/tusentals-turister-i-fara-efter-att-husbil-fattat-eld\/"]}]},{"@type":"ImageObject","inLanguage":"sv-SE","@id":"https:\/\/lightweb.dev\/l\/svm-temp\/nyheter\/tusentals-turister-i-fara-efter-att-husbil-fattat-eld\/#primaryimage","url":"https:\/\/lightweb.dev\/l\/svm-temp\/wp-content\/uploads\/2025\/08\/svm20250806070239.webp","contentUrl":"https:\/\/lightweb.dev\/l\/svm-temp\/wp-content\/uploads\/2025\/08\/svm20250806070239.webp","width":900,"height":400,"caption":"(Foto: Plan Infoca)"},{"@type":"BreadcrumbList","@id":"https:\/\/lightweb.dev\/l\/svm-temp\/nyheter\/tusentals-turister-i-fara-efter-att-husbil-fattat-eld\/#breadcrumb","itemListElement":[{"@type":"ListItem","position":1,"name":"Hem","item":"https:\/\/lightweb.dev\/l\/svm-temp\/"},{"@type":"ListItem","position":2,"name":"Tusentals turister i fara efter att husbil fattat eld"}]},{"@type":"WebSite","@id":"https:\/\/lightweb.dev\/l\/svm-temp\/#website","url":"https:\/\/lightweb.dev\/l\/svm-temp\/","name":"Svenska Magasinet","description":"Dina Spanska nyheter p&aring; Svenska","publisher":{"@id":"https:\/\/lightweb.dev\/l\/svm-temp\/#organization"},"potentialAction":[{"@type":"SearchAction","target":{"@type":"EntryPoint","urlTemplate":"https:\/\/lightweb.dev\/l\/svm-temp\/?s={search_term_string}"},"query-input":{"@type":"PropertyValueSpecification","valueRequired":true,"valueName":"search_term_string"}}],"inLanguage":"sv-SE"},{"@type":"Organization","@id":"https:\/\/lightweb.dev\/l\/svm-temp\/#organization","name":"Melkerson y Nott SL","alternateName":"Svenska Magasinet","url":"https:\/\/lightweb.dev\/l\/svm-temp\/","logo":{"@type":"ImageObject","inLanguage":"sv-SE","@id":"https:\/\/lightweb.dev\/l\/svm-temp\/#\/schema\/logo\/image\/","url":"https:\/\/lightweb.dev\/l\/svm-temp\/wp-content\/uploads\/2025\/02\/SvM-logo-Xtra-Centrerad-SVART.png","contentUrl":"https:\/\/lightweb.dev\/l\/svm-temp\/wp-content\/uploads\/2025\/02\/SvM-logo-Xtra-Centrerad-SVART.png","width":300,"height":99,"caption":"Melkerson y Nott SL"},"image":{"@id":"https:\/\/lightweb.dev\/l\/svm-temp\/#\/schema\/logo\/image\/"},"sameAs":["https:\/\/www.facebook.com\/svenskamagasinet","https:\/\/x.com\/SvenskaMagasine"]},{"@type":"Person","@id":"https:\/\/lightweb.dev\/l\/svm-temp\/#\/schema\/person\/7a82b8a73d171d32360a564b6d03508e","name":"Ola Josefsson","description":"Bevakar Solkusten och Spanien sedan 1994.","sameAs":["https:\/\/lightweb.dev\/l\/svm-temp"],"url":"https:\/\/lightweb.dev\/l\/svm-temp\/reporter\/ola-josefsson\/"}]}},"_links":{"self":[{"href":"https:\/\/lightweb.dev\/l\/svm-temp\/wp-json\/wp\/v2\/posts\/83813","targetHints":{"allow":["GET"]}}],"collection":[{"href":"https:\/\/lightweb.dev\/l\/svm-temp\/wp-json\/wp\/v2\/posts"}],"about":[{"href":"https:\/\/lightweb.dev\/l\/svm-temp\/wp-json\/wp\/v2\/types\/post"}],"author":[{"embeddable":true,"href":"https:\/\/lightweb.dev\/l\/svm-temp\/wp-json\/wp\/v2\/users\/7"}],"replies":[{"embeddable":true,"href":"https:\/\/lightweb.dev\/l\/svm-temp\/wp-json\/wp\/v2\/comments?post=83813"}],"version-history":[{"count":0,"href":"https:\/\/lightweb.dev\/l\/svm-temp\/wp-json\/wp\/v2\/posts\/83813\/revisions"}],"wp:featuredmedia":[{"embeddable":true,"href":"https:\/\/lightweb.dev\/l\/svm-temp\/wp-json\/wp\/v2\/media\/83810"}],"wp:attachment":[{"href":"https:\/\/lightweb.dev\/l\/svm-temp\/wp-json\/wp\/v2\/media?parent=83813"}],"wp:term":[{"taxonomy":"category","embeddable":true,"href":"https:\/\/lightweb.dev\/l\/svm-temp\/wp-json\/wp\/v2\/categories?post=83813"},{"taxonomy":"post_tag","embeddable":true,"href":"https:\/\/lightweb.dev\/l\/svm-temp\/wp-json\/wp\/v2\/tags?post=83813"}],"curies":[{"name":"wp","href":"https:\/\/api.w.org\/{rel}","templated":true}]}}