{"id":84265,"date":"2025-09-02T10:55:57","date_gmt":"2025-09-02T08:55:57","guid":{"rendered":"https:\/\/lightweb.dev\/l\/svm-temp\/?p=84265"},"modified":"2025-09-02T10:55:57","modified_gmt":"2025-09-02T08:55:57","slug":"anhoriga-soker-vittnen-efter-dodsolycka","status":"publish","type":"post","link":"https:\/\/lightweb.dev\/l\/svm-temp\/nyheter\/anhoriga-soker-vittnen-efter-dodsolycka\/","title":{"rendered":"Anh\u00f6riga s\u00f6ker vittnen efter d\u00f6dsolycka"},"content":{"rendered":"<p><strong>Eliah, 17, hittades d\u00f6d n\u00e4ra hemmet p\u00e5 avenida Juan Carlos I i Los Monteros i Marbella.<\/strong><\/p>\n<p><strong>Nu s\u00f6ker familjen eventuella \u00f6gonvittnen till en misst\u00e4nkt trafikolycka.<\/strong><\/p>\n<p>Det \u00e4r pojkens f\u00f6r\u00e4ldrar och syskon som ber allm\u00e4nheten om hj\u00e4lp i att klarg\u00f6ra omst\u00e4ndigheterna kring h\u00e4ndelsen.<\/p>\n<p>Eliah beskrivs som en sk\u00f6tsam och trevlig pojke. P\u00e5 kv\u00e4llen den 18 augusti hittades han d\u00f6d bredvid sin motorcykel i Los Monteros-omr\u00e5det.<\/p>\n<p>Enligt lokalpolisen \u00e4r huvudsp\u00e5ret att det r\u00f6r sig om en trafikolycka.<\/p>\n<p>Pojkens tyska familj som \u00e4r bosatta i Marbella har g\u00e5tt ut via <a href=\"https:\/\/www.diariosur.es\/sucesos\/buscan-testigos-muerte-eliah-menor-muerto-supuesto-20250822004235-nt.html\">Diario Sur<\/a> och ber allm\u00e4nheten om hj\u00e4lp i att klarg\u00f6ra hur olyckan intr\u00e4ffade.<\/p>\n<p>M\u00e5ndagen den 18 augusti var Eliah hemma tillsammans med en v\u00e4n och en av sina br\u00f6der. Hans f\u00f6r\u00e4ldrar var ute. Han tog sin motorcykel av trial-m\u00e4rke f\u00f6r att k\u00f6ra i v\u00e4g och k\u00f6pa tobak. Han var en van f\u00f6rare.<\/p>\n<p>N\u00e4r han dr\u00f6jde blev kompisen och brodern oroliga. Med hj\u00e4lp av en mobilapp hittade de hans position. De hittade honom d\u00f6d p\u00e5 marken samtidigt som polisen kom till platsen och sp\u00e4rrade av omr\u00e5det.<\/p>\n<p>Den misst\u00e4nkta olyckan ska ha intr\u00e4ffat p\u00e5 en rak v\u00e4g som ledde till pojkens hem. Att han skulle ha tappat kontrollen \u00f6ver sin motorcykel tvivlar f\u00f6r\u00e4ldrarna p\u00e5.<\/p>\n<p>N\u00e4r Eliah hittades p\u00e5 v\u00e4gen bredvid sin motorcykel bar han hj\u00e4lm av bra kvalitet, men den var kluven i tv\u00e5 delar bak.<\/p>\n<p>En taxichauff\u00f6r har uppgett att n\u00e5gon i ett samtal med kollegor observerat en bil l\u00e4mna omr\u00e5det ungef\u00e4r samtidigt som h\u00e4ndelsen intr\u00e4ffade.<\/p>\n<p>Om det fordonet kan ha varit inblandat i h\u00e4ndelsen \u00e4r oklart.<\/p>\n<p>I bristen p\u00e5 \u00f6vervakningskameror f\u00f6rs\u00f6ker nu de anh\u00f6riga hitta \u00f6gonvittnen f\u00f6r att klarg\u00f6ra hur olyckan intr\u00e4ffat.<\/p>\n","protected":false},"excerpt":{"rendered":"<p>Eliah, 17, hittades d\u00f6d n\u00e4ra hemmet p\u00e5 avenida Juan Carlos I i Los Monteros i Marbella. Nu s\u00f6ker familjen eventuella \u00f6gonvittnen till en misst\u00e4nkt trafikolycka&#8230;<\/p>\n","protected":false},"author":7,"featured_media":84264,"comment_status":"closed","ping_status":"closed","sticky":false,"template":"","format":"standard","meta":{"_et_pb_use_builder":"","_et_pb_old_content":"","_et_gb_content_width":"","footnotes":""},"categories":[284,3],"tags":[],"class_list":["post-84265","post","type-post","status-publish","format-standard","has-post-thumbnail","hentry","category-inrikes","category-nyheter"],"yoast_head":"<!-- This site is optimized with the Yoast SEO Premium plugin v26.2 (Yoast SEO v28.2) - https:\/\/yoast.com\/product\/yoast-seo-premium-wordpress\/ -->\n<title>Anh\u00f6riga s\u00f6ker vittnen efter d\u00f6dsolycka - Svenska Magasinet<\/title>\n<meta name=\"robots\" content=\"noindex, follow, max-snippet:-1, max-image-preview:large, max-video-preview:-1\" \/>\n<meta property=\"og:locale\" content=\"sv_SE\" \/>\n<meta property=\"og:type\" content=\"article\" \/>\n<meta property=\"og:title\" content=\"Anh\u00f6riga s\u00f6ker vittnen efter d\u00f6dsolycka\" \/>\n<meta property=\"og:description\" content=\"Eliah, 17, hittades d\u00f6d n\u00e4ra hemmet p\u00e5 avenida Juan Carlos I i Los Monteros i Marbella. Nu s\u00f6ker familjen eventuella \u00f6gonvittnen till en misst\u00e4nkt trafikolycka...\" \/>\n<meta property=\"og:url\" content=\"https:\/\/lightweb.dev\/l\/svm-temp\/nyheter\/anhoriga-soker-vittnen-efter-dodsolycka\/\" \/>\n<meta property=\"og:site_name\" content=\"Svenska Magasinet\" \/>\n<meta property=\"article:publisher\" content=\"https:\/\/www.facebook.com\/svenskamagasinet\" \/>\n<meta property=\"article:published_time\" content=\"2025-09-02T08:55:57+00:00\" \/>\n<meta property=\"og:image\" content=\"https:\/\/lightweb.dev\/l\/svm-temp\/wp-content\/uploads\/2025\/09\/svm20250902085302.webp\" \/>\n\t<meta property=\"og:image:width\" content=\"900\" \/>\n\t<meta property=\"og:image:height\" content=\"400\" \/>\n\t<meta property=\"og:image:type\" content=\"image\/webp\" \/>\n<meta name=\"author\" content=\"Ola Josefsson\" \/>\n<meta name=\"twitter:card\" content=\"summary_large_image\" \/>\n<meta name=\"twitter:creator\" content=\"@SvenskaMagasine\" \/>\n<meta name=\"twitter:site\" content=\"@SvenskaMagasine\" \/>\n<script type=\"application\/ld+json\" class=\"yoast-schema-graph\">{\"@context\":\"https:\\\/\\\/schema.org\",\"@graph\":[{\"@type\":\"Article\",\"@id\":\"https:\\\/\\\/lightweb.dev\\\/l\\\/svm-temp\\\/nyheter\\\/anhoriga-soker-vittnen-efter-dodsolycka\\\/#article\",\"isPartOf\":{\"@id\":\"https:\\\/\\\/lightweb.dev\\\/l\\\/svm-temp\\\/nyheter\\\/anhoriga-soker-vittnen-efter-dodsolycka\\\/\"},\"author\":{\"name\":\"Ola Josefsson\",\"@id\":\"https:\\\/\\\/lightweb.dev\\\/l\\\/svm-temp\\\/#\\\/schema\\\/person\\\/7a82b8a73d171d32360a564b6d03508e\"},\"headline\":\"Anh\u00f6riga s\u00f6ker vittnen efter d\u00f6dsolycka\",\"datePublished\":\"2025-09-02T08:55:57+00:00\",\"mainEntityOfPage\":{\"@id\":\"https:\\\/\\\/lightweb.dev\\\/l\\\/svm-temp\\\/nyheter\\\/anhoriga-soker-vittnen-efter-dodsolycka\\\/\"},\"wordCount\":335,\"publisher\":{\"@id\":\"https:\\\/\\\/lightweb.dev\\\/l\\\/svm-temp\\\/#organization\"},\"image\":{\"@id\":\"https:\\\/\\\/lightweb.dev\\\/l\\\/svm-temp\\\/nyheter\\\/anhoriga-soker-vittnen-efter-dodsolycka\\\/#primaryimage\"},\"thumbnailUrl\":\"https:\\\/\\\/lightweb.dev\\\/l\\\/svm-temp\\\/wp-content\\\/uploads\\\/2025\\\/09\\\/svm20250902085302.webp\",\"articleSection\":[\"Inrikes\",\"Nyheter\"],\"inLanguage\":\"sv-SE\"},{\"@type\":\"WebPage\",\"@id\":\"https:\\\/\\\/lightweb.dev\\\/l\\\/svm-temp\\\/nyheter\\\/anhoriga-soker-vittnen-efter-dodsolycka\\\/\",\"url\":\"https:\\\/\\\/lightweb.dev\\\/l\\\/svm-temp\\\/nyheter\\\/anhoriga-soker-vittnen-efter-dodsolycka\\\/\",\"name\":\"Anh\u00f6riga s\u00f6ker vittnen efter d\u00f6dsolycka - Svenska Magasinet\",\"isPartOf\":{\"@id\":\"https:\\\/\\\/lightweb.dev\\\/l\\\/svm-temp\\\/#website\"},\"primaryImageOfPage\":{\"@id\":\"https:\\\/\\\/lightweb.dev\\\/l\\\/svm-temp\\\/nyheter\\\/anhoriga-soker-vittnen-efter-dodsolycka\\\/#primaryimage\"},\"image\":{\"@id\":\"https:\\\/\\\/lightweb.dev\\\/l\\\/svm-temp\\\/nyheter\\\/anhoriga-soker-vittnen-efter-dodsolycka\\\/#primaryimage\"},\"thumbnailUrl\":\"https:\\\/\\\/lightweb.dev\\\/l\\\/svm-temp\\\/wp-content\\\/uploads\\\/2025\\\/09\\\/svm20250902085302.webp\",\"datePublished\":\"2025-09-02T08:55:57+00:00\",\"breadcrumb\":{\"@id\":\"https:\\\/\\\/lightweb.dev\\\/l\\\/svm-temp\\\/nyheter\\\/anhoriga-soker-vittnen-efter-dodsolycka\\\/#breadcrumb\"},\"inLanguage\":\"sv-SE\",\"potentialAction\":[{\"@type\":\"ReadAction\",\"target\":[\"https:\\\/\\\/lightweb.dev\\\/l\\\/svm-temp\\\/nyheter\\\/anhoriga-soker-vittnen-efter-dodsolycka\\\/\"]}]},{\"@type\":\"ImageObject\",\"inLanguage\":\"sv-SE\",\"@id\":\"https:\\\/\\\/lightweb.dev\\\/l\\\/svm-temp\\\/nyheter\\\/anhoriga-soker-vittnen-efter-dodsolycka\\\/#primaryimage\",\"url\":\"https:\\\/\\\/lightweb.dev\\\/l\\\/svm-temp\\\/wp-content\\\/uploads\\\/2025\\\/09\\\/svm20250902085302.webp\",\"contentUrl\":\"https:\\\/\\\/lightweb.dev\\\/l\\\/svm-temp\\\/wp-content\\\/uploads\\\/2025\\\/09\\\/svm20250902085302.webp\",\"width\":900,\"height\":400},{\"@type\":\"BreadcrumbList\",\"@id\":\"https:\\\/\\\/lightweb.dev\\\/l\\\/svm-temp\\\/nyheter\\\/anhoriga-soker-vittnen-efter-dodsolycka\\\/#breadcrumb\",\"itemListElement\":[{\"@type\":\"ListItem\",\"position\":1,\"name\":\"Hem\",\"item\":\"https:\\\/\\\/lightweb.dev\\\/l\\\/svm-temp\\\/\"},{\"@type\":\"ListItem\",\"position\":2,\"name\":\"Anh\u00f6riga s\u00f6ker vittnen efter d\u00f6dsolycka\"}]},{\"@type\":\"WebSite\",\"@id\":\"https:\\\/\\\/lightweb.dev\\\/l\\\/svm-temp\\\/#website\",\"url\":\"https:\\\/\\\/lightweb.dev\\\/l\\\/svm-temp\\\/\",\"name\":\"Svenska Magasinet\",\"description\":\"Dina Spanska nyheter p&aring; Svenska\",\"publisher\":{\"@id\":\"https:\\\/\\\/lightweb.dev\\\/l\\\/svm-temp\\\/#organization\"},\"potentialAction\":[{\"@type\":\"SearchAction\",\"target\":{\"@type\":\"EntryPoint\",\"urlTemplate\":\"https:\\\/\\\/lightweb.dev\\\/l\\\/svm-temp\\\/?s={search_term_string}\"},\"query-input\":{\"@type\":\"PropertyValueSpecification\",\"valueRequired\":true,\"valueName\":\"search_term_string\"}}],\"inLanguage\":\"sv-SE\"},{\"@type\":\"Organization\",\"@id\":\"https:\\\/\\\/lightweb.dev\\\/l\\\/svm-temp\\\/#organization\",\"name\":\"Melkerson y Nott SL\",\"alternateName\":\"Svenska Magasinet\",\"url\":\"https:\\\/\\\/lightweb.dev\\\/l\\\/svm-temp\\\/\",\"logo\":{\"@type\":\"ImageObject\",\"inLanguage\":\"sv-SE\",\"@id\":\"https:\\\/\\\/lightweb.dev\\\/l\\\/svm-temp\\\/#\\\/schema\\\/logo\\\/image\\\/\",\"url\":\"https:\\\/\\\/lightweb.dev\\\/l\\\/svm-temp\\\/wp-content\\\/uploads\\\/2025\\\/02\\\/SvM-logo-Xtra-Centrerad-SVART.png\",\"contentUrl\":\"https:\\\/\\\/lightweb.dev\\\/l\\\/svm-temp\\\/wp-content\\\/uploads\\\/2025\\\/02\\\/SvM-logo-Xtra-Centrerad-SVART.png\",\"width\":300,\"height\":99,\"caption\":\"Melkerson y Nott SL\"},\"image\":{\"@id\":\"https:\\\/\\\/lightweb.dev\\\/l\\\/svm-temp\\\/#\\\/schema\\\/logo\\\/image\\\/\"},\"sameAs\":[\"https:\\\/\\\/www.facebook.com\\\/svenskamagasinet\",\"https:\\\/\\\/x.com\\\/SvenskaMagasine\"]},{\"@type\":\"Person\",\"@id\":\"https:\\\/\\\/lightweb.dev\\\/l\\\/svm-temp\\\/#\\\/schema\\\/person\\\/7a82b8a73d171d32360a564b6d03508e\",\"name\":\"Ola Josefsson\",\"description\":\"Bevakar Solkusten och Spanien sedan 1994.\",\"sameAs\":[\"https:\\\/\\\/lightweb.dev\\\/l\\\/svm-temp\"],\"url\":\"https:\\\/\\\/lightweb.dev\\\/l\\\/svm-temp\\\/reporter\\\/ola-josefsson\\\/\"}]}<\/script>\n<!-- \/ Yoast SEO Premium plugin. -->","yoast_head_json":{"title":"Anh\u00f6riga s\u00f6ker vittnen efter d\u00f6dsolycka - Svenska Magasinet","robots":{"index":"noindex","follow":"follow","max-snippet":"max-snippet:-1","max-image-preview":"max-image-preview:large","max-video-preview":"max-video-preview:-1"},"og_locale":"sv_SE","og_type":"article","og_title":"Anh\u00f6riga s\u00f6ker vittnen efter d\u00f6dsolycka","og_description":"Eliah, 17, hittades d\u00f6d n\u00e4ra hemmet p\u00e5 avenida Juan Carlos I i Los Monteros i Marbella. Nu s\u00f6ker familjen eventuella \u00f6gonvittnen till en misst\u00e4nkt trafikolycka...","og_url":"https:\/\/lightweb.dev\/l\/svm-temp\/nyheter\/anhoriga-soker-vittnen-efter-dodsolycka\/","og_site_name":"Svenska Magasinet","article_publisher":"https:\/\/www.facebook.com\/svenskamagasinet","article_published_time":"2025-09-02T08:55:57+00:00","og_image":[{"width":900,"height":400,"url":"https:\/\/lightweb.dev\/l\/svm-temp\/wp-content\/uploads\/2025\/09\/svm20250902085302.webp","type":"image\/webp"}],"author":"Ola Josefsson","twitter_card":"summary_large_image","twitter_creator":"@SvenskaMagasine","twitter_site":"@SvenskaMagasine","schema":{"@context":"https:\/\/schema.org","@graph":[{"@type":"Article","@id":"https:\/\/lightweb.dev\/l\/svm-temp\/nyheter\/anhoriga-soker-vittnen-efter-dodsolycka\/#article","isPartOf":{"@id":"https:\/\/lightweb.dev\/l\/svm-temp\/nyheter\/anhoriga-soker-vittnen-efter-dodsolycka\/"},"author":{"name":"Ola Josefsson","@id":"https:\/\/lightweb.dev\/l\/svm-temp\/#\/schema\/person\/7a82b8a73d171d32360a564b6d03508e"},"headline":"Anh\u00f6riga s\u00f6ker vittnen efter d\u00f6dsolycka","datePublished":"2025-09-02T08:55:57+00:00","mainEntityOfPage":{"@id":"https:\/\/lightweb.dev\/l\/svm-temp\/nyheter\/anhoriga-soker-vittnen-efter-dodsolycka\/"},"wordCount":335,"publisher":{"@id":"https:\/\/lightweb.dev\/l\/svm-temp\/#organization"},"image":{"@id":"https:\/\/lightweb.dev\/l\/svm-temp\/nyheter\/anhoriga-soker-vittnen-efter-dodsolycka\/#primaryimage"},"thumbnailUrl":"https:\/\/lightweb.dev\/l\/svm-temp\/wp-content\/uploads\/2025\/09\/svm20250902085302.webp","articleSection":["Inrikes","Nyheter"],"inLanguage":"sv-SE"},{"@type":"WebPage","@id":"https:\/\/lightweb.dev\/l\/svm-temp\/nyheter\/anhoriga-soker-vittnen-efter-dodsolycka\/","url":"https:\/\/lightweb.dev\/l\/svm-temp\/nyheter\/anhoriga-soker-vittnen-efter-dodsolycka\/","name":"Anh\u00f6riga s\u00f6ker vittnen efter d\u00f6dsolycka - Svenska Magasinet","isPartOf":{"@id":"https:\/\/lightweb.dev\/l\/svm-temp\/#website"},"primaryImageOfPage":{"@id":"https:\/\/lightweb.dev\/l\/svm-temp\/nyheter\/anhoriga-soker-vittnen-efter-dodsolycka\/#primaryimage"},"image":{"@id":"https:\/\/lightweb.dev\/l\/svm-temp\/nyheter\/anhoriga-soker-vittnen-efter-dodsolycka\/#primaryimage"},"thumbnailUrl":"https:\/\/lightweb.dev\/l\/svm-temp\/wp-content\/uploads\/2025\/09\/svm20250902085302.webp","datePublished":"2025-09-02T08:55:57+00:00","breadcrumb":{"@id":"https:\/\/lightweb.dev\/l\/svm-temp\/nyheter\/anhoriga-soker-vittnen-efter-dodsolycka\/#breadcrumb"},"inLanguage":"sv-SE","potentialAction":[{"@type":"ReadAction","target":["https:\/\/lightweb.dev\/l\/svm-temp\/nyheter\/anhoriga-soker-vittnen-efter-dodsolycka\/"]}]},{"@type":"ImageObject","inLanguage":"sv-SE","@id":"https:\/\/lightweb.dev\/l\/svm-temp\/nyheter\/anhoriga-soker-vittnen-efter-dodsolycka\/#primaryimage","url":"https:\/\/lightweb.dev\/l\/svm-temp\/wp-content\/uploads\/2025\/09\/svm20250902085302.webp","contentUrl":"https:\/\/lightweb.dev\/l\/svm-temp\/wp-content\/uploads\/2025\/09\/svm20250902085302.webp","width":900,"height":400},{"@type":"BreadcrumbList","@id":"https:\/\/lightweb.dev\/l\/svm-temp\/nyheter\/anhoriga-soker-vittnen-efter-dodsolycka\/#breadcrumb","itemListElement":[{"@type":"ListItem","position":1,"name":"Hem","item":"https:\/\/lightweb.dev\/l\/svm-temp\/"},{"@type":"ListItem","position":2,"name":"Anh\u00f6riga s\u00f6ker vittnen efter d\u00f6dsolycka"}]},{"@type":"WebSite","@id":"https:\/\/lightweb.dev\/l\/svm-temp\/#website","url":"https:\/\/lightweb.dev\/l\/svm-temp\/","name":"Svenska Magasinet","description":"Dina Spanska nyheter p&aring; Svenska","publisher":{"@id":"https:\/\/lightweb.dev\/l\/svm-temp\/#organization"},"potentialAction":[{"@type":"SearchAction","target":{"@type":"EntryPoint","urlTemplate":"https:\/\/lightweb.dev\/l\/svm-temp\/?s={search_term_string}"},"query-input":{"@type":"PropertyValueSpecification","valueRequired":true,"valueName":"search_term_string"}}],"inLanguage":"sv-SE"},{"@type":"Organization","@id":"https:\/\/lightweb.dev\/l\/svm-temp\/#organization","name":"Melkerson y Nott SL","alternateName":"Svenska Magasinet","url":"https:\/\/lightweb.dev\/l\/svm-temp\/","logo":{"@type":"ImageObject","inLanguage":"sv-SE","@id":"https:\/\/lightweb.dev\/l\/svm-temp\/#\/schema\/logo\/image\/","url":"https:\/\/lightweb.dev\/l\/svm-temp\/wp-content\/uploads\/2025\/02\/SvM-logo-Xtra-Centrerad-SVART.png","contentUrl":"https:\/\/lightweb.dev\/l\/svm-temp\/wp-content\/uploads\/2025\/02\/SvM-logo-Xtra-Centrerad-SVART.png","width":300,"height":99,"caption":"Melkerson y Nott SL"},"image":{"@id":"https:\/\/lightweb.dev\/l\/svm-temp\/#\/schema\/logo\/image\/"},"sameAs":["https:\/\/www.facebook.com\/svenskamagasinet","https:\/\/x.com\/SvenskaMagasine"]},{"@type":"Person","@id":"https:\/\/lightweb.dev\/l\/svm-temp\/#\/schema\/person\/7a82b8a73d171d32360a564b6d03508e","name":"Ola Josefsson","description":"Bevakar Solkusten och Spanien sedan 1994.","sameAs":["https:\/\/lightweb.dev\/l\/svm-temp"],"url":"https:\/\/lightweb.dev\/l\/svm-temp\/reporter\/ola-josefsson\/"}]}},"_links":{"self":[{"href":"https:\/\/lightweb.dev\/l\/svm-temp\/wp-json\/wp\/v2\/posts\/84265","targetHints":{"allow":["GET"]}}],"collection":[{"href":"https:\/\/lightweb.dev\/l\/svm-temp\/wp-json\/wp\/v2\/posts"}],"about":[{"href":"https:\/\/lightweb.dev\/l\/svm-temp\/wp-json\/wp\/v2\/types\/post"}],"author":[{"embeddable":true,"href":"https:\/\/lightweb.dev\/l\/svm-temp\/wp-json\/wp\/v2\/users\/7"}],"replies":[{"embeddable":true,"href":"https:\/\/lightweb.dev\/l\/svm-temp\/wp-json\/wp\/v2\/comments?post=84265"}],"version-history":[{"count":0,"href":"https:\/\/lightweb.dev\/l\/svm-temp\/wp-json\/wp\/v2\/posts\/84265\/revisions"}],"wp:featuredmedia":[{"embeddable":true,"href":"https:\/\/lightweb.dev\/l\/svm-temp\/wp-json\/wp\/v2\/media\/84264"}],"wp:attachment":[{"href":"https:\/\/lightweb.dev\/l\/svm-temp\/wp-json\/wp\/v2\/media?parent=84265"}],"wp:term":[{"taxonomy":"category","embeddable":true,"href":"https:\/\/lightweb.dev\/l\/svm-temp\/wp-json\/wp\/v2\/categories?post=84265"},{"taxonomy":"post_tag","embeddable":true,"href":"https:\/\/lightweb.dev\/l\/svm-temp\/wp-json\/wp\/v2\/tags?post=84265"}],"curies":[{"name":"wp","href":"https:\/\/api.w.org\/{rel}","templated":true}]}}