{"id":84431,"date":"2025-09-18T17:30:17","date_gmt":"2025-09-18T15:30:17","guid":{"rendered":"https:\/\/lightweb.dev\/l\/svm-temp\/?p=84431"},"modified":"2025-09-18T20:18:47","modified_gmt":"2025-09-18T18:18:47","slug":"merida-ett-antikt-arv-och-modern-musik-i-harmoni","status":"publish","type":"post","link":"https:\/\/lightweb.dev\/l\/svm-temp\/artiklar\/merida-ett-antikt-arv-och-modern-musik-i-harmoni\/","title":{"rendered":"M\u00e9rida: Ett antikt arv och modern musik i harmoni"},"content":{"rendered":"<p><strong>Det \u00e4r juni m\u00e5nad och vi har lyckats som en av f\u00e5 utomst\u00e5ende frilansare f\u00f6r Svenska Magasinet f\u00e5 pressackreditering till Roxette och dess extrainsatta framtr\u00e4dande p\u00e5 Stone &amp; Music festival i M\u00e9rida.<\/strong><\/p>\n<p><strong>Vi hade ingen kunskap om M\u00e9rida och det skulle visa sig bli en fantastisk \u00f6verraskning.<\/strong><\/p>\n<p><strong>Text Tommy Stenstr\u00f6m Hemlin Foto Annika Stenstr\u00f6m Hemlin och Shutterstock. E-post: tommyannikafrilans@gmail.com<\/strong><\/p>\n<p>M\u00e9rida, huvudstad i regionen Extremadura i v\u00e4stra Spanien, \u00e4r som att ta ett steg rakt in i historien. H\u00e4r, vid Guadianaflodens strand, m\u00f6ts det moderna livet och det antika arvet i en harmonisk v\u00e4v av sten, kultur och minnesm\u00e4rken. M\u00e9rida \u00e4r ingen storstad i klassisk bem\u00e4rkelse, men dess betydelse och karakt\u00e4r sv\u00e4ller l\u00e5ngt bortom storleken.<\/p>\n<div id=\"attachment_84429\" style=\"width: 910px\" class=\"wp-caption alignnone\"><img loading=\"lazy\" decoding=\"async\" aria-describedby=\"caption-attachment-84429\" class=\"wp-image-84429 size-full\" src=\"https:\/\/lightweb.dev\/l\/svm-temp\/wp-content\/uploads\/2025\/09\/svm20250908102940.webp\" alt=\"\" width=\"900\" height=\"400\" srcset=\"https:\/\/lightweb.dev\/l\/svm-temp\/wp-content\/uploads\/2025\/09\/svm20250908102940.webp 900w, https:\/\/lightweb.dev\/l\/svm-temp\/wp-content\/uploads\/2025\/09\/svm20250908102940-480x213.webp 480w\" sizes=\"(min-width: 0px) and (max-width: 480px) 480px, (min-width: 481px) 900px, 100vw\" \/><p id=\"caption-attachment-84429\" class=\"wp-caption-text\">Per Gessle med diplom och Stone Festivalens styrelse efter att ha blivit f\u00f6revigade p\u00e5 M\u00e9ridas Walk of Fame.<\/p><\/div>\n<p>F\u00e5 platser kan stoltsera med ett s\u00e5 p\u00e5tagligt och v\u00e4lbevarat romerskt arv som samtidigt bjuda bes\u00f6karen p\u00e5 levande, spansk vardag.<\/p>\n<h2><strong>P\u00e5 v\u00e4g<\/strong><\/h2>\n<p>Vid val av resv\u00e4g till M\u00e9rida s\u00e5 finns det fr\u00e5n Fuengirola tv\u00e5 huvudv\u00e4gar att v\u00e4lja, en \u00f6ver Sevilla och en via Cordoba. Vi valde den senare som visade sig inneh\u00e5lla fantastiska vyer och varierat landskap. N\u00e4r vi s\u00e5 sm\u00e5ningom k\u00f6rde in i regionen Extremadura s\u00e5 blev det som att k\u00f6ra ut p\u00e5 en stor sl\u00e4tt och allt var f\u00e4rgat i blekgult. \u201dOj vad torrt h\u00e4r \u00e4r\u201d var f\u00f6rsta reaktionen tills vi ins\u00e5g att det var mil efter mil med v\u00e4xande spannm\u00e5l. Vi hade bokat ett som det visade sig, v\u00e4ldigt mysigt Hostel som l\u00e5g alldeles intill stadens st\u00f6rsta minnesm\u00e4rken och den unika konsertarenan. Vi valde att stanna n\u00e5gra dagar f\u00f6r att ut\u00f6ver konserten l\u00e4ra k\u00e4nna staden M\u00e9rida.<\/p>\n<h2><strong>M\u00e9rida<\/strong><\/h2>\n<p>M\u00e9rida \u00e4r en av Spaniens mest historiskt betydelsefulla st\u00e4der och ligger i regionen Extremadura, i v\u00e4stra delen av landet. Staden grundades av romarna f\u00f6r \u00f6ver tv\u00e5 tusen \u00e5r sedan och \u00e4r idag k\u00e4nd f\u00f6r sina imponerande arkeologiska l\u00e4mningar, sitt rika kulturarv och sin unika blandning av gammalt och nytt.<\/p>\n<div id=\"attachment_84424\" style=\"width: 910px\" class=\"wp-caption alignnone\"><img loading=\"lazy\" decoding=\"async\" aria-describedby=\"caption-attachment-84424\" class=\"wp-image-84424 size-full\" src=\"https:\/\/lightweb.dev\/l\/svm-temp\/wp-content\/uploads\/2025\/09\/svm20250908102711.webp\" alt=\"\" width=\"900\" height=\"400\" srcset=\"https:\/\/lightweb.dev\/l\/svm-temp\/wp-content\/uploads\/2025\/09\/svm20250908102711.webp 900w, https:\/\/lightweb.dev\/l\/svm-temp\/wp-content\/uploads\/2025\/09\/svm20250908102711-480x213.webp 480w\" sizes=\"(min-width: 0px) and (max-width: 480px) 480px, (min-width: 481px) 900px, 100vw\" \/><p id=\"caption-attachment-84424\" class=\"wp-caption-text\">Den romerska akvedukten som var stadens livsk\u00e4lla<\/p><\/div>\n<p>M\u00e9rida grundades \u00e5r 25 f.Kr. under kejsare Augustus regering, under namnet Emerita Augusta. Staden var t\u00e4nkt som en koloni f\u00f6r pensionerade soldater fr\u00e5n de romerska legionerna och blev snabbt en av de viktigaste romerska bos\u00e4ttningarna p\u00e5 den Iberiska halv\u00f6n. Emerita Augusta var huvudstad i den romerska provinsen Lusitania, vilket gjorde den till ett administrativt, milit\u00e4rt och ekonomiskt centrum i regionen.<\/p>\n<p>Stadens romerska arv \u00e4r fortfarande mycket tydligt. M\u00e9rida har n\u00e5gra av de b\u00e4st bevarade romerska monumenten i Spanien och \u00e4r idag ett av de fr\u00e4msta exemplen p\u00e5 romersk stadsplanering och arkitektur utanf\u00f6r Italien.<\/p>\n<div id=\"attachment_84426\" style=\"width: 910px\" class=\"wp-caption alignnone\"><img loading=\"lazy\" decoding=\"async\" aria-describedby=\"caption-attachment-84426\" class=\"wp-image-84426 size-full\" src=\"https:\/\/lightweb.dev\/l\/svm-temp\/wp-content\/uploads\/2025\/09\/svm20250908102845.webp\" alt=\"\" width=\"900\" height=\"400\" srcset=\"https:\/\/lightweb.dev\/l\/svm-temp\/wp-content\/uploads\/2025\/09\/svm20250908102845.webp 900w, https:\/\/lightweb.dev\/l\/svm-temp\/wp-content\/uploads\/2025\/09\/svm20250908102845-480x213.webp 480w\" sizes=\"(min-width: 0px) and (max-width: 480px) 480px, (min-width: 481px) 900px, 100vw\" \/><p id=\"caption-attachment-84426\" class=\"wp-caption-text\">Den fina font\u00e4nen lyste upp det mysiga plaza Espa\u00f1a En central m\u00f6tespunkt i M\u00e9rida. Till h\u00f6ger: Romerska Cirkusen, t\u00e4nk att det suttit upp till 30 000 \u00e5sk\u00e5dare h\u00e4r.<\/p><\/div>\n<p>Efter det romerska rikets fall blev M\u00e9rida f\u00f6rst er\u00f6vrad av visigoterna och senare av morerna under 700-talet. Under medeltiden f\u00f6rlorade staden en del av sin tidigare betydelse, men \u00e5terfick viss status n\u00e4r den blev ett biskopss\u00e4te och handelscentrum.<\/p>\n<p>P\u00e5 1200-talet \u00e5terer\u00f6vrades M\u00e9rida av kristna styrkor och inf\u00f6rlivades i kungariket Le\u00f3n. Under de f\u00f6ljande \u00e5rhundradena utvecklades staden l\u00e5ngsamt och befolkningen v\u00e4xte.<\/p>\n<p>M\u00e9rida \u00e4r idag en stad som stolt visar upp sitt rika kulturarv. \u00c5r 1993 uts\u00e5gs stadens arkeologiska omr\u00e5de till v\u00e4rldsarv av UNESCO. Det inneb\u00e4r att m\u00e5nga av stadens romerska monument skyddas och bevaras f\u00f6r framtiden. Den \u00e5rliga internationella teaterfestivalen, Festival Internacional de Teatro Cl\u00e1sico de M\u00e9rida, h\u00e5lls i den romerska teatern och lockar tusentals bes\u00f6kare varje \u00e5r. \u00c4ven Stone &amp; Music Festival har den romerska teatern i centrum.<\/p>\n<p>M\u00e9rida \u00e4r idag huvudstad i regionen Extremadura och har cirka 60 000 inv\u00e5nare. Staden har ett modernt samh\u00e4llsliv, universitet och ett rikt kulturliv. Ekonomin baseras p\u00e5 tj\u00e4nster, turism, administration och jordbruk. Blandningen av historiska sev\u00e4rdheter och modern infrastruktur g\u00f6r M\u00e9rida till en attraktiv plats b\u00e5de f\u00f6r inv\u00e5nare och bes\u00f6kare.<\/p>\n<h2><strong>Romerska sev\u00e4rdheterna<\/strong><\/h2>\n<p>Sagt och gjort, vi gav oss ut i den 40-gradiga v\u00e4rmen p\u00e5 en sightseeingtur till fots och vi bes\u00f6kte de st\u00f6rsta och mest k\u00e4nda st\u00e4llena.<\/p>\n<p><u>Romerska akvedukten<\/u>, \u00e4r en av de mest imponerande och v\u00e4lbevarade akvedukterna fr\u00e5n den romerska tiden i Spanien. Den byggdes under det f\u00f6rsta \u00e5rhundradet e.Kr. och \u00e4r en viktig del av stadens arkeologiska arv. Akvedukten \u00e4r byggd av lokala material, fr\u00e4mst granit och tegel, och str\u00e4cker sig \u00f6ver en total l\u00e4ngd av cirka 830 meter. Den har totalt 38 valv och f\u00f6rs\u00f6rjde staden med vatten.<\/p>\n<p><u>Den romerska cirkusen<\/u> \u00e4r ocks\u00e5 en av de mest imponerande romerska ruinerna i staden. Byggd under det f\u00f6rsta \u00e5rhundradet e.Kr. Cirkusen var en plats f\u00f6r olika typer av underh\u00e5llning, inklusive h\u00e4stkappl\u00f6pningar och andra sportevenemang. Den hade en kapacitet p\u00e5 upp till 30 000 \u00e5sk\u00e5dare. Cirkusen str\u00e4cker sig \u00f6ver 400 meter i l\u00e4ngd och 100 meter i bredd, vilket g\u00f6r den till en av de st\u00f6rsta av sitt slag i den romerska v\u00e4rlden. Cirkusen anv\u00e4nds ibland \u00e4ven f\u00f6r moderna evenemang och festivaler, vilket skapar en fascinerande koppling mellan d\u00e5tid och nutid.<\/p>\n<div id=\"attachment_84428\" style=\"width: 910px\" class=\"wp-caption alignnone\"><img loading=\"lazy\" decoding=\"async\" aria-describedby=\"caption-attachment-84428\" class=\"wp-image-84428 size-full\" src=\"https:\/\/lightweb.dev\/l\/svm-temp\/wp-content\/uploads\/2025\/09\/svm20250908102918.webp\" alt=\"\" width=\"900\" height=\"400\" srcset=\"https:\/\/lightweb.dev\/l\/svm-temp\/wp-content\/uploads\/2025\/09\/svm20250908102918.webp 900w, https:\/\/lightweb.dev\/l\/svm-temp\/wp-content\/uploads\/2025\/09\/svm20250908102918-480x213.webp 480w\" sizes=\"(min-width: 0px) and (max-width: 480px) 480px, (min-width: 481px) 900px, 100vw\" \/><p id=\"caption-attachment-84428\" class=\"wp-caption-text\">En av v\u00e4rldens mest imponerande och v\u00e4lbevarade romerska teater. H\u00e4r spelade Roxette.<\/p><\/div>\n<p><u>Den romerska amfiteatern<\/u> byggd omkring \u00e5r 8 f.Kr., \u00e4r den en imponerande skapelse. Den \u00e4r konstruerad i en typisk romersk stil och har en kapacitet p\u00e5 cirka 15 000 \u00e5sk\u00e5dare. Den \u00e4r byggd i en elliptisk form, vilket \u00e4r karakteristiskt f\u00f6r romerska amfiteatrar, och \u00e4r designad f\u00f6r att ge en optimal vy f\u00f6r publiken. Arenan \u00e4r omgiven av en h\u00f6g mur och har en plan yta d\u00e4r olika typer av evenemang, inklusive gladiatorspel och djurstrider \u00e4gde rum.<\/p>\n<p><u>Templet Diana<\/u> \u00e4r till\u00e4gnat den romerska gudinnan Diana, som var gudinna f\u00f6r jakt och natur. Det \u00e4r oklart exakt n\u00e4r templet byggdes, men det tros ha varit en viktig plats f\u00f6r tillbedjan och religi\u00f6sa ceremonier. Templet \u00e4r konstruerat av lokala granitblock och marmor, vilket ger det en robust och tidl\u00f6s karakt\u00e4r. Inuti templet finns det en cella, eller helig kammare, d\u00e4r statyer av gudarna en g\u00e5ng stod. Det \u00e4r h\u00e4r som de troende kom f\u00f6r att be och utf\u00f6ra ritualer.<\/p>\n<div id=\"attachment_84425\" style=\"width: 910px\" class=\"wp-caption alignnone\"><img loading=\"lazy\" decoding=\"async\" aria-describedby=\"caption-attachment-84425\" class=\"wp-image-84425 size-full\" src=\"https:\/\/lightweb.dev\/l\/svm-temp\/wp-content\/uploads\/2025\/09\/svm20250908102811.webp\" alt=\"\" width=\"900\" height=\"400\" srcset=\"https:\/\/lightweb.dev\/l\/svm-temp\/wp-content\/uploads\/2025\/09\/svm20250908102811.webp 900w, https:\/\/lightweb.dev\/l\/svm-temp\/wp-content\/uploads\/2025\/09\/svm20250908102811-480x213.webp 480w\" sizes=\"(min-width: 0px) and (max-width: 480px) 480px, (min-width: 481px) 900px, 100vw\" \/><p id=\"caption-attachment-84425\" class=\"wp-caption-text\">Jaktgudinnan Dianas Tempel. Till h\u00f6ger: Den romerska bron som tv\u00e5 tusen \u00e5r senare \u00e4r i fullt bruk.<\/p><\/div>\n<p><u>Den romerska bron<\/u> byggdes under det f\u00f6rsta \u00e5rhundradet e.Kr. och str\u00e4cker sig \u00f6ver floden Guadiana. Det \u00e4r en stenbro som ursprungligen bestod av 38 valv, \u00e4ven om n\u00e5gra av dessa har f\u00f6rsvunnit \u00f6ver tid. Bron \u00e4r byggd av lokala material, fr\u00e4mst granit. Bron str\u00e4cker sig \u00f6ver cirka 792 meter och \u00e4r omkring 9 meter bred. Valven \u00e4r utformade f\u00f6r att klara av flodens str\u00f6mmar och har st\u00e5tt emot tidens tand i \u00f6ver tv\u00e5 tusen \u00e5r. Idag \u00e4r den fortfarande i bruk och anv\u00e4nds av b\u00e5de fotg\u00e4ngare och fordon, vilket g\u00f6r den till en levande del av M\u00e9ridas moderna liv.<\/p>\n<h2><strong>Stone &amp; Music Festival<\/strong><\/h2>\n<p>Efter vi bes\u00f6kt dessa platser hade klockan passerat 16:00 p\u00e5 eftermiddagen och vi hade inte hunnit med lunch. Det \u00e4r d\u00e5 man f\u00e5r l\u00e4ra sig att man \u00e4r i \u201driktiga spanieln\u201d Allt var st\u00e4ngt, inte en matbit i sikte. Till slut hittade vi ett \u00f6ppet st\u00e4lle och n\u00e4r vi kommer in fr\u00e5gar servitrisen vad vi vill dricka och vi fr\u00e5gar efter menyn. Nej s\u00e4ger, hon, k\u00f6ket \u00f6ppnar kl. 19 vi har bara dryck. Det skulle vart i Sverige. En liten Mercado som hade f\u00e4rdiggjorda sallader blev v\u00e5r r\u00e4ddning.<\/p>\n<p>P\u00e5 kv\u00e4llen skulle den stora Stone &amp; Music Festivalen avslutas p\u00e5 den mest imponerande romerska byggnaden i M\u00e9rida, Den romerska teatern. Avslutningskonserten som var konsert nummer 100 i festivalens 10-\u00e5riga historia. Vi tr\u00e4ffade n\u00e5gra ur arrang\u00f6rens personal. De ber\u00e4ttade att: \u201dfestivalen skiljer sig fr\u00e5n andra festivaler genom att ha den romerska teatern i M\u00e9rida som sin huvudscen, en plats av internationell prestige som varje \u00e5r samlar toppartister, b\u00e5de nationella och internationella, och lockar publik fr\u00e5n hela Spanien och olika h\u00f6rn av v\u00e4rlden. De som deltar s\u00f6ker inte bara att njuta av sina favoritmusiker, utan ocks\u00e5 att uppleva det unika i att se dem upptr\u00e4da p\u00e5 en scen som \u00e4r \u00f6ver 2 000 \u00e5r gammal\u201d. Festivalen p\u00e5g\u00e5r under hela juni m\u00e5nad och kantas av aktiviteter runt om i hela staden.<\/p>\n<h2><strong>Den romerska teatern<\/strong><\/h2>\n<p>Den romerska teatern i M\u00e9rida, k\u00e4nd som \u201dTeatro Romano de M\u00e9rida\u201d, \u00e4r en av de mest imponerande och v\u00e4lbevarade romerska teaterbyggnaderna i v\u00e4rlden. Byggd omkring \u00e5r 15 f.Kr. under kejsare Augustus tid. Teatern \u00e4r en fantastisk representation av romersk arkitektur och kultur. Teatern har en kapacitet p\u00e5 cirka 6 000 \u00e5sk\u00e5dare och \u00e4r byggd i en halvcirkelformad struktur som \u00e4r typisk f\u00f6r romerska teatrar. Den \u00e4r konstruerad av lokala material, fr\u00e4mst granit och marmor, vilket ger den en robust och tidl\u00f6s karakt\u00e4r.<\/p>\n<p>Den imponerande scenen \u00e4r rikt dekorerad med kolonner och skulpturer, vilket visar p\u00e5 den konstn\u00e4rliga skickligheten hos romerska hantverkare. Scenen var ursprungligen prydd med statyer och reliefer som skildrade mytologiska och historiska teman.<\/p>\n<p>Teaterns sittplatser \u00e4r uppdelade i olika sektioner, med de mest prestigefyllda platserna l\u00e4ngst fram f\u00f6r de h\u00f6gre samh\u00e4llsklasserna. Sittplatserna \u00e4r utformade f\u00f6r att ge en bra akustik, vilket var avg\u00f6rande f\u00f6r att sk\u00e5despelarna skulle kunna h\u00f6ras av publiken.<\/p>\n<h2><strong>Walk of Fame<\/strong><\/h2>\n<p>Lite tidigare p\u00e5 kv\u00e4llen h\u00f6r en ur personalen av sig och s\u00e4ger att det skall utspela sig en viktig h\u00e4ndelse p\u00e5 Calle Jos\u00e9 Ram\u00f3n M\u00e9lida och om vi ville komma dit och vara med. Gatan visade sig vara M\u00e9ridas Walk of Fame med flera v\u00e4rldsartister.\u00a0 D\u00e4r var det avsp\u00e4rrat och en folkmassa utanf\u00f6r, och det l\u00e5g en \u201dstj\u00e4rna\u201d f\u00f6r avt\u00e4ckning. Annika som \u00e4r fotograf fick kliva innanf\u00f6r avsp\u00e4rrningarna tillsammans med hela pressuppb\u00e5det. Sedan dr\u00f6jer det inte l\u00e4nge f\u00f6rr\u00e4n Per Gessle kommer med eskort. F\u00f6r det \u00e4r Roxette som skall hyllas och f\u00f6revigas p\u00e5 M\u00e9ridas Walk of Fame. Det h\u00e5lls lite tal och Per t\u00e4cker av \u201dstj\u00e4rnan\u201d. Han tackar alla och tilldelar h\u00e4lften av \u00e4ran till Marie Fredriksson. Roxette delar sin plats p\u00e5 Walk of Fame med bl. a Deep Purple, Andrea Bocelli och Svenska Europe.<\/p>\n<div id=\"attachment_84430\" style=\"width: 910px\" class=\"wp-caption alignnone\"><img loading=\"lazy\" decoding=\"async\" aria-describedby=\"caption-attachment-84430\" class=\"wp-image-84430 size-full\" src=\"https:\/\/lightweb.dev\/l\/svm-temp\/wp-content\/uploads\/2025\/09\/svm20250908102958.webp\" alt=\"\" width=\"900\" height=\"400\" srcset=\"https:\/\/lightweb.dev\/l\/svm-temp\/wp-content\/uploads\/2025\/09\/svm20250908102958.webp 900w, https:\/\/lightweb.dev\/l\/svm-temp\/wp-content\/uploads\/2025\/09\/svm20250908102958-480x213.webp 480w\" sizes=\"(min-width: 0px) and (max-width: 480px) 480px, (min-width: 481px) 900px, 100vw\" \/><p id=\"caption-attachment-84430\" class=\"wp-caption-text\">Lena, Per, och Publiken stormtrivdes p\u00e5 den unika konsertarenan Teatro Romano de M\u00e9rida.<\/p><\/div>\n<p>Sedan var det dags att g\u00e5 vidare till konsert nummer 100 i festivalens historia p\u00e5 Teatro Romano de M\u00e9rida som d\u00e5 var Roxette. En fantastisk konsertmilj\u00f6 b\u00e5de f\u00f6r band och publik. M\u00e5ste bara upplevas. \u00c5terigen blev vi uppdelade, jag upp p\u00e5 pressl\u00e4ktaren och Annika in framf\u00f6r scenen f\u00f6r fotografering. Det blev en minnesv\u00e4rd konsert i den varma juninatten.<\/p>\n<p>Roxette med Lena Philipsson fick med sig publiken fr\u00e5n f\u00f6rsta l\u00e5ten, och mycket \u201dalls\u00e5ng\u201d blev det. De sa ocks\u00e5 att en s\u00e5dan h\u00e4r scen hade de aldrig spelat p\u00e5 tidigare.<\/p>\n<h2><strong>Sammanfattning<\/strong><\/h2>\n<p>Kv\u00e4llen efter konserten gick vi ner p\u00e5 mysiga Plaza Espa\u00f1a och nj\u00f6t av den fina st\u00e4mningen och mysiga milj\u00f6n med sm\u00e5 barer och det avslappnade folklivet i v\u00e4rmen.<\/p>\n<p>D\u00e4r sammanfattade vi v\u00e5rt bes\u00f6k. P\u00e5 morgonen blev det hemresa och denna g\u00e5ng k\u00f6rde vi \u00f6ver Sevilla.<\/p>\n<p>M\u00e9rida, en stad som f\u00f6renar det antika med det moderna, visade sig vara en ov\u00e4ntad och fantastisk destination f\u00f6r v\u00e5r resa. Med sin rika historia och v\u00e4lbevarade romerska arv, s\u00e5som akvedukten, cirkusen och den magnifika romerska teatern, blev vi djupt imponerade av den kulturella och historiska betydelsen av staden. Festivalen Stone &amp; Music, d\u00e4r Roxette upptr\u00e4dde, blev en h\u00f6jdpunkt och en unik upplevelse, inte bara f\u00f6r musiken utan ocks\u00e5 f\u00f6r den magiska atmosf\u00e4ren i den antika teatern. Att bevittna Roxette hyllas p\u00e5 M\u00e9ridas Walk of Fame var ett betydelsefullt \u00f6gonblick som kn\u00f6t samman det f\u00f6rflutna med nuet. V\u00e5r tid i M\u00e9rida, med dess charmiga gator, livliga torg och v\u00e4nliga m\u00e4nniskor, l\u00e4mnar oss med minnen av b\u00e5de historia och nutid. Det \u00e4r en plats d\u00e4r man verkligen kan k\u00e4nna historiens vingslag och samtidigt njuta av den moderna spanska kulturen. M\u00e9rida \u00e4r en destination som vi varmt rekommenderar, en verklig spansk juvel.<\/p>\n<h2><strong>Kuriosa<\/strong><\/h2>\n<p>Den 11-faldigt Oscars-bel\u00f6nade filmen Ben Hur spelades in till stora delar i M\u00e9rida.<\/p>\n<p>Det finns scener i m\u00e5nga filmer och TV-serier som spelats in bland de romerska byggnaderna.<\/p>\n<p>V\u00e4rldens h\u00f6gsta kvalitet av Iberico Jamon tillverkas h\u00e4r d\u00e5 f\u00f6ruts\u00e4ttningarna f\u00f6r ekollongrisarna \u00e4r optimala.<\/p>\n","protected":false},"excerpt":{"rendered":"<p>Det \u00e4r juni m\u00e5nad och vi har lyckats som en av f\u00e5 utomst\u00e5ende frilansare f\u00f6r Svenska Magasinet f\u00e5 pressackreditering till Roxette och dess extrainsatta framtr\u00e4dande p\u00e5 Stone &#038; Music festival i M\u00e9rida&#8230;.<\/p>\n","protected":false},"author":8,"featured_media":84427,"comment_status":"closed","ping_status":"closed","sticky":false,"template":"","format":"standard","meta":{"_et_pb_use_builder":"","_et_pb_old_content":"","_et_gb_content_width":"","footnotes":""},"categories":[396,4],"tags":[],"class_list":["post-84431","post","type-post","status-publish","format-standard","has-post-thumbnail","hentry","category-arkiv-artiklar","category-artiklar"],"yoast_head":"<!-- This site is optimized with the Yoast SEO Premium plugin v26.2 (Yoast SEO v28.2) - https:\/\/yoast.com\/product\/yoast-seo-premium-wordpress\/ -->\n<title>M\u00e9rida: Ett antikt arv och modern musik i harmoni - Svenska Magasinet<\/title>\n<meta name=\"robots\" content=\"noindex, follow, max-snippet:-1, max-image-preview:large, max-video-preview:-1\" \/>\n<meta property=\"og:locale\" content=\"sv_SE\" \/>\n<meta property=\"og:type\" content=\"article\" \/>\n<meta property=\"og:title\" content=\"M\u00e9rida: Ett antikt arv och modern musik i harmoni\" \/>\n<meta property=\"og:description\" content=\"Det \u00e4r juni m\u00e5nad och vi har lyckats som en av f\u00e5 utomst\u00e5ende frilansare f\u00f6r Svenska Magasinet f\u00e5 pressackreditering till Roxette och dess extrainsatta framtr\u00e4dande p\u00e5 Stone &amp; Music festival i M\u00e9rida....\" \/>\n<meta property=\"og:url\" content=\"https:\/\/lightweb.dev\/l\/svm-temp\/artiklar\/merida-ett-antikt-arv-och-modern-musik-i-harmoni\/\" \/>\n<meta property=\"og:site_name\" content=\"Svenska Magasinet\" \/>\n<meta property=\"article:publisher\" content=\"https:\/\/www.facebook.com\/svenskamagasinet\" \/>\n<meta property=\"article:published_time\" content=\"2025-09-18T15:30:17+00:00\" \/>\n<meta property=\"article:modified_time\" content=\"2025-09-18T18:18:47+00:00\" \/>\n<meta property=\"og:image\" content=\"https:\/\/lightweb.dev\/l\/svm-temp\/wp-content\/uploads\/2025\/09\/svm20250908102902.webp\" \/>\n\t<meta property=\"og:image:width\" content=\"900\" \/>\n\t<meta property=\"og:image:height\" content=\"400\" \/>\n\t<meta property=\"og:image:type\" content=\"image\/webp\" \/>\n<meta name=\"author\" content=\"Redaktionen SvM\" \/>\n<meta name=\"twitter:card\" content=\"summary_large_image\" \/>\n<meta name=\"twitter:creator\" content=\"@SvenskaMagasine\" \/>\n<meta name=\"twitter:site\" content=\"@SvenskaMagasine\" \/>\n<script type=\"application\/ld+json\" class=\"yoast-schema-graph\">{\"@context\":\"https:\\\/\\\/schema.org\",\"@graph\":[{\"@type\":\"Article\",\"@id\":\"https:\\\/\\\/lightweb.dev\\\/l\\\/svm-temp\\\/artiklar\\\/merida-ett-antikt-arv-och-modern-musik-i-harmoni\\\/#article\",\"isPartOf\":{\"@id\":\"https:\\\/\\\/lightweb.dev\\\/l\\\/svm-temp\\\/artiklar\\\/merida-ett-antikt-arv-och-modern-musik-i-harmoni\\\/\"},\"author\":{\"name\":\"Redaktionen SvM\",\"@id\":\"https:\\\/\\\/lightweb.dev\\\/l\\\/svm-temp\\\/#\\\/schema\\\/person\\\/206a3bda5b607b0c25e1749191e4d837\"},\"headline\":\"M\u00e9rida: Ett antikt arv och modern musik i harmoni\",\"datePublished\":\"2025-09-18T15:30:17+00:00\",\"dateModified\":\"2025-09-18T18:18:47+00:00\",\"mainEntityOfPage\":{\"@id\":\"https:\\\/\\\/lightweb.dev\\\/l\\\/svm-temp\\\/artiklar\\\/merida-ett-antikt-arv-och-modern-musik-i-harmoni\\\/\"},\"wordCount\":2300,\"publisher\":{\"@id\":\"https:\\\/\\\/lightweb.dev\\\/l\\\/svm-temp\\\/#organization\"},\"image\":{\"@id\":\"https:\\\/\\\/lightweb.dev\\\/l\\\/svm-temp\\\/artiklar\\\/merida-ett-antikt-arv-och-modern-musik-i-harmoni\\\/#primaryimage\"},\"thumbnailUrl\":\"https:\\\/\\\/lightweb.dev\\\/l\\\/svm-temp\\\/wp-content\\\/uploads\\\/2025\\\/09\\\/svm20250908102902.webp\",\"articleSection\":[\"Arkiv\",\"Artiklar\"],\"inLanguage\":\"sv-SE\"},{\"@type\":\"WebPage\",\"@id\":\"https:\\\/\\\/lightweb.dev\\\/l\\\/svm-temp\\\/artiklar\\\/merida-ett-antikt-arv-och-modern-musik-i-harmoni\\\/\",\"url\":\"https:\\\/\\\/lightweb.dev\\\/l\\\/svm-temp\\\/artiklar\\\/merida-ett-antikt-arv-och-modern-musik-i-harmoni\\\/\",\"name\":\"M\u00e9rida: Ett antikt arv och modern musik i harmoni - Svenska Magasinet\",\"isPartOf\":{\"@id\":\"https:\\\/\\\/lightweb.dev\\\/l\\\/svm-temp\\\/#website\"},\"primaryImageOfPage\":{\"@id\":\"https:\\\/\\\/lightweb.dev\\\/l\\\/svm-temp\\\/artiklar\\\/merida-ett-antikt-arv-och-modern-musik-i-harmoni\\\/#primaryimage\"},\"image\":{\"@id\":\"https:\\\/\\\/lightweb.dev\\\/l\\\/svm-temp\\\/artiklar\\\/merida-ett-antikt-arv-och-modern-musik-i-harmoni\\\/#primaryimage\"},\"thumbnailUrl\":\"https:\\\/\\\/lightweb.dev\\\/l\\\/svm-temp\\\/wp-content\\\/uploads\\\/2025\\\/09\\\/svm20250908102902.webp\",\"datePublished\":\"2025-09-18T15:30:17+00:00\",\"dateModified\":\"2025-09-18T18:18:47+00:00\",\"breadcrumb\":{\"@id\":\"https:\\\/\\\/lightweb.dev\\\/l\\\/svm-temp\\\/artiklar\\\/merida-ett-antikt-arv-och-modern-musik-i-harmoni\\\/#breadcrumb\"},\"inLanguage\":\"sv-SE\",\"potentialAction\":[{\"@type\":\"ReadAction\",\"target\":[\"https:\\\/\\\/lightweb.dev\\\/l\\\/svm-temp\\\/artiklar\\\/merida-ett-antikt-arv-och-modern-musik-i-harmoni\\\/\"]}]},{\"@type\":\"ImageObject\",\"inLanguage\":\"sv-SE\",\"@id\":\"https:\\\/\\\/lightweb.dev\\\/l\\\/svm-temp\\\/artiklar\\\/merida-ett-antikt-arv-och-modern-musik-i-harmoni\\\/#primaryimage\",\"url\":\"https:\\\/\\\/lightweb.dev\\\/l\\\/svm-temp\\\/wp-content\\\/uploads\\\/2025\\\/09\\\/svm20250908102902.webp\",\"contentUrl\":\"https:\\\/\\\/lightweb.dev\\\/l\\\/svm-temp\\\/wp-content\\\/uploads\\\/2025\\\/09\\\/svm20250908102902.webp\",\"width\":900,\"height\":400,\"caption\":\"Till h\u00f6ger Amfiteatern d\u00e4r bl a gladiatorspel f\u00f6rekom. Till v\u00e4nster den mer kulturella Romerska Teatern.\"},{\"@type\":\"BreadcrumbList\",\"@id\":\"https:\\\/\\\/lightweb.dev\\\/l\\\/svm-temp\\\/artiklar\\\/merida-ett-antikt-arv-och-modern-musik-i-harmoni\\\/#breadcrumb\",\"itemListElement\":[{\"@type\":\"ListItem\",\"position\":1,\"name\":\"Hem\",\"item\":\"https:\\\/\\\/lightweb.dev\\\/l\\\/svm-temp\\\/\"},{\"@type\":\"ListItem\",\"position\":2,\"name\":\"M\u00e9rida: Ett antikt arv och modern musik i harmoni\"}]},{\"@type\":\"WebSite\",\"@id\":\"https:\\\/\\\/lightweb.dev\\\/l\\\/svm-temp\\\/#website\",\"url\":\"https:\\\/\\\/lightweb.dev\\\/l\\\/svm-temp\\\/\",\"name\":\"Svenska Magasinet\",\"description\":\"Dina Spanska nyheter p&aring; Svenska\",\"publisher\":{\"@id\":\"https:\\\/\\\/lightweb.dev\\\/l\\\/svm-temp\\\/#organization\"},\"potentialAction\":[{\"@type\":\"SearchAction\",\"target\":{\"@type\":\"EntryPoint\",\"urlTemplate\":\"https:\\\/\\\/lightweb.dev\\\/l\\\/svm-temp\\\/?s={search_term_string}\"},\"query-input\":{\"@type\":\"PropertyValueSpecification\",\"valueRequired\":true,\"valueName\":\"search_term_string\"}}],\"inLanguage\":\"sv-SE\"},{\"@type\":\"Organization\",\"@id\":\"https:\\\/\\\/lightweb.dev\\\/l\\\/svm-temp\\\/#organization\",\"name\":\"Melkerson y Nott SL\",\"alternateName\":\"Svenska Magasinet\",\"url\":\"https:\\\/\\\/lightweb.dev\\\/l\\\/svm-temp\\\/\",\"logo\":{\"@type\":\"ImageObject\",\"inLanguage\":\"sv-SE\",\"@id\":\"https:\\\/\\\/lightweb.dev\\\/l\\\/svm-temp\\\/#\\\/schema\\\/logo\\\/image\\\/\",\"url\":\"https:\\\/\\\/lightweb.dev\\\/l\\\/svm-temp\\\/wp-content\\\/uploads\\\/2025\\\/02\\\/SvM-logo-Xtra-Centrerad-SVART.png\",\"contentUrl\":\"https:\\\/\\\/lightweb.dev\\\/l\\\/svm-temp\\\/wp-content\\\/uploads\\\/2025\\\/02\\\/SvM-logo-Xtra-Centrerad-SVART.png\",\"width\":300,\"height\":99,\"caption\":\"Melkerson y Nott SL\"},\"image\":{\"@id\":\"https:\\\/\\\/lightweb.dev\\\/l\\\/svm-temp\\\/#\\\/schema\\\/logo\\\/image\\\/\"},\"sameAs\":[\"https:\\\/\\\/www.facebook.com\\\/svenskamagasinet\",\"https:\\\/\\\/x.com\\\/SvenskaMagasine\"]},{\"@type\":\"Person\",\"@id\":\"https:\\\/\\\/lightweb.dev\\\/l\\\/svm-temp\\\/#\\\/schema\\\/person\\\/206a3bda5b607b0c25e1749191e4d837\",\"name\":\"Redaktionen SvM\",\"description\":\"Redaktionen\",\"sameAs\":[\"https:\\\/\\\/lightweb.dev\\\/l\\\/svm-temp\"],\"url\":\"https:\\\/\\\/lightweb.dev\\\/l\\\/svm-temp\\\/reporter\\\/redaktionen\\\/\"}]}<\/script>\n<!-- \/ Yoast SEO Premium plugin. -->","yoast_head_json":{"title":"M\u00e9rida: Ett antikt arv och modern musik i harmoni - Svenska Magasinet","robots":{"index":"noindex","follow":"follow","max-snippet":"max-snippet:-1","max-image-preview":"max-image-preview:large","max-video-preview":"max-video-preview:-1"},"og_locale":"sv_SE","og_type":"article","og_title":"M\u00e9rida: Ett antikt arv och modern musik i harmoni","og_description":"Det \u00e4r juni m\u00e5nad och vi har lyckats som en av f\u00e5 utomst\u00e5ende frilansare f\u00f6r Svenska Magasinet f\u00e5 pressackreditering till Roxette och dess extrainsatta framtr\u00e4dande p\u00e5 Stone & Music festival i M\u00e9rida....","og_url":"https:\/\/lightweb.dev\/l\/svm-temp\/artiklar\/merida-ett-antikt-arv-och-modern-musik-i-harmoni\/","og_site_name":"Svenska Magasinet","article_publisher":"https:\/\/www.facebook.com\/svenskamagasinet","article_published_time":"2025-09-18T15:30:17+00:00","article_modified_time":"2025-09-18T18:18:47+00:00","og_image":[{"width":900,"height":400,"url":"https:\/\/lightweb.dev\/l\/svm-temp\/wp-content\/uploads\/2025\/09\/svm20250908102902.webp","type":"image\/webp"}],"author":"Redaktionen SvM","twitter_card":"summary_large_image","twitter_creator":"@SvenskaMagasine","twitter_site":"@SvenskaMagasine","schema":{"@context":"https:\/\/schema.org","@graph":[{"@type":"Article","@id":"https:\/\/lightweb.dev\/l\/svm-temp\/artiklar\/merida-ett-antikt-arv-och-modern-musik-i-harmoni\/#article","isPartOf":{"@id":"https:\/\/lightweb.dev\/l\/svm-temp\/artiklar\/merida-ett-antikt-arv-och-modern-musik-i-harmoni\/"},"author":{"name":"Redaktionen SvM","@id":"https:\/\/lightweb.dev\/l\/svm-temp\/#\/schema\/person\/206a3bda5b607b0c25e1749191e4d837"},"headline":"M\u00e9rida: Ett antikt arv och modern musik i harmoni","datePublished":"2025-09-18T15:30:17+00:00","dateModified":"2025-09-18T18:18:47+00:00","mainEntityOfPage":{"@id":"https:\/\/lightweb.dev\/l\/svm-temp\/artiklar\/merida-ett-antikt-arv-och-modern-musik-i-harmoni\/"},"wordCount":2300,"publisher":{"@id":"https:\/\/lightweb.dev\/l\/svm-temp\/#organization"},"image":{"@id":"https:\/\/lightweb.dev\/l\/svm-temp\/artiklar\/merida-ett-antikt-arv-och-modern-musik-i-harmoni\/#primaryimage"},"thumbnailUrl":"https:\/\/lightweb.dev\/l\/svm-temp\/wp-content\/uploads\/2025\/09\/svm20250908102902.webp","articleSection":["Arkiv","Artiklar"],"inLanguage":"sv-SE"},{"@type":"WebPage","@id":"https:\/\/lightweb.dev\/l\/svm-temp\/artiklar\/merida-ett-antikt-arv-och-modern-musik-i-harmoni\/","url":"https:\/\/lightweb.dev\/l\/svm-temp\/artiklar\/merida-ett-antikt-arv-och-modern-musik-i-harmoni\/","name":"M\u00e9rida: Ett antikt arv och modern musik i harmoni - Svenska Magasinet","isPartOf":{"@id":"https:\/\/lightweb.dev\/l\/svm-temp\/#website"},"primaryImageOfPage":{"@id":"https:\/\/lightweb.dev\/l\/svm-temp\/artiklar\/merida-ett-antikt-arv-och-modern-musik-i-harmoni\/#primaryimage"},"image":{"@id":"https:\/\/lightweb.dev\/l\/svm-temp\/artiklar\/merida-ett-antikt-arv-och-modern-musik-i-harmoni\/#primaryimage"},"thumbnailUrl":"https:\/\/lightweb.dev\/l\/svm-temp\/wp-content\/uploads\/2025\/09\/svm20250908102902.webp","datePublished":"2025-09-18T15:30:17+00:00","dateModified":"2025-09-18T18:18:47+00:00","breadcrumb":{"@id":"https:\/\/lightweb.dev\/l\/svm-temp\/artiklar\/merida-ett-antikt-arv-och-modern-musik-i-harmoni\/#breadcrumb"},"inLanguage":"sv-SE","potentialAction":[{"@type":"ReadAction","target":["https:\/\/lightweb.dev\/l\/svm-temp\/artiklar\/merida-ett-antikt-arv-och-modern-musik-i-harmoni\/"]}]},{"@type":"ImageObject","inLanguage":"sv-SE","@id":"https:\/\/lightweb.dev\/l\/svm-temp\/artiklar\/merida-ett-antikt-arv-och-modern-musik-i-harmoni\/#primaryimage","url":"https:\/\/lightweb.dev\/l\/svm-temp\/wp-content\/uploads\/2025\/09\/svm20250908102902.webp","contentUrl":"https:\/\/lightweb.dev\/l\/svm-temp\/wp-content\/uploads\/2025\/09\/svm20250908102902.webp","width":900,"height":400,"caption":"Till h\u00f6ger Amfiteatern d\u00e4r bl a gladiatorspel f\u00f6rekom. Till v\u00e4nster den mer kulturella Romerska Teatern."},{"@type":"BreadcrumbList","@id":"https:\/\/lightweb.dev\/l\/svm-temp\/artiklar\/merida-ett-antikt-arv-och-modern-musik-i-harmoni\/#breadcrumb","itemListElement":[{"@type":"ListItem","position":1,"name":"Hem","item":"https:\/\/lightweb.dev\/l\/svm-temp\/"},{"@type":"ListItem","position":2,"name":"M\u00e9rida: Ett antikt arv och modern musik i harmoni"}]},{"@type":"WebSite","@id":"https:\/\/lightweb.dev\/l\/svm-temp\/#website","url":"https:\/\/lightweb.dev\/l\/svm-temp\/","name":"Svenska Magasinet","description":"Dina Spanska nyheter p&aring; Svenska","publisher":{"@id":"https:\/\/lightweb.dev\/l\/svm-temp\/#organization"},"potentialAction":[{"@type":"SearchAction","target":{"@type":"EntryPoint","urlTemplate":"https:\/\/lightweb.dev\/l\/svm-temp\/?s={search_term_string}"},"query-input":{"@type":"PropertyValueSpecification","valueRequired":true,"valueName":"search_term_string"}}],"inLanguage":"sv-SE"},{"@type":"Organization","@id":"https:\/\/lightweb.dev\/l\/svm-temp\/#organization","name":"Melkerson y Nott SL","alternateName":"Svenska Magasinet","url":"https:\/\/lightweb.dev\/l\/svm-temp\/","logo":{"@type":"ImageObject","inLanguage":"sv-SE","@id":"https:\/\/lightweb.dev\/l\/svm-temp\/#\/schema\/logo\/image\/","url":"https:\/\/lightweb.dev\/l\/svm-temp\/wp-content\/uploads\/2025\/02\/SvM-logo-Xtra-Centrerad-SVART.png","contentUrl":"https:\/\/lightweb.dev\/l\/svm-temp\/wp-content\/uploads\/2025\/02\/SvM-logo-Xtra-Centrerad-SVART.png","width":300,"height":99,"caption":"Melkerson y Nott SL"},"image":{"@id":"https:\/\/lightweb.dev\/l\/svm-temp\/#\/schema\/logo\/image\/"},"sameAs":["https:\/\/www.facebook.com\/svenskamagasinet","https:\/\/x.com\/SvenskaMagasine"]},{"@type":"Person","@id":"https:\/\/lightweb.dev\/l\/svm-temp\/#\/schema\/person\/206a3bda5b607b0c25e1749191e4d837","name":"Redaktionen SvM","description":"Redaktionen","sameAs":["https:\/\/lightweb.dev\/l\/svm-temp"],"url":"https:\/\/lightweb.dev\/l\/svm-temp\/reporter\/redaktionen\/"}]}},"_links":{"self":[{"href":"https:\/\/lightweb.dev\/l\/svm-temp\/wp-json\/wp\/v2\/posts\/84431","targetHints":{"allow":["GET"]}}],"collection":[{"href":"https:\/\/lightweb.dev\/l\/svm-temp\/wp-json\/wp\/v2\/posts"}],"about":[{"href":"https:\/\/lightweb.dev\/l\/svm-temp\/wp-json\/wp\/v2\/types\/post"}],"author":[{"embeddable":true,"href":"https:\/\/lightweb.dev\/l\/svm-temp\/wp-json\/wp\/v2\/users\/8"}],"replies":[{"embeddable":true,"href":"https:\/\/lightweb.dev\/l\/svm-temp\/wp-json\/wp\/v2\/comments?post=84431"}],"version-history":[{"count":0,"href":"https:\/\/lightweb.dev\/l\/svm-temp\/wp-json\/wp\/v2\/posts\/84431\/revisions"}],"wp:featuredmedia":[{"embeddable":true,"href":"https:\/\/lightweb.dev\/l\/svm-temp\/wp-json\/wp\/v2\/media\/84427"}],"wp:attachment":[{"href":"https:\/\/lightweb.dev\/l\/svm-temp\/wp-json\/wp\/v2\/media?parent=84431"}],"wp:term":[{"taxonomy":"category","embeddable":true,"href":"https:\/\/lightweb.dev\/l\/svm-temp\/wp-json\/wp\/v2\/categories?post=84431"},{"taxonomy":"post_tag","embeddable":true,"href":"https:\/\/lightweb.dev\/l\/svm-temp\/wp-json\/wp\/v2\/tags?post=84431"}],"curies":[{"name":"wp","href":"https:\/\/api.w.org\/{rel}","templated":true}]}}