{"id":84461,"date":"2025-09-09T10:32:39","date_gmt":"2025-09-09T08:32:39","guid":{"rendered":"https:\/\/lightweb.dev\/l\/svm-temp\/?p=84461"},"modified":"2025-09-09T10:32:39","modified_gmt":"2025-09-09T08:32:39","slug":"83-procent-av-eldistributionsnatet-ar-mattat","status":"publish","type":"post","link":"https:\/\/lightweb.dev\/l\/svm-temp\/nyheter\/83-procent-av-eldistributionsnatet-ar-mattat\/","title":{"rendered":"83 procent av eldistributionsn\u00e4tet \u00e4r m\u00e4ttat"},"content":{"rendered":"<p><strong>Det spanska eln\u00e4tet har debatterats i flera m\u00e5nader inte minst efter landets historiska str\u00f6mavbrottet 28 april.<\/strong><\/p>\n<p><strong>Nu visar f\u00e4rska uppgifter att hela 83 procent av eldistributionsn\u00e4tet betraktas som m\u00e4ttat.<\/strong><\/p>\n<p>Risken f\u00f6r kollaps \u00e4r \u00f6verh\u00e4ngande vilket g\u00f6r att ytterligare anslutningar inte g\u00e5r att utf\u00f6ra.<\/p>\n<p>Det skadar spansk industri, data- och kommunikationscentraler, hamnar men \u00e4ven fastighetsm\u00e4klare. Tillst\u00e5ndet beskrivs som en kollaps d\u00e4r man har g\u00e5tt miste om investeringar v\u00e4rda 60 miljarder euro p\u00e5 grund av att efterfr\u00e5gan p\u00e5 el, s\u00e4rskilt fr\u00e5n industrin, inte har kunnat m\u00f6tas.<\/p>\n<p>Den spanska v\u00e4nsterregeringen under ledning av Pedro S\u00e1nchez har varit ivrig med att ber\u00e4tta om satsningar p\u00e5 gr\u00f6n energi. Samtidigt har inte eldistributionsn\u00e4tet byggts ut.<\/p>\n<p>83,4 procent av eln\u00e4ten i Spanien betraktas som helt m\u00e4ttade. Det visar kartan \u00f6ver tillg\u00e4nglig kapacitet som presenterades p\u00e5 tisdagsf\u00f6rmiddagen av Aelec, elbranschens organisation, skriver <a href=\"https:\/\/www.diariosur.es\/economia\/nudos-red-distribucion-electricidad-saturado-20250909100136-ntrc.html\">Diario Sur.<\/a><\/p>\n<p>Det \u00e4r en flaskhals som hindrar nya anslutningar, s\u00e4ger organisationen i ett uttalande.<\/p>\n<p>Fram till nu har det saknats exakta uppgifter vilket gjort det sv\u00e5rt f\u00f6r f\u00f6retag att veta den tillg\u00e4ngliga kapaciteten i varje omr\u00e5de vid anslutningar.<\/p>\n<p>Elbolagen har varnat under l\u00e5ng tid f\u00f6r att Spaniens eln\u00e4tverk \u00e4r m\u00e4ttat och ifjol avslogs h\u00e4lften av ans\u00f6kningarna om n\u00e4ttilltr\u00e4de p\u00e5 grund av bristande kapacitet.<\/p>\n","protected":false},"excerpt":{"rendered":"<p>Det spanska eln\u00e4tet har debatterats i flera m\u00e5nader inte minst efter landets historiska str\u00f6mavbrottet 28 april. Nu visar f\u00e4rska uppgifter att hela 83 procent av eldistributionsn\u00e4tet betraktas som m\u00e4ttat&#8230;<\/p>\n","protected":false},"author":7,"featured_media":82736,"comment_status":"closed","ping_status":"closed","sticky":false,"template":"","format":"standard","meta":{"_et_pb_use_builder":"","_et_pb_old_content":"","_et_gb_content_width":"","footnotes":""},"categories":[284,3],"tags":[],"class_list":["post-84461","post","type-post","status-publish","format-standard","has-post-thumbnail","hentry","category-inrikes","category-nyheter"],"yoast_head":"<!-- This site is optimized with the Yoast SEO Premium plugin v26.2 (Yoast SEO v28.2) - https:\/\/yoast.com\/product\/yoast-seo-premium-wordpress\/ -->\n<title>83 procent av eldistributionsn\u00e4tet \u00e4r m\u00e4ttat - Svenska Magasinet<\/title>\n<meta name=\"robots\" content=\"noindex, follow, max-snippet:-1, max-image-preview:large, max-video-preview:-1\" \/>\n<meta property=\"og:locale\" content=\"sv_SE\" \/>\n<meta property=\"og:type\" content=\"article\" \/>\n<meta property=\"og:title\" content=\"83 procent av eldistributionsn\u00e4tet \u00e4r m\u00e4ttat\" \/>\n<meta property=\"og:description\" content=\"Det spanska eln\u00e4tet har debatterats i flera m\u00e5nader inte minst efter landets historiska str\u00f6mavbrottet 28 april. Nu visar f\u00e4rska uppgifter att hela 83 procent av eldistributionsn\u00e4tet betraktas som m\u00e4ttat...\" \/>\n<meta property=\"og:url\" content=\"https:\/\/lightweb.dev\/l\/svm-temp\/nyheter\/83-procent-av-eldistributionsnatet-ar-mattat\/\" \/>\n<meta property=\"og:site_name\" content=\"Svenska Magasinet\" \/>\n<meta property=\"article:publisher\" content=\"https:\/\/www.facebook.com\/svenskamagasinet\" \/>\n<meta property=\"article:published_time\" content=\"2025-09-09T08:32:39+00:00\" \/>\n<meta property=\"og:image\" content=\"https:\/\/lightweb.dev\/l\/svm-temp\/wp-content\/uploads\/2025\/06\/svm20250618080846.webp\" \/>\n\t<meta property=\"og:image:width\" content=\"900\" \/>\n\t<meta property=\"og:image:height\" content=\"400\" \/>\n\t<meta property=\"og:image:type\" content=\"image\/webp\" \/>\n<meta name=\"author\" content=\"Ola Josefsson\" \/>\n<meta name=\"twitter:card\" content=\"summary_large_image\" \/>\n<meta name=\"twitter:creator\" content=\"@SvenskaMagasine\" \/>\n<meta name=\"twitter:site\" content=\"@SvenskaMagasine\" \/>\n<script type=\"application\/ld+json\" class=\"yoast-schema-graph\">{\"@context\":\"https:\\\/\\\/schema.org\",\"@graph\":[{\"@type\":\"Article\",\"@id\":\"https:\\\/\\\/lightweb.dev\\\/l\\\/svm-temp\\\/nyheter\\\/83-procent-av-eldistributionsnatet-ar-mattat\\\/#article\",\"isPartOf\":{\"@id\":\"https:\\\/\\\/lightweb.dev\\\/l\\\/svm-temp\\\/nyheter\\\/83-procent-av-eldistributionsnatet-ar-mattat\\\/\"},\"author\":{\"name\":\"Ola Josefsson\",\"@id\":\"https:\\\/\\\/lightweb.dev\\\/l\\\/svm-temp\\\/#\\\/schema\\\/person\\\/7a82b8a73d171d32360a564b6d03508e\"},\"headline\":\"83 procent av eldistributionsn\u00e4tet \u00e4r m\u00e4ttat\",\"datePublished\":\"2025-09-09T08:32:39+00:00\",\"mainEntityOfPage\":{\"@id\":\"https:\\\/\\\/lightweb.dev\\\/l\\\/svm-temp\\\/nyheter\\\/83-procent-av-eldistributionsnatet-ar-mattat\\\/\"},\"wordCount\":244,\"publisher\":{\"@id\":\"https:\\\/\\\/lightweb.dev\\\/l\\\/svm-temp\\\/#organization\"},\"image\":{\"@id\":\"https:\\\/\\\/lightweb.dev\\\/l\\\/svm-temp\\\/nyheter\\\/83-procent-av-eldistributionsnatet-ar-mattat\\\/#primaryimage\"},\"thumbnailUrl\":\"https:\\\/\\\/lightweb.dev\\\/l\\\/svm-temp\\\/wp-content\\\/uploads\\\/2025\\\/06\\\/svm20250618080846.webp\",\"articleSection\":[\"Inrikes\",\"Nyheter\"],\"inLanguage\":\"sv-SE\"},{\"@type\":\"WebPage\",\"@id\":\"https:\\\/\\\/lightweb.dev\\\/l\\\/svm-temp\\\/nyheter\\\/83-procent-av-eldistributionsnatet-ar-mattat\\\/\",\"url\":\"https:\\\/\\\/lightweb.dev\\\/l\\\/svm-temp\\\/nyheter\\\/83-procent-av-eldistributionsnatet-ar-mattat\\\/\",\"name\":\"83 procent av eldistributionsn\u00e4tet \u00e4r m\u00e4ttat - Svenska Magasinet\",\"isPartOf\":{\"@id\":\"https:\\\/\\\/lightweb.dev\\\/l\\\/svm-temp\\\/#website\"},\"primaryImageOfPage\":{\"@id\":\"https:\\\/\\\/lightweb.dev\\\/l\\\/svm-temp\\\/nyheter\\\/83-procent-av-eldistributionsnatet-ar-mattat\\\/#primaryimage\"},\"image\":{\"@id\":\"https:\\\/\\\/lightweb.dev\\\/l\\\/svm-temp\\\/nyheter\\\/83-procent-av-eldistributionsnatet-ar-mattat\\\/#primaryimage\"},\"thumbnailUrl\":\"https:\\\/\\\/lightweb.dev\\\/l\\\/svm-temp\\\/wp-content\\\/uploads\\\/2025\\\/06\\\/svm20250618080846.webp\",\"datePublished\":\"2025-09-09T08:32:39+00:00\",\"breadcrumb\":{\"@id\":\"https:\\\/\\\/lightweb.dev\\\/l\\\/svm-temp\\\/nyheter\\\/83-procent-av-eldistributionsnatet-ar-mattat\\\/#breadcrumb\"},\"inLanguage\":\"sv-SE\",\"potentialAction\":[{\"@type\":\"ReadAction\",\"target\":[\"https:\\\/\\\/lightweb.dev\\\/l\\\/svm-temp\\\/nyheter\\\/83-procent-av-eldistributionsnatet-ar-mattat\\\/\"]}]},{\"@type\":\"ImageObject\",\"inLanguage\":\"sv-SE\",\"@id\":\"https:\\\/\\\/lightweb.dev\\\/l\\\/svm-temp\\\/nyheter\\\/83-procent-av-eldistributionsnatet-ar-mattat\\\/#primaryimage\",\"url\":\"https:\\\/\\\/lightweb.dev\\\/l\\\/svm-temp\\\/wp-content\\\/uploads\\\/2025\\\/06\\\/svm20250618080846.webp\",\"contentUrl\":\"https:\\\/\\\/lightweb.dev\\\/l\\\/svm-temp\\\/wp-content\\\/uploads\\\/2025\\\/06\\\/svm20250618080846.webp\",\"width\":900,\"height\":400},{\"@type\":\"BreadcrumbList\",\"@id\":\"https:\\\/\\\/lightweb.dev\\\/l\\\/svm-temp\\\/nyheter\\\/83-procent-av-eldistributionsnatet-ar-mattat\\\/#breadcrumb\",\"itemListElement\":[{\"@type\":\"ListItem\",\"position\":1,\"name\":\"Hem\",\"item\":\"https:\\\/\\\/lightweb.dev\\\/l\\\/svm-temp\\\/\"},{\"@type\":\"ListItem\",\"position\":2,\"name\":\"83 procent av eldistributionsn\u00e4tet \u00e4r m\u00e4ttat\"}]},{\"@type\":\"WebSite\",\"@id\":\"https:\\\/\\\/lightweb.dev\\\/l\\\/svm-temp\\\/#website\",\"url\":\"https:\\\/\\\/lightweb.dev\\\/l\\\/svm-temp\\\/\",\"name\":\"Svenska Magasinet\",\"description\":\"Dina Spanska nyheter p&aring; Svenska\",\"publisher\":{\"@id\":\"https:\\\/\\\/lightweb.dev\\\/l\\\/svm-temp\\\/#organization\"},\"potentialAction\":[{\"@type\":\"SearchAction\",\"target\":{\"@type\":\"EntryPoint\",\"urlTemplate\":\"https:\\\/\\\/lightweb.dev\\\/l\\\/svm-temp\\\/?s={search_term_string}\"},\"query-input\":{\"@type\":\"PropertyValueSpecification\",\"valueRequired\":true,\"valueName\":\"search_term_string\"}}],\"inLanguage\":\"sv-SE\"},{\"@type\":\"Organization\",\"@id\":\"https:\\\/\\\/lightweb.dev\\\/l\\\/svm-temp\\\/#organization\",\"name\":\"Melkerson y Nott SL\",\"alternateName\":\"Svenska Magasinet\",\"url\":\"https:\\\/\\\/lightweb.dev\\\/l\\\/svm-temp\\\/\",\"logo\":{\"@type\":\"ImageObject\",\"inLanguage\":\"sv-SE\",\"@id\":\"https:\\\/\\\/lightweb.dev\\\/l\\\/svm-temp\\\/#\\\/schema\\\/logo\\\/image\\\/\",\"url\":\"https:\\\/\\\/lightweb.dev\\\/l\\\/svm-temp\\\/wp-content\\\/uploads\\\/2025\\\/02\\\/SvM-logo-Xtra-Centrerad-SVART.png\",\"contentUrl\":\"https:\\\/\\\/lightweb.dev\\\/l\\\/svm-temp\\\/wp-content\\\/uploads\\\/2025\\\/02\\\/SvM-logo-Xtra-Centrerad-SVART.png\",\"width\":300,\"height\":99,\"caption\":\"Melkerson y Nott SL\"},\"image\":{\"@id\":\"https:\\\/\\\/lightweb.dev\\\/l\\\/svm-temp\\\/#\\\/schema\\\/logo\\\/image\\\/\"},\"sameAs\":[\"https:\\\/\\\/www.facebook.com\\\/svenskamagasinet\",\"https:\\\/\\\/x.com\\\/SvenskaMagasine\"]},{\"@type\":\"Person\",\"@id\":\"https:\\\/\\\/lightweb.dev\\\/l\\\/svm-temp\\\/#\\\/schema\\\/person\\\/7a82b8a73d171d32360a564b6d03508e\",\"name\":\"Ola Josefsson\",\"description\":\"Bevakar Solkusten och Spanien sedan 1994.\",\"sameAs\":[\"https:\\\/\\\/lightweb.dev\\\/l\\\/svm-temp\"],\"url\":\"https:\\\/\\\/lightweb.dev\\\/l\\\/svm-temp\\\/reporter\\\/ola-josefsson\\\/\"}]}<\/script>\n<!-- \/ Yoast SEO Premium plugin. -->","yoast_head_json":{"title":"83 procent av eldistributionsn\u00e4tet \u00e4r m\u00e4ttat - Svenska Magasinet","robots":{"index":"noindex","follow":"follow","max-snippet":"max-snippet:-1","max-image-preview":"max-image-preview:large","max-video-preview":"max-video-preview:-1"},"og_locale":"sv_SE","og_type":"article","og_title":"83 procent av eldistributionsn\u00e4tet \u00e4r m\u00e4ttat","og_description":"Det spanska eln\u00e4tet har debatterats i flera m\u00e5nader inte minst efter landets historiska str\u00f6mavbrottet 28 april. Nu visar f\u00e4rska uppgifter att hela 83 procent av eldistributionsn\u00e4tet betraktas som m\u00e4ttat...","og_url":"https:\/\/lightweb.dev\/l\/svm-temp\/nyheter\/83-procent-av-eldistributionsnatet-ar-mattat\/","og_site_name":"Svenska Magasinet","article_publisher":"https:\/\/www.facebook.com\/svenskamagasinet","article_published_time":"2025-09-09T08:32:39+00:00","og_image":[{"width":900,"height":400,"url":"https:\/\/lightweb.dev\/l\/svm-temp\/wp-content\/uploads\/2025\/06\/svm20250618080846.webp","type":"image\/webp"}],"author":"Ola Josefsson","twitter_card":"summary_large_image","twitter_creator":"@SvenskaMagasine","twitter_site":"@SvenskaMagasine","schema":{"@context":"https:\/\/schema.org","@graph":[{"@type":"Article","@id":"https:\/\/lightweb.dev\/l\/svm-temp\/nyheter\/83-procent-av-eldistributionsnatet-ar-mattat\/#article","isPartOf":{"@id":"https:\/\/lightweb.dev\/l\/svm-temp\/nyheter\/83-procent-av-eldistributionsnatet-ar-mattat\/"},"author":{"name":"Ola Josefsson","@id":"https:\/\/lightweb.dev\/l\/svm-temp\/#\/schema\/person\/7a82b8a73d171d32360a564b6d03508e"},"headline":"83 procent av eldistributionsn\u00e4tet \u00e4r m\u00e4ttat","datePublished":"2025-09-09T08:32:39+00:00","mainEntityOfPage":{"@id":"https:\/\/lightweb.dev\/l\/svm-temp\/nyheter\/83-procent-av-eldistributionsnatet-ar-mattat\/"},"wordCount":244,"publisher":{"@id":"https:\/\/lightweb.dev\/l\/svm-temp\/#organization"},"image":{"@id":"https:\/\/lightweb.dev\/l\/svm-temp\/nyheter\/83-procent-av-eldistributionsnatet-ar-mattat\/#primaryimage"},"thumbnailUrl":"https:\/\/lightweb.dev\/l\/svm-temp\/wp-content\/uploads\/2025\/06\/svm20250618080846.webp","articleSection":["Inrikes","Nyheter"],"inLanguage":"sv-SE"},{"@type":"WebPage","@id":"https:\/\/lightweb.dev\/l\/svm-temp\/nyheter\/83-procent-av-eldistributionsnatet-ar-mattat\/","url":"https:\/\/lightweb.dev\/l\/svm-temp\/nyheter\/83-procent-av-eldistributionsnatet-ar-mattat\/","name":"83 procent av eldistributionsn\u00e4tet \u00e4r m\u00e4ttat - Svenska Magasinet","isPartOf":{"@id":"https:\/\/lightweb.dev\/l\/svm-temp\/#website"},"primaryImageOfPage":{"@id":"https:\/\/lightweb.dev\/l\/svm-temp\/nyheter\/83-procent-av-eldistributionsnatet-ar-mattat\/#primaryimage"},"image":{"@id":"https:\/\/lightweb.dev\/l\/svm-temp\/nyheter\/83-procent-av-eldistributionsnatet-ar-mattat\/#primaryimage"},"thumbnailUrl":"https:\/\/lightweb.dev\/l\/svm-temp\/wp-content\/uploads\/2025\/06\/svm20250618080846.webp","datePublished":"2025-09-09T08:32:39+00:00","breadcrumb":{"@id":"https:\/\/lightweb.dev\/l\/svm-temp\/nyheter\/83-procent-av-eldistributionsnatet-ar-mattat\/#breadcrumb"},"inLanguage":"sv-SE","potentialAction":[{"@type":"ReadAction","target":["https:\/\/lightweb.dev\/l\/svm-temp\/nyheter\/83-procent-av-eldistributionsnatet-ar-mattat\/"]}]},{"@type":"ImageObject","inLanguage":"sv-SE","@id":"https:\/\/lightweb.dev\/l\/svm-temp\/nyheter\/83-procent-av-eldistributionsnatet-ar-mattat\/#primaryimage","url":"https:\/\/lightweb.dev\/l\/svm-temp\/wp-content\/uploads\/2025\/06\/svm20250618080846.webp","contentUrl":"https:\/\/lightweb.dev\/l\/svm-temp\/wp-content\/uploads\/2025\/06\/svm20250618080846.webp","width":900,"height":400},{"@type":"BreadcrumbList","@id":"https:\/\/lightweb.dev\/l\/svm-temp\/nyheter\/83-procent-av-eldistributionsnatet-ar-mattat\/#breadcrumb","itemListElement":[{"@type":"ListItem","position":1,"name":"Hem","item":"https:\/\/lightweb.dev\/l\/svm-temp\/"},{"@type":"ListItem","position":2,"name":"83 procent av eldistributionsn\u00e4tet \u00e4r m\u00e4ttat"}]},{"@type":"WebSite","@id":"https:\/\/lightweb.dev\/l\/svm-temp\/#website","url":"https:\/\/lightweb.dev\/l\/svm-temp\/","name":"Svenska Magasinet","description":"Dina Spanska nyheter p&aring; Svenska","publisher":{"@id":"https:\/\/lightweb.dev\/l\/svm-temp\/#organization"},"potentialAction":[{"@type":"SearchAction","target":{"@type":"EntryPoint","urlTemplate":"https:\/\/lightweb.dev\/l\/svm-temp\/?s={search_term_string}"},"query-input":{"@type":"PropertyValueSpecification","valueRequired":true,"valueName":"search_term_string"}}],"inLanguage":"sv-SE"},{"@type":"Organization","@id":"https:\/\/lightweb.dev\/l\/svm-temp\/#organization","name":"Melkerson y Nott SL","alternateName":"Svenska Magasinet","url":"https:\/\/lightweb.dev\/l\/svm-temp\/","logo":{"@type":"ImageObject","inLanguage":"sv-SE","@id":"https:\/\/lightweb.dev\/l\/svm-temp\/#\/schema\/logo\/image\/","url":"https:\/\/lightweb.dev\/l\/svm-temp\/wp-content\/uploads\/2025\/02\/SvM-logo-Xtra-Centrerad-SVART.png","contentUrl":"https:\/\/lightweb.dev\/l\/svm-temp\/wp-content\/uploads\/2025\/02\/SvM-logo-Xtra-Centrerad-SVART.png","width":300,"height":99,"caption":"Melkerson y Nott SL"},"image":{"@id":"https:\/\/lightweb.dev\/l\/svm-temp\/#\/schema\/logo\/image\/"},"sameAs":["https:\/\/www.facebook.com\/svenskamagasinet","https:\/\/x.com\/SvenskaMagasine"]},{"@type":"Person","@id":"https:\/\/lightweb.dev\/l\/svm-temp\/#\/schema\/person\/7a82b8a73d171d32360a564b6d03508e","name":"Ola Josefsson","description":"Bevakar Solkusten och Spanien sedan 1994.","sameAs":["https:\/\/lightweb.dev\/l\/svm-temp"],"url":"https:\/\/lightweb.dev\/l\/svm-temp\/reporter\/ola-josefsson\/"}]}},"_links":{"self":[{"href":"https:\/\/lightweb.dev\/l\/svm-temp\/wp-json\/wp\/v2\/posts\/84461","targetHints":{"allow":["GET"]}}],"collection":[{"href":"https:\/\/lightweb.dev\/l\/svm-temp\/wp-json\/wp\/v2\/posts"}],"about":[{"href":"https:\/\/lightweb.dev\/l\/svm-temp\/wp-json\/wp\/v2\/types\/post"}],"author":[{"embeddable":true,"href":"https:\/\/lightweb.dev\/l\/svm-temp\/wp-json\/wp\/v2\/users\/7"}],"replies":[{"embeddable":true,"href":"https:\/\/lightweb.dev\/l\/svm-temp\/wp-json\/wp\/v2\/comments?post=84461"}],"version-history":[{"count":0,"href":"https:\/\/lightweb.dev\/l\/svm-temp\/wp-json\/wp\/v2\/posts\/84461\/revisions"}],"wp:featuredmedia":[{"embeddable":true,"href":"https:\/\/lightweb.dev\/l\/svm-temp\/wp-json\/wp\/v2\/media\/82736"}],"wp:attachment":[{"href":"https:\/\/lightweb.dev\/l\/svm-temp\/wp-json\/wp\/v2\/media?parent=84461"}],"wp:term":[{"taxonomy":"category","embeddable":true,"href":"https:\/\/lightweb.dev\/l\/svm-temp\/wp-json\/wp\/v2\/categories?post=84461"},{"taxonomy":"post_tag","embeddable":true,"href":"https:\/\/lightweb.dev\/l\/svm-temp\/wp-json\/wp\/v2\/tags?post=84461"}],"curies":[{"name":"wp","href":"https:\/\/api.w.org\/{rel}","templated":true}]}}