{"id":84489,"date":"2025-09-24T17:30:50","date_gmt":"2025-09-24T15:30:50","guid":{"rendered":"https:\/\/lightweb.dev\/l\/svm-temp\/?p=84489"},"modified":"2025-09-25T22:39:36","modified_gmt":"2025-09-25T20:39:36","slug":"kulturer-mots-over-en-kopp-kaffe","status":"publish","type":"post","link":"https:\/\/lightweb.dev\/l\/svm-temp\/artiklar\/kulturer-mots-over-en-kopp-kaffe\/","title":{"rendered":"Kulturer m\u00f6ts \u00f6ver en kopp kaffe!"},"content":{"rendered":"<p><strong>Eftersom det h\u00e4r \u00e4r f\u00f6rsta g\u00e5ngen vi skriver i Svenska Magasinet t\u00e4nkte vi b\u00f6rja med en liten presentation.<\/strong><\/p>\n<p>Nacho \u00e4r en \u00e4kta malague\u00f1o \u2013 f\u00f6dd och uppvuxen i soliga M\u00e1laga. Sedan 2013 driver han f\u00f6retaget M&amp;G Consulting tillsammans med sin fru Esperanza. De har tv\u00e5 vuxna barn: Nacho Jr (25) och Lola (21). Han har dessutom hunnit bo i Holland, Tyskland och \u2013 tro det eller ej \u2013 hela familjen bodde faktiskt i Sverige ett \u00e5r n\u00e4r barnen var sm\u00e5. Spr\u00e5k \u00e4r inget stort problem f\u00f6r honom: spanska, svenska, engelska och tysk.<\/p>\n<p>Anne d\u00e4remot kommer fr\u00e5n kalla Sverige. Hon har bott i USA i sju \u00e5r, testat p\u00e5 Italien, England och Tyskland, men har sedan 1993 haft sitt hem i Marbella. D\u00e4r driver hon spr\u00e5kskolan The Language Centre sedan 1997och undervisar i spanska, engelska och svenska. Hon har tv\u00e5 d\u00f6ttrar, Emelie (27) och Nathalie (23), som \u00e4r riktiga Marbella-barn.<\/p>\n<p>Vi tr\u00e4ffades f\u00f6r 20 \u00e5r sedan n\u00e4r Nacho b\u00f6rjade plugga svenska hos Anne. Sedan dess har vi brunnit f\u00f6r m\u00f6tet mellan v\u00e5ra tv\u00e5 l\u00e4nder \u2013 Sverige och Spanien \u2013 och allt vad integration och kulturutbyten inneb\u00e4r.<\/p>\n<p>Och aprop\u00e5 kulturkrockar, l\u00e5t oss prata om n\u00e5got som \u00e4r sv\u00e5rt att anpassa sig till; nya rutiner!<\/p>\n<p>I Spanien kan en idealdag se ut s\u00e5 h\u00e4r: kaffe hemma kl. 8, frukost vid 10, lunch vid 14, kanske en liten powernap, sedan jobb igen till 20, och middag runt 22 \u2013 ofta n\u00e5got l\u00e4tt som en omelett. Det l\u00e5ter h\u00e4rligt, eller hur?<\/p>\n<p>Men n\u00e4r Nacho flyttade till Sverige blev det snabbt klart att svenskar k\u00f6r p\u00e5 ett helt annat system. Redan f\u00f6rsta dagen kom barnen hem fr\u00e5n skolan och vr\u00e5lade av hunger. Lunch kl. 11.30! F\u00f6r dem k\u00e4ndes det som frukost nummer tv\u00e5 \u2013 dagen innan hade de ju \u00e4tit lunch vid 15 i M\u00e1laga! Men snart kom de in i rytmen.<\/p>\n<p>Samma sak h\u00e4nde n\u00e4r Nacho bokade m\u00f6te med en advokat kl. 11.30 i Sverige. Advokaten best\u00e4llde lunch \u2013 Nacho kunde knappt t\u00e4nka p\u00e5 mer \u00e4n en kaffe och en bulle. Men \u00e4ven han l\u00e4rde sig s\u00e5 sm\u00e5ningom att i Sverige \u00e4r lunchen inte dagens heliga huvudm\u00e5l.<\/p>\n<p>Kaffekulturen var en annan chock. I Sverige kan du bli erbjuden kaffe n\u00e4r som helst p\u00e5 dygnet \u2013 08.00, 11.30, 13.00, 15.00\u2026 alltid kaffe! I Spanien finns mer \u201coskrivna regler\u201d om n\u00e4r kaffe passar (innan 12 och kanske 16-18). Idag \u00e4r Nacho proffs p\u00e5 att bjuda sina svenska kunder p\u00e5 kaffe \u2013 vilken tid som helst, f\u00f6r s\u00e4kerhets skull.<\/p>\n<p>Telefonvanorna \u00e4r ocks\u00e5 en kul skillnad. I Spanien ringer man aldrig n\u00e5gon mellan\u00a0 14:30\u201316.00 (helig lunchtid). Men svenska kunder ringer g\u00e4rna precis d\u00e5, medan spanska kunder hellre ringer fram till 21. Resultatet? V\u00e4ldigt l\u00e5nga dagar. Som tur \u00e4r finns WhatsApp nuf\u00f6rtiden som g\u00f6r allt lite mer flexibelt.<\/p>\n<p>Anne uppt\u00e4ckte ocks\u00e5 tidigt att \u201csvensk lunchtid\u201d var om\u00f6jlig att flytta p\u00e5. N\u00e4r hon jobbade p\u00e5 Svenska skolan i Marbella f\u00f6rs\u00f6kte hon f\u00e5 eleverna att \u00e4ta senare \u00e4n 12, men det gick inte igenom. Problemet? N\u00e4r de sedan gick ut med familjen p\u00e5 helgerna f\u00f6r att \u00e4ta lunch, blev det alltid f\u00f6r tidigt f\u00f6r att kunna delta i den spanska kulturen \u2013 restaurangerna var tomma eller fyllda med andra utl\u00e4nningar, och den spanska l\u00e5nglunchen missades helt.<\/p>\n<p>En annan \u201dkrock\u201d som Anne uppt\u00e4ckte n\u00e4r hon tog med sina vuxna elever p\u00e5 en vandring i bergen, spanjorer och svenskar var att n\u00e4r de v\u00e4l kom till restaurangen och fick v\u00e4nta lite i baren p\u00e5 sitt bord b\u00f6rjade svenskarna best\u00e4lla \u00f6l och tapas som om det var sista m\u00e5ltiden p\u00e5 jorden. N\u00e4r lunchen v\u00e4l serverades var de redan m\u00e4tta \u2013 medan spanjorerna, som bara tagit en liten aptitretare och en \u00f6l, var redo att inta lunchen som f\u00f6r dem \u00e4r huvudm\u00e5let i Spanien.<\/p>\n<p>R\u00e4nderna g\u00e5r aldrig riktigt ur, till och med idag k\u00e4nner Anne sig lite \u201cbusig\u201d n\u00e4r hon g\u00e5r och handlar kl. 21 p\u00e5 kv\u00e4llen. En svensk skulle ju aldrig f\u00e5 f\u00f6r sig att utr\u00e4tta \u00e4renden s\u00e5 sent \u2013 men i Spanien \u00e4r det helt normalt.<\/p>\n<h2>S\u00e5, vad har vi l\u00e4rt oss?<\/h2>\n<p>Jo, att rutiner \u00e4r n\u00e5got av det sv\u00e5raste att anpassa sig till. Men ocks\u00e5 det roligaste \u2013 f\u00f6r det \u00e4r d\u00e4r kulturm\u00f6tena blir som mest levande.<\/p>\n<p class=\"p1\">Nos vemos!<\/p>\n<p class=\"p1\">Nacho &amp; Ann<\/p>\n","protected":false},"excerpt":{"rendered":"<p>Eftersom det h\u00e4r \u00e4r f\u00f6rsta g\u00e5ngen vi skriver i Svenska Magasinet t\u00e4nkte vi b\u00f6rja med en liten presentation&#8230;. <\/p>\n","protected":false},"author":8,"featured_media":84813,"comment_status":"closed","ping_status":"closed","sticky":false,"template":"","format":"standard","meta":{"_et_pb_use_builder":"","_et_pb_old_content":"","_et_gb_content_width":"","footnotes":""},"categories":[396,4],"tags":[],"class_list":["post-84489","post","type-post","status-publish","format-standard","has-post-thumbnail","hentry","category-arkiv-artiklar","category-artiklar"],"yoast_head":"<!-- This site is optimized with the Yoast SEO Premium plugin v26.2 (Yoast SEO v28.2) - https:\/\/yoast.com\/product\/yoast-seo-premium-wordpress\/ -->\n<title>Kulturer m\u00f6ts \u00f6ver en kopp kaffe! - Svenska Magasinet<\/title>\n<meta name=\"robots\" content=\"noindex, follow, max-snippet:-1, max-image-preview:large, max-video-preview:-1\" \/>\n<meta property=\"og:locale\" content=\"sv_SE\" \/>\n<meta property=\"og:type\" content=\"article\" \/>\n<meta property=\"og:title\" content=\"Kulturer m\u00f6ts \u00f6ver en kopp kaffe!\" \/>\n<meta property=\"og:description\" content=\"Eftersom det h\u00e4r \u00e4r f\u00f6rsta g\u00e5ngen vi skriver i Svenska Magasinet t\u00e4nkte vi b\u00f6rja med en liten presentation....\" \/>\n<meta property=\"og:url\" content=\"https:\/\/lightweb.dev\/l\/svm-temp\/artiklar\/kulturer-mots-over-en-kopp-kaffe\/\" \/>\n<meta property=\"og:site_name\" content=\"Svenska Magasinet\" \/>\n<meta property=\"article:publisher\" content=\"https:\/\/www.facebook.com\/svenskamagasinet\" \/>\n<meta property=\"article:published_time\" content=\"2025-09-24T15:30:50+00:00\" \/>\n<meta property=\"article:modified_time\" content=\"2025-09-25T20:39:36+00:00\" \/>\n<meta property=\"og:image\" content=\"https:\/\/lightweb.dev\/l\/svm-temp\/wp-content\/uploads\/2025\/09\/svm20250925111439.webp\" \/>\n\t<meta property=\"og:image:width\" content=\"900\" \/>\n\t<meta property=\"og:image:height\" content=\"400\" \/>\n\t<meta property=\"og:image:type\" content=\"image\/webp\" \/>\n<meta name=\"author\" content=\"Redaktionen SvM\" \/>\n<meta name=\"twitter:card\" content=\"summary_large_image\" \/>\n<meta name=\"twitter:creator\" content=\"@SvenskaMagasine\" \/>\n<meta name=\"twitter:site\" content=\"@SvenskaMagasine\" \/>\n<script type=\"application\/ld+json\" class=\"yoast-schema-graph\">{\"@context\":\"https:\\\/\\\/schema.org\",\"@graph\":[{\"@type\":\"Article\",\"@id\":\"https:\\\/\\\/lightweb.dev\\\/l\\\/svm-temp\\\/artiklar\\\/kulturer-mots-over-en-kopp-kaffe\\\/#article\",\"isPartOf\":{\"@id\":\"https:\\\/\\\/lightweb.dev\\\/l\\\/svm-temp\\\/artiklar\\\/kulturer-mots-over-en-kopp-kaffe\\\/\"},\"author\":{\"name\":\"Redaktionen SvM\",\"@id\":\"https:\\\/\\\/lightweb.dev\\\/l\\\/svm-temp\\\/#\\\/schema\\\/person\\\/206a3bda5b607b0c25e1749191e4d837\"},\"headline\":\"Kulturer m\u00f6ts \u00f6ver en kopp kaffe!\",\"datePublished\":\"2025-09-24T15:30:50+00:00\",\"dateModified\":\"2025-09-25T20:39:36+00:00\",\"mainEntityOfPage\":{\"@id\":\"https:\\\/\\\/lightweb.dev\\\/l\\\/svm-temp\\\/artiklar\\\/kulturer-mots-over-en-kopp-kaffe\\\/\"},\"wordCount\":768,\"publisher\":{\"@id\":\"https:\\\/\\\/lightweb.dev\\\/l\\\/svm-temp\\\/#organization\"},\"image\":{\"@id\":\"https:\\\/\\\/lightweb.dev\\\/l\\\/svm-temp\\\/artiklar\\\/kulturer-mots-over-en-kopp-kaffe\\\/#primaryimage\"},\"thumbnailUrl\":\"https:\\\/\\\/lightweb.dev\\\/l\\\/svm-temp\\\/wp-content\\\/uploads\\\/2025\\\/09\\\/svm20250925111439.webp\",\"articleSection\":[\"Arkiv\",\"Artiklar\"],\"inLanguage\":\"sv-SE\"},{\"@type\":\"WebPage\",\"@id\":\"https:\\\/\\\/lightweb.dev\\\/l\\\/svm-temp\\\/artiklar\\\/kulturer-mots-over-en-kopp-kaffe\\\/\",\"url\":\"https:\\\/\\\/lightweb.dev\\\/l\\\/svm-temp\\\/artiklar\\\/kulturer-mots-over-en-kopp-kaffe\\\/\",\"name\":\"Kulturer m\u00f6ts \u00f6ver en kopp kaffe! - Svenska Magasinet\",\"isPartOf\":{\"@id\":\"https:\\\/\\\/lightweb.dev\\\/l\\\/svm-temp\\\/#website\"},\"primaryImageOfPage\":{\"@id\":\"https:\\\/\\\/lightweb.dev\\\/l\\\/svm-temp\\\/artiklar\\\/kulturer-mots-over-en-kopp-kaffe\\\/#primaryimage\"},\"image\":{\"@id\":\"https:\\\/\\\/lightweb.dev\\\/l\\\/svm-temp\\\/artiklar\\\/kulturer-mots-over-en-kopp-kaffe\\\/#primaryimage\"},\"thumbnailUrl\":\"https:\\\/\\\/lightweb.dev\\\/l\\\/svm-temp\\\/wp-content\\\/uploads\\\/2025\\\/09\\\/svm20250925111439.webp\",\"datePublished\":\"2025-09-24T15:30:50+00:00\",\"dateModified\":\"2025-09-25T20:39:36+00:00\",\"breadcrumb\":{\"@id\":\"https:\\\/\\\/lightweb.dev\\\/l\\\/svm-temp\\\/artiklar\\\/kulturer-mots-over-en-kopp-kaffe\\\/#breadcrumb\"},\"inLanguage\":\"sv-SE\",\"potentialAction\":[{\"@type\":\"ReadAction\",\"target\":[\"https:\\\/\\\/lightweb.dev\\\/l\\\/svm-temp\\\/artiklar\\\/kulturer-mots-over-en-kopp-kaffe\\\/\"]}]},{\"@type\":\"ImageObject\",\"inLanguage\":\"sv-SE\",\"@id\":\"https:\\\/\\\/lightweb.dev\\\/l\\\/svm-temp\\\/artiklar\\\/kulturer-mots-over-en-kopp-kaffe\\\/#primaryimage\",\"url\":\"https:\\\/\\\/lightweb.dev\\\/l\\\/svm-temp\\\/wp-content\\\/uploads\\\/2025\\\/09\\\/svm20250925111439.webp\",\"contentUrl\":\"https:\\\/\\\/lightweb.dev\\\/l\\\/svm-temp\\\/wp-content\\\/uploads\\\/2025\\\/09\\\/svm20250925111439.webp\",\"width\":900,\"height\":400},{\"@type\":\"BreadcrumbList\",\"@id\":\"https:\\\/\\\/lightweb.dev\\\/l\\\/svm-temp\\\/artiklar\\\/kulturer-mots-over-en-kopp-kaffe\\\/#breadcrumb\",\"itemListElement\":[{\"@type\":\"ListItem\",\"position\":1,\"name\":\"Hem\",\"item\":\"https:\\\/\\\/lightweb.dev\\\/l\\\/svm-temp\\\/\"},{\"@type\":\"ListItem\",\"position\":2,\"name\":\"Kulturer m\u00f6ts \u00f6ver en kopp kaffe!\"}]},{\"@type\":\"WebSite\",\"@id\":\"https:\\\/\\\/lightweb.dev\\\/l\\\/svm-temp\\\/#website\",\"url\":\"https:\\\/\\\/lightweb.dev\\\/l\\\/svm-temp\\\/\",\"name\":\"Svenska Magasinet\",\"description\":\"Dina Spanska nyheter p&aring; Svenska\",\"publisher\":{\"@id\":\"https:\\\/\\\/lightweb.dev\\\/l\\\/svm-temp\\\/#organization\"},\"potentialAction\":[{\"@type\":\"SearchAction\",\"target\":{\"@type\":\"EntryPoint\",\"urlTemplate\":\"https:\\\/\\\/lightweb.dev\\\/l\\\/svm-temp\\\/?s={search_term_string}\"},\"query-input\":{\"@type\":\"PropertyValueSpecification\",\"valueRequired\":true,\"valueName\":\"search_term_string\"}}],\"inLanguage\":\"sv-SE\"},{\"@type\":\"Organization\",\"@id\":\"https:\\\/\\\/lightweb.dev\\\/l\\\/svm-temp\\\/#organization\",\"name\":\"Melkerson y Nott SL\",\"alternateName\":\"Svenska Magasinet\",\"url\":\"https:\\\/\\\/lightweb.dev\\\/l\\\/svm-temp\\\/\",\"logo\":{\"@type\":\"ImageObject\",\"inLanguage\":\"sv-SE\",\"@id\":\"https:\\\/\\\/lightweb.dev\\\/l\\\/svm-temp\\\/#\\\/schema\\\/logo\\\/image\\\/\",\"url\":\"https:\\\/\\\/lightweb.dev\\\/l\\\/svm-temp\\\/wp-content\\\/uploads\\\/2025\\\/02\\\/SvM-logo-Xtra-Centrerad-SVART.png\",\"contentUrl\":\"https:\\\/\\\/lightweb.dev\\\/l\\\/svm-temp\\\/wp-content\\\/uploads\\\/2025\\\/02\\\/SvM-logo-Xtra-Centrerad-SVART.png\",\"width\":300,\"height\":99,\"caption\":\"Melkerson y Nott SL\"},\"image\":{\"@id\":\"https:\\\/\\\/lightweb.dev\\\/l\\\/svm-temp\\\/#\\\/schema\\\/logo\\\/image\\\/\"},\"sameAs\":[\"https:\\\/\\\/www.facebook.com\\\/svenskamagasinet\",\"https:\\\/\\\/x.com\\\/SvenskaMagasine\"]},{\"@type\":\"Person\",\"@id\":\"https:\\\/\\\/lightweb.dev\\\/l\\\/svm-temp\\\/#\\\/schema\\\/person\\\/206a3bda5b607b0c25e1749191e4d837\",\"name\":\"Redaktionen SvM\",\"description\":\"Redaktionen\",\"sameAs\":[\"https:\\\/\\\/lightweb.dev\\\/l\\\/svm-temp\"],\"url\":\"https:\\\/\\\/lightweb.dev\\\/l\\\/svm-temp\\\/reporter\\\/redaktionen\\\/\"}]}<\/script>\n<!-- \/ Yoast SEO Premium plugin. -->","yoast_head_json":{"title":"Kulturer m\u00f6ts \u00f6ver en kopp kaffe! - Svenska Magasinet","robots":{"index":"noindex","follow":"follow","max-snippet":"max-snippet:-1","max-image-preview":"max-image-preview:large","max-video-preview":"max-video-preview:-1"},"og_locale":"sv_SE","og_type":"article","og_title":"Kulturer m\u00f6ts \u00f6ver en kopp kaffe!","og_description":"Eftersom det h\u00e4r \u00e4r f\u00f6rsta g\u00e5ngen vi skriver i Svenska Magasinet t\u00e4nkte vi b\u00f6rja med en liten presentation....","og_url":"https:\/\/lightweb.dev\/l\/svm-temp\/artiklar\/kulturer-mots-over-en-kopp-kaffe\/","og_site_name":"Svenska Magasinet","article_publisher":"https:\/\/www.facebook.com\/svenskamagasinet","article_published_time":"2025-09-24T15:30:50+00:00","article_modified_time":"2025-09-25T20:39:36+00:00","og_image":[{"width":900,"height":400,"url":"https:\/\/lightweb.dev\/l\/svm-temp\/wp-content\/uploads\/2025\/09\/svm20250925111439.webp","type":"image\/webp"}],"author":"Redaktionen SvM","twitter_card":"summary_large_image","twitter_creator":"@SvenskaMagasine","twitter_site":"@SvenskaMagasine","schema":{"@context":"https:\/\/schema.org","@graph":[{"@type":"Article","@id":"https:\/\/lightweb.dev\/l\/svm-temp\/artiklar\/kulturer-mots-over-en-kopp-kaffe\/#article","isPartOf":{"@id":"https:\/\/lightweb.dev\/l\/svm-temp\/artiklar\/kulturer-mots-over-en-kopp-kaffe\/"},"author":{"name":"Redaktionen SvM","@id":"https:\/\/lightweb.dev\/l\/svm-temp\/#\/schema\/person\/206a3bda5b607b0c25e1749191e4d837"},"headline":"Kulturer m\u00f6ts \u00f6ver en kopp kaffe!","datePublished":"2025-09-24T15:30:50+00:00","dateModified":"2025-09-25T20:39:36+00:00","mainEntityOfPage":{"@id":"https:\/\/lightweb.dev\/l\/svm-temp\/artiklar\/kulturer-mots-over-en-kopp-kaffe\/"},"wordCount":768,"publisher":{"@id":"https:\/\/lightweb.dev\/l\/svm-temp\/#organization"},"image":{"@id":"https:\/\/lightweb.dev\/l\/svm-temp\/artiklar\/kulturer-mots-over-en-kopp-kaffe\/#primaryimage"},"thumbnailUrl":"https:\/\/lightweb.dev\/l\/svm-temp\/wp-content\/uploads\/2025\/09\/svm20250925111439.webp","articleSection":["Arkiv","Artiklar"],"inLanguage":"sv-SE"},{"@type":"WebPage","@id":"https:\/\/lightweb.dev\/l\/svm-temp\/artiklar\/kulturer-mots-over-en-kopp-kaffe\/","url":"https:\/\/lightweb.dev\/l\/svm-temp\/artiklar\/kulturer-mots-over-en-kopp-kaffe\/","name":"Kulturer m\u00f6ts \u00f6ver en kopp kaffe! - Svenska Magasinet","isPartOf":{"@id":"https:\/\/lightweb.dev\/l\/svm-temp\/#website"},"primaryImageOfPage":{"@id":"https:\/\/lightweb.dev\/l\/svm-temp\/artiklar\/kulturer-mots-over-en-kopp-kaffe\/#primaryimage"},"image":{"@id":"https:\/\/lightweb.dev\/l\/svm-temp\/artiklar\/kulturer-mots-over-en-kopp-kaffe\/#primaryimage"},"thumbnailUrl":"https:\/\/lightweb.dev\/l\/svm-temp\/wp-content\/uploads\/2025\/09\/svm20250925111439.webp","datePublished":"2025-09-24T15:30:50+00:00","dateModified":"2025-09-25T20:39:36+00:00","breadcrumb":{"@id":"https:\/\/lightweb.dev\/l\/svm-temp\/artiklar\/kulturer-mots-over-en-kopp-kaffe\/#breadcrumb"},"inLanguage":"sv-SE","potentialAction":[{"@type":"ReadAction","target":["https:\/\/lightweb.dev\/l\/svm-temp\/artiklar\/kulturer-mots-over-en-kopp-kaffe\/"]}]},{"@type":"ImageObject","inLanguage":"sv-SE","@id":"https:\/\/lightweb.dev\/l\/svm-temp\/artiklar\/kulturer-mots-over-en-kopp-kaffe\/#primaryimage","url":"https:\/\/lightweb.dev\/l\/svm-temp\/wp-content\/uploads\/2025\/09\/svm20250925111439.webp","contentUrl":"https:\/\/lightweb.dev\/l\/svm-temp\/wp-content\/uploads\/2025\/09\/svm20250925111439.webp","width":900,"height":400},{"@type":"BreadcrumbList","@id":"https:\/\/lightweb.dev\/l\/svm-temp\/artiklar\/kulturer-mots-over-en-kopp-kaffe\/#breadcrumb","itemListElement":[{"@type":"ListItem","position":1,"name":"Hem","item":"https:\/\/lightweb.dev\/l\/svm-temp\/"},{"@type":"ListItem","position":2,"name":"Kulturer m\u00f6ts \u00f6ver en kopp kaffe!"}]},{"@type":"WebSite","@id":"https:\/\/lightweb.dev\/l\/svm-temp\/#website","url":"https:\/\/lightweb.dev\/l\/svm-temp\/","name":"Svenska Magasinet","description":"Dina Spanska nyheter p&aring; Svenska","publisher":{"@id":"https:\/\/lightweb.dev\/l\/svm-temp\/#organization"},"potentialAction":[{"@type":"SearchAction","target":{"@type":"EntryPoint","urlTemplate":"https:\/\/lightweb.dev\/l\/svm-temp\/?s={search_term_string}"},"query-input":{"@type":"PropertyValueSpecification","valueRequired":true,"valueName":"search_term_string"}}],"inLanguage":"sv-SE"},{"@type":"Organization","@id":"https:\/\/lightweb.dev\/l\/svm-temp\/#organization","name":"Melkerson y Nott SL","alternateName":"Svenska Magasinet","url":"https:\/\/lightweb.dev\/l\/svm-temp\/","logo":{"@type":"ImageObject","inLanguage":"sv-SE","@id":"https:\/\/lightweb.dev\/l\/svm-temp\/#\/schema\/logo\/image\/","url":"https:\/\/lightweb.dev\/l\/svm-temp\/wp-content\/uploads\/2025\/02\/SvM-logo-Xtra-Centrerad-SVART.png","contentUrl":"https:\/\/lightweb.dev\/l\/svm-temp\/wp-content\/uploads\/2025\/02\/SvM-logo-Xtra-Centrerad-SVART.png","width":300,"height":99,"caption":"Melkerson y Nott SL"},"image":{"@id":"https:\/\/lightweb.dev\/l\/svm-temp\/#\/schema\/logo\/image\/"},"sameAs":["https:\/\/www.facebook.com\/svenskamagasinet","https:\/\/x.com\/SvenskaMagasine"]},{"@type":"Person","@id":"https:\/\/lightweb.dev\/l\/svm-temp\/#\/schema\/person\/206a3bda5b607b0c25e1749191e4d837","name":"Redaktionen SvM","description":"Redaktionen","sameAs":["https:\/\/lightweb.dev\/l\/svm-temp"],"url":"https:\/\/lightweb.dev\/l\/svm-temp\/reporter\/redaktionen\/"}]}},"_links":{"self":[{"href":"https:\/\/lightweb.dev\/l\/svm-temp\/wp-json\/wp\/v2\/posts\/84489","targetHints":{"allow":["GET"]}}],"collection":[{"href":"https:\/\/lightweb.dev\/l\/svm-temp\/wp-json\/wp\/v2\/posts"}],"about":[{"href":"https:\/\/lightweb.dev\/l\/svm-temp\/wp-json\/wp\/v2\/types\/post"}],"author":[{"embeddable":true,"href":"https:\/\/lightweb.dev\/l\/svm-temp\/wp-json\/wp\/v2\/users\/8"}],"replies":[{"embeddable":true,"href":"https:\/\/lightweb.dev\/l\/svm-temp\/wp-json\/wp\/v2\/comments?post=84489"}],"version-history":[{"count":0,"href":"https:\/\/lightweb.dev\/l\/svm-temp\/wp-json\/wp\/v2\/posts\/84489\/revisions"}],"wp:featuredmedia":[{"embeddable":true,"href":"https:\/\/lightweb.dev\/l\/svm-temp\/wp-json\/wp\/v2\/media\/84813"}],"wp:attachment":[{"href":"https:\/\/lightweb.dev\/l\/svm-temp\/wp-json\/wp\/v2\/media?parent=84489"}],"wp:term":[{"taxonomy":"category","embeddable":true,"href":"https:\/\/lightweb.dev\/l\/svm-temp\/wp-json\/wp\/v2\/categories?post=84489"},{"taxonomy":"post_tag","embeddable":true,"href":"https:\/\/lightweb.dev\/l\/svm-temp\/wp-json\/wp\/v2\/tags?post=84489"}],"curies":[{"name":"wp","href":"https:\/\/api.w.org\/{rel}","templated":true}]}}