{"id":84884,"date":"2025-10-01T12:09:24","date_gmt":"2025-10-01T10:09:24","guid":{"rendered":"https:\/\/lightweb.dev\/l\/svm-temp\/?p=84884"},"modified":"2025-10-03T16:36:53","modified_gmt":"2025-10-03T14:36:53","slug":"bostadspriserna-okar-bestandet-minskar-det-galler-att-sla-till","status":"publish","type":"post","link":"https:\/\/lightweb.dev\/l\/svm-temp\/nyheter\/bostadspriserna-okar-bestandet-minskar-det-galler-att-sla-till\/","title":{"rendered":"Bostadspriserna \u00f6kar, best\u00e5ndet minskar \u2013 det g\u00e4ller att sl\u00e5 till"},"content":{"rendered":"<p><strong>Till helgen arrangeras m\u00e4ssan K\u00f6pa Hus Utomlands i Svenska m\u00e4ssan i G\u00f6teborg. Det g\u00e4ller att sl\u00e5 till.<\/strong><\/p>\n<p><strong>F\u00f6rutom att priserna forts\u00e4tter att \u00f6ka och livsklockan tickar s\u00e5 minskar best\u00e5ndet av antalet bost\u00e4der som \u00e4r till salu.<\/strong><\/p>\n<p>Priserna p\u00e5 bost\u00e4der i omr\u00e5den i Spanien dit nordborna lockas har stigit med 13 procent p\u00e5 \u00e5rsbasis.<\/p>\n<p>Den senaste analysen fr\u00e5n Exp Realty Espa\u00f1a visar att antalet bost\u00e4der till salu i hela landet har minskat med 9,4 % sedan \u00e5rets b\u00f6rjan, fr\u00e5n drygt 520 000 i januari till cirka 471 000 i september.<\/p>\n<p><img loading=\"lazy\" decoding=\"async\" class=\"alignnone wp-image-84883 size-full\" src=\"https:\/\/lightweb.dev\/l\/svm-temp\/wp-content\/uploads\/2025\/10\/svm20251001100200.webp\" alt=\"\" width=\"900\" height=\"400\" srcset=\"https:\/\/lightweb.dev\/l\/svm-temp\/wp-content\/uploads\/2025\/10\/svm20251001100200.webp 900w, https:\/\/lightweb.dev\/l\/svm-temp\/wp-content\/uploads\/2025\/10\/svm20251001100200-480x213.webp 480w\" sizes=\"(min-width: 0px) and (max-width: 480px) 480px, (min-width: 481px) 900px, 100vw\" \/><\/p>\n<p>Madridregionen \u00e4r ensamma p\u00e5 den spanska marknaden, h\u00e4r har antalet bost\u00e4der som \u00e4r till f\u00f6rs\u00e4ljning i st\u00e4llet \u00f6kat.<\/p>\n<p>P\u00e5 andra h\u00e5ll som Kanarie\u00f6arna (-3,7 %) rapporteras blygsamma nedg\u00e5ngar i bostadsbest\u00e5ndet.<\/p>\n<p>I Balearerna (-7,2 %), Katalonien (-8,8 %) och Andalusien (-9,0 %) har best\u00e5ndet av bost\u00e4der till salu minskat betydligt mer.<\/p>\n<h2 class=\"entry-title\">L\u00e4s mer: <a href=\"https:\/\/lightweb.dev\/l\/svm-temp\/nyheter\/fler-svenskar-flyttar-till-spanien\/\">Fler svenskar flyttar till Spanien<\/a><\/h2>\n<p>Andalusien \u00e4r fortfarande landets mest aktiva marknad sett till volym med mer \u00e4n 103 700 bost\u00e4der till salu f\u00f6r n\u00e4rvarande trots minskningen sedan januari.<\/p>\n<p>F\u00e4rska siffror \u00f6ver bostadsf\u00f6rs\u00e4ljningen i M\u00e1lagaprovinsen och p\u00e5 Costa del Sol visar att antalet bostadstransaktionerna \u00f6kade med 11 procent mellan januari och juli. Det \u00e4r en anm\u00e4rkningsv\u00e4rd \u00f6kning, men l\u00e4gre \u00e4n det nationella och andalusiska genomsnittet.<\/p>\n<h2>Bostadsm\u00e4ssa G\u00f6teborg<\/h2>\n<p>Svenska Magasinet \u00e4r mediapartner till K\u00f6pa Hus Utomlands och bjuder sina l\u00e4sare p\u00e5 intr\u00e4det under hela helgen 4 till 5 oktober. Anv\u00e4nd rabattkoden SM25 vid f\u00f6rhandsbokning p\u00e5 <a href=\"https:\/\/www.fairmedia.se\/varukorg\/\">webben.<\/a><\/p>\n<p>Alla \u00f6vriga utan f\u00f6rhandsbokning f\u00e5r betala 75 SEK per person.<\/p>\n<p><img loading=\"lazy\" decoding=\"async\" class=\"alignnone wp-image-84881 size-full\" src=\"https:\/\/lightweb.dev\/l\/svm-temp\/wp-content\/uploads\/2025\/10\/svm20251001100028.webp\" alt=\"\" width=\"900\" height=\"400\" srcset=\"https:\/\/lightweb.dev\/l\/svm-temp\/wp-content\/uploads\/2025\/10\/svm20251001100028.webp 900w, https:\/\/lightweb.dev\/l\/svm-temp\/wp-content\/uploads\/2025\/10\/svm20251001100028-480x213.webp 480w\" sizes=\"(min-width: 0px) and (max-width: 480px) 480px, (min-width: 481px) 900px, 100vw\" \/><\/p>\n<p>Det \u00e4r n\u00e4stan 40 <a href=\"https:\/\/www.fairmedia.se\/wp-content\/uploads\/2025\/09\/GTG_utstallare_HT25-1.pdf\">utst\u00e4llare<\/a> som medverkar.<\/p>\n<h2>Tr\u00e4ffa oss<\/h2>\n<p>Ola Josefsson fr\u00e5n Svenska Magasinet och systertidningen Spa\u00f1ien Magasinet \u00e4r p\u00e5 plats p\u00e5 Svenska m\u00e4ssan l\u00f6rdag och s\u00f6ndag, 4 och 5 oktober.<\/p>\n<p>Du \u00e4r varmt v\u00e4lkommen att bes\u00f6ka v\u00e5r monter. H\u00e4r f\u00e5r du ett eget exemplar av Svenska Magasinet och kan best\u00e4lla prenumeration p\u00e5 kvartalsmagasinet Spa\u00f1ien Magasinet. Eller f\u00e5 tillg\u00e5ng till ett gratis nyhetsmejl om Spanien p\u00e5 vardagar.<\/p>\n<p><strong>Fakta\/Fastighetsm\u00e4ssan K\u00f6pa Hus Utomlands. Adress: Svenska m\u00e4ssan, M\u00e4ssans gata 23, 412 51 G\u00f6teborg.<\/strong><\/p>\n<p>\u00d6ppettider: L\u00f6rdag klockan 10.30-17. S\u00f6ndag klockan 10.30-16.<\/p>\n<p>L\u00e4nder representerade: Spanien (inkl. Kanarie\u00f6arna oh Mallorca), Portugal, Frankrike, Italien, Grekland, Malta, Norra Cypern, Thailand, Turkiet, Bali och Norska fj\u00e4llen.<\/p>\n<p>L\u00e4s mer p\u00e5: <a href=\"https:\/\/www.fairmedia.se\/event\/goteborg-4-5-oktober\/\">fairmedia.se<\/a><\/p>\n<h2>Seminarieprogram l\u00f6rdag och s\u00f6ndag:<\/h2>\n<p><img loading=\"lazy\" decoding=\"async\" class=\"alignnone wp-image-84882 size-full\" src=\"https:\/\/lightweb.dev\/l\/svm-temp\/wp-content\/uploads\/2025\/10\/svm20251001100052.webp\" alt=\"\" width=\"900\" height=\"400\" srcset=\"https:\/\/lightweb.dev\/l\/svm-temp\/wp-content\/uploads\/2025\/10\/svm20251001100052.webp 900w, https:\/\/lightweb.dev\/l\/svm-temp\/wp-content\/uploads\/2025\/10\/svm20251001100052-480x213.webp 480w\" sizes=\"(min-width: 0px) and (max-width: 480px) 480px, (min-width: 481px) 900px, 100vw\" \/><\/p>\n<p><strong>Seminariesal 1<\/strong><\/p>\n<p>10.45 Malta<\/p>\n<p>11.30 Spanien<\/p>\n<p>12.30 Portugal<\/p>\n<p>13.30 Skatter vid utflyttning<\/p>\n<p>14.30 Spanien (samma seminarium som 11.30)<\/p>\n<p>15.30 Skatteoptimering i Sverige<\/p>\n<p><strong>Seminariesal 2<\/strong><\/p>\n<p>11.00 Norska fj\u00e4llen<\/p>\n<p>12.00 Pensionering utomlands<\/p>\n<p>13.00 Frankrike<\/p>\n<p>14.00 Skatt vid bolagsf\u00f6rs\u00e4ljning<\/p>\n<p>15.00 Bol\u00e5n i Spanien och Frankrike<\/p>\n<p><strong>Seminariesal 3<\/strong><\/p>\n<p>10.45 K\u00f6pprocessen i Spanien<\/p>\n<p>11.30 Thailand<\/p>\n<p>12.15 Italien<\/p>\n<p>13.15 Livet i Spanien<\/p>\n<p>14.15 Bali<\/p>\n<p>15.00 Cypern<\/p>\n<p>L\u00e4s mer om seminarierna <a href=\"https:\/\/www.fairmedia.se\/wp-content\/uploads\/2025\/09\/GTG_info_seminarier_HT25-2.pdf\">h\u00e4r.<\/a><\/p>\n<p><strong>\u00d6vriga fastighetsm\u00e4ssor K\u00f6pa Hus Utomlands<\/strong><\/p>\n<p>Stockholm, Avicii Arena (Globen), Johanneshov, 18-19 oktober<\/p>\n<p>Stockholm, Avicii Arena (Globen) 7-8 februari 2026<\/p>\n<p>G\u00f6teborg, Elite Park p\u00e5 Avenyn, 21-22 februari 2026<\/p>\n","protected":false},"excerpt":{"rendered":"<p>Till helgen arrangeras m\u00e4ssan K\u00f6pa Hus Utomlands i Svenska m\u00e4ssan i G\u00f6teborg. Det g\u00e4ller att sl\u00e5 till. F\u00f6rutom att priserna forts\u00e4tter att \u00f6ka och livsklockan tickar s\u00e5 minskar best\u00e5ndet av antalet bost\u00e4der som \u00e4r till salu&#8230;<\/p>\n","protected":false},"author":7,"featured_media":84880,"comment_status":"closed","ping_status":"closed","sticky":false,"template":"","format":"standard","meta":{"_et_pb_use_builder":"","_et_pb_old_content":"","_et_gb_content_width":"","footnotes":""},"categories":[395,3],"tags":[],"class_list":["post-84884","post","type-post","status-publish","format-standard","has-post-thumbnail","hentry","category-arkiv-nyheter","category-nyheter"],"yoast_head":"<!-- This site is optimized with the Yoast SEO Premium plugin v26.2 (Yoast SEO v28.2) - https:\/\/yoast.com\/product\/yoast-seo-premium-wordpress\/ -->\n<title>Bostadspriserna \u00f6kar, best\u00e5ndet minskar \u2013 det g\u00e4ller att sl\u00e5 till - Svenska Magasinet<\/title>\n<meta name=\"robots\" content=\"noindex, follow, max-snippet:-1, max-image-preview:large, max-video-preview:-1\" \/>\n<meta property=\"og:locale\" content=\"sv_SE\" \/>\n<meta property=\"og:type\" content=\"article\" \/>\n<meta property=\"og:title\" content=\"Bostadspriserna \u00f6kar, best\u00e5ndet minskar \u2013 det g\u00e4ller att sl\u00e5 till\" \/>\n<meta property=\"og:description\" content=\"Till helgen arrangeras m\u00e4ssan K\u00f6pa Hus Utomlands i Svenska m\u00e4ssan i G\u00f6teborg. Det g\u00e4ller att sl\u00e5 till. F\u00f6rutom att priserna forts\u00e4tter att \u00f6ka och livsklockan tickar s\u00e5 minskar best\u00e5ndet av antalet bost\u00e4der som \u00e4r till salu...\" \/>\n<meta property=\"og:url\" content=\"https:\/\/lightweb.dev\/l\/svm-temp\/nyheter\/bostadspriserna-okar-bestandet-minskar-det-galler-att-sla-till\/\" \/>\n<meta property=\"og:site_name\" content=\"Svenska Magasinet\" \/>\n<meta property=\"article:publisher\" content=\"https:\/\/www.facebook.com\/svenskamagasinet\" \/>\n<meta property=\"article:published_time\" content=\"2025-10-01T10:09:24+00:00\" \/>\n<meta property=\"article:modified_time\" content=\"2025-10-03T14:36:53+00:00\" \/>\n<meta property=\"og:image\" content=\"https:\/\/lightweb.dev\/l\/svm-temp\/wp-content\/uploads\/2025\/10\/svm20251001095950.webp\" \/>\n\t<meta property=\"og:image:width\" content=\"900\" \/>\n\t<meta property=\"og:image:height\" content=\"400\" \/>\n\t<meta property=\"og:image:type\" content=\"image\/webp\" \/>\n<meta name=\"author\" content=\"Ola Josefsson\" \/>\n<meta name=\"twitter:card\" content=\"summary_large_image\" \/>\n<meta name=\"twitter:creator\" content=\"@SvenskaMagasine\" \/>\n<meta name=\"twitter:site\" content=\"@SvenskaMagasine\" \/>\n<script type=\"application\/ld+json\" class=\"yoast-schema-graph\">{\"@context\":\"https:\\\/\\\/schema.org\",\"@graph\":[{\"@type\":\"Article\",\"@id\":\"https:\\\/\\\/lightweb.dev\\\/l\\\/svm-temp\\\/nyheter\\\/bostadspriserna-okar-bestandet-minskar-det-galler-att-sla-till\\\/#article\",\"isPartOf\":{\"@id\":\"https:\\\/\\\/lightweb.dev\\\/l\\\/svm-temp\\\/nyheter\\\/bostadspriserna-okar-bestandet-minskar-det-galler-att-sla-till\\\/\"},\"author\":{\"name\":\"Ola Josefsson\",\"@id\":\"https:\\\/\\\/lightweb.dev\\\/l\\\/svm-temp\\\/#\\\/schema\\\/person\\\/7a82b8a73d171d32360a564b6d03508e\"},\"headline\":\"Bostadspriserna \u00f6kar, best\u00e5ndet minskar \u2013 det g\u00e4ller att sl\u00e5 till\",\"datePublished\":\"2025-10-01T10:09:24+00:00\",\"dateModified\":\"2025-10-03T14:36:53+00:00\",\"mainEntityOfPage\":{\"@id\":\"https:\\\/\\\/lightweb.dev\\\/l\\\/svm-temp\\\/nyheter\\\/bostadspriserna-okar-bestandet-minskar-det-galler-att-sla-till\\\/\"},\"wordCount\":506,\"publisher\":{\"@id\":\"https:\\\/\\\/lightweb.dev\\\/l\\\/svm-temp\\\/#organization\"},\"image\":{\"@id\":\"https:\\\/\\\/lightweb.dev\\\/l\\\/svm-temp\\\/nyheter\\\/bostadspriserna-okar-bestandet-minskar-det-galler-att-sla-till\\\/#primaryimage\"},\"thumbnailUrl\":\"https:\\\/\\\/lightweb.dev\\\/l\\\/svm-temp\\\/wp-content\\\/uploads\\\/2025\\\/10\\\/svm20251001095950.webp\",\"articleSection\":[\"Arkiv\",\"Nyheter\"],\"inLanguage\":\"sv-SE\"},{\"@type\":\"WebPage\",\"@id\":\"https:\\\/\\\/lightweb.dev\\\/l\\\/svm-temp\\\/nyheter\\\/bostadspriserna-okar-bestandet-minskar-det-galler-att-sla-till\\\/\",\"url\":\"https:\\\/\\\/lightweb.dev\\\/l\\\/svm-temp\\\/nyheter\\\/bostadspriserna-okar-bestandet-minskar-det-galler-att-sla-till\\\/\",\"name\":\"Bostadspriserna \u00f6kar, best\u00e5ndet minskar \u2013 det g\u00e4ller att sl\u00e5 till - Svenska Magasinet\",\"isPartOf\":{\"@id\":\"https:\\\/\\\/lightweb.dev\\\/l\\\/svm-temp\\\/#website\"},\"primaryImageOfPage\":{\"@id\":\"https:\\\/\\\/lightweb.dev\\\/l\\\/svm-temp\\\/nyheter\\\/bostadspriserna-okar-bestandet-minskar-det-galler-att-sla-till\\\/#primaryimage\"},\"image\":{\"@id\":\"https:\\\/\\\/lightweb.dev\\\/l\\\/svm-temp\\\/nyheter\\\/bostadspriserna-okar-bestandet-minskar-det-galler-att-sla-till\\\/#primaryimage\"},\"thumbnailUrl\":\"https:\\\/\\\/lightweb.dev\\\/l\\\/svm-temp\\\/wp-content\\\/uploads\\\/2025\\\/10\\\/svm20251001095950.webp\",\"datePublished\":\"2025-10-01T10:09:24+00:00\",\"dateModified\":\"2025-10-03T14:36:53+00:00\",\"breadcrumb\":{\"@id\":\"https:\\\/\\\/lightweb.dev\\\/l\\\/svm-temp\\\/nyheter\\\/bostadspriserna-okar-bestandet-minskar-det-galler-att-sla-till\\\/#breadcrumb\"},\"inLanguage\":\"sv-SE\",\"potentialAction\":[{\"@type\":\"ReadAction\",\"target\":[\"https:\\\/\\\/lightweb.dev\\\/l\\\/svm-temp\\\/nyheter\\\/bostadspriserna-okar-bestandet-minskar-det-galler-att-sla-till\\\/\"]}]},{\"@type\":\"ImageObject\",\"inLanguage\":\"sv-SE\",\"@id\":\"https:\\\/\\\/lightweb.dev\\\/l\\\/svm-temp\\\/nyheter\\\/bostadspriserna-okar-bestandet-minskar-det-galler-att-sla-till\\\/#primaryimage\",\"url\":\"https:\\\/\\\/lightweb.dev\\\/l\\\/svm-temp\\\/wp-content\\\/uploads\\\/2025\\\/10\\\/svm20251001095950.webp\",\"contentUrl\":\"https:\\\/\\\/lightweb.dev\\\/l\\\/svm-temp\\\/wp-content\\\/uploads\\\/2025\\\/10\\\/svm20251001095950.webp\",\"width\":900,\"height\":400},{\"@type\":\"BreadcrumbList\",\"@id\":\"https:\\\/\\\/lightweb.dev\\\/l\\\/svm-temp\\\/nyheter\\\/bostadspriserna-okar-bestandet-minskar-det-galler-att-sla-till\\\/#breadcrumb\",\"itemListElement\":[{\"@type\":\"ListItem\",\"position\":1,\"name\":\"Hem\",\"item\":\"https:\\\/\\\/lightweb.dev\\\/l\\\/svm-temp\\\/\"},{\"@type\":\"ListItem\",\"position\":2,\"name\":\"Bostadspriserna \u00f6kar, best\u00e5ndet minskar \u2013 det g\u00e4ller att sl\u00e5 till\"}]},{\"@type\":\"WebSite\",\"@id\":\"https:\\\/\\\/lightweb.dev\\\/l\\\/svm-temp\\\/#website\",\"url\":\"https:\\\/\\\/lightweb.dev\\\/l\\\/svm-temp\\\/\",\"name\":\"Svenska Magasinet\",\"description\":\"Dina Spanska nyheter p&aring; Svenska\",\"publisher\":{\"@id\":\"https:\\\/\\\/lightweb.dev\\\/l\\\/svm-temp\\\/#organization\"},\"potentialAction\":[{\"@type\":\"SearchAction\",\"target\":{\"@type\":\"EntryPoint\",\"urlTemplate\":\"https:\\\/\\\/lightweb.dev\\\/l\\\/svm-temp\\\/?s={search_term_string}\"},\"query-input\":{\"@type\":\"PropertyValueSpecification\",\"valueRequired\":true,\"valueName\":\"search_term_string\"}}],\"inLanguage\":\"sv-SE\"},{\"@type\":\"Organization\",\"@id\":\"https:\\\/\\\/lightweb.dev\\\/l\\\/svm-temp\\\/#organization\",\"name\":\"Melkerson y Nott SL\",\"alternateName\":\"Svenska Magasinet\",\"url\":\"https:\\\/\\\/lightweb.dev\\\/l\\\/svm-temp\\\/\",\"logo\":{\"@type\":\"ImageObject\",\"inLanguage\":\"sv-SE\",\"@id\":\"https:\\\/\\\/lightweb.dev\\\/l\\\/svm-temp\\\/#\\\/schema\\\/logo\\\/image\\\/\",\"url\":\"https:\\\/\\\/lightweb.dev\\\/l\\\/svm-temp\\\/wp-content\\\/uploads\\\/2025\\\/02\\\/SvM-logo-Xtra-Centrerad-SVART.png\",\"contentUrl\":\"https:\\\/\\\/lightweb.dev\\\/l\\\/svm-temp\\\/wp-content\\\/uploads\\\/2025\\\/02\\\/SvM-logo-Xtra-Centrerad-SVART.png\",\"width\":300,\"height\":99,\"caption\":\"Melkerson y Nott SL\"},\"image\":{\"@id\":\"https:\\\/\\\/lightweb.dev\\\/l\\\/svm-temp\\\/#\\\/schema\\\/logo\\\/image\\\/\"},\"sameAs\":[\"https:\\\/\\\/www.facebook.com\\\/svenskamagasinet\",\"https:\\\/\\\/x.com\\\/SvenskaMagasine\"]},{\"@type\":\"Person\",\"@id\":\"https:\\\/\\\/lightweb.dev\\\/l\\\/svm-temp\\\/#\\\/schema\\\/person\\\/7a82b8a73d171d32360a564b6d03508e\",\"name\":\"Ola Josefsson\",\"description\":\"Bevakar Solkusten och Spanien sedan 1994.\",\"sameAs\":[\"https:\\\/\\\/lightweb.dev\\\/l\\\/svm-temp\"],\"url\":\"https:\\\/\\\/lightweb.dev\\\/l\\\/svm-temp\\\/reporter\\\/ola-josefsson\\\/\"}]}<\/script>\n<!-- \/ Yoast SEO Premium plugin. -->","yoast_head_json":{"title":"Bostadspriserna \u00f6kar, best\u00e5ndet minskar \u2013 det g\u00e4ller att sl\u00e5 till - Svenska Magasinet","robots":{"index":"noindex","follow":"follow","max-snippet":"max-snippet:-1","max-image-preview":"max-image-preview:large","max-video-preview":"max-video-preview:-1"},"og_locale":"sv_SE","og_type":"article","og_title":"Bostadspriserna \u00f6kar, best\u00e5ndet minskar \u2013 det g\u00e4ller att sl\u00e5 till","og_description":"Till helgen arrangeras m\u00e4ssan K\u00f6pa Hus Utomlands i Svenska m\u00e4ssan i G\u00f6teborg. Det g\u00e4ller att sl\u00e5 till. F\u00f6rutom att priserna forts\u00e4tter att \u00f6ka och livsklockan tickar s\u00e5 minskar best\u00e5ndet av antalet bost\u00e4der som \u00e4r till salu...","og_url":"https:\/\/lightweb.dev\/l\/svm-temp\/nyheter\/bostadspriserna-okar-bestandet-minskar-det-galler-att-sla-till\/","og_site_name":"Svenska Magasinet","article_publisher":"https:\/\/www.facebook.com\/svenskamagasinet","article_published_time":"2025-10-01T10:09:24+00:00","article_modified_time":"2025-10-03T14:36:53+00:00","og_image":[{"width":900,"height":400,"url":"https:\/\/lightweb.dev\/l\/svm-temp\/wp-content\/uploads\/2025\/10\/svm20251001095950.webp","type":"image\/webp"}],"author":"Ola Josefsson","twitter_card":"summary_large_image","twitter_creator":"@SvenskaMagasine","twitter_site":"@SvenskaMagasine","schema":{"@context":"https:\/\/schema.org","@graph":[{"@type":"Article","@id":"https:\/\/lightweb.dev\/l\/svm-temp\/nyheter\/bostadspriserna-okar-bestandet-minskar-det-galler-att-sla-till\/#article","isPartOf":{"@id":"https:\/\/lightweb.dev\/l\/svm-temp\/nyheter\/bostadspriserna-okar-bestandet-minskar-det-galler-att-sla-till\/"},"author":{"name":"Ola Josefsson","@id":"https:\/\/lightweb.dev\/l\/svm-temp\/#\/schema\/person\/7a82b8a73d171d32360a564b6d03508e"},"headline":"Bostadspriserna \u00f6kar, best\u00e5ndet minskar \u2013 det g\u00e4ller att sl\u00e5 till","datePublished":"2025-10-01T10:09:24+00:00","dateModified":"2025-10-03T14:36:53+00:00","mainEntityOfPage":{"@id":"https:\/\/lightweb.dev\/l\/svm-temp\/nyheter\/bostadspriserna-okar-bestandet-minskar-det-galler-att-sla-till\/"},"wordCount":506,"publisher":{"@id":"https:\/\/lightweb.dev\/l\/svm-temp\/#organization"},"image":{"@id":"https:\/\/lightweb.dev\/l\/svm-temp\/nyheter\/bostadspriserna-okar-bestandet-minskar-det-galler-att-sla-till\/#primaryimage"},"thumbnailUrl":"https:\/\/lightweb.dev\/l\/svm-temp\/wp-content\/uploads\/2025\/10\/svm20251001095950.webp","articleSection":["Arkiv","Nyheter"],"inLanguage":"sv-SE"},{"@type":"WebPage","@id":"https:\/\/lightweb.dev\/l\/svm-temp\/nyheter\/bostadspriserna-okar-bestandet-minskar-det-galler-att-sla-till\/","url":"https:\/\/lightweb.dev\/l\/svm-temp\/nyheter\/bostadspriserna-okar-bestandet-minskar-det-galler-att-sla-till\/","name":"Bostadspriserna \u00f6kar, best\u00e5ndet minskar \u2013 det g\u00e4ller att sl\u00e5 till - Svenska Magasinet","isPartOf":{"@id":"https:\/\/lightweb.dev\/l\/svm-temp\/#website"},"primaryImageOfPage":{"@id":"https:\/\/lightweb.dev\/l\/svm-temp\/nyheter\/bostadspriserna-okar-bestandet-minskar-det-galler-att-sla-till\/#primaryimage"},"image":{"@id":"https:\/\/lightweb.dev\/l\/svm-temp\/nyheter\/bostadspriserna-okar-bestandet-minskar-det-galler-att-sla-till\/#primaryimage"},"thumbnailUrl":"https:\/\/lightweb.dev\/l\/svm-temp\/wp-content\/uploads\/2025\/10\/svm20251001095950.webp","datePublished":"2025-10-01T10:09:24+00:00","dateModified":"2025-10-03T14:36:53+00:00","breadcrumb":{"@id":"https:\/\/lightweb.dev\/l\/svm-temp\/nyheter\/bostadspriserna-okar-bestandet-minskar-det-galler-att-sla-till\/#breadcrumb"},"inLanguage":"sv-SE","potentialAction":[{"@type":"ReadAction","target":["https:\/\/lightweb.dev\/l\/svm-temp\/nyheter\/bostadspriserna-okar-bestandet-minskar-det-galler-att-sla-till\/"]}]},{"@type":"ImageObject","inLanguage":"sv-SE","@id":"https:\/\/lightweb.dev\/l\/svm-temp\/nyheter\/bostadspriserna-okar-bestandet-minskar-det-galler-att-sla-till\/#primaryimage","url":"https:\/\/lightweb.dev\/l\/svm-temp\/wp-content\/uploads\/2025\/10\/svm20251001095950.webp","contentUrl":"https:\/\/lightweb.dev\/l\/svm-temp\/wp-content\/uploads\/2025\/10\/svm20251001095950.webp","width":900,"height":400},{"@type":"BreadcrumbList","@id":"https:\/\/lightweb.dev\/l\/svm-temp\/nyheter\/bostadspriserna-okar-bestandet-minskar-det-galler-att-sla-till\/#breadcrumb","itemListElement":[{"@type":"ListItem","position":1,"name":"Hem","item":"https:\/\/lightweb.dev\/l\/svm-temp\/"},{"@type":"ListItem","position":2,"name":"Bostadspriserna \u00f6kar, best\u00e5ndet minskar \u2013 det g\u00e4ller att sl\u00e5 till"}]},{"@type":"WebSite","@id":"https:\/\/lightweb.dev\/l\/svm-temp\/#website","url":"https:\/\/lightweb.dev\/l\/svm-temp\/","name":"Svenska Magasinet","description":"Dina Spanska nyheter p&aring; Svenska","publisher":{"@id":"https:\/\/lightweb.dev\/l\/svm-temp\/#organization"},"potentialAction":[{"@type":"SearchAction","target":{"@type":"EntryPoint","urlTemplate":"https:\/\/lightweb.dev\/l\/svm-temp\/?s={search_term_string}"},"query-input":{"@type":"PropertyValueSpecification","valueRequired":true,"valueName":"search_term_string"}}],"inLanguage":"sv-SE"},{"@type":"Organization","@id":"https:\/\/lightweb.dev\/l\/svm-temp\/#organization","name":"Melkerson y Nott SL","alternateName":"Svenska Magasinet","url":"https:\/\/lightweb.dev\/l\/svm-temp\/","logo":{"@type":"ImageObject","inLanguage":"sv-SE","@id":"https:\/\/lightweb.dev\/l\/svm-temp\/#\/schema\/logo\/image\/","url":"https:\/\/lightweb.dev\/l\/svm-temp\/wp-content\/uploads\/2025\/02\/SvM-logo-Xtra-Centrerad-SVART.png","contentUrl":"https:\/\/lightweb.dev\/l\/svm-temp\/wp-content\/uploads\/2025\/02\/SvM-logo-Xtra-Centrerad-SVART.png","width":300,"height":99,"caption":"Melkerson y Nott SL"},"image":{"@id":"https:\/\/lightweb.dev\/l\/svm-temp\/#\/schema\/logo\/image\/"},"sameAs":["https:\/\/www.facebook.com\/svenskamagasinet","https:\/\/x.com\/SvenskaMagasine"]},{"@type":"Person","@id":"https:\/\/lightweb.dev\/l\/svm-temp\/#\/schema\/person\/7a82b8a73d171d32360a564b6d03508e","name":"Ola Josefsson","description":"Bevakar Solkusten och Spanien sedan 1994.","sameAs":["https:\/\/lightweb.dev\/l\/svm-temp"],"url":"https:\/\/lightweb.dev\/l\/svm-temp\/reporter\/ola-josefsson\/"}]}},"_links":{"self":[{"href":"https:\/\/lightweb.dev\/l\/svm-temp\/wp-json\/wp\/v2\/posts\/84884","targetHints":{"allow":["GET"]}}],"collection":[{"href":"https:\/\/lightweb.dev\/l\/svm-temp\/wp-json\/wp\/v2\/posts"}],"about":[{"href":"https:\/\/lightweb.dev\/l\/svm-temp\/wp-json\/wp\/v2\/types\/post"}],"author":[{"embeddable":true,"href":"https:\/\/lightweb.dev\/l\/svm-temp\/wp-json\/wp\/v2\/users\/7"}],"replies":[{"embeddable":true,"href":"https:\/\/lightweb.dev\/l\/svm-temp\/wp-json\/wp\/v2\/comments?post=84884"}],"version-history":[{"count":0,"href":"https:\/\/lightweb.dev\/l\/svm-temp\/wp-json\/wp\/v2\/posts\/84884\/revisions"}],"wp:featuredmedia":[{"embeddable":true,"href":"https:\/\/lightweb.dev\/l\/svm-temp\/wp-json\/wp\/v2\/media\/84880"}],"wp:attachment":[{"href":"https:\/\/lightweb.dev\/l\/svm-temp\/wp-json\/wp\/v2\/media?parent=84884"}],"wp:term":[{"taxonomy":"category","embeddable":true,"href":"https:\/\/lightweb.dev\/l\/svm-temp\/wp-json\/wp\/v2\/categories?post=84884"},{"taxonomy":"post_tag","embeddable":true,"href":"https:\/\/lightweb.dev\/l\/svm-temp\/wp-json\/wp\/v2\/tags?post=84884"}],"curies":[{"name":"wp","href":"https:\/\/api.w.org\/{rel}","templated":true}]}}