{"id":85146,"date":"2025-10-14T21:36:37","date_gmt":"2025-10-14T19:36:37","guid":{"rendered":"https:\/\/lightweb.dev\/l\/svm-temp\/?p=85146"},"modified":"2025-10-14T21:48:50","modified_gmt":"2025-10-14T19:48:50","slug":"joakim-broberg-gor-ansprak-pa-sin-fars-arv-anklagar-borgmastaren-undanhalla-arv","status":"publish","type":"post","link":"https:\/\/lightweb.dev\/l\/svm-temp\/nyheter\/joakim-broberg-gor-ansprak-pa-sin-fars-arv-anklagar-borgmastaren-undanhalla-arv\/","title":{"rendered":"Joakim Broberg g\u00f6r anspr\u00e5k p\u00e5 sin fars arv \u2013 anklagar borgm\u00e4staren undanh\u00e5lla arv"},"content":{"rendered":"<p><strong>Enligt Joakim Broberg f\u00f6rs\u00f6ker Marbellas borgm\u00e4stare \u00c1ngeles Mu\u00f1oz undanh\u00e5lla det arv han har r\u00e4tt till.<\/strong><\/p>\n<p><strong>Nu v\u00e4ntar ett beslut om r\u00e4tt till delning av arvet vid en domstol i Marbella efter att Joakim Broberg l\u00e4mnat in en st\u00e4mningsans\u00f6kan d\u00e4r han g\u00f6r anspr\u00e5k p\u00e5 arvet efter sin far Lars Broberg som avled den 5 mars 2023.<\/strong><\/p>\n<p>Enligt Joakim Broberg f\u00f6rs\u00f6ker Marbellas borgm\u00e4stare \u00c1ngeles Mu\u00f1oz undanh\u00e5lla det arv han har r\u00e4tt till. Joakim Broberg tillsammans med ytterligare en styvson konfronterar borgm\u00e4staren om deras fars arv och tar saken till domstol, uppger <a href=\"https:\/\/www.eldiario.es\/politica\/hijastros-alcaldesa-marbella-piden-juzgado-reparta-herencia-padre_1_12680211.html\">eldiario.es.<\/a><\/p>\n<p>Lars Broberg som avled 2023 hade tre barn f\u00f6re sitt \u00e4ktenskap med \u00c1ngeles Mu\u00f1oz, varav ett barn, Lars Toni Andreasson, tidigare varit ok\u00e4nt.<\/p>\n<p>Det tredje barnet, Fredrick Broberg, \u00e4r inte inblandad i st\u00e4mningen, skriver eldiario.es.<\/p>\n<p>Enligt st\u00e4mningsans\u00f6kan framg\u00e5r det att 32 m\u00e5nader har g\u00e5tt sedan den svenske aff\u00e4rsmannen Lars Broberg avled utan att Mu\u00f1oz har svarat p\u00e5 n\u00e5gra f\u00f6rfr\u00e5gningar om arvet.<\/p>\n<p>Nu behandlar en domstol i Marbella st\u00e4mningen d\u00e4r borgm\u00e4staren i Marbella \u00e5l\u00e4ggs att f\u00f6rdela arvet som Lars Broberg l\u00e4mnade efter sig.<\/p>\n<p>elDiario.es skriver att de utan framg\u00e5ng har f\u00f6rs\u00f6kt f\u00e5 en kommentar fr\u00e5n \u00c1ngeles Mu\u00f1oz genom Marbellas kommuns kommunikationsavdelning.<\/p>\n<p>Nyligen bif\u00f6ll domstolen i Marbella st\u00e4mningen om &#8221;r\u00e4ttslig delning&#8221; av Lars Brobergs d\u00f6dsbo som v\u00e4ckts av tv\u00e5 av hans barn. F\u00f6r att dela arvet \u00e4r det n\u00f6dv\u00e4ndigt att f\u00f6rst fastst\u00e4lla v\u00e4rdet av de medel och tillg\u00e5ngar som Broberg l\u00e4mnat efter sig under sin livstid, det vill s\u00e4ga &#8221;r\u00e4ttsligt ingripande i d\u00f6dsboet&#8221; som det anges i beslutet om att bifalla st\u00e4mningen, som elDiario.es l\u00e4st.<\/p>\n<p>I somras avslutades en r\u00e4tteg\u00e5ng i Madrid d\u00e4r \u00e5klagaren yrkar p\u00e5 18 \u00e5rs f\u00e4ngelse och 30 miljoner euro i b\u00f6ter f\u00f6r Joakim Broberg f\u00f6r att ha varit huvudman i den liga som har organiserats fr\u00e5n Marbella med filialer utomlands. Det r\u00f6r sig om grovt penningtv\u00e4ttbrott och grova narkotikabrott.<\/p>\n<h2 class=\"entry-title\">L\u00e4s mer: <a href=\"https:\/\/lightweb.dev\/l\/svm-temp\/nyheter\/aklagare-yrkar-pa-18-ars-fangelse-for-huvudman-bland-marbellasvenskar\/\">\u00c5klagare yrkar p\u00e5 18 \u00e5rs f\u00e4ngelse f\u00f6r huvudman bland Marbellasvenskar<\/a><\/h2>\n","protected":false},"excerpt":{"rendered":"<p>Enligt Joakim Broberg f\u00f6rs\u00f6ker Marbellas borgm\u00e4stare \u00c1ngeles Mu\u00f1oz undanh\u00e5lla det arv han har r\u00e4tt till. Nu v\u00e4ntar ett beslut om r\u00e4tt till delning av arvet vid en domstol i Marbella efter att Joakim Broberg l\u00e4mnat in en st\u00e4mningsans\u00f6kan&#8230;.<\/p>\n","protected":false},"author":7,"featured_media":68113,"comment_status":"closed","ping_status":"closed","sticky":false,"template":"","format":"standard","meta":{"_et_pb_use_builder":"","_et_pb_old_content":"","_et_gb_content_width":"","footnotes":""},"categories":[284,3],"tags":[],"class_list":["post-85146","post","type-post","status-publish","format-standard","has-post-thumbnail","hentry","category-inrikes","category-nyheter"],"yoast_head":"<!-- This site is optimized with the Yoast SEO Premium plugin v26.2 (Yoast SEO v28.2) - https:\/\/yoast.com\/product\/yoast-seo-premium-wordpress\/ -->\n<title>Joakim Broberg g\u00f6r anspr\u00e5k p\u00e5 sin fars arv \u2013 anklagar borgm\u00e4staren undanh\u00e5lla arv - Svenska Magasinet<\/title>\n<meta name=\"robots\" content=\"noindex, follow, max-snippet:-1, max-image-preview:large, max-video-preview:-1\" \/>\n<meta property=\"og:locale\" content=\"sv_SE\" \/>\n<meta property=\"og:type\" content=\"article\" \/>\n<meta property=\"og:title\" content=\"Joakim Broberg g\u00f6r anspr\u00e5k p\u00e5 sin fars arv \u2013 anklagar borgm\u00e4staren undanh\u00e5lla arv\" \/>\n<meta property=\"og:description\" content=\"Enligt Joakim Broberg f\u00f6rs\u00f6ker Marbellas borgm\u00e4stare \u00c1ngeles Mu\u00f1oz undanh\u00e5lla det arv han har r\u00e4tt till. Nu v\u00e4ntar ett beslut om r\u00e4tt till delning av arvet vid en domstol i Marbella efter att Joakim Broberg l\u00e4mnat in en st\u00e4mningsans\u00f6kan....\" \/>\n<meta property=\"og:url\" content=\"https:\/\/lightweb.dev\/l\/svm-temp\/nyheter\/joakim-broberg-gor-ansprak-pa-sin-fars-arv-anklagar-borgmastaren-undanhalla-arv\/\" \/>\n<meta property=\"og:site_name\" content=\"Svenska Magasinet\" \/>\n<meta property=\"article:publisher\" content=\"https:\/\/www.facebook.com\/svenskamagasinet\" \/>\n<meta property=\"article:published_time\" content=\"2025-10-14T19:36:37+00:00\" \/>\n<meta property=\"article:modified_time\" content=\"2025-10-14T19:48:50+00:00\" \/>\n<meta property=\"og:image\" content=\"https:\/\/lightweb.dev\/l\/svm-temp\/wp-content\/uploads\/2023\/12\/F-en2htW4AA5Omu-stor.jpeg\" \/>\n\t<meta property=\"og:image:width\" content=\"1024\" \/>\n\t<meta property=\"og:image:height\" content=\"1280\" \/>\n\t<meta property=\"og:image:type\" content=\"image\/jpeg\" \/>\n<meta name=\"author\" content=\"Ola Josefsson\" \/>\n<meta name=\"twitter:card\" content=\"summary_large_image\" \/>\n<meta name=\"twitter:creator\" content=\"@SvenskaMagasine\" \/>\n<meta name=\"twitter:site\" content=\"@SvenskaMagasine\" \/>\n<script type=\"application\/ld+json\" class=\"yoast-schema-graph\">{\"@context\":\"https:\\\/\\\/schema.org\",\"@graph\":[{\"@type\":\"Article\",\"@id\":\"https:\\\/\\\/lightweb.dev\\\/l\\\/svm-temp\\\/nyheter\\\/joakim-broberg-gor-ansprak-pa-sin-fars-arv-anklagar-borgmastaren-undanhalla-arv\\\/#article\",\"isPartOf\":{\"@id\":\"https:\\\/\\\/lightweb.dev\\\/l\\\/svm-temp\\\/nyheter\\\/joakim-broberg-gor-ansprak-pa-sin-fars-arv-anklagar-borgmastaren-undanhalla-arv\\\/\"},\"author\":{\"name\":\"Ola Josefsson\",\"@id\":\"https:\\\/\\\/lightweb.dev\\\/l\\\/svm-temp\\\/#\\\/schema\\\/person\\\/7a82b8a73d171d32360a564b6d03508e\"},\"headline\":\"Joakim Broberg g\u00f6r anspr\u00e5k p\u00e5 sin fars arv \u2013 anklagar borgm\u00e4staren undanh\u00e5lla arv\",\"datePublished\":\"2025-10-14T19:36:37+00:00\",\"dateModified\":\"2025-10-14T19:48:50+00:00\",\"mainEntityOfPage\":{\"@id\":\"https:\\\/\\\/lightweb.dev\\\/l\\\/svm-temp\\\/nyheter\\\/joakim-broberg-gor-ansprak-pa-sin-fars-arv-anklagar-borgmastaren-undanhalla-arv\\\/\"},\"wordCount\":403,\"publisher\":{\"@id\":\"https:\\\/\\\/lightweb.dev\\\/l\\\/svm-temp\\\/#organization\"},\"image\":{\"@id\":\"https:\\\/\\\/lightweb.dev\\\/l\\\/svm-temp\\\/nyheter\\\/joakim-broberg-gor-ansprak-pa-sin-fars-arv-anklagar-borgmastaren-undanhalla-arv\\\/#primaryimage\"},\"thumbnailUrl\":\"https:\\\/\\\/lightweb.dev\\\/l\\\/svm-temp\\\/wp-content\\\/uploads\\\/2023\\\/12\\\/F-en2htW4AA5Omu-stor.jpeg\",\"articleSection\":[\"Inrikes\",\"Nyheter\"],\"inLanguage\":\"sv-SE\"},{\"@type\":\"WebPage\",\"@id\":\"https:\\\/\\\/lightweb.dev\\\/l\\\/svm-temp\\\/nyheter\\\/joakim-broberg-gor-ansprak-pa-sin-fars-arv-anklagar-borgmastaren-undanhalla-arv\\\/\",\"url\":\"https:\\\/\\\/lightweb.dev\\\/l\\\/svm-temp\\\/nyheter\\\/joakim-broberg-gor-ansprak-pa-sin-fars-arv-anklagar-borgmastaren-undanhalla-arv\\\/\",\"name\":\"Joakim Broberg g\u00f6r anspr\u00e5k p\u00e5 sin fars arv \u2013 anklagar borgm\u00e4staren undanh\u00e5lla arv - Svenska Magasinet\",\"isPartOf\":{\"@id\":\"https:\\\/\\\/lightweb.dev\\\/l\\\/svm-temp\\\/#website\"},\"primaryImageOfPage\":{\"@id\":\"https:\\\/\\\/lightweb.dev\\\/l\\\/svm-temp\\\/nyheter\\\/joakim-broberg-gor-ansprak-pa-sin-fars-arv-anklagar-borgmastaren-undanhalla-arv\\\/#primaryimage\"},\"image\":{\"@id\":\"https:\\\/\\\/lightweb.dev\\\/l\\\/svm-temp\\\/nyheter\\\/joakim-broberg-gor-ansprak-pa-sin-fars-arv-anklagar-borgmastaren-undanhalla-arv\\\/#primaryimage\"},\"thumbnailUrl\":\"https:\\\/\\\/lightweb.dev\\\/l\\\/svm-temp\\\/wp-content\\\/uploads\\\/2023\\\/12\\\/F-en2htW4AA5Omu-stor.jpeg\",\"datePublished\":\"2025-10-14T19:36:37+00:00\",\"dateModified\":\"2025-10-14T19:48:50+00:00\",\"breadcrumb\":{\"@id\":\"https:\\\/\\\/lightweb.dev\\\/l\\\/svm-temp\\\/nyheter\\\/joakim-broberg-gor-ansprak-pa-sin-fars-arv-anklagar-borgmastaren-undanhalla-arv\\\/#breadcrumb\"},\"inLanguage\":\"sv-SE\",\"potentialAction\":[{\"@type\":\"ReadAction\",\"target\":[\"https:\\\/\\\/lightweb.dev\\\/l\\\/svm-temp\\\/nyheter\\\/joakim-broberg-gor-ansprak-pa-sin-fars-arv-anklagar-borgmastaren-undanhalla-arv\\\/\"]}]},{\"@type\":\"ImageObject\",\"inLanguage\":\"sv-SE\",\"@id\":\"https:\\\/\\\/lightweb.dev\\\/l\\\/svm-temp\\\/nyheter\\\/joakim-broberg-gor-ansprak-pa-sin-fars-arv-anklagar-borgmastaren-undanhalla-arv\\\/#primaryimage\",\"url\":\"https:\\\/\\\/lightweb.dev\\\/l\\\/svm-temp\\\/wp-content\\\/uploads\\\/2023\\\/12\\\/F-en2htW4AA5Omu-stor.jpeg\",\"contentUrl\":\"https:\\\/\\\/lightweb.dev\\\/l\\\/svm-temp\\\/wp-content\\\/uploads\\\/2023\\\/12\\\/F-en2htW4AA5Omu-stor.jpeg\",\"width\":1024,\"height\":1280},{\"@type\":\"BreadcrumbList\",\"@id\":\"https:\\\/\\\/lightweb.dev\\\/l\\\/svm-temp\\\/nyheter\\\/joakim-broberg-gor-ansprak-pa-sin-fars-arv-anklagar-borgmastaren-undanhalla-arv\\\/#breadcrumb\",\"itemListElement\":[{\"@type\":\"ListItem\",\"position\":1,\"name\":\"Hem\",\"item\":\"https:\\\/\\\/lightweb.dev\\\/l\\\/svm-temp\\\/\"},{\"@type\":\"ListItem\",\"position\":2,\"name\":\"Joakim Broberg g\u00f6r anspr\u00e5k p\u00e5 sin fars arv \u2013 anklagar borgm\u00e4staren undanh\u00e5lla arv\"}]},{\"@type\":\"WebSite\",\"@id\":\"https:\\\/\\\/lightweb.dev\\\/l\\\/svm-temp\\\/#website\",\"url\":\"https:\\\/\\\/lightweb.dev\\\/l\\\/svm-temp\\\/\",\"name\":\"Svenska Magasinet\",\"description\":\"Dina Spanska nyheter p&aring; Svenska\",\"publisher\":{\"@id\":\"https:\\\/\\\/lightweb.dev\\\/l\\\/svm-temp\\\/#organization\"},\"potentialAction\":[{\"@type\":\"SearchAction\",\"target\":{\"@type\":\"EntryPoint\",\"urlTemplate\":\"https:\\\/\\\/lightweb.dev\\\/l\\\/svm-temp\\\/?s={search_term_string}\"},\"query-input\":{\"@type\":\"PropertyValueSpecification\",\"valueRequired\":true,\"valueName\":\"search_term_string\"}}],\"inLanguage\":\"sv-SE\"},{\"@type\":\"Organization\",\"@id\":\"https:\\\/\\\/lightweb.dev\\\/l\\\/svm-temp\\\/#organization\",\"name\":\"Melkerson y Nott SL\",\"alternateName\":\"Svenska Magasinet\",\"url\":\"https:\\\/\\\/lightweb.dev\\\/l\\\/svm-temp\\\/\",\"logo\":{\"@type\":\"ImageObject\",\"inLanguage\":\"sv-SE\",\"@id\":\"https:\\\/\\\/lightweb.dev\\\/l\\\/svm-temp\\\/#\\\/schema\\\/logo\\\/image\\\/\",\"url\":\"https:\\\/\\\/lightweb.dev\\\/l\\\/svm-temp\\\/wp-content\\\/uploads\\\/2025\\\/02\\\/SvM-logo-Xtra-Centrerad-SVART.png\",\"contentUrl\":\"https:\\\/\\\/lightweb.dev\\\/l\\\/svm-temp\\\/wp-content\\\/uploads\\\/2025\\\/02\\\/SvM-logo-Xtra-Centrerad-SVART.png\",\"width\":300,\"height\":99,\"caption\":\"Melkerson y Nott SL\"},\"image\":{\"@id\":\"https:\\\/\\\/lightweb.dev\\\/l\\\/svm-temp\\\/#\\\/schema\\\/logo\\\/image\\\/\"},\"sameAs\":[\"https:\\\/\\\/www.facebook.com\\\/svenskamagasinet\",\"https:\\\/\\\/x.com\\\/SvenskaMagasine\"]},{\"@type\":\"Person\",\"@id\":\"https:\\\/\\\/lightweb.dev\\\/l\\\/svm-temp\\\/#\\\/schema\\\/person\\\/7a82b8a73d171d32360a564b6d03508e\",\"name\":\"Ola Josefsson\",\"description\":\"Bevakar Solkusten och Spanien sedan 1994.\",\"sameAs\":[\"https:\\\/\\\/lightweb.dev\\\/l\\\/svm-temp\"],\"url\":\"https:\\\/\\\/lightweb.dev\\\/l\\\/svm-temp\\\/reporter\\\/ola-josefsson\\\/\"}]}<\/script>\n<!-- \/ Yoast SEO Premium plugin. -->","yoast_head_json":{"title":"Joakim Broberg g\u00f6r anspr\u00e5k p\u00e5 sin fars arv \u2013 anklagar borgm\u00e4staren undanh\u00e5lla arv - Svenska Magasinet","robots":{"index":"noindex","follow":"follow","max-snippet":"max-snippet:-1","max-image-preview":"max-image-preview:large","max-video-preview":"max-video-preview:-1"},"og_locale":"sv_SE","og_type":"article","og_title":"Joakim Broberg g\u00f6r anspr\u00e5k p\u00e5 sin fars arv \u2013 anklagar borgm\u00e4staren undanh\u00e5lla arv","og_description":"Enligt Joakim Broberg f\u00f6rs\u00f6ker Marbellas borgm\u00e4stare \u00c1ngeles Mu\u00f1oz undanh\u00e5lla det arv han har r\u00e4tt till. Nu v\u00e4ntar ett beslut om r\u00e4tt till delning av arvet vid en domstol i Marbella efter att Joakim Broberg l\u00e4mnat in en st\u00e4mningsans\u00f6kan....","og_url":"https:\/\/lightweb.dev\/l\/svm-temp\/nyheter\/joakim-broberg-gor-ansprak-pa-sin-fars-arv-anklagar-borgmastaren-undanhalla-arv\/","og_site_name":"Svenska Magasinet","article_publisher":"https:\/\/www.facebook.com\/svenskamagasinet","article_published_time":"2025-10-14T19:36:37+00:00","article_modified_time":"2025-10-14T19:48:50+00:00","og_image":[{"width":1024,"height":1280,"url":"https:\/\/lightweb.dev\/l\/svm-temp\/wp-content\/uploads\/2023\/12\/F-en2htW4AA5Omu-stor.jpeg","type":"image\/jpeg"}],"author":"Ola Josefsson","twitter_card":"summary_large_image","twitter_creator":"@SvenskaMagasine","twitter_site":"@SvenskaMagasine","schema":{"@context":"https:\/\/schema.org","@graph":[{"@type":"Article","@id":"https:\/\/lightweb.dev\/l\/svm-temp\/nyheter\/joakim-broberg-gor-ansprak-pa-sin-fars-arv-anklagar-borgmastaren-undanhalla-arv\/#article","isPartOf":{"@id":"https:\/\/lightweb.dev\/l\/svm-temp\/nyheter\/joakim-broberg-gor-ansprak-pa-sin-fars-arv-anklagar-borgmastaren-undanhalla-arv\/"},"author":{"name":"Ola Josefsson","@id":"https:\/\/lightweb.dev\/l\/svm-temp\/#\/schema\/person\/7a82b8a73d171d32360a564b6d03508e"},"headline":"Joakim Broberg g\u00f6r anspr\u00e5k p\u00e5 sin fars arv \u2013 anklagar borgm\u00e4staren undanh\u00e5lla arv","datePublished":"2025-10-14T19:36:37+00:00","dateModified":"2025-10-14T19:48:50+00:00","mainEntityOfPage":{"@id":"https:\/\/lightweb.dev\/l\/svm-temp\/nyheter\/joakim-broberg-gor-ansprak-pa-sin-fars-arv-anklagar-borgmastaren-undanhalla-arv\/"},"wordCount":403,"publisher":{"@id":"https:\/\/lightweb.dev\/l\/svm-temp\/#organization"},"image":{"@id":"https:\/\/lightweb.dev\/l\/svm-temp\/nyheter\/joakim-broberg-gor-ansprak-pa-sin-fars-arv-anklagar-borgmastaren-undanhalla-arv\/#primaryimage"},"thumbnailUrl":"https:\/\/lightweb.dev\/l\/svm-temp\/wp-content\/uploads\/2023\/12\/F-en2htW4AA5Omu-stor.jpeg","articleSection":["Inrikes","Nyheter"],"inLanguage":"sv-SE"},{"@type":"WebPage","@id":"https:\/\/lightweb.dev\/l\/svm-temp\/nyheter\/joakim-broberg-gor-ansprak-pa-sin-fars-arv-anklagar-borgmastaren-undanhalla-arv\/","url":"https:\/\/lightweb.dev\/l\/svm-temp\/nyheter\/joakim-broberg-gor-ansprak-pa-sin-fars-arv-anklagar-borgmastaren-undanhalla-arv\/","name":"Joakim Broberg g\u00f6r anspr\u00e5k p\u00e5 sin fars arv \u2013 anklagar borgm\u00e4staren undanh\u00e5lla arv - Svenska Magasinet","isPartOf":{"@id":"https:\/\/lightweb.dev\/l\/svm-temp\/#website"},"primaryImageOfPage":{"@id":"https:\/\/lightweb.dev\/l\/svm-temp\/nyheter\/joakim-broberg-gor-ansprak-pa-sin-fars-arv-anklagar-borgmastaren-undanhalla-arv\/#primaryimage"},"image":{"@id":"https:\/\/lightweb.dev\/l\/svm-temp\/nyheter\/joakim-broberg-gor-ansprak-pa-sin-fars-arv-anklagar-borgmastaren-undanhalla-arv\/#primaryimage"},"thumbnailUrl":"https:\/\/lightweb.dev\/l\/svm-temp\/wp-content\/uploads\/2023\/12\/F-en2htW4AA5Omu-stor.jpeg","datePublished":"2025-10-14T19:36:37+00:00","dateModified":"2025-10-14T19:48:50+00:00","breadcrumb":{"@id":"https:\/\/lightweb.dev\/l\/svm-temp\/nyheter\/joakim-broberg-gor-ansprak-pa-sin-fars-arv-anklagar-borgmastaren-undanhalla-arv\/#breadcrumb"},"inLanguage":"sv-SE","potentialAction":[{"@type":"ReadAction","target":["https:\/\/lightweb.dev\/l\/svm-temp\/nyheter\/joakim-broberg-gor-ansprak-pa-sin-fars-arv-anklagar-borgmastaren-undanhalla-arv\/"]}]},{"@type":"ImageObject","inLanguage":"sv-SE","@id":"https:\/\/lightweb.dev\/l\/svm-temp\/nyheter\/joakim-broberg-gor-ansprak-pa-sin-fars-arv-anklagar-borgmastaren-undanhalla-arv\/#primaryimage","url":"https:\/\/lightweb.dev\/l\/svm-temp\/wp-content\/uploads\/2023\/12\/F-en2htW4AA5Omu-stor.jpeg","contentUrl":"https:\/\/lightweb.dev\/l\/svm-temp\/wp-content\/uploads\/2023\/12\/F-en2htW4AA5Omu-stor.jpeg","width":1024,"height":1280},{"@type":"BreadcrumbList","@id":"https:\/\/lightweb.dev\/l\/svm-temp\/nyheter\/joakim-broberg-gor-ansprak-pa-sin-fars-arv-anklagar-borgmastaren-undanhalla-arv\/#breadcrumb","itemListElement":[{"@type":"ListItem","position":1,"name":"Hem","item":"https:\/\/lightweb.dev\/l\/svm-temp\/"},{"@type":"ListItem","position":2,"name":"Joakim Broberg g\u00f6r anspr\u00e5k p\u00e5 sin fars arv \u2013 anklagar borgm\u00e4staren undanh\u00e5lla arv"}]},{"@type":"WebSite","@id":"https:\/\/lightweb.dev\/l\/svm-temp\/#website","url":"https:\/\/lightweb.dev\/l\/svm-temp\/","name":"Svenska Magasinet","description":"Dina Spanska nyheter p&aring; Svenska","publisher":{"@id":"https:\/\/lightweb.dev\/l\/svm-temp\/#organization"},"potentialAction":[{"@type":"SearchAction","target":{"@type":"EntryPoint","urlTemplate":"https:\/\/lightweb.dev\/l\/svm-temp\/?s={search_term_string}"},"query-input":{"@type":"PropertyValueSpecification","valueRequired":true,"valueName":"search_term_string"}}],"inLanguage":"sv-SE"},{"@type":"Organization","@id":"https:\/\/lightweb.dev\/l\/svm-temp\/#organization","name":"Melkerson y Nott SL","alternateName":"Svenska Magasinet","url":"https:\/\/lightweb.dev\/l\/svm-temp\/","logo":{"@type":"ImageObject","inLanguage":"sv-SE","@id":"https:\/\/lightweb.dev\/l\/svm-temp\/#\/schema\/logo\/image\/","url":"https:\/\/lightweb.dev\/l\/svm-temp\/wp-content\/uploads\/2025\/02\/SvM-logo-Xtra-Centrerad-SVART.png","contentUrl":"https:\/\/lightweb.dev\/l\/svm-temp\/wp-content\/uploads\/2025\/02\/SvM-logo-Xtra-Centrerad-SVART.png","width":300,"height":99,"caption":"Melkerson y Nott SL"},"image":{"@id":"https:\/\/lightweb.dev\/l\/svm-temp\/#\/schema\/logo\/image\/"},"sameAs":["https:\/\/www.facebook.com\/svenskamagasinet","https:\/\/x.com\/SvenskaMagasine"]},{"@type":"Person","@id":"https:\/\/lightweb.dev\/l\/svm-temp\/#\/schema\/person\/7a82b8a73d171d32360a564b6d03508e","name":"Ola Josefsson","description":"Bevakar Solkusten och Spanien sedan 1994.","sameAs":["https:\/\/lightweb.dev\/l\/svm-temp"],"url":"https:\/\/lightweb.dev\/l\/svm-temp\/reporter\/ola-josefsson\/"}]}},"_links":{"self":[{"href":"https:\/\/lightweb.dev\/l\/svm-temp\/wp-json\/wp\/v2\/posts\/85146","targetHints":{"allow":["GET"]}}],"collection":[{"href":"https:\/\/lightweb.dev\/l\/svm-temp\/wp-json\/wp\/v2\/posts"}],"about":[{"href":"https:\/\/lightweb.dev\/l\/svm-temp\/wp-json\/wp\/v2\/types\/post"}],"author":[{"embeddable":true,"href":"https:\/\/lightweb.dev\/l\/svm-temp\/wp-json\/wp\/v2\/users\/7"}],"replies":[{"embeddable":true,"href":"https:\/\/lightweb.dev\/l\/svm-temp\/wp-json\/wp\/v2\/comments?post=85146"}],"version-history":[{"count":0,"href":"https:\/\/lightweb.dev\/l\/svm-temp\/wp-json\/wp\/v2\/posts\/85146\/revisions"}],"wp:featuredmedia":[{"embeddable":true,"href":"https:\/\/lightweb.dev\/l\/svm-temp\/wp-json\/wp\/v2\/media\/68113"}],"wp:attachment":[{"href":"https:\/\/lightweb.dev\/l\/svm-temp\/wp-json\/wp\/v2\/media?parent=85146"}],"wp:term":[{"taxonomy":"category","embeddable":true,"href":"https:\/\/lightweb.dev\/l\/svm-temp\/wp-json\/wp\/v2\/categories?post=85146"},{"taxonomy":"post_tag","embeddable":true,"href":"https:\/\/lightweb.dev\/l\/svm-temp\/wp-json\/wp\/v2\/tags?post=85146"}],"curies":[{"name":"wp","href":"https:\/\/api.w.org\/{rel}","templated":true}]}}