{"id":85183,"date":"2025-10-15T17:36:14","date_gmt":"2025-10-15T15:36:14","guid":{"rendered":"https:\/\/lightweb.dev\/l\/svm-temp\/?p=85183"},"modified":"2025-10-15T22:46:33","modified_gmt":"2025-10-15T20:46:33","slug":"38-aring-som-skot-svensk-rapare-misstankt-for-flyktforsok","status":"publish","type":"post","link":"https:\/\/lightweb.dev\/l\/svm-temp\/nyheter\/38-aring-som-skot-svensk-rapare-misstankt-for-flyktforsok\/","title":{"rendered":"38-\u00e5ring som sk\u00f6t svensk rappare misst\u00e4nkt f\u00f6r flyktf\u00f6rs\u00f6k"},"content":{"rendered":"<p><strong>Den 38-\u00e5rige svenske medborgaren som nyligen h\u00e4ktades f\u00f6r mordet p\u00e5 Hamza Karimi, mera k\u00e4nd som Hamko, vid en uteservering n\u00e4ra fritidshamnen Puerto Ban\u00fas har f\u00f6rs\u00f6kt fly fr\u00e5n anstalten n\u00e4ra Alhaur\u00edn de la Torre.<\/strong><\/p>\n<p><a href=\"https:\/\/www.malagahoy.es\/provincia\/fugarse-prision-alhaurin-torre-detenido-rapero-sueco-marbella_0_2005016475.html\">M\u00e1laga Hoy<\/a> som var f\u00f6rst med nyheten citerar k\u00e4llor vid TAMPM (Abandono Me Puede Matar) som \u00e4r fackf\u00f6reningen f\u00f6r f\u00e5ngvaktare vid anstalter.<\/p>\n<p>Det har varit en dramatisk inledningen p\u00e5 veckan d\u00e4r tv\u00e5 interner misst\u00e4nks f\u00f6r att ha planerat f\u00f6r en rymning p\u00e5 tisdagen. En av dem \u00e4r mannen som greps den 3 oktober, misst\u00e4nkt f\u00f6r att ha d\u00f6dat en svensk rappare i Marbella.<\/p>\n<h2 class=\"entry-title\">L\u00e4s mer: <a href=\"https:\/\/lightweb.dev\/l\/svm-temp\/artiklar\/skaka-galler-i-alhaurin-de-la-torre\/\">Skaka galler i Alhaurin de la Torre<\/a><\/h2>\n<p><span dir=\"auto\">Sedan mannen anl\u00e4nde till anstalten har han uppvisat en &#8221;trotsig attityd&#8221; \u00e4ven om han inte har varit inblandad i n\u00e5gra incidenter som involverar andra interner eller personal, s\u00e4ger en k\u00e4lla till tidningen.<\/span><\/p>\n<p>De tv\u00e5 delade en f\u00f6rst\u00e4rkt cell i modul 2. Polisen uppt\u00e4ckte att ett av f\u00f6nstergallren hade slitits ut i ena \u00e4nden.<\/p>\n<p>&#8211; Vi tror att de kan ha gjort detta genom att sparka eller anv\u00e4nda ett trubbigt f\u00f6rem\u00e5l, s\u00e4ger polisen.<\/p>\n<p>Nu \u00e4r de b\u00e5da m\u00e4nnen misst\u00e4nkta f\u00f6r flyktf\u00f6rs\u00f6k och har omplacerats till en annan avdelning med <span dir=\"auto\">f\u00e5ngar som kr\u00e4ver extra bevakning i samband med flyktf\u00f6rs\u00f6k.<\/span><\/p>\n<h2 class=\"entry-title\">L\u00e4s mer: <a href=\"https:\/\/lightweb.dev\/l\/svm-temp\/nyheter\/dalennatverket-misstanks-vara-inblandade-i-marbellamord-billig-lonnmordare\/\">Dalenn\u00e4tverket misst\u00e4nks vara inblandade i Marbellamord \u2013 billig l\u00f6nnm\u00f6rdare<\/a><\/h2>\n<p>I m\u00e5ndags blev en f\u00e4ngelsevakt \u00f6verfallen och f\u00e4ngelsepersonal har f\u00e5tt motta obscena gester och kommenterar med sexuella inslag vilket har f\u00e5tt fackf\u00f6reningarna TAMPM och CSIF att sl\u00e5 larm.<\/p>\n<p>M\u00e5ndagen den 6 oktober h\u00e4ktades den 38-\u00e5rige svenske medborgaren, ursprungligen fr\u00e5n Afghanistan, vid en domstol i Marbella utan m\u00f6jlighet till borgen.<\/p>\n","protected":false},"excerpt":{"rendered":"<p>Den 38-\u00e5rige svenske medborgaren som nyligen h\u00e4ktades f\u00f6r mordet p\u00e5 Hamza Karimi, mera k\u00e4nd som Hamko, vid en uteservering n\u00e4ra fritidshamnen Puerto Ban\u00fas har f\u00f6rs\u00f6kt fly fr\u00e5n anstalten n\u00e4ra Alhaur\u00edn de la Torre&#8230;<\/p>\n","protected":false},"author":7,"featured_media":85182,"comment_status":"closed","ping_status":"closed","sticky":false,"template":"","format":"standard","meta":{"_et_pb_use_builder":"","_et_pb_old_content":"","_et_gb_content_width":"","footnotes":""},"categories":[284,3],"tags":[],"class_list":["post-85183","post","type-post","status-publish","format-standard","has-post-thumbnail","hentry","category-inrikes","category-nyheter"],"yoast_head":"<!-- This site is optimized with the Yoast SEO Premium plugin v26.2 (Yoast SEO v28.2) - https:\/\/yoast.com\/product\/yoast-seo-premium-wordpress\/ -->\n<title>38-\u00e5ring som sk\u00f6t svensk rappare misst\u00e4nkt f\u00f6r flyktf\u00f6rs\u00f6k - Svenska Magasinet<\/title>\n<meta name=\"robots\" content=\"noindex, follow, max-snippet:-1, max-image-preview:large, max-video-preview:-1\" \/>\n<meta property=\"og:locale\" content=\"sv_SE\" \/>\n<meta property=\"og:type\" content=\"article\" \/>\n<meta property=\"og:title\" content=\"38-\u00e5ring som sk\u00f6t svensk rappare misst\u00e4nkt f\u00f6r flyktf\u00f6rs\u00f6k\" \/>\n<meta property=\"og:description\" content=\"Den 38-\u00e5rige svenske medborgaren som nyligen h\u00e4ktades f\u00f6r mordet p\u00e5 Hamza Karimi, mera k\u00e4nd som Hamko, vid en uteservering n\u00e4ra fritidshamnen Puerto Ban\u00fas har f\u00f6rs\u00f6kt fly fr\u00e5n anstalten n\u00e4ra Alhaur\u00edn de la Torre...\" \/>\n<meta property=\"og:url\" content=\"https:\/\/lightweb.dev\/l\/svm-temp\/nyheter\/38-aring-som-skot-svensk-rapare-misstankt-for-flyktforsok\/\" \/>\n<meta property=\"og:site_name\" content=\"Svenska Magasinet\" \/>\n<meta property=\"article:publisher\" content=\"https:\/\/www.facebook.com\/svenskamagasinet\" \/>\n<meta property=\"article:published_time\" content=\"2025-10-15T15:36:14+00:00\" \/>\n<meta property=\"article:modified_time\" content=\"2025-10-15T20:46:33+00:00\" \/>\n<meta property=\"og:image\" content=\"https:\/\/lightweb.dev\/l\/svm-temp\/wp-content\/uploads\/2025\/10\/svm20251015153228.webp\" \/>\n\t<meta property=\"og:image:width\" content=\"900\" \/>\n\t<meta property=\"og:image:height\" content=\"400\" \/>\n\t<meta property=\"og:image:type\" content=\"image\/webp\" \/>\n<meta name=\"author\" content=\"Ola Josefsson\" \/>\n<meta name=\"twitter:card\" content=\"summary_large_image\" \/>\n<meta name=\"twitter:creator\" content=\"@SvenskaMagasine\" \/>\n<meta name=\"twitter:site\" content=\"@SvenskaMagasine\" \/>\n<script type=\"application\/ld+json\" class=\"yoast-schema-graph\">{\"@context\":\"https:\\\/\\\/schema.org\",\"@graph\":[{\"@type\":\"Article\",\"@id\":\"https:\\\/\\\/lightweb.dev\\\/l\\\/svm-temp\\\/nyheter\\\/38-aring-som-skot-svensk-rapare-misstankt-for-flyktforsok\\\/#article\",\"isPartOf\":{\"@id\":\"https:\\\/\\\/lightweb.dev\\\/l\\\/svm-temp\\\/nyheter\\\/38-aring-som-skot-svensk-rapare-misstankt-for-flyktforsok\\\/\"},\"author\":{\"name\":\"Ola Josefsson\",\"@id\":\"https:\\\/\\\/lightweb.dev\\\/l\\\/svm-temp\\\/#\\\/schema\\\/person\\\/7a82b8a73d171d32360a564b6d03508e\"},\"headline\":\"38-\u00e5ring som sk\u00f6t svensk rappare misst\u00e4nkt f\u00f6r flyktf\u00f6rs\u00f6k\",\"datePublished\":\"2025-10-15T15:36:14+00:00\",\"dateModified\":\"2025-10-15T20:46:33+00:00\",\"mainEntityOfPage\":{\"@id\":\"https:\\\/\\\/lightweb.dev\\\/l\\\/svm-temp\\\/nyheter\\\/38-aring-som-skot-svensk-rapare-misstankt-for-flyktforsok\\\/\"},\"wordCount\":335,\"publisher\":{\"@id\":\"https:\\\/\\\/lightweb.dev\\\/l\\\/svm-temp\\\/#organization\"},\"image\":{\"@id\":\"https:\\\/\\\/lightweb.dev\\\/l\\\/svm-temp\\\/nyheter\\\/38-aring-som-skot-svensk-rapare-misstankt-for-flyktforsok\\\/#primaryimage\"},\"thumbnailUrl\":\"https:\\\/\\\/lightweb.dev\\\/l\\\/svm-temp\\\/wp-content\\\/uploads\\\/2025\\\/10\\\/svm20251015153228.webp\",\"articleSection\":[\"Inrikes\",\"Nyheter\"],\"inLanguage\":\"sv-SE\"},{\"@type\":\"WebPage\",\"@id\":\"https:\\\/\\\/lightweb.dev\\\/l\\\/svm-temp\\\/nyheter\\\/38-aring-som-skot-svensk-rapare-misstankt-for-flyktforsok\\\/\",\"url\":\"https:\\\/\\\/lightweb.dev\\\/l\\\/svm-temp\\\/nyheter\\\/38-aring-som-skot-svensk-rapare-misstankt-for-flyktforsok\\\/\",\"name\":\"38-\u00e5ring som sk\u00f6t svensk rappare misst\u00e4nkt f\u00f6r flyktf\u00f6rs\u00f6k - Svenska Magasinet\",\"isPartOf\":{\"@id\":\"https:\\\/\\\/lightweb.dev\\\/l\\\/svm-temp\\\/#website\"},\"primaryImageOfPage\":{\"@id\":\"https:\\\/\\\/lightweb.dev\\\/l\\\/svm-temp\\\/nyheter\\\/38-aring-som-skot-svensk-rapare-misstankt-for-flyktforsok\\\/#primaryimage\"},\"image\":{\"@id\":\"https:\\\/\\\/lightweb.dev\\\/l\\\/svm-temp\\\/nyheter\\\/38-aring-som-skot-svensk-rapare-misstankt-for-flyktforsok\\\/#primaryimage\"},\"thumbnailUrl\":\"https:\\\/\\\/lightweb.dev\\\/l\\\/svm-temp\\\/wp-content\\\/uploads\\\/2025\\\/10\\\/svm20251015153228.webp\",\"datePublished\":\"2025-10-15T15:36:14+00:00\",\"dateModified\":\"2025-10-15T20:46:33+00:00\",\"breadcrumb\":{\"@id\":\"https:\\\/\\\/lightweb.dev\\\/l\\\/svm-temp\\\/nyheter\\\/38-aring-som-skot-svensk-rapare-misstankt-for-flyktforsok\\\/#breadcrumb\"},\"inLanguage\":\"sv-SE\",\"potentialAction\":[{\"@type\":\"ReadAction\",\"target\":[\"https:\\\/\\\/lightweb.dev\\\/l\\\/svm-temp\\\/nyheter\\\/38-aring-som-skot-svensk-rapare-misstankt-for-flyktforsok\\\/\"]}]},{\"@type\":\"ImageObject\",\"inLanguage\":\"sv-SE\",\"@id\":\"https:\\\/\\\/lightweb.dev\\\/l\\\/svm-temp\\\/nyheter\\\/38-aring-som-skot-svensk-rapare-misstankt-for-flyktforsok\\\/#primaryimage\",\"url\":\"https:\\\/\\\/lightweb.dev\\\/l\\\/svm-temp\\\/wp-content\\\/uploads\\\/2025\\\/10\\\/svm20251015153228.webp\",\"contentUrl\":\"https:\\\/\\\/lightweb.dev\\\/l\\\/svm-temp\\\/wp-content\\\/uploads\\\/2025\\\/10\\\/svm20251015153228.webp\",\"width\":900,\"height\":400,\"caption\":\"Den 38-\u00e5rige g\u00e4rningspersonen f\u00e5ngades av en \u00f6vervakningskamera. Nu misst\u00e4nks mannen f\u00f6r flyktf\u00f6rs\u00f6k efter att ha blivit h\u00e4ktad.\"},{\"@type\":\"BreadcrumbList\",\"@id\":\"https:\\\/\\\/lightweb.dev\\\/l\\\/svm-temp\\\/nyheter\\\/38-aring-som-skot-svensk-rapare-misstankt-for-flyktforsok\\\/#breadcrumb\",\"itemListElement\":[{\"@type\":\"ListItem\",\"position\":1,\"name\":\"Hem\",\"item\":\"https:\\\/\\\/lightweb.dev\\\/l\\\/svm-temp\\\/\"},{\"@type\":\"ListItem\",\"position\":2,\"name\":\"38-\u00e5ring som sk\u00f6t svensk rappare misst\u00e4nkt f\u00f6r flyktf\u00f6rs\u00f6k\"}]},{\"@type\":\"WebSite\",\"@id\":\"https:\\\/\\\/lightweb.dev\\\/l\\\/svm-temp\\\/#website\",\"url\":\"https:\\\/\\\/lightweb.dev\\\/l\\\/svm-temp\\\/\",\"name\":\"Svenska Magasinet\",\"description\":\"Dina Spanska nyheter p&aring; Svenska\",\"publisher\":{\"@id\":\"https:\\\/\\\/lightweb.dev\\\/l\\\/svm-temp\\\/#organization\"},\"potentialAction\":[{\"@type\":\"SearchAction\",\"target\":{\"@type\":\"EntryPoint\",\"urlTemplate\":\"https:\\\/\\\/lightweb.dev\\\/l\\\/svm-temp\\\/?s={search_term_string}\"},\"query-input\":{\"@type\":\"PropertyValueSpecification\",\"valueRequired\":true,\"valueName\":\"search_term_string\"}}],\"inLanguage\":\"sv-SE\"},{\"@type\":\"Organization\",\"@id\":\"https:\\\/\\\/lightweb.dev\\\/l\\\/svm-temp\\\/#organization\",\"name\":\"Melkerson y Nott SL\",\"alternateName\":\"Svenska Magasinet\",\"url\":\"https:\\\/\\\/lightweb.dev\\\/l\\\/svm-temp\\\/\",\"logo\":{\"@type\":\"ImageObject\",\"inLanguage\":\"sv-SE\",\"@id\":\"https:\\\/\\\/lightweb.dev\\\/l\\\/svm-temp\\\/#\\\/schema\\\/logo\\\/image\\\/\",\"url\":\"https:\\\/\\\/lightweb.dev\\\/l\\\/svm-temp\\\/wp-content\\\/uploads\\\/2025\\\/02\\\/SvM-logo-Xtra-Centrerad-SVART.png\",\"contentUrl\":\"https:\\\/\\\/lightweb.dev\\\/l\\\/svm-temp\\\/wp-content\\\/uploads\\\/2025\\\/02\\\/SvM-logo-Xtra-Centrerad-SVART.png\",\"width\":300,\"height\":99,\"caption\":\"Melkerson y Nott SL\"},\"image\":{\"@id\":\"https:\\\/\\\/lightweb.dev\\\/l\\\/svm-temp\\\/#\\\/schema\\\/logo\\\/image\\\/\"},\"sameAs\":[\"https:\\\/\\\/www.facebook.com\\\/svenskamagasinet\",\"https:\\\/\\\/x.com\\\/SvenskaMagasine\"]},{\"@type\":\"Person\",\"@id\":\"https:\\\/\\\/lightweb.dev\\\/l\\\/svm-temp\\\/#\\\/schema\\\/person\\\/7a82b8a73d171d32360a564b6d03508e\",\"name\":\"Ola Josefsson\",\"description\":\"Bevakar Solkusten och Spanien sedan 1994.\",\"sameAs\":[\"https:\\\/\\\/lightweb.dev\\\/l\\\/svm-temp\"],\"url\":\"https:\\\/\\\/lightweb.dev\\\/l\\\/svm-temp\\\/reporter\\\/ola-josefsson\\\/\"}]}<\/script>\n<!-- \/ Yoast SEO Premium plugin. -->","yoast_head_json":{"title":"38-\u00e5ring som sk\u00f6t svensk rappare misst\u00e4nkt f\u00f6r flyktf\u00f6rs\u00f6k - Svenska Magasinet","robots":{"index":"noindex","follow":"follow","max-snippet":"max-snippet:-1","max-image-preview":"max-image-preview:large","max-video-preview":"max-video-preview:-1"},"og_locale":"sv_SE","og_type":"article","og_title":"38-\u00e5ring som sk\u00f6t svensk rappare misst\u00e4nkt f\u00f6r flyktf\u00f6rs\u00f6k","og_description":"Den 38-\u00e5rige svenske medborgaren som nyligen h\u00e4ktades f\u00f6r mordet p\u00e5 Hamza Karimi, mera k\u00e4nd som Hamko, vid en uteservering n\u00e4ra fritidshamnen Puerto Ban\u00fas har f\u00f6rs\u00f6kt fly fr\u00e5n anstalten n\u00e4ra Alhaur\u00edn de la Torre...","og_url":"https:\/\/lightweb.dev\/l\/svm-temp\/nyheter\/38-aring-som-skot-svensk-rapare-misstankt-for-flyktforsok\/","og_site_name":"Svenska Magasinet","article_publisher":"https:\/\/www.facebook.com\/svenskamagasinet","article_published_time":"2025-10-15T15:36:14+00:00","article_modified_time":"2025-10-15T20:46:33+00:00","og_image":[{"width":900,"height":400,"url":"https:\/\/lightweb.dev\/l\/svm-temp\/wp-content\/uploads\/2025\/10\/svm20251015153228.webp","type":"image\/webp"}],"author":"Ola Josefsson","twitter_card":"summary_large_image","twitter_creator":"@SvenskaMagasine","twitter_site":"@SvenskaMagasine","schema":{"@context":"https:\/\/schema.org","@graph":[{"@type":"Article","@id":"https:\/\/lightweb.dev\/l\/svm-temp\/nyheter\/38-aring-som-skot-svensk-rapare-misstankt-for-flyktforsok\/#article","isPartOf":{"@id":"https:\/\/lightweb.dev\/l\/svm-temp\/nyheter\/38-aring-som-skot-svensk-rapare-misstankt-for-flyktforsok\/"},"author":{"name":"Ola Josefsson","@id":"https:\/\/lightweb.dev\/l\/svm-temp\/#\/schema\/person\/7a82b8a73d171d32360a564b6d03508e"},"headline":"38-\u00e5ring som sk\u00f6t svensk rappare misst\u00e4nkt f\u00f6r flyktf\u00f6rs\u00f6k","datePublished":"2025-10-15T15:36:14+00:00","dateModified":"2025-10-15T20:46:33+00:00","mainEntityOfPage":{"@id":"https:\/\/lightweb.dev\/l\/svm-temp\/nyheter\/38-aring-som-skot-svensk-rapare-misstankt-for-flyktforsok\/"},"wordCount":335,"publisher":{"@id":"https:\/\/lightweb.dev\/l\/svm-temp\/#organization"},"image":{"@id":"https:\/\/lightweb.dev\/l\/svm-temp\/nyheter\/38-aring-som-skot-svensk-rapare-misstankt-for-flyktforsok\/#primaryimage"},"thumbnailUrl":"https:\/\/lightweb.dev\/l\/svm-temp\/wp-content\/uploads\/2025\/10\/svm20251015153228.webp","articleSection":["Inrikes","Nyheter"],"inLanguage":"sv-SE"},{"@type":"WebPage","@id":"https:\/\/lightweb.dev\/l\/svm-temp\/nyheter\/38-aring-som-skot-svensk-rapare-misstankt-for-flyktforsok\/","url":"https:\/\/lightweb.dev\/l\/svm-temp\/nyheter\/38-aring-som-skot-svensk-rapare-misstankt-for-flyktforsok\/","name":"38-\u00e5ring som sk\u00f6t svensk rappare misst\u00e4nkt f\u00f6r flyktf\u00f6rs\u00f6k - Svenska Magasinet","isPartOf":{"@id":"https:\/\/lightweb.dev\/l\/svm-temp\/#website"},"primaryImageOfPage":{"@id":"https:\/\/lightweb.dev\/l\/svm-temp\/nyheter\/38-aring-som-skot-svensk-rapare-misstankt-for-flyktforsok\/#primaryimage"},"image":{"@id":"https:\/\/lightweb.dev\/l\/svm-temp\/nyheter\/38-aring-som-skot-svensk-rapare-misstankt-for-flyktforsok\/#primaryimage"},"thumbnailUrl":"https:\/\/lightweb.dev\/l\/svm-temp\/wp-content\/uploads\/2025\/10\/svm20251015153228.webp","datePublished":"2025-10-15T15:36:14+00:00","dateModified":"2025-10-15T20:46:33+00:00","breadcrumb":{"@id":"https:\/\/lightweb.dev\/l\/svm-temp\/nyheter\/38-aring-som-skot-svensk-rapare-misstankt-for-flyktforsok\/#breadcrumb"},"inLanguage":"sv-SE","potentialAction":[{"@type":"ReadAction","target":["https:\/\/lightweb.dev\/l\/svm-temp\/nyheter\/38-aring-som-skot-svensk-rapare-misstankt-for-flyktforsok\/"]}]},{"@type":"ImageObject","inLanguage":"sv-SE","@id":"https:\/\/lightweb.dev\/l\/svm-temp\/nyheter\/38-aring-som-skot-svensk-rapare-misstankt-for-flyktforsok\/#primaryimage","url":"https:\/\/lightweb.dev\/l\/svm-temp\/wp-content\/uploads\/2025\/10\/svm20251015153228.webp","contentUrl":"https:\/\/lightweb.dev\/l\/svm-temp\/wp-content\/uploads\/2025\/10\/svm20251015153228.webp","width":900,"height":400,"caption":"Den 38-\u00e5rige g\u00e4rningspersonen f\u00e5ngades av en \u00f6vervakningskamera. Nu misst\u00e4nks mannen f\u00f6r flyktf\u00f6rs\u00f6k efter att ha blivit h\u00e4ktad."},{"@type":"BreadcrumbList","@id":"https:\/\/lightweb.dev\/l\/svm-temp\/nyheter\/38-aring-som-skot-svensk-rapare-misstankt-for-flyktforsok\/#breadcrumb","itemListElement":[{"@type":"ListItem","position":1,"name":"Hem","item":"https:\/\/lightweb.dev\/l\/svm-temp\/"},{"@type":"ListItem","position":2,"name":"38-\u00e5ring som sk\u00f6t svensk rappare misst\u00e4nkt f\u00f6r flyktf\u00f6rs\u00f6k"}]},{"@type":"WebSite","@id":"https:\/\/lightweb.dev\/l\/svm-temp\/#website","url":"https:\/\/lightweb.dev\/l\/svm-temp\/","name":"Svenska Magasinet","description":"Dina Spanska nyheter p&aring; Svenska","publisher":{"@id":"https:\/\/lightweb.dev\/l\/svm-temp\/#organization"},"potentialAction":[{"@type":"SearchAction","target":{"@type":"EntryPoint","urlTemplate":"https:\/\/lightweb.dev\/l\/svm-temp\/?s={search_term_string}"},"query-input":{"@type":"PropertyValueSpecification","valueRequired":true,"valueName":"search_term_string"}}],"inLanguage":"sv-SE"},{"@type":"Organization","@id":"https:\/\/lightweb.dev\/l\/svm-temp\/#organization","name":"Melkerson y Nott SL","alternateName":"Svenska Magasinet","url":"https:\/\/lightweb.dev\/l\/svm-temp\/","logo":{"@type":"ImageObject","inLanguage":"sv-SE","@id":"https:\/\/lightweb.dev\/l\/svm-temp\/#\/schema\/logo\/image\/","url":"https:\/\/lightweb.dev\/l\/svm-temp\/wp-content\/uploads\/2025\/02\/SvM-logo-Xtra-Centrerad-SVART.png","contentUrl":"https:\/\/lightweb.dev\/l\/svm-temp\/wp-content\/uploads\/2025\/02\/SvM-logo-Xtra-Centrerad-SVART.png","width":300,"height":99,"caption":"Melkerson y Nott SL"},"image":{"@id":"https:\/\/lightweb.dev\/l\/svm-temp\/#\/schema\/logo\/image\/"},"sameAs":["https:\/\/www.facebook.com\/svenskamagasinet","https:\/\/x.com\/SvenskaMagasine"]},{"@type":"Person","@id":"https:\/\/lightweb.dev\/l\/svm-temp\/#\/schema\/person\/7a82b8a73d171d32360a564b6d03508e","name":"Ola Josefsson","description":"Bevakar Solkusten och Spanien sedan 1994.","sameAs":["https:\/\/lightweb.dev\/l\/svm-temp"],"url":"https:\/\/lightweb.dev\/l\/svm-temp\/reporter\/ola-josefsson\/"}]}},"_links":{"self":[{"href":"https:\/\/lightweb.dev\/l\/svm-temp\/wp-json\/wp\/v2\/posts\/85183","targetHints":{"allow":["GET"]}}],"collection":[{"href":"https:\/\/lightweb.dev\/l\/svm-temp\/wp-json\/wp\/v2\/posts"}],"about":[{"href":"https:\/\/lightweb.dev\/l\/svm-temp\/wp-json\/wp\/v2\/types\/post"}],"author":[{"embeddable":true,"href":"https:\/\/lightweb.dev\/l\/svm-temp\/wp-json\/wp\/v2\/users\/7"}],"replies":[{"embeddable":true,"href":"https:\/\/lightweb.dev\/l\/svm-temp\/wp-json\/wp\/v2\/comments?post=85183"}],"version-history":[{"count":0,"href":"https:\/\/lightweb.dev\/l\/svm-temp\/wp-json\/wp\/v2\/posts\/85183\/revisions"}],"wp:featuredmedia":[{"embeddable":true,"href":"https:\/\/lightweb.dev\/l\/svm-temp\/wp-json\/wp\/v2\/media\/85182"}],"wp:attachment":[{"href":"https:\/\/lightweb.dev\/l\/svm-temp\/wp-json\/wp\/v2\/media?parent=85183"}],"wp:term":[{"taxonomy":"category","embeddable":true,"href":"https:\/\/lightweb.dev\/l\/svm-temp\/wp-json\/wp\/v2\/categories?post=85183"},{"taxonomy":"post_tag","embeddable":true,"href":"https:\/\/lightweb.dev\/l\/svm-temp\/wp-json\/wp\/v2\/tags?post=85183"}],"curies":[{"name":"wp","href":"https:\/\/api.w.org\/{rel}","templated":true}]}}