{"id":85205,"date":"2025-10-16T12:52:19","date_gmt":"2025-10-16T10:52:19","guid":{"rendered":"https:\/\/lightweb.dev\/l\/svm-temp\/?p=85205"},"modified":"2025-10-16T12:53:42","modified_gmt":"2025-10-16T10:53:42","slug":"positiva-tongangar-pa-hemmaplan-ger-svallvagor-i-spanien","status":"publish","type":"post","link":"https:\/\/lightweb.dev\/l\/svm-temp\/nyheter\/positiva-tongangar-pa-hemmaplan-ger-svallvagor-i-spanien\/","title":{"rendered":"Positiva tong\u00e5ngar p\u00e5 hemmaplan ger svallv\u00e5gor i Spanien"},"content":{"rendered":"<p><strong>Till helgen arrangeras m\u00e4ssan K\u00f6pa Hus Utomlands i Globen Annexet i anslutning till Avicii Arena i Stockholm. Lagom till m\u00e4ssan rapporteras det om stigande optimismen p\u00e5 bostadsmarknaden i Sverige.<\/strong><\/p>\n<p><strong>S\u00e5dant smittar av sig n\u00e4r svenskar s\u00f6ker i utlandet.<\/strong><\/p>\n<p>Positiva tong\u00e5ngar p\u00e5 hemmaplan ger svallv\u00e5gor i Spanien. S\u00e5 har det varit historiskt.<\/p>\n<p>I Sverige \u00e4r andelen bostads\u00e4gare som oroar sig f\u00f6r fallande priser p\u00e5 den l\u00e4gsta niv\u00e5n sedan 2018, visar nya siffror, skriver <a href=\"https:\/\/www.svd.se\/a\/KMO91M\/bostadsagare-kan-andas-ut-optimism-pa-marknaden\">Svenska Dagbladet.<\/a><\/p>\n<p>&#8211; Vi styrs mycket av psykologi och svenskarnas os\u00e4kerhet kring ekonomin har l\u00e4nge varit en bromskloss f\u00f6r bostadsmarknaden, s\u00e4ger Marcus Svanberg, vd f\u00f6r L\u00e4nsf\u00f6rs\u00e4kringar Fastighetsf\u00f6rmedling som nu talar om ett \u201dtrendbrott\u201d.<\/p>\n<p>Expansiv finanspolitik, h\u00f6jda reall\u00f6ner och s\u00e4nkt styrr\u00e4nta har st\u00e4rkt hush\u00e5llens ekonomin.<\/p>\n<p>Unders\u00f6kningar som publicerats senaste tiden om bostadsk\u00f6p i Spanien har visat en het spansk bostadsmarknad med \u00f6kad efterfr\u00e5gan. D\u00e4remot har efterfr\u00e5gan fr\u00e5n svenskar svalnat, varit relativt svag och minskat sedan i juli.<\/p>\n<p>Att det b\u00f6rjar ljusna p\u00e5 den svenska bostadsmarknaden kan f\u00e5 fart p\u00e5 efterfr\u00e5gan i Spanien.<\/p>\n<p>I Spanien forts\u00e4tter bostadspriserna att \u00f6ka. Priserna p\u00e5 bost\u00e4der i omr\u00e5den i Spanien dit nordborna lockas har stigit med 13 procent p\u00e5 \u00e5rsbasis.<\/p>\n<p>Vid senaste K\u00f6pa Hus Utomlands vid Svenska m\u00e4ssan i G\u00f6teborg kom 2\u00a0234 bes\u00f6kare. Det tog sig p\u00e5 s\u00f6ndagen efter att stormen Amy h\u00e4rjade p\u00e5 v\u00e4stkusten p\u00e5 l\u00f6rdagen. Bara 925 bes\u00f6kare kom f\u00f6rsta dagen.<\/p>\n<p>Till helgen f\u00f6rv\u00e4ntas klart eller halvklart v\u00e4der med sol och runt nio grader i Stockholm.<\/p>\n<h2>Stockholm<\/h2>\n<p>Svenska Magasinet \u00e4r mediapartner till K\u00f6pa Hus Utomlands och bjuder sina l\u00e4sare p\u00e5 intr\u00e4det under hela helgen 18 och 19 oktober. Anv\u00e4nd rabattkoden SM25 vid f\u00f6rhandsbokning p\u00e5 webben.<\/p>\n<p>Alla \u00f6vriga utan f\u00f6rhandsbokning f\u00e5r betala 75 SEK per person.<\/p>\n<p>Det \u00e4r 46 utst\u00e4llare som medverkar.<\/p>\n<p><img loading=\"lazy\" decoding=\"async\" class=\"alignnone wp-image-84881 size-full\" src=\"https:\/\/lightweb.dev\/l\/svm-temp\/wp-content\/uploads\/2025\/10\/svm20251001100028.webp\" alt=\"\" width=\"900\" height=\"400\" srcset=\"https:\/\/lightweb.dev\/l\/svm-temp\/wp-content\/uploads\/2025\/10\/svm20251001100028.webp 900w, https:\/\/lightweb.dev\/l\/svm-temp\/wp-content\/uploads\/2025\/10\/svm20251001100028-480x213.webp 480w\" sizes=\"(min-width: 0px) and (max-width: 480px) 480px, (min-width: 481px) 900px, 100vw\" \/><\/p>\n<h2>Tr\u00e4ffa oss<\/h2>\n<p>Johan Pettersson fr\u00e5n Svenska Magasinet och systertidningen Spa\u00f1ien Magasinet \u00e4r p\u00e5 plats p\u00e5 Svenska m\u00e4ssan l\u00f6rdag och s\u00f6ndag, 18 och 19 oktober.<\/p>\n<p>Du \u00e4r varmt v\u00e4lkommen att bes\u00f6ka v\u00e5r monter. H\u00e4r f\u00e5r du ett eget exemplar av Svenska Magasinet och kan best\u00e4lla prenumeration p\u00e5 kvartalsmagasinet Spa\u00f1ien Magasinet. Eller f\u00e5 tillg\u00e5ng till ett gratis nyhetsmejl om Spanien p\u00e5 vardagar.<\/p>\n<h2>Fakta\/Fastighetsm\u00e4ssan K\u00f6pa Hus Utomlands<\/h2>\n<p>Adress: Avicii Arena, Annexet, t-bana Globen. Ing\u00e5ng: Annexet entr\u00e9 3<\/p>\n<p>\u00d6ppettider: L\u00f6rdag klockan 10.30-17. S\u00f6ndag klockan 10.30-16.<\/p>\n<p>L\u00e4nder representerade: Spanien (inkl. Kanarie\u00f6arna och Mallorca), Portugal, Italien, Grekland, Cypern, Malta, Frankrike, Norra Cypern, Thailand, Turkiet, Bali och Dubai.<\/p>\n<p>L\u00e4s mer p\u00e5: <a href=\"https:\/\/www.fairmedia.se\/event\/stockholm-18-19-oktober\/\">fairmedia.se<\/a><\/p>\n<h2><img loading=\"lazy\" decoding=\"async\" class=\"alignnone wp-image-84882 size-full\" src=\"https:\/\/lightweb.dev\/l\/svm-temp\/wp-content\/uploads\/2025\/10\/svm20251001100052.webp\" alt=\"\" width=\"900\" height=\"400\" srcset=\"https:\/\/lightweb.dev\/l\/svm-temp\/wp-content\/uploads\/2025\/10\/svm20251001100052.webp 900w, https:\/\/lightweb.dev\/l\/svm-temp\/wp-content\/uploads\/2025\/10\/svm20251001100052-480x213.webp 480w\" sizes=\"(min-width: 0px) and (max-width: 480px) 480px, (min-width: 481px) 900px, 100vw\" \/><\/h2>\n<h2>Seminarieprogram l\u00f6rdag och s\u00f6ndag:<\/h2>\n<p><strong>Seminarie 1<\/strong><\/p>\n<p>10.45 Skatter vid utflyttning<\/p>\n<p>11.30 Spanien<\/p>\n<p>12.30 Pensionering utomlands<\/p>\n<p>13.30 Portugal<\/p>\n<p>14.30 Spanien<\/p>\n<p>15.30 Malta<\/p>\n<p><strong>Seminarie 2<\/strong><\/p>\n<p>10.45 K\u00f6pprocessen i Spanien<\/p>\n<p>11.30 Framtiden f\u00f6r semesterbost\u00e4der<\/p>\n<p>12.15 Frankrike<\/p>\n<p>13.15 Livet i Spanien<\/p>\n<p>14.15 Cypern<\/p>\n<p>15.00 Skatt vid bolagsf\u00f6rs\u00e4ljning<\/p>\n<p><strong>Seminarie 3<\/strong><\/p>\n<p>11.15 Italien<\/p>\n<p>12.00 Dubai<\/p>\n<p>12.45 Bali<\/p>\n<p>13.30 Skatteoptimering i Sverige<\/p>\n<p>14.15 Thailand<\/p>\n<p>15.00 Bol\u00e5n i Spanien och Frankrike<\/p>\n<p><a href=\"https:\/\/www.fairmedia.se\/wp-content\/uploads\/2025\/10\/STH_info_seminarier_HT25-4.pdf\"><strong>L\u00e4s mer om seminarierna h\u00e4r.<\/strong><\/a><\/p>\n<h2>Fastighetsm\u00e4ssor K\u00f6pa Hus Utomlands 2026<\/h2>\n<p>Stockholm, Globen Annexet, Avicii Arena, 7-8 februari 2026<\/p>\n<p>G\u00f6teborg, Elite Park p\u00e5 Avenyn, 21-22 februari 2026<\/p>\n","protected":false},"excerpt":{"rendered":"<p>Till helgen arrangeras m\u00e4ssan K\u00f6pa Hus Utomlands i Globen Annexet i anslutning till Avicii Arena i Stockholm. Lagom till m\u00e4ssan rapporteras det om stigande optimismen p\u00e5 bostadsmarknaden i Sverige. S\u00e5dant smittar av sig n\u00e4r svenskar s\u00f6ker i utlandet&#8230;<\/p>\n","protected":false},"author":7,"featured_media":85207,"comment_status":"closed","ping_status":"closed","sticky":false,"template":"","format":"standard","meta":{"_et_pb_use_builder":"","_et_pb_old_content":"","_et_gb_content_width":"","footnotes":""},"categories":[395,3],"tags":[],"class_list":["post-85205","post","type-post","status-publish","format-standard","has-post-thumbnail","hentry","category-arkiv-nyheter","category-nyheter"],"yoast_head":"<!-- This site is optimized with the Yoast SEO Premium plugin v26.2 (Yoast SEO v28.2) - https:\/\/yoast.com\/product\/yoast-seo-premium-wordpress\/ -->\n<title>Positiva tong\u00e5ngar p\u00e5 hemmaplan ger svallv\u00e5gor i Spanien - Svenska Magasinet<\/title>\n<meta name=\"robots\" content=\"noindex, follow, max-snippet:-1, max-image-preview:large, max-video-preview:-1\" \/>\n<meta property=\"og:locale\" content=\"sv_SE\" \/>\n<meta property=\"og:type\" content=\"article\" \/>\n<meta property=\"og:title\" content=\"Positiva tong\u00e5ngar p\u00e5 hemmaplan ger svallv\u00e5gor i Spanien\" \/>\n<meta property=\"og:description\" content=\"Till helgen arrangeras m\u00e4ssan K\u00f6pa Hus Utomlands i Globen Annexet i anslutning till Avicii Arena i Stockholm. Lagom till m\u00e4ssan rapporteras det om stigande optimismen p\u00e5 bostadsmarknaden i Sverige. S\u00e5dant smittar av sig n\u00e4r svenskar s\u00f6ker i utlandet...\" \/>\n<meta property=\"og:url\" content=\"https:\/\/lightweb.dev\/l\/svm-temp\/nyheter\/positiva-tongangar-pa-hemmaplan-ger-svallvagor-i-spanien\/\" \/>\n<meta property=\"og:site_name\" content=\"Svenska Magasinet\" \/>\n<meta property=\"article:publisher\" content=\"https:\/\/www.facebook.com\/svenskamagasinet\" \/>\n<meta property=\"article:published_time\" content=\"2025-10-16T10:52:19+00:00\" \/>\n<meta property=\"article:modified_time\" content=\"2025-10-16T10:53:42+00:00\" \/>\n<meta property=\"og:image\" content=\"https:\/\/lightweb.dev\/l\/svm-temp\/wp-content\/uploads\/2025\/10\/svm20251016105024.webp\" \/>\n\t<meta property=\"og:image:width\" content=\"900\" \/>\n\t<meta property=\"og:image:height\" content=\"400\" \/>\n\t<meta property=\"og:image:type\" content=\"image\/webp\" \/>\n<meta name=\"author\" content=\"Ola Josefsson\" \/>\n<meta name=\"twitter:card\" content=\"summary_large_image\" \/>\n<meta name=\"twitter:creator\" content=\"@SvenskaMagasine\" \/>\n<meta name=\"twitter:site\" content=\"@SvenskaMagasine\" \/>\n<script type=\"application\/ld+json\" class=\"yoast-schema-graph\">{\"@context\":\"https:\\\/\\\/schema.org\",\"@graph\":[{\"@type\":\"Article\",\"@id\":\"https:\\\/\\\/lightweb.dev\\\/l\\\/svm-temp\\\/nyheter\\\/positiva-tongangar-pa-hemmaplan-ger-svallvagor-i-spanien\\\/#article\",\"isPartOf\":{\"@id\":\"https:\\\/\\\/lightweb.dev\\\/l\\\/svm-temp\\\/nyheter\\\/positiva-tongangar-pa-hemmaplan-ger-svallvagor-i-spanien\\\/\"},\"author\":{\"name\":\"Ola Josefsson\",\"@id\":\"https:\\\/\\\/lightweb.dev\\\/l\\\/svm-temp\\\/#\\\/schema\\\/person\\\/7a82b8a73d171d32360a564b6d03508e\"},\"headline\":\"Positiva tong\u00e5ngar p\u00e5 hemmaplan ger svallv\u00e5gor i Spanien\",\"datePublished\":\"2025-10-16T10:52:19+00:00\",\"dateModified\":\"2025-10-16T10:53:42+00:00\",\"mainEntityOfPage\":{\"@id\":\"https:\\\/\\\/lightweb.dev\\\/l\\\/svm-temp\\\/nyheter\\\/positiva-tongangar-pa-hemmaplan-ger-svallvagor-i-spanien\\\/\"},\"wordCount\":544,\"publisher\":{\"@id\":\"https:\\\/\\\/lightweb.dev\\\/l\\\/svm-temp\\\/#organization\"},\"image\":{\"@id\":\"https:\\\/\\\/lightweb.dev\\\/l\\\/svm-temp\\\/nyheter\\\/positiva-tongangar-pa-hemmaplan-ger-svallvagor-i-spanien\\\/#primaryimage\"},\"thumbnailUrl\":\"https:\\\/\\\/lightweb.dev\\\/l\\\/svm-temp\\\/wp-content\\\/uploads\\\/2025\\\/10\\\/svm20251016105024.webp\",\"articleSection\":[\"Arkiv\",\"Nyheter\"],\"inLanguage\":\"sv-SE\"},{\"@type\":\"WebPage\",\"@id\":\"https:\\\/\\\/lightweb.dev\\\/l\\\/svm-temp\\\/nyheter\\\/positiva-tongangar-pa-hemmaplan-ger-svallvagor-i-spanien\\\/\",\"url\":\"https:\\\/\\\/lightweb.dev\\\/l\\\/svm-temp\\\/nyheter\\\/positiva-tongangar-pa-hemmaplan-ger-svallvagor-i-spanien\\\/\",\"name\":\"Positiva tong\u00e5ngar p\u00e5 hemmaplan ger svallv\u00e5gor i Spanien - Svenska Magasinet\",\"isPartOf\":{\"@id\":\"https:\\\/\\\/lightweb.dev\\\/l\\\/svm-temp\\\/#website\"},\"primaryImageOfPage\":{\"@id\":\"https:\\\/\\\/lightweb.dev\\\/l\\\/svm-temp\\\/nyheter\\\/positiva-tongangar-pa-hemmaplan-ger-svallvagor-i-spanien\\\/#primaryimage\"},\"image\":{\"@id\":\"https:\\\/\\\/lightweb.dev\\\/l\\\/svm-temp\\\/nyheter\\\/positiva-tongangar-pa-hemmaplan-ger-svallvagor-i-spanien\\\/#primaryimage\"},\"thumbnailUrl\":\"https:\\\/\\\/lightweb.dev\\\/l\\\/svm-temp\\\/wp-content\\\/uploads\\\/2025\\\/10\\\/svm20251016105024.webp\",\"datePublished\":\"2025-10-16T10:52:19+00:00\",\"dateModified\":\"2025-10-16T10:53:42+00:00\",\"breadcrumb\":{\"@id\":\"https:\\\/\\\/lightweb.dev\\\/l\\\/svm-temp\\\/nyheter\\\/positiva-tongangar-pa-hemmaplan-ger-svallvagor-i-spanien\\\/#breadcrumb\"},\"inLanguage\":\"sv-SE\",\"potentialAction\":[{\"@type\":\"ReadAction\",\"target\":[\"https:\\\/\\\/lightweb.dev\\\/l\\\/svm-temp\\\/nyheter\\\/positiva-tongangar-pa-hemmaplan-ger-svallvagor-i-spanien\\\/\"]}]},{\"@type\":\"ImageObject\",\"inLanguage\":\"sv-SE\",\"@id\":\"https:\\\/\\\/lightweb.dev\\\/l\\\/svm-temp\\\/nyheter\\\/positiva-tongangar-pa-hemmaplan-ger-svallvagor-i-spanien\\\/#primaryimage\",\"url\":\"https:\\\/\\\/lightweb.dev\\\/l\\\/svm-temp\\\/wp-content\\\/uploads\\\/2025\\\/10\\\/svm20251016105024.webp\",\"contentUrl\":\"https:\\\/\\\/lightweb.dev\\\/l\\\/svm-temp\\\/wp-content\\\/uploads\\\/2025\\\/10\\\/svm20251016105024.webp\",\"width\":900,\"height\":400},{\"@type\":\"BreadcrumbList\",\"@id\":\"https:\\\/\\\/lightweb.dev\\\/l\\\/svm-temp\\\/nyheter\\\/positiva-tongangar-pa-hemmaplan-ger-svallvagor-i-spanien\\\/#breadcrumb\",\"itemListElement\":[{\"@type\":\"ListItem\",\"position\":1,\"name\":\"Hem\",\"item\":\"https:\\\/\\\/lightweb.dev\\\/l\\\/svm-temp\\\/\"},{\"@type\":\"ListItem\",\"position\":2,\"name\":\"Positiva tong\u00e5ngar p\u00e5 hemmaplan ger svallv\u00e5gor i Spanien\"}]},{\"@type\":\"WebSite\",\"@id\":\"https:\\\/\\\/lightweb.dev\\\/l\\\/svm-temp\\\/#website\",\"url\":\"https:\\\/\\\/lightweb.dev\\\/l\\\/svm-temp\\\/\",\"name\":\"Svenska Magasinet\",\"description\":\"Dina Spanska nyheter p&aring; Svenska\",\"publisher\":{\"@id\":\"https:\\\/\\\/lightweb.dev\\\/l\\\/svm-temp\\\/#organization\"},\"potentialAction\":[{\"@type\":\"SearchAction\",\"target\":{\"@type\":\"EntryPoint\",\"urlTemplate\":\"https:\\\/\\\/lightweb.dev\\\/l\\\/svm-temp\\\/?s={search_term_string}\"},\"query-input\":{\"@type\":\"PropertyValueSpecification\",\"valueRequired\":true,\"valueName\":\"search_term_string\"}}],\"inLanguage\":\"sv-SE\"},{\"@type\":\"Organization\",\"@id\":\"https:\\\/\\\/lightweb.dev\\\/l\\\/svm-temp\\\/#organization\",\"name\":\"Melkerson y Nott SL\",\"alternateName\":\"Svenska Magasinet\",\"url\":\"https:\\\/\\\/lightweb.dev\\\/l\\\/svm-temp\\\/\",\"logo\":{\"@type\":\"ImageObject\",\"inLanguage\":\"sv-SE\",\"@id\":\"https:\\\/\\\/lightweb.dev\\\/l\\\/svm-temp\\\/#\\\/schema\\\/logo\\\/image\\\/\",\"url\":\"https:\\\/\\\/lightweb.dev\\\/l\\\/svm-temp\\\/wp-content\\\/uploads\\\/2025\\\/02\\\/SvM-logo-Xtra-Centrerad-SVART.png\",\"contentUrl\":\"https:\\\/\\\/lightweb.dev\\\/l\\\/svm-temp\\\/wp-content\\\/uploads\\\/2025\\\/02\\\/SvM-logo-Xtra-Centrerad-SVART.png\",\"width\":300,\"height\":99,\"caption\":\"Melkerson y Nott SL\"},\"image\":{\"@id\":\"https:\\\/\\\/lightweb.dev\\\/l\\\/svm-temp\\\/#\\\/schema\\\/logo\\\/image\\\/\"},\"sameAs\":[\"https:\\\/\\\/www.facebook.com\\\/svenskamagasinet\",\"https:\\\/\\\/x.com\\\/SvenskaMagasine\"]},{\"@type\":\"Person\",\"@id\":\"https:\\\/\\\/lightweb.dev\\\/l\\\/svm-temp\\\/#\\\/schema\\\/person\\\/7a82b8a73d171d32360a564b6d03508e\",\"name\":\"Ola Josefsson\",\"description\":\"Bevakar Solkusten och Spanien sedan 1994.\",\"sameAs\":[\"https:\\\/\\\/lightweb.dev\\\/l\\\/svm-temp\"],\"url\":\"https:\\\/\\\/lightweb.dev\\\/l\\\/svm-temp\\\/reporter\\\/ola-josefsson\\\/\"}]}<\/script>\n<!-- \/ Yoast SEO Premium plugin. -->","yoast_head_json":{"title":"Positiva tong\u00e5ngar p\u00e5 hemmaplan ger svallv\u00e5gor i Spanien - Svenska Magasinet","robots":{"index":"noindex","follow":"follow","max-snippet":"max-snippet:-1","max-image-preview":"max-image-preview:large","max-video-preview":"max-video-preview:-1"},"og_locale":"sv_SE","og_type":"article","og_title":"Positiva tong\u00e5ngar p\u00e5 hemmaplan ger svallv\u00e5gor i Spanien","og_description":"Till helgen arrangeras m\u00e4ssan K\u00f6pa Hus Utomlands i Globen Annexet i anslutning till Avicii Arena i Stockholm. Lagom till m\u00e4ssan rapporteras det om stigande optimismen p\u00e5 bostadsmarknaden i Sverige. S\u00e5dant smittar av sig n\u00e4r svenskar s\u00f6ker i utlandet...","og_url":"https:\/\/lightweb.dev\/l\/svm-temp\/nyheter\/positiva-tongangar-pa-hemmaplan-ger-svallvagor-i-spanien\/","og_site_name":"Svenska Magasinet","article_publisher":"https:\/\/www.facebook.com\/svenskamagasinet","article_published_time":"2025-10-16T10:52:19+00:00","article_modified_time":"2025-10-16T10:53:42+00:00","og_image":[{"width":900,"height":400,"url":"https:\/\/lightweb.dev\/l\/svm-temp\/wp-content\/uploads\/2025\/10\/svm20251016105024.webp","type":"image\/webp"}],"author":"Ola Josefsson","twitter_card":"summary_large_image","twitter_creator":"@SvenskaMagasine","twitter_site":"@SvenskaMagasine","schema":{"@context":"https:\/\/schema.org","@graph":[{"@type":"Article","@id":"https:\/\/lightweb.dev\/l\/svm-temp\/nyheter\/positiva-tongangar-pa-hemmaplan-ger-svallvagor-i-spanien\/#article","isPartOf":{"@id":"https:\/\/lightweb.dev\/l\/svm-temp\/nyheter\/positiva-tongangar-pa-hemmaplan-ger-svallvagor-i-spanien\/"},"author":{"name":"Ola Josefsson","@id":"https:\/\/lightweb.dev\/l\/svm-temp\/#\/schema\/person\/7a82b8a73d171d32360a564b6d03508e"},"headline":"Positiva tong\u00e5ngar p\u00e5 hemmaplan ger svallv\u00e5gor i Spanien","datePublished":"2025-10-16T10:52:19+00:00","dateModified":"2025-10-16T10:53:42+00:00","mainEntityOfPage":{"@id":"https:\/\/lightweb.dev\/l\/svm-temp\/nyheter\/positiva-tongangar-pa-hemmaplan-ger-svallvagor-i-spanien\/"},"wordCount":544,"publisher":{"@id":"https:\/\/lightweb.dev\/l\/svm-temp\/#organization"},"image":{"@id":"https:\/\/lightweb.dev\/l\/svm-temp\/nyheter\/positiva-tongangar-pa-hemmaplan-ger-svallvagor-i-spanien\/#primaryimage"},"thumbnailUrl":"https:\/\/lightweb.dev\/l\/svm-temp\/wp-content\/uploads\/2025\/10\/svm20251016105024.webp","articleSection":["Arkiv","Nyheter"],"inLanguage":"sv-SE"},{"@type":"WebPage","@id":"https:\/\/lightweb.dev\/l\/svm-temp\/nyheter\/positiva-tongangar-pa-hemmaplan-ger-svallvagor-i-spanien\/","url":"https:\/\/lightweb.dev\/l\/svm-temp\/nyheter\/positiva-tongangar-pa-hemmaplan-ger-svallvagor-i-spanien\/","name":"Positiva tong\u00e5ngar p\u00e5 hemmaplan ger svallv\u00e5gor i Spanien - Svenska Magasinet","isPartOf":{"@id":"https:\/\/lightweb.dev\/l\/svm-temp\/#website"},"primaryImageOfPage":{"@id":"https:\/\/lightweb.dev\/l\/svm-temp\/nyheter\/positiva-tongangar-pa-hemmaplan-ger-svallvagor-i-spanien\/#primaryimage"},"image":{"@id":"https:\/\/lightweb.dev\/l\/svm-temp\/nyheter\/positiva-tongangar-pa-hemmaplan-ger-svallvagor-i-spanien\/#primaryimage"},"thumbnailUrl":"https:\/\/lightweb.dev\/l\/svm-temp\/wp-content\/uploads\/2025\/10\/svm20251016105024.webp","datePublished":"2025-10-16T10:52:19+00:00","dateModified":"2025-10-16T10:53:42+00:00","breadcrumb":{"@id":"https:\/\/lightweb.dev\/l\/svm-temp\/nyheter\/positiva-tongangar-pa-hemmaplan-ger-svallvagor-i-spanien\/#breadcrumb"},"inLanguage":"sv-SE","potentialAction":[{"@type":"ReadAction","target":["https:\/\/lightweb.dev\/l\/svm-temp\/nyheter\/positiva-tongangar-pa-hemmaplan-ger-svallvagor-i-spanien\/"]}]},{"@type":"ImageObject","inLanguage":"sv-SE","@id":"https:\/\/lightweb.dev\/l\/svm-temp\/nyheter\/positiva-tongangar-pa-hemmaplan-ger-svallvagor-i-spanien\/#primaryimage","url":"https:\/\/lightweb.dev\/l\/svm-temp\/wp-content\/uploads\/2025\/10\/svm20251016105024.webp","contentUrl":"https:\/\/lightweb.dev\/l\/svm-temp\/wp-content\/uploads\/2025\/10\/svm20251016105024.webp","width":900,"height":400},{"@type":"BreadcrumbList","@id":"https:\/\/lightweb.dev\/l\/svm-temp\/nyheter\/positiva-tongangar-pa-hemmaplan-ger-svallvagor-i-spanien\/#breadcrumb","itemListElement":[{"@type":"ListItem","position":1,"name":"Hem","item":"https:\/\/lightweb.dev\/l\/svm-temp\/"},{"@type":"ListItem","position":2,"name":"Positiva tong\u00e5ngar p\u00e5 hemmaplan ger svallv\u00e5gor i Spanien"}]},{"@type":"WebSite","@id":"https:\/\/lightweb.dev\/l\/svm-temp\/#website","url":"https:\/\/lightweb.dev\/l\/svm-temp\/","name":"Svenska Magasinet","description":"Dina Spanska nyheter p&aring; Svenska","publisher":{"@id":"https:\/\/lightweb.dev\/l\/svm-temp\/#organization"},"potentialAction":[{"@type":"SearchAction","target":{"@type":"EntryPoint","urlTemplate":"https:\/\/lightweb.dev\/l\/svm-temp\/?s={search_term_string}"},"query-input":{"@type":"PropertyValueSpecification","valueRequired":true,"valueName":"search_term_string"}}],"inLanguage":"sv-SE"},{"@type":"Organization","@id":"https:\/\/lightweb.dev\/l\/svm-temp\/#organization","name":"Melkerson y Nott SL","alternateName":"Svenska Magasinet","url":"https:\/\/lightweb.dev\/l\/svm-temp\/","logo":{"@type":"ImageObject","inLanguage":"sv-SE","@id":"https:\/\/lightweb.dev\/l\/svm-temp\/#\/schema\/logo\/image\/","url":"https:\/\/lightweb.dev\/l\/svm-temp\/wp-content\/uploads\/2025\/02\/SvM-logo-Xtra-Centrerad-SVART.png","contentUrl":"https:\/\/lightweb.dev\/l\/svm-temp\/wp-content\/uploads\/2025\/02\/SvM-logo-Xtra-Centrerad-SVART.png","width":300,"height":99,"caption":"Melkerson y Nott SL"},"image":{"@id":"https:\/\/lightweb.dev\/l\/svm-temp\/#\/schema\/logo\/image\/"},"sameAs":["https:\/\/www.facebook.com\/svenskamagasinet","https:\/\/x.com\/SvenskaMagasine"]},{"@type":"Person","@id":"https:\/\/lightweb.dev\/l\/svm-temp\/#\/schema\/person\/7a82b8a73d171d32360a564b6d03508e","name":"Ola Josefsson","description":"Bevakar Solkusten och Spanien sedan 1994.","sameAs":["https:\/\/lightweb.dev\/l\/svm-temp"],"url":"https:\/\/lightweb.dev\/l\/svm-temp\/reporter\/ola-josefsson\/"}]}},"_links":{"self":[{"href":"https:\/\/lightweb.dev\/l\/svm-temp\/wp-json\/wp\/v2\/posts\/85205","targetHints":{"allow":["GET"]}}],"collection":[{"href":"https:\/\/lightweb.dev\/l\/svm-temp\/wp-json\/wp\/v2\/posts"}],"about":[{"href":"https:\/\/lightweb.dev\/l\/svm-temp\/wp-json\/wp\/v2\/types\/post"}],"author":[{"embeddable":true,"href":"https:\/\/lightweb.dev\/l\/svm-temp\/wp-json\/wp\/v2\/users\/7"}],"replies":[{"embeddable":true,"href":"https:\/\/lightweb.dev\/l\/svm-temp\/wp-json\/wp\/v2\/comments?post=85205"}],"version-history":[{"count":0,"href":"https:\/\/lightweb.dev\/l\/svm-temp\/wp-json\/wp\/v2\/posts\/85205\/revisions"}],"wp:featuredmedia":[{"embeddable":true,"href":"https:\/\/lightweb.dev\/l\/svm-temp\/wp-json\/wp\/v2\/media\/85207"}],"wp:attachment":[{"href":"https:\/\/lightweb.dev\/l\/svm-temp\/wp-json\/wp\/v2\/media?parent=85205"}],"wp:term":[{"taxonomy":"category","embeddable":true,"href":"https:\/\/lightweb.dev\/l\/svm-temp\/wp-json\/wp\/v2\/categories?post=85205"},{"taxonomy":"post_tag","embeddable":true,"href":"https:\/\/lightweb.dev\/l\/svm-temp\/wp-json\/wp\/v2\/tags?post=85205"}],"curies":[{"name":"wp","href":"https:\/\/api.w.org\/{rel}","templated":true}]}}