{"id":9464,"date":"2022-05-16T15:09:00","date_gmt":"2022-05-16T13:09:00","guid":{"rendered":"https:\/\/lightweb.dev\/l\/svm-temp\/historiskt-natotoppmote-i-madrid-nar-sverige-sager-ja-till-nato\/"},"modified":"2022-05-16T15:09:00","modified_gmt":"2022-05-16T13:09:00","slug":"historiskt-natotoppmote-i-madrid-nar-sverige-sager-ja-till-nato","status":"publish","type":"post","link":"https:\/\/lightweb.dev\/l\/svm-temp\/nyheter\/historiskt-natotoppmote-i-madrid-nar-sverige-sager-ja-till-nato\/","title":{"rendered":"Historiskt Natotoppm\u00f6te i Madrid n\u00e4r Sverige s\u00e4ger ja till Nato"},"content":{"rendered":"<p> Spaniens utrikesminister Jos\u00e9 Manuel Albares v\u00e4lkomnar Sverige och Finlands ja till NATO. Han s\u00e4ger att NATO-toppm\u00f6tet i Madrid 29 till 30 juni blir historiskt. Jos\u00e9 Manuel Albares n\u00e4rvarade i Bryssel p\u00e5 s\u00f6ndagen i ett m\u00f6te med kollegor inom f\u00f6rsvarsalliansen Nato.<\/p>\n<p>&#8211; Toppm\u00f6tet i Madrid blir ett av de mest historiska sedan Nato kom till.<\/p>\n<p>L\u00e4s mer: Historia kan skrivas vid Nato-m\u00f6tet i Madrid<\/p>\n<p>Sverige planerar att skicka in sin Nato-ans\u00f6kan samtidigt som Finland.<\/p>\n<p>Vid en presstr\u00e4ff p\u00e5 m\u00e5ndagen meddelade Sveriges statsminister Magdalena Andersson att regeringen fattat det formella beslutet om en svensk Natoans\u00f6kan.<\/p>\n<p>&#8211; Det blir historiskt i Madrid eftersom f\u00f6rsvarsalliansen kommer att ta strategiskt koncept som kommer att styra Nato de kommande tio \u00e5ren. Och med s\u00e4kerhet kommer vi att ha tv\u00e5 nya medlemmar som \u00e4r p\u00e5 v\u00e4g att ansluta, Finland och Sverige, s\u00e4ger Jos\u00e9 Manuel Albares.<\/p>\n<p>Jos\u00e9 Manuel Albares \u00e4r tydlig och s\u00e4ger att det huvudsakliga hotet kommer fr\u00e5n Ryssland.<\/p>\n<p>&#8211; Inte bara \u00f6sterifr\u00e5n utan \u00e4ven s\u00f6derifr\u00e5n d\u00e5 Ryssland utnyttjar migrationsstr\u00f6mmar och energif\u00f6rs\u00f6rjningen f\u00f6r att s\u00e4tta press p\u00e5 v\u00e5ra l\u00e4nders suver\u00e4nitet.<\/p>\n<p>Ett annat hot \u00e4r jihadismens, enligt Albares.<\/p>\n<p>Nato (North Atlantic Treaty Organisation) som \u00e4r en transatlantisk f\u00f6rsvarsallians grundades \u00e5r 1949 och har idag 30 medlemsl\u00e4nder varav Nordmakedonien var det senaste landet att ansluta sig i mars 2020.<\/p>\n<p>Spanien blev medlem i f\u00f6rsvarsalliansen Nato 1982.<\/p>\n<p>L\u00e4s mer: Spanien \u201dp\u00e5litlig partner\u201d i NATO<\/p>\n<p>Samarbetet mellan USA och Spanien inleddes den 23 september 1953 med att l\u00e4nderna skrev under avtalet \u201dPactos de Madrid\u201d och g\u00e4llde de fyra milit\u00e4rbaserna Rota, Moron de la Frontera, Zaragoza och Torrejon de Ardoz (Madrid).<\/p>\n<p>Det kalla kriget bidrog till pakten d\u00e4r president Dwight D. Eisenhower och general Francisco Franco skrev under avtalet. Det bidrog ocks\u00e5 till att v\u00e4stblockets isolering av Spanien upph\u00f6rde. Landet var satt i frysbox tillsammans med Tyskland, Italien och Japan. 1963, 1970, 1976 och 1982 uppdaterades avtalet mellan USA och Spanien.<\/p>\n","protected":false},"excerpt":{"rendered":"<p>Spaniens utrikesminister Jos\u00e9 Manuel Albares v\u00e4lkomnar Sverige och Finlands ja till NATO. Han s\u00e4ger att NATO-toppm\u00f6tet i Madrid 29 till 30 juni blir historiskt. Jos\u00e9 Manuel Albares n\u00e4rvarade i Bryssel p\u00e5 s\u00f6ndagen i ett m\u00f6te med kollegor inom f\u00f6rsvarsalliansen Nato. &#8211; Toppm\u00f6tet i Madrid blir ett av de mest historiska sedan Nato kom till. L\u00e4s [&hellip;]<\/p>\n","protected":false},"author":8,"featured_media":9465,"comment_status":"open","ping_status":"open","sticky":false,"template":"","format":"standard","meta":{"_et_pb_use_builder":"","_et_pb_old_content":"","_et_gb_content_width":"","footnotes":""},"categories":[395,3],"tags":[],"class_list":["post-9464","post","type-post","status-publish","format-standard","has-post-thumbnail","hentry","category-arkiv-nyheter","category-nyheter"],"yoast_head":"<!-- This site is optimized with the Yoast SEO Premium plugin v26.2 (Yoast SEO v27.4) - https:\/\/yoast.com\/product\/yoast-seo-premium-wordpress\/ -->\n<title>Historiskt Natotoppm\u00f6te i Madrid n\u00e4r Sverige s\u00e4ger ja till Nato - Svenska Magasinet<\/title>\n<meta name=\"robots\" content=\"noindex, follow, max-snippet:-1, max-image-preview:large, max-video-preview:-1\" \/>\n<meta property=\"og:locale\" content=\"sv_SE\" \/>\n<meta property=\"og:type\" content=\"article\" \/>\n<meta property=\"og:title\" content=\"Historiskt Natotoppm\u00f6te i Madrid n\u00e4r Sverige s\u00e4ger ja till Nato\" \/>\n<meta property=\"og:description\" content=\"Spaniens utrikesminister Jos\u00e9 Manuel Albares v\u00e4lkomnar Sverige och Finlands ja till NATO. Han s\u00e4ger att NATO-toppm\u00f6tet i Madrid 29 till 30 juni blir historiskt. Jos\u00e9 Manuel Albares n\u00e4rvarade i Bryssel p\u00e5 s\u00f6ndagen i ett m\u00f6te med kollegor inom f\u00f6rsvarsalliansen Nato. &#8211; Toppm\u00f6tet i Madrid blir ett av de mest historiska sedan Nato kom till. L\u00e4s [&hellip;]\" \/>\n<meta property=\"og:url\" content=\"https:\/\/lightweb.dev\/l\/svm-temp\/nyheter\/historiskt-natotoppmote-i-madrid-nar-sverige-sager-ja-till-nato\/\" \/>\n<meta property=\"og:site_name\" content=\"Svenska Magasinet\" \/>\n<meta property=\"article:publisher\" content=\"https:\/\/www.facebook.com\/svenskamagasinet\" \/>\n<meta property=\"article:published_time\" content=\"2022-05-16T13:09:00+00:00\" \/>\n<meta property=\"og:image\" content=\"https:\/\/lightweb.dev\/l\/svm-temp\/wp-content\/uploads\/2022\/05\/historiskt-natotoppmote-i-madrid-nar-sverige-sager-ja-till-nato.png\" \/>\n\t<meta property=\"og:image:width\" content=\"500\" \/>\n\t<meta property=\"og:image:height\" content=\"300\" \/>\n\t<meta property=\"og:image:type\" content=\"image\/png\" \/>\n<meta name=\"author\" content=\"Redaktionen SvM\" \/>\n<meta name=\"twitter:card\" content=\"summary_large_image\" \/>\n<meta name=\"twitter:creator\" content=\"@SvenskaMagasine\" \/>\n<meta name=\"twitter:site\" content=\"@SvenskaMagasine\" \/>\n<script type=\"application\/ld+json\" class=\"yoast-schema-graph\">{\"@context\":\"https:\\\/\\\/schema.org\",\"@graph\":[{\"@type\":\"Article\",\"@id\":\"https:\\\/\\\/lightweb.dev\\\/l\\\/svm-temp\\\/nyheter\\\/historiskt-natotoppmote-i-madrid-nar-sverige-sager-ja-till-nato\\\/#article\",\"isPartOf\":{\"@id\":\"https:\\\/\\\/lightweb.dev\\\/l\\\/svm-temp\\\/nyheter\\\/historiskt-natotoppmote-i-madrid-nar-sverige-sager-ja-till-nato\\\/\"},\"author\":{\"name\":\"Redaktionen SvM\",\"@id\":\"https:\\\/\\\/lightweb.dev\\\/l\\\/svm-temp\\\/#\\\/schema\\\/person\\\/206a3bda5b607b0c25e1749191e4d837\"},\"headline\":\"Historiskt Natotoppm\u00f6te i Madrid n\u00e4r Sverige s\u00e4ger ja till Nato\",\"datePublished\":\"2022-05-16T13:09:00+00:00\",\"mainEntityOfPage\":{\"@id\":\"https:\\\/\\\/lightweb.dev\\\/l\\\/svm-temp\\\/nyheter\\\/historiskt-natotoppmote-i-madrid-nar-sverige-sager-ja-till-nato\\\/\"},\"wordCount\":352,\"commentCount\":0,\"publisher\":{\"@id\":\"https:\\\/\\\/lightweb.dev\\\/l\\\/svm-temp\\\/#organization\"},\"image\":{\"@id\":\"https:\\\/\\\/lightweb.dev\\\/l\\\/svm-temp\\\/nyheter\\\/historiskt-natotoppmote-i-madrid-nar-sverige-sager-ja-till-nato\\\/#primaryimage\"},\"thumbnailUrl\":\"https:\\\/\\\/lightweb.dev\\\/l\\\/svm-temp\\\/wp-content\\\/uploads\\\/2022\\\/05\\\/historiskt-natotoppmote-i-madrid-nar-sverige-sager-ja-till-nato.png\",\"articleSection\":[\"Arkiv\",\"Nyheter\"],\"inLanguage\":\"sv-SE\"},{\"@type\":\"WebPage\",\"@id\":\"https:\\\/\\\/lightweb.dev\\\/l\\\/svm-temp\\\/nyheter\\\/historiskt-natotoppmote-i-madrid-nar-sverige-sager-ja-till-nato\\\/\",\"url\":\"https:\\\/\\\/lightweb.dev\\\/l\\\/svm-temp\\\/nyheter\\\/historiskt-natotoppmote-i-madrid-nar-sverige-sager-ja-till-nato\\\/\",\"name\":\"Historiskt Natotoppm\u00f6te i Madrid n\u00e4r Sverige s\u00e4ger ja till Nato - Svenska Magasinet\",\"isPartOf\":{\"@id\":\"https:\\\/\\\/lightweb.dev\\\/l\\\/svm-temp\\\/#website\"},\"primaryImageOfPage\":{\"@id\":\"https:\\\/\\\/lightweb.dev\\\/l\\\/svm-temp\\\/nyheter\\\/historiskt-natotoppmote-i-madrid-nar-sverige-sager-ja-till-nato\\\/#primaryimage\"},\"image\":{\"@id\":\"https:\\\/\\\/lightweb.dev\\\/l\\\/svm-temp\\\/nyheter\\\/historiskt-natotoppmote-i-madrid-nar-sverige-sager-ja-till-nato\\\/#primaryimage\"},\"thumbnailUrl\":\"https:\\\/\\\/lightweb.dev\\\/l\\\/svm-temp\\\/wp-content\\\/uploads\\\/2022\\\/05\\\/historiskt-natotoppmote-i-madrid-nar-sverige-sager-ja-till-nato.png\",\"datePublished\":\"2022-05-16T13:09:00+00:00\",\"breadcrumb\":{\"@id\":\"https:\\\/\\\/lightweb.dev\\\/l\\\/svm-temp\\\/nyheter\\\/historiskt-natotoppmote-i-madrid-nar-sverige-sager-ja-till-nato\\\/#breadcrumb\"},\"inLanguage\":\"sv-SE\",\"potentialAction\":[{\"@type\":\"ReadAction\",\"target\":[\"https:\\\/\\\/lightweb.dev\\\/l\\\/svm-temp\\\/nyheter\\\/historiskt-natotoppmote-i-madrid-nar-sverige-sager-ja-till-nato\\\/\"]}]},{\"@type\":\"ImageObject\",\"inLanguage\":\"sv-SE\",\"@id\":\"https:\\\/\\\/lightweb.dev\\\/l\\\/svm-temp\\\/nyheter\\\/historiskt-natotoppmote-i-madrid-nar-sverige-sager-ja-till-nato\\\/#primaryimage\",\"url\":\"https:\\\/\\\/lightweb.dev\\\/l\\\/svm-temp\\\/wp-content\\\/uploads\\\/2022\\\/05\\\/historiskt-natotoppmote-i-madrid-nar-sverige-sager-ja-till-nato.png\",\"contentUrl\":\"https:\\\/\\\/lightweb.dev\\\/l\\\/svm-temp\\\/wp-content\\\/uploads\\\/2022\\\/05\\\/historiskt-natotoppmote-i-madrid-nar-sverige-sager-ja-till-nato.png\",\"width\":500,\"height\":300},{\"@type\":\"BreadcrumbList\",\"@id\":\"https:\\\/\\\/lightweb.dev\\\/l\\\/svm-temp\\\/nyheter\\\/historiskt-natotoppmote-i-madrid-nar-sverige-sager-ja-till-nato\\\/#breadcrumb\",\"itemListElement\":[{\"@type\":\"ListItem\",\"position\":1,\"name\":\"Hem\",\"item\":\"https:\\\/\\\/lightweb.dev\\\/l\\\/svm-temp\\\/\"},{\"@type\":\"ListItem\",\"position\":2,\"name\":\"Historiskt Natotoppm\u00f6te i Madrid n\u00e4r Sverige s\u00e4ger ja till Nato\"}]},{\"@type\":\"WebSite\",\"@id\":\"https:\\\/\\\/lightweb.dev\\\/l\\\/svm-temp\\\/#website\",\"url\":\"https:\\\/\\\/lightweb.dev\\\/l\\\/svm-temp\\\/\",\"name\":\"Svenska Magasinet\",\"description\":\"Dina Spanska nyheter p&aring; Svenska\",\"publisher\":{\"@id\":\"https:\\\/\\\/lightweb.dev\\\/l\\\/svm-temp\\\/#organization\"},\"potentialAction\":[{\"@type\":\"SearchAction\",\"target\":{\"@type\":\"EntryPoint\",\"urlTemplate\":\"https:\\\/\\\/lightweb.dev\\\/l\\\/svm-temp\\\/?s={search_term_string}\"},\"query-input\":{\"@type\":\"PropertyValueSpecification\",\"valueRequired\":true,\"valueName\":\"search_term_string\"}}],\"inLanguage\":\"sv-SE\"},{\"@type\":\"Organization\",\"@id\":\"https:\\\/\\\/lightweb.dev\\\/l\\\/svm-temp\\\/#organization\",\"name\":\"Melkerson y Nott SL\",\"alternateName\":\"Svenska Magasinet\",\"url\":\"https:\\\/\\\/lightweb.dev\\\/l\\\/svm-temp\\\/\",\"logo\":{\"@type\":\"ImageObject\",\"inLanguage\":\"sv-SE\",\"@id\":\"https:\\\/\\\/lightweb.dev\\\/l\\\/svm-temp\\\/#\\\/schema\\\/logo\\\/image\\\/\",\"url\":\"https:\\\/\\\/lightweb.dev\\\/l\\\/svm-temp\\\/wp-content\\\/uploads\\\/2025\\\/02\\\/SvM-logo-Xtra-Centrerad-SVART.png\",\"contentUrl\":\"https:\\\/\\\/lightweb.dev\\\/l\\\/svm-temp\\\/wp-content\\\/uploads\\\/2025\\\/02\\\/SvM-logo-Xtra-Centrerad-SVART.png\",\"width\":300,\"height\":99,\"caption\":\"Melkerson y Nott SL\"},\"image\":{\"@id\":\"https:\\\/\\\/lightweb.dev\\\/l\\\/svm-temp\\\/#\\\/schema\\\/logo\\\/image\\\/\"},\"sameAs\":[\"https:\\\/\\\/www.facebook.com\\\/svenskamagasinet\",\"https:\\\/\\\/x.com\\\/SvenskaMagasine\"]},{\"@type\":\"Person\",\"@id\":\"https:\\\/\\\/lightweb.dev\\\/l\\\/svm-temp\\\/#\\\/schema\\\/person\\\/206a3bda5b607b0c25e1749191e4d837\",\"name\":\"Redaktionen SvM\",\"description\":\"Redaktionen\",\"sameAs\":[\"https:\\\/\\\/lightweb.dev\\\/l\\\/svm-temp\"],\"url\":\"https:\\\/\\\/lightweb.dev\\\/l\\\/svm-temp\\\/reporter\\\/redaktionen\\\/\"}]}<\/script>\n<!-- \/ Yoast SEO Premium plugin. -->","yoast_head_json":{"title":"Historiskt Natotoppm\u00f6te i Madrid n\u00e4r Sverige s\u00e4ger ja till Nato - Svenska Magasinet","robots":{"index":"noindex","follow":"follow","max-snippet":"max-snippet:-1","max-image-preview":"max-image-preview:large","max-video-preview":"max-video-preview:-1"},"og_locale":"sv_SE","og_type":"article","og_title":"Historiskt Natotoppm\u00f6te i Madrid n\u00e4r Sverige s\u00e4ger ja till Nato","og_description":"Spaniens utrikesminister Jos\u00e9 Manuel Albares v\u00e4lkomnar Sverige och Finlands ja till NATO. Han s\u00e4ger att NATO-toppm\u00f6tet i Madrid 29 till 30 juni blir historiskt. Jos\u00e9 Manuel Albares n\u00e4rvarade i Bryssel p\u00e5 s\u00f6ndagen i ett m\u00f6te med kollegor inom f\u00f6rsvarsalliansen Nato. &#8211; Toppm\u00f6tet i Madrid blir ett av de mest historiska sedan Nato kom till. L\u00e4s [&hellip;]","og_url":"https:\/\/lightweb.dev\/l\/svm-temp\/nyheter\/historiskt-natotoppmote-i-madrid-nar-sverige-sager-ja-till-nato\/","og_site_name":"Svenska Magasinet","article_publisher":"https:\/\/www.facebook.com\/svenskamagasinet","article_published_time":"2022-05-16T13:09:00+00:00","og_image":[{"width":500,"height":300,"url":"https:\/\/lightweb.dev\/l\/svm-temp\/wp-content\/uploads\/2022\/05\/historiskt-natotoppmote-i-madrid-nar-sverige-sager-ja-till-nato.png","type":"image\/png"}],"author":"Redaktionen SvM","twitter_card":"summary_large_image","twitter_creator":"@SvenskaMagasine","twitter_site":"@SvenskaMagasine","schema":{"@context":"https:\/\/schema.org","@graph":[{"@type":"Article","@id":"https:\/\/lightweb.dev\/l\/svm-temp\/nyheter\/historiskt-natotoppmote-i-madrid-nar-sverige-sager-ja-till-nato\/#article","isPartOf":{"@id":"https:\/\/lightweb.dev\/l\/svm-temp\/nyheter\/historiskt-natotoppmote-i-madrid-nar-sverige-sager-ja-till-nato\/"},"author":{"name":"Redaktionen SvM","@id":"https:\/\/lightweb.dev\/l\/svm-temp\/#\/schema\/person\/206a3bda5b607b0c25e1749191e4d837"},"headline":"Historiskt Natotoppm\u00f6te i Madrid n\u00e4r Sverige s\u00e4ger ja till Nato","datePublished":"2022-05-16T13:09:00+00:00","mainEntityOfPage":{"@id":"https:\/\/lightweb.dev\/l\/svm-temp\/nyheter\/historiskt-natotoppmote-i-madrid-nar-sverige-sager-ja-till-nato\/"},"wordCount":352,"commentCount":0,"publisher":{"@id":"https:\/\/lightweb.dev\/l\/svm-temp\/#organization"},"image":{"@id":"https:\/\/lightweb.dev\/l\/svm-temp\/nyheter\/historiskt-natotoppmote-i-madrid-nar-sverige-sager-ja-till-nato\/#primaryimage"},"thumbnailUrl":"https:\/\/lightweb.dev\/l\/svm-temp\/wp-content\/uploads\/2022\/05\/historiskt-natotoppmote-i-madrid-nar-sverige-sager-ja-till-nato.png","articleSection":["Arkiv","Nyheter"],"inLanguage":"sv-SE"},{"@type":"WebPage","@id":"https:\/\/lightweb.dev\/l\/svm-temp\/nyheter\/historiskt-natotoppmote-i-madrid-nar-sverige-sager-ja-till-nato\/","url":"https:\/\/lightweb.dev\/l\/svm-temp\/nyheter\/historiskt-natotoppmote-i-madrid-nar-sverige-sager-ja-till-nato\/","name":"Historiskt Natotoppm\u00f6te i Madrid n\u00e4r Sverige s\u00e4ger ja till Nato - Svenska Magasinet","isPartOf":{"@id":"https:\/\/lightweb.dev\/l\/svm-temp\/#website"},"primaryImageOfPage":{"@id":"https:\/\/lightweb.dev\/l\/svm-temp\/nyheter\/historiskt-natotoppmote-i-madrid-nar-sverige-sager-ja-till-nato\/#primaryimage"},"image":{"@id":"https:\/\/lightweb.dev\/l\/svm-temp\/nyheter\/historiskt-natotoppmote-i-madrid-nar-sverige-sager-ja-till-nato\/#primaryimage"},"thumbnailUrl":"https:\/\/lightweb.dev\/l\/svm-temp\/wp-content\/uploads\/2022\/05\/historiskt-natotoppmote-i-madrid-nar-sverige-sager-ja-till-nato.png","datePublished":"2022-05-16T13:09:00+00:00","breadcrumb":{"@id":"https:\/\/lightweb.dev\/l\/svm-temp\/nyheter\/historiskt-natotoppmote-i-madrid-nar-sverige-sager-ja-till-nato\/#breadcrumb"},"inLanguage":"sv-SE","potentialAction":[{"@type":"ReadAction","target":["https:\/\/lightweb.dev\/l\/svm-temp\/nyheter\/historiskt-natotoppmote-i-madrid-nar-sverige-sager-ja-till-nato\/"]}]},{"@type":"ImageObject","inLanguage":"sv-SE","@id":"https:\/\/lightweb.dev\/l\/svm-temp\/nyheter\/historiskt-natotoppmote-i-madrid-nar-sverige-sager-ja-till-nato\/#primaryimage","url":"https:\/\/lightweb.dev\/l\/svm-temp\/wp-content\/uploads\/2022\/05\/historiskt-natotoppmote-i-madrid-nar-sverige-sager-ja-till-nato.png","contentUrl":"https:\/\/lightweb.dev\/l\/svm-temp\/wp-content\/uploads\/2022\/05\/historiskt-natotoppmote-i-madrid-nar-sverige-sager-ja-till-nato.png","width":500,"height":300},{"@type":"BreadcrumbList","@id":"https:\/\/lightweb.dev\/l\/svm-temp\/nyheter\/historiskt-natotoppmote-i-madrid-nar-sverige-sager-ja-till-nato\/#breadcrumb","itemListElement":[{"@type":"ListItem","position":1,"name":"Hem","item":"https:\/\/lightweb.dev\/l\/svm-temp\/"},{"@type":"ListItem","position":2,"name":"Historiskt Natotoppm\u00f6te i Madrid n\u00e4r Sverige s\u00e4ger ja till Nato"}]},{"@type":"WebSite","@id":"https:\/\/lightweb.dev\/l\/svm-temp\/#website","url":"https:\/\/lightweb.dev\/l\/svm-temp\/","name":"Svenska Magasinet","description":"Dina Spanska nyheter p&aring; Svenska","publisher":{"@id":"https:\/\/lightweb.dev\/l\/svm-temp\/#organization"},"potentialAction":[{"@type":"SearchAction","target":{"@type":"EntryPoint","urlTemplate":"https:\/\/lightweb.dev\/l\/svm-temp\/?s={search_term_string}"},"query-input":{"@type":"PropertyValueSpecification","valueRequired":true,"valueName":"search_term_string"}}],"inLanguage":"sv-SE"},{"@type":"Organization","@id":"https:\/\/lightweb.dev\/l\/svm-temp\/#organization","name":"Melkerson y Nott SL","alternateName":"Svenska Magasinet","url":"https:\/\/lightweb.dev\/l\/svm-temp\/","logo":{"@type":"ImageObject","inLanguage":"sv-SE","@id":"https:\/\/lightweb.dev\/l\/svm-temp\/#\/schema\/logo\/image\/","url":"https:\/\/lightweb.dev\/l\/svm-temp\/wp-content\/uploads\/2025\/02\/SvM-logo-Xtra-Centrerad-SVART.png","contentUrl":"https:\/\/lightweb.dev\/l\/svm-temp\/wp-content\/uploads\/2025\/02\/SvM-logo-Xtra-Centrerad-SVART.png","width":300,"height":99,"caption":"Melkerson y Nott SL"},"image":{"@id":"https:\/\/lightweb.dev\/l\/svm-temp\/#\/schema\/logo\/image\/"},"sameAs":["https:\/\/www.facebook.com\/svenskamagasinet","https:\/\/x.com\/SvenskaMagasine"]},{"@type":"Person","@id":"https:\/\/lightweb.dev\/l\/svm-temp\/#\/schema\/person\/206a3bda5b607b0c25e1749191e4d837","name":"Redaktionen SvM","description":"Redaktionen","sameAs":["https:\/\/lightweb.dev\/l\/svm-temp"],"url":"https:\/\/lightweb.dev\/l\/svm-temp\/reporter\/redaktionen\/"}]}},"_links":{"self":[{"href":"https:\/\/lightweb.dev\/l\/svm-temp\/wp-json\/wp\/v2\/posts\/9464","targetHints":{"allow":["GET"]}}],"collection":[{"href":"https:\/\/lightweb.dev\/l\/svm-temp\/wp-json\/wp\/v2\/posts"}],"about":[{"href":"https:\/\/lightweb.dev\/l\/svm-temp\/wp-json\/wp\/v2\/types\/post"}],"author":[{"embeddable":true,"href":"https:\/\/lightweb.dev\/l\/svm-temp\/wp-json\/wp\/v2\/users\/8"}],"replies":[{"embeddable":true,"href":"https:\/\/lightweb.dev\/l\/svm-temp\/wp-json\/wp\/v2\/comments?post=9464"}],"version-history":[{"count":0,"href":"https:\/\/lightweb.dev\/l\/svm-temp\/wp-json\/wp\/v2\/posts\/9464\/revisions"}],"wp:featuredmedia":[{"embeddable":true,"href":"https:\/\/lightweb.dev\/l\/svm-temp\/wp-json\/wp\/v2\/media\/9465"}],"wp:attachment":[{"href":"https:\/\/lightweb.dev\/l\/svm-temp\/wp-json\/wp\/v2\/media?parent=9464"}],"wp:term":[{"taxonomy":"category","embeddable":true,"href":"https:\/\/lightweb.dev\/l\/svm-temp\/wp-json\/wp\/v2\/categories?post=9464"},{"taxonomy":"post_tag","embeddable":true,"href":"https:\/\/lightweb.dev\/l\/svm-temp\/wp-json\/wp\/v2\/tags?post=9464"}],"curies":[{"name":"wp","href":"https:\/\/api.w.org\/{rel}","templated":true}]}}