{"id":9466,"date":"2022-05-16T15:44:00","date_gmt":"2022-05-16T13:44:00","guid":{"rendered":"https:\/\/lightweb.dev\/l\/svm-temp\/efterlyst-31-arig-svensk-gripen-i-torrevieja-for-penningtvatt\/"},"modified":"2022-05-16T15:44:00","modified_gmt":"2022-05-16T13:44:00","slug":"efterlyst-31-arig-svensk-gripen-i-torrevieja-for-penningtvatt","status":"publish","type":"post","link":"https:\/\/lightweb.dev\/l\/svm-temp\/nyheter\/efterlyst-31-arig-svensk-gripen-i-torrevieja-for-penningtvatt\/","title":{"rendered":"Efterlyst 31-\u00e5rig svensk gripen i Torrevieja f\u00f6r penningtv\u00e4tt"},"content":{"rendered":"<p> Spansk nationalpolis har lokaliserat och gripit en efterlyst 31-\u00e5rig svensk i Torrevieja p\u00e5 Costa Blanca. En europeisk arresteringsorder var utf\u00e4rdad av svenska myndigheter. Mannen ska ha \u00e4gnat sig \u00e5t penningtv\u00e4tt genom bank\u00f6verf\u00f6ringar. Totalt handlar det om 2.343.362,51 SEK eller 222.611,31 euro.<br \/>\n Svensken ska under mars 2020 \u00f6verf\u00f6rt pengar genom att ge instruktioner till en penningm\u00e5lvakt som har hj\u00e4lpt till att flytta, ta ut eller f\u00f6ra \u00f6ver pengar som kommer fr\u00e5n brottslig verksamhet, uppger nyhetsbyr\u00e5n EFE.<\/p>\n<p>Ett antal \u00f6verf\u00f6ringar har gjorts mellan olika konton, b\u00e5de privata och konton som \u00e4r tecknade i f\u00f6retag i Norden och utomlands.<\/p>\n<p>Syftet med st\u00e4ndiga \u00f6verf\u00f6ringar har enligt den nationalpolisen utf\u00f6rts f\u00f6r att d\u00f6lja att pengarna kom fr\u00e5n kriminell verksamhet. Svensken riskerar sex \u00e5rs f\u00e4ngelse i Sverige.<\/p>\n<p>Myndigheterna hade misstankar om att den 31-\u00e5rige svensken hade bosatt sig i Alicanteprovinsen. Nationalpolisen kunde lokalisera och gripa honom i Torrevieja kommun.<\/p>\n<p>Mannen \u00e4r inte k\u00e4nd av spansk polis sedan tidigare och fanns inte med i belastningsregistret.<\/p>\n<p>Nationaldomstolen som har hand om \u00e4rendet att mannen ska \u00f6verl\u00e4mnas till Sverige.<\/p>\n","protected":false},"excerpt":{"rendered":"<p>Spansk nationalpolis har lokaliserat och gripit en efterlyst 31-\u00e5rig svensk i Torrevieja p\u00e5 Costa Blanca. En europeisk arresteringsorder var utf\u00e4rdad av svenska myndigheter. Mannen ska ha \u00e4gnat sig \u00e5t penningtv\u00e4tt genom bank\u00f6verf\u00f6ringar. Totalt handlar det om 2.343.362,51 SEK eller 222.611,31 euro. Svensken ska under mars 2020 \u00f6verf\u00f6rt pengar genom att ge instruktioner till en penningm\u00e5lvakt [&hellip;]<\/p>\n","protected":false},"author":8,"featured_media":9467,"comment_status":"open","ping_status":"open","sticky":false,"template":"","format":"standard","meta":{"_et_pb_use_builder":"","_et_pb_old_content":"","_et_gb_content_width":"","footnotes":""},"categories":[395,3],"tags":[],"class_list":["post-9466","post","type-post","status-publish","format-standard","has-post-thumbnail","hentry","category-arkiv-nyheter","category-nyheter"],"yoast_head":"<!-- This site is optimized with the Yoast SEO Premium plugin v26.2 (Yoast SEO v27.4) - https:\/\/yoast.com\/product\/yoast-seo-premium-wordpress\/ -->\n<title>Efterlyst 31-\u00e5rig svensk gripen i Torrevieja f\u00f6r penningtv\u00e4tt - Svenska Magasinet<\/title>\n<meta name=\"robots\" content=\"noindex, follow, max-snippet:-1, max-image-preview:large, max-video-preview:-1\" \/>\n<meta property=\"og:locale\" content=\"sv_SE\" \/>\n<meta property=\"og:type\" content=\"article\" \/>\n<meta property=\"og:title\" content=\"Efterlyst 31-\u00e5rig svensk gripen i Torrevieja f\u00f6r penningtv\u00e4tt\" \/>\n<meta property=\"og:description\" content=\"Spansk nationalpolis har lokaliserat och gripit en efterlyst 31-\u00e5rig svensk i Torrevieja p\u00e5 Costa Blanca. En europeisk arresteringsorder var utf\u00e4rdad av svenska myndigheter. Mannen ska ha \u00e4gnat sig \u00e5t penningtv\u00e4tt genom bank\u00f6verf\u00f6ringar. Totalt handlar det om 2.343.362,51 SEK eller 222.611,31 euro. Svensken ska under mars 2020 \u00f6verf\u00f6rt pengar genom att ge instruktioner till en penningm\u00e5lvakt [&hellip;]\" \/>\n<meta property=\"og:url\" content=\"https:\/\/lightweb.dev\/l\/svm-temp\/nyheter\/efterlyst-31-arig-svensk-gripen-i-torrevieja-for-penningtvatt\/\" \/>\n<meta property=\"og:site_name\" content=\"Svenska Magasinet\" \/>\n<meta property=\"article:publisher\" content=\"https:\/\/www.facebook.com\/svenskamagasinet\" \/>\n<meta property=\"article:published_time\" content=\"2022-05-16T13:44:00+00:00\" \/>\n<meta property=\"og:image\" content=\"https:\/\/lightweb.dev\/l\/svm-temp\/wp-content\/uploads\/2022\/05\/efterlyst-31arig-svensk-gripen-i-torrevieja-for-penningtvatt-1.png\" \/>\n\t<meta property=\"og:image:width\" content=\"500\" \/>\n\t<meta property=\"og:image:height\" content=\"301\" \/>\n\t<meta property=\"og:image:type\" content=\"image\/png\" \/>\n<meta name=\"author\" content=\"Redaktionen SvM\" \/>\n<meta name=\"twitter:card\" content=\"summary_large_image\" \/>\n<meta name=\"twitter:creator\" content=\"@SvenskaMagasine\" \/>\n<meta name=\"twitter:site\" content=\"@SvenskaMagasine\" \/>\n<script type=\"application\/ld+json\" class=\"yoast-schema-graph\">{\"@context\":\"https:\\\/\\\/schema.org\",\"@graph\":[{\"@type\":\"Article\",\"@id\":\"https:\\\/\\\/lightweb.dev\\\/l\\\/svm-temp\\\/nyheter\\\/efterlyst-31-arig-svensk-gripen-i-torrevieja-for-penningtvatt\\\/#article\",\"isPartOf\":{\"@id\":\"https:\\\/\\\/lightweb.dev\\\/l\\\/svm-temp\\\/nyheter\\\/efterlyst-31-arig-svensk-gripen-i-torrevieja-for-penningtvatt\\\/\"},\"author\":{\"name\":\"Redaktionen SvM\",\"@id\":\"https:\\\/\\\/lightweb.dev\\\/l\\\/svm-temp\\\/#\\\/schema\\\/person\\\/206a3bda5b607b0c25e1749191e4d837\"},\"headline\":\"Efterlyst 31-\u00e5rig svensk gripen i Torrevieja f\u00f6r penningtv\u00e4tt\",\"datePublished\":\"2022-05-16T13:44:00+00:00\",\"mainEntityOfPage\":{\"@id\":\"https:\\\/\\\/lightweb.dev\\\/l\\\/svm-temp\\\/nyheter\\\/efterlyst-31-arig-svensk-gripen-i-torrevieja-for-penningtvatt\\\/\"},\"wordCount\":202,\"commentCount\":0,\"publisher\":{\"@id\":\"https:\\\/\\\/lightweb.dev\\\/l\\\/svm-temp\\\/#organization\"},\"image\":{\"@id\":\"https:\\\/\\\/lightweb.dev\\\/l\\\/svm-temp\\\/nyheter\\\/efterlyst-31-arig-svensk-gripen-i-torrevieja-for-penningtvatt\\\/#primaryimage\"},\"thumbnailUrl\":\"https:\\\/\\\/lightweb.dev\\\/l\\\/svm-temp\\\/wp-content\\\/uploads\\\/2022\\\/05\\\/efterlyst-31arig-svensk-gripen-i-torrevieja-for-penningtvatt-1.png\",\"articleSection\":[\"Arkiv\",\"Nyheter\"],\"inLanguage\":\"sv-SE\"},{\"@type\":\"WebPage\",\"@id\":\"https:\\\/\\\/lightweb.dev\\\/l\\\/svm-temp\\\/nyheter\\\/efterlyst-31-arig-svensk-gripen-i-torrevieja-for-penningtvatt\\\/\",\"url\":\"https:\\\/\\\/lightweb.dev\\\/l\\\/svm-temp\\\/nyheter\\\/efterlyst-31-arig-svensk-gripen-i-torrevieja-for-penningtvatt\\\/\",\"name\":\"Efterlyst 31-\u00e5rig svensk gripen i Torrevieja f\u00f6r penningtv\u00e4tt - Svenska Magasinet\",\"isPartOf\":{\"@id\":\"https:\\\/\\\/lightweb.dev\\\/l\\\/svm-temp\\\/#website\"},\"primaryImageOfPage\":{\"@id\":\"https:\\\/\\\/lightweb.dev\\\/l\\\/svm-temp\\\/nyheter\\\/efterlyst-31-arig-svensk-gripen-i-torrevieja-for-penningtvatt\\\/#primaryimage\"},\"image\":{\"@id\":\"https:\\\/\\\/lightweb.dev\\\/l\\\/svm-temp\\\/nyheter\\\/efterlyst-31-arig-svensk-gripen-i-torrevieja-for-penningtvatt\\\/#primaryimage\"},\"thumbnailUrl\":\"https:\\\/\\\/lightweb.dev\\\/l\\\/svm-temp\\\/wp-content\\\/uploads\\\/2022\\\/05\\\/efterlyst-31arig-svensk-gripen-i-torrevieja-for-penningtvatt-1.png\",\"datePublished\":\"2022-05-16T13:44:00+00:00\",\"breadcrumb\":{\"@id\":\"https:\\\/\\\/lightweb.dev\\\/l\\\/svm-temp\\\/nyheter\\\/efterlyst-31-arig-svensk-gripen-i-torrevieja-for-penningtvatt\\\/#breadcrumb\"},\"inLanguage\":\"sv-SE\",\"potentialAction\":[{\"@type\":\"ReadAction\",\"target\":[\"https:\\\/\\\/lightweb.dev\\\/l\\\/svm-temp\\\/nyheter\\\/efterlyst-31-arig-svensk-gripen-i-torrevieja-for-penningtvatt\\\/\"]}]},{\"@type\":\"ImageObject\",\"inLanguage\":\"sv-SE\",\"@id\":\"https:\\\/\\\/lightweb.dev\\\/l\\\/svm-temp\\\/nyheter\\\/efterlyst-31-arig-svensk-gripen-i-torrevieja-for-penningtvatt\\\/#primaryimage\",\"url\":\"https:\\\/\\\/lightweb.dev\\\/l\\\/svm-temp\\\/wp-content\\\/uploads\\\/2022\\\/05\\\/efterlyst-31arig-svensk-gripen-i-torrevieja-for-penningtvatt-1.png\",\"contentUrl\":\"https:\\\/\\\/lightweb.dev\\\/l\\\/svm-temp\\\/wp-content\\\/uploads\\\/2022\\\/05\\\/efterlyst-31arig-svensk-gripen-i-torrevieja-for-penningtvatt-1.png\",\"width\":500,\"height\":301},{\"@type\":\"BreadcrumbList\",\"@id\":\"https:\\\/\\\/lightweb.dev\\\/l\\\/svm-temp\\\/nyheter\\\/efterlyst-31-arig-svensk-gripen-i-torrevieja-for-penningtvatt\\\/#breadcrumb\",\"itemListElement\":[{\"@type\":\"ListItem\",\"position\":1,\"name\":\"Hem\",\"item\":\"https:\\\/\\\/lightweb.dev\\\/l\\\/svm-temp\\\/\"},{\"@type\":\"ListItem\",\"position\":2,\"name\":\"Efterlyst 31-\u00e5rig svensk gripen i Torrevieja f\u00f6r penningtv\u00e4tt\"}]},{\"@type\":\"WebSite\",\"@id\":\"https:\\\/\\\/lightweb.dev\\\/l\\\/svm-temp\\\/#website\",\"url\":\"https:\\\/\\\/lightweb.dev\\\/l\\\/svm-temp\\\/\",\"name\":\"Svenska Magasinet\",\"description\":\"Dina Spanska nyheter p&aring; Svenska\",\"publisher\":{\"@id\":\"https:\\\/\\\/lightweb.dev\\\/l\\\/svm-temp\\\/#organization\"},\"potentialAction\":[{\"@type\":\"SearchAction\",\"target\":{\"@type\":\"EntryPoint\",\"urlTemplate\":\"https:\\\/\\\/lightweb.dev\\\/l\\\/svm-temp\\\/?s={search_term_string}\"},\"query-input\":{\"@type\":\"PropertyValueSpecification\",\"valueRequired\":true,\"valueName\":\"search_term_string\"}}],\"inLanguage\":\"sv-SE\"},{\"@type\":\"Organization\",\"@id\":\"https:\\\/\\\/lightweb.dev\\\/l\\\/svm-temp\\\/#organization\",\"name\":\"Melkerson y Nott SL\",\"alternateName\":\"Svenska Magasinet\",\"url\":\"https:\\\/\\\/lightweb.dev\\\/l\\\/svm-temp\\\/\",\"logo\":{\"@type\":\"ImageObject\",\"inLanguage\":\"sv-SE\",\"@id\":\"https:\\\/\\\/lightweb.dev\\\/l\\\/svm-temp\\\/#\\\/schema\\\/logo\\\/image\\\/\",\"url\":\"https:\\\/\\\/lightweb.dev\\\/l\\\/svm-temp\\\/wp-content\\\/uploads\\\/2025\\\/02\\\/SvM-logo-Xtra-Centrerad-SVART.png\",\"contentUrl\":\"https:\\\/\\\/lightweb.dev\\\/l\\\/svm-temp\\\/wp-content\\\/uploads\\\/2025\\\/02\\\/SvM-logo-Xtra-Centrerad-SVART.png\",\"width\":300,\"height\":99,\"caption\":\"Melkerson y Nott SL\"},\"image\":{\"@id\":\"https:\\\/\\\/lightweb.dev\\\/l\\\/svm-temp\\\/#\\\/schema\\\/logo\\\/image\\\/\"},\"sameAs\":[\"https:\\\/\\\/www.facebook.com\\\/svenskamagasinet\",\"https:\\\/\\\/x.com\\\/SvenskaMagasine\"]},{\"@type\":\"Person\",\"@id\":\"https:\\\/\\\/lightweb.dev\\\/l\\\/svm-temp\\\/#\\\/schema\\\/person\\\/206a3bda5b607b0c25e1749191e4d837\",\"name\":\"Redaktionen SvM\",\"description\":\"Redaktionen\",\"sameAs\":[\"https:\\\/\\\/lightweb.dev\\\/l\\\/svm-temp\"],\"url\":\"https:\\\/\\\/lightweb.dev\\\/l\\\/svm-temp\\\/reporter\\\/redaktionen\\\/\"}]}<\/script>\n<!-- \/ Yoast SEO Premium plugin. -->","yoast_head_json":{"title":"Efterlyst 31-\u00e5rig svensk gripen i Torrevieja f\u00f6r penningtv\u00e4tt - Svenska Magasinet","robots":{"index":"noindex","follow":"follow","max-snippet":"max-snippet:-1","max-image-preview":"max-image-preview:large","max-video-preview":"max-video-preview:-1"},"og_locale":"sv_SE","og_type":"article","og_title":"Efterlyst 31-\u00e5rig svensk gripen i Torrevieja f\u00f6r penningtv\u00e4tt","og_description":"Spansk nationalpolis har lokaliserat och gripit en efterlyst 31-\u00e5rig svensk i Torrevieja p\u00e5 Costa Blanca. En europeisk arresteringsorder var utf\u00e4rdad av svenska myndigheter. Mannen ska ha \u00e4gnat sig \u00e5t penningtv\u00e4tt genom bank\u00f6verf\u00f6ringar. Totalt handlar det om 2.343.362,51 SEK eller 222.611,31 euro. Svensken ska under mars 2020 \u00f6verf\u00f6rt pengar genom att ge instruktioner till en penningm\u00e5lvakt [&hellip;]","og_url":"https:\/\/lightweb.dev\/l\/svm-temp\/nyheter\/efterlyst-31-arig-svensk-gripen-i-torrevieja-for-penningtvatt\/","og_site_name":"Svenska Magasinet","article_publisher":"https:\/\/www.facebook.com\/svenskamagasinet","article_published_time":"2022-05-16T13:44:00+00:00","og_image":[{"width":500,"height":301,"url":"https:\/\/lightweb.dev\/l\/svm-temp\/wp-content\/uploads\/2022\/05\/efterlyst-31arig-svensk-gripen-i-torrevieja-for-penningtvatt-1.png","type":"image\/png"}],"author":"Redaktionen SvM","twitter_card":"summary_large_image","twitter_creator":"@SvenskaMagasine","twitter_site":"@SvenskaMagasine","schema":{"@context":"https:\/\/schema.org","@graph":[{"@type":"Article","@id":"https:\/\/lightweb.dev\/l\/svm-temp\/nyheter\/efterlyst-31-arig-svensk-gripen-i-torrevieja-for-penningtvatt\/#article","isPartOf":{"@id":"https:\/\/lightweb.dev\/l\/svm-temp\/nyheter\/efterlyst-31-arig-svensk-gripen-i-torrevieja-for-penningtvatt\/"},"author":{"name":"Redaktionen SvM","@id":"https:\/\/lightweb.dev\/l\/svm-temp\/#\/schema\/person\/206a3bda5b607b0c25e1749191e4d837"},"headline":"Efterlyst 31-\u00e5rig svensk gripen i Torrevieja f\u00f6r penningtv\u00e4tt","datePublished":"2022-05-16T13:44:00+00:00","mainEntityOfPage":{"@id":"https:\/\/lightweb.dev\/l\/svm-temp\/nyheter\/efterlyst-31-arig-svensk-gripen-i-torrevieja-for-penningtvatt\/"},"wordCount":202,"commentCount":0,"publisher":{"@id":"https:\/\/lightweb.dev\/l\/svm-temp\/#organization"},"image":{"@id":"https:\/\/lightweb.dev\/l\/svm-temp\/nyheter\/efterlyst-31-arig-svensk-gripen-i-torrevieja-for-penningtvatt\/#primaryimage"},"thumbnailUrl":"https:\/\/lightweb.dev\/l\/svm-temp\/wp-content\/uploads\/2022\/05\/efterlyst-31arig-svensk-gripen-i-torrevieja-for-penningtvatt-1.png","articleSection":["Arkiv","Nyheter"],"inLanguage":"sv-SE"},{"@type":"WebPage","@id":"https:\/\/lightweb.dev\/l\/svm-temp\/nyheter\/efterlyst-31-arig-svensk-gripen-i-torrevieja-for-penningtvatt\/","url":"https:\/\/lightweb.dev\/l\/svm-temp\/nyheter\/efterlyst-31-arig-svensk-gripen-i-torrevieja-for-penningtvatt\/","name":"Efterlyst 31-\u00e5rig svensk gripen i Torrevieja f\u00f6r penningtv\u00e4tt - Svenska Magasinet","isPartOf":{"@id":"https:\/\/lightweb.dev\/l\/svm-temp\/#website"},"primaryImageOfPage":{"@id":"https:\/\/lightweb.dev\/l\/svm-temp\/nyheter\/efterlyst-31-arig-svensk-gripen-i-torrevieja-for-penningtvatt\/#primaryimage"},"image":{"@id":"https:\/\/lightweb.dev\/l\/svm-temp\/nyheter\/efterlyst-31-arig-svensk-gripen-i-torrevieja-for-penningtvatt\/#primaryimage"},"thumbnailUrl":"https:\/\/lightweb.dev\/l\/svm-temp\/wp-content\/uploads\/2022\/05\/efterlyst-31arig-svensk-gripen-i-torrevieja-for-penningtvatt-1.png","datePublished":"2022-05-16T13:44:00+00:00","breadcrumb":{"@id":"https:\/\/lightweb.dev\/l\/svm-temp\/nyheter\/efterlyst-31-arig-svensk-gripen-i-torrevieja-for-penningtvatt\/#breadcrumb"},"inLanguage":"sv-SE","potentialAction":[{"@type":"ReadAction","target":["https:\/\/lightweb.dev\/l\/svm-temp\/nyheter\/efterlyst-31-arig-svensk-gripen-i-torrevieja-for-penningtvatt\/"]}]},{"@type":"ImageObject","inLanguage":"sv-SE","@id":"https:\/\/lightweb.dev\/l\/svm-temp\/nyheter\/efterlyst-31-arig-svensk-gripen-i-torrevieja-for-penningtvatt\/#primaryimage","url":"https:\/\/lightweb.dev\/l\/svm-temp\/wp-content\/uploads\/2022\/05\/efterlyst-31arig-svensk-gripen-i-torrevieja-for-penningtvatt-1.png","contentUrl":"https:\/\/lightweb.dev\/l\/svm-temp\/wp-content\/uploads\/2022\/05\/efterlyst-31arig-svensk-gripen-i-torrevieja-for-penningtvatt-1.png","width":500,"height":301},{"@type":"BreadcrumbList","@id":"https:\/\/lightweb.dev\/l\/svm-temp\/nyheter\/efterlyst-31-arig-svensk-gripen-i-torrevieja-for-penningtvatt\/#breadcrumb","itemListElement":[{"@type":"ListItem","position":1,"name":"Hem","item":"https:\/\/lightweb.dev\/l\/svm-temp\/"},{"@type":"ListItem","position":2,"name":"Efterlyst 31-\u00e5rig svensk gripen i Torrevieja f\u00f6r penningtv\u00e4tt"}]},{"@type":"WebSite","@id":"https:\/\/lightweb.dev\/l\/svm-temp\/#website","url":"https:\/\/lightweb.dev\/l\/svm-temp\/","name":"Svenska Magasinet","description":"Dina Spanska nyheter p&aring; Svenska","publisher":{"@id":"https:\/\/lightweb.dev\/l\/svm-temp\/#organization"},"potentialAction":[{"@type":"SearchAction","target":{"@type":"EntryPoint","urlTemplate":"https:\/\/lightweb.dev\/l\/svm-temp\/?s={search_term_string}"},"query-input":{"@type":"PropertyValueSpecification","valueRequired":true,"valueName":"search_term_string"}}],"inLanguage":"sv-SE"},{"@type":"Organization","@id":"https:\/\/lightweb.dev\/l\/svm-temp\/#organization","name":"Melkerson y Nott SL","alternateName":"Svenska Magasinet","url":"https:\/\/lightweb.dev\/l\/svm-temp\/","logo":{"@type":"ImageObject","inLanguage":"sv-SE","@id":"https:\/\/lightweb.dev\/l\/svm-temp\/#\/schema\/logo\/image\/","url":"https:\/\/lightweb.dev\/l\/svm-temp\/wp-content\/uploads\/2025\/02\/SvM-logo-Xtra-Centrerad-SVART.png","contentUrl":"https:\/\/lightweb.dev\/l\/svm-temp\/wp-content\/uploads\/2025\/02\/SvM-logo-Xtra-Centrerad-SVART.png","width":300,"height":99,"caption":"Melkerson y Nott SL"},"image":{"@id":"https:\/\/lightweb.dev\/l\/svm-temp\/#\/schema\/logo\/image\/"},"sameAs":["https:\/\/www.facebook.com\/svenskamagasinet","https:\/\/x.com\/SvenskaMagasine"]},{"@type":"Person","@id":"https:\/\/lightweb.dev\/l\/svm-temp\/#\/schema\/person\/206a3bda5b607b0c25e1749191e4d837","name":"Redaktionen SvM","description":"Redaktionen","sameAs":["https:\/\/lightweb.dev\/l\/svm-temp"],"url":"https:\/\/lightweb.dev\/l\/svm-temp\/reporter\/redaktionen\/"}]}},"_links":{"self":[{"href":"https:\/\/lightweb.dev\/l\/svm-temp\/wp-json\/wp\/v2\/posts\/9466","targetHints":{"allow":["GET"]}}],"collection":[{"href":"https:\/\/lightweb.dev\/l\/svm-temp\/wp-json\/wp\/v2\/posts"}],"about":[{"href":"https:\/\/lightweb.dev\/l\/svm-temp\/wp-json\/wp\/v2\/types\/post"}],"author":[{"embeddable":true,"href":"https:\/\/lightweb.dev\/l\/svm-temp\/wp-json\/wp\/v2\/users\/8"}],"replies":[{"embeddable":true,"href":"https:\/\/lightweb.dev\/l\/svm-temp\/wp-json\/wp\/v2\/comments?post=9466"}],"version-history":[{"count":0,"href":"https:\/\/lightweb.dev\/l\/svm-temp\/wp-json\/wp\/v2\/posts\/9466\/revisions"}],"wp:featuredmedia":[{"embeddable":true,"href":"https:\/\/lightweb.dev\/l\/svm-temp\/wp-json\/wp\/v2\/media\/9467"}],"wp:attachment":[{"href":"https:\/\/lightweb.dev\/l\/svm-temp\/wp-json\/wp\/v2\/media?parent=9466"}],"wp:term":[{"taxonomy":"category","embeddable":true,"href":"https:\/\/lightweb.dev\/l\/svm-temp\/wp-json\/wp\/v2\/categories?post=9466"},{"taxonomy":"post_tag","embeddable":true,"href":"https:\/\/lightweb.dev\/l\/svm-temp\/wp-json\/wp\/v2\/tags?post=9466"}],"curies":[{"name":"wp","href":"https:\/\/api.w.org\/{rel}","templated":true}]}}